{"id":14404,"date":"2023-02-15T16:35:36","date_gmt":"2023-02-15T16:35:36","guid":{"rendered":"https:\/\/www.cargo-montreal.ca\/?p=14404"},"modified":"2023-02-23T20:57:13","modified_gmt":"2023-02-23T20:57:13","slug":"sondage-pour-lelaboration-du-nouveau-plan-strategique-de-cargom","status":"publish","type":"post","link":"https:\/\/www.cargo-montreal.ca\/fr\/sondage-pour-lelaboration-du-nouveau-plan-strategique-de-cargom\/","title":{"rendered":"Sondage pour l\u2019\u00e9laboration du nouveau plan strat\u00e9gique de CargoM"},"content":{"rendered":"<p align=\"justify\">CargoM, avec l\u2019aide du consultant\u00a0<a href=\"https:\/\/cpcs.ca\/fr\/\" target=\"_blank\" rel=\"noopener\" data-hs-link-id=\"0\">CPCS<\/a>, travaille actuellement \u00e0 la mise en \u0153uvre\u00a0de son prochain plan strat\u00e9gique 2023-25.<\/p>\r\n<p align=\"justify\">Il est tr\u00e8s important pour nous d&rsquo;obtenir la vision de votre secteur en nous aidant \u00e0 bien cibler les orientations, les grands enjeux, les tendances et les opportunit\u00e9s \u00e0 ne pas manquer par la Grappe. <strong>Vous avez jusqu\u2019au 28 f\u00e9vrier 2023<\/strong>\u00a0pour nous faire part de vos r\u00e9flexions et \u00e9mettre vos commentaires.<\/p>\r\n<p align=\"justify\">Merci de prendre quelques minutes de votre temps pour\u00a0<a href=\"https:\/\/fr.surveymonkey.com\/r\/FVVSJ72\">remplir le questionnaire<\/a>.<\/p>\r\nPour d\u2019autres commentaires ou suggestions, vous pouvez \u00e9galement contacter directement\u00a0<a href=\"mailto:nparent@cpcs.ca\" target=\"_blank\" rel=\"noopener\" data-hs-link-id=\"0\">M. Nicolas Parent<\/a>.","protected":false},"excerpt":{"rendered":"CargoM, avec l\u2019aide du consultant\u00a0CPCS, travaille actuellement \u00e0 la mise en \u0153uvre\u00a0de son prochain plan strat\u00e9gique 2023-25. Il est tr\u00e8s important pour nous d&rsquo;obtenir la vision de votre secteur en nous aidant \u00e0 bien cibler les orientations, les grands enjeux, les tendances et les opportunit\u00e9s \u00e0 ne pas manquer par la Grappe. Vous avez jusqu\u2019au [&hellip;]","protected":false},"author":39,"featured_media":14383,"comment_status":"closed","ping_status":"closed","sticky":false,"template":"","format":"standard","meta":{"_acf_changed":false,"footnotes":""},"categories":[20],"tags":[],"class_list":["post-14404","post","type-post","status-publish","format-standard","has-post-thumbnail","hentry","category-services-logistiques"],"acf":[],"yoast_head":"<!-- This site is optimized with the Yoast SEO plugin v27.3 - https:\/\/yoast.com\/product\/yoast-seo-wordpress\/ -->\n<title>Sondage pour l\u2019\u00e9laboration du nouveau plan strat\u00e9gique de CargoM - CargoM<\/title>\n<meta name=\"robots\" content=\"index, follow, max-snippet:-1, max-image-preview:large, max-video-preview:-1\" \/>\n<link rel=\"canonical\" href=\"https:\/\/www.cargo-montreal.ca\/fr\/sondage-pour-lelaboration-du-nouveau-plan-strategique-de-cargom\/\" \/>\n<meta property=\"og:locale\" content=\"fr_FR\" \/>\n<meta property=\"og:type\" content=\"article\" \/>\n<meta property=\"og:title\" content=\"Sondage pour l\u2019\u00e9laboration du nouveau plan strat\u00e9gique de CargoM - CargoM\" \/>\n<meta property=\"og:description\" content=\"CargoM, avec l\u2019aide du consultant\u00a0CPCS, travaille actuellement \u00e0 la mise en \u0153uvre\u00a0de son prochain plan strat\u00e9gique 2023-25. Il est tr\u00e8s important pour nous d&rsquo;obtenir la vision de votre secteur en nous aidant \u00e0 bien cibler les orientations, les grands enjeux, les tendances et les opportunit\u00e9s \u00e0 ne pas manquer par la Grappe. Vous avez jusqu\u2019au [&hellip;]\" \/>\n<meta property=\"og:url\" content=\"https:\/\/www.cargo-montreal.ca\/fr\/sondage-pour-lelaboration-du-nouveau-plan-strategique-de-cargom\/\" \/>\n<meta property=\"og:site_name\" content=\"CargoM\" \/>\n<meta property=\"article:published_time\" content=\"2023-02-15T16:35:36+00:00\" \/>\n<meta property=\"article:modified_time\" content=\"2023-02-23T20:57:13+00:00\" \/>\n<meta property=\"og:image\" content=\"https:\/\/www.cargo-montreal.ca\/wp-content\/uploads\/2023\/02\/iStock-1147449046-2-scaled.jpg\" \/>\n\t<meta property=\"og:image:width\" content=\"2560\" \/>\n\t<meta property=\"og:image:height\" content=\"1709\" \/>\n\t<meta property=\"og:image:type\" content=\"image\/jpeg\" \/>\n<meta name=\"author\" content=\"Karine Dudognon\" \/>\n<meta name=\"twitter:card\" content=\"summary_large_image\" \/>\n<meta name=\"twitter:label1\" content=\"\u00c9crit par\" \/>\n\t<meta name=\"twitter:data1\" content=\"Karine Dudognon\" \/>\n\t<meta name=\"twitter:label2\" content=\"Dur\u00e9e de lecture estim\u00e9e\" \/>\n\t<meta name=\"twitter:data2\" content=\"1 minute\" \/>\n<script type=\"application\/ld+json\" class=\"yoast-schema-graph\">{\"@context\":\"https:\\\/\\\/schema.org\",\"@graph\":[{\"@type\":\"Article\",\"@id\":\"https:\\\/\\\/www.cargo-montreal.ca\\\/fr\\\/sondage-pour-lelaboration-du-nouveau-plan-strategique-de-cargom\\\/#article\",\"isPartOf\":{\"@id\":\"https:\\\/\\\/www.cargo-montreal.ca\\\/fr\\\/sondage-pour-lelaboration-du-nouveau-plan-strategique-de-cargom\\\/\"},\"author\":{\"name\":\"Karine Dudognon\",\"@id\":\"https:\\\/\\\/www.cargo-montreal.ca\\\/fr\\\/#\\\/schema\\\/person\\\/80476d173ce654813db9fd1533901365\"},\"headline\":\"Sondage pour l\u2019\u00e9laboration du nouveau plan strat\u00e9gique de CargoM\",\"datePublished\":\"2023-02-15T16:35:36+00:00\",\"dateModified\":\"2023-02-23T20:57:13+00:00\",\"mainEntityOfPage\":{\"@id\":\"https:\\\/\\\/www.cargo-montreal.ca\\\/fr\\\/sondage-pour-lelaboration-du-nouveau-plan-strategique-de-cargom\\\/\"},\"wordCount\":111,\"image\":{\"@id\":\"https:\\\/\\\/www.cargo-montreal.ca\\\/fr\\\/sondage-pour-lelaboration-du-nouveau-plan-strategique-de-cargom\\\/#primaryimage\"},\"thumbnailUrl\":\"https:\\\/\\\/www.cargo-montreal.ca\\\/wp-content\\\/uploads\\\/2023\\\/02\\\/iStock-1147449046-2-scaled.jpg\",\"articleSection\":[\"Services logistiques\"],\"inLanguage\":\"fr-FR\"},{\"@type\":\"WebPage\",\"@id\":\"https:\\\/\\\/www.cargo-montreal.ca\\\/fr\\\/sondage-pour-lelaboration-du-nouveau-plan-strategique-de-cargom\\\/\",\"url\":\"https:\\\/\\\/www.cargo-montreal.ca\\\/fr\\\/sondage-pour-lelaboration-du-nouveau-plan-strategique-de-cargom\\\/\",\"name\":\"Sondage pour l\u2019\u00e9laboration du nouveau plan strat\u00e9gique de CargoM - CargoM\",\"isPartOf\":{\"@id\":\"https:\\\/\\\/www.cargo-montreal.ca\\\/fr\\\/#website\"},\"primaryImageOfPage\":{\"@id\":\"https:\\\/\\\/www.cargo-montreal.ca\\\/fr\\\/sondage-pour-lelaboration-du-nouveau-plan-strategique-de-cargom\\\/#primaryimage\"},\"image\":{\"@id\":\"https:\\\/\\\/www.cargo-montreal.ca\\\/fr\\\/sondage-pour-lelaboration-du-nouveau-plan-strategique-de-cargom\\\/#primaryimage\"},\"thumbnailUrl\":\"https:\\\/\\\/www.cargo-montreal.ca\\\/wp-content\\\/uploads\\\/2023\\\/02\\\/iStock-1147449046-2-scaled.jpg\",\"datePublished\":\"2023-02-15T16:35:36+00:00\",\"dateModified\":\"2023-02-23T20:57:13+00:00\",\"author\":{\"@id\":\"https:\\\/\\\/www.cargo-montreal.ca\\\/fr\\\/#\\\/schema\\\/person\\\/80476d173ce654813db9fd1533901365\"},\"breadcrumb\":{\"@id\":\"https:\\\/\\\/www.cargo-montreal.ca\\\/fr\\\/sondage-pour-lelaboration-du-nouveau-plan-strategique-de-cargom\\\/#breadcrumb\"},\"inLanguage\":\"fr-FR\",\"potentialAction\":[{\"@type\":\"ReadAction\",\"target\":[\"https:\\\/\\\/www.cargo-montreal.ca\\\/fr\\\/sondage-pour-lelaboration-du-nouveau-plan-strategique-de-cargom\\\/\"]}]},{\"@type\":\"ImageObject\",\"inLanguage\":\"fr-FR\",\"@id\":\"https:\\\/\\\/www.cargo-montreal.ca\\\/fr\\\/sondage-pour-lelaboration-du-nouveau-plan-strategique-de-cargom\\\/#primaryimage\",\"url\":\"https:\\\/\\\/www.cargo-montreal.ca\\\/wp-content\\\/uploads\\\/2023\\\/02\\\/iStock-1147449046-2-scaled.jpg\",\"contentUrl\":\"https:\\\/\\\/www.cargo-montreal.ca\\\/wp-content\\\/uploads\\\/2023\\\/02\\\/iStock-1147449046-2-scaled.jpg\",\"width\":2560,\"height\":1709,\"caption\":\"Connecting last jigsaw puzzle piece.\"},{\"@type\":\"BreadcrumbList\",\"@id\":\"https:\\\/\\\/www.cargo-montreal.ca\\\/fr\\\/sondage-pour-lelaboration-du-nouveau-plan-strategique-de-cargom\\\/#breadcrumb\",\"itemListElement\":[{\"@type\":\"ListItem\",\"position\":1,\"name\":\"Home\",\"item\":\"https:\\\/\\\/www.cargo-montreal.ca\\\/fr\\\/\"},{\"@type\":\"ListItem\",\"position\":2,\"name\":\"Sondage pour l\u2019\u00e9laboration du nouveau plan strat\u00e9gique de CargoM\"}]},{\"@type\":\"WebSite\",\"@id\":\"https:\\\/\\\/www.cargo-montreal.ca\\\/fr\\\/#website\",\"url\":\"https:\\\/\\\/www.cargo-montreal.ca\\\/fr\\\/\",\"name\":\"CargoM\",\"description\":\"La mission de CargoM: Rassembler les acteurs de la logistique &amp; du transport de marchandises du Grand Montr\u00e9al autour d&#039;objectifs communs, d&#039;actions concert\u00e9es\",\"potentialAction\":[{\"@type\":\"SearchAction\",\"target\":{\"@type\":\"EntryPoint\",\"urlTemplate\":\"https:\\\/\\\/www.cargo-montreal.ca\\\/fr\\\/?s={search_term_string}\"},\"query-input\":{\"@type\":\"PropertyValueSpecification\",\"valueRequired\":true,\"valueName\":\"search_term_string\"}}],\"inLanguage\":\"fr-FR\"},{\"@type\":\"Person\",\"@id\":\"https:\\\/\\\/www.cargo-montreal.ca\\\/fr\\\/#\\\/schema\\\/person\\\/80476d173ce654813db9fd1533901365\",\"name\":\"Karine Dudognon\",\"image\":{\"@type\":\"ImageObject\",\"inLanguage\":\"fr-FR\",\"@id\":\"https:\\\/\\\/secure.gravatar.com\\\/avatar\\\/673bdfb703a9b6685a88bc7dfb04a9ea2b48b30e9d1663a5e759a4e9bfa3e2c0?s=96&d=mm&r=g\",\"url\":\"https:\\\/\\\/secure.gravatar.com\\\/avatar\\\/673bdfb703a9b6685a88bc7dfb04a9ea2b48b30e9d1663a5e759a4e9bfa3e2c0?s=96&d=mm&r=g\",\"contentUrl\":\"https:\\\/\\\/secure.gravatar.com\\\/avatar\\\/673bdfb703a9b6685a88bc7dfb04a9ea2b48b30e9d1663a5e759a4e9bfa3e2c0?s=96&d=mm&r=g\",\"caption\":\"Karine Dudognon\"},\"url\":\"https:\\\/\\\/www.cargo-montreal.ca\\\/fr\\\/author\\\/karine\\\/\"}]}<\/script>\n<!-- \/ Yoast SEO plugin. -->","yoast_head_json":{"title":"Sondage pour l\u2019\u00e9laboration du nouveau plan strat\u00e9gique de CargoM - CargoM","robots":{"index":"index","follow":"follow","max-snippet":"max-snippet:-1","max-image-preview":"max-image-preview:large","max-video-preview":"max-video-preview:-1"},"canonical":"https:\/\/www.cargo-montreal.ca\/fr\/sondage-pour-lelaboration-du-nouveau-plan-strategique-de-cargom\/","og_locale":"fr_FR","og_type":"article","og_title":"Sondage pour l\u2019\u00e9laboration du nouveau plan strat\u00e9gique de CargoM - CargoM","og_description":"CargoM, avec l\u2019aide du consultant\u00a0CPCS, travaille actuellement \u00e0 la mise en \u0153uvre\u00a0de son prochain plan strat\u00e9gique 2023-25. Il est tr\u00e8s important pour nous d&rsquo;obtenir la vision de votre secteur en nous aidant \u00e0 bien cibler les orientations, les grands enjeux, les tendances et les opportunit\u00e9s \u00e0 ne pas manquer par la Grappe. Vous avez jusqu\u2019au [&hellip;]","og_url":"https:\/\/www.cargo-montreal.ca\/fr\/sondage-pour-lelaboration-du-nouveau-plan-strategique-de-cargom\/","og_site_name":"CargoM","article_published_time":"2023-02-15T16:35:36+00:00","article_modified_time":"2023-02-23T20:57:13+00:00","og_image":[{"width":2560,"height":1709,"url":"https:\/\/www.cargo-montreal.ca\/wp-content\/uploads\/2023\/02\/iStock-1147449046-2-scaled.jpg","type":"image\/jpeg"}],"author":"Karine Dudognon","twitter_card":"summary_large_image","twitter_misc":{"\u00c9crit par":"Karine Dudognon","Dur\u00e9e de lecture estim\u00e9e":"1 minute"},"schema":{"@context":"https:\/\/schema.org","@graph":[{"@type":"Article","@id":"https:\/\/www.cargo-montreal.ca\/fr\/sondage-pour-lelaboration-du-nouveau-plan-strategique-de-cargom\/#article","isPartOf":{"@id":"https:\/\/www.cargo-montreal.ca\/fr\/sondage-pour-lelaboration-du-nouveau-plan-strategique-de-cargom\/"},"author":{"name":"Karine Dudognon","@id":"https:\/\/www.cargo-montreal.ca\/fr\/#\/schema\/person\/80476d173ce654813db9fd1533901365"},"headline":"Sondage pour l\u2019\u00e9laboration du nouveau plan strat\u00e9gique de CargoM","datePublished":"2023-02-15T16:35:36+00:00","dateModified":"2023-02-23T20:57:13+00:00","mainEntityOfPage":{"@id":"https:\/\/www.cargo-montreal.ca\/fr\/sondage-pour-lelaboration-du-nouveau-plan-strategique-de-cargom\/"},"wordCount":111,"image":{"@id":"https:\/\/www.cargo-montreal.ca\/fr\/sondage-pour-lelaboration-du-nouveau-plan-strategique-de-cargom\/#primaryimage"},"thumbnailUrl":"https:\/\/www.cargo-montreal.ca\/wp-content\/uploads\/2023\/02\/iStock-1147449046-2-scaled.jpg","articleSection":["Services logistiques"],"inLanguage":"fr-FR"},{"@type":"WebPage","@id":"https:\/\/www.cargo-montreal.ca\/fr\/sondage-pour-lelaboration-du-nouveau-plan-strategique-de-cargom\/","url":"https:\/\/www.cargo-montreal.ca\/fr\/sondage-pour-lelaboration-du-nouveau-plan-strategique-de-cargom\/","name":"Sondage pour l\u2019\u00e9laboration du nouveau plan strat\u00e9gique de CargoM - CargoM","isPartOf":{"@id":"https:\/\/www.cargo-montreal.ca\/fr\/#website"},"primaryImageOfPage":{"@id":"https:\/\/www.cargo-montreal.ca\/fr\/sondage-pour-lelaboration-du-nouveau-plan-strategique-de-cargom\/#primaryimage"},"image":{"@id":"https:\/\/www.cargo-montreal.ca\/fr\/sondage-pour-lelaboration-du-nouveau-plan-strategique-de-cargom\/#primaryimage"},"thumbnailUrl":"https:\/\/www.cargo-montreal.ca\/wp-content\/uploads\/2023\/02\/iStock-1147449046-2-scaled.jpg","datePublished":"2023-02-15T16:35:36+00:00","dateModified":"2023-02-23T20:57:13+00:00","author":{"@id":"https:\/\/www.cargo-montreal.ca\/fr\/#\/schema\/person\/80476d173ce654813db9fd1533901365"},"breadcrumb":{"@id":"https:\/\/www.cargo-montreal.ca\/fr\/sondage-pour-lelaboration-du-nouveau-plan-strategique-de-cargom\/#breadcrumb"},"inLanguage":"fr-FR","potentialAction":[{"@type":"ReadAction","target":["https:\/\/www.cargo-montreal.ca\/fr\/sondage-pour-lelaboration-du-nouveau-plan-strategique-de-cargom\/"]}]},{"@type":"ImageObject","inLanguage":"fr-FR","@id":"https:\/\/www.cargo-montreal.ca\/fr\/sondage-pour-lelaboration-du-nouveau-plan-strategique-de-cargom\/#primaryimage","url":"https:\/\/www.cargo-montreal.ca\/wp-content\/uploads\/2023\/02\/iStock-1147449046-2-scaled.jpg","contentUrl":"https:\/\/www.cargo-montreal.ca\/wp-content\/uploads\/2023\/02\/iStock-1147449046-2-scaled.jpg","width":2560,"height":1709,"caption":"Connecting last jigsaw puzzle piece."},{"@type":"BreadcrumbList","@id":"https:\/\/www.cargo-montreal.ca\/fr\/sondage-pour-lelaboration-du-nouveau-plan-strategique-de-cargom\/#breadcrumb","itemListElement":[{"@type":"ListItem","position":1,"name":"Home","item":"https:\/\/www.cargo-montreal.ca\/fr\/"},{"@type":"ListItem","position":2,"name":"Sondage pour l\u2019\u00e9laboration du nouveau plan strat\u00e9gique de CargoM"}]},{"@type":"WebSite","@id":"https:\/\/www.cargo-montreal.ca\/fr\/#website","url":"https:\/\/www.cargo-montreal.ca\/fr\/","name":"CargoM","description":"La mission de CargoM: Rassembler les acteurs de la logistique &amp; du transport de marchandises du Grand Montr\u00e9al autour d&#039;objectifs communs, d&#039;actions concert\u00e9es","potentialAction":[{"@type":"SearchAction","target":{"@type":"EntryPoint","urlTemplate":"https:\/\/www.cargo-montreal.ca\/fr\/?s={search_term_string}"},"query-input":{"@type":"PropertyValueSpecification","valueRequired":true,"valueName":"search_term_string"}}],"inLanguage":"fr-FR"},{"@type":"Person","@id":"https:\/\/www.cargo-montreal.ca\/fr\/#\/schema\/person\/80476d173ce654813db9fd1533901365","name":"Karine Dudognon","image":{"@type":"ImageObject","inLanguage":"fr-FR","@id":"https:\/\/secure.gravatar.com\/avatar\/673bdfb703a9b6685a88bc7dfb04a9ea2b48b30e9d1663a5e759a4e9bfa3e2c0?s=96&d=mm&r=g","url":"https:\/\/secure.gravatar.com\/avatar\/673bdfb703a9b6685a88bc7dfb04a9ea2b48b30e9d1663a5e759a4e9bfa3e2c0?s=96&d=mm&r=g","contentUrl":"https:\/\/secure.gravatar.com\/avatar\/673bdfb703a9b6685a88bc7dfb04a9ea2b48b30e9d1663a5e759a4e9bfa3e2c0?s=96&d=mm&r=g","caption":"Karine Dudognon"},"url":"https:\/\/www.cargo-montreal.ca\/fr\/author\/karine\/"}]}},"_links":{"self":[{"href":"https:\/\/www.cargo-montreal.ca\/fr\/wp-json\/wp\/v2\/posts\/14404","targetHints":{"allow":["GET"]}}],"collection":[{"href":"https:\/\/www.cargo-montreal.ca\/fr\/wp-json\/wp\/v2\/posts"}],"about":[{"href":"https:\/\/www.cargo-montreal.ca\/fr\/wp-json\/wp\/v2\/types\/post"}],"author":[{"embeddable":true,"href":"https:\/\/www.cargo-montreal.ca\/fr\/wp-json\/wp\/v2\/users\/39"}],"replies":[{"embeddable":true,"href":"https:\/\/www.cargo-montreal.ca\/fr\/wp-json\/wp\/v2\/comments?post=14404"}],"version-history":[{"count":5,"href":"https:\/\/www.cargo-montreal.ca\/fr\/wp-json\/wp\/v2\/posts\/14404\/revisions"}],"predecessor-version":[{"id":14470,"href":"https:\/\/www.cargo-montreal.ca\/fr\/wp-json\/wp\/v2\/posts\/14404\/revisions\/14470"}],"wp:featuredmedia":[{"embeddable":true,"href":"https:\/\/www.cargo-montreal.ca\/fr\/wp-json\/wp\/v2\/media\/14383"}],"wp:attachment":[{"href":"https:\/\/www.cargo-montreal.ca\/fr\/wp-json\/wp\/v2\/media?parent=14404"}],"wp:term":[{"taxonomy":"category","embeddable":true,"href":"https:\/\/www.cargo-montreal.ca\/fr\/wp-json\/wp\/v2\/categories?post=14404"},{"taxonomy":"post_tag","embeddable":true,"href":"https:\/\/www.cargo-montreal.ca\/fr\/wp-json\/wp\/v2\/tags?post=14404"}],"curies":[{"name":"wp","href":"https:\/\/api.w.org\/{rel}","templated":true}]}}