{"id":14408,"date":"2023-02-15T16:36:13","date_gmt":"2023-02-15T16:36:13","guid":{"rendered":"https:\/\/www.cargo-montreal.ca\/?p=14408"},"modified":"2023-02-15T16:36:49","modified_gmt":"2023-02-15T16:36:49","slug":"webinaire-de-cargom-sur-lintelligence-artificielle","status":"publish","type":"post","link":"https:\/\/www.cargo-montreal.ca\/fr\/webinaire-de-cargom-sur-lintelligence-artificielle\/","title":{"rendered":"Webinaire de CargoM sur l\u2019intelligence artificielle"},"content":{"rendered":"<p align=\"justify\">CargoM est heureuse d\u2019organiser, en collaboration avec\u00a0<a href=\"https:\/\/ivadolabs.com\/fr\/\" target=\"_blank\" rel=\"noopener\" data-hs-link-id=\"0\">IVADO Labs<\/a>\u00a0et\u00a0<a href=\"https:\/\/www.scaleai.ca\/\" target=\"_blank\" rel=\"noopener\" data-hs-link-id=\"0\">SCALE AI<\/a>, un webinaire sur l\u2019intelligence artificielle en logistique et transport de marchandises. Venez d\u00e9couvrir comment l\u2019IA peut transformer les op\u00e9rations de notre secteur et comment il est possible de financer ce type de projets. Plus de d\u00e9tails suivront.<\/p>\r\nDate\u00a0: 20 mars 2023\r\nWebinaire gratuit\r\n<a href=\"https:\/\/docs.google.com\/forms\/d\/e\/1FAIpQLSdDJRctDmvDfniY2JzwPHfQLuLPk7nJG3sSWSXQNP39qrVbAQ\/viewform?vc=0&amp;c=0&amp;w=1&amp;flr=0\" target=\"_blank\" rel=\"noopener\" data-hs-link-id=\"1\">Pour vous inscrire<\/a>.","protected":false},"excerpt":{"rendered":"CargoM est heureuse d\u2019organiser, en collaboration avec\u00a0IVADO Labs\u00a0et\u00a0SCALE AI, un webinaire sur l\u2019intelligence artificielle en logistique et transport de marchandises. Venez d\u00e9couvrir comment l\u2019IA peut transformer les op\u00e9rations de notre secteur et comment il est possible de financer ce type de projets. Plus de d\u00e9tails suivront. Date\u00a0: 20 mars 2023 Webinaire gratuit Pour vous inscrire.","protected":false},"author":39,"featured_media":14369,"comment_status":"closed","ping_status":"closed","sticky":false,"template":"","format":"standard","meta":{"_acf_changed":false,"footnotes":""},"categories":[20],"tags":[],"class_list":["post-14408","post","type-post","status-publish","format-standard","has-post-thumbnail","hentry","category-services-logistiques"],"acf":[],"yoast_head":"<!-- This site is optimized with the Yoast SEO plugin v27.3 - https:\/\/yoast.com\/product\/yoast-seo-wordpress\/ -->\n<title>Webinaire de CargoM sur l\u2019intelligence artificielle - CargoM<\/title>\n<meta name=\"robots\" content=\"index, follow, max-snippet:-1, max-image-preview:large, max-video-preview:-1\" \/>\n<link rel=\"canonical\" href=\"https:\/\/www.cargo-montreal.ca\/fr\/webinaire-de-cargom-sur-lintelligence-artificielle\/\" \/>\n<meta property=\"og:locale\" content=\"fr_FR\" \/>\n<meta property=\"og:type\" content=\"article\" \/>\n<meta property=\"og:title\" content=\"Webinaire de CargoM sur l\u2019intelligence artificielle - CargoM\" \/>\n<meta property=\"og:description\" content=\"CargoM est heureuse d\u2019organiser, en collaboration avec\u00a0IVADO Labs\u00a0et\u00a0SCALE AI, un webinaire sur l\u2019intelligence artificielle en logistique et transport de marchandises. Venez d\u00e9couvrir comment l\u2019IA peut transformer les op\u00e9rations de notre secteur et comment il est possible de financer ce type de projets. Plus de d\u00e9tails suivront. Date\u00a0: 20 mars 2023 Webinaire gratuit Pour vous inscrire.\" \/>\n<meta property=\"og:url\" content=\"https:\/\/www.cargo-montreal.ca\/fr\/webinaire-de-cargom-sur-lintelligence-artificielle\/\" \/>\n<meta property=\"og:site_name\" content=\"CargoM\" \/>\n<meta property=\"article:published_time\" content=\"2023-02-15T16:36:13+00:00\" \/>\n<meta property=\"article:modified_time\" content=\"2023-02-15T16:36:49+00:00\" \/>\n<meta property=\"og:image\" content=\"https:\/\/www.cargo-montreal.ca\/wp-content\/uploads\/2023\/02\/CARGOM-PUB-WEBINAIRE_IntelligenceArtificielle_20mars-1.jpg\" \/>\n\t<meta property=\"og:image:width\" content=\"2400\" \/>\n\t<meta property=\"og:image:height\" content=\"1256\" \/>\n\t<meta property=\"og:image:type\" content=\"image\/jpeg\" \/>\n<meta name=\"author\" content=\"Karine Dudognon\" \/>\n<meta name=\"twitter:card\" content=\"summary_large_image\" \/>\n<meta name=\"twitter:label1\" content=\"\u00c9crit par\" \/>\n\t<meta name=\"twitter:data1\" content=\"Karine Dudognon\" \/>\n\t<meta name=\"twitter:label2\" content=\"Dur\u00e9e de lecture estim\u00e9e\" \/>\n\t<meta name=\"twitter:data2\" content=\"1 minute\" \/>\n<script type=\"application\/ld+json\" class=\"yoast-schema-graph\">{\"@context\":\"https:\\\/\\\/schema.org\",\"@graph\":[{\"@type\":\"Article\",\"@id\":\"https:\\\/\\\/www.cargo-montreal.ca\\\/fr\\\/webinaire-de-cargom-sur-lintelligence-artificielle\\\/#article\",\"isPartOf\":{\"@id\":\"https:\\\/\\\/www.cargo-montreal.ca\\\/fr\\\/webinaire-de-cargom-sur-lintelligence-artificielle\\\/\"},\"author\":{\"name\":\"Karine Dudognon\",\"@id\":\"https:\\\/\\\/www.cargo-montreal.ca\\\/fr\\\/#\\\/schema\\\/person\\\/80476d173ce654813db9fd1533901365\"},\"headline\":\"Webinaire de CargoM sur l\u2019intelligence artificielle\",\"datePublished\":\"2023-02-15T16:36:13+00:00\",\"dateModified\":\"2023-02-15T16:36:49+00:00\",\"mainEntityOfPage\":{\"@id\":\"https:\\\/\\\/www.cargo-montreal.ca\\\/fr\\\/webinaire-de-cargom-sur-lintelligence-artificielle\\\/\"},\"wordCount\":69,\"image\":{\"@id\":\"https:\\\/\\\/www.cargo-montreal.ca\\\/fr\\\/webinaire-de-cargom-sur-lintelligence-artificielle\\\/#primaryimage\"},\"thumbnailUrl\":\"https:\\\/\\\/www.cargo-montreal.ca\\\/wp-content\\\/uploads\\\/2023\\\/02\\\/CARGOM-PUB-WEBINAIRE_IntelligenceArtificielle_20mars-1.jpg\",\"articleSection\":[\"Services logistiques\"],\"inLanguage\":\"fr-FR\"},{\"@type\":\"WebPage\",\"@id\":\"https:\\\/\\\/www.cargo-montreal.ca\\\/fr\\\/webinaire-de-cargom-sur-lintelligence-artificielle\\\/\",\"url\":\"https:\\\/\\\/www.cargo-montreal.ca\\\/fr\\\/webinaire-de-cargom-sur-lintelligence-artificielle\\\/\",\"name\":\"Webinaire de CargoM sur l\u2019intelligence artificielle - CargoM\",\"isPartOf\":{\"@id\":\"https:\\\/\\\/www.cargo-montreal.ca\\\/fr\\\/#website\"},\"primaryImageOfPage\":{\"@id\":\"https:\\\/\\\/www.cargo-montreal.ca\\\/fr\\\/webinaire-de-cargom-sur-lintelligence-artificielle\\\/#primaryimage\"},\"image\":{\"@id\":\"https:\\\/\\\/www.cargo-montreal.ca\\\/fr\\\/webinaire-de-cargom-sur-lintelligence-artificielle\\\/#primaryimage\"},\"thumbnailUrl\":\"https:\\\/\\\/www.cargo-montreal.ca\\\/wp-content\\\/uploads\\\/2023\\\/02\\\/CARGOM-PUB-WEBINAIRE_IntelligenceArtificielle_20mars-1.jpg\",\"datePublished\":\"2023-02-15T16:36:13+00:00\",\"dateModified\":\"2023-02-15T16:36:49+00:00\",\"author\":{\"@id\":\"https:\\\/\\\/www.cargo-montreal.ca\\\/fr\\\/#\\\/schema\\\/person\\\/80476d173ce654813db9fd1533901365\"},\"breadcrumb\":{\"@id\":\"https:\\\/\\\/www.cargo-montreal.ca\\\/fr\\\/webinaire-de-cargom-sur-lintelligence-artificielle\\\/#breadcrumb\"},\"inLanguage\":\"fr-FR\",\"potentialAction\":[{\"@type\":\"ReadAction\",\"target\":[\"https:\\\/\\\/www.cargo-montreal.ca\\\/fr\\\/webinaire-de-cargom-sur-lintelligence-artificielle\\\/\"]}]},{\"@type\":\"ImageObject\",\"inLanguage\":\"fr-FR\",\"@id\":\"https:\\\/\\\/www.cargo-montreal.ca\\\/fr\\\/webinaire-de-cargom-sur-lintelligence-artificielle\\\/#primaryimage\",\"url\":\"https:\\\/\\\/www.cargo-montreal.ca\\\/wp-content\\\/uploads\\\/2023\\\/02\\\/CARGOM-PUB-WEBINAIRE_IntelligenceArtificielle_20mars-1.jpg\",\"contentUrl\":\"https:\\\/\\\/www.cargo-montreal.ca\\\/wp-content\\\/uploads\\\/2023\\\/02\\\/CARGOM-PUB-WEBINAIRE_IntelligenceArtificielle_20mars-1.jpg\",\"width\":2400,\"height\":1256},{\"@type\":\"BreadcrumbList\",\"@id\":\"https:\\\/\\\/www.cargo-montreal.ca\\\/fr\\\/webinaire-de-cargom-sur-lintelligence-artificielle\\\/#breadcrumb\",\"itemListElement\":[{\"@type\":\"ListItem\",\"position\":1,\"name\":\"Home\",\"item\":\"https:\\\/\\\/www.cargo-montreal.ca\\\/fr\\\/\"},{\"@type\":\"ListItem\",\"position\":2,\"name\":\"Webinaire de CargoM sur l\u2019intelligence artificielle\"}]},{\"@type\":\"WebSite\",\"@id\":\"https:\\\/\\\/www.cargo-montreal.ca\\\/fr\\\/#website\",\"url\":\"https:\\\/\\\/www.cargo-montreal.ca\\\/fr\\\/\",\"name\":\"CargoM\",\"description\":\"La mission de CargoM: Rassembler les acteurs de la logistique &amp; du transport de marchandises du Grand Montr\u00e9al autour d&#039;objectifs communs, d&#039;actions concert\u00e9es\",\"potentialAction\":[{\"@type\":\"SearchAction\",\"target\":{\"@type\":\"EntryPoint\",\"urlTemplate\":\"https:\\\/\\\/www.cargo-montreal.ca\\\/fr\\\/?s={search_term_string}\"},\"query-input\":{\"@type\":\"PropertyValueSpecification\",\"valueRequired\":true,\"valueName\":\"search_term_string\"}}],\"inLanguage\":\"fr-FR\"},{\"@type\":\"Person\",\"@id\":\"https:\\\/\\\/www.cargo-montreal.ca\\\/fr\\\/#\\\/schema\\\/person\\\/80476d173ce654813db9fd1533901365\",\"name\":\"Karine Dudognon\",\"image\":{\"@type\":\"ImageObject\",\"inLanguage\":\"fr-FR\",\"@id\":\"https:\\\/\\\/secure.gravatar.com\\\/avatar\\\/673bdfb703a9b6685a88bc7dfb04a9ea2b48b30e9d1663a5e759a4e9bfa3e2c0?s=96&d=mm&r=g\",\"url\":\"https:\\\/\\\/secure.gravatar.com\\\/avatar\\\/673bdfb703a9b6685a88bc7dfb04a9ea2b48b30e9d1663a5e759a4e9bfa3e2c0?s=96&d=mm&r=g\",\"contentUrl\":\"https:\\\/\\\/secure.gravatar.com\\\/avatar\\\/673bdfb703a9b6685a88bc7dfb04a9ea2b48b30e9d1663a5e759a4e9bfa3e2c0?s=96&d=mm&r=g\",\"caption\":\"Karine Dudognon\"},\"url\":\"https:\\\/\\\/www.cargo-montreal.ca\\\/fr\\\/author\\\/karine\\\/\"}]}<\/script>\n<!-- \/ Yoast SEO plugin. -->","yoast_head_json":{"title":"Webinaire de CargoM sur l\u2019intelligence artificielle - CargoM","robots":{"index":"index","follow":"follow","max-snippet":"max-snippet:-1","max-image-preview":"max-image-preview:large","max-video-preview":"max-video-preview:-1"},"canonical":"https:\/\/www.cargo-montreal.ca\/fr\/webinaire-de-cargom-sur-lintelligence-artificielle\/","og_locale":"fr_FR","og_type":"article","og_title":"Webinaire de CargoM sur l\u2019intelligence artificielle - CargoM","og_description":"CargoM est heureuse d\u2019organiser, en collaboration avec\u00a0IVADO Labs\u00a0et\u00a0SCALE AI, un webinaire sur l\u2019intelligence artificielle en logistique et transport de marchandises. Venez d\u00e9couvrir comment l\u2019IA peut transformer les op\u00e9rations de notre secteur et comment il est possible de financer ce type de projets. Plus de d\u00e9tails suivront. Date\u00a0: 20 mars 2023 Webinaire gratuit Pour vous inscrire.","og_url":"https:\/\/www.cargo-montreal.ca\/fr\/webinaire-de-cargom-sur-lintelligence-artificielle\/","og_site_name":"CargoM","article_published_time":"2023-02-15T16:36:13+00:00","article_modified_time":"2023-02-15T16:36:49+00:00","og_image":[{"width":2400,"height":1256,"url":"https:\/\/www.cargo-montreal.ca\/wp-content\/uploads\/2023\/02\/CARGOM-PUB-WEBINAIRE_IntelligenceArtificielle_20mars-1.jpg","type":"image\/jpeg"}],"author":"Karine Dudognon","twitter_card":"summary_large_image","twitter_misc":{"\u00c9crit par":"Karine Dudognon","Dur\u00e9e de lecture estim\u00e9e":"1 minute"},"schema":{"@context":"https:\/\/schema.org","@graph":[{"@type":"Article","@id":"https:\/\/www.cargo-montreal.ca\/fr\/webinaire-de-cargom-sur-lintelligence-artificielle\/#article","isPartOf":{"@id":"https:\/\/www.cargo-montreal.ca\/fr\/webinaire-de-cargom-sur-lintelligence-artificielle\/"},"author":{"name":"Karine Dudognon","@id":"https:\/\/www.cargo-montreal.ca\/fr\/#\/schema\/person\/80476d173ce654813db9fd1533901365"},"headline":"Webinaire de CargoM sur l\u2019intelligence artificielle","datePublished":"2023-02-15T16:36:13+00:00","dateModified":"2023-02-15T16:36:49+00:00","mainEntityOfPage":{"@id":"https:\/\/www.cargo-montreal.ca\/fr\/webinaire-de-cargom-sur-lintelligence-artificielle\/"},"wordCount":69,"image":{"@id":"https:\/\/www.cargo-montreal.ca\/fr\/webinaire-de-cargom-sur-lintelligence-artificielle\/#primaryimage"},"thumbnailUrl":"https:\/\/www.cargo-montreal.ca\/wp-content\/uploads\/2023\/02\/CARGOM-PUB-WEBINAIRE_IntelligenceArtificielle_20mars-1.jpg","articleSection":["Services logistiques"],"inLanguage":"fr-FR"},{"@type":"WebPage","@id":"https:\/\/www.cargo-montreal.ca\/fr\/webinaire-de-cargom-sur-lintelligence-artificielle\/","url":"https:\/\/www.cargo-montreal.ca\/fr\/webinaire-de-cargom-sur-lintelligence-artificielle\/","name":"Webinaire de CargoM sur l\u2019intelligence artificielle - CargoM","isPartOf":{"@id":"https:\/\/www.cargo-montreal.ca\/fr\/#website"},"primaryImageOfPage":{"@id":"https:\/\/www.cargo-montreal.ca\/fr\/webinaire-de-cargom-sur-lintelligence-artificielle\/#primaryimage"},"image":{"@id":"https:\/\/www.cargo-montreal.ca\/fr\/webinaire-de-cargom-sur-lintelligence-artificielle\/#primaryimage"},"thumbnailUrl":"https:\/\/www.cargo-montreal.ca\/wp-content\/uploads\/2023\/02\/CARGOM-PUB-WEBINAIRE_IntelligenceArtificielle_20mars-1.jpg","datePublished":"2023-02-15T16:36:13+00:00","dateModified":"2023-02-15T16:36:49+00:00","author":{"@id":"https:\/\/www.cargo-montreal.ca\/fr\/#\/schema\/person\/80476d173ce654813db9fd1533901365"},"breadcrumb":{"@id":"https:\/\/www.cargo-montreal.ca\/fr\/webinaire-de-cargom-sur-lintelligence-artificielle\/#breadcrumb"},"inLanguage":"fr-FR","potentialAction":[{"@type":"ReadAction","target":["https:\/\/www.cargo-montreal.ca\/fr\/webinaire-de-cargom-sur-lintelligence-artificielle\/"]}]},{"@type":"ImageObject","inLanguage":"fr-FR","@id":"https:\/\/www.cargo-montreal.ca\/fr\/webinaire-de-cargom-sur-lintelligence-artificielle\/#primaryimage","url":"https:\/\/www.cargo-montreal.ca\/wp-content\/uploads\/2023\/02\/CARGOM-PUB-WEBINAIRE_IntelligenceArtificielle_20mars-1.jpg","contentUrl":"https:\/\/www.cargo-montreal.ca\/wp-content\/uploads\/2023\/02\/CARGOM-PUB-WEBINAIRE_IntelligenceArtificielle_20mars-1.jpg","width":2400,"height":1256},{"@type":"BreadcrumbList","@id":"https:\/\/www.cargo-montreal.ca\/fr\/webinaire-de-cargom-sur-lintelligence-artificielle\/#breadcrumb","itemListElement":[{"@type":"ListItem","position":1,"name":"Home","item":"https:\/\/www.cargo-montreal.ca\/fr\/"},{"@type":"ListItem","position":2,"name":"Webinaire de CargoM sur l\u2019intelligence artificielle"}]},{"@type":"WebSite","@id":"https:\/\/www.cargo-montreal.ca\/fr\/#website","url":"https:\/\/www.cargo-montreal.ca\/fr\/","name":"CargoM","description":"La mission de CargoM: Rassembler les acteurs de la logistique &amp; du transport de marchandises du Grand Montr\u00e9al autour d&#039;objectifs communs, d&#039;actions concert\u00e9es","potentialAction":[{"@type":"SearchAction","target":{"@type":"EntryPoint","urlTemplate":"https:\/\/www.cargo-montreal.ca\/fr\/?s={search_term_string}"},"query-input":{"@type":"PropertyValueSpecification","valueRequired":true,"valueName":"search_term_string"}}],"inLanguage":"fr-FR"},{"@type":"Person","@id":"https:\/\/www.cargo-montreal.ca\/fr\/#\/schema\/person\/80476d173ce654813db9fd1533901365","name":"Karine Dudognon","image":{"@type":"ImageObject","inLanguage":"fr-FR","@id":"https:\/\/secure.gravatar.com\/avatar\/673bdfb703a9b6685a88bc7dfb04a9ea2b48b30e9d1663a5e759a4e9bfa3e2c0?s=96&d=mm&r=g","url":"https:\/\/secure.gravatar.com\/avatar\/673bdfb703a9b6685a88bc7dfb04a9ea2b48b30e9d1663a5e759a4e9bfa3e2c0?s=96&d=mm&r=g","contentUrl":"https:\/\/secure.gravatar.com\/avatar\/673bdfb703a9b6685a88bc7dfb04a9ea2b48b30e9d1663a5e759a4e9bfa3e2c0?s=96&d=mm&r=g","caption":"Karine Dudognon"},"url":"https:\/\/www.cargo-montreal.ca\/fr\/author\/karine\/"}]}},"_links":{"self":[{"href":"https:\/\/www.cargo-montreal.ca\/fr\/wp-json\/wp\/v2\/posts\/14408","targetHints":{"allow":["GET"]}}],"collection":[{"href":"https:\/\/www.cargo-montreal.ca\/fr\/wp-json\/wp\/v2\/posts"}],"about":[{"href":"https:\/\/www.cargo-montreal.ca\/fr\/wp-json\/wp\/v2\/types\/post"}],"author":[{"embeddable":true,"href":"https:\/\/www.cargo-montreal.ca\/fr\/wp-json\/wp\/v2\/users\/39"}],"replies":[{"embeddable":true,"href":"https:\/\/www.cargo-montreal.ca\/fr\/wp-json\/wp\/v2\/comments?post=14408"}],"version-history":[{"count":1,"href":"https:\/\/www.cargo-montreal.ca\/fr\/wp-json\/wp\/v2\/posts\/14408\/revisions"}],"predecessor-version":[{"id":14409,"href":"https:\/\/www.cargo-montreal.ca\/fr\/wp-json\/wp\/v2\/posts\/14408\/revisions\/14409"}],"wp:featuredmedia":[{"embeddable":true,"href":"https:\/\/www.cargo-montreal.ca\/fr\/wp-json\/wp\/v2\/media\/14369"}],"wp:attachment":[{"href":"https:\/\/www.cargo-montreal.ca\/fr\/wp-json\/wp\/v2\/media?parent=14408"}],"wp:term":[{"taxonomy":"category","embeddable":true,"href":"https:\/\/www.cargo-montreal.ca\/fr\/wp-json\/wp\/v2\/categories?post=14408"},{"taxonomy":"post_tag","embeddable":true,"href":"https:\/\/www.cargo-montreal.ca\/fr\/wp-json\/wp\/v2\/tags?post=14408"}],"curies":[{"name":"wp","href":"https:\/\/api.w.org\/{rel}","templated":true}]}}