{"id":14410,"date":"2023-02-15T16:38:00","date_gmt":"2023-02-15T16:38:00","guid":{"rendered":"https:\/\/www.cargo-montreal.ca\/?p=14410"},"modified":"2023-02-15T16:38:00","modified_gmt":"2023-02-15T16:38:00","slug":"rdv-de-lest-transport-et-logistique","status":"publish","type":"post","link":"https:\/\/www.cargo-montreal.ca\/fr\/rdv-de-lest-transport-et-logistique\/","title":{"rendered":"RDV de l\u2019Est : Transport et logistique"},"content":{"rendered":"La\u00a0<a href=\"https:\/\/ccemontreal.ca\/\" target=\"_blank\" rel=\"noopener\" data-hs-link-id=\"0\">Chambre de commerce de l\u2019Est de Montr\u00e9al<\/a>\u00a0r\u00e9unira des leaders, experts et repr\u00e9sentants du milieu politique<strong>\u00a0<\/strong>qui\u00a0viendront faire un \u00e9tat des lieux de la situation actuelle et examineront, entre autres, les enjeux et solutions permettant de renforcer la cha\u00eene d\u2019approvisionnement, mieux coordonner les chantiers de transport, en cours et \u00e0 venir, et acc\u00e9l\u00e9rer la d\u00e9carbonation de cette industrie.\r\n\r\nDate\u00a0: 20 f\u00e9vrier 2023\r\n<p align=\"justify\">1<sup>re\u00a0<\/sup>partie (8 h 30 \u00e0 11 h 30) Forum strat\u00e9gique : Transport et logistique (avec la participation de CargoM). Liste des panels\u00a0:<\/p>\r\n\r\n<ul>\r\n \t<li>Coordination des chantiers \u2013 les le\u00e7ons \u00e0 tirer du tunnel<em>\r\n<\/em><\/li>\r\n \t<li>Main-d&rsquo;\u0153uvre<\/li>\r\n \t<li>Innover pour une cha\u00eene plus performante<\/li>\r\n \t<li>Pour une cha\u00eene logistique forte et d\u00e9carbon\u00e9e \u00e0 partir de l\u2019est de Montr\u00e9al<\/li>\r\n<\/ul>\r\n<p align=\"justify\">2<sup>e<\/sup>\u00a0partie (11 h 30 \u00e0 13 h 30)\u00a0D\u00eener conf\u00e9rence avec Genevi\u00e8ve Guilbault, vice-premi\u00e8re ministre et ministre des Transports et de la Mobilit\u00e9 durable.<\/p>\r\n<a href=\"https:\/\/ccemontreal.ca\/wp-content\/uploads\/2022\/11\/programmation-1.pdf\" target=\"_blank\" rel=\"noopener\" data-hs-link-id=\"0\">D\u00e9couvrez la programmation<\/a>\u00a0et\u00a0<a href=\"https:\/\/ccemontreal.ca\/evenement\/forum-strategique-transport-et-logistique\/\" target=\"_blank\" rel=\"noopener\" data-hs-link-id=\"1\">inscrivez-vous<\/a>","protected":false},"excerpt":{"rendered":"La\u00a0Chambre de commerce de l\u2019Est de Montr\u00e9al\u00a0r\u00e9unira des leaders, experts et repr\u00e9sentants du milieu politique\u00a0qui\u00a0viendront faire un \u00e9tat des lieux de la situation actuelle et examineront, entre autres, les enjeux et solutions permettant de renforcer la cha\u00eene d\u2019approvisionnement, mieux coordonner les chantiers de transport, en cours et \u00e0 venir, et acc\u00e9l\u00e9rer la d\u00e9carbonation de cette [&hellip;]","protected":false},"author":39,"featured_media":14399,"comment_status":"closed","ping_status":"closed","sticky":false,"template":"","format":"standard","meta":{"_acf_changed":false,"footnotes":""},"categories":[20],"tags":[],"class_list":["post-14410","post","type-post","status-publish","format-standard","has-post-thumbnail","hentry","category-services-logistiques"],"acf":[],"yoast_head":"<!-- This site is optimized with the Yoast SEO plugin v27.3 - https:\/\/yoast.com\/product\/yoast-seo-wordpress\/ -->\n<title>RDV de l\u2019Est : Transport et logistique - CargoM<\/title>\n<meta name=\"robots\" content=\"index, follow, max-snippet:-1, max-image-preview:large, max-video-preview:-1\" \/>\n<link rel=\"canonical\" href=\"https:\/\/www.cargo-montreal.ca\/fr\/rdv-de-lest-transport-et-logistique\/\" \/>\n<meta property=\"og:locale\" content=\"fr_FR\" \/>\n<meta property=\"og:type\" content=\"article\" \/>\n<meta property=\"og:title\" content=\"RDV de l\u2019Est : Transport et logistique - CargoM\" \/>\n<meta property=\"og:description\" content=\"La\u00a0Chambre de commerce de l\u2019Est de Montr\u00e9al\u00a0r\u00e9unira des leaders, experts et repr\u00e9sentants du milieu politique\u00a0qui\u00a0viendront faire un \u00e9tat des lieux de la situation actuelle et examineront, entre autres, les enjeux et solutions permettant de renforcer la cha\u00eene d\u2019approvisionnement, mieux coordonner les chantiers de transport, en cours et \u00e0 venir, et acc\u00e9l\u00e9rer la d\u00e9carbonation de cette [&hellip;]\" \/>\n<meta property=\"og:url\" content=\"https:\/\/www.cargo-montreal.ca\/fr\/rdv-de-lest-transport-et-logistique\/\" \/>\n<meta property=\"og:site_name\" content=\"CargoM\" \/>\n<meta property=\"article:published_time\" content=\"2023-02-15T16:38:00+00:00\" \/>\n<meta property=\"og:image\" content=\"https:\/\/www.cargo-montreal.ca\/wp-content\/uploads\/2023\/02\/RDV-transport.jpg\" \/>\n\t<meta property=\"og:image:width\" content=\"1200\" \/>\n\t<meta property=\"og:image:height\" content=\"627\" \/>\n\t<meta property=\"og:image:type\" content=\"image\/jpeg\" \/>\n<meta name=\"author\" content=\"Karine Dudognon\" \/>\n<meta name=\"twitter:card\" content=\"summary_large_image\" \/>\n<meta name=\"twitter:label1\" content=\"\u00c9crit par\" \/>\n\t<meta name=\"twitter:data1\" content=\"Karine Dudognon\" \/>\n\t<meta name=\"twitter:label2\" content=\"Dur\u00e9e de lecture estim\u00e9e\" \/>\n\t<meta name=\"twitter:data2\" content=\"1 minute\" \/>\n<script type=\"application\/ld+json\" class=\"yoast-schema-graph\">{\"@context\":\"https:\\\/\\\/schema.org\",\"@graph\":[{\"@type\":\"Article\",\"@id\":\"https:\\\/\\\/www.cargo-montreal.ca\\\/fr\\\/rdv-de-lest-transport-et-logistique\\\/#article\",\"isPartOf\":{\"@id\":\"https:\\\/\\\/www.cargo-montreal.ca\\\/fr\\\/rdv-de-lest-transport-et-logistique\\\/\"},\"author\":{\"name\":\"Karine Dudognon\",\"@id\":\"https:\\\/\\\/www.cargo-montreal.ca\\\/fr\\\/#\\\/schema\\\/person\\\/80476d173ce654813db9fd1533901365\"},\"headline\":\"RDV de l\u2019Est : Transport et logistique\",\"datePublished\":\"2023-02-15T16:38:00+00:00\",\"mainEntityOfPage\":{\"@id\":\"https:\\\/\\\/www.cargo-montreal.ca\\\/fr\\\/rdv-de-lest-transport-et-logistique\\\/\"},\"wordCount\":161,\"image\":{\"@id\":\"https:\\\/\\\/www.cargo-montreal.ca\\\/fr\\\/rdv-de-lest-transport-et-logistique\\\/#primaryimage\"},\"thumbnailUrl\":\"https:\\\/\\\/www.cargo-montreal.ca\\\/wp-content\\\/uploads\\\/2023\\\/02\\\/RDV-transport.jpg\",\"articleSection\":[\"Services logistiques\"],\"inLanguage\":\"fr-FR\"},{\"@type\":\"WebPage\",\"@id\":\"https:\\\/\\\/www.cargo-montreal.ca\\\/fr\\\/rdv-de-lest-transport-et-logistique\\\/\",\"url\":\"https:\\\/\\\/www.cargo-montreal.ca\\\/fr\\\/rdv-de-lest-transport-et-logistique\\\/\",\"name\":\"RDV de l\u2019Est : Transport et logistique - CargoM\",\"isPartOf\":{\"@id\":\"https:\\\/\\\/www.cargo-montreal.ca\\\/fr\\\/#website\"},\"primaryImageOfPage\":{\"@id\":\"https:\\\/\\\/www.cargo-montreal.ca\\\/fr\\\/rdv-de-lest-transport-et-logistique\\\/#primaryimage\"},\"image\":{\"@id\":\"https:\\\/\\\/www.cargo-montreal.ca\\\/fr\\\/rdv-de-lest-transport-et-logistique\\\/#primaryimage\"},\"thumbnailUrl\":\"https:\\\/\\\/www.cargo-montreal.ca\\\/wp-content\\\/uploads\\\/2023\\\/02\\\/RDV-transport.jpg\",\"datePublished\":\"2023-02-15T16:38:00+00:00\",\"author\":{\"@id\":\"https:\\\/\\\/www.cargo-montreal.ca\\\/fr\\\/#\\\/schema\\\/person\\\/80476d173ce654813db9fd1533901365\"},\"breadcrumb\":{\"@id\":\"https:\\\/\\\/www.cargo-montreal.ca\\\/fr\\\/rdv-de-lest-transport-et-logistique\\\/#breadcrumb\"},\"inLanguage\":\"fr-FR\",\"potentialAction\":[{\"@type\":\"ReadAction\",\"target\":[\"https:\\\/\\\/www.cargo-montreal.ca\\\/fr\\\/rdv-de-lest-transport-et-logistique\\\/\"]}]},{\"@type\":\"ImageObject\",\"inLanguage\":\"fr-FR\",\"@id\":\"https:\\\/\\\/www.cargo-montreal.ca\\\/fr\\\/rdv-de-lest-transport-et-logistique\\\/#primaryimage\",\"url\":\"https:\\\/\\\/www.cargo-montreal.ca\\\/wp-content\\\/uploads\\\/2023\\\/02\\\/RDV-transport.jpg\",\"contentUrl\":\"https:\\\/\\\/www.cargo-montreal.ca\\\/wp-content\\\/uploads\\\/2023\\\/02\\\/RDV-transport.jpg\",\"width\":1200,\"height\":627},{\"@type\":\"BreadcrumbList\",\"@id\":\"https:\\\/\\\/www.cargo-montreal.ca\\\/fr\\\/rdv-de-lest-transport-et-logistique\\\/#breadcrumb\",\"itemListElement\":[{\"@type\":\"ListItem\",\"position\":1,\"name\":\"Home\",\"item\":\"https:\\\/\\\/www.cargo-montreal.ca\\\/fr\\\/\"},{\"@type\":\"ListItem\",\"position\":2,\"name\":\"RDV de l\u2019Est : Transport et logistique\"}]},{\"@type\":\"WebSite\",\"@id\":\"https:\\\/\\\/www.cargo-montreal.ca\\\/fr\\\/#website\",\"url\":\"https:\\\/\\\/www.cargo-montreal.ca\\\/fr\\\/\",\"name\":\"CargoM\",\"description\":\"La mission de CargoM: Rassembler les acteurs de la logistique &amp; du transport de marchandises du Grand Montr\u00e9al autour d&#039;objectifs communs, d&#039;actions concert\u00e9es\",\"potentialAction\":[{\"@type\":\"SearchAction\",\"target\":{\"@type\":\"EntryPoint\",\"urlTemplate\":\"https:\\\/\\\/www.cargo-montreal.ca\\\/fr\\\/?s={search_term_string}\"},\"query-input\":{\"@type\":\"PropertyValueSpecification\",\"valueRequired\":true,\"valueName\":\"search_term_string\"}}],\"inLanguage\":\"fr-FR\"},{\"@type\":\"Person\",\"@id\":\"https:\\\/\\\/www.cargo-montreal.ca\\\/fr\\\/#\\\/schema\\\/person\\\/80476d173ce654813db9fd1533901365\",\"name\":\"Karine Dudognon\",\"image\":{\"@type\":\"ImageObject\",\"inLanguage\":\"fr-FR\",\"@id\":\"https:\\\/\\\/secure.gravatar.com\\\/avatar\\\/673bdfb703a9b6685a88bc7dfb04a9ea2b48b30e9d1663a5e759a4e9bfa3e2c0?s=96&d=mm&r=g\",\"url\":\"https:\\\/\\\/secure.gravatar.com\\\/avatar\\\/673bdfb703a9b6685a88bc7dfb04a9ea2b48b30e9d1663a5e759a4e9bfa3e2c0?s=96&d=mm&r=g\",\"contentUrl\":\"https:\\\/\\\/secure.gravatar.com\\\/avatar\\\/673bdfb703a9b6685a88bc7dfb04a9ea2b48b30e9d1663a5e759a4e9bfa3e2c0?s=96&d=mm&r=g\",\"caption\":\"Karine Dudognon\"},\"url\":\"https:\\\/\\\/www.cargo-montreal.ca\\\/fr\\\/author\\\/karine\\\/\"}]}<\/script>\n<!-- \/ Yoast SEO plugin. -->","yoast_head_json":{"title":"RDV de l\u2019Est : Transport et logistique - CargoM","robots":{"index":"index","follow":"follow","max-snippet":"max-snippet:-1","max-image-preview":"max-image-preview:large","max-video-preview":"max-video-preview:-1"},"canonical":"https:\/\/www.cargo-montreal.ca\/fr\/rdv-de-lest-transport-et-logistique\/","og_locale":"fr_FR","og_type":"article","og_title":"RDV de l\u2019Est : Transport et logistique - CargoM","og_description":"La\u00a0Chambre de commerce de l\u2019Est de Montr\u00e9al\u00a0r\u00e9unira des leaders, experts et repr\u00e9sentants du milieu politique\u00a0qui\u00a0viendront faire un \u00e9tat des lieux de la situation actuelle et examineront, entre autres, les enjeux et solutions permettant de renforcer la cha\u00eene d\u2019approvisionnement, mieux coordonner les chantiers de transport, en cours et \u00e0 venir, et acc\u00e9l\u00e9rer la d\u00e9carbonation de cette [&hellip;]","og_url":"https:\/\/www.cargo-montreal.ca\/fr\/rdv-de-lest-transport-et-logistique\/","og_site_name":"CargoM","article_published_time":"2023-02-15T16:38:00+00:00","og_image":[{"width":1200,"height":627,"url":"https:\/\/www.cargo-montreal.ca\/wp-content\/uploads\/2023\/02\/RDV-transport.jpg","type":"image\/jpeg"}],"author":"Karine Dudognon","twitter_card":"summary_large_image","twitter_misc":{"\u00c9crit par":"Karine Dudognon","Dur\u00e9e de lecture estim\u00e9e":"1 minute"},"schema":{"@context":"https:\/\/schema.org","@graph":[{"@type":"Article","@id":"https:\/\/www.cargo-montreal.ca\/fr\/rdv-de-lest-transport-et-logistique\/#article","isPartOf":{"@id":"https:\/\/www.cargo-montreal.ca\/fr\/rdv-de-lest-transport-et-logistique\/"},"author":{"name":"Karine Dudognon","@id":"https:\/\/www.cargo-montreal.ca\/fr\/#\/schema\/person\/80476d173ce654813db9fd1533901365"},"headline":"RDV de l\u2019Est : Transport et logistique","datePublished":"2023-02-15T16:38:00+00:00","mainEntityOfPage":{"@id":"https:\/\/www.cargo-montreal.ca\/fr\/rdv-de-lest-transport-et-logistique\/"},"wordCount":161,"image":{"@id":"https:\/\/www.cargo-montreal.ca\/fr\/rdv-de-lest-transport-et-logistique\/#primaryimage"},"thumbnailUrl":"https:\/\/www.cargo-montreal.ca\/wp-content\/uploads\/2023\/02\/RDV-transport.jpg","articleSection":["Services logistiques"],"inLanguage":"fr-FR"},{"@type":"WebPage","@id":"https:\/\/www.cargo-montreal.ca\/fr\/rdv-de-lest-transport-et-logistique\/","url":"https:\/\/www.cargo-montreal.ca\/fr\/rdv-de-lest-transport-et-logistique\/","name":"RDV de l\u2019Est : Transport et logistique - CargoM","isPartOf":{"@id":"https:\/\/www.cargo-montreal.ca\/fr\/#website"},"primaryImageOfPage":{"@id":"https:\/\/www.cargo-montreal.ca\/fr\/rdv-de-lest-transport-et-logistique\/#primaryimage"},"image":{"@id":"https:\/\/www.cargo-montreal.ca\/fr\/rdv-de-lest-transport-et-logistique\/#primaryimage"},"thumbnailUrl":"https:\/\/www.cargo-montreal.ca\/wp-content\/uploads\/2023\/02\/RDV-transport.jpg","datePublished":"2023-02-15T16:38:00+00:00","author":{"@id":"https:\/\/www.cargo-montreal.ca\/fr\/#\/schema\/person\/80476d173ce654813db9fd1533901365"},"breadcrumb":{"@id":"https:\/\/www.cargo-montreal.ca\/fr\/rdv-de-lest-transport-et-logistique\/#breadcrumb"},"inLanguage":"fr-FR","potentialAction":[{"@type":"ReadAction","target":["https:\/\/www.cargo-montreal.ca\/fr\/rdv-de-lest-transport-et-logistique\/"]}]},{"@type":"ImageObject","inLanguage":"fr-FR","@id":"https:\/\/www.cargo-montreal.ca\/fr\/rdv-de-lest-transport-et-logistique\/#primaryimage","url":"https:\/\/www.cargo-montreal.ca\/wp-content\/uploads\/2023\/02\/RDV-transport.jpg","contentUrl":"https:\/\/www.cargo-montreal.ca\/wp-content\/uploads\/2023\/02\/RDV-transport.jpg","width":1200,"height":627},{"@type":"BreadcrumbList","@id":"https:\/\/www.cargo-montreal.ca\/fr\/rdv-de-lest-transport-et-logistique\/#breadcrumb","itemListElement":[{"@type":"ListItem","position":1,"name":"Home","item":"https:\/\/www.cargo-montreal.ca\/fr\/"},{"@type":"ListItem","position":2,"name":"RDV de l\u2019Est : Transport et logistique"}]},{"@type":"WebSite","@id":"https:\/\/www.cargo-montreal.ca\/fr\/#website","url":"https:\/\/www.cargo-montreal.ca\/fr\/","name":"CargoM","description":"La mission de CargoM: Rassembler les acteurs de la logistique &amp; du transport de marchandises du Grand Montr\u00e9al autour d&#039;objectifs communs, d&#039;actions concert\u00e9es","potentialAction":[{"@type":"SearchAction","target":{"@type":"EntryPoint","urlTemplate":"https:\/\/www.cargo-montreal.ca\/fr\/?s={search_term_string}"},"query-input":{"@type":"PropertyValueSpecification","valueRequired":true,"valueName":"search_term_string"}}],"inLanguage":"fr-FR"},{"@type":"Person","@id":"https:\/\/www.cargo-montreal.ca\/fr\/#\/schema\/person\/80476d173ce654813db9fd1533901365","name":"Karine Dudognon","image":{"@type":"ImageObject","inLanguage":"fr-FR","@id":"https:\/\/secure.gravatar.com\/avatar\/673bdfb703a9b6685a88bc7dfb04a9ea2b48b30e9d1663a5e759a4e9bfa3e2c0?s=96&d=mm&r=g","url":"https:\/\/secure.gravatar.com\/avatar\/673bdfb703a9b6685a88bc7dfb04a9ea2b48b30e9d1663a5e759a4e9bfa3e2c0?s=96&d=mm&r=g","contentUrl":"https:\/\/secure.gravatar.com\/avatar\/673bdfb703a9b6685a88bc7dfb04a9ea2b48b30e9d1663a5e759a4e9bfa3e2c0?s=96&d=mm&r=g","caption":"Karine Dudognon"},"url":"https:\/\/www.cargo-montreal.ca\/fr\/author\/karine\/"}]}},"_links":{"self":[{"href":"https:\/\/www.cargo-montreal.ca\/fr\/wp-json\/wp\/v2\/posts\/14410","targetHints":{"allow":["GET"]}}],"collection":[{"href":"https:\/\/www.cargo-montreal.ca\/fr\/wp-json\/wp\/v2\/posts"}],"about":[{"href":"https:\/\/www.cargo-montreal.ca\/fr\/wp-json\/wp\/v2\/types\/post"}],"author":[{"embeddable":true,"href":"https:\/\/www.cargo-montreal.ca\/fr\/wp-json\/wp\/v2\/users\/39"}],"replies":[{"embeddable":true,"href":"https:\/\/www.cargo-montreal.ca\/fr\/wp-json\/wp\/v2\/comments?post=14410"}],"version-history":[{"count":1,"href":"https:\/\/www.cargo-montreal.ca\/fr\/wp-json\/wp\/v2\/posts\/14410\/revisions"}],"predecessor-version":[{"id":14411,"href":"https:\/\/www.cargo-montreal.ca\/fr\/wp-json\/wp\/v2\/posts\/14410\/revisions\/14411"}],"wp:featuredmedia":[{"embeddable":true,"href":"https:\/\/www.cargo-montreal.ca\/fr\/wp-json\/wp\/v2\/media\/14399"}],"wp:attachment":[{"href":"https:\/\/www.cargo-montreal.ca\/fr\/wp-json\/wp\/v2\/media?parent=14410"}],"wp:term":[{"taxonomy":"category","embeddable":true,"href":"https:\/\/www.cargo-montreal.ca\/fr\/wp-json\/wp\/v2\/categories?post=14410"},{"taxonomy":"post_tag","embeddable":true,"href":"https:\/\/www.cargo-montreal.ca\/fr\/wp-json\/wp\/v2\/tags?post=14410"}],"curies":[{"name":"wp","href":"https:\/\/api.w.org\/{rel}","templated":true}]}}