{"id":14421,"date":"2023-02-15T16:48:50","date_gmt":"2023-02-15T16:48:50","guid":{"rendered":"https:\/\/www.cargo-montreal.ca\/?p=14421"},"modified":"2023-02-15T16:49:02","modified_gmt":"2023-02-15T16:49:02","slug":"lancement-du-volet-2-dobjectif-10-de-camo-route","status":"publish","type":"post","link":"https:\/\/www.cargo-montreal.ca\/fr\/lancement-du-volet-2-dobjectif-10-de-camo-route\/","title":{"rendered":"Lancement du volet 2 d\u2019Objectif 10% de Camo-Route"},"content":{"rendered":"<a href=\"https:\/\/camo-route.com\/\" target=\"_blank\" rel=\"noopener\" data-hs-link-id=\"0\">Camo-Route<\/a>\u00a0poursuit son objectif d\u2019augmenter le nombre de femmes dans l\u2019industrie du transport routier en lan\u00e7ant le volet 2 du projet Conductrices de camions : Objectif 10%. Ce volet 2 du projet cible plus pr\u00e9cis\u00e9ment 3 grands th\u00e8mes : l\u2019attraction, l\u2019accueil et la fid\u00e9lisation.\r\n<p align=\"justify\">Des campagnes de promotion num\u00e9rique et terrain seront d\u00e9ploy\u00e9es afin de promouvoir le m\u00e9tier et la formation DEP en Transport par camion aupr\u00e8s de femmes en recherche d\u2019emploi.<\/p>\r\n<p align=\"justify\">Un atelier sur la gestion de la mixit\u00e9, des activit\u00e9s de co-d\u00e9veloppement et une conf\u00e9rence RH seront propos\u00e9s aux entreprises dans le but de conna\u00eetre, de d\u00e9velopper et d\u2019exp\u00e9rimenter de nouvelles fa\u00e7ons de faire en mati\u00e8re d\u2019attraction, d\u2019int\u00e9gration et de maintien en emploi des conductrices de camions.<\/p>\r\n<p align=\"justify\"><a href=\"https:\/\/www.cargo-montreal.ca\/wp-content\/uploads\/2023\/02\/Communique-de-presse_Conductrices-de-camions_volet-2.pdf\" target=\"_blank\" rel=\"noopener\" data-hs-link-id=\"1\">Lire le communiqu\u00e9 de presse<\/a>.<\/p>\r\n<p align=\"justify\">Source\u00a0: Camo-Route<\/p>","protected":false},"excerpt":{"rendered":"Camo-Route\u00a0poursuit son objectif d\u2019augmenter le nombre de femmes dans l\u2019industrie du transport routier en lan\u00e7ant le volet 2 du projet Conductrices de camions : Objectif 10%. Ce volet 2 du projet cible plus pr\u00e9cis\u00e9ment 3 grands th\u00e8mes : l\u2019attraction, l\u2019accueil et la fid\u00e9lisation. Des campagnes de promotion num\u00e9rique et terrain seront d\u00e9ploy\u00e9es afin de promouvoir [&hellip;]","protected":false},"author":39,"featured_media":14365,"comment_status":"closed","ping_status":"closed","sticky":false,"template":"","format":"standard","meta":{"_acf_changed":false,"footnotes":""},"categories":[20],"tags":[],"class_list":["post-14421","post","type-post","status-publish","format-standard","has-post-thumbnail","hentry","category-services-logistiques"],"acf":[],"yoast_head":"<!-- This site is optimized with the Yoast SEO plugin v27.3 - https:\/\/yoast.com\/product\/yoast-seo-wordpress\/ -->\n<title>Lancement du volet 2 d\u2019Objectif 10% de Camo-Route - CargoM<\/title>\n<meta name=\"robots\" content=\"index, follow, max-snippet:-1, max-image-preview:large, max-video-preview:-1\" \/>\n<link rel=\"canonical\" href=\"https:\/\/www.cargo-montreal.ca\/fr\/lancement-du-volet-2-dobjectif-10-de-camo-route\/\" \/>\n<meta property=\"og:locale\" content=\"fr_FR\" \/>\n<meta property=\"og:type\" content=\"article\" \/>\n<meta property=\"og:title\" content=\"Lancement du volet 2 d\u2019Objectif 10% de Camo-Route - CargoM\" \/>\n<meta property=\"og:description\" content=\"Camo-Route\u00a0poursuit son objectif d\u2019augmenter le nombre de femmes dans l\u2019industrie du transport routier en lan\u00e7ant le volet 2 du projet Conductrices de camions : Objectif 10%. Ce volet 2 du projet cible plus pr\u00e9cis\u00e9ment 3 grands th\u00e8mes : l\u2019attraction, l\u2019accueil et la fid\u00e9lisation. Des campagnes de promotion num\u00e9rique et terrain seront d\u00e9ploy\u00e9es afin de promouvoir [&hellip;]\" \/>\n<meta property=\"og:url\" content=\"https:\/\/www.cargo-montreal.ca\/fr\/lancement-du-volet-2-dobjectif-10-de-camo-route\/\" \/>\n<meta property=\"og:site_name\" content=\"CargoM\" \/>\n<meta property=\"article:published_time\" content=\"2023-02-15T16:48:50+00:00\" \/>\n<meta property=\"article:modified_time\" content=\"2023-02-15T16:49:02+00:00\" \/>\n<meta property=\"og:image\" content=\"https:\/\/www.cargo-montreal.ca\/wp-content\/uploads\/2023\/02\/96_visuel-recrutement-entreprises_VF_FB.png\" \/>\n\t<meta property=\"og:image:width\" content=\"1438\" \/>\n\t<meta property=\"og:image:height\" content=\"631\" \/>\n\t<meta property=\"og:image:type\" content=\"image\/png\" \/>\n<meta name=\"author\" content=\"Karine Dudognon\" \/>\n<meta name=\"twitter:card\" content=\"summary_large_image\" \/>\n<meta name=\"twitter:label1\" content=\"\u00c9crit par\" \/>\n\t<meta name=\"twitter:data1\" content=\"Karine Dudognon\" \/>\n\t<meta name=\"twitter:label2\" content=\"Dur\u00e9e de lecture estim\u00e9e\" \/>\n\t<meta name=\"twitter:data2\" content=\"1 minute\" \/>\n<script type=\"application\/ld+json\" class=\"yoast-schema-graph\">{\"@context\":\"https:\\\/\\\/schema.org\",\"@graph\":[{\"@type\":\"Article\",\"@id\":\"https:\\\/\\\/www.cargo-montreal.ca\\\/fr\\\/lancement-du-volet-2-dobjectif-10-de-camo-route\\\/#article\",\"isPartOf\":{\"@id\":\"https:\\\/\\\/www.cargo-montreal.ca\\\/fr\\\/lancement-du-volet-2-dobjectif-10-de-camo-route\\\/\"},\"author\":{\"name\":\"Karine Dudognon\",\"@id\":\"https:\\\/\\\/www.cargo-montreal.ca\\\/fr\\\/#\\\/schema\\\/person\\\/80476d173ce654813db9fd1533901365\"},\"headline\":\"Lancement du volet 2 d\u2019Objectif 10% de Camo-Route\",\"datePublished\":\"2023-02-15T16:48:50+00:00\",\"dateModified\":\"2023-02-15T16:49:02+00:00\",\"mainEntityOfPage\":{\"@id\":\"https:\\\/\\\/www.cargo-montreal.ca\\\/fr\\\/lancement-du-volet-2-dobjectif-10-de-camo-route\\\/\"},\"wordCount\":155,\"image\":{\"@id\":\"https:\\\/\\\/www.cargo-montreal.ca\\\/fr\\\/lancement-du-volet-2-dobjectif-10-de-camo-route\\\/#primaryimage\"},\"thumbnailUrl\":\"https:\\\/\\\/www.cargo-montreal.ca\\\/wp-content\\\/uploads\\\/2023\\\/02\\\/96_visuel-recrutement-entreprises_VF_FB.png\",\"articleSection\":[\"Services logistiques\"],\"inLanguage\":\"fr-FR\"},{\"@type\":\"WebPage\",\"@id\":\"https:\\\/\\\/www.cargo-montreal.ca\\\/fr\\\/lancement-du-volet-2-dobjectif-10-de-camo-route\\\/\",\"url\":\"https:\\\/\\\/www.cargo-montreal.ca\\\/fr\\\/lancement-du-volet-2-dobjectif-10-de-camo-route\\\/\",\"name\":\"Lancement du volet 2 d\u2019Objectif 10% de Camo-Route - CargoM\",\"isPartOf\":{\"@id\":\"https:\\\/\\\/www.cargo-montreal.ca\\\/fr\\\/#website\"},\"primaryImageOfPage\":{\"@id\":\"https:\\\/\\\/www.cargo-montreal.ca\\\/fr\\\/lancement-du-volet-2-dobjectif-10-de-camo-route\\\/#primaryimage\"},\"image\":{\"@id\":\"https:\\\/\\\/www.cargo-montreal.ca\\\/fr\\\/lancement-du-volet-2-dobjectif-10-de-camo-route\\\/#primaryimage\"},\"thumbnailUrl\":\"https:\\\/\\\/www.cargo-montreal.ca\\\/wp-content\\\/uploads\\\/2023\\\/02\\\/96_visuel-recrutement-entreprises_VF_FB.png\",\"datePublished\":\"2023-02-15T16:48:50+00:00\",\"dateModified\":\"2023-02-15T16:49:02+00:00\",\"author\":{\"@id\":\"https:\\\/\\\/www.cargo-montreal.ca\\\/fr\\\/#\\\/schema\\\/person\\\/80476d173ce654813db9fd1533901365\"},\"breadcrumb\":{\"@id\":\"https:\\\/\\\/www.cargo-montreal.ca\\\/fr\\\/lancement-du-volet-2-dobjectif-10-de-camo-route\\\/#breadcrumb\"},\"inLanguage\":\"fr-FR\",\"potentialAction\":[{\"@type\":\"ReadAction\",\"target\":[\"https:\\\/\\\/www.cargo-montreal.ca\\\/fr\\\/lancement-du-volet-2-dobjectif-10-de-camo-route\\\/\"]}]},{\"@type\":\"ImageObject\",\"inLanguage\":\"fr-FR\",\"@id\":\"https:\\\/\\\/www.cargo-montreal.ca\\\/fr\\\/lancement-du-volet-2-dobjectif-10-de-camo-route\\\/#primaryimage\",\"url\":\"https:\\\/\\\/www.cargo-montreal.ca\\\/wp-content\\\/uploads\\\/2023\\\/02\\\/96_visuel-recrutement-entreprises_VF_FB.png\",\"contentUrl\":\"https:\\\/\\\/www.cargo-montreal.ca\\\/wp-content\\\/uploads\\\/2023\\\/02\\\/96_visuel-recrutement-entreprises_VF_FB.png\",\"width\":1438,\"height\":631},{\"@type\":\"BreadcrumbList\",\"@id\":\"https:\\\/\\\/www.cargo-montreal.ca\\\/fr\\\/lancement-du-volet-2-dobjectif-10-de-camo-route\\\/#breadcrumb\",\"itemListElement\":[{\"@type\":\"ListItem\",\"position\":1,\"name\":\"Home\",\"item\":\"https:\\\/\\\/www.cargo-montreal.ca\\\/fr\\\/\"},{\"@type\":\"ListItem\",\"position\":2,\"name\":\"Lancement du volet 2 d\u2019Objectif 10% de Camo-Route\"}]},{\"@type\":\"WebSite\",\"@id\":\"https:\\\/\\\/www.cargo-montreal.ca\\\/fr\\\/#website\",\"url\":\"https:\\\/\\\/www.cargo-montreal.ca\\\/fr\\\/\",\"name\":\"CargoM\",\"description\":\"La mission de CargoM: Rassembler les acteurs de la logistique &amp; du transport de marchandises du Grand Montr\u00e9al autour d&#039;objectifs communs, d&#039;actions concert\u00e9es\",\"potentialAction\":[{\"@type\":\"SearchAction\",\"target\":{\"@type\":\"EntryPoint\",\"urlTemplate\":\"https:\\\/\\\/www.cargo-montreal.ca\\\/fr\\\/?s={search_term_string}\"},\"query-input\":{\"@type\":\"PropertyValueSpecification\",\"valueRequired\":true,\"valueName\":\"search_term_string\"}}],\"inLanguage\":\"fr-FR\"},{\"@type\":\"Person\",\"@id\":\"https:\\\/\\\/www.cargo-montreal.ca\\\/fr\\\/#\\\/schema\\\/person\\\/80476d173ce654813db9fd1533901365\",\"name\":\"Karine Dudognon\",\"image\":{\"@type\":\"ImageObject\",\"inLanguage\":\"fr-FR\",\"@id\":\"https:\\\/\\\/secure.gravatar.com\\\/avatar\\\/673bdfb703a9b6685a88bc7dfb04a9ea2b48b30e9d1663a5e759a4e9bfa3e2c0?s=96&d=mm&r=g\",\"url\":\"https:\\\/\\\/secure.gravatar.com\\\/avatar\\\/673bdfb703a9b6685a88bc7dfb04a9ea2b48b30e9d1663a5e759a4e9bfa3e2c0?s=96&d=mm&r=g\",\"contentUrl\":\"https:\\\/\\\/secure.gravatar.com\\\/avatar\\\/673bdfb703a9b6685a88bc7dfb04a9ea2b48b30e9d1663a5e759a4e9bfa3e2c0?s=96&d=mm&r=g\",\"caption\":\"Karine Dudognon\"},\"url\":\"https:\\\/\\\/www.cargo-montreal.ca\\\/fr\\\/author\\\/karine\\\/\"}]}<\/script>\n<!-- \/ Yoast SEO plugin. -->","yoast_head_json":{"title":"Lancement du volet 2 d\u2019Objectif 10% de Camo-Route - CargoM","robots":{"index":"index","follow":"follow","max-snippet":"max-snippet:-1","max-image-preview":"max-image-preview:large","max-video-preview":"max-video-preview:-1"},"canonical":"https:\/\/www.cargo-montreal.ca\/fr\/lancement-du-volet-2-dobjectif-10-de-camo-route\/","og_locale":"fr_FR","og_type":"article","og_title":"Lancement du volet 2 d\u2019Objectif 10% de Camo-Route - CargoM","og_description":"Camo-Route\u00a0poursuit son objectif d\u2019augmenter le nombre de femmes dans l\u2019industrie du transport routier en lan\u00e7ant le volet 2 du projet Conductrices de camions : Objectif 10%. Ce volet 2 du projet cible plus pr\u00e9cis\u00e9ment 3 grands th\u00e8mes : l\u2019attraction, l\u2019accueil et la fid\u00e9lisation. Des campagnes de promotion num\u00e9rique et terrain seront d\u00e9ploy\u00e9es afin de promouvoir [&hellip;]","og_url":"https:\/\/www.cargo-montreal.ca\/fr\/lancement-du-volet-2-dobjectif-10-de-camo-route\/","og_site_name":"CargoM","article_published_time":"2023-02-15T16:48:50+00:00","article_modified_time":"2023-02-15T16:49:02+00:00","og_image":[{"width":1438,"height":631,"url":"https:\/\/www.cargo-montreal.ca\/wp-content\/uploads\/2023\/02\/96_visuel-recrutement-entreprises_VF_FB.png","type":"image\/png"}],"author":"Karine Dudognon","twitter_card":"summary_large_image","twitter_misc":{"\u00c9crit par":"Karine Dudognon","Dur\u00e9e de lecture estim\u00e9e":"1 minute"},"schema":{"@context":"https:\/\/schema.org","@graph":[{"@type":"Article","@id":"https:\/\/www.cargo-montreal.ca\/fr\/lancement-du-volet-2-dobjectif-10-de-camo-route\/#article","isPartOf":{"@id":"https:\/\/www.cargo-montreal.ca\/fr\/lancement-du-volet-2-dobjectif-10-de-camo-route\/"},"author":{"name":"Karine Dudognon","@id":"https:\/\/www.cargo-montreal.ca\/fr\/#\/schema\/person\/80476d173ce654813db9fd1533901365"},"headline":"Lancement du volet 2 d\u2019Objectif 10% de Camo-Route","datePublished":"2023-02-15T16:48:50+00:00","dateModified":"2023-02-15T16:49:02+00:00","mainEntityOfPage":{"@id":"https:\/\/www.cargo-montreal.ca\/fr\/lancement-du-volet-2-dobjectif-10-de-camo-route\/"},"wordCount":155,"image":{"@id":"https:\/\/www.cargo-montreal.ca\/fr\/lancement-du-volet-2-dobjectif-10-de-camo-route\/#primaryimage"},"thumbnailUrl":"https:\/\/www.cargo-montreal.ca\/wp-content\/uploads\/2023\/02\/96_visuel-recrutement-entreprises_VF_FB.png","articleSection":["Services logistiques"],"inLanguage":"fr-FR"},{"@type":"WebPage","@id":"https:\/\/www.cargo-montreal.ca\/fr\/lancement-du-volet-2-dobjectif-10-de-camo-route\/","url":"https:\/\/www.cargo-montreal.ca\/fr\/lancement-du-volet-2-dobjectif-10-de-camo-route\/","name":"Lancement du volet 2 d\u2019Objectif 10% de Camo-Route - CargoM","isPartOf":{"@id":"https:\/\/www.cargo-montreal.ca\/fr\/#website"},"primaryImageOfPage":{"@id":"https:\/\/www.cargo-montreal.ca\/fr\/lancement-du-volet-2-dobjectif-10-de-camo-route\/#primaryimage"},"image":{"@id":"https:\/\/www.cargo-montreal.ca\/fr\/lancement-du-volet-2-dobjectif-10-de-camo-route\/#primaryimage"},"thumbnailUrl":"https:\/\/www.cargo-montreal.ca\/wp-content\/uploads\/2023\/02\/96_visuel-recrutement-entreprises_VF_FB.png","datePublished":"2023-02-15T16:48:50+00:00","dateModified":"2023-02-15T16:49:02+00:00","author":{"@id":"https:\/\/www.cargo-montreal.ca\/fr\/#\/schema\/person\/80476d173ce654813db9fd1533901365"},"breadcrumb":{"@id":"https:\/\/www.cargo-montreal.ca\/fr\/lancement-du-volet-2-dobjectif-10-de-camo-route\/#breadcrumb"},"inLanguage":"fr-FR","potentialAction":[{"@type":"ReadAction","target":["https:\/\/www.cargo-montreal.ca\/fr\/lancement-du-volet-2-dobjectif-10-de-camo-route\/"]}]},{"@type":"ImageObject","inLanguage":"fr-FR","@id":"https:\/\/www.cargo-montreal.ca\/fr\/lancement-du-volet-2-dobjectif-10-de-camo-route\/#primaryimage","url":"https:\/\/www.cargo-montreal.ca\/wp-content\/uploads\/2023\/02\/96_visuel-recrutement-entreprises_VF_FB.png","contentUrl":"https:\/\/www.cargo-montreal.ca\/wp-content\/uploads\/2023\/02\/96_visuel-recrutement-entreprises_VF_FB.png","width":1438,"height":631},{"@type":"BreadcrumbList","@id":"https:\/\/www.cargo-montreal.ca\/fr\/lancement-du-volet-2-dobjectif-10-de-camo-route\/#breadcrumb","itemListElement":[{"@type":"ListItem","position":1,"name":"Home","item":"https:\/\/www.cargo-montreal.ca\/fr\/"},{"@type":"ListItem","position":2,"name":"Lancement du volet 2 d\u2019Objectif 10% de Camo-Route"}]},{"@type":"WebSite","@id":"https:\/\/www.cargo-montreal.ca\/fr\/#website","url":"https:\/\/www.cargo-montreal.ca\/fr\/","name":"CargoM","description":"La mission de CargoM: Rassembler les acteurs de la logistique &amp; du transport de marchandises du Grand Montr\u00e9al autour d&#039;objectifs communs, d&#039;actions concert\u00e9es","potentialAction":[{"@type":"SearchAction","target":{"@type":"EntryPoint","urlTemplate":"https:\/\/www.cargo-montreal.ca\/fr\/?s={search_term_string}"},"query-input":{"@type":"PropertyValueSpecification","valueRequired":true,"valueName":"search_term_string"}}],"inLanguage":"fr-FR"},{"@type":"Person","@id":"https:\/\/www.cargo-montreal.ca\/fr\/#\/schema\/person\/80476d173ce654813db9fd1533901365","name":"Karine Dudognon","image":{"@type":"ImageObject","inLanguage":"fr-FR","@id":"https:\/\/secure.gravatar.com\/avatar\/673bdfb703a9b6685a88bc7dfb04a9ea2b48b30e9d1663a5e759a4e9bfa3e2c0?s=96&d=mm&r=g","url":"https:\/\/secure.gravatar.com\/avatar\/673bdfb703a9b6685a88bc7dfb04a9ea2b48b30e9d1663a5e759a4e9bfa3e2c0?s=96&d=mm&r=g","contentUrl":"https:\/\/secure.gravatar.com\/avatar\/673bdfb703a9b6685a88bc7dfb04a9ea2b48b30e9d1663a5e759a4e9bfa3e2c0?s=96&d=mm&r=g","caption":"Karine Dudognon"},"url":"https:\/\/www.cargo-montreal.ca\/fr\/author\/karine\/"}]}},"_links":{"self":[{"href":"https:\/\/www.cargo-montreal.ca\/fr\/wp-json\/wp\/v2\/posts\/14421","targetHints":{"allow":["GET"]}}],"collection":[{"href":"https:\/\/www.cargo-montreal.ca\/fr\/wp-json\/wp\/v2\/posts"}],"about":[{"href":"https:\/\/www.cargo-montreal.ca\/fr\/wp-json\/wp\/v2\/types\/post"}],"author":[{"embeddable":true,"href":"https:\/\/www.cargo-montreal.ca\/fr\/wp-json\/wp\/v2\/users\/39"}],"replies":[{"embeddable":true,"href":"https:\/\/www.cargo-montreal.ca\/fr\/wp-json\/wp\/v2\/comments?post=14421"}],"version-history":[{"count":1,"href":"https:\/\/www.cargo-montreal.ca\/fr\/wp-json\/wp\/v2\/posts\/14421\/revisions"}],"predecessor-version":[{"id":14422,"href":"https:\/\/www.cargo-montreal.ca\/fr\/wp-json\/wp\/v2\/posts\/14421\/revisions\/14422"}],"wp:featuredmedia":[{"embeddable":true,"href":"https:\/\/www.cargo-montreal.ca\/fr\/wp-json\/wp\/v2\/media\/14365"}],"wp:attachment":[{"href":"https:\/\/www.cargo-montreal.ca\/fr\/wp-json\/wp\/v2\/media?parent=14421"}],"wp:term":[{"taxonomy":"category","embeddable":true,"href":"https:\/\/www.cargo-montreal.ca\/fr\/wp-json\/wp\/v2\/categories?post=14421"},{"taxonomy":"post_tag","embeddable":true,"href":"https:\/\/www.cargo-montreal.ca\/fr\/wp-json\/wp\/v2\/tags?post=14421"}],"curies":[{"name":"wp","href":"https:\/\/api.w.org\/{rel}","templated":true}]}}