{"id":14425,"date":"2023-02-15T16:51:31","date_gmt":"2023-02-15T16:51:31","guid":{"rendered":"https:\/\/www.cargo-montreal.ca\/?p=14425"},"modified":"2023-02-15T17:16:18","modified_gmt":"2023-02-15T17:16:18","slug":"1-appels-a-projets-linstitut-du-vehicule-innovant-ivi-est-a-la-recherche-de-quelques-entreprises","status":"publish","type":"post","link":"https:\/\/www.cargo-montreal.ca\/fr\/1-appels-a-projets-linstitut-du-vehicule-innovant-ivi-est-a-la-recherche-de-quelques-entreprises\/","title":{"rendered":"Appels \u00e0 projets :  L\u2019institut du v\u00e9hicule innovant (IVI) est \u00e0 la recherche de quelques entreprises"},"content":{"rendered":"<p align=\"justify\">Afin de compl\u00e9ter ses cohortes de la\u00a0<a href=\"https:\/\/flotterechargeable.ca\/projet\/phase-2\/\" target=\"_blank\" rel=\"noopener\" data-hs-link-id=\"0\">2e phase du projet Flotte rechargeable \u2013 Camions lourds<\/a>, l\u2019IVI recherche en priorit\u00e9, dans un souci de repr\u00e9senter diff\u00e9rents secteurs, des transporteurs qui \u0153uvrent dans ces secteurs sp\u00e9cifiques\u00a0:<\/p>\r\n\r\n<ul>\r\n \t<li>D\u00e9m\u00e9nagement de biens (r\u00e9sidentiels ou commerciaux)<\/li>\r\n \t<li>Transport interm\u00e9diaire de marchandises (intermodal)<\/li>\r\n \t<li>Messageries et services locaux de messagers et livraison<\/li>\r\n<\/ul>\r\n<p align=\"justify\">Au total, 30 entreprises s\u00e9lectionn\u00e9es seront accompagn\u00e9es sur une p\u00e9riode de 3 mois afin de proc\u00e9der \u00e0 l\u2019analyse \u00e9nerg\u00e9tique et op\u00e9rationnelle d\u2019une partie de leur flotte actuelle (3 camions analys\u00e9s) pour mieux comprendre leur potentiel d\u2019\u00e9lectrification et se verront remettre un plan d\u2019action personnalis\u00e9.<\/p>\r\n<p align=\"justify\">Pour en savoir plus et pour conna\u00eetre les crit\u00e8res d\u2019admissibilit\u00e9, contactez Mme Julie Chamberland \u00e0 l\u2019adresse\u00a0<a href=\"http:\/\/jchamberland@ivisolutions.ca\/\" target=\"_blank\" rel=\"noopener\" data-hs-link-id=\"0\">jchamberland@ivisolutions.ca<\/a>\u00a0ou par t\u00e9l\u00e9phone au 450-431-5744, poste 261 ou encore remplir le\u00a0<a href=\"https:\/\/forms.office.com\/pages\/responsepage.aspx?id=q9cbzNf8fUGG51fW0VuADaCLnTR7JmZFq-2YUrZ_vBdUNUhEWFUwR0M0SUxKVlhROFpYQ1VRVlFRMi4u\" target=\"_blank\" rel=\"noopener\" data-hs-link-id=\"0\">formulaire suivant<\/a>.<\/p>","protected":false},"excerpt":{"rendered":"Afin de compl\u00e9ter ses cohortes de la\u00a02e phase du projet Flotte rechargeable \u2013 Camions lourds, l\u2019IVI recherche en priorit\u00e9, dans un souci de repr\u00e9senter diff\u00e9rents secteurs, des transporteurs qui \u0153uvrent dans ces secteurs sp\u00e9cifiques\u00a0: D\u00e9m\u00e9nagement de biens (r\u00e9sidentiels ou commerciaux) Transport interm\u00e9diaire de marchandises (intermodal) Messageries et services locaux de messagers et livraison Au total, [&hellip;]","protected":false},"author":39,"featured_media":14377,"comment_status":"closed","ping_status":"closed","sticky":false,"template":"","format":"standard","meta":{"_acf_changed":false,"footnotes":""},"categories":[20],"tags":[],"class_list":["post-14425","post","type-post","status-publish","format-standard","has-post-thumbnail","hentry","category-services-logistiques"],"acf":[],"yoast_head":"<!-- This site is optimized with the Yoast SEO plugin v27.3 - https:\/\/yoast.com\/product\/yoast-seo-wordpress\/ -->\n<title>Appels \u00e0 projets : L\u2019institut du v\u00e9hicule innovant (IVI) est \u00e0 la recherche de quelques entreprises - CargoM<\/title>\n<meta name=\"robots\" content=\"index, follow, max-snippet:-1, max-image-preview:large, max-video-preview:-1\" \/>\n<link rel=\"canonical\" href=\"https:\/\/www.cargo-montreal.ca\/fr\/1-appels-a-projets-linstitut-du-vehicule-innovant-ivi-est-a-la-recherche-de-quelques-entreprises\/\" \/>\n<meta property=\"og:locale\" content=\"fr_FR\" \/>\n<meta property=\"og:type\" content=\"article\" \/>\n<meta property=\"og:title\" content=\"Appels \u00e0 projets : L\u2019institut du v\u00e9hicule innovant (IVI) est \u00e0 la recherche de quelques entreprises - CargoM\" \/>\n<meta property=\"og:description\" content=\"Afin de compl\u00e9ter ses cohortes de la\u00a02e phase du projet Flotte rechargeable \u2013 Camions lourds, l\u2019IVI recherche en priorit\u00e9, dans un souci de repr\u00e9senter diff\u00e9rents secteurs, des transporteurs qui \u0153uvrent dans ces secteurs sp\u00e9cifiques\u00a0: D\u00e9m\u00e9nagement de biens (r\u00e9sidentiels ou commerciaux) Transport interm\u00e9diaire de marchandises (intermodal) Messageries et services locaux de messagers et livraison Au total, [&hellip;]\" \/>\n<meta property=\"og:url\" content=\"https:\/\/www.cargo-montreal.ca\/fr\/1-appels-a-projets-linstitut-du-vehicule-innovant-ivi-est-a-la-recherche-de-quelques-entreprises\/\" \/>\n<meta property=\"og:site_name\" content=\"CargoM\" \/>\n<meta property=\"article:published_time\" content=\"2023-02-15T16:51:31+00:00\" \/>\n<meta property=\"article:modified_time\" content=\"2023-02-15T17:16:18+00:00\" \/>\n<meta property=\"og:image\" content=\"https:\/\/www.cargo-montreal.ca\/wp-content\/uploads\/2023\/02\/image001-3.png\" \/>\n\t<meta property=\"og:image:width\" content=\"1200\" \/>\n\t<meta property=\"og:image:height\" content=\"1200\" \/>\n\t<meta property=\"og:image:type\" content=\"image\/png\" \/>\n<meta name=\"author\" content=\"Karine Dudognon\" \/>\n<meta name=\"twitter:card\" content=\"summary_large_image\" \/>\n<meta name=\"twitter:label1\" content=\"\u00c9crit par\" \/>\n\t<meta name=\"twitter:data1\" content=\"Karine Dudognon\" \/>\n\t<meta name=\"twitter:label2\" content=\"Dur\u00e9e de lecture estim\u00e9e\" \/>\n\t<meta name=\"twitter:data2\" content=\"1 minute\" \/>\n<script type=\"application\/ld+json\" class=\"yoast-schema-graph\">{\"@context\":\"https:\\\/\\\/schema.org\",\"@graph\":[{\"@type\":\"Article\",\"@id\":\"https:\\\/\\\/www.cargo-montreal.ca\\\/fr\\\/1-appels-a-projets-linstitut-du-vehicule-innovant-ivi-est-a-la-recherche-de-quelques-entreprises\\\/#article\",\"isPartOf\":{\"@id\":\"https:\\\/\\\/www.cargo-montreal.ca\\\/fr\\\/1-appels-a-projets-linstitut-du-vehicule-innovant-ivi-est-a-la-recherche-de-quelques-entreprises\\\/\"},\"author\":{\"name\":\"Karine Dudognon\",\"@id\":\"https:\\\/\\\/www.cargo-montreal.ca\\\/fr\\\/#\\\/schema\\\/person\\\/80476d173ce654813db9fd1533901365\"},\"headline\":\"Appels \u00e0 projets : L\u2019institut du v\u00e9hicule innovant (IVI) est \u00e0 la recherche de quelques entreprises\",\"datePublished\":\"2023-02-15T16:51:31+00:00\",\"dateModified\":\"2023-02-15T17:16:18+00:00\",\"mainEntityOfPage\":{\"@id\":\"https:\\\/\\\/www.cargo-montreal.ca\\\/fr\\\/1-appels-a-projets-linstitut-du-vehicule-innovant-ivi-est-a-la-recherche-de-quelques-entreprises\\\/\"},\"wordCount\":166,\"image\":{\"@id\":\"https:\\\/\\\/www.cargo-montreal.ca\\\/fr\\\/1-appels-a-projets-linstitut-du-vehicule-innovant-ivi-est-a-la-recherche-de-quelques-entreprises\\\/#primaryimage\"},\"thumbnailUrl\":\"https:\\\/\\\/www.cargo-montreal.ca\\\/wp-content\\\/uploads\\\/2023\\\/02\\\/image001-3.png\",\"articleSection\":[\"Services logistiques\"],\"inLanguage\":\"fr-FR\"},{\"@type\":\"WebPage\",\"@id\":\"https:\\\/\\\/www.cargo-montreal.ca\\\/fr\\\/1-appels-a-projets-linstitut-du-vehicule-innovant-ivi-est-a-la-recherche-de-quelques-entreprises\\\/\",\"url\":\"https:\\\/\\\/www.cargo-montreal.ca\\\/fr\\\/1-appels-a-projets-linstitut-du-vehicule-innovant-ivi-est-a-la-recherche-de-quelques-entreprises\\\/\",\"name\":\"Appels \u00e0 projets : L\u2019institut du v\u00e9hicule innovant (IVI) est \u00e0 la recherche de quelques entreprises - CargoM\",\"isPartOf\":{\"@id\":\"https:\\\/\\\/www.cargo-montreal.ca\\\/fr\\\/#website\"},\"primaryImageOfPage\":{\"@id\":\"https:\\\/\\\/www.cargo-montreal.ca\\\/fr\\\/1-appels-a-projets-linstitut-du-vehicule-innovant-ivi-est-a-la-recherche-de-quelques-entreprises\\\/#primaryimage\"},\"image\":{\"@id\":\"https:\\\/\\\/www.cargo-montreal.ca\\\/fr\\\/1-appels-a-projets-linstitut-du-vehicule-innovant-ivi-est-a-la-recherche-de-quelques-entreprises\\\/#primaryimage\"},\"thumbnailUrl\":\"https:\\\/\\\/www.cargo-montreal.ca\\\/wp-content\\\/uploads\\\/2023\\\/02\\\/image001-3.png\",\"datePublished\":\"2023-02-15T16:51:31+00:00\",\"dateModified\":\"2023-02-15T17:16:18+00:00\",\"author\":{\"@id\":\"https:\\\/\\\/www.cargo-montreal.ca\\\/fr\\\/#\\\/schema\\\/person\\\/80476d173ce654813db9fd1533901365\"},\"breadcrumb\":{\"@id\":\"https:\\\/\\\/www.cargo-montreal.ca\\\/fr\\\/1-appels-a-projets-linstitut-du-vehicule-innovant-ivi-est-a-la-recherche-de-quelques-entreprises\\\/#breadcrumb\"},\"inLanguage\":\"fr-FR\",\"potentialAction\":[{\"@type\":\"ReadAction\",\"target\":[\"https:\\\/\\\/www.cargo-montreal.ca\\\/fr\\\/1-appels-a-projets-linstitut-du-vehicule-innovant-ivi-est-a-la-recherche-de-quelques-entreprises\\\/\"]}]},{\"@type\":\"ImageObject\",\"inLanguage\":\"fr-FR\",\"@id\":\"https:\\\/\\\/www.cargo-montreal.ca\\\/fr\\\/1-appels-a-projets-linstitut-du-vehicule-innovant-ivi-est-a-la-recherche-de-quelques-entreprises\\\/#primaryimage\",\"url\":\"https:\\\/\\\/www.cargo-montreal.ca\\\/wp-content\\\/uploads\\\/2023\\\/02\\\/image001-3.png\",\"contentUrl\":\"https:\\\/\\\/www.cargo-montreal.ca\\\/wp-content\\\/uploads\\\/2023\\\/02\\\/image001-3.png\",\"width\":1200,\"height\":1200},{\"@type\":\"BreadcrumbList\",\"@id\":\"https:\\\/\\\/www.cargo-montreal.ca\\\/fr\\\/1-appels-a-projets-linstitut-du-vehicule-innovant-ivi-est-a-la-recherche-de-quelques-entreprises\\\/#breadcrumb\",\"itemListElement\":[{\"@type\":\"ListItem\",\"position\":1,\"name\":\"Home\",\"item\":\"https:\\\/\\\/www.cargo-montreal.ca\\\/fr\\\/\"},{\"@type\":\"ListItem\",\"position\":2,\"name\":\"Appels \u00e0 projets : L\u2019institut du v\u00e9hicule innovant (IVI) est \u00e0 la recherche de quelques entreprises\"}]},{\"@type\":\"WebSite\",\"@id\":\"https:\\\/\\\/www.cargo-montreal.ca\\\/fr\\\/#website\",\"url\":\"https:\\\/\\\/www.cargo-montreal.ca\\\/fr\\\/\",\"name\":\"CargoM\",\"description\":\"La mission de CargoM: Rassembler les acteurs de la logistique &amp; du transport de marchandises du Grand Montr\u00e9al autour d&#039;objectifs communs, d&#039;actions concert\u00e9es\",\"potentialAction\":[{\"@type\":\"SearchAction\",\"target\":{\"@type\":\"EntryPoint\",\"urlTemplate\":\"https:\\\/\\\/www.cargo-montreal.ca\\\/fr\\\/?s={search_term_string}\"},\"query-input\":{\"@type\":\"PropertyValueSpecification\",\"valueRequired\":true,\"valueName\":\"search_term_string\"}}],\"inLanguage\":\"fr-FR\"},{\"@type\":\"Person\",\"@id\":\"https:\\\/\\\/www.cargo-montreal.ca\\\/fr\\\/#\\\/schema\\\/person\\\/80476d173ce654813db9fd1533901365\",\"name\":\"Karine Dudognon\",\"image\":{\"@type\":\"ImageObject\",\"inLanguage\":\"fr-FR\",\"@id\":\"https:\\\/\\\/secure.gravatar.com\\\/avatar\\\/673bdfb703a9b6685a88bc7dfb04a9ea2b48b30e9d1663a5e759a4e9bfa3e2c0?s=96&d=mm&r=g\",\"url\":\"https:\\\/\\\/secure.gravatar.com\\\/avatar\\\/673bdfb703a9b6685a88bc7dfb04a9ea2b48b30e9d1663a5e759a4e9bfa3e2c0?s=96&d=mm&r=g\",\"contentUrl\":\"https:\\\/\\\/secure.gravatar.com\\\/avatar\\\/673bdfb703a9b6685a88bc7dfb04a9ea2b48b30e9d1663a5e759a4e9bfa3e2c0?s=96&d=mm&r=g\",\"caption\":\"Karine Dudognon\"},\"url\":\"https:\\\/\\\/www.cargo-montreal.ca\\\/fr\\\/author\\\/karine\\\/\"}]}<\/script>\n<!-- \/ Yoast SEO plugin. -->","yoast_head_json":{"title":"Appels \u00e0 projets : L\u2019institut du v\u00e9hicule innovant (IVI) est \u00e0 la recherche de quelques entreprises - CargoM","robots":{"index":"index","follow":"follow","max-snippet":"max-snippet:-1","max-image-preview":"max-image-preview:large","max-video-preview":"max-video-preview:-1"},"canonical":"https:\/\/www.cargo-montreal.ca\/fr\/1-appels-a-projets-linstitut-du-vehicule-innovant-ivi-est-a-la-recherche-de-quelques-entreprises\/","og_locale":"fr_FR","og_type":"article","og_title":"Appels \u00e0 projets : L\u2019institut du v\u00e9hicule innovant (IVI) est \u00e0 la recherche de quelques entreprises - CargoM","og_description":"Afin de compl\u00e9ter ses cohortes de la\u00a02e phase du projet Flotte rechargeable \u2013 Camions lourds, l\u2019IVI recherche en priorit\u00e9, dans un souci de repr\u00e9senter diff\u00e9rents secteurs, des transporteurs qui \u0153uvrent dans ces secteurs sp\u00e9cifiques\u00a0: D\u00e9m\u00e9nagement de biens (r\u00e9sidentiels ou commerciaux) Transport interm\u00e9diaire de marchandises (intermodal) Messageries et services locaux de messagers et livraison Au total, [&hellip;]","og_url":"https:\/\/www.cargo-montreal.ca\/fr\/1-appels-a-projets-linstitut-du-vehicule-innovant-ivi-est-a-la-recherche-de-quelques-entreprises\/","og_site_name":"CargoM","article_published_time":"2023-02-15T16:51:31+00:00","article_modified_time":"2023-02-15T17:16:18+00:00","og_image":[{"width":1200,"height":1200,"url":"https:\/\/www.cargo-montreal.ca\/wp-content\/uploads\/2023\/02\/image001-3.png","type":"image\/png"}],"author":"Karine Dudognon","twitter_card":"summary_large_image","twitter_misc":{"\u00c9crit par":"Karine Dudognon","Dur\u00e9e de lecture estim\u00e9e":"1 minute"},"schema":{"@context":"https:\/\/schema.org","@graph":[{"@type":"Article","@id":"https:\/\/www.cargo-montreal.ca\/fr\/1-appels-a-projets-linstitut-du-vehicule-innovant-ivi-est-a-la-recherche-de-quelques-entreprises\/#article","isPartOf":{"@id":"https:\/\/www.cargo-montreal.ca\/fr\/1-appels-a-projets-linstitut-du-vehicule-innovant-ivi-est-a-la-recherche-de-quelques-entreprises\/"},"author":{"name":"Karine Dudognon","@id":"https:\/\/www.cargo-montreal.ca\/fr\/#\/schema\/person\/80476d173ce654813db9fd1533901365"},"headline":"Appels \u00e0 projets : L\u2019institut du v\u00e9hicule innovant (IVI) est \u00e0 la recherche de quelques entreprises","datePublished":"2023-02-15T16:51:31+00:00","dateModified":"2023-02-15T17:16:18+00:00","mainEntityOfPage":{"@id":"https:\/\/www.cargo-montreal.ca\/fr\/1-appels-a-projets-linstitut-du-vehicule-innovant-ivi-est-a-la-recherche-de-quelques-entreprises\/"},"wordCount":166,"image":{"@id":"https:\/\/www.cargo-montreal.ca\/fr\/1-appels-a-projets-linstitut-du-vehicule-innovant-ivi-est-a-la-recherche-de-quelques-entreprises\/#primaryimage"},"thumbnailUrl":"https:\/\/www.cargo-montreal.ca\/wp-content\/uploads\/2023\/02\/image001-3.png","articleSection":["Services logistiques"],"inLanguage":"fr-FR"},{"@type":"WebPage","@id":"https:\/\/www.cargo-montreal.ca\/fr\/1-appels-a-projets-linstitut-du-vehicule-innovant-ivi-est-a-la-recherche-de-quelques-entreprises\/","url":"https:\/\/www.cargo-montreal.ca\/fr\/1-appels-a-projets-linstitut-du-vehicule-innovant-ivi-est-a-la-recherche-de-quelques-entreprises\/","name":"Appels \u00e0 projets : L\u2019institut du v\u00e9hicule innovant (IVI) est \u00e0 la recherche de quelques entreprises - CargoM","isPartOf":{"@id":"https:\/\/www.cargo-montreal.ca\/fr\/#website"},"primaryImageOfPage":{"@id":"https:\/\/www.cargo-montreal.ca\/fr\/1-appels-a-projets-linstitut-du-vehicule-innovant-ivi-est-a-la-recherche-de-quelques-entreprises\/#primaryimage"},"image":{"@id":"https:\/\/www.cargo-montreal.ca\/fr\/1-appels-a-projets-linstitut-du-vehicule-innovant-ivi-est-a-la-recherche-de-quelques-entreprises\/#primaryimage"},"thumbnailUrl":"https:\/\/www.cargo-montreal.ca\/wp-content\/uploads\/2023\/02\/image001-3.png","datePublished":"2023-02-15T16:51:31+00:00","dateModified":"2023-02-15T17:16:18+00:00","author":{"@id":"https:\/\/www.cargo-montreal.ca\/fr\/#\/schema\/person\/80476d173ce654813db9fd1533901365"},"breadcrumb":{"@id":"https:\/\/www.cargo-montreal.ca\/fr\/1-appels-a-projets-linstitut-du-vehicule-innovant-ivi-est-a-la-recherche-de-quelques-entreprises\/#breadcrumb"},"inLanguage":"fr-FR","potentialAction":[{"@type":"ReadAction","target":["https:\/\/www.cargo-montreal.ca\/fr\/1-appels-a-projets-linstitut-du-vehicule-innovant-ivi-est-a-la-recherche-de-quelques-entreprises\/"]}]},{"@type":"ImageObject","inLanguage":"fr-FR","@id":"https:\/\/www.cargo-montreal.ca\/fr\/1-appels-a-projets-linstitut-du-vehicule-innovant-ivi-est-a-la-recherche-de-quelques-entreprises\/#primaryimage","url":"https:\/\/www.cargo-montreal.ca\/wp-content\/uploads\/2023\/02\/image001-3.png","contentUrl":"https:\/\/www.cargo-montreal.ca\/wp-content\/uploads\/2023\/02\/image001-3.png","width":1200,"height":1200},{"@type":"BreadcrumbList","@id":"https:\/\/www.cargo-montreal.ca\/fr\/1-appels-a-projets-linstitut-du-vehicule-innovant-ivi-est-a-la-recherche-de-quelques-entreprises\/#breadcrumb","itemListElement":[{"@type":"ListItem","position":1,"name":"Home","item":"https:\/\/www.cargo-montreal.ca\/fr\/"},{"@type":"ListItem","position":2,"name":"Appels \u00e0 projets : L\u2019institut du v\u00e9hicule innovant (IVI) est \u00e0 la recherche de quelques entreprises"}]},{"@type":"WebSite","@id":"https:\/\/www.cargo-montreal.ca\/fr\/#website","url":"https:\/\/www.cargo-montreal.ca\/fr\/","name":"CargoM","description":"La mission de CargoM: Rassembler les acteurs de la logistique &amp; du transport de marchandises du Grand Montr\u00e9al autour d&#039;objectifs communs, d&#039;actions concert\u00e9es","potentialAction":[{"@type":"SearchAction","target":{"@type":"EntryPoint","urlTemplate":"https:\/\/www.cargo-montreal.ca\/fr\/?s={search_term_string}"},"query-input":{"@type":"PropertyValueSpecification","valueRequired":true,"valueName":"search_term_string"}}],"inLanguage":"fr-FR"},{"@type":"Person","@id":"https:\/\/www.cargo-montreal.ca\/fr\/#\/schema\/person\/80476d173ce654813db9fd1533901365","name":"Karine Dudognon","image":{"@type":"ImageObject","inLanguage":"fr-FR","@id":"https:\/\/secure.gravatar.com\/avatar\/673bdfb703a9b6685a88bc7dfb04a9ea2b48b30e9d1663a5e759a4e9bfa3e2c0?s=96&d=mm&r=g","url":"https:\/\/secure.gravatar.com\/avatar\/673bdfb703a9b6685a88bc7dfb04a9ea2b48b30e9d1663a5e759a4e9bfa3e2c0?s=96&d=mm&r=g","contentUrl":"https:\/\/secure.gravatar.com\/avatar\/673bdfb703a9b6685a88bc7dfb04a9ea2b48b30e9d1663a5e759a4e9bfa3e2c0?s=96&d=mm&r=g","caption":"Karine Dudognon"},"url":"https:\/\/www.cargo-montreal.ca\/fr\/author\/karine\/"}]}},"_links":{"self":[{"href":"https:\/\/www.cargo-montreal.ca\/fr\/wp-json\/wp\/v2\/posts\/14425","targetHints":{"allow":["GET"]}}],"collection":[{"href":"https:\/\/www.cargo-montreal.ca\/fr\/wp-json\/wp\/v2\/posts"}],"about":[{"href":"https:\/\/www.cargo-montreal.ca\/fr\/wp-json\/wp\/v2\/types\/post"}],"author":[{"embeddable":true,"href":"https:\/\/www.cargo-montreal.ca\/fr\/wp-json\/wp\/v2\/users\/39"}],"replies":[{"embeddable":true,"href":"https:\/\/www.cargo-montreal.ca\/fr\/wp-json\/wp\/v2\/comments?post=14425"}],"version-history":[{"count":2,"href":"https:\/\/www.cargo-montreal.ca\/fr\/wp-json\/wp\/v2\/posts\/14425\/revisions"}],"predecessor-version":[{"id":14450,"href":"https:\/\/www.cargo-montreal.ca\/fr\/wp-json\/wp\/v2\/posts\/14425\/revisions\/14450"}],"wp:featuredmedia":[{"embeddable":true,"href":"https:\/\/www.cargo-montreal.ca\/fr\/wp-json\/wp\/v2\/media\/14377"}],"wp:attachment":[{"href":"https:\/\/www.cargo-montreal.ca\/fr\/wp-json\/wp\/v2\/media?parent=14425"}],"wp:term":[{"taxonomy":"category","embeddable":true,"href":"https:\/\/www.cargo-montreal.ca\/fr\/wp-json\/wp\/v2\/categories?post=14425"},{"taxonomy":"post_tag","embeddable":true,"href":"https:\/\/www.cargo-montreal.ca\/fr\/wp-json\/wp\/v2\/tags?post=14425"}],"curies":[{"name":"wp","href":"https:\/\/api.w.org\/{rel}","templated":true}]}}