{"id":14429,"date":"2023-02-15T16:56:15","date_gmt":"2023-02-15T16:56:15","guid":{"rendered":"https:\/\/www.cargo-montreal.ca\/?p=14429"},"modified":"2023-02-15T17:15:20","modified_gmt":"2023-02-15T17:15:20","slug":"formations-college-lionel-groulx","status":"publish","type":"post","link":"https:\/\/www.cargo-montreal.ca\/fr\/formations-college-lionel-groulx\/","title":{"rendered":"Formations : Coll\u00e8ge Lionel-Groulx"},"content":{"rendered":"<strong>AEC<\/strong>\r\n<p align=\"justify\">20 f\u00e9vrier 2023 au 8 mars 2024\u00a0\u2013\u00a0<a href=\"https:\/\/clg.qc.ca\/formation-continue\/logistique-du-transport\/#apercu-1-tab\" target=\"_blank\" rel=\"noopener\" data-hs-link-id=\"0\">AEC en Logistique du transport<\/a><\/p>\r\n<p align=\"justify\">27 mars 2023 au 31 mars 2024\u00a0\u2013\u00a0<a href=\"https:\/\/clg.qc.ca\/formation-continue\/gestion-des-approvisionnements-et-planification-de-la-production\/#apercu-1-tab\" target=\"_blank\" rel=\"noopener\" data-hs-link-id=\"0\">AEC en Gestion des approvisionnements et planification de la production<\/a><\/p>\r\n<p align=\"justify\"><strong>Dipl\u00f4me d\u2019\u00e9tudes coll\u00e9giales (DEC)<\/strong><\/p>\r\n<p align=\"justify\"><a href=\"https:\/\/clg.qc.ca\/programmes\/gestion-des-operations-et-de-la-chaine-logistique\/#apercu-1-tab\" target=\"_blank\" rel=\"noopener\" data-hs-link-id=\"0\">Gestion des op\u00e9rations et de la cha\u00eene logistique.<\/a><\/p>","protected":false},"excerpt":{"rendered":"AEC 20 f\u00e9vrier 2023 au 8 mars 2024\u00a0\u2013\u00a0AEC en Logistique du transport 27 mars 2023 au 31 mars 2024\u00a0\u2013\u00a0AEC en Gestion des approvisionnements et planification de la production Dipl\u00f4me d\u2019\u00e9tudes coll\u00e9giales (DEC) Gestion des op\u00e9rations et de la cha\u00eene logistique.","protected":false},"author":39,"featured_media":14371,"comment_status":"closed","ping_status":"closed","sticky":false,"template":"","format":"standard","meta":{"_acf_changed":false,"footnotes":""},"categories":[20],"tags":[],"class_list":["post-14429","post","type-post","status-publish","format-standard","has-post-thumbnail","hentry","category-services-logistiques"],"acf":[],"yoast_head":"<!-- This site is optimized with the Yoast SEO plugin v27.3 - https:\/\/yoast.com\/product\/yoast-seo-wordpress\/ -->\n<title>Formations : Coll\u00e8ge Lionel-Groulx - CargoM<\/title>\n<meta name=\"robots\" content=\"index, follow, max-snippet:-1, max-image-preview:large, max-video-preview:-1\" \/>\n<link rel=\"canonical\" href=\"https:\/\/www.cargo-montreal.ca\/fr\/formations-college-lionel-groulx\/\" \/>\n<meta property=\"og:locale\" content=\"fr_FR\" \/>\n<meta property=\"og:type\" content=\"article\" \/>\n<meta property=\"og:title\" content=\"Formations : Coll\u00e8ge Lionel-Groulx - CargoM\" \/>\n<meta property=\"og:description\" content=\"AEC 20 f\u00e9vrier 2023 au 8 mars 2024\u00a0\u2013\u00a0AEC en Logistique du transport 27 mars 2023 au 31 mars 2024\u00a0\u2013\u00a0AEC en Gestion des approvisionnements et planification de la production Dipl\u00f4me d\u2019\u00e9tudes coll\u00e9giales (DEC) Gestion des op\u00e9rations et de la cha\u00eene logistique.\" \/>\n<meta property=\"og:url\" content=\"https:\/\/www.cargo-montreal.ca\/fr\/formations-college-lionel-groulx\/\" \/>\n<meta property=\"og:site_name\" content=\"CargoM\" \/>\n<meta property=\"article:published_time\" content=\"2023-02-15T16:56:15+00:00\" \/>\n<meta property=\"article:modified_time\" content=\"2023-02-15T17:15:20+00:00\" \/>\n<meta property=\"og:image\" content=\"https:\/\/www.cargo-montreal.ca\/wp-content\/uploads\/2023\/02\/CLG_Logo_NOIR-ROUGE-4.png\" \/>\n\t<meta property=\"og:image:width\" content=\"2042\" \/>\n\t<meta property=\"og:image:height\" content=\"1225\" \/>\n\t<meta property=\"og:image:type\" content=\"image\/png\" \/>\n<meta name=\"author\" content=\"Karine Dudognon\" \/>\n<meta name=\"twitter:card\" content=\"summary_large_image\" \/>\n<meta name=\"twitter:label1\" content=\"\u00c9crit par\" \/>\n\t<meta name=\"twitter:data1\" content=\"Karine Dudognon\" \/>\n\t<meta name=\"twitter:label2\" content=\"Dur\u00e9e de lecture estim\u00e9e\" \/>\n\t<meta name=\"twitter:data2\" content=\"1 minute\" \/>\n<script type=\"application\/ld+json\" class=\"yoast-schema-graph\">{\"@context\":\"https:\\\/\\\/schema.org\",\"@graph\":[{\"@type\":\"Article\",\"@id\":\"https:\\\/\\\/www.cargo-montreal.ca\\\/fr\\\/formations-college-lionel-groulx\\\/#article\",\"isPartOf\":{\"@id\":\"https:\\\/\\\/www.cargo-montreal.ca\\\/fr\\\/formations-college-lionel-groulx\\\/\"},\"author\":{\"name\":\"Karine Dudognon\",\"@id\":\"https:\\\/\\\/www.cargo-montreal.ca\\\/fr\\\/#\\\/schema\\\/person\\\/80476d173ce654813db9fd1533901365\"},\"headline\":\"Formations : Coll\u00e8ge Lionel-Groulx\",\"datePublished\":\"2023-02-15T16:56:15+00:00\",\"dateModified\":\"2023-02-15T17:15:20+00:00\",\"mainEntityOfPage\":{\"@id\":\"https:\\\/\\\/www.cargo-montreal.ca\\\/fr\\\/formations-college-lionel-groulx\\\/\"},\"wordCount\":44,\"image\":{\"@id\":\"https:\\\/\\\/www.cargo-montreal.ca\\\/fr\\\/formations-college-lionel-groulx\\\/#primaryimage\"},\"thumbnailUrl\":\"https:\\\/\\\/www.cargo-montreal.ca\\\/wp-content\\\/uploads\\\/2023\\\/02\\\/CLG_Logo_NOIR-ROUGE-4.png\",\"articleSection\":[\"Services logistiques\"],\"inLanguage\":\"fr-FR\"},{\"@type\":\"WebPage\",\"@id\":\"https:\\\/\\\/www.cargo-montreal.ca\\\/fr\\\/formations-college-lionel-groulx\\\/\",\"url\":\"https:\\\/\\\/www.cargo-montreal.ca\\\/fr\\\/formations-college-lionel-groulx\\\/\",\"name\":\"Formations : Coll\u00e8ge Lionel-Groulx - CargoM\",\"isPartOf\":{\"@id\":\"https:\\\/\\\/www.cargo-montreal.ca\\\/fr\\\/#website\"},\"primaryImageOfPage\":{\"@id\":\"https:\\\/\\\/www.cargo-montreal.ca\\\/fr\\\/formations-college-lionel-groulx\\\/#primaryimage\"},\"image\":{\"@id\":\"https:\\\/\\\/www.cargo-montreal.ca\\\/fr\\\/formations-college-lionel-groulx\\\/#primaryimage\"},\"thumbnailUrl\":\"https:\\\/\\\/www.cargo-montreal.ca\\\/wp-content\\\/uploads\\\/2023\\\/02\\\/CLG_Logo_NOIR-ROUGE-4.png\",\"datePublished\":\"2023-02-15T16:56:15+00:00\",\"dateModified\":\"2023-02-15T17:15:20+00:00\",\"author\":{\"@id\":\"https:\\\/\\\/www.cargo-montreal.ca\\\/fr\\\/#\\\/schema\\\/person\\\/80476d173ce654813db9fd1533901365\"},\"breadcrumb\":{\"@id\":\"https:\\\/\\\/www.cargo-montreal.ca\\\/fr\\\/formations-college-lionel-groulx\\\/#breadcrumb\"},\"inLanguage\":\"fr-FR\",\"potentialAction\":[{\"@type\":\"ReadAction\",\"target\":[\"https:\\\/\\\/www.cargo-montreal.ca\\\/fr\\\/formations-college-lionel-groulx\\\/\"]}]},{\"@type\":\"ImageObject\",\"inLanguage\":\"fr-FR\",\"@id\":\"https:\\\/\\\/www.cargo-montreal.ca\\\/fr\\\/formations-college-lionel-groulx\\\/#primaryimage\",\"url\":\"https:\\\/\\\/www.cargo-montreal.ca\\\/wp-content\\\/uploads\\\/2023\\\/02\\\/CLG_Logo_NOIR-ROUGE-4.png\",\"contentUrl\":\"https:\\\/\\\/www.cargo-montreal.ca\\\/wp-content\\\/uploads\\\/2023\\\/02\\\/CLG_Logo_NOIR-ROUGE-4.png\",\"width\":2042,\"height\":1225},{\"@type\":\"BreadcrumbList\",\"@id\":\"https:\\\/\\\/www.cargo-montreal.ca\\\/fr\\\/formations-college-lionel-groulx\\\/#breadcrumb\",\"itemListElement\":[{\"@type\":\"ListItem\",\"position\":1,\"name\":\"Home\",\"item\":\"https:\\\/\\\/www.cargo-montreal.ca\\\/fr\\\/\"},{\"@type\":\"ListItem\",\"position\":2,\"name\":\"Formations : Coll\u00e8ge Lionel-Groulx\"}]},{\"@type\":\"WebSite\",\"@id\":\"https:\\\/\\\/www.cargo-montreal.ca\\\/fr\\\/#website\",\"url\":\"https:\\\/\\\/www.cargo-montreal.ca\\\/fr\\\/\",\"name\":\"CargoM\",\"description\":\"La mission de CargoM: Rassembler les acteurs de la logistique &amp; du transport de marchandises du Grand Montr\u00e9al autour d&#039;objectifs communs, d&#039;actions concert\u00e9es\",\"potentialAction\":[{\"@type\":\"SearchAction\",\"target\":{\"@type\":\"EntryPoint\",\"urlTemplate\":\"https:\\\/\\\/www.cargo-montreal.ca\\\/fr\\\/?s={search_term_string}\"},\"query-input\":{\"@type\":\"PropertyValueSpecification\",\"valueRequired\":true,\"valueName\":\"search_term_string\"}}],\"inLanguage\":\"fr-FR\"},{\"@type\":\"Person\",\"@id\":\"https:\\\/\\\/www.cargo-montreal.ca\\\/fr\\\/#\\\/schema\\\/person\\\/80476d173ce654813db9fd1533901365\",\"name\":\"Karine Dudognon\",\"image\":{\"@type\":\"ImageObject\",\"inLanguage\":\"fr-FR\",\"@id\":\"https:\\\/\\\/secure.gravatar.com\\\/avatar\\\/673bdfb703a9b6685a88bc7dfb04a9ea2b48b30e9d1663a5e759a4e9bfa3e2c0?s=96&d=mm&r=g\",\"url\":\"https:\\\/\\\/secure.gravatar.com\\\/avatar\\\/673bdfb703a9b6685a88bc7dfb04a9ea2b48b30e9d1663a5e759a4e9bfa3e2c0?s=96&d=mm&r=g\",\"contentUrl\":\"https:\\\/\\\/secure.gravatar.com\\\/avatar\\\/673bdfb703a9b6685a88bc7dfb04a9ea2b48b30e9d1663a5e759a4e9bfa3e2c0?s=96&d=mm&r=g\",\"caption\":\"Karine Dudognon\"},\"url\":\"https:\\\/\\\/www.cargo-montreal.ca\\\/fr\\\/author\\\/karine\\\/\"}]}<\/script>\n<!-- \/ Yoast SEO plugin. -->","yoast_head_json":{"title":"Formations : Coll\u00e8ge Lionel-Groulx - CargoM","robots":{"index":"index","follow":"follow","max-snippet":"max-snippet:-1","max-image-preview":"max-image-preview:large","max-video-preview":"max-video-preview:-1"},"canonical":"https:\/\/www.cargo-montreal.ca\/fr\/formations-college-lionel-groulx\/","og_locale":"fr_FR","og_type":"article","og_title":"Formations : Coll\u00e8ge Lionel-Groulx - CargoM","og_description":"AEC 20 f\u00e9vrier 2023 au 8 mars 2024\u00a0\u2013\u00a0AEC en Logistique du transport 27 mars 2023 au 31 mars 2024\u00a0\u2013\u00a0AEC en Gestion des approvisionnements et planification de la production Dipl\u00f4me d\u2019\u00e9tudes coll\u00e9giales (DEC) Gestion des op\u00e9rations et de la cha\u00eene logistique.","og_url":"https:\/\/www.cargo-montreal.ca\/fr\/formations-college-lionel-groulx\/","og_site_name":"CargoM","article_published_time":"2023-02-15T16:56:15+00:00","article_modified_time":"2023-02-15T17:15:20+00:00","og_image":[{"width":2042,"height":1225,"url":"https:\/\/www.cargo-montreal.ca\/wp-content\/uploads\/2023\/02\/CLG_Logo_NOIR-ROUGE-4.png","type":"image\/png"}],"author":"Karine Dudognon","twitter_card":"summary_large_image","twitter_misc":{"\u00c9crit par":"Karine Dudognon","Dur\u00e9e de lecture estim\u00e9e":"1 minute"},"schema":{"@context":"https:\/\/schema.org","@graph":[{"@type":"Article","@id":"https:\/\/www.cargo-montreal.ca\/fr\/formations-college-lionel-groulx\/#article","isPartOf":{"@id":"https:\/\/www.cargo-montreal.ca\/fr\/formations-college-lionel-groulx\/"},"author":{"name":"Karine Dudognon","@id":"https:\/\/www.cargo-montreal.ca\/fr\/#\/schema\/person\/80476d173ce654813db9fd1533901365"},"headline":"Formations : Coll\u00e8ge Lionel-Groulx","datePublished":"2023-02-15T16:56:15+00:00","dateModified":"2023-02-15T17:15:20+00:00","mainEntityOfPage":{"@id":"https:\/\/www.cargo-montreal.ca\/fr\/formations-college-lionel-groulx\/"},"wordCount":44,"image":{"@id":"https:\/\/www.cargo-montreal.ca\/fr\/formations-college-lionel-groulx\/#primaryimage"},"thumbnailUrl":"https:\/\/www.cargo-montreal.ca\/wp-content\/uploads\/2023\/02\/CLG_Logo_NOIR-ROUGE-4.png","articleSection":["Services logistiques"],"inLanguage":"fr-FR"},{"@type":"WebPage","@id":"https:\/\/www.cargo-montreal.ca\/fr\/formations-college-lionel-groulx\/","url":"https:\/\/www.cargo-montreal.ca\/fr\/formations-college-lionel-groulx\/","name":"Formations : Coll\u00e8ge Lionel-Groulx - CargoM","isPartOf":{"@id":"https:\/\/www.cargo-montreal.ca\/fr\/#website"},"primaryImageOfPage":{"@id":"https:\/\/www.cargo-montreal.ca\/fr\/formations-college-lionel-groulx\/#primaryimage"},"image":{"@id":"https:\/\/www.cargo-montreal.ca\/fr\/formations-college-lionel-groulx\/#primaryimage"},"thumbnailUrl":"https:\/\/www.cargo-montreal.ca\/wp-content\/uploads\/2023\/02\/CLG_Logo_NOIR-ROUGE-4.png","datePublished":"2023-02-15T16:56:15+00:00","dateModified":"2023-02-15T17:15:20+00:00","author":{"@id":"https:\/\/www.cargo-montreal.ca\/fr\/#\/schema\/person\/80476d173ce654813db9fd1533901365"},"breadcrumb":{"@id":"https:\/\/www.cargo-montreal.ca\/fr\/formations-college-lionel-groulx\/#breadcrumb"},"inLanguage":"fr-FR","potentialAction":[{"@type":"ReadAction","target":["https:\/\/www.cargo-montreal.ca\/fr\/formations-college-lionel-groulx\/"]}]},{"@type":"ImageObject","inLanguage":"fr-FR","@id":"https:\/\/www.cargo-montreal.ca\/fr\/formations-college-lionel-groulx\/#primaryimage","url":"https:\/\/www.cargo-montreal.ca\/wp-content\/uploads\/2023\/02\/CLG_Logo_NOIR-ROUGE-4.png","contentUrl":"https:\/\/www.cargo-montreal.ca\/wp-content\/uploads\/2023\/02\/CLG_Logo_NOIR-ROUGE-4.png","width":2042,"height":1225},{"@type":"BreadcrumbList","@id":"https:\/\/www.cargo-montreal.ca\/fr\/formations-college-lionel-groulx\/#breadcrumb","itemListElement":[{"@type":"ListItem","position":1,"name":"Home","item":"https:\/\/www.cargo-montreal.ca\/fr\/"},{"@type":"ListItem","position":2,"name":"Formations : Coll\u00e8ge Lionel-Groulx"}]},{"@type":"WebSite","@id":"https:\/\/www.cargo-montreal.ca\/fr\/#website","url":"https:\/\/www.cargo-montreal.ca\/fr\/","name":"CargoM","description":"La mission de CargoM: Rassembler les acteurs de la logistique &amp; du transport de marchandises du Grand Montr\u00e9al autour d&#039;objectifs communs, d&#039;actions concert\u00e9es","potentialAction":[{"@type":"SearchAction","target":{"@type":"EntryPoint","urlTemplate":"https:\/\/www.cargo-montreal.ca\/fr\/?s={search_term_string}"},"query-input":{"@type":"PropertyValueSpecification","valueRequired":true,"valueName":"search_term_string"}}],"inLanguage":"fr-FR"},{"@type":"Person","@id":"https:\/\/www.cargo-montreal.ca\/fr\/#\/schema\/person\/80476d173ce654813db9fd1533901365","name":"Karine Dudognon","image":{"@type":"ImageObject","inLanguage":"fr-FR","@id":"https:\/\/secure.gravatar.com\/avatar\/673bdfb703a9b6685a88bc7dfb04a9ea2b48b30e9d1663a5e759a4e9bfa3e2c0?s=96&d=mm&r=g","url":"https:\/\/secure.gravatar.com\/avatar\/673bdfb703a9b6685a88bc7dfb04a9ea2b48b30e9d1663a5e759a4e9bfa3e2c0?s=96&d=mm&r=g","contentUrl":"https:\/\/secure.gravatar.com\/avatar\/673bdfb703a9b6685a88bc7dfb04a9ea2b48b30e9d1663a5e759a4e9bfa3e2c0?s=96&d=mm&r=g","caption":"Karine Dudognon"},"url":"https:\/\/www.cargo-montreal.ca\/fr\/author\/karine\/"}]}},"_links":{"self":[{"href":"https:\/\/www.cargo-montreal.ca\/fr\/wp-json\/wp\/v2\/posts\/14429","targetHints":{"allow":["GET"]}}],"collection":[{"href":"https:\/\/www.cargo-montreal.ca\/fr\/wp-json\/wp\/v2\/posts"}],"about":[{"href":"https:\/\/www.cargo-montreal.ca\/fr\/wp-json\/wp\/v2\/types\/post"}],"author":[{"embeddable":true,"href":"https:\/\/www.cargo-montreal.ca\/fr\/wp-json\/wp\/v2\/users\/39"}],"replies":[{"embeddable":true,"href":"https:\/\/www.cargo-montreal.ca\/fr\/wp-json\/wp\/v2\/comments?post=14429"}],"version-history":[{"count":3,"href":"https:\/\/www.cargo-montreal.ca\/fr\/wp-json\/wp\/v2\/posts\/14429\/revisions"}],"predecessor-version":[{"id":14448,"href":"https:\/\/www.cargo-montreal.ca\/fr\/wp-json\/wp\/v2\/posts\/14429\/revisions\/14448"}],"wp:featuredmedia":[{"embeddable":true,"href":"https:\/\/www.cargo-montreal.ca\/fr\/wp-json\/wp\/v2\/media\/14371"}],"wp:attachment":[{"href":"https:\/\/www.cargo-montreal.ca\/fr\/wp-json\/wp\/v2\/media?parent=14429"}],"wp:term":[{"taxonomy":"category","embeddable":true,"href":"https:\/\/www.cargo-montreal.ca\/fr\/wp-json\/wp\/v2\/categories?post=14429"},{"taxonomy":"post_tag","embeddable":true,"href":"https:\/\/www.cargo-montreal.ca\/fr\/wp-json\/wp\/v2\/tags?post=14429"}],"curies":[{"name":"wp","href":"https:\/\/api.w.org\/{rel}","templated":true}]}}