{"id":14434,"date":"2023-02-15T17:01:09","date_gmt":"2023-02-15T17:01:09","guid":{"rendered":"https:\/\/www.cargo-montreal.ca\/?p=14434"},"modified":"2023-02-15T17:14:42","modified_gmt":"2023-02-15T17:14:42","slug":"1-formations-comite-sectoriel-de-main-doeuvre-de-lindustrie-maritime-csmoim","status":"publish","type":"post","link":"https:\/\/www.cargo-montreal.ca\/fr\/1-formations-comite-sectoriel-de-main-doeuvre-de-lindustrie-maritime-csmoim\/","title":{"rendered":"Formations : Comit\u00e9 sectoriel de main-d\u2019\u0153uvre de l\u2019industrie maritime (CSMOIM)"},"content":{"rendered":"<p align=\"justify\">Le Comit\u00e9 sectoriel de main-d\u2019\u0153uvre de l\u2019industrie maritime, en collaboration avec 10 autres comit\u00e9s sectoriels, est heureux de vous inviter aux Grands d\u00e9jeuners RH qui auront lieu au mois de mars 2023.<\/p>\r\n<p align=\"justify\">22 f\u00e9vrier 2023 (Qu\u00e9bec)\u00a0\u2013\u00a0<a href=\"https:\/\/www.csmoim.qc.ca\/fr\/formulaires\/formulaire-dinscription-atelierRPM\" target=\"_blank\" rel=\"noopener\" data-hs-link-id=\"0\">Atelier r\u00e9glementaire 2023\u00a0\u2013\u00a0R\u00e8glement sur le personnel maritime (RPM)<\/a><\/p>\r\n21 mars 2023 (Beloeil)\r\n23 mars 2023 (Laval)\r\n28 mars 2023 (formule webinaire)\r\n\r\n<a href=\"https:\/\/www.csmoim.qc.ca\/fr\/formulaires\/Formulaire-dinscription-GrandsDejeunersRH\" target=\"_blank\" rel=\"noopener\" data-hs-link-id=\"0\">Pour vous inscrire<\/a>.\r\n<p align=\"justify\">D\u2019autres formations en formule pr\u00e9sentielle et virtuelle sont offertes.\u00a0<a href=\"http:\/\/www.csmoim.qc.ca\/fr\/travailleurs-de-lindustrie\/calendrier-du-comite\" target=\"_blank\" rel=\"noopener\" data-hs-link-id=\"0\">Consultez le calendrier des \u00e9v\u00e9nements et des formations<\/a>\u00a0pour conna\u00eetre les dates et lieux.<\/p>","protected":false},"excerpt":{"rendered":"Le Comit\u00e9 sectoriel de main-d\u2019\u0153uvre de l\u2019industrie maritime, en collaboration avec 10 autres comit\u00e9s sectoriels, est heureux de vous inviter aux Grands d\u00e9jeuners RH qui auront lieu au mois de mars 2023. 22 f\u00e9vrier 2023 (Qu\u00e9bec)\u00a0\u2013\u00a0Atelier r\u00e9glementaire 2023\u00a0\u2013\u00a0R\u00e8glement sur le personnel maritime (RPM) 21 mars 2023 (Beloeil) 23 mars 2023 (Laval) 28 mars 2023 (formule [&hellip;]","protected":false},"author":39,"featured_media":12975,"comment_status":"closed","ping_status":"closed","sticky":false,"template":"","format":"standard","meta":{"_acf_changed":false,"footnotes":""},"categories":[20],"tags":[],"class_list":["post-14434","post","type-post","status-publish","format-standard","has-post-thumbnail","hentry","category-services-logistiques"],"acf":[],"yoast_head":"<!-- This site is optimized with the Yoast SEO plugin v27.3 - https:\/\/yoast.com\/product\/yoast-seo-wordpress\/ -->\n<title>Formations : Comit\u00e9 sectoriel de main-d\u2019\u0153uvre de l\u2019industrie maritime (CSMOIM) - CargoM<\/title>\n<meta name=\"robots\" content=\"index, follow, max-snippet:-1, max-image-preview:large, max-video-preview:-1\" \/>\n<link rel=\"canonical\" href=\"https:\/\/www.cargo-montreal.ca\/fr\/1-formations-comite-sectoriel-de-main-doeuvre-de-lindustrie-maritime-csmoim\/\" \/>\n<meta property=\"og:locale\" content=\"fr_FR\" \/>\n<meta property=\"og:type\" content=\"article\" \/>\n<meta property=\"og:title\" content=\"Formations : Comit\u00e9 sectoriel de main-d\u2019\u0153uvre de l\u2019industrie maritime (CSMOIM) - CargoM\" \/>\n<meta property=\"og:description\" content=\"Le Comit\u00e9 sectoriel de main-d\u2019\u0153uvre de l\u2019industrie maritime, en collaboration avec 10 autres comit\u00e9s sectoriels, est heureux de vous inviter aux Grands d\u00e9jeuners RH qui auront lieu au mois de mars 2023. 22 f\u00e9vrier 2023 (Qu\u00e9bec)\u00a0\u2013\u00a0Atelier r\u00e9glementaire 2023\u00a0\u2013\u00a0R\u00e8glement sur le personnel maritime (RPM) 21 mars 2023 (Beloeil) 23 mars 2023 (Laval) 28 mars 2023 (formule [&hellip;]\" \/>\n<meta property=\"og:url\" content=\"https:\/\/www.cargo-montreal.ca\/fr\/1-formations-comite-sectoriel-de-main-doeuvre-de-lindustrie-maritime-csmoim\/\" \/>\n<meta property=\"og:site_name\" content=\"CargoM\" \/>\n<meta property=\"article:published_time\" content=\"2023-02-15T17:01:09+00:00\" \/>\n<meta property=\"article:modified_time\" content=\"2023-02-15T17:14:42+00:00\" \/>\n<meta property=\"og:image\" content=\"https:\/\/www.cargo-montreal.ca\/wp-content\/uploads\/2022\/03\/Logo-CSMO-Maritime-2.jpg\" \/>\n\t<meta property=\"og:image:width\" content=\"368\" \/>\n\t<meta property=\"og:image:height\" content=\"211\" \/>\n\t<meta property=\"og:image:type\" content=\"image\/jpeg\" \/>\n<meta name=\"author\" content=\"Karine Dudognon\" \/>\n<meta name=\"twitter:card\" content=\"summary_large_image\" \/>\n<meta name=\"twitter:label1\" content=\"\u00c9crit par\" \/>\n\t<meta name=\"twitter:data1\" content=\"Karine Dudognon\" \/>\n\t<meta name=\"twitter:label2\" content=\"Dur\u00e9e de lecture estim\u00e9e\" \/>\n\t<meta name=\"twitter:data2\" content=\"1 minute\" \/>\n<script type=\"application\/ld+json\" class=\"yoast-schema-graph\">{\"@context\":\"https:\\\/\\\/schema.org\",\"@graph\":[{\"@type\":\"Article\",\"@id\":\"https:\\\/\\\/www.cargo-montreal.ca\\\/fr\\\/1-formations-comite-sectoriel-de-main-doeuvre-de-lindustrie-maritime-csmoim\\\/#article\",\"isPartOf\":{\"@id\":\"https:\\\/\\\/www.cargo-montreal.ca\\\/fr\\\/1-formations-comite-sectoriel-de-main-doeuvre-de-lindustrie-maritime-csmoim\\\/\"},\"author\":{\"name\":\"Karine Dudognon\",\"@id\":\"https:\\\/\\\/www.cargo-montreal.ca\\\/fr\\\/#\\\/schema\\\/person\\\/80476d173ce654813db9fd1533901365\"},\"headline\":\"Formations : Comit\u00e9 sectoriel de main-d\u2019\u0153uvre de l\u2019industrie maritime (CSMOIM)\",\"datePublished\":\"2023-02-15T17:01:09+00:00\",\"dateModified\":\"2023-02-15T17:14:42+00:00\",\"mainEntityOfPage\":{\"@id\":\"https:\\\/\\\/www.cargo-montreal.ca\\\/fr\\\/1-formations-comite-sectoriel-de-main-doeuvre-de-lindustrie-maritime-csmoim\\\/\"},\"wordCount\":96,\"image\":{\"@id\":\"https:\\\/\\\/www.cargo-montreal.ca\\\/fr\\\/1-formations-comite-sectoriel-de-main-doeuvre-de-lindustrie-maritime-csmoim\\\/#primaryimage\"},\"thumbnailUrl\":\"https:\\\/\\\/www.cargo-montreal.ca\\\/wp-content\\\/uploads\\\/2022\\\/03\\\/Logo-CSMO-Maritime-2.jpg\",\"articleSection\":[\"Services logistiques\"],\"inLanguage\":\"fr-FR\"},{\"@type\":\"WebPage\",\"@id\":\"https:\\\/\\\/www.cargo-montreal.ca\\\/fr\\\/1-formations-comite-sectoriel-de-main-doeuvre-de-lindustrie-maritime-csmoim\\\/\",\"url\":\"https:\\\/\\\/www.cargo-montreal.ca\\\/fr\\\/1-formations-comite-sectoriel-de-main-doeuvre-de-lindustrie-maritime-csmoim\\\/\",\"name\":\"Formations : Comit\u00e9 sectoriel de main-d\u2019\u0153uvre de l\u2019industrie maritime (CSMOIM) - CargoM\",\"isPartOf\":{\"@id\":\"https:\\\/\\\/www.cargo-montreal.ca\\\/fr\\\/#website\"},\"primaryImageOfPage\":{\"@id\":\"https:\\\/\\\/www.cargo-montreal.ca\\\/fr\\\/1-formations-comite-sectoriel-de-main-doeuvre-de-lindustrie-maritime-csmoim\\\/#primaryimage\"},\"image\":{\"@id\":\"https:\\\/\\\/www.cargo-montreal.ca\\\/fr\\\/1-formations-comite-sectoriel-de-main-doeuvre-de-lindustrie-maritime-csmoim\\\/#primaryimage\"},\"thumbnailUrl\":\"https:\\\/\\\/www.cargo-montreal.ca\\\/wp-content\\\/uploads\\\/2022\\\/03\\\/Logo-CSMO-Maritime-2.jpg\",\"datePublished\":\"2023-02-15T17:01:09+00:00\",\"dateModified\":\"2023-02-15T17:14:42+00:00\",\"author\":{\"@id\":\"https:\\\/\\\/www.cargo-montreal.ca\\\/fr\\\/#\\\/schema\\\/person\\\/80476d173ce654813db9fd1533901365\"},\"breadcrumb\":{\"@id\":\"https:\\\/\\\/www.cargo-montreal.ca\\\/fr\\\/1-formations-comite-sectoriel-de-main-doeuvre-de-lindustrie-maritime-csmoim\\\/#breadcrumb\"},\"inLanguage\":\"fr-FR\",\"potentialAction\":[{\"@type\":\"ReadAction\",\"target\":[\"https:\\\/\\\/www.cargo-montreal.ca\\\/fr\\\/1-formations-comite-sectoriel-de-main-doeuvre-de-lindustrie-maritime-csmoim\\\/\"]}]},{\"@type\":\"ImageObject\",\"inLanguage\":\"fr-FR\",\"@id\":\"https:\\\/\\\/www.cargo-montreal.ca\\\/fr\\\/1-formations-comite-sectoriel-de-main-doeuvre-de-lindustrie-maritime-csmoim\\\/#primaryimage\",\"url\":\"https:\\\/\\\/www.cargo-montreal.ca\\\/wp-content\\\/uploads\\\/2022\\\/03\\\/Logo-CSMO-Maritime-2.jpg\",\"contentUrl\":\"https:\\\/\\\/www.cargo-montreal.ca\\\/wp-content\\\/uploads\\\/2022\\\/03\\\/Logo-CSMO-Maritime-2.jpg\",\"width\":368,\"height\":211},{\"@type\":\"BreadcrumbList\",\"@id\":\"https:\\\/\\\/www.cargo-montreal.ca\\\/fr\\\/1-formations-comite-sectoriel-de-main-doeuvre-de-lindustrie-maritime-csmoim\\\/#breadcrumb\",\"itemListElement\":[{\"@type\":\"ListItem\",\"position\":1,\"name\":\"Home\",\"item\":\"https:\\\/\\\/www.cargo-montreal.ca\\\/fr\\\/\"},{\"@type\":\"ListItem\",\"position\":2,\"name\":\"Formations : Comit\u00e9 sectoriel de main-d\u2019\u0153uvre de l\u2019industrie maritime (CSMOIM)\"}]},{\"@type\":\"WebSite\",\"@id\":\"https:\\\/\\\/www.cargo-montreal.ca\\\/fr\\\/#website\",\"url\":\"https:\\\/\\\/www.cargo-montreal.ca\\\/fr\\\/\",\"name\":\"CargoM\",\"description\":\"La mission de CargoM: Rassembler les acteurs de la logistique &amp; du transport de marchandises du Grand Montr\u00e9al autour d&#039;objectifs communs, d&#039;actions concert\u00e9es\",\"potentialAction\":[{\"@type\":\"SearchAction\",\"target\":{\"@type\":\"EntryPoint\",\"urlTemplate\":\"https:\\\/\\\/www.cargo-montreal.ca\\\/fr\\\/?s={search_term_string}\"},\"query-input\":{\"@type\":\"PropertyValueSpecification\",\"valueRequired\":true,\"valueName\":\"search_term_string\"}}],\"inLanguage\":\"fr-FR\"},{\"@type\":\"Person\",\"@id\":\"https:\\\/\\\/www.cargo-montreal.ca\\\/fr\\\/#\\\/schema\\\/person\\\/80476d173ce654813db9fd1533901365\",\"name\":\"Karine Dudognon\",\"image\":{\"@type\":\"ImageObject\",\"inLanguage\":\"fr-FR\",\"@id\":\"https:\\\/\\\/secure.gravatar.com\\\/avatar\\\/673bdfb703a9b6685a88bc7dfb04a9ea2b48b30e9d1663a5e759a4e9bfa3e2c0?s=96&d=mm&r=g\",\"url\":\"https:\\\/\\\/secure.gravatar.com\\\/avatar\\\/673bdfb703a9b6685a88bc7dfb04a9ea2b48b30e9d1663a5e759a4e9bfa3e2c0?s=96&d=mm&r=g\",\"contentUrl\":\"https:\\\/\\\/secure.gravatar.com\\\/avatar\\\/673bdfb703a9b6685a88bc7dfb04a9ea2b48b30e9d1663a5e759a4e9bfa3e2c0?s=96&d=mm&r=g\",\"caption\":\"Karine Dudognon\"},\"url\":\"https:\\\/\\\/www.cargo-montreal.ca\\\/fr\\\/author\\\/karine\\\/\"}]}<\/script>\n<!-- \/ Yoast SEO plugin. -->","yoast_head_json":{"title":"Formations : Comit\u00e9 sectoriel de main-d\u2019\u0153uvre de l\u2019industrie maritime (CSMOIM) - CargoM","robots":{"index":"index","follow":"follow","max-snippet":"max-snippet:-1","max-image-preview":"max-image-preview:large","max-video-preview":"max-video-preview:-1"},"canonical":"https:\/\/www.cargo-montreal.ca\/fr\/1-formations-comite-sectoriel-de-main-doeuvre-de-lindustrie-maritime-csmoim\/","og_locale":"fr_FR","og_type":"article","og_title":"Formations : Comit\u00e9 sectoriel de main-d\u2019\u0153uvre de l\u2019industrie maritime (CSMOIM) - CargoM","og_description":"Le Comit\u00e9 sectoriel de main-d\u2019\u0153uvre de l\u2019industrie maritime, en collaboration avec 10 autres comit\u00e9s sectoriels, est heureux de vous inviter aux Grands d\u00e9jeuners RH qui auront lieu au mois de mars 2023. 22 f\u00e9vrier 2023 (Qu\u00e9bec)\u00a0\u2013\u00a0Atelier r\u00e9glementaire 2023\u00a0\u2013\u00a0R\u00e8glement sur le personnel maritime (RPM) 21 mars 2023 (Beloeil) 23 mars 2023 (Laval) 28 mars 2023 (formule [&hellip;]","og_url":"https:\/\/www.cargo-montreal.ca\/fr\/1-formations-comite-sectoriel-de-main-doeuvre-de-lindustrie-maritime-csmoim\/","og_site_name":"CargoM","article_published_time":"2023-02-15T17:01:09+00:00","article_modified_time":"2023-02-15T17:14:42+00:00","og_image":[{"width":368,"height":211,"url":"https:\/\/www.cargo-montreal.ca\/wp-content\/uploads\/2022\/03\/Logo-CSMO-Maritime-2.jpg","type":"image\/jpeg"}],"author":"Karine Dudognon","twitter_card":"summary_large_image","twitter_misc":{"\u00c9crit par":"Karine Dudognon","Dur\u00e9e de lecture estim\u00e9e":"1 minute"},"schema":{"@context":"https:\/\/schema.org","@graph":[{"@type":"Article","@id":"https:\/\/www.cargo-montreal.ca\/fr\/1-formations-comite-sectoriel-de-main-doeuvre-de-lindustrie-maritime-csmoim\/#article","isPartOf":{"@id":"https:\/\/www.cargo-montreal.ca\/fr\/1-formations-comite-sectoriel-de-main-doeuvre-de-lindustrie-maritime-csmoim\/"},"author":{"name":"Karine Dudognon","@id":"https:\/\/www.cargo-montreal.ca\/fr\/#\/schema\/person\/80476d173ce654813db9fd1533901365"},"headline":"Formations : Comit\u00e9 sectoriel de main-d\u2019\u0153uvre de l\u2019industrie maritime (CSMOIM)","datePublished":"2023-02-15T17:01:09+00:00","dateModified":"2023-02-15T17:14:42+00:00","mainEntityOfPage":{"@id":"https:\/\/www.cargo-montreal.ca\/fr\/1-formations-comite-sectoriel-de-main-doeuvre-de-lindustrie-maritime-csmoim\/"},"wordCount":96,"image":{"@id":"https:\/\/www.cargo-montreal.ca\/fr\/1-formations-comite-sectoriel-de-main-doeuvre-de-lindustrie-maritime-csmoim\/#primaryimage"},"thumbnailUrl":"https:\/\/www.cargo-montreal.ca\/wp-content\/uploads\/2022\/03\/Logo-CSMO-Maritime-2.jpg","articleSection":["Services logistiques"],"inLanguage":"fr-FR"},{"@type":"WebPage","@id":"https:\/\/www.cargo-montreal.ca\/fr\/1-formations-comite-sectoriel-de-main-doeuvre-de-lindustrie-maritime-csmoim\/","url":"https:\/\/www.cargo-montreal.ca\/fr\/1-formations-comite-sectoriel-de-main-doeuvre-de-lindustrie-maritime-csmoim\/","name":"Formations : Comit\u00e9 sectoriel de main-d\u2019\u0153uvre de l\u2019industrie maritime (CSMOIM) - CargoM","isPartOf":{"@id":"https:\/\/www.cargo-montreal.ca\/fr\/#website"},"primaryImageOfPage":{"@id":"https:\/\/www.cargo-montreal.ca\/fr\/1-formations-comite-sectoriel-de-main-doeuvre-de-lindustrie-maritime-csmoim\/#primaryimage"},"image":{"@id":"https:\/\/www.cargo-montreal.ca\/fr\/1-formations-comite-sectoriel-de-main-doeuvre-de-lindustrie-maritime-csmoim\/#primaryimage"},"thumbnailUrl":"https:\/\/www.cargo-montreal.ca\/wp-content\/uploads\/2022\/03\/Logo-CSMO-Maritime-2.jpg","datePublished":"2023-02-15T17:01:09+00:00","dateModified":"2023-02-15T17:14:42+00:00","author":{"@id":"https:\/\/www.cargo-montreal.ca\/fr\/#\/schema\/person\/80476d173ce654813db9fd1533901365"},"breadcrumb":{"@id":"https:\/\/www.cargo-montreal.ca\/fr\/1-formations-comite-sectoriel-de-main-doeuvre-de-lindustrie-maritime-csmoim\/#breadcrumb"},"inLanguage":"fr-FR","potentialAction":[{"@type":"ReadAction","target":["https:\/\/www.cargo-montreal.ca\/fr\/1-formations-comite-sectoriel-de-main-doeuvre-de-lindustrie-maritime-csmoim\/"]}]},{"@type":"ImageObject","inLanguage":"fr-FR","@id":"https:\/\/www.cargo-montreal.ca\/fr\/1-formations-comite-sectoriel-de-main-doeuvre-de-lindustrie-maritime-csmoim\/#primaryimage","url":"https:\/\/www.cargo-montreal.ca\/wp-content\/uploads\/2022\/03\/Logo-CSMO-Maritime-2.jpg","contentUrl":"https:\/\/www.cargo-montreal.ca\/wp-content\/uploads\/2022\/03\/Logo-CSMO-Maritime-2.jpg","width":368,"height":211},{"@type":"BreadcrumbList","@id":"https:\/\/www.cargo-montreal.ca\/fr\/1-formations-comite-sectoriel-de-main-doeuvre-de-lindustrie-maritime-csmoim\/#breadcrumb","itemListElement":[{"@type":"ListItem","position":1,"name":"Home","item":"https:\/\/www.cargo-montreal.ca\/fr\/"},{"@type":"ListItem","position":2,"name":"Formations : Comit\u00e9 sectoriel de main-d\u2019\u0153uvre de l\u2019industrie maritime (CSMOIM)"}]},{"@type":"WebSite","@id":"https:\/\/www.cargo-montreal.ca\/fr\/#website","url":"https:\/\/www.cargo-montreal.ca\/fr\/","name":"CargoM","description":"La mission de CargoM: Rassembler les acteurs de la logistique &amp; du transport de marchandises du Grand Montr\u00e9al autour d&#039;objectifs communs, d&#039;actions concert\u00e9es","potentialAction":[{"@type":"SearchAction","target":{"@type":"EntryPoint","urlTemplate":"https:\/\/www.cargo-montreal.ca\/fr\/?s={search_term_string}"},"query-input":{"@type":"PropertyValueSpecification","valueRequired":true,"valueName":"search_term_string"}}],"inLanguage":"fr-FR"},{"@type":"Person","@id":"https:\/\/www.cargo-montreal.ca\/fr\/#\/schema\/person\/80476d173ce654813db9fd1533901365","name":"Karine Dudognon","image":{"@type":"ImageObject","inLanguage":"fr-FR","@id":"https:\/\/secure.gravatar.com\/avatar\/673bdfb703a9b6685a88bc7dfb04a9ea2b48b30e9d1663a5e759a4e9bfa3e2c0?s=96&d=mm&r=g","url":"https:\/\/secure.gravatar.com\/avatar\/673bdfb703a9b6685a88bc7dfb04a9ea2b48b30e9d1663a5e759a4e9bfa3e2c0?s=96&d=mm&r=g","contentUrl":"https:\/\/secure.gravatar.com\/avatar\/673bdfb703a9b6685a88bc7dfb04a9ea2b48b30e9d1663a5e759a4e9bfa3e2c0?s=96&d=mm&r=g","caption":"Karine Dudognon"},"url":"https:\/\/www.cargo-montreal.ca\/fr\/author\/karine\/"}]}},"_links":{"self":[{"href":"https:\/\/www.cargo-montreal.ca\/fr\/wp-json\/wp\/v2\/posts\/14434","targetHints":{"allow":["GET"]}}],"collection":[{"href":"https:\/\/www.cargo-montreal.ca\/fr\/wp-json\/wp\/v2\/posts"}],"about":[{"href":"https:\/\/www.cargo-montreal.ca\/fr\/wp-json\/wp\/v2\/types\/post"}],"author":[{"embeddable":true,"href":"https:\/\/www.cargo-montreal.ca\/fr\/wp-json\/wp\/v2\/users\/39"}],"replies":[{"embeddable":true,"href":"https:\/\/www.cargo-montreal.ca\/fr\/wp-json\/wp\/v2\/comments?post=14434"}],"version-history":[{"count":2,"href":"https:\/\/www.cargo-montreal.ca\/fr\/wp-json\/wp\/v2\/posts\/14434\/revisions"}],"predecessor-version":[{"id":14446,"href":"https:\/\/www.cargo-montreal.ca\/fr\/wp-json\/wp\/v2\/posts\/14434\/revisions\/14446"}],"wp:featuredmedia":[{"embeddable":true,"href":"https:\/\/www.cargo-montreal.ca\/fr\/wp-json\/wp\/v2\/media\/12975"}],"wp:attachment":[{"href":"https:\/\/www.cargo-montreal.ca\/fr\/wp-json\/wp\/v2\/media?parent=14434"}],"wp:term":[{"taxonomy":"category","embeddable":true,"href":"https:\/\/www.cargo-montreal.ca\/fr\/wp-json\/wp\/v2\/categories?post=14434"},{"taxonomy":"post_tag","embeddable":true,"href":"https:\/\/www.cargo-montreal.ca\/fr\/wp-json\/wp\/v2\/tags?post=14434"}],"curies":[{"name":"wp","href":"https:\/\/api.w.org\/{rel}","templated":true}]}}