{"id":14436,"date":"2023-02-15T17:06:50","date_gmt":"2023-02-15T17:06:50","guid":{"rendered":"https:\/\/www.cargo-montreal.ca\/?p=14436"},"modified":"2023-02-15T17:14:25","modified_gmt":"2023-02-15T17:14:25","slug":"1-formations-association-du-camionnage-du-quebec","status":"publish","type":"post","link":"https:\/\/www.cargo-montreal.ca\/fr\/1-formations-association-du-camionnage-du-quebec\/","title":{"rendered":"Formations : Association du camionnage du Qu\u00e9bec"},"content":{"rendered":"29 mars 2023\u00a0\u2013\u00a0<a href=\"https:\/\/www.carrefour-acq.org\/formations\/norme-nord-americaine-sur-arrimage-foracq-02\" target=\"_blank\" rel=\"noopener\" data-hs-link-id=\"0\">La norme nord-am\u00e9ricaine sur l\u2019arrimage des cargaisons<\/a>\u00a0(formation en ligne)\r\n\r\nEn tout temps en pr\u00e9sentiel et en ligne\r\n\r\n<a href=\"https:\/\/www.carrefour-acq.org\/formations\/employeurs-sous-reglementation-federale-nouvelles-obligations-sur-prevention-harcelement-violence-lieu-travail\" target=\"_blank\" rel=\"noopener\" data-hs-link-id=\"0\">Nouvelles obligations sur la pr\u00e9vention du harc\u00e8lement et de la violence dans le lieu de travail<\/a>\r\n\r\nPlusieurs formations sont \u00e0 venir,\u00a0<a href=\"https:\/\/www.carrefour-acq.org\/formations\" target=\"_blank\" rel=\"noopener\" data-hs-link-id=\"1\">consultez l\u2019offre compl\u00e8te<\/a>.","protected":false},"excerpt":{"rendered":"29 mars 2023\u00a0\u2013\u00a0La norme nord-am\u00e9ricaine sur l\u2019arrimage des cargaisons\u00a0(formation en ligne) En tout temps en pr\u00e9sentiel et en ligne Nouvelles obligations sur la pr\u00e9vention du harc\u00e8lement et de la violence dans le lieu de travail Plusieurs formations sont \u00e0 venir,\u00a0consultez l\u2019offre compl\u00e8te.","protected":false},"author":39,"featured_media":14437,"comment_status":"closed","ping_status":"closed","sticky":false,"template":"","format":"standard","meta":{"_acf_changed":false,"footnotes":""},"categories":[20],"tags":[],"class_list":["post-14436","post","type-post","status-publish","format-standard","has-post-thumbnail","hentry","category-services-logistiques"],"acf":[],"yoast_head":"<!-- This site is optimized with the Yoast SEO plugin v27.3 - https:\/\/yoast.com\/product\/yoast-seo-wordpress\/ -->\n<title>Formations : Association du camionnage du Qu\u00e9bec - CargoM<\/title>\n<meta name=\"robots\" content=\"index, follow, max-snippet:-1, max-image-preview:large, max-video-preview:-1\" \/>\n<link rel=\"canonical\" href=\"https:\/\/www.cargo-montreal.ca\/fr\/1-formations-association-du-camionnage-du-quebec\/\" \/>\n<meta property=\"og:locale\" content=\"fr_FR\" \/>\n<meta property=\"og:type\" content=\"article\" \/>\n<meta property=\"og:title\" content=\"Formations : Association du camionnage du Qu\u00e9bec - CargoM\" \/>\n<meta property=\"og:description\" content=\"29 mars 2023\u00a0\u2013\u00a0La norme nord-am\u00e9ricaine sur l\u2019arrimage des cargaisons\u00a0(formation en ligne) En tout temps en pr\u00e9sentiel et en ligne Nouvelles obligations sur la pr\u00e9vention du harc\u00e8lement et de la violence dans le lieu de travail Plusieurs formations sont \u00e0 venir,\u00a0consultez l\u2019offre compl\u00e8te.\" \/>\n<meta property=\"og:url\" content=\"https:\/\/www.cargo-montreal.ca\/fr\/1-formations-association-du-camionnage-du-quebec\/\" \/>\n<meta property=\"og:site_name\" content=\"CargoM\" \/>\n<meta property=\"article:published_time\" content=\"2023-02-15T17:06:50+00:00\" \/>\n<meta property=\"article:modified_time\" content=\"2023-02-15T17:14:25+00:00\" \/>\n<meta property=\"og:image\" content=\"https:\/\/www.cargo-montreal.ca\/wp-content\/uploads\/2023\/02\/Logo-ACQ-1.jpg\" \/>\n\t<meta property=\"og:image:width\" content=\"690\" \/>\n\t<meta property=\"og:image:height\" content=\"273\" \/>\n\t<meta property=\"og:image:type\" content=\"image\/jpeg\" \/>\n<meta name=\"author\" content=\"Karine Dudognon\" \/>\n<meta name=\"twitter:card\" content=\"summary_large_image\" \/>\n<meta name=\"twitter:label1\" content=\"\u00c9crit par\" \/>\n\t<meta name=\"twitter:data1\" content=\"Karine Dudognon\" \/>\n\t<meta name=\"twitter:label2\" content=\"Dur\u00e9e de lecture estim\u00e9e\" \/>\n\t<meta name=\"twitter:data2\" content=\"1 minute\" \/>\n<script type=\"application\/ld+json\" class=\"yoast-schema-graph\">{\"@context\":\"https:\\\/\\\/schema.org\",\"@graph\":[{\"@type\":\"Article\",\"@id\":\"https:\\\/\\\/www.cargo-montreal.ca\\\/fr\\\/1-formations-association-du-camionnage-du-quebec\\\/#article\",\"isPartOf\":{\"@id\":\"https:\\\/\\\/www.cargo-montreal.ca\\\/fr\\\/1-formations-association-du-camionnage-du-quebec\\\/\"},\"author\":{\"name\":\"Karine Dudognon\",\"@id\":\"https:\\\/\\\/www.cargo-montreal.ca\\\/fr\\\/#\\\/schema\\\/person\\\/80476d173ce654813db9fd1533901365\"},\"headline\":\"Formations : Association du camionnage du Qu\u00e9bec\",\"datePublished\":\"2023-02-15T17:06:50+00:00\",\"dateModified\":\"2023-02-15T17:14:25+00:00\",\"mainEntityOfPage\":{\"@id\":\"https:\\\/\\\/www.cargo-montreal.ca\\\/fr\\\/1-formations-association-du-camionnage-du-quebec\\\/\"},\"wordCount\":56,\"image\":{\"@id\":\"https:\\\/\\\/www.cargo-montreal.ca\\\/fr\\\/1-formations-association-du-camionnage-du-quebec\\\/#primaryimage\"},\"thumbnailUrl\":\"https:\\\/\\\/www.cargo-montreal.ca\\\/wp-content\\\/uploads\\\/2023\\\/02\\\/Logo-ACQ-1.jpg\",\"articleSection\":[\"Services logistiques\"],\"inLanguage\":\"fr-FR\"},{\"@type\":\"WebPage\",\"@id\":\"https:\\\/\\\/www.cargo-montreal.ca\\\/fr\\\/1-formations-association-du-camionnage-du-quebec\\\/\",\"url\":\"https:\\\/\\\/www.cargo-montreal.ca\\\/fr\\\/1-formations-association-du-camionnage-du-quebec\\\/\",\"name\":\"Formations : Association du camionnage du Qu\u00e9bec - CargoM\",\"isPartOf\":{\"@id\":\"https:\\\/\\\/www.cargo-montreal.ca\\\/fr\\\/#website\"},\"primaryImageOfPage\":{\"@id\":\"https:\\\/\\\/www.cargo-montreal.ca\\\/fr\\\/1-formations-association-du-camionnage-du-quebec\\\/#primaryimage\"},\"image\":{\"@id\":\"https:\\\/\\\/www.cargo-montreal.ca\\\/fr\\\/1-formations-association-du-camionnage-du-quebec\\\/#primaryimage\"},\"thumbnailUrl\":\"https:\\\/\\\/www.cargo-montreal.ca\\\/wp-content\\\/uploads\\\/2023\\\/02\\\/Logo-ACQ-1.jpg\",\"datePublished\":\"2023-02-15T17:06:50+00:00\",\"dateModified\":\"2023-02-15T17:14:25+00:00\",\"author\":{\"@id\":\"https:\\\/\\\/www.cargo-montreal.ca\\\/fr\\\/#\\\/schema\\\/person\\\/80476d173ce654813db9fd1533901365\"},\"breadcrumb\":{\"@id\":\"https:\\\/\\\/www.cargo-montreal.ca\\\/fr\\\/1-formations-association-du-camionnage-du-quebec\\\/#breadcrumb\"},\"inLanguage\":\"fr-FR\",\"potentialAction\":[{\"@type\":\"ReadAction\",\"target\":[\"https:\\\/\\\/www.cargo-montreal.ca\\\/fr\\\/1-formations-association-du-camionnage-du-quebec\\\/\"]}]},{\"@type\":\"ImageObject\",\"inLanguage\":\"fr-FR\",\"@id\":\"https:\\\/\\\/www.cargo-montreal.ca\\\/fr\\\/1-formations-association-du-camionnage-du-quebec\\\/#primaryimage\",\"url\":\"https:\\\/\\\/www.cargo-montreal.ca\\\/wp-content\\\/uploads\\\/2023\\\/02\\\/Logo-ACQ-1.jpg\",\"contentUrl\":\"https:\\\/\\\/www.cargo-montreal.ca\\\/wp-content\\\/uploads\\\/2023\\\/02\\\/Logo-ACQ-1.jpg\",\"width\":690,\"height\":273},{\"@type\":\"BreadcrumbList\",\"@id\":\"https:\\\/\\\/www.cargo-montreal.ca\\\/fr\\\/1-formations-association-du-camionnage-du-quebec\\\/#breadcrumb\",\"itemListElement\":[{\"@type\":\"ListItem\",\"position\":1,\"name\":\"Home\",\"item\":\"https:\\\/\\\/www.cargo-montreal.ca\\\/fr\\\/\"},{\"@type\":\"ListItem\",\"position\":2,\"name\":\"Formations : Association du camionnage du Qu\u00e9bec\"}]},{\"@type\":\"WebSite\",\"@id\":\"https:\\\/\\\/www.cargo-montreal.ca\\\/fr\\\/#website\",\"url\":\"https:\\\/\\\/www.cargo-montreal.ca\\\/fr\\\/\",\"name\":\"CargoM\",\"description\":\"La mission de CargoM: Rassembler les acteurs de la logistique &amp; du transport de marchandises du Grand Montr\u00e9al autour d&#039;objectifs communs, d&#039;actions concert\u00e9es\",\"potentialAction\":[{\"@type\":\"SearchAction\",\"target\":{\"@type\":\"EntryPoint\",\"urlTemplate\":\"https:\\\/\\\/www.cargo-montreal.ca\\\/fr\\\/?s={search_term_string}\"},\"query-input\":{\"@type\":\"PropertyValueSpecification\",\"valueRequired\":true,\"valueName\":\"search_term_string\"}}],\"inLanguage\":\"fr-FR\"},{\"@type\":\"Person\",\"@id\":\"https:\\\/\\\/www.cargo-montreal.ca\\\/fr\\\/#\\\/schema\\\/person\\\/80476d173ce654813db9fd1533901365\",\"name\":\"Karine Dudognon\",\"image\":{\"@type\":\"ImageObject\",\"inLanguage\":\"fr-FR\",\"@id\":\"https:\\\/\\\/secure.gravatar.com\\\/avatar\\\/673bdfb703a9b6685a88bc7dfb04a9ea2b48b30e9d1663a5e759a4e9bfa3e2c0?s=96&d=mm&r=g\",\"url\":\"https:\\\/\\\/secure.gravatar.com\\\/avatar\\\/673bdfb703a9b6685a88bc7dfb04a9ea2b48b30e9d1663a5e759a4e9bfa3e2c0?s=96&d=mm&r=g\",\"contentUrl\":\"https:\\\/\\\/secure.gravatar.com\\\/avatar\\\/673bdfb703a9b6685a88bc7dfb04a9ea2b48b30e9d1663a5e759a4e9bfa3e2c0?s=96&d=mm&r=g\",\"caption\":\"Karine Dudognon\"},\"url\":\"https:\\\/\\\/www.cargo-montreal.ca\\\/fr\\\/author\\\/karine\\\/\"}]}<\/script>\n<!-- \/ Yoast SEO plugin. -->","yoast_head_json":{"title":"Formations : Association du camionnage du Qu\u00e9bec - CargoM","robots":{"index":"index","follow":"follow","max-snippet":"max-snippet:-1","max-image-preview":"max-image-preview:large","max-video-preview":"max-video-preview:-1"},"canonical":"https:\/\/www.cargo-montreal.ca\/fr\/1-formations-association-du-camionnage-du-quebec\/","og_locale":"fr_FR","og_type":"article","og_title":"Formations : Association du camionnage du Qu\u00e9bec - CargoM","og_description":"29 mars 2023\u00a0\u2013\u00a0La norme nord-am\u00e9ricaine sur l\u2019arrimage des cargaisons\u00a0(formation en ligne) En tout temps en pr\u00e9sentiel et en ligne Nouvelles obligations sur la pr\u00e9vention du harc\u00e8lement et de la violence dans le lieu de travail Plusieurs formations sont \u00e0 venir,\u00a0consultez l\u2019offre compl\u00e8te.","og_url":"https:\/\/www.cargo-montreal.ca\/fr\/1-formations-association-du-camionnage-du-quebec\/","og_site_name":"CargoM","article_published_time":"2023-02-15T17:06:50+00:00","article_modified_time":"2023-02-15T17:14:25+00:00","og_image":[{"width":690,"height":273,"url":"https:\/\/www.cargo-montreal.ca\/wp-content\/uploads\/2023\/02\/Logo-ACQ-1.jpg","type":"image\/jpeg"}],"author":"Karine Dudognon","twitter_card":"summary_large_image","twitter_misc":{"\u00c9crit par":"Karine Dudognon","Dur\u00e9e de lecture estim\u00e9e":"1 minute"},"schema":{"@context":"https:\/\/schema.org","@graph":[{"@type":"Article","@id":"https:\/\/www.cargo-montreal.ca\/fr\/1-formations-association-du-camionnage-du-quebec\/#article","isPartOf":{"@id":"https:\/\/www.cargo-montreal.ca\/fr\/1-formations-association-du-camionnage-du-quebec\/"},"author":{"name":"Karine Dudognon","@id":"https:\/\/www.cargo-montreal.ca\/fr\/#\/schema\/person\/80476d173ce654813db9fd1533901365"},"headline":"Formations : Association du camionnage du Qu\u00e9bec","datePublished":"2023-02-15T17:06:50+00:00","dateModified":"2023-02-15T17:14:25+00:00","mainEntityOfPage":{"@id":"https:\/\/www.cargo-montreal.ca\/fr\/1-formations-association-du-camionnage-du-quebec\/"},"wordCount":56,"image":{"@id":"https:\/\/www.cargo-montreal.ca\/fr\/1-formations-association-du-camionnage-du-quebec\/#primaryimage"},"thumbnailUrl":"https:\/\/www.cargo-montreal.ca\/wp-content\/uploads\/2023\/02\/Logo-ACQ-1.jpg","articleSection":["Services logistiques"],"inLanguage":"fr-FR"},{"@type":"WebPage","@id":"https:\/\/www.cargo-montreal.ca\/fr\/1-formations-association-du-camionnage-du-quebec\/","url":"https:\/\/www.cargo-montreal.ca\/fr\/1-formations-association-du-camionnage-du-quebec\/","name":"Formations : Association du camionnage du Qu\u00e9bec - CargoM","isPartOf":{"@id":"https:\/\/www.cargo-montreal.ca\/fr\/#website"},"primaryImageOfPage":{"@id":"https:\/\/www.cargo-montreal.ca\/fr\/1-formations-association-du-camionnage-du-quebec\/#primaryimage"},"image":{"@id":"https:\/\/www.cargo-montreal.ca\/fr\/1-formations-association-du-camionnage-du-quebec\/#primaryimage"},"thumbnailUrl":"https:\/\/www.cargo-montreal.ca\/wp-content\/uploads\/2023\/02\/Logo-ACQ-1.jpg","datePublished":"2023-02-15T17:06:50+00:00","dateModified":"2023-02-15T17:14:25+00:00","author":{"@id":"https:\/\/www.cargo-montreal.ca\/fr\/#\/schema\/person\/80476d173ce654813db9fd1533901365"},"breadcrumb":{"@id":"https:\/\/www.cargo-montreal.ca\/fr\/1-formations-association-du-camionnage-du-quebec\/#breadcrumb"},"inLanguage":"fr-FR","potentialAction":[{"@type":"ReadAction","target":["https:\/\/www.cargo-montreal.ca\/fr\/1-formations-association-du-camionnage-du-quebec\/"]}]},{"@type":"ImageObject","inLanguage":"fr-FR","@id":"https:\/\/www.cargo-montreal.ca\/fr\/1-formations-association-du-camionnage-du-quebec\/#primaryimage","url":"https:\/\/www.cargo-montreal.ca\/wp-content\/uploads\/2023\/02\/Logo-ACQ-1.jpg","contentUrl":"https:\/\/www.cargo-montreal.ca\/wp-content\/uploads\/2023\/02\/Logo-ACQ-1.jpg","width":690,"height":273},{"@type":"BreadcrumbList","@id":"https:\/\/www.cargo-montreal.ca\/fr\/1-formations-association-du-camionnage-du-quebec\/#breadcrumb","itemListElement":[{"@type":"ListItem","position":1,"name":"Home","item":"https:\/\/www.cargo-montreal.ca\/fr\/"},{"@type":"ListItem","position":2,"name":"Formations : Association du camionnage du Qu\u00e9bec"}]},{"@type":"WebSite","@id":"https:\/\/www.cargo-montreal.ca\/fr\/#website","url":"https:\/\/www.cargo-montreal.ca\/fr\/","name":"CargoM","description":"La mission de CargoM: Rassembler les acteurs de la logistique &amp; du transport de marchandises du Grand Montr\u00e9al autour d&#039;objectifs communs, d&#039;actions concert\u00e9es","potentialAction":[{"@type":"SearchAction","target":{"@type":"EntryPoint","urlTemplate":"https:\/\/www.cargo-montreal.ca\/fr\/?s={search_term_string}"},"query-input":{"@type":"PropertyValueSpecification","valueRequired":true,"valueName":"search_term_string"}}],"inLanguage":"fr-FR"},{"@type":"Person","@id":"https:\/\/www.cargo-montreal.ca\/fr\/#\/schema\/person\/80476d173ce654813db9fd1533901365","name":"Karine Dudognon","image":{"@type":"ImageObject","inLanguage":"fr-FR","@id":"https:\/\/secure.gravatar.com\/avatar\/673bdfb703a9b6685a88bc7dfb04a9ea2b48b30e9d1663a5e759a4e9bfa3e2c0?s=96&d=mm&r=g","url":"https:\/\/secure.gravatar.com\/avatar\/673bdfb703a9b6685a88bc7dfb04a9ea2b48b30e9d1663a5e759a4e9bfa3e2c0?s=96&d=mm&r=g","contentUrl":"https:\/\/secure.gravatar.com\/avatar\/673bdfb703a9b6685a88bc7dfb04a9ea2b48b30e9d1663a5e759a4e9bfa3e2c0?s=96&d=mm&r=g","caption":"Karine Dudognon"},"url":"https:\/\/www.cargo-montreal.ca\/fr\/author\/karine\/"}]}},"_links":{"self":[{"href":"https:\/\/www.cargo-montreal.ca\/fr\/wp-json\/wp\/v2\/posts\/14436","targetHints":{"allow":["GET"]}}],"collection":[{"href":"https:\/\/www.cargo-montreal.ca\/fr\/wp-json\/wp\/v2\/posts"}],"about":[{"href":"https:\/\/www.cargo-montreal.ca\/fr\/wp-json\/wp\/v2\/types\/post"}],"author":[{"embeddable":true,"href":"https:\/\/www.cargo-montreal.ca\/fr\/wp-json\/wp\/v2\/users\/39"}],"replies":[{"embeddable":true,"href":"https:\/\/www.cargo-montreal.ca\/fr\/wp-json\/wp\/v2\/comments?post=14436"}],"version-history":[{"count":2,"href":"https:\/\/www.cargo-montreal.ca\/fr\/wp-json\/wp\/v2\/posts\/14436\/revisions"}],"predecessor-version":[{"id":14445,"href":"https:\/\/www.cargo-montreal.ca\/fr\/wp-json\/wp\/v2\/posts\/14436\/revisions\/14445"}],"wp:featuredmedia":[{"embeddable":true,"href":"https:\/\/www.cargo-montreal.ca\/fr\/wp-json\/wp\/v2\/media\/14437"}],"wp:attachment":[{"href":"https:\/\/www.cargo-montreal.ca\/fr\/wp-json\/wp\/v2\/media?parent=14436"}],"wp:term":[{"taxonomy":"category","embeddable":true,"href":"https:\/\/www.cargo-montreal.ca\/fr\/wp-json\/wp\/v2\/categories?post=14436"},{"taxonomy":"post_tag","embeddable":true,"href":"https:\/\/www.cargo-montreal.ca\/fr\/wp-json\/wp\/v2\/tags?post=14436"}],"curies":[{"name":"wp","href":"https:\/\/api.w.org\/{rel}","templated":true}]}}