{"id":14535,"date":"2023-03-17T00:45:33","date_gmt":"2023-03-17T00:45:33","guid":{"rendered":"https:\/\/www.cargo-montreal.ca\/?p=14535"},"modified":"2023-03-17T00:45:49","modified_gmt":"2023-03-17T00:45:49","slug":"sommet-impulsion-de-propulsion-quebec","status":"publish","type":"post","link":"https:\/\/www.cargo-montreal.ca\/fr\/sommet-impulsion-de-propulsion-quebec\/","title":{"rendered":"Sommet Impulsion de Propulsion Qu\u00e9bec"},"content":{"rendered":"CargoM participait mardi dernier au sommet\u00a0international des transports \u00e9lectriques intelligents\u00a0Impulsion\u00a0orchestr\u00e9 par\u00a0<a href=\"https:\/\/propulsionquebec.com\/\" target=\"_blank\" rel=\"noopener\" data-hs-link-id=\"0\">Propulsion Qu\u00e9bec<\/a>. Notre directeur g\u00e9n\u00e9ral, Mathieu Charbonneau, \u00e9tait mod\u00e9rateur lors du panel\u00a0Les d\u00e9fis du transport routier durable pour les op\u00e9rations longues distances. Les invit\u00e9s ont discut\u00e9 notamment de leur engagement dans la recherche de solutions durables, des d\u00e9fis, de leurs besoins et de leurs attentes face \u00e0 l\u2019\u00e9lectrification des transports.\r\n<p align=\"justify\">Merci aux experts pan\u00e9listes suivants :<\/p>\r\n<p align=\"justify\">\u26a1\u00a0M.\u00a0Francois Tremblay, pr\u00e9sident de Prevost &amp; Volvo coaches North America\r\n\u26a1M.\u00a0Eric Call\u00e9, directeur Innovation et Industrialisation de\u00a0Groupe Keolis\r\n\u26a1M.\u00a0Jacques Dostie, directeur national des ventes \u00e9lectromobilit\u00e9 de\u00a0Volvo Trucks\r\n\u26a1M.\u00a0David Morneau, vice-pr\u00e9sident ex\u00e9cutif et chef de l&rsquo;exploitation de\u00a0Groupe Morneau<\/p>\r\n<p align=\"justify\">Merci \u00e0 Mme\u00a0Sarah Houde\u00a0pour l\u2019invitation et bravo \u00e0 toute son \u00e9quipe pour l\u2019organisation de cet \u00e9v\u00e9nement qui est maintenant un incontournable pour l\u2019avancement de l\u2019\u00e9lectrification des transports au Qu\u00e9bec.<\/p>\r\n<p align=\"justify\"><a href=\"https:\/\/propulsionquebec.com\/2023\/03\/15\/impulsion-edition-innovation-succes-international-pour-levenement-des-transports-electriques-et-intelligents\/?mc_cid=50dc56e753&amp;mc_eid=ddccdd523d\" target=\"_blank\" rel=\"noopener\" data-hs-link-id=\"1\">Consultez le communiqu\u00e9 de presse<\/a>.<\/p>","protected":false},"excerpt":{"rendered":"CargoM participait mardi dernier au sommet\u00a0international des transports \u00e9lectriques intelligents\u00a0Impulsion\u00a0orchestr\u00e9 par\u00a0Propulsion Qu\u00e9bec. Notre directeur g\u00e9n\u00e9ral, Mathieu Charbonneau, \u00e9tait mod\u00e9rateur lors du panel\u00a0Les d\u00e9fis du transport routier durable pour les op\u00e9rations longues distances. Les invit\u00e9s ont discut\u00e9 notamment de leur engagement dans la recherche de solutions durables, des d\u00e9fis, de leurs besoins et de leurs attentes [&hellip;]","protected":false},"author":39,"featured_media":14523,"comment_status":"closed","ping_status":"closed","sticky":false,"template":"","format":"standard","meta":{"_acf_changed":false,"footnotes":""},"categories":[20],"tags":[],"class_list":["post-14535","post","type-post","status-publish","format-standard","has-post-thumbnail","hentry","category-services-logistiques"],"acf":[],"yoast_head":"<!-- This site is optimized with the Yoast SEO plugin v27.3 - https:\/\/yoast.com\/product\/yoast-seo-wordpress\/ -->\n<title>Sommet Impulsion de Propulsion Qu\u00e9bec - CargoM<\/title>\n<meta name=\"robots\" content=\"index, follow, max-snippet:-1, max-image-preview:large, max-video-preview:-1\" \/>\n<link rel=\"canonical\" href=\"https:\/\/www.cargo-montreal.ca\/fr\/sommet-impulsion-de-propulsion-quebec\/\" \/>\n<meta property=\"og:locale\" content=\"fr_FR\" \/>\n<meta property=\"og:type\" content=\"article\" \/>\n<meta property=\"og:title\" content=\"Sommet Impulsion de Propulsion Qu\u00e9bec - CargoM\" \/>\n<meta property=\"og:description\" content=\"CargoM participait mardi dernier au sommet\u00a0international des transports \u00e9lectriques intelligents\u00a0Impulsion\u00a0orchestr\u00e9 par\u00a0Propulsion Qu\u00e9bec. Notre directeur g\u00e9n\u00e9ral, Mathieu Charbonneau, \u00e9tait mod\u00e9rateur lors du panel\u00a0Les d\u00e9fis du transport routier durable pour les op\u00e9rations longues distances. Les invit\u00e9s ont discut\u00e9 notamment de leur engagement dans la recherche de solutions durables, des d\u00e9fis, de leurs besoins et de leurs attentes [&hellip;]\" \/>\n<meta property=\"og:url\" content=\"https:\/\/www.cargo-montreal.ca\/fr\/sommet-impulsion-de-propulsion-quebec\/\" \/>\n<meta property=\"og:site_name\" content=\"CargoM\" \/>\n<meta property=\"article:published_time\" content=\"2023-03-17T00:45:33+00:00\" \/>\n<meta property=\"article:modified_time\" content=\"2023-03-17T00:45:49+00:00\" \/>\n<meta property=\"og:image\" content=\"https:\/\/www.cargo-montreal.ca\/wp-content\/uploads\/2023\/03\/image_50451969-1-scaled.jpg\" \/>\n\t<meta property=\"og:image:width\" content=\"2560\" \/>\n\t<meta property=\"og:image:height\" content=\"2009\" \/>\n\t<meta property=\"og:image:type\" content=\"image\/jpeg\" \/>\n<meta name=\"author\" content=\"Karine Dudognon\" \/>\n<meta name=\"twitter:card\" content=\"summary_large_image\" \/>\n<meta name=\"twitter:label1\" content=\"\u00c9crit par\" \/>\n\t<meta name=\"twitter:data1\" content=\"Karine Dudognon\" \/>\n\t<meta name=\"twitter:label2\" content=\"Dur\u00e9e de lecture estim\u00e9e\" \/>\n\t<meta name=\"twitter:data2\" content=\"1 minute\" \/>\n<script type=\"application\/ld+json\" class=\"yoast-schema-graph\">{\"@context\":\"https:\\\/\\\/schema.org\",\"@graph\":[{\"@type\":\"Article\",\"@id\":\"https:\\\/\\\/www.cargo-montreal.ca\\\/fr\\\/sommet-impulsion-de-propulsion-quebec\\\/#article\",\"isPartOf\":{\"@id\":\"https:\\\/\\\/www.cargo-montreal.ca\\\/fr\\\/sommet-impulsion-de-propulsion-quebec\\\/\"},\"author\":{\"name\":\"Karine Dudognon\",\"@id\":\"https:\\\/\\\/www.cargo-montreal.ca\\\/fr\\\/#\\\/schema\\\/person\\\/80476d173ce654813db9fd1533901365\"},\"headline\":\"Sommet Impulsion de Propulsion Qu\u00e9bec\",\"datePublished\":\"2023-03-17T00:45:33+00:00\",\"dateModified\":\"2023-03-17T00:45:49+00:00\",\"mainEntityOfPage\":{\"@id\":\"https:\\\/\\\/www.cargo-montreal.ca\\\/fr\\\/sommet-impulsion-de-propulsion-quebec\\\/\"},\"wordCount\":173,\"image\":{\"@id\":\"https:\\\/\\\/www.cargo-montreal.ca\\\/fr\\\/sommet-impulsion-de-propulsion-quebec\\\/#primaryimage\"},\"thumbnailUrl\":\"https:\\\/\\\/www.cargo-montreal.ca\\\/wp-content\\\/uploads\\\/2023\\\/03\\\/image_50451969-1-scaled.jpg\",\"articleSection\":[\"Services logistiques\"],\"inLanguage\":\"fr-FR\"},{\"@type\":\"WebPage\",\"@id\":\"https:\\\/\\\/www.cargo-montreal.ca\\\/fr\\\/sommet-impulsion-de-propulsion-quebec\\\/\",\"url\":\"https:\\\/\\\/www.cargo-montreal.ca\\\/fr\\\/sommet-impulsion-de-propulsion-quebec\\\/\",\"name\":\"Sommet Impulsion de Propulsion Qu\u00e9bec - CargoM\",\"isPartOf\":{\"@id\":\"https:\\\/\\\/www.cargo-montreal.ca\\\/fr\\\/#website\"},\"primaryImageOfPage\":{\"@id\":\"https:\\\/\\\/www.cargo-montreal.ca\\\/fr\\\/sommet-impulsion-de-propulsion-quebec\\\/#primaryimage\"},\"image\":{\"@id\":\"https:\\\/\\\/www.cargo-montreal.ca\\\/fr\\\/sommet-impulsion-de-propulsion-quebec\\\/#primaryimage\"},\"thumbnailUrl\":\"https:\\\/\\\/www.cargo-montreal.ca\\\/wp-content\\\/uploads\\\/2023\\\/03\\\/image_50451969-1-scaled.jpg\",\"datePublished\":\"2023-03-17T00:45:33+00:00\",\"dateModified\":\"2023-03-17T00:45:49+00:00\",\"author\":{\"@id\":\"https:\\\/\\\/www.cargo-montreal.ca\\\/fr\\\/#\\\/schema\\\/person\\\/80476d173ce654813db9fd1533901365\"},\"breadcrumb\":{\"@id\":\"https:\\\/\\\/www.cargo-montreal.ca\\\/fr\\\/sommet-impulsion-de-propulsion-quebec\\\/#breadcrumb\"},\"inLanguage\":\"fr-FR\",\"potentialAction\":[{\"@type\":\"ReadAction\",\"target\":[\"https:\\\/\\\/www.cargo-montreal.ca\\\/fr\\\/sommet-impulsion-de-propulsion-quebec\\\/\"]}]},{\"@type\":\"ImageObject\",\"inLanguage\":\"fr-FR\",\"@id\":\"https:\\\/\\\/www.cargo-montreal.ca\\\/fr\\\/sommet-impulsion-de-propulsion-quebec\\\/#primaryimage\",\"url\":\"https:\\\/\\\/www.cargo-montreal.ca\\\/wp-content\\\/uploads\\\/2023\\\/03\\\/image_50451969-1-scaled.jpg\",\"contentUrl\":\"https:\\\/\\\/www.cargo-montreal.ca\\\/wp-content\\\/uploads\\\/2023\\\/03\\\/image_50451969-1-scaled.jpg\",\"width\":2560,\"height\":2009},{\"@type\":\"BreadcrumbList\",\"@id\":\"https:\\\/\\\/www.cargo-montreal.ca\\\/fr\\\/sommet-impulsion-de-propulsion-quebec\\\/#breadcrumb\",\"itemListElement\":[{\"@type\":\"ListItem\",\"position\":1,\"name\":\"Home\",\"item\":\"https:\\\/\\\/www.cargo-montreal.ca\\\/fr\\\/\"},{\"@type\":\"ListItem\",\"position\":2,\"name\":\"Sommet Impulsion de Propulsion Qu\u00e9bec\"}]},{\"@type\":\"WebSite\",\"@id\":\"https:\\\/\\\/www.cargo-montreal.ca\\\/fr\\\/#website\",\"url\":\"https:\\\/\\\/www.cargo-montreal.ca\\\/fr\\\/\",\"name\":\"CargoM\",\"description\":\"La mission de CargoM: Rassembler les acteurs de la logistique &amp; du transport de marchandises du Grand Montr\u00e9al autour d&#039;objectifs communs, d&#039;actions concert\u00e9es\",\"potentialAction\":[{\"@type\":\"SearchAction\",\"target\":{\"@type\":\"EntryPoint\",\"urlTemplate\":\"https:\\\/\\\/www.cargo-montreal.ca\\\/fr\\\/?s={search_term_string}\"},\"query-input\":{\"@type\":\"PropertyValueSpecification\",\"valueRequired\":true,\"valueName\":\"search_term_string\"}}],\"inLanguage\":\"fr-FR\"},{\"@type\":\"Person\",\"@id\":\"https:\\\/\\\/www.cargo-montreal.ca\\\/fr\\\/#\\\/schema\\\/person\\\/80476d173ce654813db9fd1533901365\",\"name\":\"Karine Dudognon\",\"image\":{\"@type\":\"ImageObject\",\"inLanguage\":\"fr-FR\",\"@id\":\"https:\\\/\\\/secure.gravatar.com\\\/avatar\\\/673bdfb703a9b6685a88bc7dfb04a9ea2b48b30e9d1663a5e759a4e9bfa3e2c0?s=96&d=mm&r=g\",\"url\":\"https:\\\/\\\/secure.gravatar.com\\\/avatar\\\/673bdfb703a9b6685a88bc7dfb04a9ea2b48b30e9d1663a5e759a4e9bfa3e2c0?s=96&d=mm&r=g\",\"contentUrl\":\"https:\\\/\\\/secure.gravatar.com\\\/avatar\\\/673bdfb703a9b6685a88bc7dfb04a9ea2b48b30e9d1663a5e759a4e9bfa3e2c0?s=96&d=mm&r=g\",\"caption\":\"Karine Dudognon\"},\"url\":\"https:\\\/\\\/www.cargo-montreal.ca\\\/fr\\\/author\\\/karine\\\/\"}]}<\/script>\n<!-- \/ Yoast SEO plugin. -->","yoast_head_json":{"title":"Sommet Impulsion de Propulsion Qu\u00e9bec - CargoM","robots":{"index":"index","follow":"follow","max-snippet":"max-snippet:-1","max-image-preview":"max-image-preview:large","max-video-preview":"max-video-preview:-1"},"canonical":"https:\/\/www.cargo-montreal.ca\/fr\/sommet-impulsion-de-propulsion-quebec\/","og_locale":"fr_FR","og_type":"article","og_title":"Sommet Impulsion de Propulsion Qu\u00e9bec - CargoM","og_description":"CargoM participait mardi dernier au sommet\u00a0international des transports \u00e9lectriques intelligents\u00a0Impulsion\u00a0orchestr\u00e9 par\u00a0Propulsion Qu\u00e9bec. Notre directeur g\u00e9n\u00e9ral, Mathieu Charbonneau, \u00e9tait mod\u00e9rateur lors du panel\u00a0Les d\u00e9fis du transport routier durable pour les op\u00e9rations longues distances. Les invit\u00e9s ont discut\u00e9 notamment de leur engagement dans la recherche de solutions durables, des d\u00e9fis, de leurs besoins et de leurs attentes [&hellip;]","og_url":"https:\/\/www.cargo-montreal.ca\/fr\/sommet-impulsion-de-propulsion-quebec\/","og_site_name":"CargoM","article_published_time":"2023-03-17T00:45:33+00:00","article_modified_time":"2023-03-17T00:45:49+00:00","og_image":[{"width":2560,"height":2009,"url":"https:\/\/www.cargo-montreal.ca\/wp-content\/uploads\/2023\/03\/image_50451969-1-scaled.jpg","type":"image\/jpeg"}],"author":"Karine Dudognon","twitter_card":"summary_large_image","twitter_misc":{"\u00c9crit par":"Karine Dudognon","Dur\u00e9e de lecture estim\u00e9e":"1 minute"},"schema":{"@context":"https:\/\/schema.org","@graph":[{"@type":"Article","@id":"https:\/\/www.cargo-montreal.ca\/fr\/sommet-impulsion-de-propulsion-quebec\/#article","isPartOf":{"@id":"https:\/\/www.cargo-montreal.ca\/fr\/sommet-impulsion-de-propulsion-quebec\/"},"author":{"name":"Karine Dudognon","@id":"https:\/\/www.cargo-montreal.ca\/fr\/#\/schema\/person\/80476d173ce654813db9fd1533901365"},"headline":"Sommet Impulsion de Propulsion Qu\u00e9bec","datePublished":"2023-03-17T00:45:33+00:00","dateModified":"2023-03-17T00:45:49+00:00","mainEntityOfPage":{"@id":"https:\/\/www.cargo-montreal.ca\/fr\/sommet-impulsion-de-propulsion-quebec\/"},"wordCount":173,"image":{"@id":"https:\/\/www.cargo-montreal.ca\/fr\/sommet-impulsion-de-propulsion-quebec\/#primaryimage"},"thumbnailUrl":"https:\/\/www.cargo-montreal.ca\/wp-content\/uploads\/2023\/03\/image_50451969-1-scaled.jpg","articleSection":["Services logistiques"],"inLanguage":"fr-FR"},{"@type":"WebPage","@id":"https:\/\/www.cargo-montreal.ca\/fr\/sommet-impulsion-de-propulsion-quebec\/","url":"https:\/\/www.cargo-montreal.ca\/fr\/sommet-impulsion-de-propulsion-quebec\/","name":"Sommet Impulsion de Propulsion Qu\u00e9bec - CargoM","isPartOf":{"@id":"https:\/\/www.cargo-montreal.ca\/fr\/#website"},"primaryImageOfPage":{"@id":"https:\/\/www.cargo-montreal.ca\/fr\/sommet-impulsion-de-propulsion-quebec\/#primaryimage"},"image":{"@id":"https:\/\/www.cargo-montreal.ca\/fr\/sommet-impulsion-de-propulsion-quebec\/#primaryimage"},"thumbnailUrl":"https:\/\/www.cargo-montreal.ca\/wp-content\/uploads\/2023\/03\/image_50451969-1-scaled.jpg","datePublished":"2023-03-17T00:45:33+00:00","dateModified":"2023-03-17T00:45:49+00:00","author":{"@id":"https:\/\/www.cargo-montreal.ca\/fr\/#\/schema\/person\/80476d173ce654813db9fd1533901365"},"breadcrumb":{"@id":"https:\/\/www.cargo-montreal.ca\/fr\/sommet-impulsion-de-propulsion-quebec\/#breadcrumb"},"inLanguage":"fr-FR","potentialAction":[{"@type":"ReadAction","target":["https:\/\/www.cargo-montreal.ca\/fr\/sommet-impulsion-de-propulsion-quebec\/"]}]},{"@type":"ImageObject","inLanguage":"fr-FR","@id":"https:\/\/www.cargo-montreal.ca\/fr\/sommet-impulsion-de-propulsion-quebec\/#primaryimage","url":"https:\/\/www.cargo-montreal.ca\/wp-content\/uploads\/2023\/03\/image_50451969-1-scaled.jpg","contentUrl":"https:\/\/www.cargo-montreal.ca\/wp-content\/uploads\/2023\/03\/image_50451969-1-scaled.jpg","width":2560,"height":2009},{"@type":"BreadcrumbList","@id":"https:\/\/www.cargo-montreal.ca\/fr\/sommet-impulsion-de-propulsion-quebec\/#breadcrumb","itemListElement":[{"@type":"ListItem","position":1,"name":"Home","item":"https:\/\/www.cargo-montreal.ca\/fr\/"},{"@type":"ListItem","position":2,"name":"Sommet Impulsion de Propulsion Qu\u00e9bec"}]},{"@type":"WebSite","@id":"https:\/\/www.cargo-montreal.ca\/fr\/#website","url":"https:\/\/www.cargo-montreal.ca\/fr\/","name":"CargoM","description":"La mission de CargoM: Rassembler les acteurs de la logistique &amp; du transport de marchandises du Grand Montr\u00e9al autour d&#039;objectifs communs, d&#039;actions concert\u00e9es","potentialAction":[{"@type":"SearchAction","target":{"@type":"EntryPoint","urlTemplate":"https:\/\/www.cargo-montreal.ca\/fr\/?s={search_term_string}"},"query-input":{"@type":"PropertyValueSpecification","valueRequired":true,"valueName":"search_term_string"}}],"inLanguage":"fr-FR"},{"@type":"Person","@id":"https:\/\/www.cargo-montreal.ca\/fr\/#\/schema\/person\/80476d173ce654813db9fd1533901365","name":"Karine Dudognon","image":{"@type":"ImageObject","inLanguage":"fr-FR","@id":"https:\/\/secure.gravatar.com\/avatar\/673bdfb703a9b6685a88bc7dfb04a9ea2b48b30e9d1663a5e759a4e9bfa3e2c0?s=96&d=mm&r=g","url":"https:\/\/secure.gravatar.com\/avatar\/673bdfb703a9b6685a88bc7dfb04a9ea2b48b30e9d1663a5e759a4e9bfa3e2c0?s=96&d=mm&r=g","contentUrl":"https:\/\/secure.gravatar.com\/avatar\/673bdfb703a9b6685a88bc7dfb04a9ea2b48b30e9d1663a5e759a4e9bfa3e2c0?s=96&d=mm&r=g","caption":"Karine Dudognon"},"url":"https:\/\/www.cargo-montreal.ca\/fr\/author\/karine\/"}]}},"_links":{"self":[{"href":"https:\/\/www.cargo-montreal.ca\/fr\/wp-json\/wp\/v2\/posts\/14535","targetHints":{"allow":["GET"]}}],"collection":[{"href":"https:\/\/www.cargo-montreal.ca\/fr\/wp-json\/wp\/v2\/posts"}],"about":[{"href":"https:\/\/www.cargo-montreal.ca\/fr\/wp-json\/wp\/v2\/types\/post"}],"author":[{"embeddable":true,"href":"https:\/\/www.cargo-montreal.ca\/fr\/wp-json\/wp\/v2\/users\/39"}],"replies":[{"embeddable":true,"href":"https:\/\/www.cargo-montreal.ca\/fr\/wp-json\/wp\/v2\/comments?post=14535"}],"version-history":[{"count":2,"href":"https:\/\/www.cargo-montreal.ca\/fr\/wp-json\/wp\/v2\/posts\/14535\/revisions"}],"predecessor-version":[{"id":14537,"href":"https:\/\/www.cargo-montreal.ca\/fr\/wp-json\/wp\/v2\/posts\/14535\/revisions\/14537"}],"wp:featuredmedia":[{"embeddable":true,"href":"https:\/\/www.cargo-montreal.ca\/fr\/wp-json\/wp\/v2\/media\/14523"}],"wp:attachment":[{"href":"https:\/\/www.cargo-montreal.ca\/fr\/wp-json\/wp\/v2\/media?parent=14535"}],"wp:term":[{"taxonomy":"category","embeddable":true,"href":"https:\/\/www.cargo-montreal.ca\/fr\/wp-json\/wp\/v2\/categories?post=14535"},{"taxonomy":"post_tag","embeddable":true,"href":"https:\/\/www.cargo-montreal.ca\/fr\/wp-json\/wp\/v2\/tags?post=14535"}],"curies":[{"name":"wp","href":"https:\/\/api.w.org\/{rel}","templated":true}]}}