{"id":14558,"date":"2023-03-17T01:01:31","date_gmt":"2023-03-17T01:01:31","guid":{"rendered":"https:\/\/www.cargo-montreal.ca\/?p=14558"},"modified":"2023-03-17T01:01:31","modified_gmt":"2023-03-17T01:01:31","slug":"le-gouvernement-du-canada-investit-dans-la-formation-axee-sur-les-competences-pour-remedier-aux-penuries-de-main-doeuvre-dans-lindustrie-du-camionnage","status":"publish","type":"post","link":"https:\/\/www.cargo-montreal.ca\/fr\/le-gouvernement-du-canada-investit-dans-la-formation-axee-sur-les-competences-pour-remedier-aux-penuries-de-main-doeuvre-dans-lindustrie-du-camionnage\/","title":{"rendered":"Le gouvernement du Canada investit dans la formation ax\u00e9e sur les comp\u00e9tences pour rem\u00e9dier aux p\u00e9nuries de main-d&rsquo;\u0153uvre dans l&rsquo;industrie du camionnage"},"content":{"rendered":"<p align=\"justify\">Afin de r\u00e9pondre aux importantes p\u00e9nuries de main-d\u2019\u0153uvre qui touchent plusieurs secteurs de notre \u00e9conomie, le ministre des Transports, Omar Alghabra, au nom de la ministre de l&rsquo;Emploi, du D\u00e9veloppement de la main-d&rsquo;\u0153uvre et de l&rsquo;Inclusion des personnes en situation de handicap, Carla Qualtrough, a annonc\u00e9 le 21 f\u00e9vrier dernier que le gouvernement du Canada investira jusqu&rsquo;\u00e0 46,3 millions de dollars dans l&rsquo;organisation Trucking HR Canada dans le cadre du\u00a0<a href=\"https:\/\/www.canada.ca\/fr\/emploi-developpement-social\/programmes\/programme-solutions-sectorielle-main-doeuvre.html\" target=\"_blank\" rel=\"noopener\" data-hs-link-id=\"0\">Programme de solutions pour la main-d&rsquo;\u0153uvre sectorielle<\/a>.<\/p>\r\n<p align=\"justify\">Le projet Driving Economic Recovery de l&rsquo;organisation offrira des subventions pour la formation et des subventions salariales \u00e0 l&rsquo;appui du recrutement, de la formation et de l&rsquo;int\u00e9gration d&rsquo;un maximum de 1 400 nouveaux camionneurs et de 1 200 travailleurs exer\u00e7ant d&rsquo;autres professions pour lesquelles la demande est forte dans le secteur du camionnage.<\/p>\r\n<p align=\"justify\"><a href=\"https:\/\/www.newswire.ca\/fr\/news-releases\/le-gouvernement-du-canada-investit-dans-la-formation-axee-sur-les-competences-pour-remedier-aux-penuries-de-main-d-oeuvre-dans-l-industrie-du-camionnage-829443116.html\" target=\"_blank\" rel=\"noopener\" data-hs-link-id=\"0\">Lire l\u2019annonce compl\u00e8te<\/a>.<\/p>\r\nSource\u00a0:\u00a0Emploi et D\u00e9veloppement social\u00a0Canada","protected":false},"excerpt":{"rendered":"Afin de r\u00e9pondre aux importantes p\u00e9nuries de main-d\u2019\u0153uvre qui touchent plusieurs secteurs de notre \u00e9conomie, le ministre des Transports, Omar Alghabra, au nom de la ministre de l&rsquo;Emploi, du D\u00e9veloppement de la main-d&rsquo;\u0153uvre et de l&rsquo;Inclusion des personnes en situation de handicap, Carla Qualtrough, a annonc\u00e9 le 21 f\u00e9vrier dernier que le gouvernement du Canada [&hellip;]","protected":false},"author":39,"featured_media":14525,"comment_status":"closed","ping_status":"closed","sticky":false,"template":"","format":"standard","meta":{"_acf_changed":false,"footnotes":""},"categories":[20],"tags":[],"class_list":["post-14558","post","type-post","status-publish","format-standard","has-post-thumbnail","hentry","category-services-logistiques"],"acf":[],"yoast_head":"<!-- This site is optimized with the Yoast SEO plugin v27.3 - https:\/\/yoast.com\/product\/yoast-seo-wordpress\/ -->\n<title>Le gouvernement du Canada investit dans la formation ax\u00e9e sur les comp\u00e9tences pour rem\u00e9dier aux p\u00e9nuries de main-d&#039;\u0153uvre dans l&#039;industrie du camionnage - CargoM<\/title>\n<meta name=\"robots\" content=\"index, follow, max-snippet:-1, max-image-preview:large, max-video-preview:-1\" \/>\n<link rel=\"canonical\" href=\"https:\/\/www.cargo-montreal.ca\/fr\/le-gouvernement-du-canada-investit-dans-la-formation-axee-sur-les-competences-pour-remedier-aux-penuries-de-main-doeuvre-dans-lindustrie-du-camionnage\/\" \/>\n<meta property=\"og:locale\" content=\"fr_FR\" \/>\n<meta property=\"og:type\" content=\"article\" \/>\n<meta property=\"og:title\" content=\"Le gouvernement du Canada investit dans la formation ax\u00e9e sur les comp\u00e9tences pour rem\u00e9dier aux p\u00e9nuries de main-d&#039;\u0153uvre dans l&#039;industrie du camionnage - CargoM\" \/>\n<meta property=\"og:description\" content=\"Afin de r\u00e9pondre aux importantes p\u00e9nuries de main-d\u2019\u0153uvre qui touchent plusieurs secteurs de notre \u00e9conomie, le ministre des Transports, Omar Alghabra, au nom de la ministre de l&rsquo;Emploi, du D\u00e9veloppement de la main-d&rsquo;\u0153uvre et de l&rsquo;Inclusion des personnes en situation de handicap, Carla Qualtrough, a annonc\u00e9 le 21 f\u00e9vrier dernier que le gouvernement du Canada [&hellip;]\" \/>\n<meta property=\"og:url\" content=\"https:\/\/www.cargo-montreal.ca\/fr\/le-gouvernement-du-canada-investit-dans-la-formation-axee-sur-les-competences-pour-remedier-aux-penuries-de-main-doeuvre-dans-lindustrie-du-camionnage\/\" \/>\n<meta property=\"og:site_name\" content=\"CargoM\" \/>\n<meta property=\"article:published_time\" content=\"2023-03-17T01:01:31+00:00\" \/>\n<meta property=\"og:image\" content=\"https:\/\/www.cargo-montreal.ca\/wp-content\/uploads\/2023\/03\/iStock-186587095-scaled.jpg\" \/>\n\t<meta property=\"og:image:width\" content=\"2560\" \/>\n\t<meta property=\"og:image:height\" content=\"516\" \/>\n\t<meta property=\"og:image:type\" content=\"image\/jpeg\" \/>\n<meta name=\"author\" content=\"Karine Dudognon\" \/>\n<meta name=\"twitter:card\" content=\"summary_large_image\" \/>\n<meta name=\"twitter:label1\" content=\"\u00c9crit par\" \/>\n\t<meta name=\"twitter:data1\" content=\"Karine Dudognon\" \/>\n\t<meta name=\"twitter:label2\" content=\"Dur\u00e9e de lecture estim\u00e9e\" \/>\n\t<meta name=\"twitter:data2\" content=\"1 minute\" \/>\n<script type=\"application\/ld+json\" class=\"yoast-schema-graph\">{\"@context\":\"https:\\\/\\\/schema.org\",\"@graph\":[{\"@type\":\"Article\",\"@id\":\"https:\\\/\\\/www.cargo-montreal.ca\\\/fr\\\/le-gouvernement-du-canada-investit-dans-la-formation-axee-sur-les-competences-pour-remedier-aux-penuries-de-main-doeuvre-dans-lindustrie-du-camionnage\\\/#article\",\"isPartOf\":{\"@id\":\"https:\\\/\\\/www.cargo-montreal.ca\\\/fr\\\/le-gouvernement-du-canada-investit-dans-la-formation-axee-sur-les-competences-pour-remedier-aux-penuries-de-main-doeuvre-dans-lindustrie-du-camionnage\\\/\"},\"author\":{\"name\":\"Karine Dudognon\",\"@id\":\"https:\\\/\\\/www.cargo-montreal.ca\\\/fr\\\/#\\\/schema\\\/person\\\/80476d173ce654813db9fd1533901365\"},\"headline\":\"Le gouvernement du Canada investit dans la formation ax\u00e9e sur les comp\u00e9tences pour rem\u00e9dier aux p\u00e9nuries de main-d&rsquo;\u0153uvre dans l&rsquo;industrie du camionnage\",\"datePublished\":\"2023-03-17T01:01:31+00:00\",\"mainEntityOfPage\":{\"@id\":\"https:\\\/\\\/www.cargo-montreal.ca\\\/fr\\\/le-gouvernement-du-canada-investit-dans-la-formation-axee-sur-les-competences-pour-remedier-aux-penuries-de-main-doeuvre-dans-lindustrie-du-camionnage\\\/\"},\"wordCount\":180,\"image\":{\"@id\":\"https:\\\/\\\/www.cargo-montreal.ca\\\/fr\\\/le-gouvernement-du-canada-investit-dans-la-formation-axee-sur-les-competences-pour-remedier-aux-penuries-de-main-doeuvre-dans-lindustrie-du-camionnage\\\/#primaryimage\"},\"thumbnailUrl\":\"https:\\\/\\\/www.cargo-montreal.ca\\\/wp-content\\\/uploads\\\/2023\\\/03\\\/iStock-186587095-scaled.jpg\",\"articleSection\":[\"Services logistiques\"],\"inLanguage\":\"fr-FR\"},{\"@type\":\"WebPage\",\"@id\":\"https:\\\/\\\/www.cargo-montreal.ca\\\/fr\\\/le-gouvernement-du-canada-investit-dans-la-formation-axee-sur-les-competences-pour-remedier-aux-penuries-de-main-doeuvre-dans-lindustrie-du-camionnage\\\/\",\"url\":\"https:\\\/\\\/www.cargo-montreal.ca\\\/fr\\\/le-gouvernement-du-canada-investit-dans-la-formation-axee-sur-les-competences-pour-remedier-aux-penuries-de-main-doeuvre-dans-lindustrie-du-camionnage\\\/\",\"name\":\"Le gouvernement du Canada investit dans la formation ax\u00e9e sur les comp\u00e9tences pour rem\u00e9dier aux p\u00e9nuries de main-d'\u0153uvre dans l'industrie du camionnage - CargoM\",\"isPartOf\":{\"@id\":\"https:\\\/\\\/www.cargo-montreal.ca\\\/fr\\\/#website\"},\"primaryImageOfPage\":{\"@id\":\"https:\\\/\\\/www.cargo-montreal.ca\\\/fr\\\/le-gouvernement-du-canada-investit-dans-la-formation-axee-sur-les-competences-pour-remedier-aux-penuries-de-main-doeuvre-dans-lindustrie-du-camionnage\\\/#primaryimage\"},\"image\":{\"@id\":\"https:\\\/\\\/www.cargo-montreal.ca\\\/fr\\\/le-gouvernement-du-canada-investit-dans-la-formation-axee-sur-les-competences-pour-remedier-aux-penuries-de-main-doeuvre-dans-lindustrie-du-camionnage\\\/#primaryimage\"},\"thumbnailUrl\":\"https:\\\/\\\/www.cargo-montreal.ca\\\/wp-content\\\/uploads\\\/2023\\\/03\\\/iStock-186587095-scaled.jpg\",\"datePublished\":\"2023-03-17T01:01:31+00:00\",\"author\":{\"@id\":\"https:\\\/\\\/www.cargo-montreal.ca\\\/fr\\\/#\\\/schema\\\/person\\\/80476d173ce654813db9fd1533901365\"},\"breadcrumb\":{\"@id\":\"https:\\\/\\\/www.cargo-montreal.ca\\\/fr\\\/le-gouvernement-du-canada-investit-dans-la-formation-axee-sur-les-competences-pour-remedier-aux-penuries-de-main-doeuvre-dans-lindustrie-du-camionnage\\\/#breadcrumb\"},\"inLanguage\":\"fr-FR\",\"potentialAction\":[{\"@type\":\"ReadAction\",\"target\":[\"https:\\\/\\\/www.cargo-montreal.ca\\\/fr\\\/le-gouvernement-du-canada-investit-dans-la-formation-axee-sur-les-competences-pour-remedier-aux-penuries-de-main-doeuvre-dans-lindustrie-du-camionnage\\\/\"]}]},{\"@type\":\"ImageObject\",\"inLanguage\":\"fr-FR\",\"@id\":\"https:\\\/\\\/www.cargo-montreal.ca\\\/fr\\\/le-gouvernement-du-canada-investit-dans-la-formation-axee-sur-les-competences-pour-remedier-aux-penuries-de-main-doeuvre-dans-lindustrie-du-camionnage\\\/#primaryimage\",\"url\":\"https:\\\/\\\/www.cargo-montreal.ca\\\/wp-content\\\/uploads\\\/2023\\\/03\\\/iStock-186587095-scaled.jpg\",\"contentUrl\":\"https:\\\/\\\/www.cargo-montreal.ca\\\/wp-content\\\/uploads\\\/2023\\\/03\\\/iStock-186587095-scaled.jpg\",\"width\":2560,\"height\":516,\"caption\":\"Modern distribution center\"},{\"@type\":\"BreadcrumbList\",\"@id\":\"https:\\\/\\\/www.cargo-montreal.ca\\\/fr\\\/le-gouvernement-du-canada-investit-dans-la-formation-axee-sur-les-competences-pour-remedier-aux-penuries-de-main-doeuvre-dans-lindustrie-du-camionnage\\\/#breadcrumb\",\"itemListElement\":[{\"@type\":\"ListItem\",\"position\":1,\"name\":\"Home\",\"item\":\"https:\\\/\\\/www.cargo-montreal.ca\\\/fr\\\/\"},{\"@type\":\"ListItem\",\"position\":2,\"name\":\"Le gouvernement du Canada investit dans la formation ax\u00e9e sur les comp\u00e9tences pour rem\u00e9dier aux p\u00e9nuries de main-d&#8217;\u0153uvre dans l&#8217;industrie du camionnage\"}]},{\"@type\":\"WebSite\",\"@id\":\"https:\\\/\\\/www.cargo-montreal.ca\\\/fr\\\/#website\",\"url\":\"https:\\\/\\\/www.cargo-montreal.ca\\\/fr\\\/\",\"name\":\"CargoM\",\"description\":\"La mission de CargoM: Rassembler les acteurs de la logistique &amp; du transport de marchandises du Grand Montr\u00e9al autour d&#039;objectifs communs, d&#039;actions concert\u00e9es\",\"potentialAction\":[{\"@type\":\"SearchAction\",\"target\":{\"@type\":\"EntryPoint\",\"urlTemplate\":\"https:\\\/\\\/www.cargo-montreal.ca\\\/fr\\\/?s={search_term_string}\"},\"query-input\":{\"@type\":\"PropertyValueSpecification\",\"valueRequired\":true,\"valueName\":\"search_term_string\"}}],\"inLanguage\":\"fr-FR\"},{\"@type\":\"Person\",\"@id\":\"https:\\\/\\\/www.cargo-montreal.ca\\\/fr\\\/#\\\/schema\\\/person\\\/80476d173ce654813db9fd1533901365\",\"name\":\"Karine Dudognon\",\"image\":{\"@type\":\"ImageObject\",\"inLanguage\":\"fr-FR\",\"@id\":\"https:\\\/\\\/secure.gravatar.com\\\/avatar\\\/673bdfb703a9b6685a88bc7dfb04a9ea2b48b30e9d1663a5e759a4e9bfa3e2c0?s=96&d=mm&r=g\",\"url\":\"https:\\\/\\\/secure.gravatar.com\\\/avatar\\\/673bdfb703a9b6685a88bc7dfb04a9ea2b48b30e9d1663a5e759a4e9bfa3e2c0?s=96&d=mm&r=g\",\"contentUrl\":\"https:\\\/\\\/secure.gravatar.com\\\/avatar\\\/673bdfb703a9b6685a88bc7dfb04a9ea2b48b30e9d1663a5e759a4e9bfa3e2c0?s=96&d=mm&r=g\",\"caption\":\"Karine Dudognon\"},\"url\":\"https:\\\/\\\/www.cargo-montreal.ca\\\/fr\\\/author\\\/karine\\\/\"}]}<\/script>\n<!-- \/ Yoast SEO plugin. -->","yoast_head_json":{"title":"Le gouvernement du Canada investit dans la formation ax\u00e9e sur les comp\u00e9tences pour rem\u00e9dier aux p\u00e9nuries de main-d'\u0153uvre dans l'industrie du camionnage - CargoM","robots":{"index":"index","follow":"follow","max-snippet":"max-snippet:-1","max-image-preview":"max-image-preview:large","max-video-preview":"max-video-preview:-1"},"canonical":"https:\/\/www.cargo-montreal.ca\/fr\/le-gouvernement-du-canada-investit-dans-la-formation-axee-sur-les-competences-pour-remedier-aux-penuries-de-main-doeuvre-dans-lindustrie-du-camionnage\/","og_locale":"fr_FR","og_type":"article","og_title":"Le gouvernement du Canada investit dans la formation ax\u00e9e sur les comp\u00e9tences pour rem\u00e9dier aux p\u00e9nuries de main-d'\u0153uvre dans l'industrie du camionnage - CargoM","og_description":"Afin de r\u00e9pondre aux importantes p\u00e9nuries de main-d\u2019\u0153uvre qui touchent plusieurs secteurs de notre \u00e9conomie, le ministre des Transports, Omar Alghabra, au nom de la ministre de l&rsquo;Emploi, du D\u00e9veloppement de la main-d&rsquo;\u0153uvre et de l&rsquo;Inclusion des personnes en situation de handicap, Carla Qualtrough, a annonc\u00e9 le 21 f\u00e9vrier dernier que le gouvernement du Canada [&hellip;]","og_url":"https:\/\/www.cargo-montreal.ca\/fr\/le-gouvernement-du-canada-investit-dans-la-formation-axee-sur-les-competences-pour-remedier-aux-penuries-de-main-doeuvre-dans-lindustrie-du-camionnage\/","og_site_name":"CargoM","article_published_time":"2023-03-17T01:01:31+00:00","og_image":[{"width":2560,"height":516,"url":"https:\/\/www.cargo-montreal.ca\/wp-content\/uploads\/2023\/03\/iStock-186587095-scaled.jpg","type":"image\/jpeg"}],"author":"Karine Dudognon","twitter_card":"summary_large_image","twitter_misc":{"\u00c9crit par":"Karine Dudognon","Dur\u00e9e de lecture estim\u00e9e":"1 minute"},"schema":{"@context":"https:\/\/schema.org","@graph":[{"@type":"Article","@id":"https:\/\/www.cargo-montreal.ca\/fr\/le-gouvernement-du-canada-investit-dans-la-formation-axee-sur-les-competences-pour-remedier-aux-penuries-de-main-doeuvre-dans-lindustrie-du-camionnage\/#article","isPartOf":{"@id":"https:\/\/www.cargo-montreal.ca\/fr\/le-gouvernement-du-canada-investit-dans-la-formation-axee-sur-les-competences-pour-remedier-aux-penuries-de-main-doeuvre-dans-lindustrie-du-camionnage\/"},"author":{"name":"Karine Dudognon","@id":"https:\/\/www.cargo-montreal.ca\/fr\/#\/schema\/person\/80476d173ce654813db9fd1533901365"},"headline":"Le gouvernement du Canada investit dans la formation ax\u00e9e sur les comp\u00e9tences pour rem\u00e9dier aux p\u00e9nuries de main-d&rsquo;\u0153uvre dans l&rsquo;industrie du camionnage","datePublished":"2023-03-17T01:01:31+00:00","mainEntityOfPage":{"@id":"https:\/\/www.cargo-montreal.ca\/fr\/le-gouvernement-du-canada-investit-dans-la-formation-axee-sur-les-competences-pour-remedier-aux-penuries-de-main-doeuvre-dans-lindustrie-du-camionnage\/"},"wordCount":180,"image":{"@id":"https:\/\/www.cargo-montreal.ca\/fr\/le-gouvernement-du-canada-investit-dans-la-formation-axee-sur-les-competences-pour-remedier-aux-penuries-de-main-doeuvre-dans-lindustrie-du-camionnage\/#primaryimage"},"thumbnailUrl":"https:\/\/www.cargo-montreal.ca\/wp-content\/uploads\/2023\/03\/iStock-186587095-scaled.jpg","articleSection":["Services logistiques"],"inLanguage":"fr-FR"},{"@type":"WebPage","@id":"https:\/\/www.cargo-montreal.ca\/fr\/le-gouvernement-du-canada-investit-dans-la-formation-axee-sur-les-competences-pour-remedier-aux-penuries-de-main-doeuvre-dans-lindustrie-du-camionnage\/","url":"https:\/\/www.cargo-montreal.ca\/fr\/le-gouvernement-du-canada-investit-dans-la-formation-axee-sur-les-competences-pour-remedier-aux-penuries-de-main-doeuvre-dans-lindustrie-du-camionnage\/","name":"Le gouvernement du Canada investit dans la formation ax\u00e9e sur les comp\u00e9tences pour rem\u00e9dier aux p\u00e9nuries de main-d'\u0153uvre dans l'industrie du camionnage - CargoM","isPartOf":{"@id":"https:\/\/www.cargo-montreal.ca\/fr\/#website"},"primaryImageOfPage":{"@id":"https:\/\/www.cargo-montreal.ca\/fr\/le-gouvernement-du-canada-investit-dans-la-formation-axee-sur-les-competences-pour-remedier-aux-penuries-de-main-doeuvre-dans-lindustrie-du-camionnage\/#primaryimage"},"image":{"@id":"https:\/\/www.cargo-montreal.ca\/fr\/le-gouvernement-du-canada-investit-dans-la-formation-axee-sur-les-competences-pour-remedier-aux-penuries-de-main-doeuvre-dans-lindustrie-du-camionnage\/#primaryimage"},"thumbnailUrl":"https:\/\/www.cargo-montreal.ca\/wp-content\/uploads\/2023\/03\/iStock-186587095-scaled.jpg","datePublished":"2023-03-17T01:01:31+00:00","author":{"@id":"https:\/\/www.cargo-montreal.ca\/fr\/#\/schema\/person\/80476d173ce654813db9fd1533901365"},"breadcrumb":{"@id":"https:\/\/www.cargo-montreal.ca\/fr\/le-gouvernement-du-canada-investit-dans-la-formation-axee-sur-les-competences-pour-remedier-aux-penuries-de-main-doeuvre-dans-lindustrie-du-camionnage\/#breadcrumb"},"inLanguage":"fr-FR","potentialAction":[{"@type":"ReadAction","target":["https:\/\/www.cargo-montreal.ca\/fr\/le-gouvernement-du-canada-investit-dans-la-formation-axee-sur-les-competences-pour-remedier-aux-penuries-de-main-doeuvre-dans-lindustrie-du-camionnage\/"]}]},{"@type":"ImageObject","inLanguage":"fr-FR","@id":"https:\/\/www.cargo-montreal.ca\/fr\/le-gouvernement-du-canada-investit-dans-la-formation-axee-sur-les-competences-pour-remedier-aux-penuries-de-main-doeuvre-dans-lindustrie-du-camionnage\/#primaryimage","url":"https:\/\/www.cargo-montreal.ca\/wp-content\/uploads\/2023\/03\/iStock-186587095-scaled.jpg","contentUrl":"https:\/\/www.cargo-montreal.ca\/wp-content\/uploads\/2023\/03\/iStock-186587095-scaled.jpg","width":2560,"height":516,"caption":"Modern distribution center"},{"@type":"BreadcrumbList","@id":"https:\/\/www.cargo-montreal.ca\/fr\/le-gouvernement-du-canada-investit-dans-la-formation-axee-sur-les-competences-pour-remedier-aux-penuries-de-main-doeuvre-dans-lindustrie-du-camionnage\/#breadcrumb","itemListElement":[{"@type":"ListItem","position":1,"name":"Home","item":"https:\/\/www.cargo-montreal.ca\/fr\/"},{"@type":"ListItem","position":2,"name":"Le gouvernement du Canada investit dans la formation ax\u00e9e sur les comp\u00e9tences pour rem\u00e9dier aux p\u00e9nuries de main-d&#8217;\u0153uvre dans l&#8217;industrie du camionnage"}]},{"@type":"WebSite","@id":"https:\/\/www.cargo-montreal.ca\/fr\/#website","url":"https:\/\/www.cargo-montreal.ca\/fr\/","name":"CargoM","description":"La mission de CargoM: Rassembler les acteurs de la logistique &amp; du transport de marchandises du Grand Montr\u00e9al autour d&#039;objectifs communs, d&#039;actions concert\u00e9es","potentialAction":[{"@type":"SearchAction","target":{"@type":"EntryPoint","urlTemplate":"https:\/\/www.cargo-montreal.ca\/fr\/?s={search_term_string}"},"query-input":{"@type":"PropertyValueSpecification","valueRequired":true,"valueName":"search_term_string"}}],"inLanguage":"fr-FR"},{"@type":"Person","@id":"https:\/\/www.cargo-montreal.ca\/fr\/#\/schema\/person\/80476d173ce654813db9fd1533901365","name":"Karine Dudognon","image":{"@type":"ImageObject","inLanguage":"fr-FR","@id":"https:\/\/secure.gravatar.com\/avatar\/673bdfb703a9b6685a88bc7dfb04a9ea2b48b30e9d1663a5e759a4e9bfa3e2c0?s=96&d=mm&r=g","url":"https:\/\/secure.gravatar.com\/avatar\/673bdfb703a9b6685a88bc7dfb04a9ea2b48b30e9d1663a5e759a4e9bfa3e2c0?s=96&d=mm&r=g","contentUrl":"https:\/\/secure.gravatar.com\/avatar\/673bdfb703a9b6685a88bc7dfb04a9ea2b48b30e9d1663a5e759a4e9bfa3e2c0?s=96&d=mm&r=g","caption":"Karine Dudognon"},"url":"https:\/\/www.cargo-montreal.ca\/fr\/author\/karine\/"}]}},"_links":{"self":[{"href":"https:\/\/www.cargo-montreal.ca\/fr\/wp-json\/wp\/v2\/posts\/14558","targetHints":{"allow":["GET"]}}],"collection":[{"href":"https:\/\/www.cargo-montreal.ca\/fr\/wp-json\/wp\/v2\/posts"}],"about":[{"href":"https:\/\/www.cargo-montreal.ca\/fr\/wp-json\/wp\/v2\/types\/post"}],"author":[{"embeddable":true,"href":"https:\/\/www.cargo-montreal.ca\/fr\/wp-json\/wp\/v2\/users\/39"}],"replies":[{"embeddable":true,"href":"https:\/\/www.cargo-montreal.ca\/fr\/wp-json\/wp\/v2\/comments?post=14558"}],"version-history":[{"count":1,"href":"https:\/\/www.cargo-montreal.ca\/fr\/wp-json\/wp\/v2\/posts\/14558\/revisions"}],"predecessor-version":[{"id":14559,"href":"https:\/\/www.cargo-montreal.ca\/fr\/wp-json\/wp\/v2\/posts\/14558\/revisions\/14559"}],"wp:featuredmedia":[{"embeddable":true,"href":"https:\/\/www.cargo-montreal.ca\/fr\/wp-json\/wp\/v2\/media\/14525"}],"wp:attachment":[{"href":"https:\/\/www.cargo-montreal.ca\/fr\/wp-json\/wp\/v2\/media?parent=14558"}],"wp:term":[{"taxonomy":"category","embeddable":true,"href":"https:\/\/www.cargo-montreal.ca\/fr\/wp-json\/wp\/v2\/categories?post=14558"},{"taxonomy":"post_tag","embeddable":true,"href":"https:\/\/www.cargo-montreal.ca\/fr\/wp-json\/wp\/v2\/tags?post=14558"}],"curies":[{"name":"wp","href":"https:\/\/api.w.org\/{rel}","templated":true}]}}