{"id":14687,"date":"2023-04-19T15:28:39","date_gmt":"2023-04-19T15:28:39","guid":{"rendered":"https:\/\/www.cargo-montreal.ca\/?p=14687"},"modified":"2023-04-19T15:29:36","modified_gmt":"2023-04-19T15:29:36","slug":"les-nouveaux-membres-de-la-grappe","status":"publish","type":"post","link":"https:\/\/www.cargo-montreal.ca\/fr\/les-nouveaux-membres-de-la-grappe\/","title":{"rendered":"Les nouveaux membres de la Grappe"},"content":{"rendered":"<p align=\"justify\">CargoM est heureuse d\u2019accueillir parmi ses membres trois nouveaux venus.<\/p>\r\n<p align=\"justify\"><a href=\"https:\/\/info.cargo-montreal.ca\/e3t\/Ctc\/ZU+113\/d11nbd04\/MVHGszHxvL3W64Y35z68-11ZW54fY-N4ZyCjpN7zrx0J3lLBmV1-WJV7CgKCbW75NvR85S0hc_W7J6tdz1d7Tn1VMTY0N1cDnZcF2Pww1pXdMhVWcmWp5GkxlHVTL2WD74rHgZW1Mvslx3BXrQvW1QdqLL8RVYWCW8BFTMW8GtcR8Vtbx9w55835PN74XbR3yRKYqW7SW6CD7TSYYvVshNJS7Tmh3QMs9VsHv4fWgW7kfxKR9f1YNRW5cNc1r4BrZnqW1ZVMTF24XGy4W3h8Lpq2lLdnRW8-9Y915Tc3RwN1gBGTtpyH0ZW1bGWNQ4WDnxKVhNpPw6dsxZQ36xn1\" target=\"_blank\" rel=\"noopener\" data-saferedirecturl=\"https:\/\/www.google.com\/url?q=https:\/\/info.cargo-montreal.ca\/e3t\/Ctc\/ZU%2B113\/d11nbd04\/MVHGszHxvL3W64Y35z68-11ZW54fY-N4ZyCjpN7zrx0J3lLBmV1-WJV7CgKCbW75NvR85S0hc_W7J6tdz1d7Tn1VMTY0N1cDnZcF2Pww1pXdMhVWcmWp5GkxlHVTL2WD74rHgZW1Mvslx3BXrQvW1QdqLL8RVYWCW8BFTMW8GtcR8Vtbx9w55835PN74XbR3yRKYqW7SW6CD7TSYYvVshNJS7Tmh3QMs9VsHv4fWgW7kfxKR9f1YNRW5cNc1r4BrZnqW1ZVMTF24XGy4W3h8Lpq2lLdnRW8-9Y915Tc3RwN1gBGTtpyH0ZW1bGWNQ4WDnxKVhNpPw6dsxZQ36xn1&amp;source=gmail&amp;ust=1682002874328000&amp;usg=AOvVaw1gVclxJyrsZWw7k4TRyxiy\">Administration de pilotage des Laurentides<\/a>\u00a0est une\u00a0soci\u00e9t\u00e9 d\u2019\u00e9tat f\u00e9d\u00e9rale charg\u00e9e d\u2019administrer et fournir des services de pilotage maritime et services connexes dans les eaux de la r\u00e9gion des Laurentides, notamment dans le fleuve Saint-Laurent et la rivi\u00e8re Saguenay. Sa mission consiste \u00e0 assurer la s\u00e9curit\u00e9 de la navigation en fournissant du soutien aux pilotes maritimes.<\/p>\r\n<p align=\"justify\"><a href=\"https:\/\/info.cargo-montreal.ca\/e3t\/Ctc\/ZU+113\/d11nbd04\/MVHGszHxvL3W64Y35z68-11ZW54fY-N4ZyCjpN7zrx053lLzNV1-WJV7CgWXQW13-YTX6vFfJMVmn6KZ6SsC0TW2NBwvj6V4sDRW5rYPcx31KZh0W36Dm7m1fm9LvW6QgCr93pJQKXW4d4y9l31VBHmW6fNgh-7xyqM5W2_bBM037qfYtW3lZjsN5hWv18W1KgKnW7yB2rXW6gm33l21TVKLN8DCgkS7xzpxW3ThTNp4-LR3JW2wdbxR5WZSYsW2vPDtc26kdypW6c1Dc38bnN3MW3-yJ8l3M3dqF3nk-1\" target=\"_blank\" rel=\"noopener\" data-saferedirecturl=\"https:\/\/www.google.com\/url?q=https:\/\/info.cargo-montreal.ca\/e3t\/Ctc\/ZU%2B113\/d11nbd04\/MVHGszHxvL3W64Y35z68-11ZW54fY-N4ZyCjpN7zrx053lLzNV1-WJV7CgWXQW13-YTX6vFfJMVmn6KZ6SsC0TW2NBwvj6V4sDRW5rYPcx31KZh0W36Dm7m1fm9LvW6QgCr93pJQKXW4d4y9l31VBHmW6fNgh-7xyqM5W2_bBM037qfYtW3lZjsN5hWv18W1KgKnW7yB2rXW6gm33l21TVKLN8DCgkS7xzpxW3ThTNp4-LR3JW2wdbxR5WZSYsW2vPDtc26kdypW6c1Dc38bnN3MW3-yJ8l3M3dqF3nk-1&amp;source=gmail&amp;ust=1682002874328000&amp;usg=AOvVaw2eTbvr9uJtPDVG6gDNmLRx\">Pantos Logistics<\/a>\u00a0est un 3PL qui offre des solutions compl\u00e8tes de gestion de la cha\u00eene logistique \u00e0 l\u2019\u00e9chelle mondiale, notamment des services a\u00e9riens, maritimes, express et douaniers, ainsi qu&rsquo;une solide expertise en mati\u00e8re de services de camionnage et d&rsquo;entreposage \u00e0 l&rsquo;\u00e9chelle nationale.<\/p>\r\n<p align=\"justify\"><a href=\"https:\/\/info.cargo-montreal.ca\/e3t\/Ctc\/ZU+113\/d11nbd04\/MVHGszHxvL3W64Y35z68-11ZW54fY-N4ZyCjpN7zrx0p3lLB3V1-WJV7CgZ0ZN8PyXbgWQ9V-N15Ygp98Ft6vW2TLNn-6-KtZNW2tq6VN6Z4_rkW7Rb3hY2N8bgNW7MTxr37NNMHNW5n_0gP8pyrPXW367bgF5Z11zSW4KQLrQ2RgwTNW8YRQlB3BLYhSW88RB703VschPVZsKkC21Lll1W5wb-kk6WqGc3W9k4crQ5yBlXnVHPhSv7JYM_GW5ZG5Yl3Dh_-MW79MLWN2q-psjN5H-G6k845PVW47kTJc4x15m0W4LpXlb4X0rfK31CT1\" target=\"_blank\" rel=\"noopener\" data-saferedirecturl=\"https:\/\/www.google.com\/url?q=https:\/\/info.cargo-montreal.ca\/e3t\/Ctc\/ZU%2B113\/d11nbd04\/MVHGszHxvL3W64Y35z68-11ZW54fY-N4ZyCjpN7zrx0p3lLB3V1-WJV7CgZ0ZN8PyXbgWQ9V-N15Ygp98Ft6vW2TLNn-6-KtZNW2tq6VN6Z4_rkW7Rb3hY2N8bgNW7MTxr37NNMHNW5n_0gP8pyrPXW367bgF5Z11zSW4KQLrQ2RgwTNW8YRQlB3BLYhSW88RB703VschPVZsKkC21Lll1W5wb-kk6WqGc3W9k4crQ5yBlXnVHPhSv7JYM_GW5ZG5Yl3Dh_-MW79MLWN2q-psjN5H-G6k845PVW47kTJc4x15m0W4LpXlb4X0rfK31CT1&amp;source=gmail&amp;ust=1682002874328000&amp;usg=AOvVaw2eL1nfX-BT4eHuOiddaxP7\">Trinet Global Logistics<\/a>\u00a0propose des services certifi\u00e9s en mati\u00e8re de transport et d\u2019exp\u00e9dition de fret partout au Canada, aux \u00c9tats-Unis et dans le monde. Sous sa nouvelle banni\u00e8re et via sa plus r\u00e9cente plateforme Web, TRINET offre des solutions telles que l\u2019a\u00e9rien, le maritime, le terrestre, le routier, la livraison de petits colis, des services sp\u00e9ciaux en plus d&rsquo;une visibilit\u00e9 technologique gr\u00e2ce \u00e0 sa plateforme faite sur mesure.<\/p>\r\n<p align=\"justify\">Nous leur souhaitons la bienvenue et au plaisir de travailler avec ces nouveaux membres!<\/p>\r\n<p align=\"justify\"><a href=\"https:\/\/info.cargo-montreal.ca\/e3t\/Ctc\/ZU+113\/d11nbd04\/MVHGszHxvL3W64Y35z68-11ZW54fY-N4ZyCjpN7zrx1B3lLCfV1-WJV7CgWhlW96DCq93j_qNYW1kzqv06NVfxkN6_6PLbz_MJ9W80bp913QpZSKW5FkRtH2SYK9SW7HYTWC8MFZj8W4w4nq25JWfRZW1V65gp2JjtRNW3r8vLm3G2QCSW22TdT_8SX2snW35J6R54NHPlBW1SLrp12Z6v7_W46MMzs4skK0YN5c8mVBT3-J9MFpwwSxPL_PW2sBgyS546S1-V6Chnw99GsfNW48cDX-1LrnqBW6Gss3F9fPLFYW50cRvB6s9HPlW3JLRtC1Wd-5HW6xDnmB6GK1cNW6FhQ5h37SZx3W6-ptSk4fHqshW3YwLrp7HcBnlW3hqRWH271-wtN8WTBps2TdgCW14PwpJ2pyy6Q3pC91\" target=\"_blank\" rel=\"noopener\" data-saferedirecturl=\"https:\/\/www.google.com\/url?q=https:\/\/info.cargo-montreal.ca\/e3t\/Ctc\/ZU%2B113\/d11nbd04\/MVHGszHxvL3W64Y35z68-11ZW54fY-N4ZyCjpN7zrx1B3lLCfV1-WJV7CgWhlW96DCq93j_qNYW1kzqv06NVfxkN6_6PLbz_MJ9W80bp913QpZSKW5FkRtH2SYK9SW7HYTWC8MFZj8W4w4nq25JWfRZW1V65gp2JjtRNW3r8vLm3G2QCSW22TdT_8SX2snW35J6R54NHPlBW1SLrp12Z6v7_W46MMzs4skK0YN5c8mVBT3-J9MFpwwSxPL_PW2sBgyS546S1-V6Chnw99GsfNW48cDX-1LrnqBW6Gss3F9fPLFYW50cRvB6s9HPlW3JLRtC1Wd-5HW6xDnmB6GK1cNW6FhQ5h37SZx3W6-ptSk4fHqshW3YwLrp7HcBnlW3hqRWH271-wtN8WTBps2TdgCW14PwpJ2pyy6Q3pC91&amp;source=gmail&amp;ust=1682002874329000&amp;usg=AOvVaw0ccQUCUt3uP9RLAgWXUJ5s\">Pour en savoir plus sur l&rsquo;adh\u00e9sion \u00e0 CargoM.<\/a><\/p>","protected":false},"excerpt":{"rendered":"CargoM est heureuse d\u2019accueillir parmi ses membres trois nouveaux venus. Administration de pilotage des Laurentides\u00a0est une\u00a0soci\u00e9t\u00e9 d\u2019\u00e9tat f\u00e9d\u00e9rale charg\u00e9e d\u2019administrer et fournir des services de pilotage maritime et services connexes dans les eaux de la r\u00e9gion des Laurentides, notamment dans le fleuve Saint-Laurent et la rivi\u00e8re Saguenay. Sa mission consiste \u00e0 assurer la s\u00e9curit\u00e9 de [&hellip;]","protected":false},"author":39,"featured_media":14679,"comment_status":"closed","ping_status":"closed","sticky":false,"template":"","format":"standard","meta":{"_acf_changed":false,"footnotes":""},"categories":[20],"tags":[],"class_list":["post-14687","post","type-post","status-publish","format-standard","has-post-thumbnail","hentry","category-services-logistiques"],"acf":[],"yoast_head":"<!-- This site is optimized with the Yoast SEO plugin v27.3 - https:\/\/yoast.com\/product\/yoast-seo-wordpress\/ -->\n<title>Les nouveaux membres de la Grappe - CargoM<\/title>\n<meta name=\"robots\" content=\"index, follow, max-snippet:-1, max-image-preview:large, max-video-preview:-1\" \/>\n<link rel=\"canonical\" href=\"https:\/\/www.cargo-montreal.ca\/fr\/les-nouveaux-membres-de-la-grappe\/\" \/>\n<meta property=\"og:locale\" content=\"fr_FR\" \/>\n<meta property=\"og:type\" content=\"article\" \/>\n<meta property=\"og:title\" content=\"Les nouveaux membres de la Grappe - CargoM\" \/>\n<meta property=\"og:description\" content=\"CargoM est heureuse d\u2019accueillir parmi ses membres trois nouveaux venus. Administration de pilotage des Laurentides\u00a0est une\u00a0soci\u00e9t\u00e9 d\u2019\u00e9tat f\u00e9d\u00e9rale charg\u00e9e d\u2019administrer et fournir des services de pilotage maritime et services connexes dans les eaux de la r\u00e9gion des Laurentides, notamment dans le fleuve Saint-Laurent et la rivi\u00e8re Saguenay. Sa mission consiste \u00e0 assurer la s\u00e9curit\u00e9 de [&hellip;]\" \/>\n<meta property=\"og:url\" content=\"https:\/\/www.cargo-montreal.ca\/fr\/les-nouveaux-membres-de-la-grappe\/\" \/>\n<meta property=\"og:site_name\" content=\"CargoM\" \/>\n<meta property=\"article:published_time\" content=\"2023-04-19T15:28:39+00:00\" \/>\n<meta property=\"article:modified_time\" content=\"2023-04-19T15:29:36+00:00\" \/>\n<meta property=\"og:image\" content=\"https:\/\/www.cargo-montreal.ca\/wp-content\/uploads\/2023\/04\/noveaux-membres-avril.jpg\" \/>\n\t<meta property=\"og:image:width\" content=\"679\" \/>\n\t<meta property=\"og:image:height\" content=\"1043\" \/>\n\t<meta property=\"og:image:type\" content=\"image\/jpeg\" \/>\n<meta name=\"author\" content=\"Karine Dudognon\" \/>\n<meta name=\"twitter:card\" content=\"summary_large_image\" \/>\n<meta name=\"twitter:label1\" content=\"\u00c9crit par\" \/>\n\t<meta name=\"twitter:data1\" content=\"Karine Dudognon\" \/>\n\t<meta name=\"twitter:label2\" content=\"Dur\u00e9e de lecture estim\u00e9e\" \/>\n\t<meta name=\"twitter:data2\" content=\"1 minute\" \/>\n<script type=\"application\/ld+json\" class=\"yoast-schema-graph\">{\"@context\":\"https:\\\/\\\/schema.org\",\"@graph\":[{\"@type\":\"Article\",\"@id\":\"https:\\\/\\\/www.cargo-montreal.ca\\\/fr\\\/les-nouveaux-membres-de-la-grappe\\\/#article\",\"isPartOf\":{\"@id\":\"https:\\\/\\\/www.cargo-montreal.ca\\\/fr\\\/les-nouveaux-membres-de-la-grappe\\\/\"},\"author\":{\"name\":\"Karine Dudognon\",\"@id\":\"https:\\\/\\\/www.cargo-montreal.ca\\\/fr\\\/#\\\/schema\\\/person\\\/80476d173ce654813db9fd1533901365\"},\"headline\":\"Les nouveaux membres de la Grappe\",\"datePublished\":\"2023-04-19T15:28:39+00:00\",\"dateModified\":\"2023-04-19T15:29:36+00:00\",\"mainEntityOfPage\":{\"@id\":\"https:\\\/\\\/www.cargo-montreal.ca\\\/fr\\\/les-nouveaux-membres-de-la-grappe\\\/\"},\"wordCount\":230,\"image\":{\"@id\":\"https:\\\/\\\/www.cargo-montreal.ca\\\/fr\\\/les-nouveaux-membres-de-la-grappe\\\/#primaryimage\"},\"thumbnailUrl\":\"https:\\\/\\\/www.cargo-montreal.ca\\\/wp-content\\\/uploads\\\/2023\\\/04\\\/noveaux-membres-avril.jpg\",\"articleSection\":[\"Services logistiques\"],\"inLanguage\":\"fr-FR\"},{\"@type\":\"WebPage\",\"@id\":\"https:\\\/\\\/www.cargo-montreal.ca\\\/fr\\\/les-nouveaux-membres-de-la-grappe\\\/\",\"url\":\"https:\\\/\\\/www.cargo-montreal.ca\\\/fr\\\/les-nouveaux-membres-de-la-grappe\\\/\",\"name\":\"Les nouveaux membres de la Grappe - CargoM\",\"isPartOf\":{\"@id\":\"https:\\\/\\\/www.cargo-montreal.ca\\\/fr\\\/#website\"},\"primaryImageOfPage\":{\"@id\":\"https:\\\/\\\/www.cargo-montreal.ca\\\/fr\\\/les-nouveaux-membres-de-la-grappe\\\/#primaryimage\"},\"image\":{\"@id\":\"https:\\\/\\\/www.cargo-montreal.ca\\\/fr\\\/les-nouveaux-membres-de-la-grappe\\\/#primaryimage\"},\"thumbnailUrl\":\"https:\\\/\\\/www.cargo-montreal.ca\\\/wp-content\\\/uploads\\\/2023\\\/04\\\/noveaux-membres-avril.jpg\",\"datePublished\":\"2023-04-19T15:28:39+00:00\",\"dateModified\":\"2023-04-19T15:29:36+00:00\",\"author\":{\"@id\":\"https:\\\/\\\/www.cargo-montreal.ca\\\/fr\\\/#\\\/schema\\\/person\\\/80476d173ce654813db9fd1533901365\"},\"breadcrumb\":{\"@id\":\"https:\\\/\\\/www.cargo-montreal.ca\\\/fr\\\/les-nouveaux-membres-de-la-grappe\\\/#breadcrumb\"},\"inLanguage\":\"fr-FR\",\"potentialAction\":[{\"@type\":\"ReadAction\",\"target\":[\"https:\\\/\\\/www.cargo-montreal.ca\\\/fr\\\/les-nouveaux-membres-de-la-grappe\\\/\"]}]},{\"@type\":\"ImageObject\",\"inLanguage\":\"fr-FR\",\"@id\":\"https:\\\/\\\/www.cargo-montreal.ca\\\/fr\\\/les-nouveaux-membres-de-la-grappe\\\/#primaryimage\",\"url\":\"https:\\\/\\\/www.cargo-montreal.ca\\\/wp-content\\\/uploads\\\/2023\\\/04\\\/noveaux-membres-avril.jpg\",\"contentUrl\":\"https:\\\/\\\/www.cargo-montreal.ca\\\/wp-content\\\/uploads\\\/2023\\\/04\\\/noveaux-membres-avril.jpg\",\"width\":679,\"height\":1043},{\"@type\":\"BreadcrumbList\",\"@id\":\"https:\\\/\\\/www.cargo-montreal.ca\\\/fr\\\/les-nouveaux-membres-de-la-grappe\\\/#breadcrumb\",\"itemListElement\":[{\"@type\":\"ListItem\",\"position\":1,\"name\":\"Home\",\"item\":\"https:\\\/\\\/www.cargo-montreal.ca\\\/fr\\\/\"},{\"@type\":\"ListItem\",\"position\":2,\"name\":\"Les nouveaux membres de la Grappe\"}]},{\"@type\":\"WebSite\",\"@id\":\"https:\\\/\\\/www.cargo-montreal.ca\\\/fr\\\/#website\",\"url\":\"https:\\\/\\\/www.cargo-montreal.ca\\\/fr\\\/\",\"name\":\"CargoM\",\"description\":\"La mission de CargoM: Rassembler les acteurs de la logistique &amp; du transport de marchandises du Grand Montr\u00e9al autour d&#039;objectifs communs, d&#039;actions concert\u00e9es\",\"potentialAction\":[{\"@type\":\"SearchAction\",\"target\":{\"@type\":\"EntryPoint\",\"urlTemplate\":\"https:\\\/\\\/www.cargo-montreal.ca\\\/fr\\\/?s={search_term_string}\"},\"query-input\":{\"@type\":\"PropertyValueSpecification\",\"valueRequired\":true,\"valueName\":\"search_term_string\"}}],\"inLanguage\":\"fr-FR\"},{\"@type\":\"Person\",\"@id\":\"https:\\\/\\\/www.cargo-montreal.ca\\\/fr\\\/#\\\/schema\\\/person\\\/80476d173ce654813db9fd1533901365\",\"name\":\"Karine Dudognon\",\"image\":{\"@type\":\"ImageObject\",\"inLanguage\":\"fr-FR\",\"@id\":\"https:\\\/\\\/secure.gravatar.com\\\/avatar\\\/673bdfb703a9b6685a88bc7dfb04a9ea2b48b30e9d1663a5e759a4e9bfa3e2c0?s=96&d=mm&r=g\",\"url\":\"https:\\\/\\\/secure.gravatar.com\\\/avatar\\\/673bdfb703a9b6685a88bc7dfb04a9ea2b48b30e9d1663a5e759a4e9bfa3e2c0?s=96&d=mm&r=g\",\"contentUrl\":\"https:\\\/\\\/secure.gravatar.com\\\/avatar\\\/673bdfb703a9b6685a88bc7dfb04a9ea2b48b30e9d1663a5e759a4e9bfa3e2c0?s=96&d=mm&r=g\",\"caption\":\"Karine Dudognon\"},\"url\":\"https:\\\/\\\/www.cargo-montreal.ca\\\/fr\\\/author\\\/karine\\\/\"}]}<\/script>\n<!-- \/ Yoast SEO plugin. -->","yoast_head_json":{"title":"Les nouveaux membres de la Grappe - CargoM","robots":{"index":"index","follow":"follow","max-snippet":"max-snippet:-1","max-image-preview":"max-image-preview:large","max-video-preview":"max-video-preview:-1"},"canonical":"https:\/\/www.cargo-montreal.ca\/fr\/les-nouveaux-membres-de-la-grappe\/","og_locale":"fr_FR","og_type":"article","og_title":"Les nouveaux membres de la Grappe - CargoM","og_description":"CargoM est heureuse d\u2019accueillir parmi ses membres trois nouveaux venus. Administration de pilotage des Laurentides\u00a0est une\u00a0soci\u00e9t\u00e9 d\u2019\u00e9tat f\u00e9d\u00e9rale charg\u00e9e d\u2019administrer et fournir des services de pilotage maritime et services connexes dans les eaux de la r\u00e9gion des Laurentides, notamment dans le fleuve Saint-Laurent et la rivi\u00e8re Saguenay. Sa mission consiste \u00e0 assurer la s\u00e9curit\u00e9 de [&hellip;]","og_url":"https:\/\/www.cargo-montreal.ca\/fr\/les-nouveaux-membres-de-la-grappe\/","og_site_name":"CargoM","article_published_time":"2023-04-19T15:28:39+00:00","article_modified_time":"2023-04-19T15:29:36+00:00","og_image":[{"width":679,"height":1043,"url":"https:\/\/www.cargo-montreal.ca\/wp-content\/uploads\/2023\/04\/noveaux-membres-avril.jpg","type":"image\/jpeg"}],"author":"Karine Dudognon","twitter_card":"summary_large_image","twitter_misc":{"\u00c9crit par":"Karine Dudognon","Dur\u00e9e de lecture estim\u00e9e":"1 minute"},"schema":{"@context":"https:\/\/schema.org","@graph":[{"@type":"Article","@id":"https:\/\/www.cargo-montreal.ca\/fr\/les-nouveaux-membres-de-la-grappe\/#article","isPartOf":{"@id":"https:\/\/www.cargo-montreal.ca\/fr\/les-nouveaux-membres-de-la-grappe\/"},"author":{"name":"Karine Dudognon","@id":"https:\/\/www.cargo-montreal.ca\/fr\/#\/schema\/person\/80476d173ce654813db9fd1533901365"},"headline":"Les nouveaux membres de la Grappe","datePublished":"2023-04-19T15:28:39+00:00","dateModified":"2023-04-19T15:29:36+00:00","mainEntityOfPage":{"@id":"https:\/\/www.cargo-montreal.ca\/fr\/les-nouveaux-membres-de-la-grappe\/"},"wordCount":230,"image":{"@id":"https:\/\/www.cargo-montreal.ca\/fr\/les-nouveaux-membres-de-la-grappe\/#primaryimage"},"thumbnailUrl":"https:\/\/www.cargo-montreal.ca\/wp-content\/uploads\/2023\/04\/noveaux-membres-avril.jpg","articleSection":["Services logistiques"],"inLanguage":"fr-FR"},{"@type":"WebPage","@id":"https:\/\/www.cargo-montreal.ca\/fr\/les-nouveaux-membres-de-la-grappe\/","url":"https:\/\/www.cargo-montreal.ca\/fr\/les-nouveaux-membres-de-la-grappe\/","name":"Les nouveaux membres de la Grappe - CargoM","isPartOf":{"@id":"https:\/\/www.cargo-montreal.ca\/fr\/#website"},"primaryImageOfPage":{"@id":"https:\/\/www.cargo-montreal.ca\/fr\/les-nouveaux-membres-de-la-grappe\/#primaryimage"},"image":{"@id":"https:\/\/www.cargo-montreal.ca\/fr\/les-nouveaux-membres-de-la-grappe\/#primaryimage"},"thumbnailUrl":"https:\/\/www.cargo-montreal.ca\/wp-content\/uploads\/2023\/04\/noveaux-membres-avril.jpg","datePublished":"2023-04-19T15:28:39+00:00","dateModified":"2023-04-19T15:29:36+00:00","author":{"@id":"https:\/\/www.cargo-montreal.ca\/fr\/#\/schema\/person\/80476d173ce654813db9fd1533901365"},"breadcrumb":{"@id":"https:\/\/www.cargo-montreal.ca\/fr\/les-nouveaux-membres-de-la-grappe\/#breadcrumb"},"inLanguage":"fr-FR","potentialAction":[{"@type":"ReadAction","target":["https:\/\/www.cargo-montreal.ca\/fr\/les-nouveaux-membres-de-la-grappe\/"]}]},{"@type":"ImageObject","inLanguage":"fr-FR","@id":"https:\/\/www.cargo-montreal.ca\/fr\/les-nouveaux-membres-de-la-grappe\/#primaryimage","url":"https:\/\/www.cargo-montreal.ca\/wp-content\/uploads\/2023\/04\/noveaux-membres-avril.jpg","contentUrl":"https:\/\/www.cargo-montreal.ca\/wp-content\/uploads\/2023\/04\/noveaux-membres-avril.jpg","width":679,"height":1043},{"@type":"BreadcrumbList","@id":"https:\/\/www.cargo-montreal.ca\/fr\/les-nouveaux-membres-de-la-grappe\/#breadcrumb","itemListElement":[{"@type":"ListItem","position":1,"name":"Home","item":"https:\/\/www.cargo-montreal.ca\/fr\/"},{"@type":"ListItem","position":2,"name":"Les nouveaux membres de la Grappe"}]},{"@type":"WebSite","@id":"https:\/\/www.cargo-montreal.ca\/fr\/#website","url":"https:\/\/www.cargo-montreal.ca\/fr\/","name":"CargoM","description":"La mission de CargoM: Rassembler les acteurs de la logistique &amp; du transport de marchandises du Grand Montr\u00e9al autour d&#039;objectifs communs, d&#039;actions concert\u00e9es","potentialAction":[{"@type":"SearchAction","target":{"@type":"EntryPoint","urlTemplate":"https:\/\/www.cargo-montreal.ca\/fr\/?s={search_term_string}"},"query-input":{"@type":"PropertyValueSpecification","valueRequired":true,"valueName":"search_term_string"}}],"inLanguage":"fr-FR"},{"@type":"Person","@id":"https:\/\/www.cargo-montreal.ca\/fr\/#\/schema\/person\/80476d173ce654813db9fd1533901365","name":"Karine Dudognon","image":{"@type":"ImageObject","inLanguage":"fr-FR","@id":"https:\/\/secure.gravatar.com\/avatar\/673bdfb703a9b6685a88bc7dfb04a9ea2b48b30e9d1663a5e759a4e9bfa3e2c0?s=96&d=mm&r=g","url":"https:\/\/secure.gravatar.com\/avatar\/673bdfb703a9b6685a88bc7dfb04a9ea2b48b30e9d1663a5e759a4e9bfa3e2c0?s=96&d=mm&r=g","contentUrl":"https:\/\/secure.gravatar.com\/avatar\/673bdfb703a9b6685a88bc7dfb04a9ea2b48b30e9d1663a5e759a4e9bfa3e2c0?s=96&d=mm&r=g","caption":"Karine Dudognon"},"url":"https:\/\/www.cargo-montreal.ca\/fr\/author\/karine\/"}]}},"_links":{"self":[{"href":"https:\/\/www.cargo-montreal.ca\/fr\/wp-json\/wp\/v2\/posts\/14687","targetHints":{"allow":["GET"]}}],"collection":[{"href":"https:\/\/www.cargo-montreal.ca\/fr\/wp-json\/wp\/v2\/posts"}],"about":[{"href":"https:\/\/www.cargo-montreal.ca\/fr\/wp-json\/wp\/v2\/types\/post"}],"author":[{"embeddable":true,"href":"https:\/\/www.cargo-montreal.ca\/fr\/wp-json\/wp\/v2\/users\/39"}],"replies":[{"embeddable":true,"href":"https:\/\/www.cargo-montreal.ca\/fr\/wp-json\/wp\/v2\/comments?post=14687"}],"version-history":[{"count":1,"href":"https:\/\/www.cargo-montreal.ca\/fr\/wp-json\/wp\/v2\/posts\/14687\/revisions"}],"predecessor-version":[{"id":14688,"href":"https:\/\/www.cargo-montreal.ca\/fr\/wp-json\/wp\/v2\/posts\/14687\/revisions\/14688"}],"wp:featuredmedia":[{"embeddable":true,"href":"https:\/\/www.cargo-montreal.ca\/fr\/wp-json\/wp\/v2\/media\/14679"}],"wp:attachment":[{"href":"https:\/\/www.cargo-montreal.ca\/fr\/wp-json\/wp\/v2\/media?parent=14687"}],"wp:term":[{"taxonomy":"category","embeddable":true,"href":"https:\/\/www.cargo-montreal.ca\/fr\/wp-json\/wp\/v2\/categories?post=14687"},{"taxonomy":"post_tag","embeddable":true,"href":"https:\/\/www.cargo-montreal.ca\/fr\/wp-json\/wp\/v2\/tags?post=14687"}],"curies":[{"name":"wp","href":"https:\/\/api.w.org\/{rel}","templated":true}]}}