{"id":14706,"date":"2023-04-19T15:39:16","date_gmt":"2023-04-19T15:39:16","guid":{"rendered":"https:\/\/www.cargo-montreal.ca\/?p=14706"},"modified":"2023-04-19T15:40:59","modified_gmt":"2023-04-19T15:40:59","slug":"une-nouvelle-presidente-a-la-tete-du-club-des-ambassadeurs-du-palais-des-congres","status":"publish","type":"post","link":"https:\/\/www.cargo-montreal.ca\/fr\/une-nouvelle-presidente-a-la-tete-du-club-des-ambassadeurs-du-palais-des-congres\/","title":{"rendered":"Une nouvelle pr\u00e9sidente \u00e0 la t\u00eate du Club des Ambassadeurs du Palais des congr\u00e8s"},"content":{"rendered":"Fond\u00e9 en 1985, le\u00a0<a href=\"https:\/\/info.cargo-montreal.ca\/e3t\/Ctc\/ZU+113\/d11nbd04\/MVHGszHxvL3W64Y35z68-11ZW54fY-N4ZyCjpN7zrx0J3lLBmV1-WJV7CgBHQVzNCNf6Nw1CgN97TqtMSNWq_W18CnwJ76BXMWN5BWTpHfKbyqW8NM5mk6kLDJKW6lydl718r-dtW88dghL3dwZZ3Vyp-lw4Tc_klW8Cp8ZY6S7fxHW7nhy2k7lSB85W6RB6YG5zVpr8W5H-Vj85TbbKqW4GfSkt4C7jNRVp0sVp4G0tR3W2MCwP02gh8d1W5H-Q-j4LmFxtW4_8FW62v_Z3GW4CHv493CMs3hW3tjwq32hNyt7W5dqZtk3qbTj0W82q4pW1yH76BW4QfB-Y4TD_cj36lX1\" target=\"_blank\" rel=\"noopener\" data-saferedirecturl=\"https:\/\/www.google.com\/url?hl=fr-CA&amp;q=https:\/\/info.cargo-montreal.ca\/e3t\/Ctc\/ZU%2B113\/d11nbd04\/MVHGszHxvL3W64Y35z68-11ZW54fY-N4ZyCjpN7zrx0J3lLBmV1-WJV7CgBHQVzNCNf6Nw1CgN97TqtMSNWq_W18CnwJ76BXMWN5BWTpHfKbyqW8NM5mk6kLDJKW6lydl718r-dtW88dghL3dwZZ3Vyp-lw4Tc_klW8Cp8ZY6S7fxHW7nhy2k7lSB85W6RB6YG5zVpr8W5H-Vj85TbbKqW4GfSkt4C7jNRVp0sVp4G0tR3W2MCwP02gh8d1W5H-Q-j4LmFxtW4_8FW62v_Z3GW4CHv493CMs3hW3tjwq32hNyt7W5dqZtk3qbTj0W82q4pW1yH76BW4QfB-Y4TD_cj36lX1&amp;source=gmail&amp;ust=1682004977258000&amp;usg=AOvVaw0flOOJe8im3P_Onh3Hydf2\">Club des Ambassadeurs<\/a>\u00a0regroupe plus de 300 sp\u00e9cialistes influents qui ont attir\u00e9 un ou des \u00e9v\u00e9nements d\u2019envergure au Palais des congr\u00e8s. Les Ambassadeurs sont des hommes et des femmes \u2013 professeurs, chercheurs et personnalit\u00e9s du monde des affaires \u2013 qui participent de fa\u00e7on importante aux retomb\u00e9es \u00e9conomiques et intellectuelles pour Montr\u00e9al et la province.\u00a0Apr\u00e8s deux mandats cons\u00e9cutifs, le pr\u00e9sident, M. Hany\u00a0Moustapha, a officiellement pass\u00e9 le flambeau de la pr\u00e9sidence \u00e0 Mme Catherine Morency le 1er avril dernier.\r\n<p align=\"justify\">Catherine Morency, professeure \u00e0 Polytechnique Montr\u00e9al, titulaire de la Chaire Mobilit\u00e9 et de la Chaire de recherche du Canada sur la mobilit\u00e9 des personnes, est une figure \u00e9minente du domaine de la mobilit\u00e9 urbaine et des transports.<\/p>\r\n<p align=\"justify\">Ambassadrice depuis 2020 et vice-pr\u00e9sidente du Club des Ambassadeurs depuis 2022, Mme Morency a contribu\u00e9 \u00e0 attirer \u00e0 Montr\u00e9al la\u00a0<a href=\"https:\/\/info.cargo-montreal.ca\/e3t\/Ctc\/ZU+113\/d11nbd04\/MVHGszHxvL3W64Y35z68-11ZW54fY-N4ZyCjpN7zrx053lLzNV1-WJV7CgRWtW4BdVMK7s8mS4W4P8Jr04dn2SmW8rfjSL2tkYgxW97lsdj6T0TQ1W35q4HT7z2Wt_W6fL1c02d1RJ-W2DKtRH5_s6slW62yZLG8DXQnXW6KVrH-6Q4rPyW2YS8M07K6znNW1Ksgsr1QsVgyW10TV534QLd94W1Z2gxd2fwTd3W4M0BdB6lzSrJW2V6VKh3nNxn3W5mS4TK7bb5SnW4CzJ7r12_9w1W3qQHZJ2FcwgR3bG31\" target=\"_blank\" rel=\"noopener\" data-saferedirecturl=\"https:\/\/www.google.com\/url?hl=fr-CA&amp;q=https:\/\/info.cargo-montreal.ca\/e3t\/Ctc\/ZU%2B113\/d11nbd04\/MVHGszHxvL3W64Y35z68-11ZW54fY-N4ZyCjpN7zrx053lLzNV1-WJV7CgRWtW4BdVMK7s8mS4W4P8Jr04dn2SmW8rfjSL2tkYgxW97lsdj6T0TQ1W35q4HT7z2Wt_W6fL1c02d1RJ-W2DKtRH5_s6slW62yZLG8DXQnXW6KVrH-6Q4rPyW2YS8M07K6znNW1Ksgsr1QsVgyW10TV534QLd94W1Z2gxd2fwTd3W4M0BdB6lzSrJW2V6VKh3nNxn3W5mS4TK7bb5SnW4CzJ7r12_9w1W3qQHZJ2FcwgR3bG31&amp;source=gmail&amp;ust=1682004977258000&amp;usg=AOvVaw2r-D2mQ57J4y-OvNpWgJTr\">World Conference on Transport Research<\/a>, qui aura lieu du 17 au 21 juillet 2023. Plus de 1 000 personnes sont attendues \u00e0 cette conf\u00e9rence qui est un moment fort pour la recherche en transports \u00e0 l\u2019\u00e9chelle mondiale.<\/p>\r\n<p align=\"justify\">CargoM est fi\u00e8re de participer au comit\u00e9 strat\u00e9gique multisectoriel chapeaut\u00e9 par le\u00a0<a href=\"https:\/\/info.cargo-montreal.ca\/e3t\/Ctc\/ZU+113\/d11nbd04\/MVHGszHxvL3W64Y35z68-11ZW54fY-N4ZyCjpN7zrx053lLzNV1-WJV7CgNbCW8ZcSWQ7NmPwZW5TwPg96_RYTdW5JRXQq1B8fZ0V3vHSM7LC9KwW5_TthJ4x8CCtN88qtlmM4xmmVprRdG16TMscW96VNww1DhHtrW7fFDqf3YPQf-W7_7nCD6fQjcLW7D415B52NZv8W1f193L3T-vzJVxmbD22c1DThW1wVzp26QPR-3W8B6mg036JpfWW4Zmn8R8ZBrq3W3_RFvS5v1DcYW4Xvy202sm0ys3mYr1\" target=\"_blank\" rel=\"noopener\" data-saferedirecturl=\"https:\/\/www.google.com\/url?hl=fr-CA&amp;q=https:\/\/info.cargo-montreal.ca\/e3t\/Ctc\/ZU%2B113\/d11nbd04\/MVHGszHxvL3W64Y35z68-11ZW54fY-N4ZyCjpN7zrx053lLzNV1-WJV7CgNbCW8ZcSWQ7NmPwZW5TwPg96_RYTdW5JRXQq1B8fZ0V3vHSM7LC9KwW5_TthJ4x8CCtN88qtlmM4xmmVprRdG16TMscW96VNww1DhHtrW7fFDqf3YPQf-W7_7nCD6fQjcLW7D415B52NZv8W1f193L3T-vzJVxmbD22c1DThW1wVzp26QPR-3W8B6mg036JpfWW4Zmn8R8ZBrq3W3_RFvS5v1DcYW4Xvy202sm0ys3mYr1&amp;source=gmail&amp;ust=1682004977258000&amp;usg=AOvVaw0XPi1r7BtqObd6jlqafPXP\">Palais de congr\u00e8s<\/a>.<\/p>\r\n<a href=\"https:\/\/info.cargo-montreal.ca\/e3t\/Ctc\/ZU+113\/d11nbd04\/MVHGszHxvL3W64Y35z68-11ZW54fY-N4ZyCjpN7zrx1V3q3pBV1-WJV7CgXy-W6L0S4h67jm0pW7bQn3t3cpm5SW5kJv3l75cyvmW1RNqV56mKYzDW64c3hr4LlrM2N5YnM3R9pCPPW1twr5b2p6LvMVKMwkw50w57kW1z-Vx387-sZCW6g7FcB71808mW30lYCB2LgRyfVqcl5x2sx24qW8qx32Y8xgT_QW1kbDsl5XFcV6W77tbdp1C2lcNW5tcG0T9k3FkTW4HgM161X_2hjW76HZTZ1ynBVVW4ShkYC8h3SHfW2q1sHG8dXlPZVSLtnG2cDh5hN5kc0JMPnDjCW4r6jl82_14YvW1-jz0R7PRB_zW7-ltg73wg-5-W51z_SW3kYZsZW5K5bs65gVPRxN4775k-Nb3YWW8jsjf021RJvyVwc8p44YYZc231g51\" target=\"_blank\" rel=\"noopener\" data-saferedirecturl=\"https:\/\/www.google.com\/url?hl=fr-CA&amp;q=https:\/\/info.cargo-montreal.ca\/e3t\/Ctc\/ZU%2B113\/d11nbd04\/MVHGszHxvL3W64Y35z68-11ZW54fY-N4ZyCjpN7zrx1V3q3pBV1-WJV7CgXy-W6L0S4h67jm0pW7bQn3t3cpm5SW5kJv3l75cyvmW1RNqV56mKYzDW64c3hr4LlrM2N5YnM3R9pCPPW1twr5b2p6LvMVKMwkw50w57kW1z-Vx387-sZCW6g7FcB71808mW30lYCB2LgRyfVqcl5x2sx24qW8qx32Y8xgT_QW1kbDsl5XFcV6W77tbdp1C2lcNW5tcG0T9k3FkTW4HgM161X_2hjW76HZTZ1ynBVVW4ShkYC8h3SHfW2q1sHG8dXlPZVSLtnG2cDh5hN5kc0JMPnDjCW4r6jl82_14YvW1-jz0R7PRB_zW7-ltg73wg-5-W51z_SW3kYZsZW5K5bs65gVPRxN4775k-Nb3YWW8jsjf021RJvyVwc8p44YYZc231g51&amp;source=gmail&amp;ust=1682004977258000&amp;usg=AOvVaw2RSzdnHNAh9ioFGWX_BM1l\">Pour en savoir plus.<\/a>\r\n\r\nSource et photo :Palais des congr\u00e8s de Montr\u00e9al","protected":false},"excerpt":{"rendered":"Fond\u00e9 en 1985, le\u00a0Club des Ambassadeurs\u00a0regroupe plus de 300 sp\u00e9cialistes influents qui ont attir\u00e9 un ou des \u00e9v\u00e9nements d\u2019envergure au Palais des congr\u00e8s. Les Ambassadeurs sont des hommes et des femmes \u2013 professeurs, chercheurs et personnalit\u00e9s du monde des affaires \u2013 qui participent de fa\u00e7on importante aux retomb\u00e9es \u00e9conomiques et intellectuelles pour Montr\u00e9al et la [&hellip;]","protected":false},"author":39,"featured_media":14667,"comment_status":"closed","ping_status":"closed","sticky":false,"template":"","format":"standard","meta":{"_acf_changed":false,"footnotes":""},"categories":[20],"tags":[],"class_list":["post-14706","post","type-post","status-publish","format-standard","has-post-thumbnail","hentry","category-services-logistiques"],"acf":[],"yoast_head":"<!-- This site is optimized with the Yoast SEO plugin v27.3 - https:\/\/yoast.com\/product\/yoast-seo-wordpress\/ -->\n<title>Une nouvelle pr\u00e9sidente \u00e0 la t\u00eate du Club des Ambassadeurs du Palais des congr\u00e8s - CargoM<\/title>\n<meta name=\"robots\" content=\"index, follow, max-snippet:-1, max-image-preview:large, max-video-preview:-1\" \/>\n<link rel=\"canonical\" href=\"https:\/\/www.cargo-montreal.ca\/fr\/une-nouvelle-presidente-a-la-tete-du-club-des-ambassadeurs-du-palais-des-congres\/\" \/>\n<meta property=\"og:locale\" content=\"fr_FR\" \/>\n<meta property=\"og:type\" content=\"article\" \/>\n<meta property=\"og:title\" content=\"Une nouvelle pr\u00e9sidente \u00e0 la t\u00eate du Club des Ambassadeurs du Palais des congr\u00e8s - CargoM\" \/>\n<meta property=\"og:description\" content=\"Fond\u00e9 en 1985, le\u00a0Club des Ambassadeurs\u00a0regroupe plus de 300 sp\u00e9cialistes influents qui ont attir\u00e9 un ou des \u00e9v\u00e9nements d\u2019envergure au Palais des congr\u00e8s. Les Ambassadeurs sont des hommes et des femmes \u2013 professeurs, chercheurs et personnalit\u00e9s du monde des affaires \u2013 qui participent de fa\u00e7on importante aux retomb\u00e9es \u00e9conomiques et intellectuelles pour Montr\u00e9al et la [&hellip;]\" \/>\n<meta property=\"og:url\" content=\"https:\/\/www.cargo-montreal.ca\/fr\/une-nouvelle-presidente-a-la-tete-du-club-des-ambassadeurs-du-palais-des-congres\/\" \/>\n<meta property=\"og:site_name\" content=\"CargoM\" \/>\n<meta property=\"article:published_time\" content=\"2023-04-19T15:39:16+00:00\" \/>\n<meta property=\"article:modified_time\" content=\"2023-04-19T15:40:59+00:00\" \/>\n<meta property=\"og:image\" content=\"https:\/\/www.cargo-montreal.ca\/wp-content\/uploads\/2023\/04\/Catherine-Morency.jpg\" \/>\n\t<meta property=\"og:image:width\" content=\"783\" \/>\n\t<meta property=\"og:image:height\" content=\"653\" \/>\n\t<meta property=\"og:image:type\" content=\"image\/jpeg\" \/>\n<meta name=\"author\" content=\"Karine Dudognon\" \/>\n<meta name=\"twitter:card\" content=\"summary_large_image\" \/>\n<meta name=\"twitter:label1\" content=\"\u00c9crit par\" \/>\n\t<meta name=\"twitter:data1\" content=\"Karine Dudognon\" \/>\n\t<meta name=\"twitter:label2\" content=\"Dur\u00e9e de lecture estim\u00e9e\" \/>\n\t<meta name=\"twitter:data2\" content=\"1 minute\" \/>\n<script type=\"application\/ld+json\" class=\"yoast-schema-graph\">{\"@context\":\"https:\\\/\\\/schema.org\",\"@graph\":[{\"@type\":\"Article\",\"@id\":\"https:\\\/\\\/www.cargo-montreal.ca\\\/fr\\\/une-nouvelle-presidente-a-la-tete-du-club-des-ambassadeurs-du-palais-des-congres\\\/#article\",\"isPartOf\":{\"@id\":\"https:\\\/\\\/www.cargo-montreal.ca\\\/fr\\\/une-nouvelle-presidente-a-la-tete-du-club-des-ambassadeurs-du-palais-des-congres\\\/\"},\"author\":{\"name\":\"Karine Dudognon\",\"@id\":\"https:\\\/\\\/www.cargo-montreal.ca\\\/fr\\\/#\\\/schema\\\/person\\\/80476d173ce654813db9fd1533901365\"},\"headline\":\"Une nouvelle pr\u00e9sidente \u00e0 la t\u00eate du Club des Ambassadeurs du Palais des congr\u00e8s\",\"datePublished\":\"2023-04-19T15:39:16+00:00\",\"dateModified\":\"2023-04-19T15:40:59+00:00\",\"mainEntityOfPage\":{\"@id\":\"https:\\\/\\\/www.cargo-montreal.ca\\\/fr\\\/une-nouvelle-presidente-a-la-tete-du-club-des-ambassadeurs-du-palais-des-congres\\\/\"},\"wordCount\":225,\"image\":{\"@id\":\"https:\\\/\\\/www.cargo-montreal.ca\\\/fr\\\/une-nouvelle-presidente-a-la-tete-du-club-des-ambassadeurs-du-palais-des-congres\\\/#primaryimage\"},\"thumbnailUrl\":\"https:\\\/\\\/www.cargo-montreal.ca\\\/wp-content\\\/uploads\\\/2023\\\/04\\\/Catherine-Morency.jpg\",\"articleSection\":[\"Services logistiques\"],\"inLanguage\":\"fr-FR\"},{\"@type\":\"WebPage\",\"@id\":\"https:\\\/\\\/www.cargo-montreal.ca\\\/fr\\\/une-nouvelle-presidente-a-la-tete-du-club-des-ambassadeurs-du-palais-des-congres\\\/\",\"url\":\"https:\\\/\\\/www.cargo-montreal.ca\\\/fr\\\/une-nouvelle-presidente-a-la-tete-du-club-des-ambassadeurs-du-palais-des-congres\\\/\",\"name\":\"Une nouvelle pr\u00e9sidente \u00e0 la t\u00eate du Club des Ambassadeurs du Palais des congr\u00e8s - CargoM\",\"isPartOf\":{\"@id\":\"https:\\\/\\\/www.cargo-montreal.ca\\\/fr\\\/#website\"},\"primaryImageOfPage\":{\"@id\":\"https:\\\/\\\/www.cargo-montreal.ca\\\/fr\\\/une-nouvelle-presidente-a-la-tete-du-club-des-ambassadeurs-du-palais-des-congres\\\/#primaryimage\"},\"image\":{\"@id\":\"https:\\\/\\\/www.cargo-montreal.ca\\\/fr\\\/une-nouvelle-presidente-a-la-tete-du-club-des-ambassadeurs-du-palais-des-congres\\\/#primaryimage\"},\"thumbnailUrl\":\"https:\\\/\\\/www.cargo-montreal.ca\\\/wp-content\\\/uploads\\\/2023\\\/04\\\/Catherine-Morency.jpg\",\"datePublished\":\"2023-04-19T15:39:16+00:00\",\"dateModified\":\"2023-04-19T15:40:59+00:00\",\"author\":{\"@id\":\"https:\\\/\\\/www.cargo-montreal.ca\\\/fr\\\/#\\\/schema\\\/person\\\/80476d173ce654813db9fd1533901365\"},\"breadcrumb\":{\"@id\":\"https:\\\/\\\/www.cargo-montreal.ca\\\/fr\\\/une-nouvelle-presidente-a-la-tete-du-club-des-ambassadeurs-du-palais-des-congres\\\/#breadcrumb\"},\"inLanguage\":\"fr-FR\",\"potentialAction\":[{\"@type\":\"ReadAction\",\"target\":[\"https:\\\/\\\/www.cargo-montreal.ca\\\/fr\\\/une-nouvelle-presidente-a-la-tete-du-club-des-ambassadeurs-du-palais-des-congres\\\/\"]}]},{\"@type\":\"ImageObject\",\"inLanguage\":\"fr-FR\",\"@id\":\"https:\\\/\\\/www.cargo-montreal.ca\\\/fr\\\/une-nouvelle-presidente-a-la-tete-du-club-des-ambassadeurs-du-palais-des-congres\\\/#primaryimage\",\"url\":\"https:\\\/\\\/www.cargo-montreal.ca\\\/wp-content\\\/uploads\\\/2023\\\/04\\\/Catherine-Morency.jpg\",\"contentUrl\":\"https:\\\/\\\/www.cargo-montreal.ca\\\/wp-content\\\/uploads\\\/2023\\\/04\\\/Catherine-Morency.jpg\",\"width\":783,\"height\":653},{\"@type\":\"BreadcrumbList\",\"@id\":\"https:\\\/\\\/www.cargo-montreal.ca\\\/fr\\\/une-nouvelle-presidente-a-la-tete-du-club-des-ambassadeurs-du-palais-des-congres\\\/#breadcrumb\",\"itemListElement\":[{\"@type\":\"ListItem\",\"position\":1,\"name\":\"Home\",\"item\":\"https:\\\/\\\/www.cargo-montreal.ca\\\/fr\\\/\"},{\"@type\":\"ListItem\",\"position\":2,\"name\":\"Une nouvelle pr\u00e9sidente \u00e0 la t\u00eate du Club des Ambassadeurs du Palais des congr\u00e8s\"}]},{\"@type\":\"WebSite\",\"@id\":\"https:\\\/\\\/www.cargo-montreal.ca\\\/fr\\\/#website\",\"url\":\"https:\\\/\\\/www.cargo-montreal.ca\\\/fr\\\/\",\"name\":\"CargoM\",\"description\":\"La mission de CargoM: Rassembler les acteurs de la logistique &amp; du transport de marchandises du Grand Montr\u00e9al autour d&#039;objectifs communs, d&#039;actions concert\u00e9es\",\"potentialAction\":[{\"@type\":\"SearchAction\",\"target\":{\"@type\":\"EntryPoint\",\"urlTemplate\":\"https:\\\/\\\/www.cargo-montreal.ca\\\/fr\\\/?s={search_term_string}\"},\"query-input\":{\"@type\":\"PropertyValueSpecification\",\"valueRequired\":true,\"valueName\":\"search_term_string\"}}],\"inLanguage\":\"fr-FR\"},{\"@type\":\"Person\",\"@id\":\"https:\\\/\\\/www.cargo-montreal.ca\\\/fr\\\/#\\\/schema\\\/person\\\/80476d173ce654813db9fd1533901365\",\"name\":\"Karine Dudognon\",\"image\":{\"@type\":\"ImageObject\",\"inLanguage\":\"fr-FR\",\"@id\":\"https:\\\/\\\/secure.gravatar.com\\\/avatar\\\/673bdfb703a9b6685a88bc7dfb04a9ea2b48b30e9d1663a5e759a4e9bfa3e2c0?s=96&d=mm&r=g\",\"url\":\"https:\\\/\\\/secure.gravatar.com\\\/avatar\\\/673bdfb703a9b6685a88bc7dfb04a9ea2b48b30e9d1663a5e759a4e9bfa3e2c0?s=96&d=mm&r=g\",\"contentUrl\":\"https:\\\/\\\/secure.gravatar.com\\\/avatar\\\/673bdfb703a9b6685a88bc7dfb04a9ea2b48b30e9d1663a5e759a4e9bfa3e2c0?s=96&d=mm&r=g\",\"caption\":\"Karine Dudognon\"},\"url\":\"https:\\\/\\\/www.cargo-montreal.ca\\\/fr\\\/author\\\/karine\\\/\"}]}<\/script>\n<!-- \/ Yoast SEO plugin. -->","yoast_head_json":{"title":"Une nouvelle pr\u00e9sidente \u00e0 la t\u00eate du Club des Ambassadeurs du Palais des congr\u00e8s - CargoM","robots":{"index":"index","follow":"follow","max-snippet":"max-snippet:-1","max-image-preview":"max-image-preview:large","max-video-preview":"max-video-preview:-1"},"canonical":"https:\/\/www.cargo-montreal.ca\/fr\/une-nouvelle-presidente-a-la-tete-du-club-des-ambassadeurs-du-palais-des-congres\/","og_locale":"fr_FR","og_type":"article","og_title":"Une nouvelle pr\u00e9sidente \u00e0 la t\u00eate du Club des Ambassadeurs du Palais des congr\u00e8s - CargoM","og_description":"Fond\u00e9 en 1985, le\u00a0Club des Ambassadeurs\u00a0regroupe plus de 300 sp\u00e9cialistes influents qui ont attir\u00e9 un ou des \u00e9v\u00e9nements d\u2019envergure au Palais des congr\u00e8s. Les Ambassadeurs sont des hommes et des femmes \u2013 professeurs, chercheurs et personnalit\u00e9s du monde des affaires \u2013 qui participent de fa\u00e7on importante aux retomb\u00e9es \u00e9conomiques et intellectuelles pour Montr\u00e9al et la [&hellip;]","og_url":"https:\/\/www.cargo-montreal.ca\/fr\/une-nouvelle-presidente-a-la-tete-du-club-des-ambassadeurs-du-palais-des-congres\/","og_site_name":"CargoM","article_published_time":"2023-04-19T15:39:16+00:00","article_modified_time":"2023-04-19T15:40:59+00:00","og_image":[{"width":783,"height":653,"url":"https:\/\/www.cargo-montreal.ca\/wp-content\/uploads\/2023\/04\/Catherine-Morency.jpg","type":"image\/jpeg"}],"author":"Karine Dudognon","twitter_card":"summary_large_image","twitter_misc":{"\u00c9crit par":"Karine Dudognon","Dur\u00e9e de lecture estim\u00e9e":"1 minute"},"schema":{"@context":"https:\/\/schema.org","@graph":[{"@type":"Article","@id":"https:\/\/www.cargo-montreal.ca\/fr\/une-nouvelle-presidente-a-la-tete-du-club-des-ambassadeurs-du-palais-des-congres\/#article","isPartOf":{"@id":"https:\/\/www.cargo-montreal.ca\/fr\/une-nouvelle-presidente-a-la-tete-du-club-des-ambassadeurs-du-palais-des-congres\/"},"author":{"name":"Karine Dudognon","@id":"https:\/\/www.cargo-montreal.ca\/fr\/#\/schema\/person\/80476d173ce654813db9fd1533901365"},"headline":"Une nouvelle pr\u00e9sidente \u00e0 la t\u00eate du Club des Ambassadeurs du Palais des congr\u00e8s","datePublished":"2023-04-19T15:39:16+00:00","dateModified":"2023-04-19T15:40:59+00:00","mainEntityOfPage":{"@id":"https:\/\/www.cargo-montreal.ca\/fr\/une-nouvelle-presidente-a-la-tete-du-club-des-ambassadeurs-du-palais-des-congres\/"},"wordCount":225,"image":{"@id":"https:\/\/www.cargo-montreal.ca\/fr\/une-nouvelle-presidente-a-la-tete-du-club-des-ambassadeurs-du-palais-des-congres\/#primaryimage"},"thumbnailUrl":"https:\/\/www.cargo-montreal.ca\/wp-content\/uploads\/2023\/04\/Catherine-Morency.jpg","articleSection":["Services logistiques"],"inLanguage":"fr-FR"},{"@type":"WebPage","@id":"https:\/\/www.cargo-montreal.ca\/fr\/une-nouvelle-presidente-a-la-tete-du-club-des-ambassadeurs-du-palais-des-congres\/","url":"https:\/\/www.cargo-montreal.ca\/fr\/une-nouvelle-presidente-a-la-tete-du-club-des-ambassadeurs-du-palais-des-congres\/","name":"Une nouvelle pr\u00e9sidente \u00e0 la t\u00eate du Club des Ambassadeurs du Palais des congr\u00e8s - CargoM","isPartOf":{"@id":"https:\/\/www.cargo-montreal.ca\/fr\/#website"},"primaryImageOfPage":{"@id":"https:\/\/www.cargo-montreal.ca\/fr\/une-nouvelle-presidente-a-la-tete-du-club-des-ambassadeurs-du-palais-des-congres\/#primaryimage"},"image":{"@id":"https:\/\/www.cargo-montreal.ca\/fr\/une-nouvelle-presidente-a-la-tete-du-club-des-ambassadeurs-du-palais-des-congres\/#primaryimage"},"thumbnailUrl":"https:\/\/www.cargo-montreal.ca\/wp-content\/uploads\/2023\/04\/Catherine-Morency.jpg","datePublished":"2023-04-19T15:39:16+00:00","dateModified":"2023-04-19T15:40:59+00:00","author":{"@id":"https:\/\/www.cargo-montreal.ca\/fr\/#\/schema\/person\/80476d173ce654813db9fd1533901365"},"breadcrumb":{"@id":"https:\/\/www.cargo-montreal.ca\/fr\/une-nouvelle-presidente-a-la-tete-du-club-des-ambassadeurs-du-palais-des-congres\/#breadcrumb"},"inLanguage":"fr-FR","potentialAction":[{"@type":"ReadAction","target":["https:\/\/www.cargo-montreal.ca\/fr\/une-nouvelle-presidente-a-la-tete-du-club-des-ambassadeurs-du-palais-des-congres\/"]}]},{"@type":"ImageObject","inLanguage":"fr-FR","@id":"https:\/\/www.cargo-montreal.ca\/fr\/une-nouvelle-presidente-a-la-tete-du-club-des-ambassadeurs-du-palais-des-congres\/#primaryimage","url":"https:\/\/www.cargo-montreal.ca\/wp-content\/uploads\/2023\/04\/Catherine-Morency.jpg","contentUrl":"https:\/\/www.cargo-montreal.ca\/wp-content\/uploads\/2023\/04\/Catherine-Morency.jpg","width":783,"height":653},{"@type":"BreadcrumbList","@id":"https:\/\/www.cargo-montreal.ca\/fr\/une-nouvelle-presidente-a-la-tete-du-club-des-ambassadeurs-du-palais-des-congres\/#breadcrumb","itemListElement":[{"@type":"ListItem","position":1,"name":"Home","item":"https:\/\/www.cargo-montreal.ca\/fr\/"},{"@type":"ListItem","position":2,"name":"Une nouvelle pr\u00e9sidente \u00e0 la t\u00eate du Club des Ambassadeurs du Palais des congr\u00e8s"}]},{"@type":"WebSite","@id":"https:\/\/www.cargo-montreal.ca\/fr\/#website","url":"https:\/\/www.cargo-montreal.ca\/fr\/","name":"CargoM","description":"La mission de CargoM: Rassembler les acteurs de la logistique &amp; du transport de marchandises du Grand Montr\u00e9al autour d&#039;objectifs communs, d&#039;actions concert\u00e9es","potentialAction":[{"@type":"SearchAction","target":{"@type":"EntryPoint","urlTemplate":"https:\/\/www.cargo-montreal.ca\/fr\/?s={search_term_string}"},"query-input":{"@type":"PropertyValueSpecification","valueRequired":true,"valueName":"search_term_string"}}],"inLanguage":"fr-FR"},{"@type":"Person","@id":"https:\/\/www.cargo-montreal.ca\/fr\/#\/schema\/person\/80476d173ce654813db9fd1533901365","name":"Karine Dudognon","image":{"@type":"ImageObject","inLanguage":"fr-FR","@id":"https:\/\/secure.gravatar.com\/avatar\/673bdfb703a9b6685a88bc7dfb04a9ea2b48b30e9d1663a5e759a4e9bfa3e2c0?s=96&d=mm&r=g","url":"https:\/\/secure.gravatar.com\/avatar\/673bdfb703a9b6685a88bc7dfb04a9ea2b48b30e9d1663a5e759a4e9bfa3e2c0?s=96&d=mm&r=g","contentUrl":"https:\/\/secure.gravatar.com\/avatar\/673bdfb703a9b6685a88bc7dfb04a9ea2b48b30e9d1663a5e759a4e9bfa3e2c0?s=96&d=mm&r=g","caption":"Karine Dudognon"},"url":"https:\/\/www.cargo-montreal.ca\/fr\/author\/karine\/"}]}},"_links":{"self":[{"href":"https:\/\/www.cargo-montreal.ca\/fr\/wp-json\/wp\/v2\/posts\/14706","targetHints":{"allow":["GET"]}}],"collection":[{"href":"https:\/\/www.cargo-montreal.ca\/fr\/wp-json\/wp\/v2\/posts"}],"about":[{"href":"https:\/\/www.cargo-montreal.ca\/fr\/wp-json\/wp\/v2\/types\/post"}],"author":[{"embeddable":true,"href":"https:\/\/www.cargo-montreal.ca\/fr\/wp-json\/wp\/v2\/users\/39"}],"replies":[{"embeddable":true,"href":"https:\/\/www.cargo-montreal.ca\/fr\/wp-json\/wp\/v2\/comments?post=14706"}],"version-history":[{"count":1,"href":"https:\/\/www.cargo-montreal.ca\/fr\/wp-json\/wp\/v2\/posts\/14706\/revisions"}],"predecessor-version":[{"id":14707,"href":"https:\/\/www.cargo-montreal.ca\/fr\/wp-json\/wp\/v2\/posts\/14706\/revisions\/14707"}],"wp:featuredmedia":[{"embeddable":true,"href":"https:\/\/www.cargo-montreal.ca\/fr\/wp-json\/wp\/v2\/media\/14667"}],"wp:attachment":[{"href":"https:\/\/www.cargo-montreal.ca\/fr\/wp-json\/wp\/v2\/media?parent=14706"}],"wp:term":[{"taxonomy":"category","embeddable":true,"href":"https:\/\/www.cargo-montreal.ca\/fr\/wp-json\/wp\/v2\/categories?post=14706"},{"taxonomy":"post_tag","embeddable":true,"href":"https:\/\/www.cargo-montreal.ca\/fr\/wp-json\/wp\/v2\/tags?post=14706"}],"curies":[{"name":"wp","href":"https:\/\/api.w.org\/{rel}","templated":true}]}}