{"id":14836,"date":"2023-05-18T02:31:45","date_gmt":"2023-05-18T02:31:45","guid":{"rendered":"https:\/\/www.cargo-montreal.ca\/?p=14836"},"modified":"2023-05-18T02:31:45","modified_gmt":"2023-05-18T02:31:45","slug":"assises-quebecoises-du-secteur-maritime-et-lancement-de-loutil-cap-saint-laurent","status":"publish","type":"post","link":"https:\/\/www.cargo-montreal.ca\/fr\/assises-quebecoises-du-secteur-maritime-et-lancement-de-loutil-cap-saint-laurent\/","title":{"rendered":"Assises qu\u00e9b\u00e9coises du secteur maritime et lancement de l\u2019outil Cap Saint-Laurent"},"content":{"rendered":"<a href=\"https:\/\/www.cargo-montreal.ca\/wp-content\/uploads\/2023\/05\/image_6487327-6-1.jpg\"><img loading=\"lazy\" decoding=\"async\" class=\"size-medium wp-image-14816 aligncenter\" src=\"https:\/\/www.cargo-montreal.ca\/wp-content\/uploads\/2023\/05\/image_6487327-6-1-300x200.jpg\" alt=\"\" width=\"300\" height=\"200\" srcset=\"https:\/\/www.cargo-montreal.ca\/wp-content\/uploads\/2023\/05\/image_6487327-6-1-300x200.jpg 300w, https:\/\/www.cargo-montreal.ca\/wp-content\/uploads\/2023\/05\/image_6487327-6-1-1024x683.jpg 1024w, https:\/\/www.cargo-montreal.ca\/wp-content\/uploads\/2023\/05\/image_6487327-6-1-768x512.jpg 768w, https:\/\/www.cargo-montreal.ca\/wp-content\/uploads\/2023\/05\/image_6487327-6-1-1536x1024.jpg 1536w, https:\/\/www.cargo-montreal.ca\/wp-content\/uploads\/2023\/05\/image_6487327-6-1.jpg 1920w\" sizes=\"auto, (max-width: 300px) 100vw, 300px\" \/><\/a>\r\n\r\nLes 9 et 10 mai derniers avait lieu la 3<sup>e<\/sup>\u00a0\u00e9dition des Assises qu\u00e9b\u00e9coises du secteur maritime, \u00e9v\u00e9nement d\u2019importance qui r\u00e9unit les parties prenantes, les d\u00e9cideurs et les partenaires qui se mobilisent autour de th\u00e9matiques et d\u2019enjeux communs.\r\n\r\nOrganis\u00e9es par la\u00a0<a href=\"https:\/\/info.cargo-montreal.ca\/e3t\/Ctc\/ZU+113\/d11nbd04\/VVWqgz3PqVscVdYnvd51xlZCW6wcfC_4-HW3vN22w0_73lLzNV1-WJV7CgBz8W4l3qp37z3DYfW1K-sdv9cTWzTW8_SKcG3qhhm8VdrxPK3zwPP4W57PDs73-DjjCW1MfSM223shZCW6fHL786HRmy-W71zT_G4Qg9CVW8WdZkd7DT2bWVfdpBp7ZT95wW7pjSrM3n7VGHW6_qCHS1BqjmXW4Wqghv3xcwXrVZSxzH6rKFzyW8q5LnQ8rJcZBW5DQ9SB883kk6W3fsT8-86JzRpW7sdgFp4Qq1ZN39wV1\" target=\"_blank\" rel=\"noopener\" data-saferedirecturl=\"https:\/\/www.google.com\/url?q=https:\/\/info.cargo-montreal.ca\/e3t\/Ctc\/ZU%2B113\/d11nbd04\/VVWqgz3PqVscVdYnvd51xlZCW6wcfC_4-HW3vN22w0_73lLzNV1-WJV7CgBz8W4l3qp37z3DYfW1K-sdv9cTWzTW8_SKcG3qhhm8VdrxPK3zwPP4W57PDs73-DjjCW1MfSM223shZCW6fHL786HRmy-W71zT_G4Qg9CVW8WdZkd7DT2bWVfdpBp7ZT95wW7pjSrM3n7VGHW6_qCHS1BqjmXW4Wqghv3xcwXrVZSxzH6rKFzyW8q5LnQ8rJcZBW5DQ9SB883kk6W3fsT8-86JzRpW7sdgFp4Qq1ZN39wV1&amp;source=gmail&amp;ust=1684462768125000&amp;usg=AOvVaw0RRce8MUU6VfqeTYV-J-v4\">Soci\u00e9t\u00e9 de d\u00e9veloppement \u00e9conomique du Saint-Laurent (Sodes)<\/a>, les Assises ont r\u00e9uni plus de 220 acteurs gravitant autour du secteur maritime qu\u00e9b\u00e9cois.\r\n\r\nCargoM \u00e9tait heureuse d\u2019y animer un panel portant sur l\u2019innovation et les infrastructures maritimes, en compagnie de Mme Greta B\u00e9dard de la Soci\u00e9t\u00e9 des traversiers du Qu\u00e9bec, de Mme Magali Amiel de CGI, de M. Martin Beaulieu de la Soci\u00e9t\u00e9 de promotion \u00e9conomique de Rimouski (SOPER) et de M. Jason M. Haas de Pomerleau.\r\n\r\n\u00c9galement lors des Assises, CargoM et la Sodes ont lanc\u00e9,\u00a0en pr\u00e9sence de M.\u00a0<a href=\"https:\/\/info.cargo-montreal.ca\/e3t\/Ctc\/ZU+113\/d11nbd04\/VVWqgz3PqVscVdYnvd51xlZCW6wcfC_4-HW3vN22w0-S5kh3GV3Zsc37CgYJxW1WqYdp66tf5gW9bKCQY6FjjvMW23gH474nF3v_VmJNZ11n4b4VW4h1dYG4ps7f2W2v4b234hWr3JW4ZJnDS1q_ZwQW1GM_Mp3JYW_jW89J_nc3K4NnfW5rY0l75n_mHRW6qxDH27grbTdW4FxsBK3FdPNYW2l4GRC7Vzq79W882Mlz50dsnsW5SlFP42Cnp_JW4TXJfz7CfffRW97gkf13dbZQfW2-XTZG3vZRn4W7wGbdH4_GBxNW2GNrBH3Vdnk-W91LGMJ58GPJHW3DvWTy4FdfvQW1ryBGG7cJr_xW3xW18f5xKdgbW7DxBwz1sYFzdW78Wv4T5zc-S4W3spvgL3yKJ41W20x39M85KxgQW84tdjt3GWNrHW75ZqRT3_BF4YW4sC5dZ7tkt5gW1Z2npv1v-Qd03g201\" target=\"_blank\" rel=\"noopener\" data-saferedirecturl=\"https:\/\/www.google.com\/url?q=https:\/\/info.cargo-montreal.ca\/e3t\/Ctc\/ZU%2B113\/d11nbd04\/VVWqgz3PqVscVdYnvd51xlZCW6wcfC_4-HW3vN22w0-S5kh3GV3Zsc37CgYJxW1WqYdp66tf5gW9bKCQY6FjjvMW23gH474nF3v_VmJNZ11n4b4VW4h1dYG4ps7f2W2v4b234hWr3JW4ZJnDS1q_ZwQW1GM_Mp3JYW_jW89J_nc3K4NnfW5rY0l75n_mHRW6qxDH27grbTdW4FxsBK3FdPNYW2l4GRC7Vzq79W882Mlz50dsnsW5SlFP42Cnp_JW4TXJfz7CfffRW97gkf13dbZQfW2-XTZG3vZRn4W7wGbdH4_GBxNW2GNrBH3Vdnk-W91LGMJ58GPJHW3DvWTy4FdfvQW1ryBGG7cJr_xW3xW18f5xKdgbW7DxBwz1sYFzdW78Wv4T5zc-S4W3spvgL3yKJ41W20x39M85KxgQW84tdjt3GWNrHW75ZqRT3_BF4YW4sC5dZ7tkt5gW1Z2npv1v-Qd03g201&amp;source=gmail&amp;ust=1684462768125000&amp;usg=AOvVaw3sR_kRES-AWk_PR2dmg3aD\">Alain Sans Cartier<\/a>, sous-ministre au\u00a0<a href=\"https:\/\/info.cargo-montreal.ca\/e3t\/Ctc\/ZU+113\/d11nbd04\/VVWqgz3PqVscVdYnvd51xlZCW6wcfC_4-HW3vN22w1013lLBGV1-WJV7CgZShW9860kR8GKP4qW3NVC5p8WNZ91W5y8cS0925vY0W6K_WkH8xDCZlW7hvLY_9gwYVcVMR_6W6-1wFHW1N02dT3873MFVfJlP37X5k2fW8JC47K50CKP3Mny8LlpK0dKVGGJdF8jkLdcW6D4M0X40dy9HV30XfV3_7z5FW1MYCs-1VJgprW81lN_p6S8s91Vv9b8_2qVFGhW5hBXzn8SF8gYW8sPM0g1kNxnyW4Y7HW72X46wbW2T25SG1FhvfCW34nLnW7sDmfzW7T1xFz51myvZW8QrdFp75wvTmW8LwWP25QPJzn3pMq1\" target=\"_blank\" rel=\"noopener\" data-saferedirecturl=\"https:\/\/www.google.com\/url?q=https:\/\/info.cargo-montreal.ca\/e3t\/Ctc\/ZU%2B113\/d11nbd04\/VVWqgz3PqVscVdYnvd51xlZCW6wcfC_4-HW3vN22w1013lLBGV1-WJV7CgZShW9860kR8GKP4qW3NVC5p8WNZ91W5y8cS0925vY0W6K_WkH8xDCZlW7hvLY_9gwYVcVMR_6W6-1wFHW1N02dT3873MFVfJlP37X5k2fW8JC47K50CKP3Mny8LlpK0dKVGGJdF8jkLdcW6D4M0X40dy9HV30XfV3_7z5FW1MYCs-1VJgprW81lN_p6S8s91Vv9b8_2qVFGhW5hBXzn8SF8gYW8sPM0g1kNxnyW4Y7HW72X46wbW2T25SG1FhvfCW34nLnW7sDmfzW7T1xFz51myvZW8QrdFp75wvTmW8LwWP25QPJzn3pMq1&amp;source=gmail&amp;ust=1684462768125000&amp;usg=AOvVaw1n3HDS4H36Ev1eM3178Vss\">minist\u00e8re des Relations internationales et de la Francophonie (MRIF)<\/a>,\u00a0le site Web\u00a0<a href=\"https:\/\/info.cargo-montreal.ca\/e3t\/Ctc\/ZU+113\/d11nbd04\/VVWqgz3PqVscVdYnvd51xlZCW6wcfC_4-HW3vN22w0_73lLzNV1-WJV7CgCxlW7Vprwt3ykr7zW5t5np72Z6FH1W664zC98X9NY2W4Q-XMB8Wz4_cW1pR8_d467HPjW4RSXBw8V14jzW2W6XPq7LYX4kN34CqhpxyBmBW39-8ZF9cqYVvW1wdGGJ1gLcCtW117sbf1_DGg5W6371Xp7zX0d8W34sjQq5fn5-WMldZWFsHn5YVT9HVB2bYD8ZN69PHKzpxpLSW1xxKtv7jB84KW3KQxkn1sLzlC3lFn1\" target=\"_blank\" rel=\"noopener\" data-saferedirecturl=\"https:\/\/www.google.com\/url?q=https:\/\/info.cargo-montreal.ca\/e3t\/Ctc\/ZU%2B113\/d11nbd04\/VVWqgz3PqVscVdYnvd51xlZCW6wcfC_4-HW3vN22w0_73lLzNV1-WJV7CgCxlW7Vprwt3ykr7zW5t5np72Z6FH1W664zC98X9NY2W4Q-XMB8Wz4_cW1pR8_d467HPjW4RSXBw8V14jzW2W6XPq7LYX4kN34CqhpxyBmBW39-8ZF9cqYVvW1wdGGJ1gLcCtW117sbf1_DGg5W6371Xp7zX0d8W34sjQq5fn5-WMldZWFsHn5YVT9HVB2bYD8ZN69PHKzpxpLSW1xxKtv7jB84KW3KQxkn1sLzlC3lFn1&amp;source=gmail&amp;ust=1684462768125000&amp;usg=AOvVaw0ldZvbQHqXJHmb6ucUZ1S_\">Cap Saint-Laurent<\/a>, catalogue des acteurs et partenaires du secteur maritime et portuaire qu\u00e9b\u00e9cois.\r\n<p align=\"justify\">Financ\u00e9 par le\u00a0<a href=\"https:\/\/info.cargo-montreal.ca\/e3t\/Ctc\/ZU+113\/d11nbd04\/VVWqgz3PqVscVdYnvd51xlZCW6wcfC_4-HW3vN22w1013lLBGV1-WJV7CgZ9pW7DD73k1mDRN_VwgKgp2z8bX-W2dxMCK4sm2N3W7zcG0C3NzTqnW2X5lxk7qx21kW4-PZXy7RFHQbW2VQFDw8GYMskN8CQKt_bsxxxW32W8B81D7vmxVn-7lh36hMKrW4CDw5Q6SBC2_W8w5wQw37D_4RW1ttfZs6y4QCNW8QpH7w8qHwZRW7s1d_B4K8S8jV61FdK6hflnwW4Pb6cr8GmdGyW3v66hv91m4C3W5V_Hkj9fHhFhW3Fd-Mq40MQv_N25xd42_HrdtW2YbVKD2wFVmwW2yt5JB189Zd5W5Bpnsn4Vywhh3ddB1\" target=\"_blank\" rel=\"noopener\" data-saferedirecturl=\"https:\/\/www.google.com\/url?q=https:\/\/info.cargo-montreal.ca\/e3t\/Ctc\/ZU%2B113\/d11nbd04\/VVWqgz3PqVscVdYnvd51xlZCW6wcfC_4-HW3vN22w1013lLBGV1-WJV7CgZ9pW7DD73k1mDRN_VwgKgp2z8bX-W2dxMCK4sm2N3W7zcG0C3NzTqnW2X5lxk7qx21kW4-PZXy7RFHQbW2VQFDw8GYMskN8CQKt_bsxxxW32W8B81D7vmxVn-7lh36hMKrW4CDw5Q6SBC2_W8w5wQw37D_4RW1ttfZs6y4QCNW8QpH7w8qHwZRW7s1d_B4K8S8jV61FdK6hflnwW4Pb6cr8GmdGyW3v66hv91m4C3W5V_Hkj9fHhFhW3Fd-Mq40MQv_N25xd42_HrdtW2YbVKD2wFVmwW2yt5JB189Zd5W5Bpnsn4Vywhh3ddB1&amp;source=gmail&amp;ust=1684462768126000&amp;usg=AOvVaw0ly6T1IvuwCN4P5RShz-95\">minist\u00e8re des Relations internationales et de la Francophonie (MRIF)<\/a>\u00a0et le\u00a0<a href=\"https:\/\/info.cargo-montreal.ca\/e3t\/Ctc\/ZU+113\/d11nbd04\/VVWqgz3PqVscVdYnvd51xlZCW6wcfC_4-HW3vN22w0_r3lLB3V1-WJV7CgRsNVdpGwF5l9vLPVByd5y3Zt7vJW40b_yJ5lYP-ZW10JkP25Yr-bkW30Yfqh4MKBcRN799HJQqDnVhW2-JKZ28FvtbKW5W0Df735PhNFW95zZbD614kqrW2Bhf202R0kh0W59Dtv87njdvNW4KnL_R3WB8TtV8WCjk7bg-KVW5594bP3-bnhmW90Ppp-8RV9ydV8Gqs311KLd4W4S4K-k92plXVW3_Kv8W7dSL_MW16jC4l4HgT_sW2C0Gnh5QdsZ33ncG1\" target=\"_blank\" rel=\"noopener\" data-saferedirecturl=\"https:\/\/www.google.com\/url?q=https:\/\/info.cargo-montreal.ca\/e3t\/Ctc\/ZU%2B113\/d11nbd04\/VVWqgz3PqVscVdYnvd51xlZCW6wcfC_4-HW3vN22w0_r3lLB3V1-WJV7CgRsNVdpGwF5l9vLPVByd5y3Zt7vJW40b_yJ5lYP-ZW10JkP25Yr-bkW30Yfqh4MKBcRN799HJQqDnVhW2-JKZ28FvtbKW5W0Df735PhNFW95zZbD614kqrW2Bhf202R0kh0W59Dtv87njdvNW4KnL_R3WB8TtV8WCjk7bg-KVW5594bP3-bnhmW90Ppp-8RV9ydV8Gqs311KLd4W4S4K-k92plXVW3_Kv8W7dSL_MW16jC4l4HgT_sW2C0Gnh5QdsZ33ncG1&amp;source=gmail&amp;ust=1684462768126000&amp;usg=AOvVaw3RyxxBYxrYjUGcFdWCVByr\">minist\u00e8re de l\u2019\u00c9conomie, de l\u2019Innovation et de l\u2019\u00c9nergie (MEIE)<\/a>, Cap Saint-Laurent permet de positionner \u00e0 l\u2019international les avantages strat\u00e9giques de l\u2019expertise qu\u00e9b\u00e9coise ainsi qu\u2019\u00e0 acc\u00e9l\u00e9rer l\u2019internationalisation de ses entreprises, organismes et centres de recherche, en offrant au m\u00eame endroit, un \u00e9ventail de services et de ressources d\u2019affaires pour les partenaires nord-am\u00e9ricains et \u00e9trangers qui utilisent la grande voie navigable qu\u2019est le Saint-Laurent.<\/p>\r\n<a href=\"https:\/\/info.cargo-montreal.ca\/e3t\/Ctc\/ZU+113\/d11nbd04\/VVWqgz3PqVscVdYnvd51xlZCW6wcfC_4-HW3vN22w0_73lLzNV1-WJV7CgXhvW96HbTv9jXcJtW8s9kH46K1D6sW21Y2q24rTJGDW8lxSDy91QfpwW4jgKXy7dlmpBW2QPFvl290F2QW6HzWyy3f9dfzW3g6NXZ8jBCd8W768Ntm2WKRjhW6cdl3f8yp2QzW1YjxLp5QhlCFW4r9kPR1wDHL6W4F9DkH5vj68QW81CDlw2NXsPZW854JPj95jWVbW2S_rry8GHCNDW6CwPJK11qH5nW2cMFg9634NX42kg1\" target=\"_blank\" rel=\"noopener\" data-saferedirecturl=\"https:\/\/www.google.com\/url?q=https:\/\/info.cargo-montreal.ca\/e3t\/Ctc\/ZU%2B113\/d11nbd04\/VVWqgz3PqVscVdYnvd51xlZCW6wcfC_4-HW3vN22w0_73lLzNV1-WJV7CgXhvW96HbTv9jXcJtW8s9kH46K1D6sW21Y2q24rTJGDW8lxSDy91QfpwW4jgKXy7dlmpBW2QPFvl290F2QW6HzWyy3f9dfzW3g6NXZ8jBCd8W768Ntm2WKRjhW6cdl3f8yp2QzW1YjxLp5QhlCFW4r9kPR1wDHL6W4F9DkH5vj68QW81CDlw2NXsPZW854JPj95jWVbW2S_rry8GHCNDW6CwPJK11qH5nW2cMFg9634NX42kg1&amp;source=gmail&amp;ust=1684462768126000&amp;usg=AOvVaw1K_KxzAMlc3-zU3PopA01h\">Consultez le site Web<\/a>.","protected":false},"excerpt":{"rendered":"Les 9 et 10 mai derniers avait lieu la 3e\u00a0\u00e9dition des Assises qu\u00e9b\u00e9coises du secteur maritime, \u00e9v\u00e9nement d\u2019importance qui r\u00e9unit les parties prenantes, les d\u00e9cideurs et les partenaires qui se mobilisent autour de th\u00e9matiques et d\u2019enjeux communs. Organis\u00e9es par la\u00a0Soci\u00e9t\u00e9 de d\u00e9veloppement \u00e9conomique du Saint-Laurent (Sodes), les Assises ont r\u00e9uni plus de 220 acteurs gravitant [&hellip;]","protected":false},"author":39,"featured_media":14824,"comment_status":"closed","ping_status":"closed","sticky":false,"template":"","format":"standard","meta":{"_acf_changed":false,"footnotes":""},"categories":[20],"tags":[],"class_list":["post-14836","post","type-post","status-publish","format-standard","has-post-thumbnail","hentry","category-services-logistiques"],"acf":[],"yoast_head":"<!-- This site is optimized with the Yoast SEO plugin v27.3 - https:\/\/yoast.com\/product\/yoast-seo-wordpress\/ -->\n<title>Assises qu\u00e9b\u00e9coises du secteur maritime et lancement de l\u2019outil Cap Saint-Laurent - CargoM<\/title>\n<meta name=\"robots\" content=\"index, follow, max-snippet:-1, max-image-preview:large, max-video-preview:-1\" \/>\n<link rel=\"canonical\" href=\"https:\/\/www.cargo-montreal.ca\/fr\/assises-quebecoises-du-secteur-maritime-et-lancement-de-loutil-cap-saint-laurent\/\" \/>\n<meta property=\"og:locale\" content=\"fr_FR\" \/>\n<meta property=\"og:type\" content=\"article\" \/>\n<meta property=\"og:title\" content=\"Assises qu\u00e9b\u00e9coises du secteur maritime et lancement de l\u2019outil Cap Saint-Laurent - CargoM\" \/>\n<meta property=\"og:description\" content=\"Les 9 et 10 mai derniers avait lieu la 3e\u00a0\u00e9dition des Assises qu\u00e9b\u00e9coises du secteur maritime, \u00e9v\u00e9nement d\u2019importance qui r\u00e9unit les parties prenantes, les d\u00e9cideurs et les partenaires qui se mobilisent autour de th\u00e9matiques et d\u2019enjeux communs. Organis\u00e9es par la\u00a0Soci\u00e9t\u00e9 de d\u00e9veloppement \u00e9conomique du Saint-Laurent (Sodes), les Assises ont r\u00e9uni plus de 220 acteurs gravitant [&hellip;]\" \/>\n<meta property=\"og:url\" content=\"https:\/\/www.cargo-montreal.ca\/fr\/assises-quebecoises-du-secteur-maritime-et-lancement-de-loutil-cap-saint-laurent\/\" \/>\n<meta property=\"og:site_name\" content=\"CargoM\" \/>\n<meta property=\"article:published_time\" content=\"2023-05-18T02:31:45+00:00\" \/>\n<meta property=\"og:image\" content=\"https:\/\/www.cargo-montreal.ca\/wp-content\/uploads\/2023\/05\/Square.jpg\" \/>\n\t<meta property=\"og:image:width\" content=\"1595\" \/>\n\t<meta property=\"og:image:height\" content=\"1080\" \/>\n\t<meta property=\"og:image:type\" content=\"image\/jpeg\" \/>\n<meta name=\"author\" content=\"Karine Dudognon\" \/>\n<meta name=\"twitter:card\" content=\"summary_large_image\" \/>\n<meta name=\"twitter:label1\" content=\"\u00c9crit par\" \/>\n\t<meta name=\"twitter:data1\" content=\"Karine Dudognon\" \/>\n\t<meta name=\"twitter:label2\" content=\"Dur\u00e9e de lecture estim\u00e9e\" \/>\n\t<meta name=\"twitter:data2\" content=\"2 minutes\" \/>\n<script type=\"application\/ld+json\" class=\"yoast-schema-graph\">{\"@context\":\"https:\\\/\\\/schema.org\",\"@graph\":[{\"@type\":\"Article\",\"@id\":\"https:\\\/\\\/www.cargo-montreal.ca\\\/fr\\\/assises-quebecoises-du-secteur-maritime-et-lancement-de-loutil-cap-saint-laurent\\\/#article\",\"isPartOf\":{\"@id\":\"https:\\\/\\\/www.cargo-montreal.ca\\\/fr\\\/assises-quebecoises-du-secteur-maritime-et-lancement-de-loutil-cap-saint-laurent\\\/\"},\"author\":{\"name\":\"Karine Dudognon\",\"@id\":\"https:\\\/\\\/www.cargo-montreal.ca\\\/fr\\\/#\\\/schema\\\/person\\\/80476d173ce654813db9fd1533901365\"},\"headline\":\"Assises qu\u00e9b\u00e9coises du secteur maritime et lancement de l\u2019outil Cap Saint-Laurent\",\"datePublished\":\"2023-05-18T02:31:45+00:00\",\"mainEntityOfPage\":{\"@id\":\"https:\\\/\\\/www.cargo-montreal.ca\\\/fr\\\/assises-quebecoises-du-secteur-maritime-et-lancement-de-loutil-cap-saint-laurent\\\/\"},\"wordCount\":291,\"image\":{\"@id\":\"https:\\\/\\\/www.cargo-montreal.ca\\\/fr\\\/assises-quebecoises-du-secteur-maritime-et-lancement-de-loutil-cap-saint-laurent\\\/#primaryimage\"},\"thumbnailUrl\":\"https:\\\/\\\/www.cargo-montreal.ca\\\/wp-content\\\/uploads\\\/2023\\\/05\\\/Square.jpg\",\"articleSection\":[\"Services logistiques\"],\"inLanguage\":\"fr-FR\"},{\"@type\":\"WebPage\",\"@id\":\"https:\\\/\\\/www.cargo-montreal.ca\\\/fr\\\/assises-quebecoises-du-secteur-maritime-et-lancement-de-loutil-cap-saint-laurent\\\/\",\"url\":\"https:\\\/\\\/www.cargo-montreal.ca\\\/fr\\\/assises-quebecoises-du-secteur-maritime-et-lancement-de-loutil-cap-saint-laurent\\\/\",\"name\":\"Assises qu\u00e9b\u00e9coises du secteur maritime et lancement de l\u2019outil Cap Saint-Laurent - CargoM\",\"isPartOf\":{\"@id\":\"https:\\\/\\\/www.cargo-montreal.ca\\\/fr\\\/#website\"},\"primaryImageOfPage\":{\"@id\":\"https:\\\/\\\/www.cargo-montreal.ca\\\/fr\\\/assises-quebecoises-du-secteur-maritime-et-lancement-de-loutil-cap-saint-laurent\\\/#primaryimage\"},\"image\":{\"@id\":\"https:\\\/\\\/www.cargo-montreal.ca\\\/fr\\\/assises-quebecoises-du-secteur-maritime-et-lancement-de-loutil-cap-saint-laurent\\\/#primaryimage\"},\"thumbnailUrl\":\"https:\\\/\\\/www.cargo-montreal.ca\\\/wp-content\\\/uploads\\\/2023\\\/05\\\/Square.jpg\",\"datePublished\":\"2023-05-18T02:31:45+00:00\",\"author\":{\"@id\":\"https:\\\/\\\/www.cargo-montreal.ca\\\/fr\\\/#\\\/schema\\\/person\\\/80476d173ce654813db9fd1533901365\"},\"breadcrumb\":{\"@id\":\"https:\\\/\\\/www.cargo-montreal.ca\\\/fr\\\/assises-quebecoises-du-secteur-maritime-et-lancement-de-loutil-cap-saint-laurent\\\/#breadcrumb\"},\"inLanguage\":\"fr-FR\",\"potentialAction\":[{\"@type\":\"ReadAction\",\"target\":[\"https:\\\/\\\/www.cargo-montreal.ca\\\/fr\\\/assises-quebecoises-du-secteur-maritime-et-lancement-de-loutil-cap-saint-laurent\\\/\"]}]},{\"@type\":\"ImageObject\",\"inLanguage\":\"fr-FR\",\"@id\":\"https:\\\/\\\/www.cargo-montreal.ca\\\/fr\\\/assises-quebecoises-du-secteur-maritime-et-lancement-de-loutil-cap-saint-laurent\\\/#primaryimage\",\"url\":\"https:\\\/\\\/www.cargo-montreal.ca\\\/wp-content\\\/uploads\\\/2023\\\/05\\\/Square.jpg\",\"contentUrl\":\"https:\\\/\\\/www.cargo-montreal.ca\\\/wp-content\\\/uploads\\\/2023\\\/05\\\/Square.jpg\",\"width\":1595,\"height\":1080},{\"@type\":\"BreadcrumbList\",\"@id\":\"https:\\\/\\\/www.cargo-montreal.ca\\\/fr\\\/assises-quebecoises-du-secteur-maritime-et-lancement-de-loutil-cap-saint-laurent\\\/#breadcrumb\",\"itemListElement\":[{\"@type\":\"ListItem\",\"position\":1,\"name\":\"Home\",\"item\":\"https:\\\/\\\/www.cargo-montreal.ca\\\/fr\\\/\"},{\"@type\":\"ListItem\",\"position\":2,\"name\":\"Assises qu\u00e9b\u00e9coises du secteur maritime et lancement de l\u2019outil Cap Saint-Laurent\"}]},{\"@type\":\"WebSite\",\"@id\":\"https:\\\/\\\/www.cargo-montreal.ca\\\/fr\\\/#website\",\"url\":\"https:\\\/\\\/www.cargo-montreal.ca\\\/fr\\\/\",\"name\":\"CargoM\",\"description\":\"La mission de CargoM: Rassembler les acteurs de la logistique &amp; du transport de marchandises du Grand Montr\u00e9al autour d&#039;objectifs communs, d&#039;actions concert\u00e9es\",\"potentialAction\":[{\"@type\":\"SearchAction\",\"target\":{\"@type\":\"EntryPoint\",\"urlTemplate\":\"https:\\\/\\\/www.cargo-montreal.ca\\\/fr\\\/?s={search_term_string}\"},\"query-input\":{\"@type\":\"PropertyValueSpecification\",\"valueRequired\":true,\"valueName\":\"search_term_string\"}}],\"inLanguage\":\"fr-FR\"},{\"@type\":\"Person\",\"@id\":\"https:\\\/\\\/www.cargo-montreal.ca\\\/fr\\\/#\\\/schema\\\/person\\\/80476d173ce654813db9fd1533901365\",\"name\":\"Karine Dudognon\",\"image\":{\"@type\":\"ImageObject\",\"inLanguage\":\"fr-FR\",\"@id\":\"https:\\\/\\\/secure.gravatar.com\\\/avatar\\\/673bdfb703a9b6685a88bc7dfb04a9ea2b48b30e9d1663a5e759a4e9bfa3e2c0?s=96&d=mm&r=g\",\"url\":\"https:\\\/\\\/secure.gravatar.com\\\/avatar\\\/673bdfb703a9b6685a88bc7dfb04a9ea2b48b30e9d1663a5e759a4e9bfa3e2c0?s=96&d=mm&r=g\",\"contentUrl\":\"https:\\\/\\\/secure.gravatar.com\\\/avatar\\\/673bdfb703a9b6685a88bc7dfb04a9ea2b48b30e9d1663a5e759a4e9bfa3e2c0?s=96&d=mm&r=g\",\"caption\":\"Karine Dudognon\"},\"url\":\"https:\\\/\\\/www.cargo-montreal.ca\\\/fr\\\/author\\\/karine\\\/\"}]}<\/script>\n<!-- \/ Yoast SEO plugin. -->","yoast_head_json":{"title":"Assises qu\u00e9b\u00e9coises du secteur maritime et lancement de l\u2019outil Cap Saint-Laurent - CargoM","robots":{"index":"index","follow":"follow","max-snippet":"max-snippet:-1","max-image-preview":"max-image-preview:large","max-video-preview":"max-video-preview:-1"},"canonical":"https:\/\/www.cargo-montreal.ca\/fr\/assises-quebecoises-du-secteur-maritime-et-lancement-de-loutil-cap-saint-laurent\/","og_locale":"fr_FR","og_type":"article","og_title":"Assises qu\u00e9b\u00e9coises du secteur maritime et lancement de l\u2019outil Cap Saint-Laurent - CargoM","og_description":"Les 9 et 10 mai derniers avait lieu la 3e\u00a0\u00e9dition des Assises qu\u00e9b\u00e9coises du secteur maritime, \u00e9v\u00e9nement d\u2019importance qui r\u00e9unit les parties prenantes, les d\u00e9cideurs et les partenaires qui se mobilisent autour de th\u00e9matiques et d\u2019enjeux communs. Organis\u00e9es par la\u00a0Soci\u00e9t\u00e9 de d\u00e9veloppement \u00e9conomique du Saint-Laurent (Sodes), les Assises ont r\u00e9uni plus de 220 acteurs gravitant [&hellip;]","og_url":"https:\/\/www.cargo-montreal.ca\/fr\/assises-quebecoises-du-secteur-maritime-et-lancement-de-loutil-cap-saint-laurent\/","og_site_name":"CargoM","article_published_time":"2023-05-18T02:31:45+00:00","og_image":[{"width":1595,"height":1080,"url":"https:\/\/www.cargo-montreal.ca\/wp-content\/uploads\/2023\/05\/Square.jpg","type":"image\/jpeg"}],"author":"Karine Dudognon","twitter_card":"summary_large_image","twitter_misc":{"\u00c9crit par":"Karine Dudognon","Dur\u00e9e de lecture estim\u00e9e":"2 minutes"},"schema":{"@context":"https:\/\/schema.org","@graph":[{"@type":"Article","@id":"https:\/\/www.cargo-montreal.ca\/fr\/assises-quebecoises-du-secteur-maritime-et-lancement-de-loutil-cap-saint-laurent\/#article","isPartOf":{"@id":"https:\/\/www.cargo-montreal.ca\/fr\/assises-quebecoises-du-secteur-maritime-et-lancement-de-loutil-cap-saint-laurent\/"},"author":{"name":"Karine Dudognon","@id":"https:\/\/www.cargo-montreal.ca\/fr\/#\/schema\/person\/80476d173ce654813db9fd1533901365"},"headline":"Assises qu\u00e9b\u00e9coises du secteur maritime et lancement de l\u2019outil Cap Saint-Laurent","datePublished":"2023-05-18T02:31:45+00:00","mainEntityOfPage":{"@id":"https:\/\/www.cargo-montreal.ca\/fr\/assises-quebecoises-du-secteur-maritime-et-lancement-de-loutil-cap-saint-laurent\/"},"wordCount":291,"image":{"@id":"https:\/\/www.cargo-montreal.ca\/fr\/assises-quebecoises-du-secteur-maritime-et-lancement-de-loutil-cap-saint-laurent\/#primaryimage"},"thumbnailUrl":"https:\/\/www.cargo-montreal.ca\/wp-content\/uploads\/2023\/05\/Square.jpg","articleSection":["Services logistiques"],"inLanguage":"fr-FR"},{"@type":"WebPage","@id":"https:\/\/www.cargo-montreal.ca\/fr\/assises-quebecoises-du-secteur-maritime-et-lancement-de-loutil-cap-saint-laurent\/","url":"https:\/\/www.cargo-montreal.ca\/fr\/assises-quebecoises-du-secteur-maritime-et-lancement-de-loutil-cap-saint-laurent\/","name":"Assises qu\u00e9b\u00e9coises du secteur maritime et lancement de l\u2019outil Cap Saint-Laurent - CargoM","isPartOf":{"@id":"https:\/\/www.cargo-montreal.ca\/fr\/#website"},"primaryImageOfPage":{"@id":"https:\/\/www.cargo-montreal.ca\/fr\/assises-quebecoises-du-secteur-maritime-et-lancement-de-loutil-cap-saint-laurent\/#primaryimage"},"image":{"@id":"https:\/\/www.cargo-montreal.ca\/fr\/assises-quebecoises-du-secteur-maritime-et-lancement-de-loutil-cap-saint-laurent\/#primaryimage"},"thumbnailUrl":"https:\/\/www.cargo-montreal.ca\/wp-content\/uploads\/2023\/05\/Square.jpg","datePublished":"2023-05-18T02:31:45+00:00","author":{"@id":"https:\/\/www.cargo-montreal.ca\/fr\/#\/schema\/person\/80476d173ce654813db9fd1533901365"},"breadcrumb":{"@id":"https:\/\/www.cargo-montreal.ca\/fr\/assises-quebecoises-du-secteur-maritime-et-lancement-de-loutil-cap-saint-laurent\/#breadcrumb"},"inLanguage":"fr-FR","potentialAction":[{"@type":"ReadAction","target":["https:\/\/www.cargo-montreal.ca\/fr\/assises-quebecoises-du-secteur-maritime-et-lancement-de-loutil-cap-saint-laurent\/"]}]},{"@type":"ImageObject","inLanguage":"fr-FR","@id":"https:\/\/www.cargo-montreal.ca\/fr\/assises-quebecoises-du-secteur-maritime-et-lancement-de-loutil-cap-saint-laurent\/#primaryimage","url":"https:\/\/www.cargo-montreal.ca\/wp-content\/uploads\/2023\/05\/Square.jpg","contentUrl":"https:\/\/www.cargo-montreal.ca\/wp-content\/uploads\/2023\/05\/Square.jpg","width":1595,"height":1080},{"@type":"BreadcrumbList","@id":"https:\/\/www.cargo-montreal.ca\/fr\/assises-quebecoises-du-secteur-maritime-et-lancement-de-loutil-cap-saint-laurent\/#breadcrumb","itemListElement":[{"@type":"ListItem","position":1,"name":"Home","item":"https:\/\/www.cargo-montreal.ca\/fr\/"},{"@type":"ListItem","position":2,"name":"Assises qu\u00e9b\u00e9coises du secteur maritime et lancement de l\u2019outil Cap Saint-Laurent"}]},{"@type":"WebSite","@id":"https:\/\/www.cargo-montreal.ca\/fr\/#website","url":"https:\/\/www.cargo-montreal.ca\/fr\/","name":"CargoM","description":"La mission de CargoM: Rassembler les acteurs de la logistique &amp; du transport de marchandises du Grand Montr\u00e9al autour d&#039;objectifs communs, d&#039;actions concert\u00e9es","potentialAction":[{"@type":"SearchAction","target":{"@type":"EntryPoint","urlTemplate":"https:\/\/www.cargo-montreal.ca\/fr\/?s={search_term_string}"},"query-input":{"@type":"PropertyValueSpecification","valueRequired":true,"valueName":"search_term_string"}}],"inLanguage":"fr-FR"},{"@type":"Person","@id":"https:\/\/www.cargo-montreal.ca\/fr\/#\/schema\/person\/80476d173ce654813db9fd1533901365","name":"Karine Dudognon","image":{"@type":"ImageObject","inLanguage":"fr-FR","@id":"https:\/\/secure.gravatar.com\/avatar\/673bdfb703a9b6685a88bc7dfb04a9ea2b48b30e9d1663a5e759a4e9bfa3e2c0?s=96&d=mm&r=g","url":"https:\/\/secure.gravatar.com\/avatar\/673bdfb703a9b6685a88bc7dfb04a9ea2b48b30e9d1663a5e759a4e9bfa3e2c0?s=96&d=mm&r=g","contentUrl":"https:\/\/secure.gravatar.com\/avatar\/673bdfb703a9b6685a88bc7dfb04a9ea2b48b30e9d1663a5e759a4e9bfa3e2c0?s=96&d=mm&r=g","caption":"Karine Dudognon"},"url":"https:\/\/www.cargo-montreal.ca\/fr\/author\/karine\/"}]}},"_links":{"self":[{"href":"https:\/\/www.cargo-montreal.ca\/fr\/wp-json\/wp\/v2\/posts\/14836","targetHints":{"allow":["GET"]}}],"collection":[{"href":"https:\/\/www.cargo-montreal.ca\/fr\/wp-json\/wp\/v2\/posts"}],"about":[{"href":"https:\/\/www.cargo-montreal.ca\/fr\/wp-json\/wp\/v2\/types\/post"}],"author":[{"embeddable":true,"href":"https:\/\/www.cargo-montreal.ca\/fr\/wp-json\/wp\/v2\/users\/39"}],"replies":[{"embeddable":true,"href":"https:\/\/www.cargo-montreal.ca\/fr\/wp-json\/wp\/v2\/comments?post=14836"}],"version-history":[{"count":1,"href":"https:\/\/www.cargo-montreal.ca\/fr\/wp-json\/wp\/v2\/posts\/14836\/revisions"}],"predecessor-version":[{"id":14837,"href":"https:\/\/www.cargo-montreal.ca\/fr\/wp-json\/wp\/v2\/posts\/14836\/revisions\/14837"}],"wp:featuredmedia":[{"embeddable":true,"href":"https:\/\/www.cargo-montreal.ca\/fr\/wp-json\/wp\/v2\/media\/14824"}],"wp:attachment":[{"href":"https:\/\/www.cargo-montreal.ca\/fr\/wp-json\/wp\/v2\/media?parent=14836"}],"wp:term":[{"taxonomy":"category","embeddable":true,"href":"https:\/\/www.cargo-montreal.ca\/fr\/wp-json\/wp\/v2\/categories?post=14836"},{"taxonomy":"post_tag","embeddable":true,"href":"https:\/\/www.cargo-montreal.ca\/fr\/wp-json\/wp\/v2\/tags?post=14836"}],"curies":[{"name":"wp","href":"https:\/\/api.w.org\/{rel}","templated":true}]}}