{"id":14854,"date":"2023-05-18T02:42:51","date_gmt":"2023-05-18T02:42:51","guid":{"rendered":"https:\/\/www.cargo-montreal.ca\/?p=14854"},"modified":"2023-05-18T02:42:51","modified_gmt":"2023-05-18T02:42:51","slug":"port-de-montreal-plan-strategique-2023-2027-rapport-annuel-2022-2023-inauguration-de-la-tour","status":"publish","type":"post","link":"https:\/\/www.cargo-montreal.ca\/fr\/port-de-montreal-plan-strategique-2023-2027-rapport-annuel-2022-2023-inauguration-de-la-tour\/","title":{"rendered":"Port de Montr\u00e9al : Plan strat\u00e9gique 2023-2027 \/ Rapport annuel 2022-2023 \/ Inauguration de la Tour"},"content":{"rendered":"&nbsp;\r\n\r\n<a href=\"https:\/\/www.cargo-montreal.ca\/wp-content\/uploads\/2023\/05\/RA-PDM.jpg\"><img loading=\"lazy\" decoding=\"async\" class=\"size-medium wp-image-14822 aligncenter\" src=\"https:\/\/www.cargo-montreal.ca\/wp-content\/uploads\/2023\/05\/RA-PDM-300x145.jpg\" alt=\"\" width=\"300\" height=\"145\" srcset=\"https:\/\/www.cargo-montreal.ca\/wp-content\/uploads\/2023\/05\/RA-PDM-300x145.jpg 300w, https:\/\/www.cargo-montreal.ca\/wp-content\/uploads\/2023\/05\/RA-PDM-1024x494.jpg 1024w, https:\/\/www.cargo-montreal.ca\/wp-content\/uploads\/2023\/05\/RA-PDM-768x370.jpg 768w, https:\/\/www.cargo-montreal.ca\/wp-content\/uploads\/2023\/05\/RA-PDM-1536x741.jpg 1536w, https:\/\/www.cargo-montreal.ca\/wp-content\/uploads\/2023\/05\/RA-PDM.jpg 1885w\" sizes=\"auto, (max-width: 300px) 100vw, 300px\" \/><\/a>\r\n\r\nL\u2019Administration portuaire de Montr\u00e9al lan\u00e7ait en avril dernier son plan strat\u00e9gique 2023-2027 bas\u00e9 sur une d\u00e9marche participative qui a permis de recueillir les commentaires et opinions de 400 participants provenant du grand public des acteurs des milieux universitaire, industriel, institutionnel, communautaire et des affaires, ainsi que des Premi\u00e8res Nations.\r\n\r\nLe plan strat\u00e9gique est structur\u00e9 autour de 6 grands axes comprenant l\u2019innovation et la mobilisation de son personnel, les relations avec les communaut\u00e9s, la gestion de ses actifs, la comp\u00e9titivit\u00e9, la d\u00e9carbonation et la r\u00e9alisation du projet d\u2019expansion \u00e0 Contrecoeur.\r\n<p align=\"justify\"><a href=\"https:\/\/info.cargo-montreal.ca\/e3t\/Ctc\/ZU+113\/d11nbd04\/VVWqgz3PqVscVdYnvd51xlZCW6wcfC_4-HW3vN22w0_L3lLBmV1-WJV7CgZbpW6Vzsrc92FBTrW8pCPxy43J07_W3bq_mF2Xg_14W4_nG1C2BM3KZW3_XfVK4wJ0f4W8zgVFl7YmF0bW5fLstT74l5mLW5Vc3bR1zKsNCW7TMS2Q1Xx9jkW6L2T1v2F5xM9W5wNb9m2YjlqNW3sfBhb1Z3FlDW9b01bm6spb41W7nmRvQ3c9d1QW3g5H086Zx0vhW89VzZN9l546jW4bqhWR1n6pzjW6cWqgT69VkWPW556m_X6S686wW47J7nb5CzxQMW7vlsRx1Xk9wtW2Z12vk87XMC736gg1\" target=\"_blank\" rel=\"noopener\" data-saferedirecturl=\"https:\/\/www.google.com\/url?hl=fr-CA&amp;q=https:\/\/info.cargo-montreal.ca\/e3t\/Ctc\/ZU%2B113\/d11nbd04\/VVWqgz3PqVscVdYnvd51xlZCW6wcfC_4-HW3vN22w0_L3lLBmV1-WJV7CgZbpW6Vzsrc92FBTrW8pCPxy43J07_W3bq_mF2Xg_14W4_nG1C2BM3KZW3_XfVK4wJ0f4W8zgVFl7YmF0bW5fLstT74l5mLW5Vc3bR1zKsNCW7TMS2Q1Xx9jkW6L2T1v2F5xM9W5wNb9m2YjlqNW3sfBhb1Z3FlDW9b01bm6spb41W7nmRvQ3c9d1QW3g5H086Zx0vhW89VzZN9l546jW4bqhWR1n6pzjW6cWqgT69VkWPW556m_X6S686wW47J7nb5CzxQMW7vlsRx1Xk9wtW2Z12vk87XMC736gg1&amp;source=gmail&amp;ust=1684463825459000&amp;usg=AOvVaw14MeTvjxX1uIgKtj8UEGkG\">Consultez le plan strat\u00e9gique en ligne<\/a>.<\/p>\r\n<p align=\"justify\">Le Port de Montr\u00e9al, qui vient de remporter le prix de l\u2019<a href=\"https:\/\/info.cargo-montreal.ca\/e3t\/Ctc\/ZU+113\/d11nbd04\/VVWqgz3PqVscVdYnvd51xlZCW6wcfC_4-HW3vN22w10D3lLCfV1-WJV7CgGXDW5St0tD5HsrmYW7hbhsF9gL8fWW5fst2Y3ZmnfNW3rCDXL4J9CZpW4j8JV34Q-tJNW7Bsln77lnN9tW79hGFQ14nzC5N1rSlYNh-zTnW4lxqgX4GdBFtW7N9Fgc6qP1SkW6g5Mcb6X1XjzW5XVzJS4KJkBKW6tllFv5GCNKQW3QCTn23WzhtHW9jM4LC73v-vQW4LKGDL1htgcJW4llhY-3KWCVqW5vylcC3ZGsxFN32SxQPFRv8LW1VfMCs2Sjz_RW88QLkf2N1xzjW1pqpP03d1gbwVcSW7j15V_cLVzTCGs4XfC56W36fN1Q2FsVKvW2sS8Hb64FMWsW6nBNGz58nGrMW4SNjdt5dTs_Q3hZJ1\" target=\"_blank\" rel=\"noopener\" data-saferedirecturl=\"https:\/\/www.google.com\/url?hl=fr-CA&amp;q=https:\/\/info.cargo-montreal.ca\/e3t\/Ctc\/ZU%2B113\/d11nbd04\/VVWqgz3PqVscVdYnvd51xlZCW6wcfC_4-HW3vN22w10D3lLCfV1-WJV7CgGXDW5St0tD5HsrmYW7hbhsF9gL8fWW5fst2Y3ZmnfNW3rCDXL4J9CZpW4j8JV34Q-tJNW7Bsln77lnN9tW79hGFQ14nzC5N1rSlYNh-zTnW4lxqgX4GdBFtW7N9Fgc6qP1SkW6g5Mcb6X1XjzW5XVzJS4KJkBKW6tllFv5GCNKQW3QCTn23WzhtHW9jM4LC73v-vQW4LKGDL1htgcJW4llhY-3KWCVqW5vylcC3ZGsxFN32SxQPFRv8LW1VfMCs2Sjz_RW88QLkf2N1xzjW1pqpP03d1gbwVcSW7j15V_cLVzTCGs4XfC56W36fN1Q2FsVKvW2sS8Hb64FMWsW6nBNGz58nGrMW4SNjdt5dTs_Q3hZJ1&amp;source=gmail&amp;ust=1684463825459000&amp;usg=AOvVaw0grQrEci-SUrvQ_jwMpI5e\">Entreprise canadienne de l\u2019ann\u00e9e<\/a>\u00a0d\u00e9cern\u00e9 par la Chambre de commerce belgo-canadienne, a \u00e9galement d\u00e9voil\u00e9 ses r\u00e9sultats pour l\u2019ann\u00e9e 2022-2023 en mai dernier en pr\u00e9sence de Mme Nathalie Pilon, pr\u00e9sidente du conseil d\u2019administration. Apr\u00e8s la pand\u00e9mie et les difficult\u00e9s v\u00e9cues par la cha\u00eene d\u2019approvisionnement, le port renoue avec la croissance en ce qui a trait au volumes de marchandises manutentionn\u00e9es.\u00a0Au total, 36\u202fmillions de tonnes de marchandises ont \u00e9t\u00e9 manutentionn\u00e9es, un r\u00e9sultat en hausse de 5,8\u202f%.<\/p>\r\n<p align=\"justify\">Pour en savoir plus,\u00a0<a href=\"https:\/\/info.cargo-montreal.ca\/e3t\/Ctc\/ZU+113\/d11nbd04\/VVWqgz3PqVscVdYnvd51xlZCW6wcfC_4-HW3vN22w0_L3lLBmV1-WJV7CgWwJN1XNxkJFSJvCW6Tdwnq14ydCBN1jSmKVh_cbjW31NLMT4chXCmW2MT2p014qRFPN3CFzBCk8WpfN7_fZZ7K7fY-W5qnd7F19gDZ3W1q0zPX99DzccW8bW5SM8sYtbPW3WLVcW6_1c1WN4sRBL_mYLdbW30qYdT351FlQW5Qlbqz41fx1yW1--Wz429MkgKW6pkFy_32gT41N8BfkKyN38g6W11sWCL3npjjFW4twtf32Gd2lLW1Lh6Pt5sNG94W3wHMzZ4mg5ZxN21MpTP-298m3lqb1\" target=\"_blank\" rel=\"noopener\" data-saferedirecturl=\"https:\/\/www.google.com\/url?hl=fr-CA&amp;q=https:\/\/info.cargo-montreal.ca\/e3t\/Ctc\/ZU%2B113\/d11nbd04\/VVWqgz3PqVscVdYnvd51xlZCW6wcfC_4-HW3vN22w0_L3lLBmV1-WJV7CgWwJN1XNxkJFSJvCW6Tdwnq14ydCBN1jSmKVh_cbjW31NLMT4chXCmW2MT2p014qRFPN3CFzBCk8WpfN7_fZZ7K7fY-W5qnd7F19gDZ3W1q0zPX99DzccW8bW5SM8sYtbPW3WLVcW6_1c1WN4sRBL_mYLdbW30qYdT351FlQW5Qlbqz41fx1yW1--Wz429MkgKW6pkFy_32gT41N8BfkKyN38g6W11sWCL3npjjFW4twtf32Gd2lLW1Lh6Pt5sNG94W3wHMzZ4mg5ZxN21MpTP-298m3lqb1&amp;source=gmail&amp;ust=1684463825459000&amp;usg=AOvVaw1Ly7UtBV285xqD7HUYowPb\">lisez le rapport annuel<\/a>.<\/p>\r\n<p align=\"justify\">En terminant, avait lieu le 15 mai dernier, l&rsquo;inauguration officielle de la\u00a0<a href=\"https:\/\/info.cargo-montreal.ca\/e3t\/Ctc\/ZU+113\/d11nbd04\/VVWqgz3PqVscVdYnvd51xlZCW6wcfC_4-HW3vN22w0_L3lLBmV1-WJV7CgJ3fW5-C9M92gjzFlW7mn5DP28qT3dW3d0R0b7c4yy3N2rXtrDZkF-8W8vDBZs6jmmK_N433mHt_nQ7wW13GZvd6Qq1CTW6c7l3H6NFqL9W2g9lLj2rlw3lW8dNBJD37mQ-yN54PYDzy7MptW7-dL1M7-JVhPW1ljsVR4DS7WTW8f0NCy5HTvDqW855-zK7bLDZqVXp9dS8VGD2FF5BzRfJQNbgW2fyc-l8nSfc-N78SRkJX91dlW6Hvrh_7Wnb-DW71QcDB6MMJ3gW8J50sr5FCD0p3d1Y1\" target=\"_blank\" rel=\"noopener\" data-saferedirecturl=\"https:\/\/www.google.com\/url?hl=fr-CA&amp;q=https:\/\/info.cargo-montreal.ca\/e3t\/Ctc\/ZU%2B113\/d11nbd04\/VVWqgz3PqVscVdYnvd51xlZCW6wcfC_4-HW3vN22w0_L3lLBmV1-WJV7CgJ3fW5-C9M92gjzFlW7mn5DP28qT3dW3d0R0b7c4yy3N2rXtrDZkF-8W8vDBZs6jmmK_N433mHt_nQ7wW13GZvd6Qq1CTW6c7l3H6NFqL9W2g9lLj2rlw3lW8dNBJD37mQ-yN54PYDzy7MptW7-dL1M7-JVhPW1ljsVR4DS7WTW8f0NCy5HTvDqW855-zK7bLDZqVXp9dS8VGD2FF5BzRfJQNbgW2fyc-l8nSfc-N78SRkJX91dlW6Hvrh_7Wnb-DW71QcDB6MMJ3gW8J50sr5FCD0p3d1Y1&amp;source=gmail&amp;ust=1684463825460000&amp;usg=AOvVaw1qYAoMtbDKFAjDTrkWkaRz\">Tour du Port<\/a>\u00a0de Montr\u00e9al, qui, \u00e0 65 m\u00e8tres de hauteur, offre une vue imprenable sur la ville et sur le fleuve. L&rsquo;acc\u00e8s \u00e0 la tour sera gratuit les 27 et 28 mai prochains.<\/p>\r\nSource et visuel\u00a0: Port de Montr\u00e9al","protected":false},"excerpt":{"rendered":"&nbsp; L\u2019Administration portuaire de Montr\u00e9al lan\u00e7ait en avril dernier son plan strat\u00e9gique 2023-2027 bas\u00e9 sur une d\u00e9marche participative qui a permis de recueillir les commentaires et opinions de 400 participants provenant du grand public des acteurs des milieux universitaire, industriel, institutionnel, communautaire et des affaires, ainsi que des Premi\u00e8res Nations. Le plan strat\u00e9gique est structur\u00e9 [&hellip;]","protected":false},"author":39,"featured_media":14826,"comment_status":"closed","ping_status":"closed","sticky":false,"template":"","format":"standard","meta":{"_acf_changed":false,"footnotes":""},"categories":[20],"tags":[],"class_list":["post-14854","post","type-post","status-publish","format-standard","has-post-thumbnail","hentry","category-services-logistiques"],"acf":[],"yoast_head":"<!-- This site is optimized with the Yoast SEO plugin v27.3 - https:\/\/yoast.com\/product\/yoast-seo-wordpress\/ -->\n<title>Port de Montr\u00e9al : Plan strat\u00e9gique 2023-2027 \/ Rapport annuel 2022-2023 \/ Inauguration de la Tour - CargoM<\/title>\n<meta name=\"robots\" content=\"index, follow, max-snippet:-1, max-image-preview:large, max-video-preview:-1\" \/>\n<link rel=\"canonical\" href=\"https:\/\/www.cargo-montreal.ca\/fr\/port-de-montreal-plan-strategique-2023-2027-rapport-annuel-2022-2023-inauguration-de-la-tour\/\" \/>\n<meta property=\"og:locale\" content=\"fr_FR\" \/>\n<meta property=\"og:type\" content=\"article\" \/>\n<meta property=\"og:title\" content=\"Port de Montr\u00e9al : Plan strat\u00e9gique 2023-2027 \/ Rapport annuel 2022-2023 \/ Inauguration de la Tour - CargoM\" \/>\n<meta property=\"og:description\" content=\"&nbsp; L\u2019Administration portuaire de Montr\u00e9al lan\u00e7ait en avril dernier son plan strat\u00e9gique 2023-2027 bas\u00e9 sur une d\u00e9marche participative qui a permis de recueillir les commentaires et opinions de 400 participants provenant du grand public des acteurs des milieux universitaire, industriel, institutionnel, communautaire et des affaires, ainsi que des Premi\u00e8res Nations. Le plan strat\u00e9gique est structur\u00e9 [&hellip;]\" \/>\n<meta property=\"og:url\" content=\"https:\/\/www.cargo-montreal.ca\/fr\/port-de-montreal-plan-strategique-2023-2027-rapport-annuel-2022-2023-inauguration-de-la-tour\/\" \/>\n<meta property=\"og:site_name\" content=\"CargoM\" \/>\n<meta property=\"article:published_time\" content=\"2023-05-18T02:42:51+00:00\" \/>\n<meta property=\"og:image\" content=\"https:\/\/www.cargo-montreal.ca\/wp-content\/uploads\/2023\/05\/Tour3.jpg\" \/>\n\t<meta property=\"og:image:width\" content=\"1259\" \/>\n\t<meta property=\"og:image:height\" content=\"1621\" \/>\n\t<meta property=\"og:image:type\" content=\"image\/jpeg\" \/>\n<meta name=\"author\" content=\"Karine Dudognon\" \/>\n<meta name=\"twitter:card\" content=\"summary_large_image\" \/>\n<meta name=\"twitter:label1\" content=\"\u00c9crit par\" \/>\n\t<meta name=\"twitter:data1\" content=\"Karine Dudognon\" \/>\n\t<meta name=\"twitter:label2\" content=\"Dur\u00e9e de lecture estim\u00e9e\" \/>\n\t<meta name=\"twitter:data2\" content=\"2 minutes\" \/>\n<script type=\"application\/ld+json\" class=\"yoast-schema-graph\">{\"@context\":\"https:\\\/\\\/schema.org\",\"@graph\":[{\"@type\":\"Article\",\"@id\":\"https:\\\/\\\/www.cargo-montreal.ca\\\/fr\\\/port-de-montreal-plan-strategique-2023-2027-rapport-annuel-2022-2023-inauguration-de-la-tour\\\/#article\",\"isPartOf\":{\"@id\":\"https:\\\/\\\/www.cargo-montreal.ca\\\/fr\\\/port-de-montreal-plan-strategique-2023-2027-rapport-annuel-2022-2023-inauguration-de-la-tour\\\/\"},\"author\":{\"name\":\"Karine Dudognon\",\"@id\":\"https:\\\/\\\/www.cargo-montreal.ca\\\/fr\\\/#\\\/schema\\\/person\\\/80476d173ce654813db9fd1533901365\"},\"headline\":\"Port de Montr\u00e9al : Plan strat\u00e9gique 2023-2027 \\\/ Rapport annuel 2022-2023 \\\/ Inauguration de la Tour\",\"datePublished\":\"2023-05-18T02:42:51+00:00\",\"mainEntityOfPage\":{\"@id\":\"https:\\\/\\\/www.cargo-montreal.ca\\\/fr\\\/port-de-montreal-plan-strategique-2023-2027-rapport-annuel-2022-2023-inauguration-de-la-tour\\\/\"},\"wordCount\":288,\"image\":{\"@id\":\"https:\\\/\\\/www.cargo-montreal.ca\\\/fr\\\/port-de-montreal-plan-strategique-2023-2027-rapport-annuel-2022-2023-inauguration-de-la-tour\\\/#primaryimage\"},\"thumbnailUrl\":\"https:\\\/\\\/www.cargo-montreal.ca\\\/wp-content\\\/uploads\\\/2023\\\/05\\\/Tour3.jpg\",\"articleSection\":[\"Services logistiques\"],\"inLanguage\":\"fr-FR\"},{\"@type\":\"WebPage\",\"@id\":\"https:\\\/\\\/www.cargo-montreal.ca\\\/fr\\\/port-de-montreal-plan-strategique-2023-2027-rapport-annuel-2022-2023-inauguration-de-la-tour\\\/\",\"url\":\"https:\\\/\\\/www.cargo-montreal.ca\\\/fr\\\/port-de-montreal-plan-strategique-2023-2027-rapport-annuel-2022-2023-inauguration-de-la-tour\\\/\",\"name\":\"Port de Montr\u00e9al : Plan strat\u00e9gique 2023-2027 \\\/ Rapport annuel 2022-2023 \\\/ Inauguration de la Tour - CargoM\",\"isPartOf\":{\"@id\":\"https:\\\/\\\/www.cargo-montreal.ca\\\/fr\\\/#website\"},\"primaryImageOfPage\":{\"@id\":\"https:\\\/\\\/www.cargo-montreal.ca\\\/fr\\\/port-de-montreal-plan-strategique-2023-2027-rapport-annuel-2022-2023-inauguration-de-la-tour\\\/#primaryimage\"},\"image\":{\"@id\":\"https:\\\/\\\/www.cargo-montreal.ca\\\/fr\\\/port-de-montreal-plan-strategique-2023-2027-rapport-annuel-2022-2023-inauguration-de-la-tour\\\/#primaryimage\"},\"thumbnailUrl\":\"https:\\\/\\\/www.cargo-montreal.ca\\\/wp-content\\\/uploads\\\/2023\\\/05\\\/Tour3.jpg\",\"datePublished\":\"2023-05-18T02:42:51+00:00\",\"author\":{\"@id\":\"https:\\\/\\\/www.cargo-montreal.ca\\\/fr\\\/#\\\/schema\\\/person\\\/80476d173ce654813db9fd1533901365\"},\"breadcrumb\":{\"@id\":\"https:\\\/\\\/www.cargo-montreal.ca\\\/fr\\\/port-de-montreal-plan-strategique-2023-2027-rapport-annuel-2022-2023-inauguration-de-la-tour\\\/#breadcrumb\"},\"inLanguage\":\"fr-FR\",\"potentialAction\":[{\"@type\":\"ReadAction\",\"target\":[\"https:\\\/\\\/www.cargo-montreal.ca\\\/fr\\\/port-de-montreal-plan-strategique-2023-2027-rapport-annuel-2022-2023-inauguration-de-la-tour\\\/\"]}]},{\"@type\":\"ImageObject\",\"inLanguage\":\"fr-FR\",\"@id\":\"https:\\\/\\\/www.cargo-montreal.ca\\\/fr\\\/port-de-montreal-plan-strategique-2023-2027-rapport-annuel-2022-2023-inauguration-de-la-tour\\\/#primaryimage\",\"url\":\"https:\\\/\\\/www.cargo-montreal.ca\\\/wp-content\\\/uploads\\\/2023\\\/05\\\/Tour3.jpg\",\"contentUrl\":\"https:\\\/\\\/www.cargo-montreal.ca\\\/wp-content\\\/uploads\\\/2023\\\/05\\\/Tour3.jpg\",\"width\":1259,\"height\":1621},{\"@type\":\"BreadcrumbList\",\"@id\":\"https:\\\/\\\/www.cargo-montreal.ca\\\/fr\\\/port-de-montreal-plan-strategique-2023-2027-rapport-annuel-2022-2023-inauguration-de-la-tour\\\/#breadcrumb\",\"itemListElement\":[{\"@type\":\"ListItem\",\"position\":1,\"name\":\"Home\",\"item\":\"https:\\\/\\\/www.cargo-montreal.ca\\\/fr\\\/\"},{\"@type\":\"ListItem\",\"position\":2,\"name\":\"Port de Montr\u00e9al : Plan strat\u00e9gique 2023-2027 \\\/ Rapport annuel 2022-2023 \\\/ Inauguration de la Tour\"}]},{\"@type\":\"WebSite\",\"@id\":\"https:\\\/\\\/www.cargo-montreal.ca\\\/fr\\\/#website\",\"url\":\"https:\\\/\\\/www.cargo-montreal.ca\\\/fr\\\/\",\"name\":\"CargoM\",\"description\":\"La mission de CargoM: Rassembler les acteurs de la logistique &amp; du transport de marchandises du Grand Montr\u00e9al autour d&#039;objectifs communs, d&#039;actions concert\u00e9es\",\"potentialAction\":[{\"@type\":\"SearchAction\",\"target\":{\"@type\":\"EntryPoint\",\"urlTemplate\":\"https:\\\/\\\/www.cargo-montreal.ca\\\/fr\\\/?s={search_term_string}\"},\"query-input\":{\"@type\":\"PropertyValueSpecification\",\"valueRequired\":true,\"valueName\":\"search_term_string\"}}],\"inLanguage\":\"fr-FR\"},{\"@type\":\"Person\",\"@id\":\"https:\\\/\\\/www.cargo-montreal.ca\\\/fr\\\/#\\\/schema\\\/person\\\/80476d173ce654813db9fd1533901365\",\"name\":\"Karine Dudognon\",\"image\":{\"@type\":\"ImageObject\",\"inLanguage\":\"fr-FR\",\"@id\":\"https:\\\/\\\/secure.gravatar.com\\\/avatar\\\/673bdfb703a9b6685a88bc7dfb04a9ea2b48b30e9d1663a5e759a4e9bfa3e2c0?s=96&d=mm&r=g\",\"url\":\"https:\\\/\\\/secure.gravatar.com\\\/avatar\\\/673bdfb703a9b6685a88bc7dfb04a9ea2b48b30e9d1663a5e759a4e9bfa3e2c0?s=96&d=mm&r=g\",\"contentUrl\":\"https:\\\/\\\/secure.gravatar.com\\\/avatar\\\/673bdfb703a9b6685a88bc7dfb04a9ea2b48b30e9d1663a5e759a4e9bfa3e2c0?s=96&d=mm&r=g\",\"caption\":\"Karine Dudognon\"},\"url\":\"https:\\\/\\\/www.cargo-montreal.ca\\\/fr\\\/author\\\/karine\\\/\"}]}<\/script>\n<!-- \/ Yoast SEO plugin. -->","yoast_head_json":{"title":"Port de Montr\u00e9al : Plan strat\u00e9gique 2023-2027 \/ Rapport annuel 2022-2023 \/ Inauguration de la Tour - CargoM","robots":{"index":"index","follow":"follow","max-snippet":"max-snippet:-1","max-image-preview":"max-image-preview:large","max-video-preview":"max-video-preview:-1"},"canonical":"https:\/\/www.cargo-montreal.ca\/fr\/port-de-montreal-plan-strategique-2023-2027-rapport-annuel-2022-2023-inauguration-de-la-tour\/","og_locale":"fr_FR","og_type":"article","og_title":"Port de Montr\u00e9al : Plan strat\u00e9gique 2023-2027 \/ Rapport annuel 2022-2023 \/ Inauguration de la Tour - CargoM","og_description":"&nbsp; L\u2019Administration portuaire de Montr\u00e9al lan\u00e7ait en avril dernier son plan strat\u00e9gique 2023-2027 bas\u00e9 sur une d\u00e9marche participative qui a permis de recueillir les commentaires et opinions de 400 participants provenant du grand public des acteurs des milieux universitaire, industriel, institutionnel, communautaire et des affaires, ainsi que des Premi\u00e8res Nations. Le plan strat\u00e9gique est structur\u00e9 [&hellip;]","og_url":"https:\/\/www.cargo-montreal.ca\/fr\/port-de-montreal-plan-strategique-2023-2027-rapport-annuel-2022-2023-inauguration-de-la-tour\/","og_site_name":"CargoM","article_published_time":"2023-05-18T02:42:51+00:00","og_image":[{"width":1259,"height":1621,"url":"https:\/\/www.cargo-montreal.ca\/wp-content\/uploads\/2023\/05\/Tour3.jpg","type":"image\/jpeg"}],"author":"Karine Dudognon","twitter_card":"summary_large_image","twitter_misc":{"\u00c9crit par":"Karine Dudognon","Dur\u00e9e de lecture estim\u00e9e":"2 minutes"},"schema":{"@context":"https:\/\/schema.org","@graph":[{"@type":"Article","@id":"https:\/\/www.cargo-montreal.ca\/fr\/port-de-montreal-plan-strategique-2023-2027-rapport-annuel-2022-2023-inauguration-de-la-tour\/#article","isPartOf":{"@id":"https:\/\/www.cargo-montreal.ca\/fr\/port-de-montreal-plan-strategique-2023-2027-rapport-annuel-2022-2023-inauguration-de-la-tour\/"},"author":{"name":"Karine Dudognon","@id":"https:\/\/www.cargo-montreal.ca\/fr\/#\/schema\/person\/80476d173ce654813db9fd1533901365"},"headline":"Port de Montr\u00e9al : Plan strat\u00e9gique 2023-2027 \/ Rapport annuel 2022-2023 \/ Inauguration de la Tour","datePublished":"2023-05-18T02:42:51+00:00","mainEntityOfPage":{"@id":"https:\/\/www.cargo-montreal.ca\/fr\/port-de-montreal-plan-strategique-2023-2027-rapport-annuel-2022-2023-inauguration-de-la-tour\/"},"wordCount":288,"image":{"@id":"https:\/\/www.cargo-montreal.ca\/fr\/port-de-montreal-plan-strategique-2023-2027-rapport-annuel-2022-2023-inauguration-de-la-tour\/#primaryimage"},"thumbnailUrl":"https:\/\/www.cargo-montreal.ca\/wp-content\/uploads\/2023\/05\/Tour3.jpg","articleSection":["Services logistiques"],"inLanguage":"fr-FR"},{"@type":"WebPage","@id":"https:\/\/www.cargo-montreal.ca\/fr\/port-de-montreal-plan-strategique-2023-2027-rapport-annuel-2022-2023-inauguration-de-la-tour\/","url":"https:\/\/www.cargo-montreal.ca\/fr\/port-de-montreal-plan-strategique-2023-2027-rapport-annuel-2022-2023-inauguration-de-la-tour\/","name":"Port de Montr\u00e9al : Plan strat\u00e9gique 2023-2027 \/ Rapport annuel 2022-2023 \/ Inauguration de la Tour - CargoM","isPartOf":{"@id":"https:\/\/www.cargo-montreal.ca\/fr\/#website"},"primaryImageOfPage":{"@id":"https:\/\/www.cargo-montreal.ca\/fr\/port-de-montreal-plan-strategique-2023-2027-rapport-annuel-2022-2023-inauguration-de-la-tour\/#primaryimage"},"image":{"@id":"https:\/\/www.cargo-montreal.ca\/fr\/port-de-montreal-plan-strategique-2023-2027-rapport-annuel-2022-2023-inauguration-de-la-tour\/#primaryimage"},"thumbnailUrl":"https:\/\/www.cargo-montreal.ca\/wp-content\/uploads\/2023\/05\/Tour3.jpg","datePublished":"2023-05-18T02:42:51+00:00","author":{"@id":"https:\/\/www.cargo-montreal.ca\/fr\/#\/schema\/person\/80476d173ce654813db9fd1533901365"},"breadcrumb":{"@id":"https:\/\/www.cargo-montreal.ca\/fr\/port-de-montreal-plan-strategique-2023-2027-rapport-annuel-2022-2023-inauguration-de-la-tour\/#breadcrumb"},"inLanguage":"fr-FR","potentialAction":[{"@type":"ReadAction","target":["https:\/\/www.cargo-montreal.ca\/fr\/port-de-montreal-plan-strategique-2023-2027-rapport-annuel-2022-2023-inauguration-de-la-tour\/"]}]},{"@type":"ImageObject","inLanguage":"fr-FR","@id":"https:\/\/www.cargo-montreal.ca\/fr\/port-de-montreal-plan-strategique-2023-2027-rapport-annuel-2022-2023-inauguration-de-la-tour\/#primaryimage","url":"https:\/\/www.cargo-montreal.ca\/wp-content\/uploads\/2023\/05\/Tour3.jpg","contentUrl":"https:\/\/www.cargo-montreal.ca\/wp-content\/uploads\/2023\/05\/Tour3.jpg","width":1259,"height":1621},{"@type":"BreadcrumbList","@id":"https:\/\/www.cargo-montreal.ca\/fr\/port-de-montreal-plan-strategique-2023-2027-rapport-annuel-2022-2023-inauguration-de-la-tour\/#breadcrumb","itemListElement":[{"@type":"ListItem","position":1,"name":"Home","item":"https:\/\/www.cargo-montreal.ca\/fr\/"},{"@type":"ListItem","position":2,"name":"Port de Montr\u00e9al : Plan strat\u00e9gique 2023-2027 \/ Rapport annuel 2022-2023 \/ Inauguration de la Tour"}]},{"@type":"WebSite","@id":"https:\/\/www.cargo-montreal.ca\/fr\/#website","url":"https:\/\/www.cargo-montreal.ca\/fr\/","name":"CargoM","description":"La mission de CargoM: Rassembler les acteurs de la logistique &amp; du transport de marchandises du Grand Montr\u00e9al autour d&#039;objectifs communs, d&#039;actions concert\u00e9es","potentialAction":[{"@type":"SearchAction","target":{"@type":"EntryPoint","urlTemplate":"https:\/\/www.cargo-montreal.ca\/fr\/?s={search_term_string}"},"query-input":{"@type":"PropertyValueSpecification","valueRequired":true,"valueName":"search_term_string"}}],"inLanguage":"fr-FR"},{"@type":"Person","@id":"https:\/\/www.cargo-montreal.ca\/fr\/#\/schema\/person\/80476d173ce654813db9fd1533901365","name":"Karine Dudognon","image":{"@type":"ImageObject","inLanguage":"fr-FR","@id":"https:\/\/secure.gravatar.com\/avatar\/673bdfb703a9b6685a88bc7dfb04a9ea2b48b30e9d1663a5e759a4e9bfa3e2c0?s=96&d=mm&r=g","url":"https:\/\/secure.gravatar.com\/avatar\/673bdfb703a9b6685a88bc7dfb04a9ea2b48b30e9d1663a5e759a4e9bfa3e2c0?s=96&d=mm&r=g","contentUrl":"https:\/\/secure.gravatar.com\/avatar\/673bdfb703a9b6685a88bc7dfb04a9ea2b48b30e9d1663a5e759a4e9bfa3e2c0?s=96&d=mm&r=g","caption":"Karine Dudognon"},"url":"https:\/\/www.cargo-montreal.ca\/fr\/author\/karine\/"}]}},"_links":{"self":[{"href":"https:\/\/www.cargo-montreal.ca\/fr\/wp-json\/wp\/v2\/posts\/14854","targetHints":{"allow":["GET"]}}],"collection":[{"href":"https:\/\/www.cargo-montreal.ca\/fr\/wp-json\/wp\/v2\/posts"}],"about":[{"href":"https:\/\/www.cargo-montreal.ca\/fr\/wp-json\/wp\/v2\/types\/post"}],"author":[{"embeddable":true,"href":"https:\/\/www.cargo-montreal.ca\/fr\/wp-json\/wp\/v2\/users\/39"}],"replies":[{"embeddable":true,"href":"https:\/\/www.cargo-montreal.ca\/fr\/wp-json\/wp\/v2\/comments?post=14854"}],"version-history":[{"count":1,"href":"https:\/\/www.cargo-montreal.ca\/fr\/wp-json\/wp\/v2\/posts\/14854\/revisions"}],"predecessor-version":[{"id":14855,"href":"https:\/\/www.cargo-montreal.ca\/fr\/wp-json\/wp\/v2\/posts\/14854\/revisions\/14855"}],"wp:featuredmedia":[{"embeddable":true,"href":"https:\/\/www.cargo-montreal.ca\/fr\/wp-json\/wp\/v2\/media\/14826"}],"wp:attachment":[{"href":"https:\/\/www.cargo-montreal.ca\/fr\/wp-json\/wp\/v2\/media?parent=14854"}],"wp:term":[{"taxonomy":"category","embeddable":true,"href":"https:\/\/www.cargo-montreal.ca\/fr\/wp-json\/wp\/v2\/categories?post=14854"},{"taxonomy":"post_tag","embeddable":true,"href":"https:\/\/www.cargo-montreal.ca\/fr\/wp-json\/wp\/v2\/tags?post=14854"}],"curies":[{"name":"wp","href":"https:\/\/api.w.org\/{rel}","templated":true}]}}