{"id":15191,"date":"2023-07-19T15:55:18","date_gmt":"2023-07-19T15:55:18","guid":{"rendered":"https:\/\/www.cargo-montreal.ca\/?p=15191"},"modified":"2023-07-19T17:12:19","modified_gmt":"2023-07-19T17:12:19","slug":"nouvelles-de-la-grappe-5","status":"publish","type":"post","link":"https:\/\/www.cargo-montreal.ca\/fr\/nouvelles-de-la-grappe-5\/","title":{"rendered":"Derni\u00e8re journ\u00e9e d\u2019immersion en camionnage pour cette premi\u00e8re mouture du PIPC"},"content":{"rendered":"<p align=\"justify\">CargoM a tenu, le 20 juin dernier, sa derni\u00e8re journ\u00e9e d\u2019immersion en camionnage. D\u00e9velopp\u00e9 en collaboration avec\u00a0<a href=\"https:\/\/info.cargo-montreal.ca\/e3t\/Ctc\/ZU+113\/d11nbd04\/VWhMbb1-W8DgW2Lbpsc4p856jVXkGBG518Sw2N7bK2-y3lLB3V1-WJV7CgY8-W1p75R71mGkvjW7Q80P51zHHT0W2HhxgB2CZ-GZW24GCSr5KZt6JW6Z64HJ2TZl7vW4ydKTl2TNhhcW7G18C67C_xcsW8NdW0S5fPFLcN39gvZ0Wh6WGW8DTfnS6VfHYCW7gTNzy8kj3cTW8v073C6Zy7jSVK7hP71RMqKfW5c-Fv67NqSKPW4nmkQY7Cn3x7W8Yq2nQ4mKq_8N5s4PgD2yKjSW4_3Fsg2kW_sMW6wlhYG3W4sf7W3wcPFd1wdgPk3mPf1\" target=\"_blank\" rel=\"noopener\" data-saferedirecturl=\"https:\/\/www.google.com\/url?q=https:\/\/info.cargo-montreal.ca\/e3t\/Ctc\/ZU%2B113\/d11nbd04\/VWhMbb1-W8DgW2Lbpsc4p856jVXkGBG518Sw2N7bK2-y3lLB3V1-WJV7CgY8-W1p75R71mGkvjW7Q80P51zHHT0W2HhxgB2CZ-GZW24GCSr5KZt6JW6Z64HJ2TZl7vW4ydKTl2TNhhcW7G18C67C_xcsW8NdW0S5fPFLcN39gvZ0Wh6WGW8DTfnS6VfHYCW7gTNzy8kj3cTW8v073C6Zy7jSVK7hP71RMqKfW5c-Fv67NqSKPW4nmkQY7Cn3x7W8Yq2nQ4mKq_8N5s4PgD2yKjSW4_3Fsg2kW_sMW6wlhYG3W4sf7W3wcPFd1wdgPk3mPf1&amp;source=gmail&amp;ust=1689863567511000&amp;usg=AOvVaw2WKZ3mxbuBbXklsDd92lGk\">Camo-Route<\/a>\u00a0et le\u00a0<a href=\"https:\/\/info.cargo-montreal.ca\/e3t\/Ctc\/ZU+113\/d11nbd04\/VWhMbb1-W8DgW2Lbpsc4p856jVXkGBG518Sw2N7bK2-f3lLzNV1-WJV7CgWFPW663BGq3XTXnVW5_gMJV4mKZNLW6XwXkP9h421zW5LMCsy4KbvYKN6_yZ8ZSmXPzW5vXgx41dSDTRW6lyPg_6Ch8n3W7qwqV_65NKstW18MY338zV5nhVFWW853X_JCZW8qJZ_44Lk5RsW2FXmKQ1P8chRW1Fjc0y73GfV2W30jSNj1JDwfXW7JjpRH3pFR3HW89T_bB81k9xBN3vBhwCBhRsNVNHhBj8_flyS336t1\" target=\"_blank\" rel=\"noopener\" data-saferedirecturl=\"https:\/\/www.google.com\/url?q=https:\/\/info.cargo-montreal.ca\/e3t\/Ctc\/ZU%2B113\/d11nbd04\/VWhMbb1-W8DgW2Lbpsc4p856jVXkGBG518Sw2N7bK2-f3lLzNV1-WJV7CgWFPW663BGq3XTXnVW5_gMJV4mKZNLW6XwXkP9h421zW5LMCsy4KbvYKN6_yZ8ZSmXPzW5vXgx41dSDTRW6lyPg_6Ch8n3W7qwqV_65NKstW18MY338zV5nhVFWW853X_JCZW8qJZ_44Lk5RsW2FXmKQ1P8chRW1Fjc0y73GfV2W30jSNj1JDwfXW7JjpRH3pFR3HW89T_bB81k9xBN3vBhwCBhRsNVNHhBj8_flyS336t1&amp;source=gmail&amp;ust=1689863567511000&amp;usg=AOvVaw2qorTEwKfR_o6SYxFI1gMS\">Centre de formation du transport routier de St-J\u00e9r\u00f4me (CFRT)<\/a>, le Programme d\u2019immersion professionnelle en camionnage (PIPC) a \u00e9t\u00e9 rendu possible gr\u00e2ce \u00e0 la contribution financi\u00e8re de Conseil emploi m\u00e9tropole.<\/p>\r\n<p align=\"justify\">Rappelons que le PIPC consiste en une journ\u00e9e d\u2019immersion en camionnage avec des activit\u00e9s comme une pr\u00e9sentation du m\u00e9tier et de la formation, des essais pratiques et une visite en entreprise. Au cours de la derni\u00e8re ann\u00e9e, nous avons re\u00e7u plus de 160 inscriptions et plus de 40 personnes ont particip\u00e9 aux journ\u00e9es d\u2019immersion.<\/p>\r\n<p align=\"justify\">CargoM en profite pour remercier tous ses membres qui ont accueilli les participants et qui ont d\u00e9montr\u00e9 de l\u2019int\u00e9r\u00eat pour le PIPC soit\u00a0<a href=\"https:\/\/info.cargo-montreal.ca\/e3t\/Ctc\/ZU+113\/d11nbd04\/VWhMbb1-W8DgW2Lbpsc4p856jVXkGBG518Sw2N7bK2-y3lLB3V1-WJV7CgR6nW8W7lTk6KVxwPW6X1YLz5YMKcdW84v0xj7ysLQdW4V-QMN7Ks3ZQW1SkWpV8Q3xLFN5SscMb54VgzW7RyNhC8JxhKjW7K94Kw3Md1DqN8sRfbHFFZY5W6tRsRj1Nb6TwVWMp2s96FRftW1fqpL23LCSzDVh4gzG4LQP1PW3KMwp61db_NTW2TNS9x73srzpW3n2PP44FS4BLN454ZMxmJ2g_W6glYn76mYZB0W6J3D1v4_pQlVW4lPWWy2lqWYx2SD1\" target=\"_blank\" rel=\"noopener\" data-saferedirecturl=\"https:\/\/www.google.com\/url?q=https:\/\/info.cargo-montreal.ca\/e3t\/Ctc\/ZU%2B113\/d11nbd04\/VWhMbb1-W8DgW2Lbpsc4p856jVXkGBG518Sw2N7bK2-y3lLB3V1-WJV7CgR6nW8W7lTk6KVxwPW6X1YLz5YMKcdW84v0xj7ysLQdW4V-QMN7Ks3ZQW1SkWpV8Q3xLFN5SscMb54VgzW7RyNhC8JxhKjW7K94Kw3Md1DqN8sRfbHFFZY5W6tRsRj1Nb6TwVWMp2s96FRftW1fqpL23LCSzDVh4gzG4LQP1PW3KMwp61db_NTW2TNS9x73srzpW3n2PP44FS4BLN454ZMxmJ2g_W6glYn76mYZB0W6J3D1v4_pQlVW4lPWWy2lqWYx2SD1&amp;source=gmail&amp;ust=1689863567511000&amp;usg=AOvVaw3MnBkCuAR3SKKzNa7LXdHJ\">Groupe Morneau<\/a>,\u00a0<a href=\"https:\/\/info.cargo-montreal.ca\/e3t\/Ctc\/ZU+113\/d11nbd04\/VWhMbb1-W8DgW2Lbpsc4p856jVXkGBG518Sw2N7bK2-f3lLzNV1-WJV7CgWJ0VWQMKf2pBVd8V1dCF_10glP1W8lZqk093N4ZWW7wPytC9dlsCmN1KRB_Fslw59V3CmR260Gfr2W4hqwhB74XJ16W34dVWf7DYjYPW2Ckf6p6Qb1G8V5fdtH8PTghvW1J6vb86MsjQbW7y50nM8LhRgMW3M79dg8pz-8mW6KkrCn3frT6_W7lQD_-8Zd51HW76j0pw4yPMBDW7m7R5X1p-CMTVxKDrT1G84LJ3gzd1\" target=\"_blank\" rel=\"noopener\" data-saferedirecturl=\"https:\/\/www.google.com\/url?q=https:\/\/info.cargo-montreal.ca\/e3t\/Ctc\/ZU%2B113\/d11nbd04\/VWhMbb1-W8DgW2Lbpsc4p856jVXkGBG518Sw2N7bK2-f3lLzNV1-WJV7CgWJ0VWQMKf2pBVd8V1dCF_10glP1W8lZqk093N4ZWW7wPytC9dlsCmN1KRB_Fslw59V3CmR260Gfr2W4hqwhB74XJ16W34dVWf7DYjYPW2Ckf6p6Qb1G8V5fdtH8PTghvW1J6vb86MsjQbW7y50nM8LhRgMW3M79dg8pz-8mW6KkrCn3frT6_W7lQD_-8Zd51HW76j0pw4yPMBDW7m7R5X1p-CMTVxKDrT1G84LJ3gzd1&amp;source=gmail&amp;ust=1689863567511000&amp;usg=AOvVaw1IEflMr73HY06zJ1zzSJdu\">Groupe Robert<\/a>,\u00a0<a href=\"https:\/\/info.cargo-montreal.ca\/e3t\/Ctc\/ZU+113\/d11nbd04\/VWhMbb1-W8DgW2Lbpsc4p856jVXkGBG518Sw2N7bK2-y3lLB3V1-WJV7CgWhnW8XD2wl5vjqQwW5Dh4Yv5zpDJzW4tZYdD2v4r25W5JVNnH637SFzW5GtxSl5Vmp73W25n3cT31lhVsW6y7P9y71b7h2W596_PT2SmPKdVMnZHX9lXbQQVztDLR6hG6fTW3hL4jy5wjNJmN2dV7X6xxl5PW769Ly766b5JRW3Fchd46WQ7JjW6N3N9_2KLvFTW2PprJt31RtwmW7-g-lM4RlqNvW7L96BN4LzNjrVJ8y031vdNTxW1Kn_c67wSKz13cPZ1\" target=\"_blank\" rel=\"noopener\" data-saferedirecturl=\"https:\/\/www.google.com\/url?q=https:\/\/info.cargo-montreal.ca\/e3t\/Ctc\/ZU%2B113\/d11nbd04\/VWhMbb1-W8DgW2Lbpsc4p856jVXkGBG518Sw2N7bK2-y3lLB3V1-WJV7CgWhnW8XD2wl5vjqQwW5Dh4Yv5zpDJzW4tZYdD2v4r25W5JVNnH637SFzW5GtxSl5Vmp73W25n3cT31lhVsW6y7P9y71b7h2W596_PT2SmPKdVMnZHX9lXbQQVztDLR6hG6fTW3hL4jy5wjNJmN2dV7X6xxl5PW769Ly766b5JRW3Fchd46WQ7JjW6N3N9_2KLvFTW2PprJt31RtwmW7-g-lM4RlqNvW7L96BN4LzNjrVJ8y031vdNTxW1Kn_c67wSKz13cPZ1&amp;source=gmail&amp;ust=1689863567511000&amp;usg=AOvVaw2KHOTg5qU0DGlHO0qnrA1O\">GT Group<\/a>\u00a0et\u00a0<a href=\"https:\/\/info.cargo-montreal.ca\/e3t\/Ctc\/ZU+113\/d11nbd04\/VWhMbb1-W8DgW2Lbpsc4p856jVXkGBG518Sw2N7bK2-y3lLB3V1-WJV7CgzTRW37ykbZ3B0qBJN1B_f49VJqJJN2pPVNMC4VfPW376W3S7tNLbRN8GvV-Ywr8Z8W5bvzvn63zmdSVf4dP16Kp4XnW1rkxH21G99vwW1nw6r57BsXVLW24bbdh6mzL4sW3hWXLM3W56jrW5DZrkG907G7PW34Wr_p8XnvQ7W4b24ty3_cSDpVPzny55XzwxBN4fCy9HLscnNW3CkQT_2BbKZ6W6N2pKl8gTSx0W7fNTbn28p1ZwN94b5-HmHnZM3qcM1\" target=\"_blank\" rel=\"noopener\" data-saferedirecturl=\"https:\/\/www.google.com\/url?q=https:\/\/info.cargo-montreal.ca\/e3t\/Ctc\/ZU%2B113\/d11nbd04\/VWhMbb1-W8DgW2Lbpsc4p856jVXkGBG518Sw2N7bK2-y3lLB3V1-WJV7CgzTRW37ykbZ3B0qBJN1B_f49VJqJJN2pPVNMC4VfPW376W3S7tNLbRN8GvV-Ywr8Z8W5bvzvn63zmdSVf4dP16Kp4XnW1rkxH21G99vwW1nw6r57BsXVLW24bbdh6mzL4sW3hWXLM3W56jrW5DZrkG907G7PW34Wr_p8XnvQ7W4b24ty3_cSDpVPzny55XzwxBN4fCy9HLscnNW3CkQT_2BbKZ6W6N2pKl8gTSx0W7fNTbn28p1ZwN94b5-HmHnZM3qcM1&amp;source=gmail&amp;ust=1689863567512000&amp;usg=AOvVaw30ee0lsTZMZX8kBg00haU6\">Simard Transport<\/a>.<\/p>\r\n<p align=\"justify\">Tous les outils \u00e9tant d\u00e9j\u00e0 d\u00e9velopp\u00e9s (site Web, d\u00e9pliants, mat\u00e9riel promotionnel, etc.), CargoM souhaite poursuivre les activit\u00e9s du PIPC en continuant d\u2019organiser des journ\u00e9es d\u2019immersion \u00e0 Montr\u00e9al, dans le reste du Qu\u00e9bec, et possiblement l\u2019adapter \u00e0 d\u2019autres secteurs de notre industrie, notamment le maritime.<\/p>\r\n<p align=\"justify\">Pour en savoir plus sur le Programme d&rsquo;immersion professionnelle en camionnage (PIPC), contactez Yves Murray, Charg\u00e9 de projets :\u00a0<a href=\"mailto:ymurray@cargo-montral.ca\" target=\"_blank\" rel=\"noopener\">ymurray@cargo-montral.ca<\/a><\/p>","protected":false},"excerpt":{"rendered":"CargoM a tenu, le 20 juin dernier, sa derni\u00e8re journ\u00e9e d\u2019immersion en camionnage. D\u00e9velopp\u00e9 en collaboration avec\u00a0Camo-Route\u00a0et le\u00a0Centre de formation du transport routier de St-J\u00e9r\u00f4me (CFRT), le Programme d\u2019immersion professionnelle en camionnage (PIPC) a \u00e9t\u00e9 rendu possible gr\u00e2ce \u00e0 la contribution financi\u00e8re de Conseil emploi m\u00e9tropole. Rappelons que le PIPC consiste en une journ\u00e9e d\u2019immersion [&hellip;]","protected":false},"author":39,"featured_media":15188,"comment_status":"closed","ping_status":"closed","sticky":false,"template":"","format":"standard","meta":{"_acf_changed":false,"footnotes":""},"categories":[20],"tags":[],"class_list":["post-15191","post","type-post","status-publish","format-standard","has-post-thumbnail","hentry","category-services-logistiques"],"acf":[],"yoast_head":"<!-- This site is optimized with the Yoast SEO plugin v27.3 - https:\/\/yoast.com\/product\/yoast-seo-wordpress\/ -->\n<title>Derni\u00e8re journ\u00e9e d\u2019immersion en camionnage pour cette premi\u00e8re mouture du PIPC - CargoM<\/title>\n<meta name=\"robots\" content=\"index, follow, max-snippet:-1, max-image-preview:large, max-video-preview:-1\" \/>\n<link rel=\"canonical\" href=\"https:\/\/www.cargo-montreal.ca\/fr\/nouvelles-de-la-grappe-5\/\" \/>\n<meta property=\"og:locale\" content=\"fr_FR\" \/>\n<meta property=\"og:type\" content=\"article\" \/>\n<meta property=\"og:title\" content=\"Derni\u00e8re journ\u00e9e d\u2019immersion en camionnage pour cette premi\u00e8re mouture du PIPC - CargoM\" \/>\n<meta property=\"og:description\" content=\"CargoM a tenu, le 20 juin dernier, sa derni\u00e8re journ\u00e9e d\u2019immersion en camionnage. D\u00e9velopp\u00e9 en collaboration avec\u00a0Camo-Route\u00a0et le\u00a0Centre de formation du transport routier de St-J\u00e9r\u00f4me (CFRT), le Programme d\u2019immersion professionnelle en camionnage (PIPC) a \u00e9t\u00e9 rendu possible gr\u00e2ce \u00e0 la contribution financi\u00e8re de Conseil emploi m\u00e9tropole. Rappelons que le PIPC consiste en une journ\u00e9e d\u2019immersion [&hellip;]\" \/>\n<meta property=\"og:url\" content=\"https:\/\/www.cargo-montreal.ca\/fr\/nouvelles-de-la-grappe-5\/\" \/>\n<meta property=\"og:site_name\" content=\"CargoM\" \/>\n<meta property=\"article:published_time\" content=\"2023-07-19T15:55:18+00:00\" \/>\n<meta property=\"article:modified_time\" content=\"2023-07-19T17:12:19+00:00\" \/>\n<meta property=\"og:image\" content=\"https:\/\/www.cargo-montreal.ca\/wp-content\/uploads\/2023\/07\/PIP-GTGroup.jpg\" \/>\n\t<meta property=\"og:image:width\" content=\"2016\" \/>\n\t<meta property=\"og:image:height\" content=\"1512\" \/>\n\t<meta property=\"og:image:type\" content=\"image\/jpeg\" \/>\n<meta name=\"author\" content=\"Karine Dudognon\" \/>\n<meta name=\"twitter:card\" content=\"summary_large_image\" \/>\n<meta name=\"twitter:label1\" content=\"\u00c9crit par\" \/>\n\t<meta name=\"twitter:data1\" content=\"Karine Dudognon\" \/>\n\t<meta name=\"twitter:label2\" content=\"Dur\u00e9e de lecture estim\u00e9e\" \/>\n\t<meta name=\"twitter:data2\" content=\"1 minute\" \/>\n<script type=\"application\/ld+json\" class=\"yoast-schema-graph\">{\"@context\":\"https:\\\/\\\/schema.org\",\"@graph\":[{\"@type\":\"Article\",\"@id\":\"https:\\\/\\\/www.cargo-montreal.ca\\\/fr\\\/nouvelles-de-la-grappe-5\\\/#article\",\"isPartOf\":{\"@id\":\"https:\\\/\\\/www.cargo-montreal.ca\\\/fr\\\/nouvelles-de-la-grappe-5\\\/\"},\"author\":{\"name\":\"Karine Dudognon\",\"@id\":\"https:\\\/\\\/www.cargo-montreal.ca\\\/fr\\\/#\\\/schema\\\/person\\\/80476d173ce654813db9fd1533901365\"},\"headline\":\"Derni\u00e8re journ\u00e9e d\u2019immersion en camionnage pour cette premi\u00e8re mouture du PIPC\",\"datePublished\":\"2023-07-19T15:55:18+00:00\",\"dateModified\":\"2023-07-19T17:12:19+00:00\",\"mainEntityOfPage\":{\"@id\":\"https:\\\/\\\/www.cargo-montreal.ca\\\/fr\\\/nouvelles-de-la-grappe-5\\\/\"},\"wordCount\":247,\"image\":{\"@id\":\"https:\\\/\\\/www.cargo-montreal.ca\\\/fr\\\/nouvelles-de-la-grappe-5\\\/#primaryimage\"},\"thumbnailUrl\":\"https:\\\/\\\/www.cargo-montreal.ca\\\/wp-content\\\/uploads\\\/2023\\\/07\\\/PIP-GTGroup.jpg\",\"articleSection\":[\"Services logistiques\"],\"inLanguage\":\"fr-FR\"},{\"@type\":\"WebPage\",\"@id\":\"https:\\\/\\\/www.cargo-montreal.ca\\\/fr\\\/nouvelles-de-la-grappe-5\\\/\",\"url\":\"https:\\\/\\\/www.cargo-montreal.ca\\\/fr\\\/nouvelles-de-la-grappe-5\\\/\",\"name\":\"Derni\u00e8re journ\u00e9e d\u2019immersion en camionnage pour cette premi\u00e8re mouture du PIPC - CargoM\",\"isPartOf\":{\"@id\":\"https:\\\/\\\/www.cargo-montreal.ca\\\/fr\\\/#website\"},\"primaryImageOfPage\":{\"@id\":\"https:\\\/\\\/www.cargo-montreal.ca\\\/fr\\\/nouvelles-de-la-grappe-5\\\/#primaryimage\"},\"image\":{\"@id\":\"https:\\\/\\\/www.cargo-montreal.ca\\\/fr\\\/nouvelles-de-la-grappe-5\\\/#primaryimage\"},\"thumbnailUrl\":\"https:\\\/\\\/www.cargo-montreal.ca\\\/wp-content\\\/uploads\\\/2023\\\/07\\\/PIP-GTGroup.jpg\",\"datePublished\":\"2023-07-19T15:55:18+00:00\",\"dateModified\":\"2023-07-19T17:12:19+00:00\",\"author\":{\"@id\":\"https:\\\/\\\/www.cargo-montreal.ca\\\/fr\\\/#\\\/schema\\\/person\\\/80476d173ce654813db9fd1533901365\"},\"breadcrumb\":{\"@id\":\"https:\\\/\\\/www.cargo-montreal.ca\\\/fr\\\/nouvelles-de-la-grappe-5\\\/#breadcrumb\"},\"inLanguage\":\"fr-FR\",\"potentialAction\":[{\"@type\":\"ReadAction\",\"target\":[\"https:\\\/\\\/www.cargo-montreal.ca\\\/fr\\\/nouvelles-de-la-grappe-5\\\/\"]}]},{\"@type\":\"ImageObject\",\"inLanguage\":\"fr-FR\",\"@id\":\"https:\\\/\\\/www.cargo-montreal.ca\\\/fr\\\/nouvelles-de-la-grappe-5\\\/#primaryimage\",\"url\":\"https:\\\/\\\/www.cargo-montreal.ca\\\/wp-content\\\/uploads\\\/2023\\\/07\\\/PIP-GTGroup.jpg\",\"contentUrl\":\"https:\\\/\\\/www.cargo-montreal.ca\\\/wp-content\\\/uploads\\\/2023\\\/07\\\/PIP-GTGroup.jpg\",\"width\":2016,\"height\":1512},{\"@type\":\"BreadcrumbList\",\"@id\":\"https:\\\/\\\/www.cargo-montreal.ca\\\/fr\\\/nouvelles-de-la-grappe-5\\\/#breadcrumb\",\"itemListElement\":[{\"@type\":\"ListItem\",\"position\":1,\"name\":\"Home\",\"item\":\"https:\\\/\\\/www.cargo-montreal.ca\\\/fr\\\/\"},{\"@type\":\"ListItem\",\"position\":2,\"name\":\"Derni\u00e8re journ\u00e9e d\u2019immersion en camionnage pour cette premi\u00e8re mouture du PIPC\"}]},{\"@type\":\"WebSite\",\"@id\":\"https:\\\/\\\/www.cargo-montreal.ca\\\/fr\\\/#website\",\"url\":\"https:\\\/\\\/www.cargo-montreal.ca\\\/fr\\\/\",\"name\":\"CargoM\",\"description\":\"La mission de CargoM: Rassembler les acteurs de la logistique &amp; du transport de marchandises du Grand Montr\u00e9al autour d&#039;objectifs communs, d&#039;actions concert\u00e9es\",\"potentialAction\":[{\"@type\":\"SearchAction\",\"target\":{\"@type\":\"EntryPoint\",\"urlTemplate\":\"https:\\\/\\\/www.cargo-montreal.ca\\\/fr\\\/?s={search_term_string}\"},\"query-input\":{\"@type\":\"PropertyValueSpecification\",\"valueRequired\":true,\"valueName\":\"search_term_string\"}}],\"inLanguage\":\"fr-FR\"},{\"@type\":\"Person\",\"@id\":\"https:\\\/\\\/www.cargo-montreal.ca\\\/fr\\\/#\\\/schema\\\/person\\\/80476d173ce654813db9fd1533901365\",\"name\":\"Karine Dudognon\",\"image\":{\"@type\":\"ImageObject\",\"inLanguage\":\"fr-FR\",\"@id\":\"https:\\\/\\\/secure.gravatar.com\\\/avatar\\\/673bdfb703a9b6685a88bc7dfb04a9ea2b48b30e9d1663a5e759a4e9bfa3e2c0?s=96&d=mm&r=g\",\"url\":\"https:\\\/\\\/secure.gravatar.com\\\/avatar\\\/673bdfb703a9b6685a88bc7dfb04a9ea2b48b30e9d1663a5e759a4e9bfa3e2c0?s=96&d=mm&r=g\",\"contentUrl\":\"https:\\\/\\\/secure.gravatar.com\\\/avatar\\\/673bdfb703a9b6685a88bc7dfb04a9ea2b48b30e9d1663a5e759a4e9bfa3e2c0?s=96&d=mm&r=g\",\"caption\":\"Karine Dudognon\"},\"url\":\"https:\\\/\\\/www.cargo-montreal.ca\\\/fr\\\/author\\\/karine\\\/\"}]}<\/script>\n<!-- \/ Yoast SEO plugin. -->","yoast_head_json":{"title":"Derni\u00e8re journ\u00e9e d\u2019immersion en camionnage pour cette premi\u00e8re mouture du PIPC - CargoM","robots":{"index":"index","follow":"follow","max-snippet":"max-snippet:-1","max-image-preview":"max-image-preview:large","max-video-preview":"max-video-preview:-1"},"canonical":"https:\/\/www.cargo-montreal.ca\/fr\/nouvelles-de-la-grappe-5\/","og_locale":"fr_FR","og_type":"article","og_title":"Derni\u00e8re journ\u00e9e d\u2019immersion en camionnage pour cette premi\u00e8re mouture du PIPC - CargoM","og_description":"CargoM a tenu, le 20 juin dernier, sa derni\u00e8re journ\u00e9e d\u2019immersion en camionnage. D\u00e9velopp\u00e9 en collaboration avec\u00a0Camo-Route\u00a0et le\u00a0Centre de formation du transport routier de St-J\u00e9r\u00f4me (CFRT), le Programme d\u2019immersion professionnelle en camionnage (PIPC) a \u00e9t\u00e9 rendu possible gr\u00e2ce \u00e0 la contribution financi\u00e8re de Conseil emploi m\u00e9tropole. Rappelons que le PIPC consiste en une journ\u00e9e d\u2019immersion [&hellip;]","og_url":"https:\/\/www.cargo-montreal.ca\/fr\/nouvelles-de-la-grappe-5\/","og_site_name":"CargoM","article_published_time":"2023-07-19T15:55:18+00:00","article_modified_time":"2023-07-19T17:12:19+00:00","og_image":[{"width":2016,"height":1512,"url":"https:\/\/www.cargo-montreal.ca\/wp-content\/uploads\/2023\/07\/PIP-GTGroup.jpg","type":"image\/jpeg"}],"author":"Karine Dudognon","twitter_card":"summary_large_image","twitter_misc":{"\u00c9crit par":"Karine Dudognon","Dur\u00e9e de lecture estim\u00e9e":"1 minute"},"schema":{"@context":"https:\/\/schema.org","@graph":[{"@type":"Article","@id":"https:\/\/www.cargo-montreal.ca\/fr\/nouvelles-de-la-grappe-5\/#article","isPartOf":{"@id":"https:\/\/www.cargo-montreal.ca\/fr\/nouvelles-de-la-grappe-5\/"},"author":{"name":"Karine Dudognon","@id":"https:\/\/www.cargo-montreal.ca\/fr\/#\/schema\/person\/80476d173ce654813db9fd1533901365"},"headline":"Derni\u00e8re journ\u00e9e d\u2019immersion en camionnage pour cette premi\u00e8re mouture du PIPC","datePublished":"2023-07-19T15:55:18+00:00","dateModified":"2023-07-19T17:12:19+00:00","mainEntityOfPage":{"@id":"https:\/\/www.cargo-montreal.ca\/fr\/nouvelles-de-la-grappe-5\/"},"wordCount":247,"image":{"@id":"https:\/\/www.cargo-montreal.ca\/fr\/nouvelles-de-la-grappe-5\/#primaryimage"},"thumbnailUrl":"https:\/\/www.cargo-montreal.ca\/wp-content\/uploads\/2023\/07\/PIP-GTGroup.jpg","articleSection":["Services logistiques"],"inLanguage":"fr-FR"},{"@type":"WebPage","@id":"https:\/\/www.cargo-montreal.ca\/fr\/nouvelles-de-la-grappe-5\/","url":"https:\/\/www.cargo-montreal.ca\/fr\/nouvelles-de-la-grappe-5\/","name":"Derni\u00e8re journ\u00e9e d\u2019immersion en camionnage pour cette premi\u00e8re mouture du PIPC - CargoM","isPartOf":{"@id":"https:\/\/www.cargo-montreal.ca\/fr\/#website"},"primaryImageOfPage":{"@id":"https:\/\/www.cargo-montreal.ca\/fr\/nouvelles-de-la-grappe-5\/#primaryimage"},"image":{"@id":"https:\/\/www.cargo-montreal.ca\/fr\/nouvelles-de-la-grappe-5\/#primaryimage"},"thumbnailUrl":"https:\/\/www.cargo-montreal.ca\/wp-content\/uploads\/2023\/07\/PIP-GTGroup.jpg","datePublished":"2023-07-19T15:55:18+00:00","dateModified":"2023-07-19T17:12:19+00:00","author":{"@id":"https:\/\/www.cargo-montreal.ca\/fr\/#\/schema\/person\/80476d173ce654813db9fd1533901365"},"breadcrumb":{"@id":"https:\/\/www.cargo-montreal.ca\/fr\/nouvelles-de-la-grappe-5\/#breadcrumb"},"inLanguage":"fr-FR","potentialAction":[{"@type":"ReadAction","target":["https:\/\/www.cargo-montreal.ca\/fr\/nouvelles-de-la-grappe-5\/"]}]},{"@type":"ImageObject","inLanguage":"fr-FR","@id":"https:\/\/www.cargo-montreal.ca\/fr\/nouvelles-de-la-grappe-5\/#primaryimage","url":"https:\/\/www.cargo-montreal.ca\/wp-content\/uploads\/2023\/07\/PIP-GTGroup.jpg","contentUrl":"https:\/\/www.cargo-montreal.ca\/wp-content\/uploads\/2023\/07\/PIP-GTGroup.jpg","width":2016,"height":1512},{"@type":"BreadcrumbList","@id":"https:\/\/www.cargo-montreal.ca\/fr\/nouvelles-de-la-grappe-5\/#breadcrumb","itemListElement":[{"@type":"ListItem","position":1,"name":"Home","item":"https:\/\/www.cargo-montreal.ca\/fr\/"},{"@type":"ListItem","position":2,"name":"Derni\u00e8re journ\u00e9e d\u2019immersion en camionnage pour cette premi\u00e8re mouture du PIPC"}]},{"@type":"WebSite","@id":"https:\/\/www.cargo-montreal.ca\/fr\/#website","url":"https:\/\/www.cargo-montreal.ca\/fr\/","name":"CargoM","description":"La mission de CargoM: Rassembler les acteurs de la logistique &amp; du transport de marchandises du Grand Montr\u00e9al autour d&#039;objectifs communs, d&#039;actions concert\u00e9es","potentialAction":[{"@type":"SearchAction","target":{"@type":"EntryPoint","urlTemplate":"https:\/\/www.cargo-montreal.ca\/fr\/?s={search_term_string}"},"query-input":{"@type":"PropertyValueSpecification","valueRequired":true,"valueName":"search_term_string"}}],"inLanguage":"fr-FR"},{"@type":"Person","@id":"https:\/\/www.cargo-montreal.ca\/fr\/#\/schema\/person\/80476d173ce654813db9fd1533901365","name":"Karine Dudognon","image":{"@type":"ImageObject","inLanguage":"fr-FR","@id":"https:\/\/secure.gravatar.com\/avatar\/673bdfb703a9b6685a88bc7dfb04a9ea2b48b30e9d1663a5e759a4e9bfa3e2c0?s=96&d=mm&r=g","url":"https:\/\/secure.gravatar.com\/avatar\/673bdfb703a9b6685a88bc7dfb04a9ea2b48b30e9d1663a5e759a4e9bfa3e2c0?s=96&d=mm&r=g","contentUrl":"https:\/\/secure.gravatar.com\/avatar\/673bdfb703a9b6685a88bc7dfb04a9ea2b48b30e9d1663a5e759a4e9bfa3e2c0?s=96&d=mm&r=g","caption":"Karine Dudognon"},"url":"https:\/\/www.cargo-montreal.ca\/fr\/author\/karine\/"}]}},"_links":{"self":[{"href":"https:\/\/www.cargo-montreal.ca\/fr\/wp-json\/wp\/v2\/posts\/15191","targetHints":{"allow":["GET"]}}],"collection":[{"href":"https:\/\/www.cargo-montreal.ca\/fr\/wp-json\/wp\/v2\/posts"}],"about":[{"href":"https:\/\/www.cargo-montreal.ca\/fr\/wp-json\/wp\/v2\/types\/post"}],"author":[{"embeddable":true,"href":"https:\/\/www.cargo-montreal.ca\/fr\/wp-json\/wp\/v2\/users\/39"}],"replies":[{"embeddable":true,"href":"https:\/\/www.cargo-montreal.ca\/fr\/wp-json\/wp\/v2\/comments?post=15191"}],"version-history":[{"count":6,"href":"https:\/\/www.cargo-montreal.ca\/fr\/wp-json\/wp\/v2\/posts\/15191\/revisions"}],"predecessor-version":[{"id":15223,"href":"https:\/\/www.cargo-montreal.ca\/fr\/wp-json\/wp\/v2\/posts\/15191\/revisions\/15223"}],"wp:featuredmedia":[{"embeddable":true,"href":"https:\/\/www.cargo-montreal.ca\/fr\/wp-json\/wp\/v2\/media\/15188"}],"wp:attachment":[{"href":"https:\/\/www.cargo-montreal.ca\/fr\/wp-json\/wp\/v2\/media?parent=15191"}],"wp:term":[{"taxonomy":"category","embeddable":true,"href":"https:\/\/www.cargo-montreal.ca\/fr\/wp-json\/wp\/v2\/categories?post=15191"},{"taxonomy":"post_tag","embeddable":true,"href":"https:\/\/www.cargo-montreal.ca\/fr\/wp-json\/wp\/v2\/tags?post=15191"}],"curies":[{"name":"wp","href":"https:\/\/api.w.org\/{rel}","templated":true}]}}