{"id":15216,"date":"2023-07-19T16:18:08","date_gmt":"2023-07-19T16:18:08","guid":{"rendered":"https:\/\/www.cargo-montreal.ca\/?p=15216"},"modified":"2023-07-19T17:31:11","modified_gmt":"2023-07-19T17:31:11","slug":"table-ronde-dans-le-cadre-de-la-inland-distribution-conference-de-journal-of-commerce-joc","status":"publish","type":"post","link":"https:\/\/www.cargo-montreal.ca\/fr\/table-ronde-dans-le-cadre-de-la-inland-distribution-conference-de-journal-of-commerce-joc\/","title":{"rendered":"Table ronde dans le cadre de la Inland Distribution Conference de Journal of Commerce (JOC)"},"content":{"rendered":"<p align=\"justify\">CargoM invite ses membres et partenaires, qui seront pr\u00e9sents \u00e0 Chicago dans le cadre de la\u00a0<a href=\"https:\/\/events.joc.com\/inland\/index.html?utm_campaign=Inland23&amp;utm_term=joc%20inland%20distribution%20conference&amp;utm_network=g&amp;device=c&amp;matchtype=p&amp;gclid=Cj0KCQjwnrmlBhDHARIsADJ5b_l2wYhBr5RSUPyEtmjK89FzxaoP3srOEEymzI3rT8fj91c23HloJQMaAgFEEALw_wcB&amp;utm_source=hs_email&amp;utm_medium=email&amp;_hsenc=p2ANqtz-_p71YLapHdVpCeW7Tc1wJLktzrOjFrBtlWEBAbDapZH0igqhT38sgTVJEur_cjdBAHWrMc\" target=\"_blank\" rel=\"noopener\" data-hs-link-id=\"0\">Inland Distribution Conference<\/a>\u00a0de JOC du 25 au 27 septembre prochains, \u00e0 participer \u00e0 une table ronde organis\u00e9e en partenariat avec la\u00a0<a href=\"https:\/\/www.quebec.ca\/gouvernement\/ministere\/relations-internationales\/representations-etranger\/delegation-quebec-chicago?utm_source=hs_email&amp;utm_medium=email&amp;_hsenc=p2ANqtz-_p71YLapHdVpCeW7Tc1wJLktzrOjFrBtlWEBAbDapZH0igqhT38sgTVJEur_cjdBAHWrMc\" target=\"_blank\" rel=\"noopener\" data-hs-link-id=\"0\">D\u00e9l\u00e9gation du Qu\u00e9bec \u00e0 Chicago<\/a>\u00a0et l\u2019<a href=\"https:\/\/www.port-montreal.com\/fr\/?utm_source=hs_email&amp;utm_medium=email&amp;_hsenc=p2ANqtz-_p71YLapHdVpCeW7Tc1wJLktzrOjFrBtlWEBAbDapZH0igqhT38sgTVJEur_cjdBAHWrMc\" target=\"_blank\" rel=\"noopener\" data-hs-link-id=\"1\">Administration portuaire de Montr\u00e9al<\/a>.<\/p>\r\n<p align=\"justify\">La table ronde aura lieu le 25 septembre d\u00e8s 14 h 30. En pr\u00e9sence de nos invit\u00e9s, la\u00a0<a href=\"https:\/\/www.facc-chicago.com\/?utm_source=hs_email&amp;utm_medium=email&amp;_hsenc=p2ANqtz-_p71YLapHdVpCeW7Tc1wJLktzrOjFrBtlWEBAbDapZH0igqhT38sgTVJEur_cjdBAHWrMc\" target=\"_blank\" rel=\"noopener\" data-hs-link-id=\"0\">Chambre de commerce Franco-Am\u00e9ricaine &#8211; Chicago<\/a>\u00a0et\u00a0<a href=\"https:\/\/worldbusinesschicago.com\/?utm_source=hs_email&amp;utm_medium=email&amp;_hsenc=p2ANqtz-_p71YLapHdVpCeW7Tc1wJLktzrOjFrBtlWEBAbDapZH0igqhT38sgTVJEur_cjdBAHWrMc\" target=\"_blank\" rel=\"noopener\" data-hs-link-id=\"0\">World Business Chicago<\/a>,\u00a0nous discuterons de collaboration et d\u2019opportunit\u00e9s d\u2019affaires.<\/p>\r\n<p align=\"justify\">Pour plus d\u2019informations, veuillez contacter M. Mathieu Charbonneau \u00e0 l\u2019adresse suivante\u00a0:\u00a0<a href=\"mailto:mcharbonneau@cargo-montreal.ca\" target=\"_blank\" rel=\"noopener\" data-hs-link-id=\"0\">mcharbonneau@cargo-montreal.ca<\/a>.<\/p>","protected":false},"excerpt":{"rendered":"CargoM invite ses membres et partenaires, qui seront pr\u00e9sents \u00e0 Chicago dans le cadre de la\u00a0Inland Distribution Conference\u00a0de JOC du 25 au 27 septembre prochains, \u00e0 participer \u00e0 une table ronde organis\u00e9e en partenariat avec la\u00a0D\u00e9l\u00e9gation du Qu\u00e9bec \u00e0 Chicago\u00a0et l\u2019Administration portuaire de Montr\u00e9al. La table ronde aura lieu le 25 septembre d\u00e8s 14 h [&hellip;]","protected":false},"author":39,"featured_media":15176,"comment_status":"closed","ping_status":"closed","sticky":false,"template":"","format":"standard","meta":{"_acf_changed":false,"footnotes":""},"categories":[20],"tags":[],"class_list":["post-15216","post","type-post","status-publish","format-standard","has-post-thumbnail","hentry","category-services-logistiques"],"acf":[],"yoast_head":"<!-- This site is optimized with the Yoast SEO plugin v27.3 - https:\/\/yoast.com\/product\/yoast-seo-wordpress\/ -->\n<title>Table ronde dans le cadre de la Inland Distribution Conference de Journal of Commerce (JOC) - CargoM<\/title>\n<meta name=\"robots\" content=\"index, follow, max-snippet:-1, max-image-preview:large, max-video-preview:-1\" \/>\n<link rel=\"canonical\" href=\"https:\/\/www.cargo-montreal.ca\/fr\/table-ronde-dans-le-cadre-de-la-inland-distribution-conference-de-journal-of-commerce-joc\/\" \/>\n<meta property=\"og:locale\" content=\"fr_FR\" \/>\n<meta property=\"og:type\" content=\"article\" \/>\n<meta property=\"og:title\" content=\"Table ronde dans le cadre de la Inland Distribution Conference de Journal of Commerce (JOC) - CargoM\" \/>\n<meta property=\"og:description\" content=\"CargoM invite ses membres et partenaires, qui seront pr\u00e9sents \u00e0 Chicago dans le cadre de la\u00a0Inland Distribution Conference\u00a0de JOC du 25 au 27 septembre prochains, \u00e0 participer \u00e0 une table ronde organis\u00e9e en partenariat avec la\u00a0D\u00e9l\u00e9gation du Qu\u00e9bec \u00e0 Chicago\u00a0et l\u2019Administration portuaire de Montr\u00e9al. La table ronde aura lieu le 25 septembre d\u00e8s 14 h [&hellip;]\" \/>\n<meta property=\"og:url\" content=\"https:\/\/www.cargo-montreal.ca\/fr\/table-ronde-dans-le-cadre-de-la-inland-distribution-conference-de-journal-of-commerce-joc\/\" \/>\n<meta property=\"og:site_name\" content=\"CargoM\" \/>\n<meta property=\"article:published_time\" content=\"2023-07-19T16:18:08+00:00\" \/>\n<meta property=\"article:modified_time\" content=\"2023-07-19T17:31:11+00:00\" \/>\n<meta property=\"og:image\" content=\"https:\/\/www.cargo-montreal.ca\/wp-content\/uploads\/2023\/07\/Chicago.jpg\" \/>\n\t<meta property=\"og:image:width\" content=\"1057\" \/>\n\t<meta property=\"og:image:height\" content=\"726\" \/>\n\t<meta property=\"og:image:type\" content=\"image\/jpeg\" \/>\n<meta name=\"author\" content=\"Karine Dudognon\" \/>\n<meta name=\"twitter:card\" content=\"summary_large_image\" \/>\n<meta name=\"twitter:label1\" content=\"\u00c9crit par\" \/>\n\t<meta name=\"twitter:data1\" content=\"Karine Dudognon\" \/>\n\t<meta name=\"twitter:label2\" content=\"Dur\u00e9e de lecture estim\u00e9e\" \/>\n\t<meta name=\"twitter:data2\" content=\"1 minute\" \/>\n<script type=\"application\/ld+json\" class=\"yoast-schema-graph\">{\"@context\":\"https:\\\/\\\/schema.org\",\"@graph\":[{\"@type\":\"Article\",\"@id\":\"https:\\\/\\\/www.cargo-montreal.ca\\\/fr\\\/table-ronde-dans-le-cadre-de-la-inland-distribution-conference-de-journal-of-commerce-joc\\\/#article\",\"isPartOf\":{\"@id\":\"https:\\\/\\\/www.cargo-montreal.ca\\\/fr\\\/table-ronde-dans-le-cadre-de-la-inland-distribution-conference-de-journal-of-commerce-joc\\\/\"},\"author\":{\"name\":\"Karine Dudognon\",\"@id\":\"https:\\\/\\\/www.cargo-montreal.ca\\\/fr\\\/#\\\/schema\\\/person\\\/80476d173ce654813db9fd1533901365\"},\"headline\":\"Table ronde dans le cadre de la Inland Distribution Conference de Journal of Commerce (JOC)\",\"datePublished\":\"2023-07-19T16:18:08+00:00\",\"dateModified\":\"2023-07-19T17:31:11+00:00\",\"mainEntityOfPage\":{\"@id\":\"https:\\\/\\\/www.cargo-montreal.ca\\\/fr\\\/table-ronde-dans-le-cadre-de-la-inland-distribution-conference-de-journal-of-commerce-joc\\\/\"},\"wordCount\":118,\"image\":{\"@id\":\"https:\\\/\\\/www.cargo-montreal.ca\\\/fr\\\/table-ronde-dans-le-cadre-de-la-inland-distribution-conference-de-journal-of-commerce-joc\\\/#primaryimage\"},\"thumbnailUrl\":\"https:\\\/\\\/www.cargo-montreal.ca\\\/wp-content\\\/uploads\\\/2023\\\/07\\\/Chicago.jpg\",\"articleSection\":[\"Services logistiques\"],\"inLanguage\":\"fr-FR\"},{\"@type\":\"WebPage\",\"@id\":\"https:\\\/\\\/www.cargo-montreal.ca\\\/fr\\\/table-ronde-dans-le-cadre-de-la-inland-distribution-conference-de-journal-of-commerce-joc\\\/\",\"url\":\"https:\\\/\\\/www.cargo-montreal.ca\\\/fr\\\/table-ronde-dans-le-cadre-de-la-inland-distribution-conference-de-journal-of-commerce-joc\\\/\",\"name\":\"Table ronde dans le cadre de la Inland Distribution Conference de Journal of Commerce (JOC) - CargoM\",\"isPartOf\":{\"@id\":\"https:\\\/\\\/www.cargo-montreal.ca\\\/fr\\\/#website\"},\"primaryImageOfPage\":{\"@id\":\"https:\\\/\\\/www.cargo-montreal.ca\\\/fr\\\/table-ronde-dans-le-cadre-de-la-inland-distribution-conference-de-journal-of-commerce-joc\\\/#primaryimage\"},\"image\":{\"@id\":\"https:\\\/\\\/www.cargo-montreal.ca\\\/fr\\\/table-ronde-dans-le-cadre-de-la-inland-distribution-conference-de-journal-of-commerce-joc\\\/#primaryimage\"},\"thumbnailUrl\":\"https:\\\/\\\/www.cargo-montreal.ca\\\/wp-content\\\/uploads\\\/2023\\\/07\\\/Chicago.jpg\",\"datePublished\":\"2023-07-19T16:18:08+00:00\",\"dateModified\":\"2023-07-19T17:31:11+00:00\",\"author\":{\"@id\":\"https:\\\/\\\/www.cargo-montreal.ca\\\/fr\\\/#\\\/schema\\\/person\\\/80476d173ce654813db9fd1533901365\"},\"breadcrumb\":{\"@id\":\"https:\\\/\\\/www.cargo-montreal.ca\\\/fr\\\/table-ronde-dans-le-cadre-de-la-inland-distribution-conference-de-journal-of-commerce-joc\\\/#breadcrumb\"},\"inLanguage\":\"fr-FR\",\"potentialAction\":[{\"@type\":\"ReadAction\",\"target\":[\"https:\\\/\\\/www.cargo-montreal.ca\\\/fr\\\/table-ronde-dans-le-cadre-de-la-inland-distribution-conference-de-journal-of-commerce-joc\\\/\"]}]},{\"@type\":\"ImageObject\",\"inLanguage\":\"fr-FR\",\"@id\":\"https:\\\/\\\/www.cargo-montreal.ca\\\/fr\\\/table-ronde-dans-le-cadre-de-la-inland-distribution-conference-de-journal-of-commerce-joc\\\/#primaryimage\",\"url\":\"https:\\\/\\\/www.cargo-montreal.ca\\\/wp-content\\\/uploads\\\/2023\\\/07\\\/Chicago.jpg\",\"contentUrl\":\"https:\\\/\\\/www.cargo-montreal.ca\\\/wp-content\\\/uploads\\\/2023\\\/07\\\/Chicago.jpg\",\"width\":1057,\"height\":726},{\"@type\":\"BreadcrumbList\",\"@id\":\"https:\\\/\\\/www.cargo-montreal.ca\\\/fr\\\/table-ronde-dans-le-cadre-de-la-inland-distribution-conference-de-journal-of-commerce-joc\\\/#breadcrumb\",\"itemListElement\":[{\"@type\":\"ListItem\",\"position\":1,\"name\":\"Home\",\"item\":\"https:\\\/\\\/www.cargo-montreal.ca\\\/fr\\\/\"},{\"@type\":\"ListItem\",\"position\":2,\"name\":\"Table ronde dans le cadre de la Inland Distribution Conference de Journal of Commerce (JOC)\"}]},{\"@type\":\"WebSite\",\"@id\":\"https:\\\/\\\/www.cargo-montreal.ca\\\/fr\\\/#website\",\"url\":\"https:\\\/\\\/www.cargo-montreal.ca\\\/fr\\\/\",\"name\":\"CargoM\",\"description\":\"La mission de CargoM: Rassembler les acteurs de la logistique &amp; du transport de marchandises du Grand Montr\u00e9al autour d&#039;objectifs communs, d&#039;actions concert\u00e9es\",\"potentialAction\":[{\"@type\":\"SearchAction\",\"target\":{\"@type\":\"EntryPoint\",\"urlTemplate\":\"https:\\\/\\\/www.cargo-montreal.ca\\\/fr\\\/?s={search_term_string}\"},\"query-input\":{\"@type\":\"PropertyValueSpecification\",\"valueRequired\":true,\"valueName\":\"search_term_string\"}}],\"inLanguage\":\"fr-FR\"},{\"@type\":\"Person\",\"@id\":\"https:\\\/\\\/www.cargo-montreal.ca\\\/fr\\\/#\\\/schema\\\/person\\\/80476d173ce654813db9fd1533901365\",\"name\":\"Karine Dudognon\",\"image\":{\"@type\":\"ImageObject\",\"inLanguage\":\"fr-FR\",\"@id\":\"https:\\\/\\\/secure.gravatar.com\\\/avatar\\\/673bdfb703a9b6685a88bc7dfb04a9ea2b48b30e9d1663a5e759a4e9bfa3e2c0?s=96&d=mm&r=g\",\"url\":\"https:\\\/\\\/secure.gravatar.com\\\/avatar\\\/673bdfb703a9b6685a88bc7dfb04a9ea2b48b30e9d1663a5e759a4e9bfa3e2c0?s=96&d=mm&r=g\",\"contentUrl\":\"https:\\\/\\\/secure.gravatar.com\\\/avatar\\\/673bdfb703a9b6685a88bc7dfb04a9ea2b48b30e9d1663a5e759a4e9bfa3e2c0?s=96&d=mm&r=g\",\"caption\":\"Karine Dudognon\"},\"url\":\"https:\\\/\\\/www.cargo-montreal.ca\\\/fr\\\/author\\\/karine\\\/\"}]}<\/script>\n<!-- \/ Yoast SEO plugin. -->","yoast_head_json":{"title":"Table ronde dans le cadre de la Inland Distribution Conference de Journal of Commerce (JOC) - CargoM","robots":{"index":"index","follow":"follow","max-snippet":"max-snippet:-1","max-image-preview":"max-image-preview:large","max-video-preview":"max-video-preview:-1"},"canonical":"https:\/\/www.cargo-montreal.ca\/fr\/table-ronde-dans-le-cadre-de-la-inland-distribution-conference-de-journal-of-commerce-joc\/","og_locale":"fr_FR","og_type":"article","og_title":"Table ronde dans le cadre de la Inland Distribution Conference de Journal of Commerce (JOC) - CargoM","og_description":"CargoM invite ses membres et partenaires, qui seront pr\u00e9sents \u00e0 Chicago dans le cadre de la\u00a0Inland Distribution Conference\u00a0de JOC du 25 au 27 septembre prochains, \u00e0 participer \u00e0 une table ronde organis\u00e9e en partenariat avec la\u00a0D\u00e9l\u00e9gation du Qu\u00e9bec \u00e0 Chicago\u00a0et l\u2019Administration portuaire de Montr\u00e9al. La table ronde aura lieu le 25 septembre d\u00e8s 14 h [&hellip;]","og_url":"https:\/\/www.cargo-montreal.ca\/fr\/table-ronde-dans-le-cadre-de-la-inland-distribution-conference-de-journal-of-commerce-joc\/","og_site_name":"CargoM","article_published_time":"2023-07-19T16:18:08+00:00","article_modified_time":"2023-07-19T17:31:11+00:00","og_image":[{"width":1057,"height":726,"url":"https:\/\/www.cargo-montreal.ca\/wp-content\/uploads\/2023\/07\/Chicago.jpg","type":"image\/jpeg"}],"author":"Karine Dudognon","twitter_card":"summary_large_image","twitter_misc":{"\u00c9crit par":"Karine Dudognon","Dur\u00e9e de lecture estim\u00e9e":"1 minute"},"schema":{"@context":"https:\/\/schema.org","@graph":[{"@type":"Article","@id":"https:\/\/www.cargo-montreal.ca\/fr\/table-ronde-dans-le-cadre-de-la-inland-distribution-conference-de-journal-of-commerce-joc\/#article","isPartOf":{"@id":"https:\/\/www.cargo-montreal.ca\/fr\/table-ronde-dans-le-cadre-de-la-inland-distribution-conference-de-journal-of-commerce-joc\/"},"author":{"name":"Karine Dudognon","@id":"https:\/\/www.cargo-montreal.ca\/fr\/#\/schema\/person\/80476d173ce654813db9fd1533901365"},"headline":"Table ronde dans le cadre de la Inland Distribution Conference de Journal of Commerce (JOC)","datePublished":"2023-07-19T16:18:08+00:00","dateModified":"2023-07-19T17:31:11+00:00","mainEntityOfPage":{"@id":"https:\/\/www.cargo-montreal.ca\/fr\/table-ronde-dans-le-cadre-de-la-inland-distribution-conference-de-journal-of-commerce-joc\/"},"wordCount":118,"image":{"@id":"https:\/\/www.cargo-montreal.ca\/fr\/table-ronde-dans-le-cadre-de-la-inland-distribution-conference-de-journal-of-commerce-joc\/#primaryimage"},"thumbnailUrl":"https:\/\/www.cargo-montreal.ca\/wp-content\/uploads\/2023\/07\/Chicago.jpg","articleSection":["Services logistiques"],"inLanguage":"fr-FR"},{"@type":"WebPage","@id":"https:\/\/www.cargo-montreal.ca\/fr\/table-ronde-dans-le-cadre-de-la-inland-distribution-conference-de-journal-of-commerce-joc\/","url":"https:\/\/www.cargo-montreal.ca\/fr\/table-ronde-dans-le-cadre-de-la-inland-distribution-conference-de-journal-of-commerce-joc\/","name":"Table ronde dans le cadre de la Inland Distribution Conference de Journal of Commerce (JOC) - CargoM","isPartOf":{"@id":"https:\/\/www.cargo-montreal.ca\/fr\/#website"},"primaryImageOfPage":{"@id":"https:\/\/www.cargo-montreal.ca\/fr\/table-ronde-dans-le-cadre-de-la-inland-distribution-conference-de-journal-of-commerce-joc\/#primaryimage"},"image":{"@id":"https:\/\/www.cargo-montreal.ca\/fr\/table-ronde-dans-le-cadre-de-la-inland-distribution-conference-de-journal-of-commerce-joc\/#primaryimage"},"thumbnailUrl":"https:\/\/www.cargo-montreal.ca\/wp-content\/uploads\/2023\/07\/Chicago.jpg","datePublished":"2023-07-19T16:18:08+00:00","dateModified":"2023-07-19T17:31:11+00:00","author":{"@id":"https:\/\/www.cargo-montreal.ca\/fr\/#\/schema\/person\/80476d173ce654813db9fd1533901365"},"breadcrumb":{"@id":"https:\/\/www.cargo-montreal.ca\/fr\/table-ronde-dans-le-cadre-de-la-inland-distribution-conference-de-journal-of-commerce-joc\/#breadcrumb"},"inLanguage":"fr-FR","potentialAction":[{"@type":"ReadAction","target":["https:\/\/www.cargo-montreal.ca\/fr\/table-ronde-dans-le-cadre-de-la-inland-distribution-conference-de-journal-of-commerce-joc\/"]}]},{"@type":"ImageObject","inLanguage":"fr-FR","@id":"https:\/\/www.cargo-montreal.ca\/fr\/table-ronde-dans-le-cadre-de-la-inland-distribution-conference-de-journal-of-commerce-joc\/#primaryimage","url":"https:\/\/www.cargo-montreal.ca\/wp-content\/uploads\/2023\/07\/Chicago.jpg","contentUrl":"https:\/\/www.cargo-montreal.ca\/wp-content\/uploads\/2023\/07\/Chicago.jpg","width":1057,"height":726},{"@type":"BreadcrumbList","@id":"https:\/\/www.cargo-montreal.ca\/fr\/table-ronde-dans-le-cadre-de-la-inland-distribution-conference-de-journal-of-commerce-joc\/#breadcrumb","itemListElement":[{"@type":"ListItem","position":1,"name":"Home","item":"https:\/\/www.cargo-montreal.ca\/fr\/"},{"@type":"ListItem","position":2,"name":"Table ronde dans le cadre de la Inland Distribution Conference de Journal of Commerce (JOC)"}]},{"@type":"WebSite","@id":"https:\/\/www.cargo-montreal.ca\/fr\/#website","url":"https:\/\/www.cargo-montreal.ca\/fr\/","name":"CargoM","description":"La mission de CargoM: Rassembler les acteurs de la logistique &amp; du transport de marchandises du Grand Montr\u00e9al autour d&#039;objectifs communs, d&#039;actions concert\u00e9es","potentialAction":[{"@type":"SearchAction","target":{"@type":"EntryPoint","urlTemplate":"https:\/\/www.cargo-montreal.ca\/fr\/?s={search_term_string}"},"query-input":{"@type":"PropertyValueSpecification","valueRequired":true,"valueName":"search_term_string"}}],"inLanguage":"fr-FR"},{"@type":"Person","@id":"https:\/\/www.cargo-montreal.ca\/fr\/#\/schema\/person\/80476d173ce654813db9fd1533901365","name":"Karine Dudognon","image":{"@type":"ImageObject","inLanguage":"fr-FR","@id":"https:\/\/secure.gravatar.com\/avatar\/673bdfb703a9b6685a88bc7dfb04a9ea2b48b30e9d1663a5e759a4e9bfa3e2c0?s=96&d=mm&r=g","url":"https:\/\/secure.gravatar.com\/avatar\/673bdfb703a9b6685a88bc7dfb04a9ea2b48b30e9d1663a5e759a4e9bfa3e2c0?s=96&d=mm&r=g","contentUrl":"https:\/\/secure.gravatar.com\/avatar\/673bdfb703a9b6685a88bc7dfb04a9ea2b48b30e9d1663a5e759a4e9bfa3e2c0?s=96&d=mm&r=g","caption":"Karine Dudognon"},"url":"https:\/\/www.cargo-montreal.ca\/fr\/author\/karine\/"}]}},"_links":{"self":[{"href":"https:\/\/www.cargo-montreal.ca\/fr\/wp-json\/wp\/v2\/posts\/15216","targetHints":{"allow":["GET"]}}],"collection":[{"href":"https:\/\/www.cargo-montreal.ca\/fr\/wp-json\/wp\/v2\/posts"}],"about":[{"href":"https:\/\/www.cargo-montreal.ca\/fr\/wp-json\/wp\/v2\/types\/post"}],"author":[{"embeddable":true,"href":"https:\/\/www.cargo-montreal.ca\/fr\/wp-json\/wp\/v2\/users\/39"}],"replies":[{"embeddable":true,"href":"https:\/\/www.cargo-montreal.ca\/fr\/wp-json\/wp\/v2\/comments?post=15216"}],"version-history":[{"count":2,"href":"https:\/\/www.cargo-montreal.ca\/fr\/wp-json\/wp\/v2\/posts\/15216\/revisions"}],"predecessor-version":[{"id":15231,"href":"https:\/\/www.cargo-montreal.ca\/fr\/wp-json\/wp\/v2\/posts\/15216\/revisions\/15231"}],"wp:featuredmedia":[{"embeddable":true,"href":"https:\/\/www.cargo-montreal.ca\/fr\/wp-json\/wp\/v2\/media\/15176"}],"wp:attachment":[{"href":"https:\/\/www.cargo-montreal.ca\/fr\/wp-json\/wp\/v2\/media?parent=15216"}],"wp:term":[{"taxonomy":"category","embeddable":true,"href":"https:\/\/www.cargo-montreal.ca\/fr\/wp-json\/wp\/v2\/categories?post=15216"},{"taxonomy":"post_tag","embeddable":true,"href":"https:\/\/www.cargo-montreal.ca\/fr\/wp-json\/wp\/v2\/tags?post=15216"}],"curies":[{"name":"wp","href":"https:\/\/api.w.org\/{rel}","templated":true}]}}