{"id":15503,"date":"2023-09-07T01:10:49","date_gmt":"2023-09-07T01:10:49","guid":{"rendered":"https:\/\/www.cargo-montreal.ca\/?p=15503"},"modified":"2023-09-07T01:10:49","modified_gmt":"2023-09-07T01:10:49","slug":"rencontre-de-cargom-avec-une-delegation-de-la-georgie","status":"publish","type":"post","link":"https:\/\/www.cargo-montreal.ca\/fr\/rencontre-de-cargom-avec-une-delegation-de-la-georgie\/","title":{"rendered":"Rencontre de CargoM avec une d\u00e9l\u00e9gation de la G\u00e9orgie"},"content":{"rendered":"<p align=\"justify\">CargoM a eu le plaisir de recevoir, en juillet dernier, une d\u00e9l\u00e9gation du\u00a0<a href=\"https:\/\/www.georgia.org\/go-global-ga?gad=1&amp;gclid=CjwKCAjwrranBhAEEiwAzbhNtUuNmndijRLvZNFtGQG2RiwoVtAC2I7h-wacmT4qXs2OLJbcape3oxoCyPIQAvD_BwE\" target=\"_blank\" rel=\"noopener\" data-hs-link-id=\"0\">Georgia Department of Economic Development<\/a>.<\/p>\r\n<p align=\"justify\">Notre excellente collaboration avec la G\u00e9orgie et la\u00a0<a href=\"https:\/\/gaports.com\/\" target=\"_blank\" rel=\"noopener\" data-hs-link-id=\"0\">Georgia Ports Authority<\/a>\u00a0remonte \u00e0 pr\u00e8s de 10 ans.<\/p>\r\n<p align=\"justify\">Merci \u00e0 Mme Mary Waters d&rsquo;avoir organis\u00e9 cette rencontre au Port de Montr\u00e9al.<\/p>","protected":false},"excerpt":{"rendered":"CargoM a eu le plaisir de recevoir, en juillet dernier, une d\u00e9l\u00e9gation du\u00a0Georgia Department of Economic Development. Notre excellente collaboration avec la G\u00e9orgie et la\u00a0Georgia Ports Authority\u00a0remonte \u00e0 pr\u00e8s de 10 ans. Merci \u00e0 Mme Mary Waters d&rsquo;avoir organis\u00e9 cette rencontre au Port de Montr\u00e9al.","protected":false},"author":39,"featured_media":15496,"comment_status":"closed","ping_status":"closed","sticky":false,"template":"","format":"standard","meta":{"_acf_changed":false,"footnotes":""},"categories":[20],"tags":[],"class_list":["post-15503","post","type-post","status-publish","format-standard","has-post-thumbnail","hentry","category-services-logistiques"],"acf":[],"yoast_head":"<!-- This site is optimized with the Yoast SEO plugin v27.3 - https:\/\/yoast.com\/product\/yoast-seo-wordpress\/ -->\n<title>Rencontre de CargoM avec une d\u00e9l\u00e9gation de la G\u00e9orgie - CargoM<\/title>\n<meta name=\"robots\" content=\"index, follow, max-snippet:-1, max-image-preview:large, max-video-preview:-1\" \/>\n<link rel=\"canonical\" href=\"https:\/\/www.cargo-montreal.ca\/fr\/rencontre-de-cargom-avec-une-delegation-de-la-georgie\/\" \/>\n<meta property=\"og:locale\" content=\"fr_FR\" \/>\n<meta property=\"og:type\" content=\"article\" \/>\n<meta property=\"og:title\" content=\"Rencontre de CargoM avec une d\u00e9l\u00e9gation de la G\u00e9orgie - CargoM\" \/>\n<meta property=\"og:description\" content=\"CargoM a eu le plaisir de recevoir, en juillet dernier, une d\u00e9l\u00e9gation du\u00a0Georgia Department of Economic Development. Notre excellente collaboration avec la G\u00e9orgie et la\u00a0Georgia Ports Authority\u00a0remonte \u00e0 pr\u00e8s de 10 ans. Merci \u00e0 Mme Mary Waters d&rsquo;avoir organis\u00e9 cette rencontre au Port de Montr\u00e9al.\" \/>\n<meta property=\"og:url\" content=\"https:\/\/www.cargo-montreal.ca\/fr\/rencontre-de-cargom-avec-une-delegation-de-la-georgie\/\" \/>\n<meta property=\"og:site_name\" content=\"CargoM\" \/>\n<meta property=\"article:published_time\" content=\"2023-09-07T01:10:49+00:00\" \/>\n<meta property=\"og:image\" content=\"https:\/\/www.cargo-montreal.ca\/wp-content\/uploads\/2023\/09\/image_50404865.jpg\" \/>\n\t<meta property=\"og:image:width\" content=\"1659\" \/>\n\t<meta property=\"og:image:height\" content=\"1177\" \/>\n\t<meta property=\"og:image:type\" content=\"image\/jpeg\" \/>\n<meta name=\"author\" content=\"Karine Dudognon\" \/>\n<meta name=\"twitter:card\" content=\"summary_large_image\" \/>\n<meta name=\"twitter:label1\" content=\"\u00c9crit par\" \/>\n\t<meta name=\"twitter:data1\" content=\"Karine Dudognon\" \/>\n\t<meta name=\"twitter:label2\" content=\"Dur\u00e9e de lecture estim\u00e9e\" \/>\n\t<meta name=\"twitter:data2\" content=\"1 minute\" \/>\n<script type=\"application\/ld+json\" class=\"yoast-schema-graph\">{\"@context\":\"https:\\\/\\\/schema.org\",\"@graph\":[{\"@type\":\"Article\",\"@id\":\"https:\\\/\\\/www.cargo-montreal.ca\\\/fr\\\/rencontre-de-cargom-avec-une-delegation-de-la-georgie\\\/#article\",\"isPartOf\":{\"@id\":\"https:\\\/\\\/www.cargo-montreal.ca\\\/fr\\\/rencontre-de-cargom-avec-une-delegation-de-la-georgie\\\/\"},\"author\":{\"name\":\"Karine Dudognon\",\"@id\":\"https:\\\/\\\/www.cargo-montreal.ca\\\/fr\\\/#\\\/schema\\\/person\\\/80476d173ce654813db9fd1533901365\"},\"headline\":\"Rencontre de CargoM avec une d\u00e9l\u00e9gation de la G\u00e9orgie\",\"datePublished\":\"2023-09-07T01:10:49+00:00\",\"mainEntityOfPage\":{\"@id\":\"https:\\\/\\\/www.cargo-montreal.ca\\\/fr\\\/rencontre-de-cargom-avec-une-delegation-de-la-georgie\\\/\"},\"wordCount\":63,\"image\":{\"@id\":\"https:\\\/\\\/www.cargo-montreal.ca\\\/fr\\\/rencontre-de-cargom-avec-une-delegation-de-la-georgie\\\/#primaryimage\"},\"thumbnailUrl\":\"https:\\\/\\\/www.cargo-montreal.ca\\\/wp-content\\\/uploads\\\/2023\\\/09\\\/image_50404865.jpg\",\"articleSection\":[\"Services logistiques\"],\"inLanguage\":\"fr-FR\"},{\"@type\":\"WebPage\",\"@id\":\"https:\\\/\\\/www.cargo-montreal.ca\\\/fr\\\/rencontre-de-cargom-avec-une-delegation-de-la-georgie\\\/\",\"url\":\"https:\\\/\\\/www.cargo-montreal.ca\\\/fr\\\/rencontre-de-cargom-avec-une-delegation-de-la-georgie\\\/\",\"name\":\"Rencontre de CargoM avec une d\u00e9l\u00e9gation de la G\u00e9orgie - CargoM\",\"isPartOf\":{\"@id\":\"https:\\\/\\\/www.cargo-montreal.ca\\\/fr\\\/#website\"},\"primaryImageOfPage\":{\"@id\":\"https:\\\/\\\/www.cargo-montreal.ca\\\/fr\\\/rencontre-de-cargom-avec-une-delegation-de-la-georgie\\\/#primaryimage\"},\"image\":{\"@id\":\"https:\\\/\\\/www.cargo-montreal.ca\\\/fr\\\/rencontre-de-cargom-avec-une-delegation-de-la-georgie\\\/#primaryimage\"},\"thumbnailUrl\":\"https:\\\/\\\/www.cargo-montreal.ca\\\/wp-content\\\/uploads\\\/2023\\\/09\\\/image_50404865.jpg\",\"datePublished\":\"2023-09-07T01:10:49+00:00\",\"author\":{\"@id\":\"https:\\\/\\\/www.cargo-montreal.ca\\\/fr\\\/#\\\/schema\\\/person\\\/80476d173ce654813db9fd1533901365\"},\"breadcrumb\":{\"@id\":\"https:\\\/\\\/www.cargo-montreal.ca\\\/fr\\\/rencontre-de-cargom-avec-une-delegation-de-la-georgie\\\/#breadcrumb\"},\"inLanguage\":\"fr-FR\",\"potentialAction\":[{\"@type\":\"ReadAction\",\"target\":[\"https:\\\/\\\/www.cargo-montreal.ca\\\/fr\\\/rencontre-de-cargom-avec-une-delegation-de-la-georgie\\\/\"]}]},{\"@type\":\"ImageObject\",\"inLanguage\":\"fr-FR\",\"@id\":\"https:\\\/\\\/www.cargo-montreal.ca\\\/fr\\\/rencontre-de-cargom-avec-une-delegation-de-la-georgie\\\/#primaryimage\",\"url\":\"https:\\\/\\\/www.cargo-montreal.ca\\\/wp-content\\\/uploads\\\/2023\\\/09\\\/image_50404865.jpg\",\"contentUrl\":\"https:\\\/\\\/www.cargo-montreal.ca\\\/wp-content\\\/uploads\\\/2023\\\/09\\\/image_50404865.jpg\",\"width\":1659,\"height\":1177},{\"@type\":\"BreadcrumbList\",\"@id\":\"https:\\\/\\\/www.cargo-montreal.ca\\\/fr\\\/rencontre-de-cargom-avec-une-delegation-de-la-georgie\\\/#breadcrumb\",\"itemListElement\":[{\"@type\":\"ListItem\",\"position\":1,\"name\":\"Home\",\"item\":\"https:\\\/\\\/www.cargo-montreal.ca\\\/fr\\\/\"},{\"@type\":\"ListItem\",\"position\":2,\"name\":\"Rencontre de CargoM avec une d\u00e9l\u00e9gation de la G\u00e9orgie\"}]},{\"@type\":\"WebSite\",\"@id\":\"https:\\\/\\\/www.cargo-montreal.ca\\\/fr\\\/#website\",\"url\":\"https:\\\/\\\/www.cargo-montreal.ca\\\/fr\\\/\",\"name\":\"CargoM\",\"description\":\"La mission de CargoM: Rassembler les acteurs de la logistique &amp; du transport de marchandises du Grand Montr\u00e9al autour d&#039;objectifs communs, d&#039;actions concert\u00e9es\",\"potentialAction\":[{\"@type\":\"SearchAction\",\"target\":{\"@type\":\"EntryPoint\",\"urlTemplate\":\"https:\\\/\\\/www.cargo-montreal.ca\\\/fr\\\/?s={search_term_string}\"},\"query-input\":{\"@type\":\"PropertyValueSpecification\",\"valueRequired\":true,\"valueName\":\"search_term_string\"}}],\"inLanguage\":\"fr-FR\"},{\"@type\":\"Person\",\"@id\":\"https:\\\/\\\/www.cargo-montreal.ca\\\/fr\\\/#\\\/schema\\\/person\\\/80476d173ce654813db9fd1533901365\",\"name\":\"Karine Dudognon\",\"image\":{\"@type\":\"ImageObject\",\"inLanguage\":\"fr-FR\",\"@id\":\"https:\\\/\\\/secure.gravatar.com\\\/avatar\\\/673bdfb703a9b6685a88bc7dfb04a9ea2b48b30e9d1663a5e759a4e9bfa3e2c0?s=96&d=mm&r=g\",\"url\":\"https:\\\/\\\/secure.gravatar.com\\\/avatar\\\/673bdfb703a9b6685a88bc7dfb04a9ea2b48b30e9d1663a5e759a4e9bfa3e2c0?s=96&d=mm&r=g\",\"contentUrl\":\"https:\\\/\\\/secure.gravatar.com\\\/avatar\\\/673bdfb703a9b6685a88bc7dfb04a9ea2b48b30e9d1663a5e759a4e9bfa3e2c0?s=96&d=mm&r=g\",\"caption\":\"Karine Dudognon\"},\"url\":\"https:\\\/\\\/www.cargo-montreal.ca\\\/fr\\\/author\\\/karine\\\/\"}]}<\/script>\n<!-- \/ Yoast SEO plugin. -->","yoast_head_json":{"title":"Rencontre de CargoM avec une d\u00e9l\u00e9gation de la G\u00e9orgie - CargoM","robots":{"index":"index","follow":"follow","max-snippet":"max-snippet:-1","max-image-preview":"max-image-preview:large","max-video-preview":"max-video-preview:-1"},"canonical":"https:\/\/www.cargo-montreal.ca\/fr\/rencontre-de-cargom-avec-une-delegation-de-la-georgie\/","og_locale":"fr_FR","og_type":"article","og_title":"Rencontre de CargoM avec une d\u00e9l\u00e9gation de la G\u00e9orgie - CargoM","og_description":"CargoM a eu le plaisir de recevoir, en juillet dernier, une d\u00e9l\u00e9gation du\u00a0Georgia Department of Economic Development. Notre excellente collaboration avec la G\u00e9orgie et la\u00a0Georgia Ports Authority\u00a0remonte \u00e0 pr\u00e8s de 10 ans. Merci \u00e0 Mme Mary Waters d&rsquo;avoir organis\u00e9 cette rencontre au Port de Montr\u00e9al.","og_url":"https:\/\/www.cargo-montreal.ca\/fr\/rencontre-de-cargom-avec-une-delegation-de-la-georgie\/","og_site_name":"CargoM","article_published_time":"2023-09-07T01:10:49+00:00","og_image":[{"width":1659,"height":1177,"url":"https:\/\/www.cargo-montreal.ca\/wp-content\/uploads\/2023\/09\/image_50404865.jpg","type":"image\/jpeg"}],"author":"Karine Dudognon","twitter_card":"summary_large_image","twitter_misc":{"\u00c9crit par":"Karine Dudognon","Dur\u00e9e de lecture estim\u00e9e":"1 minute"},"schema":{"@context":"https:\/\/schema.org","@graph":[{"@type":"Article","@id":"https:\/\/www.cargo-montreal.ca\/fr\/rencontre-de-cargom-avec-une-delegation-de-la-georgie\/#article","isPartOf":{"@id":"https:\/\/www.cargo-montreal.ca\/fr\/rencontre-de-cargom-avec-une-delegation-de-la-georgie\/"},"author":{"name":"Karine Dudognon","@id":"https:\/\/www.cargo-montreal.ca\/fr\/#\/schema\/person\/80476d173ce654813db9fd1533901365"},"headline":"Rencontre de CargoM avec une d\u00e9l\u00e9gation de la G\u00e9orgie","datePublished":"2023-09-07T01:10:49+00:00","mainEntityOfPage":{"@id":"https:\/\/www.cargo-montreal.ca\/fr\/rencontre-de-cargom-avec-une-delegation-de-la-georgie\/"},"wordCount":63,"image":{"@id":"https:\/\/www.cargo-montreal.ca\/fr\/rencontre-de-cargom-avec-une-delegation-de-la-georgie\/#primaryimage"},"thumbnailUrl":"https:\/\/www.cargo-montreal.ca\/wp-content\/uploads\/2023\/09\/image_50404865.jpg","articleSection":["Services logistiques"],"inLanguage":"fr-FR"},{"@type":"WebPage","@id":"https:\/\/www.cargo-montreal.ca\/fr\/rencontre-de-cargom-avec-une-delegation-de-la-georgie\/","url":"https:\/\/www.cargo-montreal.ca\/fr\/rencontre-de-cargom-avec-une-delegation-de-la-georgie\/","name":"Rencontre de CargoM avec une d\u00e9l\u00e9gation de la G\u00e9orgie - CargoM","isPartOf":{"@id":"https:\/\/www.cargo-montreal.ca\/fr\/#website"},"primaryImageOfPage":{"@id":"https:\/\/www.cargo-montreal.ca\/fr\/rencontre-de-cargom-avec-une-delegation-de-la-georgie\/#primaryimage"},"image":{"@id":"https:\/\/www.cargo-montreal.ca\/fr\/rencontre-de-cargom-avec-une-delegation-de-la-georgie\/#primaryimage"},"thumbnailUrl":"https:\/\/www.cargo-montreal.ca\/wp-content\/uploads\/2023\/09\/image_50404865.jpg","datePublished":"2023-09-07T01:10:49+00:00","author":{"@id":"https:\/\/www.cargo-montreal.ca\/fr\/#\/schema\/person\/80476d173ce654813db9fd1533901365"},"breadcrumb":{"@id":"https:\/\/www.cargo-montreal.ca\/fr\/rencontre-de-cargom-avec-une-delegation-de-la-georgie\/#breadcrumb"},"inLanguage":"fr-FR","potentialAction":[{"@type":"ReadAction","target":["https:\/\/www.cargo-montreal.ca\/fr\/rencontre-de-cargom-avec-une-delegation-de-la-georgie\/"]}]},{"@type":"ImageObject","inLanguage":"fr-FR","@id":"https:\/\/www.cargo-montreal.ca\/fr\/rencontre-de-cargom-avec-une-delegation-de-la-georgie\/#primaryimage","url":"https:\/\/www.cargo-montreal.ca\/wp-content\/uploads\/2023\/09\/image_50404865.jpg","contentUrl":"https:\/\/www.cargo-montreal.ca\/wp-content\/uploads\/2023\/09\/image_50404865.jpg","width":1659,"height":1177},{"@type":"BreadcrumbList","@id":"https:\/\/www.cargo-montreal.ca\/fr\/rencontre-de-cargom-avec-une-delegation-de-la-georgie\/#breadcrumb","itemListElement":[{"@type":"ListItem","position":1,"name":"Home","item":"https:\/\/www.cargo-montreal.ca\/fr\/"},{"@type":"ListItem","position":2,"name":"Rencontre de CargoM avec une d\u00e9l\u00e9gation de la G\u00e9orgie"}]},{"@type":"WebSite","@id":"https:\/\/www.cargo-montreal.ca\/fr\/#website","url":"https:\/\/www.cargo-montreal.ca\/fr\/","name":"CargoM","description":"La mission de CargoM: Rassembler les acteurs de la logistique &amp; du transport de marchandises du Grand Montr\u00e9al autour d&#039;objectifs communs, d&#039;actions concert\u00e9es","potentialAction":[{"@type":"SearchAction","target":{"@type":"EntryPoint","urlTemplate":"https:\/\/www.cargo-montreal.ca\/fr\/?s={search_term_string}"},"query-input":{"@type":"PropertyValueSpecification","valueRequired":true,"valueName":"search_term_string"}}],"inLanguage":"fr-FR"},{"@type":"Person","@id":"https:\/\/www.cargo-montreal.ca\/fr\/#\/schema\/person\/80476d173ce654813db9fd1533901365","name":"Karine Dudognon","image":{"@type":"ImageObject","inLanguage":"fr-FR","@id":"https:\/\/secure.gravatar.com\/avatar\/673bdfb703a9b6685a88bc7dfb04a9ea2b48b30e9d1663a5e759a4e9bfa3e2c0?s=96&d=mm&r=g","url":"https:\/\/secure.gravatar.com\/avatar\/673bdfb703a9b6685a88bc7dfb04a9ea2b48b30e9d1663a5e759a4e9bfa3e2c0?s=96&d=mm&r=g","contentUrl":"https:\/\/secure.gravatar.com\/avatar\/673bdfb703a9b6685a88bc7dfb04a9ea2b48b30e9d1663a5e759a4e9bfa3e2c0?s=96&d=mm&r=g","caption":"Karine Dudognon"},"url":"https:\/\/www.cargo-montreal.ca\/fr\/author\/karine\/"}]}},"_links":{"self":[{"href":"https:\/\/www.cargo-montreal.ca\/fr\/wp-json\/wp\/v2\/posts\/15503","targetHints":{"allow":["GET"]}}],"collection":[{"href":"https:\/\/www.cargo-montreal.ca\/fr\/wp-json\/wp\/v2\/posts"}],"about":[{"href":"https:\/\/www.cargo-montreal.ca\/fr\/wp-json\/wp\/v2\/types\/post"}],"author":[{"embeddable":true,"href":"https:\/\/www.cargo-montreal.ca\/fr\/wp-json\/wp\/v2\/users\/39"}],"replies":[{"embeddable":true,"href":"https:\/\/www.cargo-montreal.ca\/fr\/wp-json\/wp\/v2\/comments?post=15503"}],"version-history":[{"count":1,"href":"https:\/\/www.cargo-montreal.ca\/fr\/wp-json\/wp\/v2\/posts\/15503\/revisions"}],"predecessor-version":[{"id":15504,"href":"https:\/\/www.cargo-montreal.ca\/fr\/wp-json\/wp\/v2\/posts\/15503\/revisions\/15504"}],"wp:featuredmedia":[{"embeddable":true,"href":"https:\/\/www.cargo-montreal.ca\/fr\/wp-json\/wp\/v2\/media\/15496"}],"wp:attachment":[{"href":"https:\/\/www.cargo-montreal.ca\/fr\/wp-json\/wp\/v2\/media?parent=15503"}],"wp:term":[{"taxonomy":"category","embeddable":true,"href":"https:\/\/www.cargo-montreal.ca\/fr\/wp-json\/wp\/v2\/categories?post=15503"},{"taxonomy":"post_tag","embeddable":true,"href":"https:\/\/www.cargo-montreal.ca\/fr\/wp-json\/wp\/v2\/tags?post=15503"}],"curies":[{"name":"wp","href":"https:\/\/api.w.org\/{rel}","templated":true}]}}