{"id":15517,"date":"2023-09-07T01:25:16","date_gmt":"2023-09-07T01:25:16","guid":{"rendered":"https:\/\/www.cargo-montreal.ca\/?p=15517"},"modified":"2023-09-07T01:25:16","modified_gmt":"2023-09-07T01:25:16","slug":"mise-en-service-du-nouveau-pont-detagement-dans-le-secteur-viau","status":"publish","type":"post","link":"https:\/\/www.cargo-montreal.ca\/fr\/mise-en-service-du-nouveau-pont-detagement-dans-le-secteur-viau\/","title":{"rendered":"Mise en service du nouveau pont d&rsquo;\u00e9tagement dans le secteur Viau"},"content":{"rendered":"<p>L\u2019Administration portuaire de Montr\u00e9al, au terme de deux ans de travaux, a officiellement mis en service son nouveau pont d\u2019\u00e9tagement au-dessus de la rue Notre-Dame Est dans le secteur Viau. Destin\u00e9e \u00e0 retirer pr\u00e8s de 1500 camions du r\u00e9seau routier local quotidiennement, cette nouvelle infrastructure permettra d\u2019am\u00e9liorer l\u2019efficacit\u00e9 et la fluidit\u00e9 du transport des marchandises.<\/p>\r\n<p align=\"justify\">Offrant un lien direct entre les terminaux de vrac et les terminaux \u00e0 conteneurs, le nouveau pont d\u2019\u00e9tagement inaugur\u00e9 par l\u2019Administration portuaire de Montr\u00e9al (APM) permettra aux camions sortant du port de Montr\u00e9al de rejoindre directement la rue Dickson, puis l\u2019avenue Souligny, en direction de l\u2019autoroute 25. Ce faisant, pr\u00e8s de 1500 camions pourront \u00e9viter quotidiennement d\u2019emprunter la rue Notre-Dame.<\/p>\r\n<p align=\"justify\"><a href=\"https:\/\/www.port-montreal.com\/fr\/le-port-de-montreal\/nouvelles-et-evenements\/nouvelles\/communiques-de-presse\/service-viaduc\" target=\"_blank\" rel=\"noopener\" data-hs-link-id=\"1\">Pour en savoir plus sur le pont d\u2019\u00e9tagement<\/a>.<\/p>\r\n<p>Source et photo : Administration portuaire de Montr\u00e9al<\/p>","protected":false},"excerpt":{"rendered":"L\u2019Administration portuaire de Montr\u00e9al, au terme de deux ans de travaux, a officiellement mis en service son nouveau pont d\u2019\u00e9tagement au-dessus de la rue Notre-Dame Est dans le secteur Viau. Destin\u00e9e \u00e0 retirer pr\u00e8s de 1500 camions du r\u00e9seau routier local quotidiennement, cette nouvelle infrastructure permettra d\u2019am\u00e9liorer l\u2019efficacit\u00e9 et la fluidit\u00e9 du transport des marchandises. [&hellip;]","protected":false},"author":39,"featured_media":15498,"comment_status":"closed","ping_status":"closed","sticky":false,"template":"","format":"standard","meta":{"_acf_changed":false,"footnotes":""},"categories":[20],"tags":[],"class_list":["post-15517","post","type-post","status-publish","format-standard","has-post-thumbnail","hentry","category-services-logistiques"],"acf":[],"yoast_head":"<!-- This site is optimized with the Yoast SEO plugin v27.3 - https:\/\/yoast.com\/product\/yoast-seo-wordpress\/ -->\n<title>Mise en service du nouveau pont d&#039;\u00e9tagement dans le secteur Viau - CargoM<\/title>\n<meta name=\"robots\" content=\"index, follow, max-snippet:-1, max-image-preview:large, max-video-preview:-1\" \/>\n<link rel=\"canonical\" href=\"https:\/\/www.cargo-montreal.ca\/fr\/mise-en-service-du-nouveau-pont-detagement-dans-le-secteur-viau\/\" \/>\n<meta property=\"og:locale\" content=\"fr_FR\" \/>\n<meta property=\"og:type\" content=\"article\" \/>\n<meta property=\"og:title\" content=\"Mise en service du nouveau pont d&#039;\u00e9tagement dans le secteur Viau - CargoM\" \/>\n<meta property=\"og:description\" content=\"L\u2019Administration portuaire de Montr\u00e9al, au terme de deux ans de travaux, a officiellement mis en service son nouveau pont d\u2019\u00e9tagement au-dessus de la rue Notre-Dame Est dans le secteur Viau. Destin\u00e9e \u00e0 retirer pr\u00e8s de 1500 camions du r\u00e9seau routier local quotidiennement, cette nouvelle infrastructure permettra d\u2019am\u00e9liorer l\u2019efficacit\u00e9 et la fluidit\u00e9 du transport des marchandises. [&hellip;]\" \/>\n<meta property=\"og:url\" content=\"https:\/\/www.cargo-montreal.ca\/fr\/mise-en-service-du-nouveau-pont-detagement-dans-le-secteur-viau\/\" \/>\n<meta property=\"og:site_name\" content=\"CargoM\" \/>\n<meta property=\"article:published_time\" content=\"2023-09-07T01:25:16+00:00\" \/>\n<meta property=\"og:image\" content=\"https:\/\/www.cargo-montreal.ca\/wp-content\/uploads\/2023\/09\/Pont-detagement.jpg\" \/>\n\t<meta property=\"og:image:width\" content=\"1370\" \/>\n\t<meta property=\"og:image:height\" content=\"771\" \/>\n\t<meta property=\"og:image:type\" content=\"image\/jpeg\" \/>\n<meta name=\"author\" content=\"Karine Dudognon\" \/>\n<meta name=\"twitter:card\" content=\"summary_large_image\" \/>\n<meta name=\"twitter:label1\" content=\"\u00c9crit par\" \/>\n\t<meta name=\"twitter:data1\" content=\"Karine Dudognon\" \/>\n\t<meta name=\"twitter:label2\" content=\"Dur\u00e9e de lecture estim\u00e9e\" \/>\n\t<meta name=\"twitter:data2\" content=\"1 minute\" \/>\n<script type=\"application\/ld+json\" class=\"yoast-schema-graph\">{\"@context\":\"https:\\\/\\\/schema.org\",\"@graph\":[{\"@type\":\"Article\",\"@id\":\"https:\\\/\\\/www.cargo-montreal.ca\\\/fr\\\/mise-en-service-du-nouveau-pont-detagement-dans-le-secteur-viau\\\/#article\",\"isPartOf\":{\"@id\":\"https:\\\/\\\/www.cargo-montreal.ca\\\/fr\\\/mise-en-service-du-nouveau-pont-detagement-dans-le-secteur-viau\\\/\"},\"author\":{\"name\":\"Karine Dudognon\",\"@id\":\"https:\\\/\\\/www.cargo-montreal.ca\\\/fr\\\/#\\\/schema\\\/person\\\/80476d173ce654813db9fd1533901365\"},\"headline\":\"Mise en service du nouveau pont d&rsquo;\u00e9tagement dans le secteur Viau\",\"datePublished\":\"2023-09-07T01:25:16+00:00\",\"mainEntityOfPage\":{\"@id\":\"https:\\\/\\\/www.cargo-montreal.ca\\\/fr\\\/mise-en-service-du-nouveau-pont-detagement-dans-le-secteur-viau\\\/\"},\"wordCount\":156,\"image\":{\"@id\":\"https:\\\/\\\/www.cargo-montreal.ca\\\/fr\\\/mise-en-service-du-nouveau-pont-detagement-dans-le-secteur-viau\\\/#primaryimage\"},\"thumbnailUrl\":\"https:\\\/\\\/www.cargo-montreal.ca\\\/wp-content\\\/uploads\\\/2023\\\/09\\\/Pont-detagement.jpg\",\"articleSection\":[\"Services logistiques\"],\"inLanguage\":\"fr-FR\"},{\"@type\":\"WebPage\",\"@id\":\"https:\\\/\\\/www.cargo-montreal.ca\\\/fr\\\/mise-en-service-du-nouveau-pont-detagement-dans-le-secteur-viau\\\/\",\"url\":\"https:\\\/\\\/www.cargo-montreal.ca\\\/fr\\\/mise-en-service-du-nouveau-pont-detagement-dans-le-secteur-viau\\\/\",\"name\":\"Mise en service du nouveau pont d'\u00e9tagement dans le secteur Viau - CargoM\",\"isPartOf\":{\"@id\":\"https:\\\/\\\/www.cargo-montreal.ca\\\/fr\\\/#website\"},\"primaryImageOfPage\":{\"@id\":\"https:\\\/\\\/www.cargo-montreal.ca\\\/fr\\\/mise-en-service-du-nouveau-pont-detagement-dans-le-secteur-viau\\\/#primaryimage\"},\"image\":{\"@id\":\"https:\\\/\\\/www.cargo-montreal.ca\\\/fr\\\/mise-en-service-du-nouveau-pont-detagement-dans-le-secteur-viau\\\/#primaryimage\"},\"thumbnailUrl\":\"https:\\\/\\\/www.cargo-montreal.ca\\\/wp-content\\\/uploads\\\/2023\\\/09\\\/Pont-detagement.jpg\",\"datePublished\":\"2023-09-07T01:25:16+00:00\",\"author\":{\"@id\":\"https:\\\/\\\/www.cargo-montreal.ca\\\/fr\\\/#\\\/schema\\\/person\\\/80476d173ce654813db9fd1533901365\"},\"breadcrumb\":{\"@id\":\"https:\\\/\\\/www.cargo-montreal.ca\\\/fr\\\/mise-en-service-du-nouveau-pont-detagement-dans-le-secteur-viau\\\/#breadcrumb\"},\"inLanguage\":\"fr-FR\",\"potentialAction\":[{\"@type\":\"ReadAction\",\"target\":[\"https:\\\/\\\/www.cargo-montreal.ca\\\/fr\\\/mise-en-service-du-nouveau-pont-detagement-dans-le-secteur-viau\\\/\"]}]},{\"@type\":\"ImageObject\",\"inLanguage\":\"fr-FR\",\"@id\":\"https:\\\/\\\/www.cargo-montreal.ca\\\/fr\\\/mise-en-service-du-nouveau-pont-detagement-dans-le-secteur-viau\\\/#primaryimage\",\"url\":\"https:\\\/\\\/www.cargo-montreal.ca\\\/wp-content\\\/uploads\\\/2023\\\/09\\\/Pont-detagement.jpg\",\"contentUrl\":\"https:\\\/\\\/www.cargo-montreal.ca\\\/wp-content\\\/uploads\\\/2023\\\/09\\\/Pont-detagement.jpg\",\"width\":1370,\"height\":771},{\"@type\":\"BreadcrumbList\",\"@id\":\"https:\\\/\\\/www.cargo-montreal.ca\\\/fr\\\/mise-en-service-du-nouveau-pont-detagement-dans-le-secteur-viau\\\/#breadcrumb\",\"itemListElement\":[{\"@type\":\"ListItem\",\"position\":1,\"name\":\"Home\",\"item\":\"https:\\\/\\\/www.cargo-montreal.ca\\\/fr\\\/\"},{\"@type\":\"ListItem\",\"position\":2,\"name\":\"Mise en service du nouveau pont d&#8217;\u00e9tagement dans le secteur Viau\"}]},{\"@type\":\"WebSite\",\"@id\":\"https:\\\/\\\/www.cargo-montreal.ca\\\/fr\\\/#website\",\"url\":\"https:\\\/\\\/www.cargo-montreal.ca\\\/fr\\\/\",\"name\":\"CargoM\",\"description\":\"La mission de CargoM: Rassembler les acteurs de la logistique &amp; du transport de marchandises du Grand Montr\u00e9al autour d&#039;objectifs communs, d&#039;actions concert\u00e9es\",\"potentialAction\":[{\"@type\":\"SearchAction\",\"target\":{\"@type\":\"EntryPoint\",\"urlTemplate\":\"https:\\\/\\\/www.cargo-montreal.ca\\\/fr\\\/?s={search_term_string}\"},\"query-input\":{\"@type\":\"PropertyValueSpecification\",\"valueRequired\":true,\"valueName\":\"search_term_string\"}}],\"inLanguage\":\"fr-FR\"},{\"@type\":\"Person\",\"@id\":\"https:\\\/\\\/www.cargo-montreal.ca\\\/fr\\\/#\\\/schema\\\/person\\\/80476d173ce654813db9fd1533901365\",\"name\":\"Karine Dudognon\",\"image\":{\"@type\":\"ImageObject\",\"inLanguage\":\"fr-FR\",\"@id\":\"https:\\\/\\\/secure.gravatar.com\\\/avatar\\\/673bdfb703a9b6685a88bc7dfb04a9ea2b48b30e9d1663a5e759a4e9bfa3e2c0?s=96&d=mm&r=g\",\"url\":\"https:\\\/\\\/secure.gravatar.com\\\/avatar\\\/673bdfb703a9b6685a88bc7dfb04a9ea2b48b30e9d1663a5e759a4e9bfa3e2c0?s=96&d=mm&r=g\",\"contentUrl\":\"https:\\\/\\\/secure.gravatar.com\\\/avatar\\\/673bdfb703a9b6685a88bc7dfb04a9ea2b48b30e9d1663a5e759a4e9bfa3e2c0?s=96&d=mm&r=g\",\"caption\":\"Karine Dudognon\"},\"url\":\"https:\\\/\\\/www.cargo-montreal.ca\\\/fr\\\/author\\\/karine\\\/\"}]}<\/script>\n<!-- \/ Yoast SEO plugin. -->","yoast_head_json":{"title":"Mise en service du nouveau pont d'\u00e9tagement dans le secteur Viau - CargoM","robots":{"index":"index","follow":"follow","max-snippet":"max-snippet:-1","max-image-preview":"max-image-preview:large","max-video-preview":"max-video-preview:-1"},"canonical":"https:\/\/www.cargo-montreal.ca\/fr\/mise-en-service-du-nouveau-pont-detagement-dans-le-secteur-viau\/","og_locale":"fr_FR","og_type":"article","og_title":"Mise en service du nouveau pont d'\u00e9tagement dans le secteur Viau - CargoM","og_description":"L\u2019Administration portuaire de Montr\u00e9al, au terme de deux ans de travaux, a officiellement mis en service son nouveau pont d\u2019\u00e9tagement au-dessus de la rue Notre-Dame Est dans le secteur Viau. Destin\u00e9e \u00e0 retirer pr\u00e8s de 1500 camions du r\u00e9seau routier local quotidiennement, cette nouvelle infrastructure permettra d\u2019am\u00e9liorer l\u2019efficacit\u00e9 et la fluidit\u00e9 du transport des marchandises. [&hellip;]","og_url":"https:\/\/www.cargo-montreal.ca\/fr\/mise-en-service-du-nouveau-pont-detagement-dans-le-secteur-viau\/","og_site_name":"CargoM","article_published_time":"2023-09-07T01:25:16+00:00","og_image":[{"width":1370,"height":771,"url":"https:\/\/www.cargo-montreal.ca\/wp-content\/uploads\/2023\/09\/Pont-detagement.jpg","type":"image\/jpeg"}],"author":"Karine Dudognon","twitter_card":"summary_large_image","twitter_misc":{"\u00c9crit par":"Karine Dudognon","Dur\u00e9e de lecture estim\u00e9e":"1 minute"},"schema":{"@context":"https:\/\/schema.org","@graph":[{"@type":"Article","@id":"https:\/\/www.cargo-montreal.ca\/fr\/mise-en-service-du-nouveau-pont-detagement-dans-le-secteur-viau\/#article","isPartOf":{"@id":"https:\/\/www.cargo-montreal.ca\/fr\/mise-en-service-du-nouveau-pont-detagement-dans-le-secteur-viau\/"},"author":{"name":"Karine Dudognon","@id":"https:\/\/www.cargo-montreal.ca\/fr\/#\/schema\/person\/80476d173ce654813db9fd1533901365"},"headline":"Mise en service du nouveau pont d&rsquo;\u00e9tagement dans le secteur Viau","datePublished":"2023-09-07T01:25:16+00:00","mainEntityOfPage":{"@id":"https:\/\/www.cargo-montreal.ca\/fr\/mise-en-service-du-nouveau-pont-detagement-dans-le-secteur-viau\/"},"wordCount":156,"image":{"@id":"https:\/\/www.cargo-montreal.ca\/fr\/mise-en-service-du-nouveau-pont-detagement-dans-le-secteur-viau\/#primaryimage"},"thumbnailUrl":"https:\/\/www.cargo-montreal.ca\/wp-content\/uploads\/2023\/09\/Pont-detagement.jpg","articleSection":["Services logistiques"],"inLanguage":"fr-FR"},{"@type":"WebPage","@id":"https:\/\/www.cargo-montreal.ca\/fr\/mise-en-service-du-nouveau-pont-detagement-dans-le-secteur-viau\/","url":"https:\/\/www.cargo-montreal.ca\/fr\/mise-en-service-du-nouveau-pont-detagement-dans-le-secteur-viau\/","name":"Mise en service du nouveau pont d'\u00e9tagement dans le secteur Viau - CargoM","isPartOf":{"@id":"https:\/\/www.cargo-montreal.ca\/fr\/#website"},"primaryImageOfPage":{"@id":"https:\/\/www.cargo-montreal.ca\/fr\/mise-en-service-du-nouveau-pont-detagement-dans-le-secteur-viau\/#primaryimage"},"image":{"@id":"https:\/\/www.cargo-montreal.ca\/fr\/mise-en-service-du-nouveau-pont-detagement-dans-le-secteur-viau\/#primaryimage"},"thumbnailUrl":"https:\/\/www.cargo-montreal.ca\/wp-content\/uploads\/2023\/09\/Pont-detagement.jpg","datePublished":"2023-09-07T01:25:16+00:00","author":{"@id":"https:\/\/www.cargo-montreal.ca\/fr\/#\/schema\/person\/80476d173ce654813db9fd1533901365"},"breadcrumb":{"@id":"https:\/\/www.cargo-montreal.ca\/fr\/mise-en-service-du-nouveau-pont-detagement-dans-le-secteur-viau\/#breadcrumb"},"inLanguage":"fr-FR","potentialAction":[{"@type":"ReadAction","target":["https:\/\/www.cargo-montreal.ca\/fr\/mise-en-service-du-nouveau-pont-detagement-dans-le-secteur-viau\/"]}]},{"@type":"ImageObject","inLanguage":"fr-FR","@id":"https:\/\/www.cargo-montreal.ca\/fr\/mise-en-service-du-nouveau-pont-detagement-dans-le-secteur-viau\/#primaryimage","url":"https:\/\/www.cargo-montreal.ca\/wp-content\/uploads\/2023\/09\/Pont-detagement.jpg","contentUrl":"https:\/\/www.cargo-montreal.ca\/wp-content\/uploads\/2023\/09\/Pont-detagement.jpg","width":1370,"height":771},{"@type":"BreadcrumbList","@id":"https:\/\/www.cargo-montreal.ca\/fr\/mise-en-service-du-nouveau-pont-detagement-dans-le-secteur-viau\/#breadcrumb","itemListElement":[{"@type":"ListItem","position":1,"name":"Home","item":"https:\/\/www.cargo-montreal.ca\/fr\/"},{"@type":"ListItem","position":2,"name":"Mise en service du nouveau pont d&#8217;\u00e9tagement dans le secteur Viau"}]},{"@type":"WebSite","@id":"https:\/\/www.cargo-montreal.ca\/fr\/#website","url":"https:\/\/www.cargo-montreal.ca\/fr\/","name":"CargoM","description":"La mission de CargoM: Rassembler les acteurs de la logistique &amp; du transport de marchandises du Grand Montr\u00e9al autour d&#039;objectifs communs, d&#039;actions concert\u00e9es","potentialAction":[{"@type":"SearchAction","target":{"@type":"EntryPoint","urlTemplate":"https:\/\/www.cargo-montreal.ca\/fr\/?s={search_term_string}"},"query-input":{"@type":"PropertyValueSpecification","valueRequired":true,"valueName":"search_term_string"}}],"inLanguage":"fr-FR"},{"@type":"Person","@id":"https:\/\/www.cargo-montreal.ca\/fr\/#\/schema\/person\/80476d173ce654813db9fd1533901365","name":"Karine Dudognon","image":{"@type":"ImageObject","inLanguage":"fr-FR","@id":"https:\/\/secure.gravatar.com\/avatar\/673bdfb703a9b6685a88bc7dfb04a9ea2b48b30e9d1663a5e759a4e9bfa3e2c0?s=96&d=mm&r=g","url":"https:\/\/secure.gravatar.com\/avatar\/673bdfb703a9b6685a88bc7dfb04a9ea2b48b30e9d1663a5e759a4e9bfa3e2c0?s=96&d=mm&r=g","contentUrl":"https:\/\/secure.gravatar.com\/avatar\/673bdfb703a9b6685a88bc7dfb04a9ea2b48b30e9d1663a5e759a4e9bfa3e2c0?s=96&d=mm&r=g","caption":"Karine Dudognon"},"url":"https:\/\/www.cargo-montreal.ca\/fr\/author\/karine\/"}]}},"_links":{"self":[{"href":"https:\/\/www.cargo-montreal.ca\/fr\/wp-json\/wp\/v2\/posts\/15517","targetHints":{"allow":["GET"]}}],"collection":[{"href":"https:\/\/www.cargo-montreal.ca\/fr\/wp-json\/wp\/v2\/posts"}],"about":[{"href":"https:\/\/www.cargo-montreal.ca\/fr\/wp-json\/wp\/v2\/types\/post"}],"author":[{"embeddable":true,"href":"https:\/\/www.cargo-montreal.ca\/fr\/wp-json\/wp\/v2\/users\/39"}],"replies":[{"embeddable":true,"href":"https:\/\/www.cargo-montreal.ca\/fr\/wp-json\/wp\/v2\/comments?post=15517"}],"version-history":[{"count":1,"href":"https:\/\/www.cargo-montreal.ca\/fr\/wp-json\/wp\/v2\/posts\/15517\/revisions"}],"predecessor-version":[{"id":15518,"href":"https:\/\/www.cargo-montreal.ca\/fr\/wp-json\/wp\/v2\/posts\/15517\/revisions\/15518"}],"wp:featuredmedia":[{"embeddable":true,"href":"https:\/\/www.cargo-montreal.ca\/fr\/wp-json\/wp\/v2\/media\/15498"}],"wp:attachment":[{"href":"https:\/\/www.cargo-montreal.ca\/fr\/wp-json\/wp\/v2\/media?parent=15517"}],"wp:term":[{"taxonomy":"category","embeddable":true,"href":"https:\/\/www.cargo-montreal.ca\/fr\/wp-json\/wp\/v2\/categories?post=15517"},{"taxonomy":"post_tag","embeddable":true,"href":"https:\/\/www.cargo-montreal.ca\/fr\/wp-json\/wp\/v2\/tags?post=15517"}],"curies":[{"name":"wp","href":"https:\/\/api.w.org\/{rel}","templated":true}]}}