{"id":15528,"date":"2023-09-07T01:34:47","date_gmt":"2023-09-07T01:34:47","guid":{"rendered":"https:\/\/www.cargo-montreal.ca\/?p=15528"},"modified":"2023-09-07T18:11:01","modified_gmt":"2023-09-07T18:11:01","slug":"1-calendrier-des-evenements-7","status":"publish","type":"post","link":"https:\/\/www.cargo-montreal.ca\/fr\/1-calendrier-des-evenements-7\/","title":{"rendered":"Calendrier des \u00e9v\u00e9nements"},"content":{"rendered":"<p>Ne manquez pas les \u00e9v\u00e9nements suivants. Si vous souhaitez que CargoM ajoute votre \u00e9v\u00e9nement \u00e0 son\u00a0<a href=\"https:\/\/www.cargo-montreal.ca\/fr\/calendrier\/\" target=\"_blank\" rel=\"noopener\" data-hs-link-id=\"0\">calendrier<\/a>, contactez Mme\u00a0<a href=\"mailto:kdudognon@cargo-montreal.ca\" target=\"_blank\" rel=\"noopener\" data-hs-link-id=\"0\">Karine Dudognon<\/a>.<\/p>\r\n<p>3 au 9 septembre 2023\u00a0\u2013\u00a0<a href=\"https:\/\/www.carrefour-acq.org\/evenements\/25e-semaine-nationale-camionnage\" target=\"_blank\" rel=\"noopener\" data-hs-link-id=\"0\">25e Semaine nationale du camionnage<\/a>\u00a0\u2013\u00a0<a href=\"https:\/\/www.carrefour-acq.org\/accueil\" target=\"_blank\" rel=\"noopener\" data-hs-link-id=\"0\">Association du camionnage du Qu\u00e9bec (ACQ)<\/a><\/p>\r\n<p>8 septembre 2023\u00a0\u2013\u00a0<a href=\"https:\/\/www.carrefour-acq.org\/evenements\/soiree-industrie23\" target=\"_blank\" rel=\"noopener\" data-hs-link-id=\"0\">Soir\u00e9e de l&rsquo;industrie<\/a>\u00a0\u2013\u00a0<a href=\"https:\/\/www.carrefour-acq.org\/accueil\" target=\"_blank\" rel=\"noopener\" data-hs-link-id=\"1\">Association du camionnage du Qu\u00e9bec (ACQ)<\/a><\/p>\r\n<p>11 septembre 2023\u00a0\u2013\u00a0<a href=\"https:\/\/www.eventbrite.ca\/e\/free-trade-with-europe-ceta-whats-in-it-for-us-virtual-tickets-689641936597\" target=\"_blank\" rel=\"noopener\" data-hs-link-id=\"0\">Free Trade with Europe (CETA): what\u2019s in it for us?\u00a0(Virtual)<\/a>\u00a0\u2013\u00a0<a href=\"https:\/\/www.eventbrite.ca\/o\/invest-ottawa-education-centre-1492863402\" target=\"_blank\" rel=\"noopener\" data-hs-link-id=\"0\">Invest Ottawa Education Centre<\/a><\/p>\r\n<p align=\"justify\">25 au 27 septembre 2023 \u2013\u00a0<a href=\"https:\/\/events.joc.com\/inland\/index.html\" target=\"_blank\" rel=\"noopener\" data-hs-link-id=\"0\">Inland23<\/a>\u00a0\u2013\u00a0<a href=\"https:\/\/www.joc.com\/events\" target=\"_blank\" rel=\"noopener\" data-hs-link-id=\"0\">JOC Events<\/a><\/p>\r\n<p align=\"justify\">27 septembre 2023 \u2013\u00a0<a href=\"https:\/\/www.corim.qc.ca\/fr\/conference\/1017\/2023-09-27-ilya-espino-de-marotta-genevieve-deschamps\" target=\"_blank\" rel=\"noopener\" data-hs-link-id=\"2\">Relever les d\u00e9fis mondiaux de l&rsquo;industrie maritime<\/a>\u00a0\u2013\u00a0<a href=\"https:\/\/www.corim.qc.ca\/fr\/1\/Accueil\" target=\"_blank\" rel=\"noopener\" data-hs-link-id=\"0\">CORIM<\/a><\/p>\r\n<p align=\"justify\">4 octobre 2023\u00a0\u2013\u00a0<a href=\"https:\/\/www.carrefour-acq.org\/evenements\/colloque-sur-electrification-transports-carburants-alternatifs\" target=\"_blank\" rel=\"noopener\" data-hs-link-id=\"0\">Colloque sur l\u2019\u00e9lectrification des transports et carburants alternatifs<\/a>\u00a0\u2013\u00a0<a href=\"https:\/\/www.carrefour-acq.org\/accueil\" target=\"_blank\" rel=\"noopener\" data-hs-link-id=\"2\">Association du camionnage du Qu\u00e9bec (ACQ)<\/a><\/p>\r\n<p align=\"justify\">26 octobre 2023\u00a0\u2013\u00a0<a href=\"https:\/\/app.amilia.com\/store\/fr\/cegep-andre-laurendeau\/api\/Activity\/Detail?activityId=kLG75na\" target=\"_blank\" rel=\"noopener\" data-hs-link-id=\"0\">Virage 4.0\u202f: Des notions aux solutions<\/a>\u00a0\u2013\u00a0<a href=\"https:\/\/claurendeau.qc.ca\/\" target=\"_blank\" rel=\"noopener\" data-hs-link-id=\"0\">C\u00e9gep Andr\u00e9-Laurendeau<\/a>\u00a0<\/p>\r\n<p align=\"justify\">26 octobre 2023\u00a0\u2013\u00a0<a href=\"https:\/\/www.carrefour-acq.org\/evenements\/crustaces\" target=\"_blank\" rel=\"noopener\" data-hs-link-id=\"0\">D\u00eener annuel de crustac\u00e9s<\/a>\u00a0\u2013\u00a0<a href=\"https:\/\/www.carrefour-acq.org\/accueil\" target=\"_blank\" rel=\"noopener\" data-hs-link-id=\"3\">Association du camionnage du Qu\u00e9bec (ACQ)<\/a><\/p>\r\n<p align=\"justify\">15 novembre 2023\u00a0\u2013\u00a0<a href=\"https:\/\/info.cargo-montreal.ca\/inscription-journ%C3%A9e-carri%C3%A8res-2023\" target=\"_blank\" rel=\"noopener\" data-hs-link-id=\"1\">Journ\u00e9e carri\u00e8res en transport et logistique<\/a>\u00a0\u2013\u00a0<a href=\"https:\/\/www.cargo-montreal.ca\/fr\/\" target=\"_blank\" rel=\"noopener\" data-hs-link-id=\"0\">CargoM\u00a0<\/a><\/p>","protected":false},"excerpt":{"rendered":"Ne manquez pas les \u00e9v\u00e9nements suivants. Si vous souhaitez que CargoM ajoute votre \u00e9v\u00e9nement \u00e0 son\u00a0calendrier, contactez Mme\u00a0Karine Dudognon. 3 au 9 septembre 2023\u00a0\u2013\u00a025e Semaine nationale du camionnage\u00a0\u2013\u00a0Association du camionnage du Qu\u00e9bec (ACQ) 8 septembre 2023\u00a0\u2013\u00a0Soir\u00e9e de l&rsquo;industrie\u00a0\u2013\u00a0Association du camionnage du Qu\u00e9bec (ACQ) 11 septembre 2023\u00a0\u2013\u00a0Free Trade with Europe (CETA): what\u2019s in it for us?\u00a0(Virtual)\u00a0\u2013\u00a0Invest [&hellip;]","protected":false},"author":39,"featured_media":14864,"comment_status":"closed","ping_status":"closed","sticky":false,"template":"","format":"standard","meta":{"_acf_changed":false,"footnotes":""},"categories":[20],"tags":[],"class_list":["post-15528","post","type-post","status-publish","format-standard","has-post-thumbnail","hentry","category-services-logistiques"],"acf":[],"yoast_head":"<!-- This site is optimized with the Yoast SEO plugin v27.3 - https:\/\/yoast.com\/product\/yoast-seo-wordpress\/ -->\n<title>Calendrier des \u00e9v\u00e9nements - CargoM<\/title>\n<meta name=\"robots\" content=\"index, follow, max-snippet:-1, max-image-preview:large, max-video-preview:-1\" \/>\n<link rel=\"canonical\" href=\"https:\/\/www.cargo-montreal.ca\/fr\/1-calendrier-des-evenements-7\/\" \/>\n<meta property=\"og:locale\" content=\"fr_FR\" \/>\n<meta property=\"og:type\" content=\"article\" \/>\n<meta property=\"og:title\" content=\"Calendrier des \u00e9v\u00e9nements - CargoM\" \/>\n<meta property=\"og:description\" content=\"Ne manquez pas les \u00e9v\u00e9nements suivants. Si vous souhaitez que CargoM ajoute votre \u00e9v\u00e9nement \u00e0 son\u00a0calendrier, contactez Mme\u00a0Karine Dudognon. 3 au 9 septembre 2023\u00a0\u2013\u00a025e Semaine nationale du camionnage\u00a0\u2013\u00a0Association du camionnage du Qu\u00e9bec (ACQ) 8 septembre 2023\u00a0\u2013\u00a0Soir\u00e9e de l&rsquo;industrie\u00a0\u2013\u00a0Association du camionnage du Qu\u00e9bec (ACQ) 11 septembre 2023\u00a0\u2013\u00a0Free Trade with Europe (CETA): what\u2019s in it for us?\u00a0(Virtual)\u00a0\u2013\u00a0Invest [&hellip;]\" \/>\n<meta property=\"og:url\" content=\"https:\/\/www.cargo-montreal.ca\/fr\/1-calendrier-des-evenements-7\/\" \/>\n<meta property=\"og:site_name\" content=\"CargoM\" \/>\n<meta property=\"article:published_time\" content=\"2023-09-07T01:34:47+00:00\" \/>\n<meta property=\"article:modified_time\" content=\"2023-09-07T18:11:01+00:00\" \/>\n<meta property=\"og:image\" content=\"https:\/\/www.cargo-montreal.ca\/wp-content\/uploads\/2023\/05\/calendrier-scaled.jpg\" \/>\n\t<meta property=\"og:image:width\" content=\"2560\" \/>\n\t<meta property=\"og:image:height\" content=\"2560\" \/>\n\t<meta property=\"og:image:type\" content=\"image\/jpeg\" \/>\n<meta name=\"author\" content=\"Karine Dudognon\" \/>\n<meta name=\"twitter:card\" content=\"summary_large_image\" \/>\n<meta name=\"twitter:label1\" content=\"\u00c9crit par\" \/>\n\t<meta name=\"twitter:data1\" content=\"Karine Dudognon\" \/>\n\t<meta name=\"twitter:label2\" content=\"Dur\u00e9e de lecture estim\u00e9e\" \/>\n\t<meta name=\"twitter:data2\" content=\"1 minute\" \/>\n<script type=\"application\/ld+json\" class=\"yoast-schema-graph\">{\"@context\":\"https:\\\/\\\/schema.org\",\"@graph\":[{\"@type\":\"Article\",\"@id\":\"https:\\\/\\\/www.cargo-montreal.ca\\\/fr\\\/1-calendrier-des-evenements-7\\\/#article\",\"isPartOf\":{\"@id\":\"https:\\\/\\\/www.cargo-montreal.ca\\\/fr\\\/1-calendrier-des-evenements-7\\\/\"},\"author\":{\"name\":\"Karine Dudognon\",\"@id\":\"https:\\\/\\\/www.cargo-montreal.ca\\\/fr\\\/#\\\/schema\\\/person\\\/80476d173ce654813db9fd1533901365\"},\"headline\":\"Calendrier des \u00e9v\u00e9nements\",\"datePublished\":\"2023-09-07T01:34:47+00:00\",\"dateModified\":\"2023-09-07T18:11:01+00:00\",\"mainEntityOfPage\":{\"@id\":\"https:\\\/\\\/www.cargo-montreal.ca\\\/fr\\\/1-calendrier-des-evenements-7\\\/\"},\"wordCount\":137,\"image\":{\"@id\":\"https:\\\/\\\/www.cargo-montreal.ca\\\/fr\\\/1-calendrier-des-evenements-7\\\/#primaryimage\"},\"thumbnailUrl\":\"https:\\\/\\\/www.cargo-montreal.ca\\\/wp-content\\\/uploads\\\/2023\\\/05\\\/calendrier-scaled.jpg\",\"articleSection\":[\"Services logistiques\"],\"inLanguage\":\"fr-FR\"},{\"@type\":\"WebPage\",\"@id\":\"https:\\\/\\\/www.cargo-montreal.ca\\\/fr\\\/1-calendrier-des-evenements-7\\\/\",\"url\":\"https:\\\/\\\/www.cargo-montreal.ca\\\/fr\\\/1-calendrier-des-evenements-7\\\/\",\"name\":\"Calendrier des \u00e9v\u00e9nements - CargoM\",\"isPartOf\":{\"@id\":\"https:\\\/\\\/www.cargo-montreal.ca\\\/fr\\\/#website\"},\"primaryImageOfPage\":{\"@id\":\"https:\\\/\\\/www.cargo-montreal.ca\\\/fr\\\/1-calendrier-des-evenements-7\\\/#primaryimage\"},\"image\":{\"@id\":\"https:\\\/\\\/www.cargo-montreal.ca\\\/fr\\\/1-calendrier-des-evenements-7\\\/#primaryimage\"},\"thumbnailUrl\":\"https:\\\/\\\/www.cargo-montreal.ca\\\/wp-content\\\/uploads\\\/2023\\\/05\\\/calendrier-scaled.jpg\",\"datePublished\":\"2023-09-07T01:34:47+00:00\",\"dateModified\":\"2023-09-07T18:11:01+00:00\",\"author\":{\"@id\":\"https:\\\/\\\/www.cargo-montreal.ca\\\/fr\\\/#\\\/schema\\\/person\\\/80476d173ce654813db9fd1533901365\"},\"breadcrumb\":{\"@id\":\"https:\\\/\\\/www.cargo-montreal.ca\\\/fr\\\/1-calendrier-des-evenements-7\\\/#breadcrumb\"},\"inLanguage\":\"fr-FR\",\"potentialAction\":[{\"@type\":\"ReadAction\",\"target\":[\"https:\\\/\\\/www.cargo-montreal.ca\\\/fr\\\/1-calendrier-des-evenements-7\\\/\"]}]},{\"@type\":\"ImageObject\",\"inLanguage\":\"fr-FR\",\"@id\":\"https:\\\/\\\/www.cargo-montreal.ca\\\/fr\\\/1-calendrier-des-evenements-7\\\/#primaryimage\",\"url\":\"https:\\\/\\\/www.cargo-montreal.ca\\\/wp-content\\\/uploads\\\/2023\\\/05\\\/calendrier-scaled.jpg\",\"contentUrl\":\"https:\\\/\\\/www.cargo-montreal.ca\\\/wp-content\\\/uploads\\\/2023\\\/05\\\/calendrier-scaled.jpg\",\"width\":2560,\"height\":2560},{\"@type\":\"BreadcrumbList\",\"@id\":\"https:\\\/\\\/www.cargo-montreal.ca\\\/fr\\\/1-calendrier-des-evenements-7\\\/#breadcrumb\",\"itemListElement\":[{\"@type\":\"ListItem\",\"position\":1,\"name\":\"Home\",\"item\":\"https:\\\/\\\/www.cargo-montreal.ca\\\/fr\\\/\"},{\"@type\":\"ListItem\",\"position\":2,\"name\":\"Calendrier des \u00e9v\u00e9nements\"}]},{\"@type\":\"WebSite\",\"@id\":\"https:\\\/\\\/www.cargo-montreal.ca\\\/fr\\\/#website\",\"url\":\"https:\\\/\\\/www.cargo-montreal.ca\\\/fr\\\/\",\"name\":\"CargoM\",\"description\":\"La mission de CargoM: Rassembler les acteurs de la logistique &amp; du transport de marchandises du Grand Montr\u00e9al autour d&#039;objectifs communs, d&#039;actions concert\u00e9es\",\"potentialAction\":[{\"@type\":\"SearchAction\",\"target\":{\"@type\":\"EntryPoint\",\"urlTemplate\":\"https:\\\/\\\/www.cargo-montreal.ca\\\/fr\\\/?s={search_term_string}\"},\"query-input\":{\"@type\":\"PropertyValueSpecification\",\"valueRequired\":true,\"valueName\":\"search_term_string\"}}],\"inLanguage\":\"fr-FR\"},{\"@type\":\"Person\",\"@id\":\"https:\\\/\\\/www.cargo-montreal.ca\\\/fr\\\/#\\\/schema\\\/person\\\/80476d173ce654813db9fd1533901365\",\"name\":\"Karine Dudognon\",\"image\":{\"@type\":\"ImageObject\",\"inLanguage\":\"fr-FR\",\"@id\":\"https:\\\/\\\/secure.gravatar.com\\\/avatar\\\/673bdfb703a9b6685a88bc7dfb04a9ea2b48b30e9d1663a5e759a4e9bfa3e2c0?s=96&d=mm&r=g\",\"url\":\"https:\\\/\\\/secure.gravatar.com\\\/avatar\\\/673bdfb703a9b6685a88bc7dfb04a9ea2b48b30e9d1663a5e759a4e9bfa3e2c0?s=96&d=mm&r=g\",\"contentUrl\":\"https:\\\/\\\/secure.gravatar.com\\\/avatar\\\/673bdfb703a9b6685a88bc7dfb04a9ea2b48b30e9d1663a5e759a4e9bfa3e2c0?s=96&d=mm&r=g\",\"caption\":\"Karine Dudognon\"},\"url\":\"https:\\\/\\\/www.cargo-montreal.ca\\\/fr\\\/author\\\/karine\\\/\"}]}<\/script>\n<!-- \/ Yoast SEO plugin. -->","yoast_head_json":{"title":"Calendrier des \u00e9v\u00e9nements - CargoM","robots":{"index":"index","follow":"follow","max-snippet":"max-snippet:-1","max-image-preview":"max-image-preview:large","max-video-preview":"max-video-preview:-1"},"canonical":"https:\/\/www.cargo-montreal.ca\/fr\/1-calendrier-des-evenements-7\/","og_locale":"fr_FR","og_type":"article","og_title":"Calendrier des \u00e9v\u00e9nements - CargoM","og_description":"Ne manquez pas les \u00e9v\u00e9nements suivants. Si vous souhaitez que CargoM ajoute votre \u00e9v\u00e9nement \u00e0 son\u00a0calendrier, contactez Mme\u00a0Karine Dudognon. 3 au 9 septembre 2023\u00a0\u2013\u00a025e Semaine nationale du camionnage\u00a0\u2013\u00a0Association du camionnage du Qu\u00e9bec (ACQ) 8 septembre 2023\u00a0\u2013\u00a0Soir\u00e9e de l&rsquo;industrie\u00a0\u2013\u00a0Association du camionnage du Qu\u00e9bec (ACQ) 11 septembre 2023\u00a0\u2013\u00a0Free Trade with Europe (CETA): what\u2019s in it for us?\u00a0(Virtual)\u00a0\u2013\u00a0Invest [&hellip;]","og_url":"https:\/\/www.cargo-montreal.ca\/fr\/1-calendrier-des-evenements-7\/","og_site_name":"CargoM","article_published_time":"2023-09-07T01:34:47+00:00","article_modified_time":"2023-09-07T18:11:01+00:00","og_image":[{"width":2560,"height":2560,"url":"https:\/\/www.cargo-montreal.ca\/wp-content\/uploads\/2023\/05\/calendrier-scaled.jpg","type":"image\/jpeg"}],"author":"Karine Dudognon","twitter_card":"summary_large_image","twitter_misc":{"\u00c9crit par":"Karine Dudognon","Dur\u00e9e de lecture estim\u00e9e":"1 minute"},"schema":{"@context":"https:\/\/schema.org","@graph":[{"@type":"Article","@id":"https:\/\/www.cargo-montreal.ca\/fr\/1-calendrier-des-evenements-7\/#article","isPartOf":{"@id":"https:\/\/www.cargo-montreal.ca\/fr\/1-calendrier-des-evenements-7\/"},"author":{"name":"Karine Dudognon","@id":"https:\/\/www.cargo-montreal.ca\/fr\/#\/schema\/person\/80476d173ce654813db9fd1533901365"},"headline":"Calendrier des \u00e9v\u00e9nements","datePublished":"2023-09-07T01:34:47+00:00","dateModified":"2023-09-07T18:11:01+00:00","mainEntityOfPage":{"@id":"https:\/\/www.cargo-montreal.ca\/fr\/1-calendrier-des-evenements-7\/"},"wordCount":137,"image":{"@id":"https:\/\/www.cargo-montreal.ca\/fr\/1-calendrier-des-evenements-7\/#primaryimage"},"thumbnailUrl":"https:\/\/www.cargo-montreal.ca\/wp-content\/uploads\/2023\/05\/calendrier-scaled.jpg","articleSection":["Services logistiques"],"inLanguage":"fr-FR"},{"@type":"WebPage","@id":"https:\/\/www.cargo-montreal.ca\/fr\/1-calendrier-des-evenements-7\/","url":"https:\/\/www.cargo-montreal.ca\/fr\/1-calendrier-des-evenements-7\/","name":"Calendrier des \u00e9v\u00e9nements - CargoM","isPartOf":{"@id":"https:\/\/www.cargo-montreal.ca\/fr\/#website"},"primaryImageOfPage":{"@id":"https:\/\/www.cargo-montreal.ca\/fr\/1-calendrier-des-evenements-7\/#primaryimage"},"image":{"@id":"https:\/\/www.cargo-montreal.ca\/fr\/1-calendrier-des-evenements-7\/#primaryimage"},"thumbnailUrl":"https:\/\/www.cargo-montreal.ca\/wp-content\/uploads\/2023\/05\/calendrier-scaled.jpg","datePublished":"2023-09-07T01:34:47+00:00","dateModified":"2023-09-07T18:11:01+00:00","author":{"@id":"https:\/\/www.cargo-montreal.ca\/fr\/#\/schema\/person\/80476d173ce654813db9fd1533901365"},"breadcrumb":{"@id":"https:\/\/www.cargo-montreal.ca\/fr\/1-calendrier-des-evenements-7\/#breadcrumb"},"inLanguage":"fr-FR","potentialAction":[{"@type":"ReadAction","target":["https:\/\/www.cargo-montreal.ca\/fr\/1-calendrier-des-evenements-7\/"]}]},{"@type":"ImageObject","inLanguage":"fr-FR","@id":"https:\/\/www.cargo-montreal.ca\/fr\/1-calendrier-des-evenements-7\/#primaryimage","url":"https:\/\/www.cargo-montreal.ca\/wp-content\/uploads\/2023\/05\/calendrier-scaled.jpg","contentUrl":"https:\/\/www.cargo-montreal.ca\/wp-content\/uploads\/2023\/05\/calendrier-scaled.jpg","width":2560,"height":2560},{"@type":"BreadcrumbList","@id":"https:\/\/www.cargo-montreal.ca\/fr\/1-calendrier-des-evenements-7\/#breadcrumb","itemListElement":[{"@type":"ListItem","position":1,"name":"Home","item":"https:\/\/www.cargo-montreal.ca\/fr\/"},{"@type":"ListItem","position":2,"name":"Calendrier des \u00e9v\u00e9nements"}]},{"@type":"WebSite","@id":"https:\/\/www.cargo-montreal.ca\/fr\/#website","url":"https:\/\/www.cargo-montreal.ca\/fr\/","name":"CargoM","description":"La mission de CargoM: Rassembler les acteurs de la logistique &amp; du transport de marchandises du Grand Montr\u00e9al autour d&#039;objectifs communs, d&#039;actions concert\u00e9es","potentialAction":[{"@type":"SearchAction","target":{"@type":"EntryPoint","urlTemplate":"https:\/\/www.cargo-montreal.ca\/fr\/?s={search_term_string}"},"query-input":{"@type":"PropertyValueSpecification","valueRequired":true,"valueName":"search_term_string"}}],"inLanguage":"fr-FR"},{"@type":"Person","@id":"https:\/\/www.cargo-montreal.ca\/fr\/#\/schema\/person\/80476d173ce654813db9fd1533901365","name":"Karine Dudognon","image":{"@type":"ImageObject","inLanguage":"fr-FR","@id":"https:\/\/secure.gravatar.com\/avatar\/673bdfb703a9b6685a88bc7dfb04a9ea2b48b30e9d1663a5e759a4e9bfa3e2c0?s=96&d=mm&r=g","url":"https:\/\/secure.gravatar.com\/avatar\/673bdfb703a9b6685a88bc7dfb04a9ea2b48b30e9d1663a5e759a4e9bfa3e2c0?s=96&d=mm&r=g","contentUrl":"https:\/\/secure.gravatar.com\/avatar\/673bdfb703a9b6685a88bc7dfb04a9ea2b48b30e9d1663a5e759a4e9bfa3e2c0?s=96&d=mm&r=g","caption":"Karine Dudognon"},"url":"https:\/\/www.cargo-montreal.ca\/fr\/author\/karine\/"}]}},"_links":{"self":[{"href":"https:\/\/www.cargo-montreal.ca\/fr\/wp-json\/wp\/v2\/posts\/15528","targetHints":{"allow":["GET"]}}],"collection":[{"href":"https:\/\/www.cargo-montreal.ca\/fr\/wp-json\/wp\/v2\/posts"}],"about":[{"href":"https:\/\/www.cargo-montreal.ca\/fr\/wp-json\/wp\/v2\/types\/post"}],"author":[{"embeddable":true,"href":"https:\/\/www.cargo-montreal.ca\/fr\/wp-json\/wp\/v2\/users\/39"}],"replies":[{"embeddable":true,"href":"https:\/\/www.cargo-montreal.ca\/fr\/wp-json\/wp\/v2\/comments?post=15528"}],"version-history":[{"count":2,"href":"https:\/\/www.cargo-montreal.ca\/fr\/wp-json\/wp\/v2\/posts\/15528\/revisions"}],"predecessor-version":[{"id":15570,"href":"https:\/\/www.cargo-montreal.ca\/fr\/wp-json\/wp\/v2\/posts\/15528\/revisions\/15570"}],"wp:featuredmedia":[{"embeddable":true,"href":"https:\/\/www.cargo-montreal.ca\/fr\/wp-json\/wp\/v2\/media\/14864"}],"wp:attachment":[{"href":"https:\/\/www.cargo-montreal.ca\/fr\/wp-json\/wp\/v2\/media?parent=15528"}],"wp:term":[{"taxonomy":"category","embeddable":true,"href":"https:\/\/www.cargo-montreal.ca\/fr\/wp-json\/wp\/v2\/categories?post=15528"},{"taxonomy":"post_tag","embeddable":true,"href":"https:\/\/www.cargo-montreal.ca\/fr\/wp-json\/wp\/v2\/tags?post=15528"}],"curies":[{"name":"wp","href":"https:\/\/api.w.org\/{rel}","templated":true}]}}