{"id":16201,"date":"2023-12-14T02:30:43","date_gmt":"2023-12-14T02:30:43","guid":{"rendered":"https:\/\/www.cargo-montreal.ca\/?p=16201"},"modified":"2023-12-14T02:51:15","modified_gmt":"2023-12-14T02:51:15","slug":"1-calendrier-des-evenements-10","status":"publish","type":"post","link":"https:\/\/www.cargo-montreal.ca\/fr\/1-calendrier-des-evenements-10\/","title":{"rendered":"Calendrier des \u00e9v\u00e9nements"},"content":{"rendered":"<table role=\"presentation\" width=\"100%\" cellspacing=\"0\" cellpadding=\"0\">\r\n<tbody>\r\n<tr>\r\n<td class=\"hs_padded\">\r\n<div id=\"hs_cos_wrapper_module_16815009945601\" class=\"hs_cos_wrapper hs_cos_wrapper_widget hs_cos_wrapper_type_module\" data-hs-cos-general-type=\"widget\" data-hs-cos-type=\"module\">\r\n<div id=\"hs_cos_wrapper_module_16815009945601_\" class=\"hs_cos_wrapper hs_cos_wrapper_widget hs_cos_wrapper_type_rich_text\" data-hs-cos-general-type=\"widget\" data-hs-cos-type=\"rich_text\">\r\n<p>Ne manquez pas les \u00e9v\u00e9nements suivants. Si vous souhaitez que CargoM ajoute votre \u00e9v\u00e9nement \u00e0 son\u00a0<a href=\"https:\/\/www.cargo-montreal.ca\/fr\/calendrier\/\" target=\"_blank\" rel=\"noopener\" data-hs-link-id=\"0\">calendrier<\/a>, contactez Mme\u00a0<a href=\"mailto:kdudognon@cargo-montreal.ca\" target=\"_blank\" rel=\"noopener\" data-hs-link-id=\"0\">Karine Dudognon<\/a>.<\/p>\r\n<p align=\"justify\">15 d\u00e9cembre 2023\u00a0\u2013\u00a0<a href=\"https:\/\/forms.office.com\/pages\/responsepage.aspx?id=qf8IILLJl02a2UrOJThr5-CaBVJXG0xFtIuY_oGdNB9UREpHRkFLTzQ4UVkyWEs4U0pBUzlES1FVQiQlQCN0PWcu\" target=\"_blank\" rel=\"noopener\" data-hs-link-id=\"0\">Forum national sur la cha\u00eene d\u2019approvisionnement<\/a>\u00a0\u2013\u00a0<a href=\"https:\/\/tc.canada.ca\/fr\/chaine-approvisionnement-transport-canada\/bureau-national-chaine-approvisionnement\/chef\" target=\"_blank\" rel=\"noopener\" data-hs-link-id=\"0\">Bureau national de la cha\u00eene d\u2019approvisionnement<\/a><\/p>\r\n<p align=\"justify\">29 janvier 2024\u00a0\u2013\u00a0<a href=\"https:\/\/www.cerclecanadien-montreal.ca\/fr\/tous-les-evenements-1\/detail\/panel-sur-la-chaine-logistique\/45774\" target=\"_blank\" rel=\"noopener\" data-hs-link-id=\"0\">Rendez-vous avec nos PDG<\/a>\u00a0\u2013\u00a0<a href=\"https:\/\/www.cerclecanadien-montreal.ca\/fr\/\" target=\"_blank\" rel=\"noopener\" data-hs-link-id=\"0\">Le Cercle canadien<\/a><\/p>\r\n<\/div>\r\n<\/div>\r\n<\/td>\r\n<\/tr>\r\n<\/tbody>\r\n<\/table>","protected":false},"excerpt":{"rendered":"Ne manquez pas les \u00e9v\u00e9nements suivants. Si vous souhaitez que CargoM ajoute votre \u00e9v\u00e9nement \u00e0 son\u00a0calendrier, contactez Mme\u00a0Karine Dudognon. 15 d\u00e9cembre 2023\u00a0\u2013\u00a0Forum national sur la cha\u00eene d\u2019approvisionnement\u00a0\u2013\u00a0Bureau national de la cha\u00eene d\u2019approvisionnement 29 janvier 2024\u00a0\u2013\u00a0Rendez-vous avec nos PDG\u00a0\u2013\u00a0Le Cercle canadien","protected":false},"author":39,"featured_media":14864,"comment_status":"closed","ping_status":"closed","sticky":false,"template":"","format":"standard","meta":{"_acf_changed":false,"footnotes":""},"categories":[20],"tags":[],"class_list":["post-16201","post","type-post","status-publish","format-standard","has-post-thumbnail","hentry","category-services-logistiques"],"acf":[],"yoast_head":"<!-- This site is optimized with the Yoast SEO plugin v27.3 - https:\/\/yoast.com\/product\/yoast-seo-wordpress\/ -->\n<title>Calendrier des \u00e9v\u00e9nements - CargoM<\/title>\n<meta name=\"robots\" content=\"index, follow, max-snippet:-1, max-image-preview:large, max-video-preview:-1\" \/>\n<link rel=\"canonical\" href=\"https:\/\/www.cargo-montreal.ca\/fr\/1-calendrier-des-evenements-10\/\" \/>\n<meta property=\"og:locale\" content=\"fr_FR\" \/>\n<meta property=\"og:type\" content=\"article\" \/>\n<meta property=\"og:title\" content=\"Calendrier des \u00e9v\u00e9nements - CargoM\" \/>\n<meta property=\"og:description\" content=\"Ne manquez pas les \u00e9v\u00e9nements suivants. Si vous souhaitez que CargoM ajoute votre \u00e9v\u00e9nement \u00e0 son\u00a0calendrier, contactez Mme\u00a0Karine Dudognon. 15 d\u00e9cembre 2023\u00a0\u2013\u00a0Forum national sur la cha\u00eene d\u2019approvisionnement\u00a0\u2013\u00a0Bureau national de la cha\u00eene d\u2019approvisionnement 29 janvier 2024\u00a0\u2013\u00a0Rendez-vous avec nos PDG\u00a0\u2013\u00a0Le Cercle canadien\" \/>\n<meta property=\"og:url\" content=\"https:\/\/www.cargo-montreal.ca\/fr\/1-calendrier-des-evenements-10\/\" \/>\n<meta property=\"og:site_name\" content=\"CargoM\" \/>\n<meta property=\"article:published_time\" content=\"2023-12-14T02:30:43+00:00\" \/>\n<meta property=\"article:modified_time\" content=\"2023-12-14T02:51:15+00:00\" \/>\n<meta property=\"og:image\" content=\"https:\/\/www.cargo-montreal.ca\/wp-content\/uploads\/2023\/05\/calendrier-scaled.jpg\" \/>\n\t<meta property=\"og:image:width\" content=\"2560\" \/>\n\t<meta property=\"og:image:height\" content=\"2560\" \/>\n\t<meta property=\"og:image:type\" content=\"image\/jpeg\" \/>\n<meta name=\"author\" content=\"Karine Dudognon\" \/>\n<meta name=\"twitter:card\" content=\"summary_large_image\" \/>\n<meta name=\"twitter:label1\" content=\"\u00c9crit par\" \/>\n\t<meta name=\"twitter:data1\" content=\"Karine Dudognon\" \/>\n\t<meta name=\"twitter:label2\" content=\"Dur\u00e9e de lecture estim\u00e9e\" \/>\n\t<meta name=\"twitter:data2\" content=\"1 minute\" \/>\n<script type=\"application\/ld+json\" class=\"yoast-schema-graph\">{\"@context\":\"https:\\\/\\\/schema.org\",\"@graph\":[{\"@type\":\"Article\",\"@id\":\"https:\\\/\\\/www.cargo-montreal.ca\\\/fr\\\/1-calendrier-des-evenements-10\\\/#article\",\"isPartOf\":{\"@id\":\"https:\\\/\\\/www.cargo-montreal.ca\\\/fr\\\/1-calendrier-des-evenements-10\\\/\"},\"author\":{\"name\":\"Karine Dudognon\",\"@id\":\"https:\\\/\\\/www.cargo-montreal.ca\\\/fr\\\/#\\\/schema\\\/person\\\/80476d173ce654813db9fd1533901365\"},\"headline\":\"Calendrier des \u00e9v\u00e9nements\",\"datePublished\":\"2023-12-14T02:30:43+00:00\",\"dateModified\":\"2023-12-14T02:51:15+00:00\",\"mainEntityOfPage\":{\"@id\":\"https:\\\/\\\/www.cargo-montreal.ca\\\/fr\\\/1-calendrier-des-evenements-10\\\/\"},\"wordCount\":52,\"image\":{\"@id\":\"https:\\\/\\\/www.cargo-montreal.ca\\\/fr\\\/1-calendrier-des-evenements-10\\\/#primaryimage\"},\"thumbnailUrl\":\"https:\\\/\\\/www.cargo-montreal.ca\\\/wp-content\\\/uploads\\\/2023\\\/05\\\/calendrier-scaled.jpg\",\"articleSection\":[\"Services logistiques\"],\"inLanguage\":\"fr-FR\"},{\"@type\":\"WebPage\",\"@id\":\"https:\\\/\\\/www.cargo-montreal.ca\\\/fr\\\/1-calendrier-des-evenements-10\\\/\",\"url\":\"https:\\\/\\\/www.cargo-montreal.ca\\\/fr\\\/1-calendrier-des-evenements-10\\\/\",\"name\":\"Calendrier des \u00e9v\u00e9nements - CargoM\",\"isPartOf\":{\"@id\":\"https:\\\/\\\/www.cargo-montreal.ca\\\/fr\\\/#website\"},\"primaryImageOfPage\":{\"@id\":\"https:\\\/\\\/www.cargo-montreal.ca\\\/fr\\\/1-calendrier-des-evenements-10\\\/#primaryimage\"},\"image\":{\"@id\":\"https:\\\/\\\/www.cargo-montreal.ca\\\/fr\\\/1-calendrier-des-evenements-10\\\/#primaryimage\"},\"thumbnailUrl\":\"https:\\\/\\\/www.cargo-montreal.ca\\\/wp-content\\\/uploads\\\/2023\\\/05\\\/calendrier-scaled.jpg\",\"datePublished\":\"2023-12-14T02:30:43+00:00\",\"dateModified\":\"2023-12-14T02:51:15+00:00\",\"author\":{\"@id\":\"https:\\\/\\\/www.cargo-montreal.ca\\\/fr\\\/#\\\/schema\\\/person\\\/80476d173ce654813db9fd1533901365\"},\"breadcrumb\":{\"@id\":\"https:\\\/\\\/www.cargo-montreal.ca\\\/fr\\\/1-calendrier-des-evenements-10\\\/#breadcrumb\"},\"inLanguage\":\"fr-FR\",\"potentialAction\":[{\"@type\":\"ReadAction\",\"target\":[\"https:\\\/\\\/www.cargo-montreal.ca\\\/fr\\\/1-calendrier-des-evenements-10\\\/\"]}]},{\"@type\":\"ImageObject\",\"inLanguage\":\"fr-FR\",\"@id\":\"https:\\\/\\\/www.cargo-montreal.ca\\\/fr\\\/1-calendrier-des-evenements-10\\\/#primaryimage\",\"url\":\"https:\\\/\\\/www.cargo-montreal.ca\\\/wp-content\\\/uploads\\\/2023\\\/05\\\/calendrier-scaled.jpg\",\"contentUrl\":\"https:\\\/\\\/www.cargo-montreal.ca\\\/wp-content\\\/uploads\\\/2023\\\/05\\\/calendrier-scaled.jpg\",\"width\":2560,\"height\":2560},{\"@type\":\"BreadcrumbList\",\"@id\":\"https:\\\/\\\/www.cargo-montreal.ca\\\/fr\\\/1-calendrier-des-evenements-10\\\/#breadcrumb\",\"itemListElement\":[{\"@type\":\"ListItem\",\"position\":1,\"name\":\"Home\",\"item\":\"https:\\\/\\\/www.cargo-montreal.ca\\\/fr\\\/\"},{\"@type\":\"ListItem\",\"position\":2,\"name\":\"Calendrier des \u00e9v\u00e9nements\"}]},{\"@type\":\"WebSite\",\"@id\":\"https:\\\/\\\/www.cargo-montreal.ca\\\/fr\\\/#website\",\"url\":\"https:\\\/\\\/www.cargo-montreal.ca\\\/fr\\\/\",\"name\":\"CargoM\",\"description\":\"La mission de CargoM: Rassembler les acteurs de la logistique &amp; du transport de marchandises du Grand Montr\u00e9al autour d&#039;objectifs communs, d&#039;actions concert\u00e9es\",\"potentialAction\":[{\"@type\":\"SearchAction\",\"target\":{\"@type\":\"EntryPoint\",\"urlTemplate\":\"https:\\\/\\\/www.cargo-montreal.ca\\\/fr\\\/?s={search_term_string}\"},\"query-input\":{\"@type\":\"PropertyValueSpecification\",\"valueRequired\":true,\"valueName\":\"search_term_string\"}}],\"inLanguage\":\"fr-FR\"},{\"@type\":\"Person\",\"@id\":\"https:\\\/\\\/www.cargo-montreal.ca\\\/fr\\\/#\\\/schema\\\/person\\\/80476d173ce654813db9fd1533901365\",\"name\":\"Karine Dudognon\",\"image\":{\"@type\":\"ImageObject\",\"inLanguage\":\"fr-FR\",\"@id\":\"https:\\\/\\\/secure.gravatar.com\\\/avatar\\\/673bdfb703a9b6685a88bc7dfb04a9ea2b48b30e9d1663a5e759a4e9bfa3e2c0?s=96&d=mm&r=g\",\"url\":\"https:\\\/\\\/secure.gravatar.com\\\/avatar\\\/673bdfb703a9b6685a88bc7dfb04a9ea2b48b30e9d1663a5e759a4e9bfa3e2c0?s=96&d=mm&r=g\",\"contentUrl\":\"https:\\\/\\\/secure.gravatar.com\\\/avatar\\\/673bdfb703a9b6685a88bc7dfb04a9ea2b48b30e9d1663a5e759a4e9bfa3e2c0?s=96&d=mm&r=g\",\"caption\":\"Karine Dudognon\"},\"url\":\"https:\\\/\\\/www.cargo-montreal.ca\\\/fr\\\/author\\\/karine\\\/\"}]}<\/script>\n<!-- \/ Yoast SEO plugin. -->","yoast_head_json":{"title":"Calendrier des \u00e9v\u00e9nements - CargoM","robots":{"index":"index","follow":"follow","max-snippet":"max-snippet:-1","max-image-preview":"max-image-preview:large","max-video-preview":"max-video-preview:-1"},"canonical":"https:\/\/www.cargo-montreal.ca\/fr\/1-calendrier-des-evenements-10\/","og_locale":"fr_FR","og_type":"article","og_title":"Calendrier des \u00e9v\u00e9nements - CargoM","og_description":"Ne manquez pas les \u00e9v\u00e9nements suivants. Si vous souhaitez que CargoM ajoute votre \u00e9v\u00e9nement \u00e0 son\u00a0calendrier, contactez Mme\u00a0Karine Dudognon. 15 d\u00e9cembre 2023\u00a0\u2013\u00a0Forum national sur la cha\u00eene d\u2019approvisionnement\u00a0\u2013\u00a0Bureau national de la cha\u00eene d\u2019approvisionnement 29 janvier 2024\u00a0\u2013\u00a0Rendez-vous avec nos PDG\u00a0\u2013\u00a0Le Cercle canadien","og_url":"https:\/\/www.cargo-montreal.ca\/fr\/1-calendrier-des-evenements-10\/","og_site_name":"CargoM","article_published_time":"2023-12-14T02:30:43+00:00","article_modified_time":"2023-12-14T02:51:15+00:00","og_image":[{"width":2560,"height":2560,"url":"https:\/\/www.cargo-montreal.ca\/wp-content\/uploads\/2023\/05\/calendrier-scaled.jpg","type":"image\/jpeg"}],"author":"Karine Dudognon","twitter_card":"summary_large_image","twitter_misc":{"\u00c9crit par":"Karine Dudognon","Dur\u00e9e de lecture estim\u00e9e":"1 minute"},"schema":{"@context":"https:\/\/schema.org","@graph":[{"@type":"Article","@id":"https:\/\/www.cargo-montreal.ca\/fr\/1-calendrier-des-evenements-10\/#article","isPartOf":{"@id":"https:\/\/www.cargo-montreal.ca\/fr\/1-calendrier-des-evenements-10\/"},"author":{"name":"Karine Dudognon","@id":"https:\/\/www.cargo-montreal.ca\/fr\/#\/schema\/person\/80476d173ce654813db9fd1533901365"},"headline":"Calendrier des \u00e9v\u00e9nements","datePublished":"2023-12-14T02:30:43+00:00","dateModified":"2023-12-14T02:51:15+00:00","mainEntityOfPage":{"@id":"https:\/\/www.cargo-montreal.ca\/fr\/1-calendrier-des-evenements-10\/"},"wordCount":52,"image":{"@id":"https:\/\/www.cargo-montreal.ca\/fr\/1-calendrier-des-evenements-10\/#primaryimage"},"thumbnailUrl":"https:\/\/www.cargo-montreal.ca\/wp-content\/uploads\/2023\/05\/calendrier-scaled.jpg","articleSection":["Services logistiques"],"inLanguage":"fr-FR"},{"@type":"WebPage","@id":"https:\/\/www.cargo-montreal.ca\/fr\/1-calendrier-des-evenements-10\/","url":"https:\/\/www.cargo-montreal.ca\/fr\/1-calendrier-des-evenements-10\/","name":"Calendrier des \u00e9v\u00e9nements - CargoM","isPartOf":{"@id":"https:\/\/www.cargo-montreal.ca\/fr\/#website"},"primaryImageOfPage":{"@id":"https:\/\/www.cargo-montreal.ca\/fr\/1-calendrier-des-evenements-10\/#primaryimage"},"image":{"@id":"https:\/\/www.cargo-montreal.ca\/fr\/1-calendrier-des-evenements-10\/#primaryimage"},"thumbnailUrl":"https:\/\/www.cargo-montreal.ca\/wp-content\/uploads\/2023\/05\/calendrier-scaled.jpg","datePublished":"2023-12-14T02:30:43+00:00","dateModified":"2023-12-14T02:51:15+00:00","author":{"@id":"https:\/\/www.cargo-montreal.ca\/fr\/#\/schema\/person\/80476d173ce654813db9fd1533901365"},"breadcrumb":{"@id":"https:\/\/www.cargo-montreal.ca\/fr\/1-calendrier-des-evenements-10\/#breadcrumb"},"inLanguage":"fr-FR","potentialAction":[{"@type":"ReadAction","target":["https:\/\/www.cargo-montreal.ca\/fr\/1-calendrier-des-evenements-10\/"]}]},{"@type":"ImageObject","inLanguage":"fr-FR","@id":"https:\/\/www.cargo-montreal.ca\/fr\/1-calendrier-des-evenements-10\/#primaryimage","url":"https:\/\/www.cargo-montreal.ca\/wp-content\/uploads\/2023\/05\/calendrier-scaled.jpg","contentUrl":"https:\/\/www.cargo-montreal.ca\/wp-content\/uploads\/2023\/05\/calendrier-scaled.jpg","width":2560,"height":2560},{"@type":"BreadcrumbList","@id":"https:\/\/www.cargo-montreal.ca\/fr\/1-calendrier-des-evenements-10\/#breadcrumb","itemListElement":[{"@type":"ListItem","position":1,"name":"Home","item":"https:\/\/www.cargo-montreal.ca\/fr\/"},{"@type":"ListItem","position":2,"name":"Calendrier des \u00e9v\u00e9nements"}]},{"@type":"WebSite","@id":"https:\/\/www.cargo-montreal.ca\/fr\/#website","url":"https:\/\/www.cargo-montreal.ca\/fr\/","name":"CargoM","description":"La mission de CargoM: Rassembler les acteurs de la logistique &amp; du transport de marchandises du Grand Montr\u00e9al autour d&#039;objectifs communs, d&#039;actions concert\u00e9es","potentialAction":[{"@type":"SearchAction","target":{"@type":"EntryPoint","urlTemplate":"https:\/\/www.cargo-montreal.ca\/fr\/?s={search_term_string}"},"query-input":{"@type":"PropertyValueSpecification","valueRequired":true,"valueName":"search_term_string"}}],"inLanguage":"fr-FR"},{"@type":"Person","@id":"https:\/\/www.cargo-montreal.ca\/fr\/#\/schema\/person\/80476d173ce654813db9fd1533901365","name":"Karine Dudognon","image":{"@type":"ImageObject","inLanguage":"fr-FR","@id":"https:\/\/secure.gravatar.com\/avatar\/673bdfb703a9b6685a88bc7dfb04a9ea2b48b30e9d1663a5e759a4e9bfa3e2c0?s=96&d=mm&r=g","url":"https:\/\/secure.gravatar.com\/avatar\/673bdfb703a9b6685a88bc7dfb04a9ea2b48b30e9d1663a5e759a4e9bfa3e2c0?s=96&d=mm&r=g","contentUrl":"https:\/\/secure.gravatar.com\/avatar\/673bdfb703a9b6685a88bc7dfb04a9ea2b48b30e9d1663a5e759a4e9bfa3e2c0?s=96&d=mm&r=g","caption":"Karine Dudognon"},"url":"https:\/\/www.cargo-montreal.ca\/fr\/author\/karine\/"}]}},"_links":{"self":[{"href":"https:\/\/www.cargo-montreal.ca\/fr\/wp-json\/wp\/v2\/posts\/16201","targetHints":{"allow":["GET"]}}],"collection":[{"href":"https:\/\/www.cargo-montreal.ca\/fr\/wp-json\/wp\/v2\/posts"}],"about":[{"href":"https:\/\/www.cargo-montreal.ca\/fr\/wp-json\/wp\/v2\/types\/post"}],"author":[{"embeddable":true,"href":"https:\/\/www.cargo-montreal.ca\/fr\/wp-json\/wp\/v2\/users\/39"}],"replies":[{"embeddable":true,"href":"https:\/\/www.cargo-montreal.ca\/fr\/wp-json\/wp\/v2\/comments?post=16201"}],"version-history":[{"count":3,"href":"https:\/\/www.cargo-montreal.ca\/fr\/wp-json\/wp\/v2\/posts\/16201\/revisions"}],"predecessor-version":[{"id":16223,"href":"https:\/\/www.cargo-montreal.ca\/fr\/wp-json\/wp\/v2\/posts\/16201\/revisions\/16223"}],"wp:featuredmedia":[{"embeddable":true,"href":"https:\/\/www.cargo-montreal.ca\/fr\/wp-json\/wp\/v2\/media\/14864"}],"wp:attachment":[{"href":"https:\/\/www.cargo-montreal.ca\/fr\/wp-json\/wp\/v2\/media?parent=16201"}],"wp:term":[{"taxonomy":"category","embeddable":true,"href":"https:\/\/www.cargo-montreal.ca\/fr\/wp-json\/wp\/v2\/categories?post=16201"},{"taxonomy":"post_tag","embeddable":true,"href":"https:\/\/www.cargo-montreal.ca\/fr\/wp-json\/wp\/v2\/tags?post=16201"}],"curies":[{"name":"wp","href":"https:\/\/api.w.org\/{rel}","templated":true}]}}