{"id":16626,"date":"2024-02-22T01:56:19","date_gmt":"2024-02-22T01:56:19","guid":{"rendered":"https:\/\/www.cargo-montreal.ca\/?p=16626"},"modified":"2024-02-22T01:57:02","modified_gmt":"2024-02-22T01:57:02","slug":"1-sondage-performance-environnementale","status":"publish","type":"post","link":"https:\/\/www.cargo-montreal.ca\/fr\/1-sondage-performance-environnementale\/","title":{"rendered":"Sondage : Performance environnementale"},"content":{"rendered":"<p align=\"justify\">L\u2019<a href=\"https:\/\/allianceverte.org\/\" target=\"_blank\" rel=\"noopener\" data-hs-link-id=\"0\">Alliance verte<\/a>\u00a0travaille \u00e0 guider l\u2019industrie maritime nord-am\u00e9ricaine vers l\u2019excellence environnementale, en proposant un programme de certification permettant \u00e0 ses participants, dans un premier temps, d\u2019\u00e9valuer leur performance environnementale, pour ensuite l\u2019am\u00e9liorer continuellement gr\u00e2ce \u00e0 des actions mesurables et concr\u00e8tes.<\/p>\r\n<p align=\"justify\">Ce court sondage de quelques minutes aidera l\u2019Alliance verte \u00e0 collecter des informations sur ses associations membres dans le but d\u2019am\u00e9liorer la collaboration et de mieux diffuser conjointement le message environnemental de l\u2019industrie maritime.<\/p>\r\n<p align=\"justify\">Vous avez jusqu\u2019au<strong>\u00a0<\/strong>vendredi\u00a08 mars 2024\u00a0pour r\u00e9pondre au sondage. L\u2019Alliance verte\u00a0traitera les r\u00e9ponses dans les semaines \u00e0 venir et recommuniquera avec la personne contact identifi\u00e9e dans le sondage pour partager les conclusions et les prochaines \u00e9tapes.<\/p>\r\n<p><a href=\"https:\/\/www.surveymonkey.com\/r\/2GD26XR\" target=\"_blank\" rel=\"noopener\" data-hs-link-id=\"0\">R\u00e9pondre au sondage<\/a>\u00a0<\/p>","protected":false},"excerpt":{"rendered":"L\u2019Alliance verte\u00a0travaille \u00e0 guider l\u2019industrie maritime nord-am\u00e9ricaine vers l\u2019excellence environnementale, en proposant un programme de certification permettant \u00e0 ses participants, dans un premier temps, d\u2019\u00e9valuer leur performance environnementale, pour ensuite l\u2019am\u00e9liorer continuellement gr\u00e2ce \u00e0 des actions mesurables et concr\u00e8tes. Ce court sondage de quelques minutes aidera l\u2019Alliance verte \u00e0 collecter des informations sur ses associations [&hellip;]","protected":false},"author":39,"featured_media":16592,"comment_status":"closed","ping_status":"closed","sticky":false,"template":"","format":"standard","meta":{"_acf_changed":false,"footnotes":""},"categories":[20],"tags":[],"class_list":["post-16626","post","type-post","status-publish","format-standard","has-post-thumbnail","hentry","category-services-logistiques"],"acf":[],"yoast_head":"<!-- This site is optimized with the Yoast SEO plugin v27.3 - https:\/\/yoast.com\/product\/yoast-seo-wordpress\/ -->\n<title>Sondage : Performance environnementale - CargoM<\/title>\n<meta name=\"robots\" content=\"index, follow, max-snippet:-1, max-image-preview:large, max-video-preview:-1\" \/>\n<link rel=\"canonical\" href=\"https:\/\/www.cargo-montreal.ca\/fr\/1-sondage-performance-environnementale\/\" \/>\n<meta property=\"og:locale\" content=\"fr_FR\" \/>\n<meta property=\"og:type\" content=\"article\" \/>\n<meta property=\"og:title\" content=\"Sondage : Performance environnementale - CargoM\" \/>\n<meta property=\"og:description\" content=\"L\u2019Alliance verte\u00a0travaille \u00e0 guider l\u2019industrie maritime nord-am\u00e9ricaine vers l\u2019excellence environnementale, en proposant un programme de certification permettant \u00e0 ses participants, dans un premier temps, d\u2019\u00e9valuer leur performance environnementale, pour ensuite l\u2019am\u00e9liorer continuellement gr\u00e2ce \u00e0 des actions mesurables et concr\u00e8tes. Ce court sondage de quelques minutes aidera l\u2019Alliance verte \u00e0 collecter des informations sur ses associations [&hellip;]\" \/>\n<meta property=\"og:url\" content=\"https:\/\/www.cargo-montreal.ca\/fr\/1-sondage-performance-environnementale\/\" \/>\n<meta property=\"og:site_name\" content=\"CargoM\" \/>\n<meta property=\"article:published_time\" content=\"2024-02-22T01:56:19+00:00\" \/>\n<meta property=\"article:modified_time\" content=\"2024-02-22T01:57:02+00:00\" \/>\n<meta property=\"og:image\" content=\"https:\/\/www.cargo-montreal.ca\/wp-content\/uploads\/2024\/02\/AllianceVerte_CMYK-01.jpg\" \/>\n\t<meta property=\"og:image:width\" content=\"1215\" \/>\n\t<meta property=\"og:image:height\" content=\"1220\" \/>\n\t<meta property=\"og:image:type\" content=\"image\/jpeg\" \/>\n<meta name=\"author\" content=\"Karine Dudognon\" \/>\n<meta name=\"twitter:card\" content=\"summary_large_image\" \/>\n<meta name=\"twitter:label1\" content=\"\u00c9crit par\" \/>\n\t<meta name=\"twitter:data1\" content=\"Karine Dudognon\" \/>\n\t<meta name=\"twitter:label2\" content=\"Dur\u00e9e de lecture estim\u00e9e\" \/>\n\t<meta name=\"twitter:data2\" content=\"1 minute\" \/>\n<script type=\"application\/ld+json\" class=\"yoast-schema-graph\">{\"@context\":\"https:\\\/\\\/schema.org\",\"@graph\":[{\"@type\":\"Article\",\"@id\":\"https:\\\/\\\/www.cargo-montreal.ca\\\/fr\\\/1-sondage-performance-environnementale\\\/#article\",\"isPartOf\":{\"@id\":\"https:\\\/\\\/www.cargo-montreal.ca\\\/fr\\\/1-sondage-performance-environnementale\\\/\"},\"author\":{\"name\":\"Karine Dudognon\",\"@id\":\"https:\\\/\\\/www.cargo-montreal.ca\\\/fr\\\/#\\\/schema\\\/person\\\/80476d173ce654813db9fd1533901365\"},\"headline\":\"Sondage : Performance environnementale\",\"datePublished\":\"2024-02-22T01:56:19+00:00\",\"dateModified\":\"2024-02-22T01:57:02+00:00\",\"mainEntityOfPage\":{\"@id\":\"https:\\\/\\\/www.cargo-montreal.ca\\\/fr\\\/1-sondage-performance-environnementale\\\/\"},\"wordCount\":131,\"image\":{\"@id\":\"https:\\\/\\\/www.cargo-montreal.ca\\\/fr\\\/1-sondage-performance-environnementale\\\/#primaryimage\"},\"thumbnailUrl\":\"https:\\\/\\\/www.cargo-montreal.ca\\\/wp-content\\\/uploads\\\/2024\\\/02\\\/AllianceVerte_CMYK-01.jpg\",\"articleSection\":[\"Services logistiques\"],\"inLanguage\":\"fr-FR\"},{\"@type\":\"WebPage\",\"@id\":\"https:\\\/\\\/www.cargo-montreal.ca\\\/fr\\\/1-sondage-performance-environnementale\\\/\",\"url\":\"https:\\\/\\\/www.cargo-montreal.ca\\\/fr\\\/1-sondage-performance-environnementale\\\/\",\"name\":\"Sondage : Performance environnementale - CargoM\",\"isPartOf\":{\"@id\":\"https:\\\/\\\/www.cargo-montreal.ca\\\/fr\\\/#website\"},\"primaryImageOfPage\":{\"@id\":\"https:\\\/\\\/www.cargo-montreal.ca\\\/fr\\\/1-sondage-performance-environnementale\\\/#primaryimage\"},\"image\":{\"@id\":\"https:\\\/\\\/www.cargo-montreal.ca\\\/fr\\\/1-sondage-performance-environnementale\\\/#primaryimage\"},\"thumbnailUrl\":\"https:\\\/\\\/www.cargo-montreal.ca\\\/wp-content\\\/uploads\\\/2024\\\/02\\\/AllianceVerte_CMYK-01.jpg\",\"datePublished\":\"2024-02-22T01:56:19+00:00\",\"dateModified\":\"2024-02-22T01:57:02+00:00\",\"author\":{\"@id\":\"https:\\\/\\\/www.cargo-montreal.ca\\\/fr\\\/#\\\/schema\\\/person\\\/80476d173ce654813db9fd1533901365\"},\"breadcrumb\":{\"@id\":\"https:\\\/\\\/www.cargo-montreal.ca\\\/fr\\\/1-sondage-performance-environnementale\\\/#breadcrumb\"},\"inLanguage\":\"fr-FR\",\"potentialAction\":[{\"@type\":\"ReadAction\",\"target\":[\"https:\\\/\\\/www.cargo-montreal.ca\\\/fr\\\/1-sondage-performance-environnementale\\\/\"]}]},{\"@type\":\"ImageObject\",\"inLanguage\":\"fr-FR\",\"@id\":\"https:\\\/\\\/www.cargo-montreal.ca\\\/fr\\\/1-sondage-performance-environnementale\\\/#primaryimage\",\"url\":\"https:\\\/\\\/www.cargo-montreal.ca\\\/wp-content\\\/uploads\\\/2024\\\/02\\\/AllianceVerte_CMYK-01.jpg\",\"contentUrl\":\"https:\\\/\\\/www.cargo-montreal.ca\\\/wp-content\\\/uploads\\\/2024\\\/02\\\/AllianceVerte_CMYK-01.jpg\",\"width\":1215,\"height\":1220},{\"@type\":\"BreadcrumbList\",\"@id\":\"https:\\\/\\\/www.cargo-montreal.ca\\\/fr\\\/1-sondage-performance-environnementale\\\/#breadcrumb\",\"itemListElement\":[{\"@type\":\"ListItem\",\"position\":1,\"name\":\"Home\",\"item\":\"https:\\\/\\\/www.cargo-montreal.ca\\\/fr\\\/\"},{\"@type\":\"ListItem\",\"position\":2,\"name\":\"Sondage : Performance environnementale\"}]},{\"@type\":\"WebSite\",\"@id\":\"https:\\\/\\\/www.cargo-montreal.ca\\\/fr\\\/#website\",\"url\":\"https:\\\/\\\/www.cargo-montreal.ca\\\/fr\\\/\",\"name\":\"CargoM\",\"description\":\"La mission de CargoM: Rassembler les acteurs de la logistique &amp; du transport de marchandises du Grand Montr\u00e9al autour d&#039;objectifs communs, d&#039;actions concert\u00e9es\",\"potentialAction\":[{\"@type\":\"SearchAction\",\"target\":{\"@type\":\"EntryPoint\",\"urlTemplate\":\"https:\\\/\\\/www.cargo-montreal.ca\\\/fr\\\/?s={search_term_string}\"},\"query-input\":{\"@type\":\"PropertyValueSpecification\",\"valueRequired\":true,\"valueName\":\"search_term_string\"}}],\"inLanguage\":\"fr-FR\"},{\"@type\":\"Person\",\"@id\":\"https:\\\/\\\/www.cargo-montreal.ca\\\/fr\\\/#\\\/schema\\\/person\\\/80476d173ce654813db9fd1533901365\",\"name\":\"Karine Dudognon\",\"image\":{\"@type\":\"ImageObject\",\"inLanguage\":\"fr-FR\",\"@id\":\"https:\\\/\\\/secure.gravatar.com\\\/avatar\\\/673bdfb703a9b6685a88bc7dfb04a9ea2b48b30e9d1663a5e759a4e9bfa3e2c0?s=96&d=mm&r=g\",\"url\":\"https:\\\/\\\/secure.gravatar.com\\\/avatar\\\/673bdfb703a9b6685a88bc7dfb04a9ea2b48b30e9d1663a5e759a4e9bfa3e2c0?s=96&d=mm&r=g\",\"contentUrl\":\"https:\\\/\\\/secure.gravatar.com\\\/avatar\\\/673bdfb703a9b6685a88bc7dfb04a9ea2b48b30e9d1663a5e759a4e9bfa3e2c0?s=96&d=mm&r=g\",\"caption\":\"Karine Dudognon\"},\"url\":\"https:\\\/\\\/www.cargo-montreal.ca\\\/fr\\\/author\\\/karine\\\/\"}]}<\/script>\n<!-- \/ Yoast SEO plugin. -->","yoast_head_json":{"title":"Sondage : Performance environnementale - CargoM","robots":{"index":"index","follow":"follow","max-snippet":"max-snippet:-1","max-image-preview":"max-image-preview:large","max-video-preview":"max-video-preview:-1"},"canonical":"https:\/\/www.cargo-montreal.ca\/fr\/1-sondage-performance-environnementale\/","og_locale":"fr_FR","og_type":"article","og_title":"Sondage : Performance environnementale - CargoM","og_description":"L\u2019Alliance verte\u00a0travaille \u00e0 guider l\u2019industrie maritime nord-am\u00e9ricaine vers l\u2019excellence environnementale, en proposant un programme de certification permettant \u00e0 ses participants, dans un premier temps, d\u2019\u00e9valuer leur performance environnementale, pour ensuite l\u2019am\u00e9liorer continuellement gr\u00e2ce \u00e0 des actions mesurables et concr\u00e8tes. Ce court sondage de quelques minutes aidera l\u2019Alliance verte \u00e0 collecter des informations sur ses associations [&hellip;]","og_url":"https:\/\/www.cargo-montreal.ca\/fr\/1-sondage-performance-environnementale\/","og_site_name":"CargoM","article_published_time":"2024-02-22T01:56:19+00:00","article_modified_time":"2024-02-22T01:57:02+00:00","og_image":[{"width":1215,"height":1220,"url":"https:\/\/www.cargo-montreal.ca\/wp-content\/uploads\/2024\/02\/AllianceVerte_CMYK-01.jpg","type":"image\/jpeg"}],"author":"Karine Dudognon","twitter_card":"summary_large_image","twitter_misc":{"\u00c9crit par":"Karine Dudognon","Dur\u00e9e de lecture estim\u00e9e":"1 minute"},"schema":{"@context":"https:\/\/schema.org","@graph":[{"@type":"Article","@id":"https:\/\/www.cargo-montreal.ca\/fr\/1-sondage-performance-environnementale\/#article","isPartOf":{"@id":"https:\/\/www.cargo-montreal.ca\/fr\/1-sondage-performance-environnementale\/"},"author":{"name":"Karine Dudognon","@id":"https:\/\/www.cargo-montreal.ca\/fr\/#\/schema\/person\/80476d173ce654813db9fd1533901365"},"headline":"Sondage : Performance environnementale","datePublished":"2024-02-22T01:56:19+00:00","dateModified":"2024-02-22T01:57:02+00:00","mainEntityOfPage":{"@id":"https:\/\/www.cargo-montreal.ca\/fr\/1-sondage-performance-environnementale\/"},"wordCount":131,"image":{"@id":"https:\/\/www.cargo-montreal.ca\/fr\/1-sondage-performance-environnementale\/#primaryimage"},"thumbnailUrl":"https:\/\/www.cargo-montreal.ca\/wp-content\/uploads\/2024\/02\/AllianceVerte_CMYK-01.jpg","articleSection":["Services logistiques"],"inLanguage":"fr-FR"},{"@type":"WebPage","@id":"https:\/\/www.cargo-montreal.ca\/fr\/1-sondage-performance-environnementale\/","url":"https:\/\/www.cargo-montreal.ca\/fr\/1-sondage-performance-environnementale\/","name":"Sondage : Performance environnementale - CargoM","isPartOf":{"@id":"https:\/\/www.cargo-montreal.ca\/fr\/#website"},"primaryImageOfPage":{"@id":"https:\/\/www.cargo-montreal.ca\/fr\/1-sondage-performance-environnementale\/#primaryimage"},"image":{"@id":"https:\/\/www.cargo-montreal.ca\/fr\/1-sondage-performance-environnementale\/#primaryimage"},"thumbnailUrl":"https:\/\/www.cargo-montreal.ca\/wp-content\/uploads\/2024\/02\/AllianceVerte_CMYK-01.jpg","datePublished":"2024-02-22T01:56:19+00:00","dateModified":"2024-02-22T01:57:02+00:00","author":{"@id":"https:\/\/www.cargo-montreal.ca\/fr\/#\/schema\/person\/80476d173ce654813db9fd1533901365"},"breadcrumb":{"@id":"https:\/\/www.cargo-montreal.ca\/fr\/1-sondage-performance-environnementale\/#breadcrumb"},"inLanguage":"fr-FR","potentialAction":[{"@type":"ReadAction","target":["https:\/\/www.cargo-montreal.ca\/fr\/1-sondage-performance-environnementale\/"]}]},{"@type":"ImageObject","inLanguage":"fr-FR","@id":"https:\/\/www.cargo-montreal.ca\/fr\/1-sondage-performance-environnementale\/#primaryimage","url":"https:\/\/www.cargo-montreal.ca\/wp-content\/uploads\/2024\/02\/AllianceVerte_CMYK-01.jpg","contentUrl":"https:\/\/www.cargo-montreal.ca\/wp-content\/uploads\/2024\/02\/AllianceVerte_CMYK-01.jpg","width":1215,"height":1220},{"@type":"BreadcrumbList","@id":"https:\/\/www.cargo-montreal.ca\/fr\/1-sondage-performance-environnementale\/#breadcrumb","itemListElement":[{"@type":"ListItem","position":1,"name":"Home","item":"https:\/\/www.cargo-montreal.ca\/fr\/"},{"@type":"ListItem","position":2,"name":"Sondage : Performance environnementale"}]},{"@type":"WebSite","@id":"https:\/\/www.cargo-montreal.ca\/fr\/#website","url":"https:\/\/www.cargo-montreal.ca\/fr\/","name":"CargoM","description":"La mission de CargoM: Rassembler les acteurs de la logistique &amp; du transport de marchandises du Grand Montr\u00e9al autour d&#039;objectifs communs, d&#039;actions concert\u00e9es","potentialAction":[{"@type":"SearchAction","target":{"@type":"EntryPoint","urlTemplate":"https:\/\/www.cargo-montreal.ca\/fr\/?s={search_term_string}"},"query-input":{"@type":"PropertyValueSpecification","valueRequired":true,"valueName":"search_term_string"}}],"inLanguage":"fr-FR"},{"@type":"Person","@id":"https:\/\/www.cargo-montreal.ca\/fr\/#\/schema\/person\/80476d173ce654813db9fd1533901365","name":"Karine Dudognon","image":{"@type":"ImageObject","inLanguage":"fr-FR","@id":"https:\/\/secure.gravatar.com\/avatar\/673bdfb703a9b6685a88bc7dfb04a9ea2b48b30e9d1663a5e759a4e9bfa3e2c0?s=96&d=mm&r=g","url":"https:\/\/secure.gravatar.com\/avatar\/673bdfb703a9b6685a88bc7dfb04a9ea2b48b30e9d1663a5e759a4e9bfa3e2c0?s=96&d=mm&r=g","contentUrl":"https:\/\/secure.gravatar.com\/avatar\/673bdfb703a9b6685a88bc7dfb04a9ea2b48b30e9d1663a5e759a4e9bfa3e2c0?s=96&d=mm&r=g","caption":"Karine Dudognon"},"url":"https:\/\/www.cargo-montreal.ca\/fr\/author\/karine\/"}]}},"_links":{"self":[{"href":"https:\/\/www.cargo-montreal.ca\/fr\/wp-json\/wp\/v2\/posts\/16626","targetHints":{"allow":["GET"]}}],"collection":[{"href":"https:\/\/www.cargo-montreal.ca\/fr\/wp-json\/wp\/v2\/posts"}],"about":[{"href":"https:\/\/www.cargo-montreal.ca\/fr\/wp-json\/wp\/v2\/types\/post"}],"author":[{"embeddable":true,"href":"https:\/\/www.cargo-montreal.ca\/fr\/wp-json\/wp\/v2\/users\/39"}],"replies":[{"embeddable":true,"href":"https:\/\/www.cargo-montreal.ca\/fr\/wp-json\/wp\/v2\/comments?post=16626"}],"version-history":[{"count":2,"href":"https:\/\/www.cargo-montreal.ca\/fr\/wp-json\/wp\/v2\/posts\/16626\/revisions"}],"predecessor-version":[{"id":16642,"href":"https:\/\/www.cargo-montreal.ca\/fr\/wp-json\/wp\/v2\/posts\/16626\/revisions\/16642"}],"wp:featuredmedia":[{"embeddable":true,"href":"https:\/\/www.cargo-montreal.ca\/fr\/wp-json\/wp\/v2\/media\/16592"}],"wp:attachment":[{"href":"https:\/\/www.cargo-montreal.ca\/fr\/wp-json\/wp\/v2\/media?parent=16626"}],"wp:term":[{"taxonomy":"category","embeddable":true,"href":"https:\/\/www.cargo-montreal.ca\/fr\/wp-json\/wp\/v2\/categories?post=16626"},{"taxonomy":"post_tag","embeddable":true,"href":"https:\/\/www.cargo-montreal.ca\/fr\/wp-json\/wp\/v2\/tags?post=16626"}],"curies":[{"name":"wp","href":"https:\/\/api.w.org\/{rel}","templated":true}]}}