{"id":16827,"date":"2024-04-15T13:27:46","date_gmt":"2024-04-15T13:27:46","guid":{"rendered":"https:\/\/www.cargo-montreal.ca\/?p=16827"},"modified":"2024-04-15T13:27:46","modified_gmt":"2024-04-15T13:27:46","slug":"inscrivez-votre-entreprise-a-cap-saint-laurent","status":"publish","type":"post","link":"https:\/\/www.cargo-montreal.ca\/fr\/inscrivez-votre-entreprise-a-cap-saint-laurent\/","title":{"rendered":"Inscrivez votre entreprise \u00e0 Cap Saint-Laurent"},"content":{"rendered":"<p align=\"justify\">En mai 2023,\u00a0CargoM et la\u00a0<a href=\"https:\/\/info.cargo-montreal.ca\/e3t\/Ctc\/ZU+113\/d11nbd04\/VWJC4k4qYb3XW12l3q78cRsMTW1c61D75cXw9wN1m0FqY3lYMRW69sMD-6lZ3kPW927v835gJnjyVS0ymw6cCwGRN1-vlc6jd8zCW2KR4md7pyjzMVT-9zk7_YC4cW2bPzCk8M_80BW5hXj7y3yj83YW64g31s29VkFNW7cN0B960T0gJN3WgN8sZD2JhVwvnGK5_jBH2W4vXBtf63z1z5W4CqyWY3q8mY5W443VfG84clFpW6ls-9889XnjJW3xC0cc19qPtCW5N6Ysm4p2drNW4Mb8754Yp2jdW8qt-Vn71S7D_W4v8TvC3S0S3Qf1kT0WC04\" target=\"_blank\" rel=\"noopener\" data-saferedirecturl=\"https:\/\/www.google.com\/url?q=https:\/\/info.cargo-montreal.ca\/e3t\/Ctc\/ZU%2B113\/d11nbd04\/VWJC4k4qYb3XW12l3q78cRsMTW1c61D75cXw9wN1m0FqY3lYMRW69sMD-6lZ3kPW927v835gJnjyVS0ymw6cCwGRN1-vlc6jd8zCW2KR4md7pyjzMVT-9zk7_YC4cW2bPzCk8M_80BW5hXj7y3yj83YW64g31s29VkFNW7cN0B960T0gJN3WgN8sZD2JhVwvnGK5_jBH2W4vXBtf63z1z5W4CqyWY3q8mY5W443VfG84clFpW6ls-9889XnjJW3xC0cc19qPtCW5N6Ysm4p2drNW4Mb8754Yp2jdW8qt-Vn71S7D_W4v8TvC3S0S3Qf1kT0WC04&amp;source=gmail&amp;ust=1713270115045000&amp;usg=AOvVaw3GiPCeSncje0BwP6PlKvNw\">Soci\u00e9t\u00e9 de d\u00e9veloppement \u00e9conomique du Saint-Laurent (SODES)<\/a>\u00a0lan\u00e7aient\u00a0<a href=\"https:\/\/info.cargo-montreal.ca\/e3t\/Ctc\/ZU+113\/d11nbd04\/VWJC4k4qYb3XW12l3q78cRsMTW1c61D75cXw9wN1m0FqY3lYMRW69sMD-6lZ3ntW2D8mjP55SwlnN1p2ZShLp3V5W7k5D-Q1508n9W5FnHfv7DK5RNW9jW5kd56SpsbW95Dpg72LFT00W94KY1_4dn7BTW8h-vTK4MTPPWW4y_q238PYDzGW6nJ5TB3tnVPDW3QDDb54cCpglV5wfDR5BpTyZW8KjSxW68MP2RW7YKS2b982Tb8W3Tmbdr8xLFqDW2PsXXK1SvlYpW1byX1y7LJ_9XN4XRXMDl_9D9MN19M8-rj1tVPs2Lp5D3zK7dGGlcT04\" target=\"_blank\" rel=\"noopener\" data-saferedirecturl=\"https:\/\/www.google.com\/url?q=https:\/\/info.cargo-montreal.ca\/e3t\/Ctc\/ZU%2B113\/d11nbd04\/VWJC4k4qYb3XW12l3q78cRsMTW1c61D75cXw9wN1m0FqY3lYMRW69sMD-6lZ3ntW2D8mjP55SwlnN1p2ZShLp3V5W7k5D-Q1508n9W5FnHfv7DK5RNW9jW5kd56SpsbW95Dpg72LFT00W94KY1_4dn7BTW8h-vTK4MTPPWW4y_q238PYDzGW6nJ5TB3tnVPDW3QDDb54cCpglV5wfDR5BpTyZW8KjSxW68MP2RW7YKS2b982Tb8W3Tmbdr8xLFqDW2PsXXK1SvlYpW1byX1y7LJ_9XN4XRXMDl_9D9MN19M8-rj1tVPs2Lp5D3zK7dGGlcT04&amp;source=gmail&amp;ust=1713270115045000&amp;usg=AOvVaw1iQB7oV0OtAV80L40hfB3q\">Cap Saint-Laurent<\/a>,\u00a0catalogue des acteurs et partenaires du secteur maritime et portuaire qu\u00e9b\u00e9cois.<\/p>\r\n<p align=\"justify\">CargoM invite toutes les entreprises et les acteurs du secteur maritime \u00e0 s\u2019inscrire au r\u00e9pertoire de l\u2019outil qui permet\u00a0de positionner mondialement les avantages strat\u00e9giques du Saint-Laurent de m\u00eame que l\u2019expertise qu\u00e9b\u00e9coise.<\/p>\r\n<p align=\"justify\">Financ\u00e9 par le minist\u00e8re des\u00a0<a href=\"https:\/\/info.cargo-montreal.ca\/e3t\/Ctc\/ZU+113\/d11nbd04\/VWJC4k4qYb3XW12l3q78cRsMTW1c61D75cXw9wN1m0FrR3lYMRW7Y8-PT6lZ3nNVGfpL56prPf4W1sWSgZ8HhTZmW75tTWG3rZLYFW2xpXRc56Ys4yW1J-Llg2MtwLzW8p_nZl5Fm4b1N8F_Np3pl7mkW7Vgty73FTgpdW2nhGql3WRSCPW2sQ8R73kYYZ0Mrr4ll2HTZSN8pZkVbGDV77W2LM-cr64Qy2RW7bs06k4mR8M3W3HkrSP63pSy4W3bYN1B4nz7tYW7v6nL12DC9SgW6PndCP4yyf0wW7Yt5982BP65kW1-Vt8v7-sxT2W6B02Xj6PFQBNW2S8Y5j1mjlYZW5TwBSS20NCRhW1lXclT3kRwkVW3VyvQX2qzzJVW1J4rMG5VQj4Rf5PTNh204\" target=\"_blank\" rel=\"noopener\" data-saferedirecturl=\"https:\/\/www.google.com\/url?q=https:\/\/info.cargo-montreal.ca\/e3t\/Ctc\/ZU%2B113\/d11nbd04\/VWJC4k4qYb3XW12l3q78cRsMTW1c61D75cXw9wN1m0FrR3lYMRW7Y8-PT6lZ3nNVGfpL56prPf4W1sWSgZ8HhTZmW75tTWG3rZLYFW2xpXRc56Ys4yW1J-Llg2MtwLzW8p_nZl5Fm4b1N8F_Np3pl7mkW7Vgty73FTgpdW2nhGql3WRSCPW2sQ8R73kYYZ0Mrr4ll2HTZSN8pZkVbGDV77W2LM-cr64Qy2RW7bs06k4mR8M3W3HkrSP63pSy4W3bYN1B4nz7tYW7v6nL12DC9SgW6PndCP4yyf0wW7Yt5982BP65kW1-Vt8v7-sxT2W6B02Xj6PFQBNW2S8Y5j1mjlYZW5TwBSS20NCRhW1lXclT3kRwkVW3VyvQX2qzzJVW1J4rMG5VQj4Rf5PTNh204&amp;source=gmail&amp;ust=1713270115045000&amp;usg=AOvVaw2TEOBy-K8LfTU6yMAy_5Nt\">Relations internationales et de la Francophonie (MRIF)<\/a>\u00a0et le minist\u00e8re de\u00a0<a href=\"https:\/\/info.cargo-montreal.ca\/e3t\/Ctc\/ZU+113\/d11nbd04\/VWJC4k4qYb3XW12l3q78cRsMTW1c61D75cXw9wN1m0Frx3lYMRW7lCdLW6lZ3mPW3Q4m5x8-vk6_W57xCW65YVyF9W1t7cZL5V2PMPW1TnTJw63rxnhW6M3xTm40g-LDW8bG_QM8J-3vXW60v1sZ8Yh8DsW31KgCQ1WgSY6W8zL4KK4FdSTcW5-7Sgf36b93-W6GQHd34QMKshW3_Vk87517v7FW8KbcMn4n0tRyW58zc-k3vJxpTW4mNRzT1D9bPNW437kZm8-26TzW64L4zD6x9DdFW8bWG8x3LNz2bN2-8120vhVmhN4v-6HL4pKBYW5t6NL55G-JX1W2v9dbX6LrrDsW5-Z2Bf2RLWG5N47Ng_hnC6mVf3Jkqcg04\" target=\"_blank\" rel=\"noopener\" data-saferedirecturl=\"https:\/\/www.google.com\/url?q=https:\/\/info.cargo-montreal.ca\/e3t\/Ctc\/ZU%2B113\/d11nbd04\/VWJC4k4qYb3XW12l3q78cRsMTW1c61D75cXw9wN1m0Frx3lYMRW7lCdLW6lZ3mPW3Q4m5x8-vk6_W57xCW65YVyF9W1t7cZL5V2PMPW1TnTJw63rxnhW6M3xTm40g-LDW8bG_QM8J-3vXW60v1sZ8Yh8DsW31KgCQ1WgSY6W8zL4KK4FdSTcW5-7Sgf36b93-W6GQHd34QMKshW3_Vk87517v7FW8KbcMn4n0tRyW58zc-k3vJxpTW4mNRzT1D9bPNW437kZm8-26TzW64L4zD6x9DdFW8bWG8x3LNz2bN2-8120vhVmhN4v-6HL4pKBYW5t6NL55G-JX1W2v9dbX6LrrDsW5-Z2Bf2RLWG5N47Ng_hnC6mVf3Jkqcg04&amp;source=gmail&amp;ust=1713270115045000&amp;usg=AOvVaw1iJbLs4Azahsot1j85_M7j\">l\u2019\u00c9conomie, de l\u2019Innovation et de l\u2019\u00c9nergie (MEIE)<\/a>, Cap Saint-Laurent a pour objectif\u00a0d\u2019acc\u00e9l\u00e9rer l\u2019internationalisation des entreprises, organismes et centres de recherche,\u00a0en offrant au m\u00eame endroit, un \u00e9ventail de services et de ressources d\u2019affaires pour les partenaires nord-am\u00e9ricains et \u00e9trangers qui utilisent notre grande art\u00e8re navigable.<\/p>\r\n<p align=\"justify\">Cap Saint-Laurent sert aussi de vitrine aux r\u00e9alisations du secteur maritime. Les projets en mobilit\u00e9\u00a0des marchandises, en cybers\u00e9curit\u00e9, en am\u00e9lioration des processus, en agilit\u00e9, en d\u00e9carbonation, peuvent r\u00e9pondre \u00e0 des enjeux et servir d\u2019inspiration \u00e0 la mise en place de nouvelles solutions.<\/p>\r\n<p align=\"justify\"><a href=\"https:\/\/info.cargo-montreal.ca\/e3t\/Ctc\/ZU+113\/d11nbd04\/VWJC4k4qYb3XW12l3q78cRsMTW1c61D75cXw9wN1m0Frd3lYMRW6N1vHY6lZ3mpW58L16G69ct4wVz_GPy3RVn1cW54wFGt5Yrq-WW8pL3Mw64z0S-W5yGB6P5PggvlVKxB9y4Yw9s7W4Rwc5_3SHBB9V1xL2G2gvgC0W8lkqF_6XSF6VW7tmss44cmcx1W21ssnT1JGfLhW8gxJd05Cxc0sW95Njjg74j9mtW30tXhf3SmxbWW8Lqh2s3d7QttN89_zfl-lXgnW5NxMR326YgTqW42QYTd98jD37W2RB26G26LLJPW7_K41V268t42VJrD6Q5_DBdXW8tknMY88CHDRf5Wz6lR04\" target=\"_blank\" rel=\"noopener\" data-saferedirecturl=\"https:\/\/www.google.com\/url?q=https:\/\/info.cargo-montreal.ca\/e3t\/Ctc\/ZU%2B113\/d11nbd04\/VWJC4k4qYb3XW12l3q78cRsMTW1c61D75cXw9wN1m0Frd3lYMRW6N1vHY6lZ3mpW58L16G69ct4wVz_GPy3RVn1cW54wFGt5Yrq-WW8pL3Mw64z0S-W5yGB6P5PggvlVKxB9y4Yw9s7W4Rwc5_3SHBB9V1xL2G2gvgC0W8lkqF_6XSF6VW7tmss44cmcx1W21ssnT1JGfLhW8gxJd05Cxc0sW95Njjg74j9mtW30tXhf3SmxbWW8Lqh2s3d7QttN89_zfl-lXgnW5NxMR326YgTqW42QYTd98jD37W2RB26G26LLJPW7_K41V268t42VJrD6Q5_DBdXW8tknMY88CHDRf5Wz6lR04&amp;source=gmail&amp;ust=1713270115045000&amp;usg=AOvVaw0VHEmL-wRLW-z3Ae8-BLq_\">Visitez le site pour en savoir plus<\/a><\/p>","protected":false},"excerpt":{"rendered":"En mai 2023,\u00a0CargoM et la\u00a0Soci\u00e9t\u00e9 de d\u00e9veloppement \u00e9conomique du Saint-Laurent (SODES)\u00a0lan\u00e7aient\u00a0Cap Saint-Laurent,\u00a0catalogue des acteurs et partenaires du secteur maritime et portuaire qu\u00e9b\u00e9cois. CargoM invite toutes les entreprises et les acteurs du secteur maritime \u00e0 s\u2019inscrire au r\u00e9pertoire de l\u2019outil qui permet\u00a0de positionner mondialement les avantages strat\u00e9giques du Saint-Laurent de m\u00eame que l\u2019expertise qu\u00e9b\u00e9coise. Financ\u00e9 par [&hellip;]","protected":false},"author":39,"featured_media":16805,"comment_status":"closed","ping_status":"closed","sticky":false,"template":"","format":"standard","meta":{"_acf_changed":false,"footnotes":""},"categories":[20],"tags":[],"class_list":["post-16827","post","type-post","status-publish","format-standard","has-post-thumbnail","hentry","category-services-logistiques"],"acf":[],"yoast_head":"<!-- This site is optimized with the Yoast SEO plugin v27.3 - https:\/\/yoast.com\/product\/yoast-seo-wordpress\/ -->\n<title>Inscrivez votre entreprise \u00e0 Cap Saint-Laurent - CargoM<\/title>\n<meta name=\"robots\" content=\"index, follow, max-snippet:-1, max-image-preview:large, max-video-preview:-1\" \/>\n<link rel=\"canonical\" href=\"https:\/\/www.cargo-montreal.ca\/fr\/inscrivez-votre-entreprise-a-cap-saint-laurent\/\" \/>\n<meta property=\"og:locale\" content=\"fr_FR\" \/>\n<meta property=\"og:type\" content=\"article\" \/>\n<meta property=\"og:title\" content=\"Inscrivez votre entreprise \u00e0 Cap Saint-Laurent - CargoM\" \/>\n<meta property=\"og:description\" content=\"En mai 2023,\u00a0CargoM et la\u00a0Soci\u00e9t\u00e9 de d\u00e9veloppement \u00e9conomique du Saint-Laurent (SODES)\u00a0lan\u00e7aient\u00a0Cap Saint-Laurent,\u00a0catalogue des acteurs et partenaires du secteur maritime et portuaire qu\u00e9b\u00e9cois. CargoM invite toutes les entreprises et les acteurs du secteur maritime \u00e0 s\u2019inscrire au r\u00e9pertoire de l\u2019outil qui permet\u00a0de positionner mondialement les avantages strat\u00e9giques du Saint-Laurent de m\u00eame que l\u2019expertise qu\u00e9b\u00e9coise. Financ\u00e9 par [&hellip;]\" \/>\n<meta property=\"og:url\" content=\"https:\/\/www.cargo-montreal.ca\/fr\/inscrivez-votre-entreprise-a-cap-saint-laurent\/\" \/>\n<meta property=\"og:site_name\" content=\"CargoM\" \/>\n<meta property=\"article:published_time\" content=\"2024-04-15T13:27:46+00:00\" \/>\n<meta property=\"og:image\" content=\"https:\/\/www.cargo-montreal.ca\/wp-content\/uploads\/2024\/04\/Cap-St-Laurent-Version-2-sans-texte-scaled.jpg\" \/>\n\t<meta property=\"og:image:width\" content=\"2560\" \/>\n\t<meta property=\"og:image:height\" content=\"1097\" \/>\n\t<meta property=\"og:image:type\" content=\"image\/jpeg\" \/>\n<meta name=\"author\" content=\"Karine Dudognon\" \/>\n<meta name=\"twitter:card\" content=\"summary_large_image\" \/>\n<meta name=\"twitter:label1\" content=\"\u00c9crit par\" \/>\n\t<meta name=\"twitter:data1\" content=\"Karine Dudognon\" \/>\n\t<meta name=\"twitter:label2\" content=\"Dur\u00e9e de lecture estim\u00e9e\" \/>\n\t<meta name=\"twitter:data2\" content=\"1 minute\" \/>\n<script type=\"application\/ld+json\" class=\"yoast-schema-graph\">{\"@context\":\"https:\\\/\\\/schema.org\",\"@graph\":[{\"@type\":\"Article\",\"@id\":\"https:\\\/\\\/www.cargo-montreal.ca\\\/fr\\\/inscrivez-votre-entreprise-a-cap-saint-laurent\\\/#article\",\"isPartOf\":{\"@id\":\"https:\\\/\\\/www.cargo-montreal.ca\\\/fr\\\/inscrivez-votre-entreprise-a-cap-saint-laurent\\\/\"},\"author\":{\"name\":\"Karine Dudognon\",\"@id\":\"https:\\\/\\\/www.cargo-montreal.ca\\\/fr\\\/#\\\/schema\\\/person\\\/80476d173ce654813db9fd1533901365\"},\"headline\":\"Inscrivez votre entreprise \u00e0 Cap Saint-Laurent\",\"datePublished\":\"2024-04-15T13:27:46+00:00\",\"mainEntityOfPage\":{\"@id\":\"https:\\\/\\\/www.cargo-montreal.ca\\\/fr\\\/inscrivez-votre-entreprise-a-cap-saint-laurent\\\/\"},\"wordCount\":204,\"image\":{\"@id\":\"https:\\\/\\\/www.cargo-montreal.ca\\\/fr\\\/inscrivez-votre-entreprise-a-cap-saint-laurent\\\/#primaryimage\"},\"thumbnailUrl\":\"https:\\\/\\\/www.cargo-montreal.ca\\\/wp-content\\\/uploads\\\/2024\\\/04\\\/Cap-St-Laurent-Version-2-sans-texte-scaled.jpg\",\"articleSection\":[\"Services logistiques\"],\"inLanguage\":\"fr-FR\"},{\"@type\":\"WebPage\",\"@id\":\"https:\\\/\\\/www.cargo-montreal.ca\\\/fr\\\/inscrivez-votre-entreprise-a-cap-saint-laurent\\\/\",\"url\":\"https:\\\/\\\/www.cargo-montreal.ca\\\/fr\\\/inscrivez-votre-entreprise-a-cap-saint-laurent\\\/\",\"name\":\"Inscrivez votre entreprise \u00e0 Cap Saint-Laurent - CargoM\",\"isPartOf\":{\"@id\":\"https:\\\/\\\/www.cargo-montreal.ca\\\/fr\\\/#website\"},\"primaryImageOfPage\":{\"@id\":\"https:\\\/\\\/www.cargo-montreal.ca\\\/fr\\\/inscrivez-votre-entreprise-a-cap-saint-laurent\\\/#primaryimage\"},\"image\":{\"@id\":\"https:\\\/\\\/www.cargo-montreal.ca\\\/fr\\\/inscrivez-votre-entreprise-a-cap-saint-laurent\\\/#primaryimage\"},\"thumbnailUrl\":\"https:\\\/\\\/www.cargo-montreal.ca\\\/wp-content\\\/uploads\\\/2024\\\/04\\\/Cap-St-Laurent-Version-2-sans-texte-scaled.jpg\",\"datePublished\":\"2024-04-15T13:27:46+00:00\",\"author\":{\"@id\":\"https:\\\/\\\/www.cargo-montreal.ca\\\/fr\\\/#\\\/schema\\\/person\\\/80476d173ce654813db9fd1533901365\"},\"breadcrumb\":{\"@id\":\"https:\\\/\\\/www.cargo-montreal.ca\\\/fr\\\/inscrivez-votre-entreprise-a-cap-saint-laurent\\\/#breadcrumb\"},\"inLanguage\":\"fr-FR\",\"potentialAction\":[{\"@type\":\"ReadAction\",\"target\":[\"https:\\\/\\\/www.cargo-montreal.ca\\\/fr\\\/inscrivez-votre-entreprise-a-cap-saint-laurent\\\/\"]}]},{\"@type\":\"ImageObject\",\"inLanguage\":\"fr-FR\",\"@id\":\"https:\\\/\\\/www.cargo-montreal.ca\\\/fr\\\/inscrivez-votre-entreprise-a-cap-saint-laurent\\\/#primaryimage\",\"url\":\"https:\\\/\\\/www.cargo-montreal.ca\\\/wp-content\\\/uploads\\\/2024\\\/04\\\/Cap-St-Laurent-Version-2-sans-texte-scaled.jpg\",\"contentUrl\":\"https:\\\/\\\/www.cargo-montreal.ca\\\/wp-content\\\/uploads\\\/2024\\\/04\\\/Cap-St-Laurent-Version-2-sans-texte-scaled.jpg\",\"width\":2560,\"height\":1097},{\"@type\":\"BreadcrumbList\",\"@id\":\"https:\\\/\\\/www.cargo-montreal.ca\\\/fr\\\/inscrivez-votre-entreprise-a-cap-saint-laurent\\\/#breadcrumb\",\"itemListElement\":[{\"@type\":\"ListItem\",\"position\":1,\"name\":\"Home\",\"item\":\"https:\\\/\\\/www.cargo-montreal.ca\\\/fr\\\/\"},{\"@type\":\"ListItem\",\"position\":2,\"name\":\"Inscrivez votre entreprise \u00e0 Cap Saint-Laurent\"}]},{\"@type\":\"WebSite\",\"@id\":\"https:\\\/\\\/www.cargo-montreal.ca\\\/fr\\\/#website\",\"url\":\"https:\\\/\\\/www.cargo-montreal.ca\\\/fr\\\/\",\"name\":\"CargoM\",\"description\":\"La mission de CargoM: Rassembler les acteurs de la logistique &amp; du transport de marchandises du Grand Montr\u00e9al autour d&#039;objectifs communs, d&#039;actions concert\u00e9es\",\"potentialAction\":[{\"@type\":\"SearchAction\",\"target\":{\"@type\":\"EntryPoint\",\"urlTemplate\":\"https:\\\/\\\/www.cargo-montreal.ca\\\/fr\\\/?s={search_term_string}\"},\"query-input\":{\"@type\":\"PropertyValueSpecification\",\"valueRequired\":true,\"valueName\":\"search_term_string\"}}],\"inLanguage\":\"fr-FR\"},{\"@type\":\"Person\",\"@id\":\"https:\\\/\\\/www.cargo-montreal.ca\\\/fr\\\/#\\\/schema\\\/person\\\/80476d173ce654813db9fd1533901365\",\"name\":\"Karine Dudognon\",\"image\":{\"@type\":\"ImageObject\",\"inLanguage\":\"fr-FR\",\"@id\":\"https:\\\/\\\/secure.gravatar.com\\\/avatar\\\/673bdfb703a9b6685a88bc7dfb04a9ea2b48b30e9d1663a5e759a4e9bfa3e2c0?s=96&d=mm&r=g\",\"url\":\"https:\\\/\\\/secure.gravatar.com\\\/avatar\\\/673bdfb703a9b6685a88bc7dfb04a9ea2b48b30e9d1663a5e759a4e9bfa3e2c0?s=96&d=mm&r=g\",\"contentUrl\":\"https:\\\/\\\/secure.gravatar.com\\\/avatar\\\/673bdfb703a9b6685a88bc7dfb04a9ea2b48b30e9d1663a5e759a4e9bfa3e2c0?s=96&d=mm&r=g\",\"caption\":\"Karine Dudognon\"},\"url\":\"https:\\\/\\\/www.cargo-montreal.ca\\\/fr\\\/author\\\/karine\\\/\"}]}<\/script>\n<!-- \/ Yoast SEO plugin. -->","yoast_head_json":{"title":"Inscrivez votre entreprise \u00e0 Cap Saint-Laurent - CargoM","robots":{"index":"index","follow":"follow","max-snippet":"max-snippet:-1","max-image-preview":"max-image-preview:large","max-video-preview":"max-video-preview:-1"},"canonical":"https:\/\/www.cargo-montreal.ca\/fr\/inscrivez-votre-entreprise-a-cap-saint-laurent\/","og_locale":"fr_FR","og_type":"article","og_title":"Inscrivez votre entreprise \u00e0 Cap Saint-Laurent - CargoM","og_description":"En mai 2023,\u00a0CargoM et la\u00a0Soci\u00e9t\u00e9 de d\u00e9veloppement \u00e9conomique du Saint-Laurent (SODES)\u00a0lan\u00e7aient\u00a0Cap Saint-Laurent,\u00a0catalogue des acteurs et partenaires du secteur maritime et portuaire qu\u00e9b\u00e9cois. CargoM invite toutes les entreprises et les acteurs du secteur maritime \u00e0 s\u2019inscrire au r\u00e9pertoire de l\u2019outil qui permet\u00a0de positionner mondialement les avantages strat\u00e9giques du Saint-Laurent de m\u00eame que l\u2019expertise qu\u00e9b\u00e9coise. Financ\u00e9 par [&hellip;]","og_url":"https:\/\/www.cargo-montreal.ca\/fr\/inscrivez-votre-entreprise-a-cap-saint-laurent\/","og_site_name":"CargoM","article_published_time":"2024-04-15T13:27:46+00:00","og_image":[{"width":2560,"height":1097,"url":"https:\/\/www.cargo-montreal.ca\/wp-content\/uploads\/2024\/04\/Cap-St-Laurent-Version-2-sans-texte-scaled.jpg","type":"image\/jpeg"}],"author":"Karine Dudognon","twitter_card":"summary_large_image","twitter_misc":{"\u00c9crit par":"Karine Dudognon","Dur\u00e9e de lecture estim\u00e9e":"1 minute"},"schema":{"@context":"https:\/\/schema.org","@graph":[{"@type":"Article","@id":"https:\/\/www.cargo-montreal.ca\/fr\/inscrivez-votre-entreprise-a-cap-saint-laurent\/#article","isPartOf":{"@id":"https:\/\/www.cargo-montreal.ca\/fr\/inscrivez-votre-entreprise-a-cap-saint-laurent\/"},"author":{"name":"Karine Dudognon","@id":"https:\/\/www.cargo-montreal.ca\/fr\/#\/schema\/person\/80476d173ce654813db9fd1533901365"},"headline":"Inscrivez votre entreprise \u00e0 Cap Saint-Laurent","datePublished":"2024-04-15T13:27:46+00:00","mainEntityOfPage":{"@id":"https:\/\/www.cargo-montreal.ca\/fr\/inscrivez-votre-entreprise-a-cap-saint-laurent\/"},"wordCount":204,"image":{"@id":"https:\/\/www.cargo-montreal.ca\/fr\/inscrivez-votre-entreprise-a-cap-saint-laurent\/#primaryimage"},"thumbnailUrl":"https:\/\/www.cargo-montreal.ca\/wp-content\/uploads\/2024\/04\/Cap-St-Laurent-Version-2-sans-texte-scaled.jpg","articleSection":["Services logistiques"],"inLanguage":"fr-FR"},{"@type":"WebPage","@id":"https:\/\/www.cargo-montreal.ca\/fr\/inscrivez-votre-entreprise-a-cap-saint-laurent\/","url":"https:\/\/www.cargo-montreal.ca\/fr\/inscrivez-votre-entreprise-a-cap-saint-laurent\/","name":"Inscrivez votre entreprise \u00e0 Cap Saint-Laurent - CargoM","isPartOf":{"@id":"https:\/\/www.cargo-montreal.ca\/fr\/#website"},"primaryImageOfPage":{"@id":"https:\/\/www.cargo-montreal.ca\/fr\/inscrivez-votre-entreprise-a-cap-saint-laurent\/#primaryimage"},"image":{"@id":"https:\/\/www.cargo-montreal.ca\/fr\/inscrivez-votre-entreprise-a-cap-saint-laurent\/#primaryimage"},"thumbnailUrl":"https:\/\/www.cargo-montreal.ca\/wp-content\/uploads\/2024\/04\/Cap-St-Laurent-Version-2-sans-texte-scaled.jpg","datePublished":"2024-04-15T13:27:46+00:00","author":{"@id":"https:\/\/www.cargo-montreal.ca\/fr\/#\/schema\/person\/80476d173ce654813db9fd1533901365"},"breadcrumb":{"@id":"https:\/\/www.cargo-montreal.ca\/fr\/inscrivez-votre-entreprise-a-cap-saint-laurent\/#breadcrumb"},"inLanguage":"fr-FR","potentialAction":[{"@type":"ReadAction","target":["https:\/\/www.cargo-montreal.ca\/fr\/inscrivez-votre-entreprise-a-cap-saint-laurent\/"]}]},{"@type":"ImageObject","inLanguage":"fr-FR","@id":"https:\/\/www.cargo-montreal.ca\/fr\/inscrivez-votre-entreprise-a-cap-saint-laurent\/#primaryimage","url":"https:\/\/www.cargo-montreal.ca\/wp-content\/uploads\/2024\/04\/Cap-St-Laurent-Version-2-sans-texte-scaled.jpg","contentUrl":"https:\/\/www.cargo-montreal.ca\/wp-content\/uploads\/2024\/04\/Cap-St-Laurent-Version-2-sans-texte-scaled.jpg","width":2560,"height":1097},{"@type":"BreadcrumbList","@id":"https:\/\/www.cargo-montreal.ca\/fr\/inscrivez-votre-entreprise-a-cap-saint-laurent\/#breadcrumb","itemListElement":[{"@type":"ListItem","position":1,"name":"Home","item":"https:\/\/www.cargo-montreal.ca\/fr\/"},{"@type":"ListItem","position":2,"name":"Inscrivez votre entreprise \u00e0 Cap Saint-Laurent"}]},{"@type":"WebSite","@id":"https:\/\/www.cargo-montreal.ca\/fr\/#website","url":"https:\/\/www.cargo-montreal.ca\/fr\/","name":"CargoM","description":"La mission de CargoM: Rassembler les acteurs de la logistique &amp; du transport de marchandises du Grand Montr\u00e9al autour d&#039;objectifs communs, d&#039;actions concert\u00e9es","potentialAction":[{"@type":"SearchAction","target":{"@type":"EntryPoint","urlTemplate":"https:\/\/www.cargo-montreal.ca\/fr\/?s={search_term_string}"},"query-input":{"@type":"PropertyValueSpecification","valueRequired":true,"valueName":"search_term_string"}}],"inLanguage":"fr-FR"},{"@type":"Person","@id":"https:\/\/www.cargo-montreal.ca\/fr\/#\/schema\/person\/80476d173ce654813db9fd1533901365","name":"Karine Dudognon","image":{"@type":"ImageObject","inLanguage":"fr-FR","@id":"https:\/\/secure.gravatar.com\/avatar\/673bdfb703a9b6685a88bc7dfb04a9ea2b48b30e9d1663a5e759a4e9bfa3e2c0?s=96&d=mm&r=g","url":"https:\/\/secure.gravatar.com\/avatar\/673bdfb703a9b6685a88bc7dfb04a9ea2b48b30e9d1663a5e759a4e9bfa3e2c0?s=96&d=mm&r=g","contentUrl":"https:\/\/secure.gravatar.com\/avatar\/673bdfb703a9b6685a88bc7dfb04a9ea2b48b30e9d1663a5e759a4e9bfa3e2c0?s=96&d=mm&r=g","caption":"Karine Dudognon"},"url":"https:\/\/www.cargo-montreal.ca\/fr\/author\/karine\/"}]}},"_links":{"self":[{"href":"https:\/\/www.cargo-montreal.ca\/fr\/wp-json\/wp\/v2\/posts\/16827","targetHints":{"allow":["GET"]}}],"collection":[{"href":"https:\/\/www.cargo-montreal.ca\/fr\/wp-json\/wp\/v2\/posts"}],"about":[{"href":"https:\/\/www.cargo-montreal.ca\/fr\/wp-json\/wp\/v2\/types\/post"}],"author":[{"embeddable":true,"href":"https:\/\/www.cargo-montreal.ca\/fr\/wp-json\/wp\/v2\/users\/39"}],"replies":[{"embeddable":true,"href":"https:\/\/www.cargo-montreal.ca\/fr\/wp-json\/wp\/v2\/comments?post=16827"}],"version-history":[{"count":1,"href":"https:\/\/www.cargo-montreal.ca\/fr\/wp-json\/wp\/v2\/posts\/16827\/revisions"}],"predecessor-version":[{"id":16828,"href":"https:\/\/www.cargo-montreal.ca\/fr\/wp-json\/wp\/v2\/posts\/16827\/revisions\/16828"}],"wp:featuredmedia":[{"embeddable":true,"href":"https:\/\/www.cargo-montreal.ca\/fr\/wp-json\/wp\/v2\/media\/16805"}],"wp:attachment":[{"href":"https:\/\/www.cargo-montreal.ca\/fr\/wp-json\/wp\/v2\/media?parent=16827"}],"wp:term":[{"taxonomy":"category","embeddable":true,"href":"https:\/\/www.cargo-montreal.ca\/fr\/wp-json\/wp\/v2\/categories?post=16827"},{"taxonomy":"post_tag","embeddable":true,"href":"https:\/\/www.cargo-montreal.ca\/fr\/wp-json\/wp\/v2\/tags?post=16827"}],"curies":[{"name":"wp","href":"https:\/\/api.w.org\/{rel}","templated":true}]}}