{"id":16955,"date":"2024-05-16T16:39:38","date_gmt":"2024-05-16T16:39:38","guid":{"rendered":"https:\/\/www.cargo-montreal.ca\/?p=16955"},"modified":"2024-05-16T16:39:38","modified_gmt":"2024-05-16T16:39:38","slug":"activite-reseautage-avec-haropa-port-2","status":"publish","type":"post","link":"https:\/\/www.cargo-montreal.ca\/fr\/activite-reseautage-avec-haropa-port-2\/","title":{"rendered":"Activit\u00e9 r\u00e9seautage avec HAROPA Port"},"content":{"rendered":"<p align=\"justify\">CargoM et le Port de Montr\u00e9al \u00e9taient ravis d\u2019accueillir, le 18 avril dernier, des repr\u00e9sentants d\u2019<a href=\"https:\/\/info.cargo-montreal.ca\/e3t\/Ctc\/ZU+113\/d11nbd04\/VW3b992Lf0fvW1Z-V-W8W4JhPW8pQGPD5f8cnJN7RflxK3lYMRW69sMD-6lZ3mFW1jlL6l4zyPL_W7HtgFC4FbmbjW60BNXP1kmmvpW9lv_KR1wx6mrW6NFb5F1ZWFWxV_YHMK2ymkVTW88H0Ns5x6YjlN4Pw_J3wKZ0fW4B_2tm6rjhlpW134pw08J4PfVVR3ZVH8KYmD-W3m91WT992RsZW8MlPcZ5BLwXyW5gnB5C1q6N2vW53jWsC2fp3JbW8pHFrt35KzjcW8sNPC52J_GNlW6VBS_M8x3ZfRW1-RlRT4CzTWSW8X3lVs4jlHWRf7shNzC04\" target=\"_blank\" rel=\"noopener\" data-saferedirecturl=\"https:\/\/www.google.com\/url?q=https:\/\/info.cargo-montreal.ca\/e3t\/Ctc\/ZU%2B113\/d11nbd04\/VW3b992Lf0fvW1Z-V-W8W4JhPW8pQGPD5f8cnJN7RflxK3lYMRW69sMD-6lZ3mFW1jlL6l4zyPL_W7HtgFC4FbmbjW60BNXP1kmmvpW9lv_KR1wx6mrW6NFb5F1ZWFWxV_YHMK2ymkVTW88H0Ns5x6YjlN4Pw_J3wKZ0fW4B_2tm6rjhlpW134pw08J4PfVVR3ZVH8KYmD-W3m91WT992RsZW8MlPcZ5BLwXyW5gnB5C1q6N2vW53jWsC2fp3JbW8pHFrt35KzjcW8sNPC52J_GNlW6VBS_M8x3ZfRW1-RlRT4CzTWSW8X3lVs4jlHWRf7shNzC04&amp;source=gmail&amp;ust=1715959487370000&amp;usg=AOvVaw0Da5TVAQ_d2TdUTofe0lwx\">HAROPA Port<\/a>\u00a0dans le cadre d\u2019un atelier de travail et de pr\u00e9sentation suivi d\u2019un \u00e9v\u00e9nement r\u00e9seautage avec une quarantaine de partenaires de l\u2019industrie.<\/p>\r\n<p align=\"justify\">Ce fut un apr\u00e8s-midi enrichissant ayant notamment pour th\u00e8mes la pr\u00e9sentation des activit\u00e9s d\u2019HAROPA Port et la d\u00e9carbonation de l\u2019hinterland gr\u00e2ce \u00e0 l\u2019utilisation du corridor vert de l\u2019Axe Seine.<\/p>\r\n<p align=\"justify\">Merci \u00e0 messieurs St\u00e9phane Raison, Kris Danaradjou, C\u00e9dric Virciglio et Bruno H\u00e9bert d\u2019HAROPA Port et \u00e0 messieurs Guillaume Brossard, Alain Berard, Marc-Andr\u00e9 Paquin et Florent Perrin du Port de Montr\u00e9al pour l\u2019invitation \u00e0 participer \u00e0 ces rencontres fructueuses.<\/p>\r\n<p align=\"justify\">Pour en savoir plus sur\u00a0<a href=\"https:\/\/info.cargo-montreal.ca\/e3t\/Ctc\/ZU+113\/d11nbd04\/VW3b992Lf0fvW1Z-V-W8W4JhPW8pQGPD5f8cnJN7RflxK3lYMRW69sMD-6lZ3nLW8yRSKS2XQJ5mW1JVfDz4CR2DtW45Kg-b1Gn7jhW4WTDPW2njRgpN8SVXP6FYH5dVcBz3G5qSC31Vr4gX_79yQPfW1FZln82XJX2yW5mddTY2TCn0DW5HV7SV1TFnydW6QWX-s1ztQWcW7Q0DnF1yHgzwW1ZjRzy6f9XHdN32yMr6XBMh4W4sryyc6TYNY2W7zkv0K5g9HztN2LMGGQKt5DVW7_5Zc644sr-QW28DjdP3RF_yDN78TRfzYjvMLf5vJcNq04\" target=\"_blank\" rel=\"noopener\" data-saferedirecturl=\"https:\/\/www.google.com\/url?q=https:\/\/info.cargo-montreal.ca\/e3t\/Ctc\/ZU%2B113\/d11nbd04\/VW3b992Lf0fvW1Z-V-W8W4JhPW8pQGPD5f8cnJN7RflxK3lYMRW69sMD-6lZ3nLW8yRSKS2XQJ5mW1JVfDz4CR2DtW45Kg-b1Gn7jhW4WTDPW2njRgpN8SVXP6FYH5dVcBz3G5qSC31Vr4gX_79yQPfW1FZln82XJX2yW5mddTY2TCn0DW5HV7SV1TFnydW6QWX-s1ztQWcW7Q0DnF1yHgzwW1ZjRzy6f9XHdN32yMr6XBMh4W4sryyc6TYNY2W7zkv0K5g9HztN2LMGGQKt5DVW7_5Zc644sr-QW28DjdP3RF_yDN78TRfzYjvMLf5vJcNq04&amp;source=gmail&amp;ust=1715959487370000&amp;usg=AOvVaw30cFm4155sWNhxRv6zLv_B\">HAROPA Port<\/a>.<\/p>","protected":false},"excerpt":{"rendered":"CargoM et le Port de Montr\u00e9al \u00e9taient ravis d\u2019accueillir, le 18 avril dernier, des repr\u00e9sentants d\u2019HAROPA Port\u00a0dans le cadre d\u2019un atelier de travail et de pr\u00e9sentation suivi d\u2019un \u00e9v\u00e9nement r\u00e9seautage avec une quarantaine de partenaires de l\u2019industrie. Ce fut un apr\u00e8s-midi enrichissant ayant notamment pour th\u00e8mes la pr\u00e9sentation des activit\u00e9s d\u2019HAROPA Port et la d\u00e9carbonation [&hellip;]","protected":false},"author":39,"featured_media":16924,"comment_status":"closed","ping_status":"closed","sticky":false,"template":"","format":"standard","meta":{"_acf_changed":false,"footnotes":""},"categories":[20],"tags":[],"class_list":["post-16955","post","type-post","status-publish","format-standard","has-post-thumbnail","hentry","category-services-logistiques"],"acf":[],"yoast_head":"<!-- This site is optimized with the Yoast SEO plugin v27.3 - https:\/\/yoast.com\/product\/yoast-seo-wordpress\/ -->\n<title>Activit\u00e9 r\u00e9seautage avec HAROPA Port - CargoM<\/title>\n<meta name=\"robots\" content=\"index, follow, max-snippet:-1, max-image-preview:large, max-video-preview:-1\" \/>\n<link rel=\"canonical\" href=\"https:\/\/www.cargo-montreal.ca\/fr\/activite-reseautage-avec-haropa-port-2\/\" \/>\n<meta property=\"og:locale\" content=\"fr_FR\" \/>\n<meta property=\"og:type\" content=\"article\" \/>\n<meta property=\"og:title\" content=\"Activit\u00e9 r\u00e9seautage avec HAROPA Port - CargoM\" \/>\n<meta property=\"og:description\" content=\"CargoM et le Port de Montr\u00e9al \u00e9taient ravis d\u2019accueillir, le 18 avril dernier, des repr\u00e9sentants d\u2019HAROPA Port\u00a0dans le cadre d\u2019un atelier de travail et de pr\u00e9sentation suivi d\u2019un \u00e9v\u00e9nement r\u00e9seautage avec une quarantaine de partenaires de l\u2019industrie. Ce fut un apr\u00e8s-midi enrichissant ayant notamment pour th\u00e8mes la pr\u00e9sentation des activit\u00e9s d\u2019HAROPA Port et la d\u00e9carbonation [&hellip;]\" \/>\n<meta property=\"og:url\" content=\"https:\/\/www.cargo-montreal.ca\/fr\/activite-reseautage-avec-haropa-port-2\/\" \/>\n<meta property=\"og:site_name\" content=\"CargoM\" \/>\n<meta property=\"article:published_time\" content=\"2024-05-16T16:39:38+00:00\" \/>\n<meta property=\"og:image\" content=\"https:\/\/www.cargo-montreal.ca\/wp-content\/uploads\/2024\/05\/3-2-scaled.jpg\" \/>\n\t<meta property=\"og:image:width\" content=\"2560\" \/>\n\t<meta property=\"og:image:height\" content=\"1537\" \/>\n\t<meta property=\"og:image:type\" content=\"image\/jpeg\" \/>\n<meta name=\"author\" content=\"Karine Dudognon\" \/>\n<meta name=\"twitter:card\" content=\"summary_large_image\" \/>\n<meta name=\"twitter:label1\" content=\"\u00c9crit par\" \/>\n\t<meta name=\"twitter:data1\" content=\"Karine Dudognon\" \/>\n\t<meta name=\"twitter:label2\" content=\"Dur\u00e9e de lecture estim\u00e9e\" \/>\n\t<meta name=\"twitter:data2\" content=\"1 minute\" \/>\n<script type=\"application\/ld+json\" class=\"yoast-schema-graph\">{\"@context\":\"https:\\\/\\\/schema.org\",\"@graph\":[{\"@type\":\"Article\",\"@id\":\"https:\\\/\\\/www.cargo-montreal.ca\\\/fr\\\/activite-reseautage-avec-haropa-port-2\\\/#article\",\"isPartOf\":{\"@id\":\"https:\\\/\\\/www.cargo-montreal.ca\\\/fr\\\/activite-reseautage-avec-haropa-port-2\\\/\"},\"author\":{\"name\":\"Karine Dudognon\",\"@id\":\"https:\\\/\\\/www.cargo-montreal.ca\\\/fr\\\/#\\\/schema\\\/person\\\/80476d173ce654813db9fd1533901365\"},\"headline\":\"Activit\u00e9 r\u00e9seautage avec HAROPA Port\",\"datePublished\":\"2024-05-16T16:39:38+00:00\",\"mainEntityOfPage\":{\"@id\":\"https:\\\/\\\/www.cargo-montreal.ca\\\/fr\\\/activite-reseautage-avec-haropa-port-2\\\/\"},\"wordCount\":138,\"image\":{\"@id\":\"https:\\\/\\\/www.cargo-montreal.ca\\\/fr\\\/activite-reseautage-avec-haropa-port-2\\\/#primaryimage\"},\"thumbnailUrl\":\"https:\\\/\\\/www.cargo-montreal.ca\\\/wp-content\\\/uploads\\\/2024\\\/05\\\/3-2-scaled.jpg\",\"articleSection\":[\"Services logistiques\"],\"inLanguage\":\"fr-FR\"},{\"@type\":\"WebPage\",\"@id\":\"https:\\\/\\\/www.cargo-montreal.ca\\\/fr\\\/activite-reseautage-avec-haropa-port-2\\\/\",\"url\":\"https:\\\/\\\/www.cargo-montreal.ca\\\/fr\\\/activite-reseautage-avec-haropa-port-2\\\/\",\"name\":\"Activit\u00e9 r\u00e9seautage avec HAROPA Port - CargoM\",\"isPartOf\":{\"@id\":\"https:\\\/\\\/www.cargo-montreal.ca\\\/fr\\\/#website\"},\"primaryImageOfPage\":{\"@id\":\"https:\\\/\\\/www.cargo-montreal.ca\\\/fr\\\/activite-reseautage-avec-haropa-port-2\\\/#primaryimage\"},\"image\":{\"@id\":\"https:\\\/\\\/www.cargo-montreal.ca\\\/fr\\\/activite-reseautage-avec-haropa-port-2\\\/#primaryimage\"},\"thumbnailUrl\":\"https:\\\/\\\/www.cargo-montreal.ca\\\/wp-content\\\/uploads\\\/2024\\\/05\\\/3-2-scaled.jpg\",\"datePublished\":\"2024-05-16T16:39:38+00:00\",\"author\":{\"@id\":\"https:\\\/\\\/www.cargo-montreal.ca\\\/fr\\\/#\\\/schema\\\/person\\\/80476d173ce654813db9fd1533901365\"},\"breadcrumb\":{\"@id\":\"https:\\\/\\\/www.cargo-montreal.ca\\\/fr\\\/activite-reseautage-avec-haropa-port-2\\\/#breadcrumb\"},\"inLanguage\":\"fr-FR\",\"potentialAction\":[{\"@type\":\"ReadAction\",\"target\":[\"https:\\\/\\\/www.cargo-montreal.ca\\\/fr\\\/activite-reseautage-avec-haropa-port-2\\\/\"]}]},{\"@type\":\"ImageObject\",\"inLanguage\":\"fr-FR\",\"@id\":\"https:\\\/\\\/www.cargo-montreal.ca\\\/fr\\\/activite-reseautage-avec-haropa-port-2\\\/#primaryimage\",\"url\":\"https:\\\/\\\/www.cargo-montreal.ca\\\/wp-content\\\/uploads\\\/2024\\\/05\\\/3-2-scaled.jpg\",\"contentUrl\":\"https:\\\/\\\/www.cargo-montreal.ca\\\/wp-content\\\/uploads\\\/2024\\\/05\\\/3-2-scaled.jpg\",\"width\":2560,\"height\":1537},{\"@type\":\"BreadcrumbList\",\"@id\":\"https:\\\/\\\/www.cargo-montreal.ca\\\/fr\\\/activite-reseautage-avec-haropa-port-2\\\/#breadcrumb\",\"itemListElement\":[{\"@type\":\"ListItem\",\"position\":1,\"name\":\"Home\",\"item\":\"https:\\\/\\\/www.cargo-montreal.ca\\\/fr\\\/\"},{\"@type\":\"ListItem\",\"position\":2,\"name\":\"Activit\u00e9 r\u00e9seautage avec HAROPA Port\"}]},{\"@type\":\"WebSite\",\"@id\":\"https:\\\/\\\/www.cargo-montreal.ca\\\/fr\\\/#website\",\"url\":\"https:\\\/\\\/www.cargo-montreal.ca\\\/fr\\\/\",\"name\":\"CargoM\",\"description\":\"La mission de CargoM: Rassembler les acteurs de la logistique &amp; du transport de marchandises du Grand Montr\u00e9al autour d&#039;objectifs communs, d&#039;actions concert\u00e9es\",\"potentialAction\":[{\"@type\":\"SearchAction\",\"target\":{\"@type\":\"EntryPoint\",\"urlTemplate\":\"https:\\\/\\\/www.cargo-montreal.ca\\\/fr\\\/?s={search_term_string}\"},\"query-input\":{\"@type\":\"PropertyValueSpecification\",\"valueRequired\":true,\"valueName\":\"search_term_string\"}}],\"inLanguage\":\"fr-FR\"},{\"@type\":\"Person\",\"@id\":\"https:\\\/\\\/www.cargo-montreal.ca\\\/fr\\\/#\\\/schema\\\/person\\\/80476d173ce654813db9fd1533901365\",\"name\":\"Karine Dudognon\",\"image\":{\"@type\":\"ImageObject\",\"inLanguage\":\"fr-FR\",\"@id\":\"https:\\\/\\\/secure.gravatar.com\\\/avatar\\\/673bdfb703a9b6685a88bc7dfb04a9ea2b48b30e9d1663a5e759a4e9bfa3e2c0?s=96&d=mm&r=g\",\"url\":\"https:\\\/\\\/secure.gravatar.com\\\/avatar\\\/673bdfb703a9b6685a88bc7dfb04a9ea2b48b30e9d1663a5e759a4e9bfa3e2c0?s=96&d=mm&r=g\",\"contentUrl\":\"https:\\\/\\\/secure.gravatar.com\\\/avatar\\\/673bdfb703a9b6685a88bc7dfb04a9ea2b48b30e9d1663a5e759a4e9bfa3e2c0?s=96&d=mm&r=g\",\"caption\":\"Karine Dudognon\"},\"url\":\"https:\\\/\\\/www.cargo-montreal.ca\\\/fr\\\/author\\\/karine\\\/\"}]}<\/script>\n<!-- \/ Yoast SEO plugin. -->","yoast_head_json":{"title":"Activit\u00e9 r\u00e9seautage avec HAROPA Port - CargoM","robots":{"index":"index","follow":"follow","max-snippet":"max-snippet:-1","max-image-preview":"max-image-preview:large","max-video-preview":"max-video-preview:-1"},"canonical":"https:\/\/www.cargo-montreal.ca\/fr\/activite-reseautage-avec-haropa-port-2\/","og_locale":"fr_FR","og_type":"article","og_title":"Activit\u00e9 r\u00e9seautage avec HAROPA Port - CargoM","og_description":"CargoM et le Port de Montr\u00e9al \u00e9taient ravis d\u2019accueillir, le 18 avril dernier, des repr\u00e9sentants d\u2019HAROPA Port\u00a0dans le cadre d\u2019un atelier de travail et de pr\u00e9sentation suivi d\u2019un \u00e9v\u00e9nement r\u00e9seautage avec une quarantaine de partenaires de l\u2019industrie. Ce fut un apr\u00e8s-midi enrichissant ayant notamment pour th\u00e8mes la pr\u00e9sentation des activit\u00e9s d\u2019HAROPA Port et la d\u00e9carbonation [&hellip;]","og_url":"https:\/\/www.cargo-montreal.ca\/fr\/activite-reseautage-avec-haropa-port-2\/","og_site_name":"CargoM","article_published_time":"2024-05-16T16:39:38+00:00","og_image":[{"width":2560,"height":1537,"url":"https:\/\/www.cargo-montreal.ca\/wp-content\/uploads\/2024\/05\/3-2-scaled.jpg","type":"image\/jpeg"}],"author":"Karine Dudognon","twitter_card":"summary_large_image","twitter_misc":{"\u00c9crit par":"Karine Dudognon","Dur\u00e9e de lecture estim\u00e9e":"1 minute"},"schema":{"@context":"https:\/\/schema.org","@graph":[{"@type":"Article","@id":"https:\/\/www.cargo-montreal.ca\/fr\/activite-reseautage-avec-haropa-port-2\/#article","isPartOf":{"@id":"https:\/\/www.cargo-montreal.ca\/fr\/activite-reseautage-avec-haropa-port-2\/"},"author":{"name":"Karine Dudognon","@id":"https:\/\/www.cargo-montreal.ca\/fr\/#\/schema\/person\/80476d173ce654813db9fd1533901365"},"headline":"Activit\u00e9 r\u00e9seautage avec HAROPA Port","datePublished":"2024-05-16T16:39:38+00:00","mainEntityOfPage":{"@id":"https:\/\/www.cargo-montreal.ca\/fr\/activite-reseautage-avec-haropa-port-2\/"},"wordCount":138,"image":{"@id":"https:\/\/www.cargo-montreal.ca\/fr\/activite-reseautage-avec-haropa-port-2\/#primaryimage"},"thumbnailUrl":"https:\/\/www.cargo-montreal.ca\/wp-content\/uploads\/2024\/05\/3-2-scaled.jpg","articleSection":["Services logistiques"],"inLanguage":"fr-FR"},{"@type":"WebPage","@id":"https:\/\/www.cargo-montreal.ca\/fr\/activite-reseautage-avec-haropa-port-2\/","url":"https:\/\/www.cargo-montreal.ca\/fr\/activite-reseautage-avec-haropa-port-2\/","name":"Activit\u00e9 r\u00e9seautage avec HAROPA Port - CargoM","isPartOf":{"@id":"https:\/\/www.cargo-montreal.ca\/fr\/#website"},"primaryImageOfPage":{"@id":"https:\/\/www.cargo-montreal.ca\/fr\/activite-reseautage-avec-haropa-port-2\/#primaryimage"},"image":{"@id":"https:\/\/www.cargo-montreal.ca\/fr\/activite-reseautage-avec-haropa-port-2\/#primaryimage"},"thumbnailUrl":"https:\/\/www.cargo-montreal.ca\/wp-content\/uploads\/2024\/05\/3-2-scaled.jpg","datePublished":"2024-05-16T16:39:38+00:00","author":{"@id":"https:\/\/www.cargo-montreal.ca\/fr\/#\/schema\/person\/80476d173ce654813db9fd1533901365"},"breadcrumb":{"@id":"https:\/\/www.cargo-montreal.ca\/fr\/activite-reseautage-avec-haropa-port-2\/#breadcrumb"},"inLanguage":"fr-FR","potentialAction":[{"@type":"ReadAction","target":["https:\/\/www.cargo-montreal.ca\/fr\/activite-reseautage-avec-haropa-port-2\/"]}]},{"@type":"ImageObject","inLanguage":"fr-FR","@id":"https:\/\/www.cargo-montreal.ca\/fr\/activite-reseautage-avec-haropa-port-2\/#primaryimage","url":"https:\/\/www.cargo-montreal.ca\/wp-content\/uploads\/2024\/05\/3-2-scaled.jpg","contentUrl":"https:\/\/www.cargo-montreal.ca\/wp-content\/uploads\/2024\/05\/3-2-scaled.jpg","width":2560,"height":1537},{"@type":"BreadcrumbList","@id":"https:\/\/www.cargo-montreal.ca\/fr\/activite-reseautage-avec-haropa-port-2\/#breadcrumb","itemListElement":[{"@type":"ListItem","position":1,"name":"Home","item":"https:\/\/www.cargo-montreal.ca\/fr\/"},{"@type":"ListItem","position":2,"name":"Activit\u00e9 r\u00e9seautage avec HAROPA Port"}]},{"@type":"WebSite","@id":"https:\/\/www.cargo-montreal.ca\/fr\/#website","url":"https:\/\/www.cargo-montreal.ca\/fr\/","name":"CargoM","description":"La mission de CargoM: Rassembler les acteurs de la logistique &amp; du transport de marchandises du Grand Montr\u00e9al autour d&#039;objectifs communs, d&#039;actions concert\u00e9es","potentialAction":[{"@type":"SearchAction","target":{"@type":"EntryPoint","urlTemplate":"https:\/\/www.cargo-montreal.ca\/fr\/?s={search_term_string}"},"query-input":{"@type":"PropertyValueSpecification","valueRequired":true,"valueName":"search_term_string"}}],"inLanguage":"fr-FR"},{"@type":"Person","@id":"https:\/\/www.cargo-montreal.ca\/fr\/#\/schema\/person\/80476d173ce654813db9fd1533901365","name":"Karine Dudognon","image":{"@type":"ImageObject","inLanguage":"fr-FR","@id":"https:\/\/secure.gravatar.com\/avatar\/673bdfb703a9b6685a88bc7dfb04a9ea2b48b30e9d1663a5e759a4e9bfa3e2c0?s=96&d=mm&r=g","url":"https:\/\/secure.gravatar.com\/avatar\/673bdfb703a9b6685a88bc7dfb04a9ea2b48b30e9d1663a5e759a4e9bfa3e2c0?s=96&d=mm&r=g","contentUrl":"https:\/\/secure.gravatar.com\/avatar\/673bdfb703a9b6685a88bc7dfb04a9ea2b48b30e9d1663a5e759a4e9bfa3e2c0?s=96&d=mm&r=g","caption":"Karine Dudognon"},"url":"https:\/\/www.cargo-montreal.ca\/fr\/author\/karine\/"}]}},"_links":{"self":[{"href":"https:\/\/www.cargo-montreal.ca\/fr\/wp-json\/wp\/v2\/posts\/16955","targetHints":{"allow":["GET"]}}],"collection":[{"href":"https:\/\/www.cargo-montreal.ca\/fr\/wp-json\/wp\/v2\/posts"}],"about":[{"href":"https:\/\/www.cargo-montreal.ca\/fr\/wp-json\/wp\/v2\/types\/post"}],"author":[{"embeddable":true,"href":"https:\/\/www.cargo-montreal.ca\/fr\/wp-json\/wp\/v2\/users\/39"}],"replies":[{"embeddable":true,"href":"https:\/\/www.cargo-montreal.ca\/fr\/wp-json\/wp\/v2\/comments?post=16955"}],"version-history":[{"count":2,"href":"https:\/\/www.cargo-montreal.ca\/fr\/wp-json\/wp\/v2\/posts\/16955\/revisions"}],"predecessor-version":[{"id":16957,"href":"https:\/\/www.cargo-montreal.ca\/fr\/wp-json\/wp\/v2\/posts\/16955\/revisions\/16957"}],"wp:featuredmedia":[{"embeddable":true,"href":"https:\/\/www.cargo-montreal.ca\/fr\/wp-json\/wp\/v2\/media\/16924"}],"wp:attachment":[{"href":"https:\/\/www.cargo-montreal.ca\/fr\/wp-json\/wp\/v2\/media?parent=16955"}],"wp:term":[{"taxonomy":"category","embeddable":true,"href":"https:\/\/www.cargo-montreal.ca\/fr\/wp-json\/wp\/v2\/categories?post=16955"},{"taxonomy":"post_tag","embeddable":true,"href":"https:\/\/www.cargo-montreal.ca\/fr\/wp-json\/wp\/v2\/tags?post=16955"}],"curies":[{"name":"wp","href":"https:\/\/api.w.org\/{rel}","templated":true}]}}