{"id":16964,"date":"2024-05-16T16:43:44","date_gmt":"2024-05-16T16:43:44","guid":{"rendered":"https:\/\/www.cargo-montreal.ca\/?p=16964"},"modified":"2024-05-16T16:43:44","modified_gmt":"2024-05-16T16:43:44","slug":"inscrivez-votre-entreprise-a-cap-saint-laurent-2","status":"publish","type":"post","link":"https:\/\/www.cargo-montreal.ca\/fr\/inscrivez-votre-entreprise-a-cap-saint-laurent-2\/","title":{"rendered":"Inscrivez votre entreprise \u00e0 Cap Saint-Laurent"},"content":{"rendered":"<p align=\"justify\">CargoM et le SODES invitent toutes les entreprises et les acteurs du secteur maritime \u00e0 s\u2019inscrire au r\u00e9pertoire de l\u2019outil Cap St-Laurent qui permet\u00a0de positionner \u00e0 l\u2019international les avantages strat\u00e9giques du Saint-Laurent de m\u00eame que l\u2019expertise qu\u00e9b\u00e9coise.<\/p>\r\n<p align=\"justify\">Financ\u00e9 par le\u00a0<a href=\"https:\/\/info.cargo-montreal.ca\/e3t\/Ctc\/ZU+113\/d11nbd04\/VW3b992Lf0fvW1Z-V-W8W4JhPW8pQGPD5f8cnJN7RflyC3lYMRW7Y8-PT6lZ3lBW6qr9n56xztxwW3h1nlG968q23W3nslLX3TZF52W203gYq2vJGNHN30wtWy3QPj_W57QL9N33Sgb3W4tCHcv5LzL4XW2GKZLx6HHqySN8hcHTVzC0QmW1kKvYt9fJhknW2HH7FJ4Wd1sFW8m1DmQ73DJ7dVbghnb4SzM5JW6tnj846GH8zsW4K0qrP35Qb-_W2PP6bY3Vm8tsW3_Q-Mx1XCvsLW9kzmYg8dFYHHVkf4Dr4yQy9dW7j4XNR8s0gnhW43-DV687688zW7Bj-449d3WqlW7HRFBn4CJ12-W6wrLw21MyGhkW6bxq0n8Srgf4W19y-pd4CH7Hrf8X3Vnn04\" target=\"_blank\" rel=\"noopener\" data-saferedirecturl=\"https:\/\/www.google.com\/url?q=https:\/\/info.cargo-montreal.ca\/e3t\/Ctc\/ZU%2B113\/d11nbd04\/VW3b992Lf0fvW1Z-V-W8W4JhPW8pQGPD5f8cnJN7RflyC3lYMRW7Y8-PT6lZ3lBW6qr9n56xztxwW3h1nlG968q23W3nslLX3TZF52W203gYq2vJGNHN30wtWy3QPj_W57QL9N33Sgb3W4tCHcv5LzL4XW2GKZLx6HHqySN8hcHTVzC0QmW1kKvYt9fJhknW2HH7FJ4Wd1sFW8m1DmQ73DJ7dVbghnb4SzM5JW6tnj846GH8zsW4K0qrP35Qb-_W2PP6bY3Vm8tsW3_Q-Mx1XCvsLW9kzmYg8dFYHHVkf4Dr4yQy9dW7j4XNR8s0gnhW43-DV687688zW7Bj-449d3WqlW7HRFBn4CJ12-W6wrLw21MyGhkW6bxq0n8Srgf4W19y-pd4CH7Hrf8X3Vnn04&amp;source=gmail&amp;ust=1715959487371000&amp;usg=AOvVaw1BF7YunZULrgftK4QRape0\">minist\u00e8re des Relations internationales et de la Francophonie (MRIF)<\/a>\u00a0et le\u00a0<a href=\"https:\/\/info.cargo-montreal.ca\/e3t\/Ctc\/ZU+113\/d11nbd04\/VW3b992Lf0fvW1Z-V-W8W4JhPW8pQGPD5f8cnJN7Rflyj3lYMRW7lCdLW6lZ3mjW5VVNb58BXQlmN2861DvyMr_rW5PpX3F8MTNCWW8dhbTh7TKGrrVLVQrt20PyJCW98Qs8J70pvm5W98NSZj78YYfwW5fjDhN4KtNHZV_YtcB7Gw6yQW7cCG273sbhQsN2Qpc91nmx2SMZnKqdFcGDRV8f_Gz1zPmqsW6x39GC1lybD2VKFPTK3KDRR7N8hdJwcDvDqHVW2zJ97rfFM1W7CrRn58-zwPNW3x9xMP4nB6_4W7dxg0Z5tWtC9W5JzLxK83mBtHVtKFLK4CMSGlW6nlB3q8J7n3mW5v6GPz15yfrVf2Fqpfz04\" target=\"_blank\" rel=\"noopener\" data-saferedirecturl=\"https:\/\/www.google.com\/url?q=https:\/\/info.cargo-montreal.ca\/e3t\/Ctc\/ZU%2B113\/d11nbd04\/VW3b992Lf0fvW1Z-V-W8W4JhPW8pQGPD5f8cnJN7Rflyj3lYMRW7lCdLW6lZ3mjW5VVNb58BXQlmN2861DvyMr_rW5PpX3F8MTNCWW8dhbTh7TKGrrVLVQrt20PyJCW98Qs8J70pvm5W98NSZj78YYfwW5fjDhN4KtNHZV_YtcB7Gw6yQW7cCG273sbhQsN2Qpc91nmx2SMZnKqdFcGDRV8f_Gz1zPmqsW6x39GC1lybD2VKFPTK3KDRR7N8hdJwcDvDqHVW2zJ97rfFM1W7CrRn58-zwPNW3x9xMP4nB6_4W7dxg0Z5tWtC9W5JzLxK83mBtHVtKFLK4CMSGlW6nlB3q8J7n3mW5v6GPz15yfrVf2Fqpfz04&amp;source=gmail&amp;ust=1715959487371000&amp;usg=AOvVaw3JW8U2fyJEzRnY_-5vQt3Z\">minist\u00e8re de l&rsquo;\u00c9conomie, de l\u2019Innovation et de l\u2019\u00c9nergie (MEIE)<\/a>, le catalogue a pour objectif\u00a0d\u2019acc\u00e9l\u00e9rer l\u2019internationalisation des entreprises, organismes et centres de recherche,\u00a0en offrant au m\u00eame endroit, un \u00e9ventail de services et de ressources d\u2019affaires pour les partenaires nord-am\u00e9ricains et \u00e9trangers qui utilisent notre grande art\u00e8re navigable.<\/p>\r\n<p align=\"justify\"><a href=\"https:\/\/info.cargo-montreal.ca\/e3t\/Ctc\/ZU+113\/d11nbd04\/VW3b992Lf0fvW1Z-V-W8W4JhPW8pQGPD5f8cnJN7Rfly03lYMRW6N1vHY6lZ3nVW4HQlVz3LK4ljN8-sHbS-8p6xW21nfy34888ksVWSphQ13KdbtW18XBbS1-xqh5W5z0VF04NlzrQW4LdQ9J4dtpMDW6wJs_R1b6BtQW8Vp1sZ99gKchW3BFFgG92F8g3W25qbhP6RcDW7W98mBqP9h36kJW3scf0b4F0gj4N1trsqXqStv-W6y3w8B5jfVR2W5Nkdl76pLCX4N6Vct1Rj40NHW5yLmP02PvFMcW94sVVc8pQ0YcW6h4tY558TjZJW2zKMP97XXVjqW7GHqwn8_ldsJdn9gGg04\" target=\"_blank\" rel=\"noopener\" data-saferedirecturl=\"https:\/\/www.google.com\/url?q=https:\/\/info.cargo-montreal.ca\/e3t\/Ctc\/ZU%2B113\/d11nbd04\/VW3b992Lf0fvW1Z-V-W8W4JhPW8pQGPD5f8cnJN7Rfly03lYMRW6N1vHY6lZ3nVW4HQlVz3LK4ljN8-sHbS-8p6xW21nfy34888ksVWSphQ13KdbtW18XBbS1-xqh5W5z0VF04NlzrQW4LdQ9J4dtpMDW6wJs_R1b6BtQW8Vp1sZ99gKchW3BFFgG92F8g3W25qbhP6RcDW7W98mBqP9h36kJW3scf0b4F0gj4N1trsqXqStv-W6y3w8B5jfVR2W5Nkdl76pLCX4N6Vct1Rj40NHW5yLmP02PvFMcW94sVVc8pQ0YcW6h4tY558TjZJW2zKMP97XXVjqW7GHqwn8_ldsJdn9gGg04&amp;source=gmail&amp;ust=1715959487371000&amp;usg=AOvVaw3kZ5QxfMrNqShvf-Qq0IxB\">Visitez le site pour en savoir plus<\/a><\/p>","protected":false},"excerpt":{"rendered":"CargoM et le SODES invitent toutes les entreprises et les acteurs du secteur maritime \u00e0 s\u2019inscrire au r\u00e9pertoire de l\u2019outil Cap St-Laurent qui permet\u00a0de positionner \u00e0 l\u2019international les avantages strat\u00e9giques du Saint-Laurent de m\u00eame que l\u2019expertise qu\u00e9b\u00e9coise. Financ\u00e9 par le\u00a0minist\u00e8re des Relations internationales et de la Francophonie (MRIF)\u00a0et le\u00a0minist\u00e8re de l&rsquo;\u00c9conomie, de l\u2019Innovation et de [&hellip;]","protected":false},"author":39,"featured_media":16928,"comment_status":"closed","ping_status":"closed","sticky":false,"template":"","format":"standard","meta":{"_acf_changed":false,"footnotes":""},"categories":[20],"tags":[],"class_list":["post-16964","post","type-post","status-publish","format-standard","has-post-thumbnail","hentry","category-services-logistiques"],"acf":[],"yoast_head":"<!-- This site is optimized with the Yoast SEO plugin v27.3 - https:\/\/yoast.com\/product\/yoast-seo-wordpress\/ -->\n<title>Inscrivez votre entreprise \u00e0 Cap Saint-Laurent - CargoM<\/title>\n<meta name=\"robots\" content=\"index, follow, max-snippet:-1, max-image-preview:large, max-video-preview:-1\" \/>\n<link rel=\"canonical\" href=\"https:\/\/www.cargo-montreal.ca\/fr\/inscrivez-votre-entreprise-a-cap-saint-laurent-2\/\" \/>\n<meta property=\"og:locale\" content=\"fr_FR\" \/>\n<meta property=\"og:type\" content=\"article\" \/>\n<meta property=\"og:title\" content=\"Inscrivez votre entreprise \u00e0 Cap Saint-Laurent - CargoM\" \/>\n<meta property=\"og:description\" content=\"CargoM et le SODES invitent toutes les entreprises et les acteurs du secteur maritime \u00e0 s\u2019inscrire au r\u00e9pertoire de l\u2019outil Cap St-Laurent qui permet\u00a0de positionner \u00e0 l\u2019international les avantages strat\u00e9giques du Saint-Laurent de m\u00eame que l\u2019expertise qu\u00e9b\u00e9coise. Financ\u00e9 par le\u00a0minist\u00e8re des Relations internationales et de la Francophonie (MRIF)\u00a0et le\u00a0minist\u00e8re de l&rsquo;\u00c9conomie, de l\u2019Innovation et de [&hellip;]\" \/>\n<meta property=\"og:url\" content=\"https:\/\/www.cargo-montreal.ca\/fr\/inscrivez-votre-entreprise-a-cap-saint-laurent-2\/\" \/>\n<meta property=\"og:site_name\" content=\"CargoM\" \/>\n<meta property=\"article:published_time\" content=\"2024-05-16T16:43:44+00:00\" \/>\n<meta property=\"og:image\" content=\"https:\/\/www.cargo-montreal.ca\/wp-content\/uploads\/2024\/05\/Cap-St-Laurent-Version-2-sans-texte-scaled.jpg\" \/>\n\t<meta property=\"og:image:width\" content=\"2560\" \/>\n\t<meta property=\"og:image:height\" content=\"1097\" \/>\n\t<meta property=\"og:image:type\" content=\"image\/jpeg\" \/>\n<meta name=\"author\" content=\"Karine Dudognon\" \/>\n<meta name=\"twitter:card\" content=\"summary_large_image\" \/>\n<meta name=\"twitter:label1\" content=\"\u00c9crit par\" \/>\n\t<meta name=\"twitter:data1\" content=\"Karine Dudognon\" \/>\n\t<meta name=\"twitter:label2\" content=\"Dur\u00e9e de lecture estim\u00e9e\" \/>\n\t<meta name=\"twitter:data2\" content=\"1 minute\" \/>\n<script type=\"application\/ld+json\" class=\"yoast-schema-graph\">{\"@context\":\"https:\\\/\\\/schema.org\",\"@graph\":[{\"@type\":\"Article\",\"@id\":\"https:\\\/\\\/www.cargo-montreal.ca\\\/fr\\\/inscrivez-votre-entreprise-a-cap-saint-laurent-2\\\/#article\",\"isPartOf\":{\"@id\":\"https:\\\/\\\/www.cargo-montreal.ca\\\/fr\\\/inscrivez-votre-entreprise-a-cap-saint-laurent-2\\\/\"},\"author\":{\"name\":\"Karine Dudognon\",\"@id\":\"https:\\\/\\\/www.cargo-montreal.ca\\\/fr\\\/#\\\/schema\\\/person\\\/80476d173ce654813db9fd1533901365\"},\"headline\":\"Inscrivez votre entreprise \u00e0 Cap Saint-Laurent\",\"datePublished\":\"2024-05-16T16:43:44+00:00\",\"mainEntityOfPage\":{\"@id\":\"https:\\\/\\\/www.cargo-montreal.ca\\\/fr\\\/inscrivez-votre-entreprise-a-cap-saint-laurent-2\\\/\"},\"wordCount\":132,\"image\":{\"@id\":\"https:\\\/\\\/www.cargo-montreal.ca\\\/fr\\\/inscrivez-votre-entreprise-a-cap-saint-laurent-2\\\/#primaryimage\"},\"thumbnailUrl\":\"https:\\\/\\\/www.cargo-montreal.ca\\\/wp-content\\\/uploads\\\/2024\\\/05\\\/Cap-St-Laurent-Version-2-sans-texte-scaled.jpg\",\"articleSection\":[\"Services logistiques\"],\"inLanguage\":\"fr-FR\"},{\"@type\":\"WebPage\",\"@id\":\"https:\\\/\\\/www.cargo-montreal.ca\\\/fr\\\/inscrivez-votre-entreprise-a-cap-saint-laurent-2\\\/\",\"url\":\"https:\\\/\\\/www.cargo-montreal.ca\\\/fr\\\/inscrivez-votre-entreprise-a-cap-saint-laurent-2\\\/\",\"name\":\"Inscrivez votre entreprise \u00e0 Cap Saint-Laurent - CargoM\",\"isPartOf\":{\"@id\":\"https:\\\/\\\/www.cargo-montreal.ca\\\/fr\\\/#website\"},\"primaryImageOfPage\":{\"@id\":\"https:\\\/\\\/www.cargo-montreal.ca\\\/fr\\\/inscrivez-votre-entreprise-a-cap-saint-laurent-2\\\/#primaryimage\"},\"image\":{\"@id\":\"https:\\\/\\\/www.cargo-montreal.ca\\\/fr\\\/inscrivez-votre-entreprise-a-cap-saint-laurent-2\\\/#primaryimage\"},\"thumbnailUrl\":\"https:\\\/\\\/www.cargo-montreal.ca\\\/wp-content\\\/uploads\\\/2024\\\/05\\\/Cap-St-Laurent-Version-2-sans-texte-scaled.jpg\",\"datePublished\":\"2024-05-16T16:43:44+00:00\",\"author\":{\"@id\":\"https:\\\/\\\/www.cargo-montreal.ca\\\/fr\\\/#\\\/schema\\\/person\\\/80476d173ce654813db9fd1533901365\"},\"breadcrumb\":{\"@id\":\"https:\\\/\\\/www.cargo-montreal.ca\\\/fr\\\/inscrivez-votre-entreprise-a-cap-saint-laurent-2\\\/#breadcrumb\"},\"inLanguage\":\"fr-FR\",\"potentialAction\":[{\"@type\":\"ReadAction\",\"target\":[\"https:\\\/\\\/www.cargo-montreal.ca\\\/fr\\\/inscrivez-votre-entreprise-a-cap-saint-laurent-2\\\/\"]}]},{\"@type\":\"ImageObject\",\"inLanguage\":\"fr-FR\",\"@id\":\"https:\\\/\\\/www.cargo-montreal.ca\\\/fr\\\/inscrivez-votre-entreprise-a-cap-saint-laurent-2\\\/#primaryimage\",\"url\":\"https:\\\/\\\/www.cargo-montreal.ca\\\/wp-content\\\/uploads\\\/2024\\\/05\\\/Cap-St-Laurent-Version-2-sans-texte-scaled.jpg\",\"contentUrl\":\"https:\\\/\\\/www.cargo-montreal.ca\\\/wp-content\\\/uploads\\\/2024\\\/05\\\/Cap-St-Laurent-Version-2-sans-texte-scaled.jpg\",\"width\":2560,\"height\":1097},{\"@type\":\"BreadcrumbList\",\"@id\":\"https:\\\/\\\/www.cargo-montreal.ca\\\/fr\\\/inscrivez-votre-entreprise-a-cap-saint-laurent-2\\\/#breadcrumb\",\"itemListElement\":[{\"@type\":\"ListItem\",\"position\":1,\"name\":\"Home\",\"item\":\"https:\\\/\\\/www.cargo-montreal.ca\\\/fr\\\/\"},{\"@type\":\"ListItem\",\"position\":2,\"name\":\"Inscrivez votre entreprise \u00e0 Cap Saint-Laurent\"}]},{\"@type\":\"WebSite\",\"@id\":\"https:\\\/\\\/www.cargo-montreal.ca\\\/fr\\\/#website\",\"url\":\"https:\\\/\\\/www.cargo-montreal.ca\\\/fr\\\/\",\"name\":\"CargoM\",\"description\":\"La mission de CargoM: Rassembler les acteurs de la logistique &amp; du transport de marchandises du Grand Montr\u00e9al autour d&#039;objectifs communs, d&#039;actions concert\u00e9es\",\"potentialAction\":[{\"@type\":\"SearchAction\",\"target\":{\"@type\":\"EntryPoint\",\"urlTemplate\":\"https:\\\/\\\/www.cargo-montreal.ca\\\/fr\\\/?s={search_term_string}\"},\"query-input\":{\"@type\":\"PropertyValueSpecification\",\"valueRequired\":true,\"valueName\":\"search_term_string\"}}],\"inLanguage\":\"fr-FR\"},{\"@type\":\"Person\",\"@id\":\"https:\\\/\\\/www.cargo-montreal.ca\\\/fr\\\/#\\\/schema\\\/person\\\/80476d173ce654813db9fd1533901365\",\"name\":\"Karine Dudognon\",\"image\":{\"@type\":\"ImageObject\",\"inLanguage\":\"fr-FR\",\"@id\":\"https:\\\/\\\/secure.gravatar.com\\\/avatar\\\/673bdfb703a9b6685a88bc7dfb04a9ea2b48b30e9d1663a5e759a4e9bfa3e2c0?s=96&d=mm&r=g\",\"url\":\"https:\\\/\\\/secure.gravatar.com\\\/avatar\\\/673bdfb703a9b6685a88bc7dfb04a9ea2b48b30e9d1663a5e759a4e9bfa3e2c0?s=96&d=mm&r=g\",\"contentUrl\":\"https:\\\/\\\/secure.gravatar.com\\\/avatar\\\/673bdfb703a9b6685a88bc7dfb04a9ea2b48b30e9d1663a5e759a4e9bfa3e2c0?s=96&d=mm&r=g\",\"caption\":\"Karine Dudognon\"},\"url\":\"https:\\\/\\\/www.cargo-montreal.ca\\\/fr\\\/author\\\/karine\\\/\"}]}<\/script>\n<!-- \/ Yoast SEO plugin. -->","yoast_head_json":{"title":"Inscrivez votre entreprise \u00e0 Cap Saint-Laurent - CargoM","robots":{"index":"index","follow":"follow","max-snippet":"max-snippet:-1","max-image-preview":"max-image-preview:large","max-video-preview":"max-video-preview:-1"},"canonical":"https:\/\/www.cargo-montreal.ca\/fr\/inscrivez-votre-entreprise-a-cap-saint-laurent-2\/","og_locale":"fr_FR","og_type":"article","og_title":"Inscrivez votre entreprise \u00e0 Cap Saint-Laurent - CargoM","og_description":"CargoM et le SODES invitent toutes les entreprises et les acteurs du secteur maritime \u00e0 s\u2019inscrire au r\u00e9pertoire de l\u2019outil Cap St-Laurent qui permet\u00a0de positionner \u00e0 l\u2019international les avantages strat\u00e9giques du Saint-Laurent de m\u00eame que l\u2019expertise qu\u00e9b\u00e9coise. Financ\u00e9 par le\u00a0minist\u00e8re des Relations internationales et de la Francophonie (MRIF)\u00a0et le\u00a0minist\u00e8re de l&rsquo;\u00c9conomie, de l\u2019Innovation et de [&hellip;]","og_url":"https:\/\/www.cargo-montreal.ca\/fr\/inscrivez-votre-entreprise-a-cap-saint-laurent-2\/","og_site_name":"CargoM","article_published_time":"2024-05-16T16:43:44+00:00","og_image":[{"width":2560,"height":1097,"url":"https:\/\/www.cargo-montreal.ca\/wp-content\/uploads\/2024\/05\/Cap-St-Laurent-Version-2-sans-texte-scaled.jpg","type":"image\/jpeg"}],"author":"Karine Dudognon","twitter_card":"summary_large_image","twitter_misc":{"\u00c9crit par":"Karine Dudognon","Dur\u00e9e de lecture estim\u00e9e":"1 minute"},"schema":{"@context":"https:\/\/schema.org","@graph":[{"@type":"Article","@id":"https:\/\/www.cargo-montreal.ca\/fr\/inscrivez-votre-entreprise-a-cap-saint-laurent-2\/#article","isPartOf":{"@id":"https:\/\/www.cargo-montreal.ca\/fr\/inscrivez-votre-entreprise-a-cap-saint-laurent-2\/"},"author":{"name":"Karine Dudognon","@id":"https:\/\/www.cargo-montreal.ca\/fr\/#\/schema\/person\/80476d173ce654813db9fd1533901365"},"headline":"Inscrivez votre entreprise \u00e0 Cap Saint-Laurent","datePublished":"2024-05-16T16:43:44+00:00","mainEntityOfPage":{"@id":"https:\/\/www.cargo-montreal.ca\/fr\/inscrivez-votre-entreprise-a-cap-saint-laurent-2\/"},"wordCount":132,"image":{"@id":"https:\/\/www.cargo-montreal.ca\/fr\/inscrivez-votre-entreprise-a-cap-saint-laurent-2\/#primaryimage"},"thumbnailUrl":"https:\/\/www.cargo-montreal.ca\/wp-content\/uploads\/2024\/05\/Cap-St-Laurent-Version-2-sans-texte-scaled.jpg","articleSection":["Services logistiques"],"inLanguage":"fr-FR"},{"@type":"WebPage","@id":"https:\/\/www.cargo-montreal.ca\/fr\/inscrivez-votre-entreprise-a-cap-saint-laurent-2\/","url":"https:\/\/www.cargo-montreal.ca\/fr\/inscrivez-votre-entreprise-a-cap-saint-laurent-2\/","name":"Inscrivez votre entreprise \u00e0 Cap Saint-Laurent - CargoM","isPartOf":{"@id":"https:\/\/www.cargo-montreal.ca\/fr\/#website"},"primaryImageOfPage":{"@id":"https:\/\/www.cargo-montreal.ca\/fr\/inscrivez-votre-entreprise-a-cap-saint-laurent-2\/#primaryimage"},"image":{"@id":"https:\/\/www.cargo-montreal.ca\/fr\/inscrivez-votre-entreprise-a-cap-saint-laurent-2\/#primaryimage"},"thumbnailUrl":"https:\/\/www.cargo-montreal.ca\/wp-content\/uploads\/2024\/05\/Cap-St-Laurent-Version-2-sans-texte-scaled.jpg","datePublished":"2024-05-16T16:43:44+00:00","author":{"@id":"https:\/\/www.cargo-montreal.ca\/fr\/#\/schema\/person\/80476d173ce654813db9fd1533901365"},"breadcrumb":{"@id":"https:\/\/www.cargo-montreal.ca\/fr\/inscrivez-votre-entreprise-a-cap-saint-laurent-2\/#breadcrumb"},"inLanguage":"fr-FR","potentialAction":[{"@type":"ReadAction","target":["https:\/\/www.cargo-montreal.ca\/fr\/inscrivez-votre-entreprise-a-cap-saint-laurent-2\/"]}]},{"@type":"ImageObject","inLanguage":"fr-FR","@id":"https:\/\/www.cargo-montreal.ca\/fr\/inscrivez-votre-entreprise-a-cap-saint-laurent-2\/#primaryimage","url":"https:\/\/www.cargo-montreal.ca\/wp-content\/uploads\/2024\/05\/Cap-St-Laurent-Version-2-sans-texte-scaled.jpg","contentUrl":"https:\/\/www.cargo-montreal.ca\/wp-content\/uploads\/2024\/05\/Cap-St-Laurent-Version-2-sans-texte-scaled.jpg","width":2560,"height":1097},{"@type":"BreadcrumbList","@id":"https:\/\/www.cargo-montreal.ca\/fr\/inscrivez-votre-entreprise-a-cap-saint-laurent-2\/#breadcrumb","itemListElement":[{"@type":"ListItem","position":1,"name":"Home","item":"https:\/\/www.cargo-montreal.ca\/fr\/"},{"@type":"ListItem","position":2,"name":"Inscrivez votre entreprise \u00e0 Cap Saint-Laurent"}]},{"@type":"WebSite","@id":"https:\/\/www.cargo-montreal.ca\/fr\/#website","url":"https:\/\/www.cargo-montreal.ca\/fr\/","name":"CargoM","description":"La mission de CargoM: Rassembler les acteurs de la logistique &amp; du transport de marchandises du Grand Montr\u00e9al autour d&#039;objectifs communs, d&#039;actions concert\u00e9es","potentialAction":[{"@type":"SearchAction","target":{"@type":"EntryPoint","urlTemplate":"https:\/\/www.cargo-montreal.ca\/fr\/?s={search_term_string}"},"query-input":{"@type":"PropertyValueSpecification","valueRequired":true,"valueName":"search_term_string"}}],"inLanguage":"fr-FR"},{"@type":"Person","@id":"https:\/\/www.cargo-montreal.ca\/fr\/#\/schema\/person\/80476d173ce654813db9fd1533901365","name":"Karine Dudognon","image":{"@type":"ImageObject","inLanguage":"fr-FR","@id":"https:\/\/secure.gravatar.com\/avatar\/673bdfb703a9b6685a88bc7dfb04a9ea2b48b30e9d1663a5e759a4e9bfa3e2c0?s=96&d=mm&r=g","url":"https:\/\/secure.gravatar.com\/avatar\/673bdfb703a9b6685a88bc7dfb04a9ea2b48b30e9d1663a5e759a4e9bfa3e2c0?s=96&d=mm&r=g","contentUrl":"https:\/\/secure.gravatar.com\/avatar\/673bdfb703a9b6685a88bc7dfb04a9ea2b48b30e9d1663a5e759a4e9bfa3e2c0?s=96&d=mm&r=g","caption":"Karine Dudognon"},"url":"https:\/\/www.cargo-montreal.ca\/fr\/author\/karine\/"}]}},"_links":{"self":[{"href":"https:\/\/www.cargo-montreal.ca\/fr\/wp-json\/wp\/v2\/posts\/16964","targetHints":{"allow":["GET"]}}],"collection":[{"href":"https:\/\/www.cargo-montreal.ca\/fr\/wp-json\/wp\/v2\/posts"}],"about":[{"href":"https:\/\/www.cargo-montreal.ca\/fr\/wp-json\/wp\/v2\/types\/post"}],"author":[{"embeddable":true,"href":"https:\/\/www.cargo-montreal.ca\/fr\/wp-json\/wp\/v2\/users\/39"}],"replies":[{"embeddable":true,"href":"https:\/\/www.cargo-montreal.ca\/fr\/wp-json\/wp\/v2\/comments?post=16964"}],"version-history":[{"count":1,"href":"https:\/\/www.cargo-montreal.ca\/fr\/wp-json\/wp\/v2\/posts\/16964\/revisions"}],"predecessor-version":[{"id":16965,"href":"https:\/\/www.cargo-montreal.ca\/fr\/wp-json\/wp\/v2\/posts\/16964\/revisions\/16965"}],"wp:featuredmedia":[{"embeddable":true,"href":"https:\/\/www.cargo-montreal.ca\/fr\/wp-json\/wp\/v2\/media\/16928"}],"wp:attachment":[{"href":"https:\/\/www.cargo-montreal.ca\/fr\/wp-json\/wp\/v2\/media?parent=16964"}],"wp:term":[{"taxonomy":"category","embeddable":true,"href":"https:\/\/www.cargo-montreal.ca\/fr\/wp-json\/wp\/v2\/categories?post=16964"},{"taxonomy":"post_tag","embeddable":true,"href":"https:\/\/www.cargo-montreal.ca\/fr\/wp-json\/wp\/v2\/tags?post=16964"}],"curies":[{"name":"wp","href":"https:\/\/api.w.org\/{rel}","templated":true}]}}