{"id":16972,"date":"2024-05-16T16:50:15","date_gmt":"2024-05-16T16:50:15","guid":{"rendered":"https:\/\/www.cargo-montreal.ca\/?p=16972"},"modified":"2024-05-16T16:50:15","modified_gmt":"2024-05-16T16:50:15","slug":"consultation-renouvellement-de-la-vision-maritime-avantage-saint-laurent","status":"publish","type":"post","link":"https:\/\/www.cargo-montreal.ca\/fr\/consultation-renouvellement-de-la-vision-maritime-avantage-saint-laurent\/","title":{"rendered":"Consultation : renouvellement de la Vision maritime Avantage Saint-Laurent"},"content":{"rendered":"<p align=\"justify\">La vision maritime du Qu\u00e9bec\u00a0<a href=\"https:\/\/info.cargo-montreal.ca\/e3t\/Ctc\/ZU+113\/d11nbd04\/VW3b992Lf0fvW1Z-V-W8W4JhPW8pQGPD5f8cnJN7RflyC5kvg0W7Y9pgv6lZ3lgW3FLJ1459P_bTW7PKBml3ThyZrW2hlZ417Pt4JVW450NRN1QnMzdW3Zld8j4HJ3QQW5mxPyZ695vbCN4FjnJ-4D7NMW87pCmb6z_st8VrQZzB6Z-KpxW5xDx4t2QqSnzW1Tn0sF8PM9K8W35xk0G2G1Jb5N5_5wJhBvnTBW8PVdq43rr-R6W3Fm4my47zWQ_W5NxW7d8_99Z7W1xNy1f6pysGmW45jcD_1ZNvTLW7QC0_03TrZhLN1KN98N_nr40W7zBzF05FLM0HW89H4051SfrZfW4WMwvh2j-H5TW7vCNps67LN7fW3r7DbW5jT9LZVjJ5v631YvBSN655ZLx_JpbKVCsVkB6PGsyQMShtsxyB27gW7hR4dL2nWWTrW4jr_2Z1qzdGmM7PX97_rQJVN81D8FqTZTG5W1ZrXSw5R7rfXVHwK4s1LvPr3W6Tg3Nm4yTHbyW39PNsG8DT7rvW8sMyc-5gl1SRW1Y4S8M2vtQDrN17CYzddMZ_WN1B7Htn11QKRW5tv80_2CRQskf1bHsbH04\" target=\"_blank\" rel=\"noopener\" data-saferedirecturl=\"https:\/\/www.google.com\/url?hl=fr-CA&amp;q=https:\/\/info.cargo-montreal.ca\/e3t\/Ctc\/ZU%2B113\/d11nbd04\/VW3b992Lf0fvW1Z-V-W8W4JhPW8pQGPD5f8cnJN7RflyC5kvg0W7Y9pgv6lZ3lgW3FLJ1459P_bTW7PKBml3ThyZrW2hlZ417Pt4JVW450NRN1QnMzdW3Zld8j4HJ3QQW5mxPyZ695vbCN4FjnJ-4D7NMW87pCmb6z_st8VrQZzB6Z-KpxW5xDx4t2QqSnzW1Tn0sF8PM9K8W35xk0G2G1Jb5N5_5wJhBvnTBW8PVdq43rr-R6W3Fm4my47zWQ_W5NxW7d8_99Z7W1xNy1f6pysGmW45jcD_1ZNvTLW7QC0_03TrZhLN1KN98N_nr40W7zBzF05FLM0HW89H4051SfrZfW4WMwvh2j-H5TW7vCNps67LN7fW3r7DbW5jT9LZVjJ5v631YvBSN655ZLx_JpbKVCsVkB6PGsyQMShtsxyB27gW7hR4dL2nWWTrW4jr_2Z1qzdGmM7PX97_rQJVN81D8FqTZTG5W1ZrXSw5R7rfXVHwK4s1LvPr3W6Tg3Nm4yTHbyW39PNsG8DT7rvW8sMyc-5gl1SRW1Y4S8M2vtQDrN17CYzddMZ_WN1B7Htn11QKRW5tv80_2CRQskf1bHsbH04&amp;source=gmail&amp;ust=1715964424367000&amp;usg=AOvVaw1O2kBX4tKucD_qDtMT8wrD\">Avantage Saint-Laurent (ASL)<\/a>\u00a0et son Plan d\u2019action 2020-2025 ont \u00e9t\u00e9 rendus publics en 2021 par le minist\u00e8re des Transports et de la Mobilit\u00e9 durable, dans la perspective de faire du fleuve Saint-Laurent un vecteur de d\u00e9veloppement \u00e9conomique, social et environnemental.<\/p>\r\n<p align=\"justify\">Le plan d\u2019action d\u2019Avantage Saint-Laurent, qui est dot\u00e9 d\u2019une enveloppe globale de 926,9 M$,<\/p>\r\n<p align=\"justify\">arrivera \u00e0 \u00e9ch\u00e9ance le 31 mars 2025. Dans le contexte du renouvellement de la vision maritime, et en coh\u00e9rence avec sa port\u00e9e cibl\u00e9e sur le transport maritime, le Minist\u00e8re souhaite consulter les personnes et les organisations concern\u00e9es par ce secteur afin de conna\u00eetre leurs enjeux et pr\u00e9occupations et, ainsi, mieux identifier les priorit\u00e9s \u00e0 mettre de l\u2019avant dans la prochaine strat\u00e9gie.<\/p>\r\n<p align=\"justify\">Aux organisations qui d\u00e9sirent participer \u00e0 la pr\u00e9sente consultation, il est demand\u00e9 de ne transmettre qu\u2019un seul formulaire.<\/p>\r\n<p align=\"justify\">Pour toute question sur le renouvellement de la vision maritime Avantage Saint-Laurent, ou pour porter des documents compl\u00e9mentaires \u00e0 l\u2019attention du Minist\u00e8re, ou d\u00e9poser un m\u00e9moire, il suffit d\u2019\u00e9crire \u00e0 :\u00a0<a href=\"mailto:renouvellement.strategie.maritime@transports.gouv.qc.ca\" target=\"_blank\" rel=\"noopener\">renouvellement.strategie.<wbr \/>maritime@transports.gouv.qc.ca<\/a><wbr \/>.<\/p>\r\n<p align=\"justify\">Le formulaire de consultation et l\u2019appel \u00e0 m\u00e9moire seront ouverts jusqu\u2019au 30 juin 2024.<\/p>\r\n<p align=\"justify\"><a href=\"https:\/\/info.cargo-montreal.ca\/e3t\/Ctc\/ZU+113\/d11nbd04\/VW3b992Lf0fvW1Z-V-W8W4JhPW8pQGPD5f8cnJN7Rflxq5kvg0W5BWr2F6lZ3kXW69qzms4_llZpW4h5cSC6CdVmdW8xdMLf7Vf-5HW5pg0vF8k981_W1Zb3tk2gFkbDW5j3Kfq7MW5FBW6jc5lZ1TVBLLW26wVjX7f9tTMW8R1BMG1Bz1zJW1x8HS_7JL1Q7N4fdZljYhVxQW1m4GgV8jZWCsW1DhgCg2-P927W3BxBQp5nwtQ3VsfPFs7gvg_9W4vw1yk40VY9CV5K2rx95rcLnW7JJm7D6R93R4W5kQqpP2ZFh0cV-FtL843kkMtW2QxR7Z1MhKdQVtPXgC3PDXnGW4kvGY429LVPmVYp2WD7gJfV4W3Y7V6z5rtQ_lW44mwqp4JJVrPN3V-0lqrC33HW874lct5mX5dVW25yj5G8v5rh3W6THH_z1V8H41W35BwF13gDXzPW1DjgcK99x_yjW4cdLyG7qj6PJW5pB9BQ4dvd7Xf6RpLwv04\" target=\"_blank\" rel=\"noopener\" data-saferedirecturl=\"https:\/\/www.google.com\/url?hl=fr-CA&amp;q=https:\/\/info.cargo-montreal.ca\/e3t\/Ctc\/ZU%2B113\/d11nbd04\/VW3b992Lf0fvW1Z-V-W8W4JhPW8pQGPD5f8cnJN7Rflxq5kvg0W5BWr2F6lZ3kXW69qzms4_llZpW4h5cSC6CdVmdW8xdMLf7Vf-5HW5pg0vF8k981_W1Zb3tk2gFkbDW5j3Kfq7MW5FBW6jc5lZ1TVBLLW26wVjX7f9tTMW8R1BMG1Bz1zJW1x8HS_7JL1Q7N4fdZljYhVxQW1m4GgV8jZWCsW1DhgCg2-P927W3BxBQp5nwtQ3VsfPFs7gvg_9W4vw1yk40VY9CV5K2rx95rcLnW7JJm7D6R93R4W5kQqpP2ZFh0cV-FtL843kkMtW2QxR7Z1MhKdQVtPXgC3PDXnGW4kvGY429LVPmVYp2WD7gJfV4W3Y7V6z5rtQ_lW44mwqp4JJVrPN3V-0lqrC33HW874lct5mX5dVW25yj5G8v5rh3W6THH_z1V8H41W35BwF13gDXzPW1DjgcK99x_yjW4cdLyG7qj6PJW5pB9BQ4dvd7Xf6RpLwv04&amp;source=gmail&amp;ust=1715964424368000&amp;usg=AOvVaw3wEfCh2RrNtd5oJgcn0vvh\">Pour remplir le formulaire de consultation<\/a>\u00a0<\/p>\r\n<p align=\"justify\">Source : Minist\u00e8re des Transports et de la Mobilit\u00e9 durable<\/p>","protected":false},"excerpt":{"rendered":"La vision maritime du Qu\u00e9bec\u00a0Avantage Saint-Laurent (ASL)\u00a0et son Plan d\u2019action 2020-2025 ont \u00e9t\u00e9 rendus publics en 2021 par le minist\u00e8re des Transports et de la Mobilit\u00e9 durable, dans la perspective de faire du fleuve Saint-Laurent un vecteur de d\u00e9veloppement \u00e9conomique, social et environnemental. Le plan d\u2019action d\u2019Avantage Saint-Laurent, qui est dot\u00e9 d\u2019une enveloppe globale de [&hellip;]","protected":false},"author":39,"featured_media":16936,"comment_status":"closed","ping_status":"closed","sticky":false,"template":"","format":"standard","meta":{"_acf_changed":false,"footnotes":""},"categories":[20],"tags":[],"class_list":["post-16972","post","type-post","status-publish","format-standard","has-post-thumbnail","hentry","category-services-logistiques"],"acf":[],"yoast_head":"<!-- This site is optimized with the Yoast SEO plugin v27.3 - https:\/\/yoast.com\/product\/yoast-seo-wordpress\/ -->\n<title>Consultation : renouvellement de la Vision maritime Avantage Saint-Laurent - CargoM<\/title>\n<meta name=\"robots\" content=\"index, follow, max-snippet:-1, max-image-preview:large, max-video-preview:-1\" \/>\n<link rel=\"canonical\" href=\"https:\/\/www.cargo-montreal.ca\/fr\/consultation-renouvellement-de-la-vision-maritime-avantage-saint-laurent\/\" \/>\n<meta property=\"og:locale\" content=\"fr_FR\" \/>\n<meta property=\"og:type\" content=\"article\" \/>\n<meta property=\"og:title\" content=\"Consultation : renouvellement de la Vision maritime Avantage Saint-Laurent - CargoM\" \/>\n<meta property=\"og:description\" content=\"La vision maritime du Qu\u00e9bec\u00a0Avantage Saint-Laurent (ASL)\u00a0et son Plan d\u2019action 2020-2025 ont \u00e9t\u00e9 rendus publics en 2021 par le minist\u00e8re des Transports et de la Mobilit\u00e9 durable, dans la perspective de faire du fleuve Saint-Laurent un vecteur de d\u00e9veloppement \u00e9conomique, social et environnemental. Le plan d\u2019action d\u2019Avantage Saint-Laurent, qui est dot\u00e9 d\u2019une enveloppe globale de [&hellip;]\" \/>\n<meta property=\"og:url\" content=\"https:\/\/www.cargo-montreal.ca\/fr\/consultation-renouvellement-de-la-vision-maritime-avantage-saint-laurent\/\" \/>\n<meta property=\"og:site_name\" content=\"CargoM\" \/>\n<meta property=\"article:published_time\" content=\"2024-05-16T16:50:15+00:00\" \/>\n<meta property=\"og:image\" content=\"https:\/\/www.cargo-montreal.ca\/wp-content\/uploads\/2024\/05\/iStock-498557968-scaled.jpg\" \/>\n\t<meta property=\"og:image:width\" content=\"2560\" \/>\n\t<meta property=\"og:image:height\" content=\"1704\" \/>\n\t<meta property=\"og:image:type\" content=\"image\/jpeg\" \/>\n<meta name=\"author\" content=\"Karine Dudognon\" \/>\n<meta name=\"twitter:card\" content=\"summary_large_image\" \/>\n<meta name=\"twitter:label1\" content=\"\u00c9crit par\" \/>\n\t<meta name=\"twitter:data1\" content=\"Karine Dudognon\" \/>\n\t<meta name=\"twitter:label2\" content=\"Dur\u00e9e de lecture estim\u00e9e\" \/>\n\t<meta name=\"twitter:data2\" content=\"2 minutes\" \/>\n<script type=\"application\/ld+json\" class=\"yoast-schema-graph\">{\"@context\":\"https:\\\/\\\/schema.org\",\"@graph\":[{\"@type\":\"Article\",\"@id\":\"https:\\\/\\\/www.cargo-montreal.ca\\\/fr\\\/consultation-renouvellement-de-la-vision-maritime-avantage-saint-laurent\\\/#article\",\"isPartOf\":{\"@id\":\"https:\\\/\\\/www.cargo-montreal.ca\\\/fr\\\/consultation-renouvellement-de-la-vision-maritime-avantage-saint-laurent\\\/\"},\"author\":{\"name\":\"Karine Dudognon\",\"@id\":\"https:\\\/\\\/www.cargo-montreal.ca\\\/fr\\\/#\\\/schema\\\/person\\\/80476d173ce654813db9fd1533901365\"},\"headline\":\"Consultation : renouvellement de la Vision maritime Avantage Saint-Laurent\",\"datePublished\":\"2024-05-16T16:50:15+00:00\",\"mainEntityOfPage\":{\"@id\":\"https:\\\/\\\/www.cargo-montreal.ca\\\/fr\\\/consultation-renouvellement-de-la-vision-maritime-avantage-saint-laurent\\\/\"},\"wordCount\":231,\"image\":{\"@id\":\"https:\\\/\\\/www.cargo-montreal.ca\\\/fr\\\/consultation-renouvellement-de-la-vision-maritime-avantage-saint-laurent\\\/#primaryimage\"},\"thumbnailUrl\":\"https:\\\/\\\/www.cargo-montreal.ca\\\/wp-content\\\/uploads\\\/2024\\\/05\\\/iStock-498557968-scaled.jpg\",\"articleSection\":[\"Services logistiques\"],\"inLanguage\":\"fr-FR\"},{\"@type\":\"WebPage\",\"@id\":\"https:\\\/\\\/www.cargo-montreal.ca\\\/fr\\\/consultation-renouvellement-de-la-vision-maritime-avantage-saint-laurent\\\/\",\"url\":\"https:\\\/\\\/www.cargo-montreal.ca\\\/fr\\\/consultation-renouvellement-de-la-vision-maritime-avantage-saint-laurent\\\/\",\"name\":\"Consultation : renouvellement de la Vision maritime Avantage Saint-Laurent - CargoM\",\"isPartOf\":{\"@id\":\"https:\\\/\\\/www.cargo-montreal.ca\\\/fr\\\/#website\"},\"primaryImageOfPage\":{\"@id\":\"https:\\\/\\\/www.cargo-montreal.ca\\\/fr\\\/consultation-renouvellement-de-la-vision-maritime-avantage-saint-laurent\\\/#primaryimage\"},\"image\":{\"@id\":\"https:\\\/\\\/www.cargo-montreal.ca\\\/fr\\\/consultation-renouvellement-de-la-vision-maritime-avantage-saint-laurent\\\/#primaryimage\"},\"thumbnailUrl\":\"https:\\\/\\\/www.cargo-montreal.ca\\\/wp-content\\\/uploads\\\/2024\\\/05\\\/iStock-498557968-scaled.jpg\",\"datePublished\":\"2024-05-16T16:50:15+00:00\",\"author\":{\"@id\":\"https:\\\/\\\/www.cargo-montreal.ca\\\/fr\\\/#\\\/schema\\\/person\\\/80476d173ce654813db9fd1533901365\"},\"breadcrumb\":{\"@id\":\"https:\\\/\\\/www.cargo-montreal.ca\\\/fr\\\/consultation-renouvellement-de-la-vision-maritime-avantage-saint-laurent\\\/#breadcrumb\"},\"inLanguage\":\"fr-FR\",\"potentialAction\":[{\"@type\":\"ReadAction\",\"target\":[\"https:\\\/\\\/www.cargo-montreal.ca\\\/fr\\\/consultation-renouvellement-de-la-vision-maritime-avantage-saint-laurent\\\/\"]}]},{\"@type\":\"ImageObject\",\"inLanguage\":\"fr-FR\",\"@id\":\"https:\\\/\\\/www.cargo-montreal.ca\\\/fr\\\/consultation-renouvellement-de-la-vision-maritime-avantage-saint-laurent\\\/#primaryimage\",\"url\":\"https:\\\/\\\/www.cargo-montreal.ca\\\/wp-content\\\/uploads\\\/2024\\\/05\\\/iStock-498557968-scaled.jpg\",\"contentUrl\":\"https:\\\/\\\/www.cargo-montreal.ca\\\/wp-content\\\/uploads\\\/2024\\\/05\\\/iStock-498557968-scaled.jpg\",\"width\":2560,\"height\":1704,\"caption\":\"A 200m (600') long container ship navigates the North Atlantic under dramatic skies. Wide angle view taken at sea level.\"},{\"@type\":\"BreadcrumbList\",\"@id\":\"https:\\\/\\\/www.cargo-montreal.ca\\\/fr\\\/consultation-renouvellement-de-la-vision-maritime-avantage-saint-laurent\\\/#breadcrumb\",\"itemListElement\":[{\"@type\":\"ListItem\",\"position\":1,\"name\":\"Home\",\"item\":\"https:\\\/\\\/www.cargo-montreal.ca\\\/fr\\\/\"},{\"@type\":\"ListItem\",\"position\":2,\"name\":\"Consultation : renouvellement de la Vision maritime Avantage Saint-Laurent\"}]},{\"@type\":\"WebSite\",\"@id\":\"https:\\\/\\\/www.cargo-montreal.ca\\\/fr\\\/#website\",\"url\":\"https:\\\/\\\/www.cargo-montreal.ca\\\/fr\\\/\",\"name\":\"CargoM\",\"description\":\"La mission de CargoM: Rassembler les acteurs de la logistique &amp; du transport de marchandises du Grand Montr\u00e9al autour d&#039;objectifs communs, d&#039;actions concert\u00e9es\",\"potentialAction\":[{\"@type\":\"SearchAction\",\"target\":{\"@type\":\"EntryPoint\",\"urlTemplate\":\"https:\\\/\\\/www.cargo-montreal.ca\\\/fr\\\/?s={search_term_string}\"},\"query-input\":{\"@type\":\"PropertyValueSpecification\",\"valueRequired\":true,\"valueName\":\"search_term_string\"}}],\"inLanguage\":\"fr-FR\"},{\"@type\":\"Person\",\"@id\":\"https:\\\/\\\/www.cargo-montreal.ca\\\/fr\\\/#\\\/schema\\\/person\\\/80476d173ce654813db9fd1533901365\",\"name\":\"Karine Dudognon\",\"image\":{\"@type\":\"ImageObject\",\"inLanguage\":\"fr-FR\",\"@id\":\"https:\\\/\\\/secure.gravatar.com\\\/avatar\\\/673bdfb703a9b6685a88bc7dfb04a9ea2b48b30e9d1663a5e759a4e9bfa3e2c0?s=96&d=mm&r=g\",\"url\":\"https:\\\/\\\/secure.gravatar.com\\\/avatar\\\/673bdfb703a9b6685a88bc7dfb04a9ea2b48b30e9d1663a5e759a4e9bfa3e2c0?s=96&d=mm&r=g\",\"contentUrl\":\"https:\\\/\\\/secure.gravatar.com\\\/avatar\\\/673bdfb703a9b6685a88bc7dfb04a9ea2b48b30e9d1663a5e759a4e9bfa3e2c0?s=96&d=mm&r=g\",\"caption\":\"Karine Dudognon\"},\"url\":\"https:\\\/\\\/www.cargo-montreal.ca\\\/fr\\\/author\\\/karine\\\/\"}]}<\/script>\n<!-- \/ Yoast SEO plugin. -->","yoast_head_json":{"title":"Consultation : renouvellement de la Vision maritime Avantage Saint-Laurent - CargoM","robots":{"index":"index","follow":"follow","max-snippet":"max-snippet:-1","max-image-preview":"max-image-preview:large","max-video-preview":"max-video-preview:-1"},"canonical":"https:\/\/www.cargo-montreal.ca\/fr\/consultation-renouvellement-de-la-vision-maritime-avantage-saint-laurent\/","og_locale":"fr_FR","og_type":"article","og_title":"Consultation : renouvellement de la Vision maritime Avantage Saint-Laurent - CargoM","og_description":"La vision maritime du Qu\u00e9bec\u00a0Avantage Saint-Laurent (ASL)\u00a0et son Plan d\u2019action 2020-2025 ont \u00e9t\u00e9 rendus publics en 2021 par le minist\u00e8re des Transports et de la Mobilit\u00e9 durable, dans la perspective de faire du fleuve Saint-Laurent un vecteur de d\u00e9veloppement \u00e9conomique, social et environnemental. Le plan d\u2019action d\u2019Avantage Saint-Laurent, qui est dot\u00e9 d\u2019une enveloppe globale de [&hellip;]","og_url":"https:\/\/www.cargo-montreal.ca\/fr\/consultation-renouvellement-de-la-vision-maritime-avantage-saint-laurent\/","og_site_name":"CargoM","article_published_time":"2024-05-16T16:50:15+00:00","og_image":[{"width":2560,"height":1704,"url":"https:\/\/www.cargo-montreal.ca\/wp-content\/uploads\/2024\/05\/iStock-498557968-scaled.jpg","type":"image\/jpeg"}],"author":"Karine Dudognon","twitter_card":"summary_large_image","twitter_misc":{"\u00c9crit par":"Karine Dudognon","Dur\u00e9e de lecture estim\u00e9e":"2 minutes"},"schema":{"@context":"https:\/\/schema.org","@graph":[{"@type":"Article","@id":"https:\/\/www.cargo-montreal.ca\/fr\/consultation-renouvellement-de-la-vision-maritime-avantage-saint-laurent\/#article","isPartOf":{"@id":"https:\/\/www.cargo-montreal.ca\/fr\/consultation-renouvellement-de-la-vision-maritime-avantage-saint-laurent\/"},"author":{"name":"Karine Dudognon","@id":"https:\/\/www.cargo-montreal.ca\/fr\/#\/schema\/person\/80476d173ce654813db9fd1533901365"},"headline":"Consultation : renouvellement de la Vision maritime Avantage Saint-Laurent","datePublished":"2024-05-16T16:50:15+00:00","mainEntityOfPage":{"@id":"https:\/\/www.cargo-montreal.ca\/fr\/consultation-renouvellement-de-la-vision-maritime-avantage-saint-laurent\/"},"wordCount":231,"image":{"@id":"https:\/\/www.cargo-montreal.ca\/fr\/consultation-renouvellement-de-la-vision-maritime-avantage-saint-laurent\/#primaryimage"},"thumbnailUrl":"https:\/\/www.cargo-montreal.ca\/wp-content\/uploads\/2024\/05\/iStock-498557968-scaled.jpg","articleSection":["Services logistiques"],"inLanguage":"fr-FR"},{"@type":"WebPage","@id":"https:\/\/www.cargo-montreal.ca\/fr\/consultation-renouvellement-de-la-vision-maritime-avantage-saint-laurent\/","url":"https:\/\/www.cargo-montreal.ca\/fr\/consultation-renouvellement-de-la-vision-maritime-avantage-saint-laurent\/","name":"Consultation : renouvellement de la Vision maritime Avantage Saint-Laurent - CargoM","isPartOf":{"@id":"https:\/\/www.cargo-montreal.ca\/fr\/#website"},"primaryImageOfPage":{"@id":"https:\/\/www.cargo-montreal.ca\/fr\/consultation-renouvellement-de-la-vision-maritime-avantage-saint-laurent\/#primaryimage"},"image":{"@id":"https:\/\/www.cargo-montreal.ca\/fr\/consultation-renouvellement-de-la-vision-maritime-avantage-saint-laurent\/#primaryimage"},"thumbnailUrl":"https:\/\/www.cargo-montreal.ca\/wp-content\/uploads\/2024\/05\/iStock-498557968-scaled.jpg","datePublished":"2024-05-16T16:50:15+00:00","author":{"@id":"https:\/\/www.cargo-montreal.ca\/fr\/#\/schema\/person\/80476d173ce654813db9fd1533901365"},"breadcrumb":{"@id":"https:\/\/www.cargo-montreal.ca\/fr\/consultation-renouvellement-de-la-vision-maritime-avantage-saint-laurent\/#breadcrumb"},"inLanguage":"fr-FR","potentialAction":[{"@type":"ReadAction","target":["https:\/\/www.cargo-montreal.ca\/fr\/consultation-renouvellement-de-la-vision-maritime-avantage-saint-laurent\/"]}]},{"@type":"ImageObject","inLanguage":"fr-FR","@id":"https:\/\/www.cargo-montreal.ca\/fr\/consultation-renouvellement-de-la-vision-maritime-avantage-saint-laurent\/#primaryimage","url":"https:\/\/www.cargo-montreal.ca\/wp-content\/uploads\/2024\/05\/iStock-498557968-scaled.jpg","contentUrl":"https:\/\/www.cargo-montreal.ca\/wp-content\/uploads\/2024\/05\/iStock-498557968-scaled.jpg","width":2560,"height":1704,"caption":"A 200m (600') long container ship navigates the North Atlantic under dramatic skies. Wide angle view taken at sea level."},{"@type":"BreadcrumbList","@id":"https:\/\/www.cargo-montreal.ca\/fr\/consultation-renouvellement-de-la-vision-maritime-avantage-saint-laurent\/#breadcrumb","itemListElement":[{"@type":"ListItem","position":1,"name":"Home","item":"https:\/\/www.cargo-montreal.ca\/fr\/"},{"@type":"ListItem","position":2,"name":"Consultation : renouvellement de la Vision maritime Avantage Saint-Laurent"}]},{"@type":"WebSite","@id":"https:\/\/www.cargo-montreal.ca\/fr\/#website","url":"https:\/\/www.cargo-montreal.ca\/fr\/","name":"CargoM","description":"La mission de CargoM: Rassembler les acteurs de la logistique &amp; du transport de marchandises du Grand Montr\u00e9al autour d&#039;objectifs communs, d&#039;actions concert\u00e9es","potentialAction":[{"@type":"SearchAction","target":{"@type":"EntryPoint","urlTemplate":"https:\/\/www.cargo-montreal.ca\/fr\/?s={search_term_string}"},"query-input":{"@type":"PropertyValueSpecification","valueRequired":true,"valueName":"search_term_string"}}],"inLanguage":"fr-FR"},{"@type":"Person","@id":"https:\/\/www.cargo-montreal.ca\/fr\/#\/schema\/person\/80476d173ce654813db9fd1533901365","name":"Karine Dudognon","image":{"@type":"ImageObject","inLanguage":"fr-FR","@id":"https:\/\/secure.gravatar.com\/avatar\/673bdfb703a9b6685a88bc7dfb04a9ea2b48b30e9d1663a5e759a4e9bfa3e2c0?s=96&d=mm&r=g","url":"https:\/\/secure.gravatar.com\/avatar\/673bdfb703a9b6685a88bc7dfb04a9ea2b48b30e9d1663a5e759a4e9bfa3e2c0?s=96&d=mm&r=g","contentUrl":"https:\/\/secure.gravatar.com\/avatar\/673bdfb703a9b6685a88bc7dfb04a9ea2b48b30e9d1663a5e759a4e9bfa3e2c0?s=96&d=mm&r=g","caption":"Karine Dudognon"},"url":"https:\/\/www.cargo-montreal.ca\/fr\/author\/karine\/"}]}},"_links":{"self":[{"href":"https:\/\/www.cargo-montreal.ca\/fr\/wp-json\/wp\/v2\/posts\/16972","targetHints":{"allow":["GET"]}}],"collection":[{"href":"https:\/\/www.cargo-montreal.ca\/fr\/wp-json\/wp\/v2\/posts"}],"about":[{"href":"https:\/\/www.cargo-montreal.ca\/fr\/wp-json\/wp\/v2\/types\/post"}],"author":[{"embeddable":true,"href":"https:\/\/www.cargo-montreal.ca\/fr\/wp-json\/wp\/v2\/users\/39"}],"replies":[{"embeddable":true,"href":"https:\/\/www.cargo-montreal.ca\/fr\/wp-json\/wp\/v2\/comments?post=16972"}],"version-history":[{"count":1,"href":"https:\/\/www.cargo-montreal.ca\/fr\/wp-json\/wp\/v2\/posts\/16972\/revisions"}],"predecessor-version":[{"id":16973,"href":"https:\/\/www.cargo-montreal.ca\/fr\/wp-json\/wp\/v2\/posts\/16972\/revisions\/16973"}],"wp:featuredmedia":[{"embeddable":true,"href":"https:\/\/www.cargo-montreal.ca\/fr\/wp-json\/wp\/v2\/media\/16936"}],"wp:attachment":[{"href":"https:\/\/www.cargo-montreal.ca\/fr\/wp-json\/wp\/v2\/media?parent=16972"}],"wp:term":[{"taxonomy":"category","embeddable":true,"href":"https:\/\/www.cargo-montreal.ca\/fr\/wp-json\/wp\/v2\/categories?post=16972"},{"taxonomy":"post_tag","embeddable":true,"href":"https:\/\/www.cargo-montreal.ca\/fr\/wp-json\/wp\/v2\/tags?post=16972"}],"curies":[{"name":"wp","href":"https:\/\/api.w.org\/{rel}","templated":true}]}}