{"id":16984,"date":"2024-05-16T17:06:45","date_gmt":"2024-05-16T17:06:45","guid":{"rendered":"https:\/\/www.cargo-montreal.ca\/?p=16984"},"modified":"2024-05-16T17:06:45","modified_gmt":"2024-05-16T17:06:45","slug":"calendrier-des-evenements-11","status":"publish","type":"post","link":"https:\/\/www.cargo-montreal.ca\/fr\/calendrier-des-evenements-11\/","title":{"rendered":"Calendrier des \u00e9v\u00e9nements"},"content":{"rendered":"<p align=\"justify\">Ne manquez pas les \u00e9v\u00e9nements suivants. Si vous souhaitez que CargoM ajoute votre \u00e9v\u00e9nement \u00e0 son\u00a0<a href=\"https:\/\/info.cargo-montreal.ca\/e3t\/Ctc\/ZU+113\/d11nbd04\/VW3b992Lf0fvW1Z-V-W8W4JhPW8pQGPD5f8cnJN7Rfly03lYMRW6N1vHY6lZ3mfW2gQMLW6fw1BrW4xKC-71QBs4_W4Yj4N-1WwjpNVhyHr38LyYg3W1ttDTG3gvw2QW18_mpm11cyP_W4ptYbs2FyYYyW4VLdbJ6G9rFMW7B-6S855l3SXW77hP1c7qv2jGVPn9qk8_ZdS5W8xv-W646gsZJW8mC9yF6ZDN_6W7Zx8MY2D0blMW6N_5SJ8yWBkTW6Ns7qH3PmN2fW3FLl4T2N21SNW160TlL4tTkYLV6mvGW2mVRy0N4NRfV4GyBz8VRj7VG8ktYSHW91Y_0x4qd5sTf4TfrXq04\" target=\"_blank\" rel=\"noopener\" data-saferedirecturl=\"https:\/\/www.google.com\/url?hl=fr-CA&amp;q=https:\/\/info.cargo-montreal.ca\/e3t\/Ctc\/ZU%2B113\/d11nbd04\/VW3b992Lf0fvW1Z-V-W8W4JhPW8pQGPD5f8cnJN7Rfly03lYMRW6N1vHY6lZ3mfW2gQMLW6fw1BrW4xKC-71QBs4_W4Yj4N-1WwjpNVhyHr38LyYg3W1ttDTG3gvw2QW18_mpm11cyP_W4ptYbs2FyYYyW4VLdbJ6G9rFMW7B-6S855l3SXW77hP1c7qv2jGVPn9qk8_ZdS5W8xv-W646gsZJW8mC9yF6ZDN_6W7Zx8MY2D0blMW6N_5SJ8yWBkTW6Ns7qH3PmN2fW3FLl4T2N21SNW160TlL4tTkYLV6mvGW2mVRy0N4NRfV4GyBz8VRj7VG8ktYSHW91Y_0x4qd5sTf4TfrXq04&amp;source=gmail&amp;ust=1715964424369000&amp;usg=AOvVaw0fBoY-9D2GLZwG4UEAinRP\">calendrier<\/a>, contactez Mme\u00a0<a href=\"mailto:kdudognon@cargo-montreal.ca\" target=\"_blank\" rel=\"noopener\">Karine Dudognon<\/a>.\u00a0<\/p>\r\n<p align=\"justify\">27 mai 2024 \u2013\u00a0<a href=\"https:\/\/info.cargo-montreal.ca\/e3t\/Ctc\/ZU+113\/d11nbd04\/VW3b992Lf0fvW1Z-V-W8W4JhPW8pQGPD5f8cnJN7Rflzb3lYMRW95jsWP6lZ3mqW472HtX224z39W5mkgBv7nMtK5W2nxb6x1jrnNjW62FPdY3wGFcTW2651Nn4L4hyCN1njcy2_99kXW3H6pXm8nM9HYW4sx_SF2Mv204W8w8Lp34Rf_mtW4XCwtX4wy7dvN7kN1nCM2frHW7nXPX15x-_8rN90ftdKQs9K-VfhGPp2BvCBFVZ93pj3ss0VyW9lQKHW89Cl-CW2s_7XQ2fMJWfW1Lbf9y6Wf2f7W2P-JTB8Gq-0CW5859Km5TbRHmW67849b6sq2NBW4N2Sq77C3SD1W4D2cww6PS12rW6fPg_d51ct--N8KpCNqFdf9yW50-dn31mtSMzW2LyKNj5d9JXbW5wF3KC3jqxqMW52ZWBw1hHW2NW91mnLy1CW25nf5wNG4n04\" target=\"_blank\" rel=\"noopener\" data-saferedirecturl=\"https:\/\/www.google.com\/url?hl=fr-CA&amp;q=https:\/\/info.cargo-montreal.ca\/e3t\/Ctc\/ZU%2B113\/d11nbd04\/VW3b992Lf0fvW1Z-V-W8W4JhPW8pQGPD5f8cnJN7Rflzb3lYMRW95jsWP6lZ3mqW472HtX224z39W5mkgBv7nMtK5W2nxb6x1jrnNjW62FPdY3wGFcTW2651Nn4L4hyCN1njcy2_99kXW3H6pXm8nM9HYW4sx_SF2Mv204W8w8Lp34Rf_mtW4XCwtX4wy7dvN7kN1nCM2frHW7nXPX15x-_8rN90ftdKQs9K-VfhGPp2BvCBFVZ93pj3ss0VyW9lQKHW89Cl-CW2s_7XQ2fMJWfW1Lbf9y6Wf2f7W2P-JTB8Gq-0CW5859Km5TbRHmW67849b6sq2NBW4N2Sq77C3SD1W4D2cww6PS12rW6fPg_d51ct--N8KpCNqFdf9yW50-dn31mtSMzW2LyKNj5d9JXbW5wF3KC3jqxqMW52ZWBw1hHW2NW91mnLy1CW25nf5wNG4n04&amp;source=gmail&amp;ust=1715964424369000&amp;usg=AOvVaw30DmRqHZ6e0naGZ8PObRYj\">Assembl\u00e9e g\u00e9n\u00e9rale annuelle<\/a>\u00a0&#8211;\u00a0<a href=\"https:\/\/info.cargo-montreal.ca\/e3t\/Ctc\/ZU+113\/d11nbd04\/VW3b992Lf0fvW1Z-V-W8W4JhPW8pQGPD5f8cnJN7RflxK3lYMRW69sMD-6lZ3mvW3h_-GL2-klj5W7lJ6Fj8NYFxTW3CCzrd1FFYRsW9hh6w12Pq4dsN6m-8N49msMRW4SDy6t3JLWH0N3V0SZz_Qbd0N6-jPhRJ3ZQNN7Xcy9KlCmskW463FH-1S7tyGW3txn1F87CY43Vcqb0G7gZpK8W82TxGN8x4T8NW6F0BJp7T5Kh_W87kBqq2PmfXKW5QBrmd7HwHczW8Dqv-J883gy3W2x3s1v12zsPPW186QB6523Fx_W7C5HRy10ZgYnf7NYMMj04\" target=\"_blank\" rel=\"noopener\" data-saferedirecturl=\"https:\/\/www.google.com\/url?hl=fr-CA&amp;q=https:\/\/info.cargo-montreal.ca\/e3t\/Ctc\/ZU%2B113\/d11nbd04\/VW3b992Lf0fvW1Z-V-W8W4JhPW8pQGPD5f8cnJN7RflxK3lYMRW69sMD-6lZ3mvW3h_-GL2-klj5W7lJ6Fj8NYFxTW3CCzrd1FFYRsW9hh6w12Pq4dsN6m-8N49msMRW4SDy6t3JLWH0N3V0SZz_Qbd0N6-jPhRJ3ZQNN7Xcy9KlCmskW463FH-1S7tyGW3txn1F87CY43Vcqb0G7gZpK8W82TxGN8x4T8NW6F0BJp7T5Kh_W87kBqq2PmfXKW5QBrmd7HwHczW8Dqv-J883gy3W2x3s1v12zsPPW186QB6523Fx_W7C5HRy10ZgYnf7NYMMj04&amp;source=gmail&amp;ust=1715964424369000&amp;usg=AOvVaw0hKw-PlnQ1kojOrVfbnf28\">CargoM<\/a><\/p>\r\n<p align=\"justify\">28 mai 2024\u00a0\u2013\u00a0<a href=\"https:\/\/info.cargo-montreal.ca\/e3t\/Ctc\/ZU+113\/d11nbd04\/VW3b992Lf0fvW1Z-V-W8W4JhPW8pQGPD5f8cnJN7RflyC3lYMRW7Y8-PT6lZ3p7N9jPffc1nl9gVxLm392rdBpQW6-YSYd1WL0yCV8j0V-3SYH4-W91MGT13ZZZWxW56pp1R4dJz6QN52vs9sWjzjjW41sbkb75y9HNW7TPqLS5tzbhlW893tdP8SpVtNW2wnVMT8yNh6PN95Y2Y88vW9lW2VWkyj5WmLdVW4cHp986jQsf3W86Mmdv7TkWksW31jShD1kJHfjW8NCwFf3zl-y5V-8Fl0414P5ZV8Dl1n26lNkjW3jccbx8mmTR9W6XjvTw5gL-D2W32Y2vY81XGJyV9v2vx831Dl_W5yjGJf7tZr_sW3g2pM43B3jBtW4XPx406F9-hXf3yvHSl04\" target=\"_blank\" rel=\"noopener\" data-saferedirecturl=\"https:\/\/www.google.com\/url?hl=fr-CA&amp;q=https:\/\/info.cargo-montreal.ca\/e3t\/Ctc\/ZU%2B113\/d11nbd04\/VW3b992Lf0fvW1Z-V-W8W4JhPW8pQGPD5f8cnJN7RflyC3lYMRW7Y8-PT6lZ3p7N9jPffc1nl9gVxLm392rdBpQW6-YSYd1WL0yCV8j0V-3SYH4-W91MGT13ZZZWxW56pp1R4dJz6QN52vs9sWjzjjW41sbkb75y9HNW7TPqLS5tzbhlW893tdP8SpVtNW2wnVMT8yNh6PN95Y2Y88vW9lW2VWkyj5WmLdVW4cHp986jQsf3W86Mmdv7TkWksW31jShD1kJHfjW8NCwFf3zl-y5V-8Fl0414P5ZV8Dl1n26lNkjW3jccbx8mmTR9W6XjvTw5gL-D2W32Y2vY81XGJyV9v2vx831Dl_W5yjGJf7tZr_sW3g2pM43B3jBtW4XPx406F9-hXf3yvHSl04&amp;source=gmail&amp;ust=1715964424369000&amp;usg=AOvVaw0pXoGf4Sa7vF1HTmRbACQM\">S.E. Kirsten Hillman : Ambassadrice du Canada aux \u00c9tats-Unis<\/a>\u00a0\u2013\u00a0<a href=\"https:\/\/info.cargo-montreal.ca\/e3t\/Ctc\/ZU+113\/d11nbd04\/VW3b992Lf0fvW1Z-V-W8W4JhPW8pQGPD5f8cnJN7Rfly03lYMRW6N1vHY6lZ3p4W4PCrVb7rGsynVKVdf364VHCdW6SXQK28J__RnN2bNQqW9qh_DW6R8LN25lYk7fW5QfLP-8P-3q9N4JPSpfN73PpW2dyVKy8GGqP_W8PbcJq15vNHDVxWllc926YcBW6GfcTF8WvzD6W9jBjTf8Qw240W62sZV98KVBgVW78MB1K6t986fW8GnfH34YR1dJW2pjLtx2MWdrMW2jZmPp5XN1dJW33MLHn6qdP7BW5LjKZv4BHm3LW1Gl6xV4_rJY_W7k2pzd7QlCgHW7w72Yg6_HP23f2XmSJ604\" target=\"_blank\" rel=\"noopener\" data-saferedirecturl=\"https:\/\/www.google.com\/url?hl=fr-CA&amp;q=https:\/\/info.cargo-montreal.ca\/e3t\/Ctc\/ZU%2B113\/d11nbd04\/VW3b992Lf0fvW1Z-V-W8W4JhPW8pQGPD5f8cnJN7Rfly03lYMRW6N1vHY6lZ3p4W4PCrVb7rGsynVKVdf364VHCdW6SXQK28J__RnN2bNQqW9qh_DW6R8LN25lYk7fW5QfLP-8P-3q9N4JPSpfN73PpW2dyVKy8GGqP_W8PbcJq15vNHDVxWllc926YcBW6GfcTF8WvzD6W9jBjTf8Qw240W62sZV98KVBgVW78MB1K6t986fW8GnfH34YR1dJW2pjLtx2MWdrMW2jZmPp5XN1dJW33MLHn6qdP7BW5LjKZv4BHm3LW1Gl6xV4_rJY_W7k2pzd7QlCgHW7w72Yg6_HP23f2XmSJ604&amp;source=gmail&amp;ust=1715964424369000&amp;usg=AOvVaw2AqHSOgdTIf3XzvMvb3zP9\">Conseil des relations internationales de Montr\u00e9al (CORIM)<\/a><\/p>\r\n<p align=\"justify\"><a href=\"https:\/\/www.cargo-montreal.ca\/wp-content\/uploads\/2024\/05\/Webinaire-5-juin.png\"><img loading=\"lazy\" decoding=\"async\" class=\"alignnone size-medium wp-image-16950\" src=\"https:\/\/www.cargo-montreal.ca\/wp-content\/uploads\/2024\/05\/Webinaire-5-juin-300x177.png\" alt=\"\" width=\"300\" height=\"177\" srcset=\"https:\/\/www.cargo-montreal.ca\/wp-content\/uploads\/2024\/05\/Webinaire-5-juin-300x177.png 300w, https:\/\/www.cargo-montreal.ca\/wp-content\/uploads\/2024\/05\/Webinaire-5-juin-1024x605.png 1024w, https:\/\/www.cargo-montreal.ca\/wp-content\/uploads\/2024\/05\/Webinaire-5-juin-768x454.png 768w, https:\/\/www.cargo-montreal.ca\/wp-content\/uploads\/2024\/05\/Webinaire-5-juin-1536x907.png 1536w, https:\/\/www.cargo-montreal.ca\/wp-content\/uploads\/2024\/05\/Webinaire-5-juin-2048x1210.png 2048w\" sizes=\"auto, (max-width: 300px) 100vw, 300px\" \/><\/a><\/p>\r\n<p align=\"justify\">29 mai 2024\u00a0\u2013\u00a0<a href=\"https:\/\/info.cargo-montreal.ca\/e3t\/Ctc\/ZU+113\/d11nbd04\/VW3b992Lf0fvW1Z-V-W8W4JhPW8pQGPD5f8cnJN7RflyC3lYMRW7Y8-PT6lZ3lXW3R6SmN6flvW2W8Lg_nP7jhshbW17VdzN6sv7wcW1tnprz5QYxPhW5kptsz6F-qjYW1nVXKx4xsPqnW4JK2PB2jLtPhW5wzBvp2fMRK0W6MfW4l2TktF1VFsxw06PNdxbW3ZcW-k1ZXKcFN7N93dHPtdvyW5bMnh97zR545W696Fgg2vlPVlW5tPjDf1vfd6NW3v964W3fQXKMW3rD_Sm6kJ9XYW4BvZWb8F90ryW4KY20114wxNcW7d-4QQ1NJt2BW25LVK37n_JZkW1g1BPw322MHkW7G6bYx7F-LGhN3QxtKDQngfRVSbFmC6hDsQ4W1d3j8G78FM0mf50w4Vz04\" target=\"_blank\" rel=\"noopener\" data-saferedirecturl=\"https:\/\/www.google.com\/url?hl=fr-CA&amp;q=https:\/\/info.cargo-montreal.ca\/e3t\/Ctc\/ZU%2B113\/d11nbd04\/VW3b992Lf0fvW1Z-V-W8W4JhPW8pQGPD5f8cnJN7RflyC3lYMRW7Y8-PT6lZ3lXW3R6SmN6flvW2W8Lg_nP7jhshbW17VdzN6sv7wcW1tnprz5QYxPhW5kptsz6F-qjYW1nVXKx4xsPqnW4JK2PB2jLtPhW5wzBvp2fMRK0W6MfW4l2TktF1VFsxw06PNdxbW3ZcW-k1ZXKcFN7N93dHPtdvyW5bMnh97zR545W696Fgg2vlPVlW5tPjDf1vfd6NW3v964W3fQXKMW3rD_Sm6kJ9XYW4BvZWb8F90ryW4KY20114wxNcW7d-4QQ1NJt2BW25LVK37n_JZkW1g1BPw322MHkW7G6bYx7F-LGhN3QxtKDQngfRVSbFmC6hDsQ4W1d3j8G78FM0mf50w4Vz04&amp;source=gmail&amp;ust=1715964424370000&amp;usg=AOvVaw1XgPNG-wiWadMaa_T9PrXr\">Conf\u00e9rence de Charles Emond<\/a>\u00a0\u2013\u00a0<a href=\"https:\/\/info.cargo-montreal.ca\/e3t\/Ctc\/ZU+113\/d11nbd04\/VW3b992Lf0fvW1Z-V-W8W4JhPW8pQGPD5f8cnJN7RflxK3lYMRW69sMD-6lZ3m_N5_vkSRd6918W8vB5TN57KykzW3FbDSN4pJDD1N84-0sZfpvhHW5b3HNQ2jYhgkW17GdXB4fBW4dN9hwX71L3t05W905nWK3RWGn0W3S7ZYk3C4MyKW2CXCcP1JQC6mW4Fh03F3gVHPVW6G8V8G495k2VW3KVf124qk7ZvW4lbHH78-DRLbVy15-k6J1wwVW7QLJrS5SB69rW2ZkswL22VVn7W47LsTl2gcyTFW8bxfr36Ht-fKW4gXRM26RxT6sdDqpHn04\" target=\"_blank\" rel=\"noopener\" data-saferedirecturl=\"https:\/\/www.google.com\/url?hl=fr-CA&amp;q=https:\/\/info.cargo-montreal.ca\/e3t\/Ctc\/ZU%2B113\/d11nbd04\/VW3b992Lf0fvW1Z-V-W8W4JhPW8pQGPD5f8cnJN7RflxK3lYMRW69sMD-6lZ3m_N5_vkSRd6918W8vB5TN57KykzW3FbDSN4pJDD1N84-0sZfpvhHW5b3HNQ2jYhgkW17GdXB4fBW4dN9hwX71L3t05W905nWK3RWGn0W3S7ZYk3C4MyKW2CXCcP1JQC6mW4Fh03F3gVHPVW6G8V8G495k2VW3KVf124qk7ZvW4lbHH78-DRLbVy15-k6J1wwVW7QLJrS5SB69rW2ZkswL22VVn7W47LsTl2gcyTFW8bxfr36Ht-fKW4gXRM26RxT6sdDqpHn04&amp;source=gmail&amp;ust=1715964424370000&amp;usg=AOvVaw0OLEaNDQ9ux5pd2jkpqocn\">Chambre de commerce du Montr\u00e9al m\u00e9tropolitain<\/a><\/p>\r\n<p align=\"justify\">5 juin 2024 \u2013\u00a0<a href=\"https:\/\/info.cargo-montreal.ca\/e3t\/Ctc\/ZU+113\/d11nbd04\/VW3b992Lf0fvW1Z-V-W8W4JhPW8pQGPD5f8cnJN7Rflzb3lYMRW95jsWP6lZ3nZW8VL91J83h96kN4xh_VvV1vV1W7KN1Wj7BdCyhW84SVNL4q5J3NW6C5FCx4B5vMkW3s_8kT3l_KHYN3CwcpxDp7G2N8xfZCwC0SGBV_5SH24BSGk4W5T8h3C4tRbzZW6ML_3b7tN92fW81HMHn6gX1VrW6LRN2k1XFjfjW1zprm63BLSBVW2Hh6Ws4hchf_W6rvqgp94NHTsVRTrdq5D2jDbW7xl-8X5GkRFNN1n19HgsTZT3VNLYgJ4qpMKPW1r-G132HQrKXVVHdP-4Z_8MMW4jvg9h1D7RzkW7Y4YSp8KMKL-N1Nv4dlMp4gCW1TgMLD6WKlc3W1ZHN-j7xxhVSW7j3_n-21YQ8lW2CrkVr2R_GssW50SWb51C9rMRf4tm2nM04\" target=\"_blank\" rel=\"noopener\" data-saferedirecturl=\"https:\/\/www.google.com\/url?hl=fr-CA&amp;q=https:\/\/info.cargo-montreal.ca\/e3t\/Ctc\/ZU%2B113\/d11nbd04\/VW3b992Lf0fvW1Z-V-W8W4JhPW8pQGPD5f8cnJN7Rflzb3lYMRW95jsWP6lZ3nZW8VL91J83h96kN4xh_VvV1vV1W7KN1Wj7BdCyhW84SVNL4q5J3NW6C5FCx4B5vMkW3s_8kT3l_KHYN3CwcpxDp7G2N8xfZCwC0SGBV_5SH24BSGk4W5T8h3C4tRbzZW6ML_3b7tN92fW81HMHn6gX1VrW6LRN2k1XFjfjW1zprm63BLSBVW2Hh6Ws4hchf_W6rvqgp94NHTsVRTrdq5D2jDbW7xl-8X5GkRFNN1n19HgsTZT3VNLYgJ4qpMKPW1r-G132HQrKXVVHdP-4Z_8MMW4jvg9h1D7RzkW7Y4YSp8KMKL-N1Nv4dlMp4gCW1TgMLD6WKlc3W1ZHN-j7xxhVSW7j3_n-21YQ8lW2CrkVr2R_GssW50SWb51C9rMRf4tm2nM04&amp;source=gmail&amp;ust=1715964424370000&amp;usg=AOvVaw0L0HZ51ivRPpGGz7GFbtWo\">Webinaire\u00a0: Transformation num\u00e9rique de la cha\u00eene d\u2019approvisionnement<\/a>\u00a0\u2013\u00a0<a href=\"https:\/\/info.cargo-montreal.ca\/e3t\/Ctc\/ZU+113\/d11nbd04\/VW3b992Lf0fvW1Z-V-W8W4JhPW8pQGPD5f8cnJN7RflxK3lYMRW69sMD-6lZ3pzN6sk676HYW9YW18R6lV6PmG2fW34b7114BCbSgVh3mnw4t8CXMW7KTZct46CZd5W6_7g1C2cmCXcW4HV1hY18xv3DW9hm7kY3Zm8X_W59zrNN7pZgT4W7x9QtD4YSdjgW788yXB9fx3QlN2WZnDNRq5B1N5LS-Z8QkFVVW6Jm0bW2l_-qJW3JxXb87nx_lxW21M_cX4n3HQcW3CBm--6PvCWvW5bg0y328m9C1W5VvSX-1xvGv7W48xB9M57V_W5f349Dls04\" target=\"_blank\" rel=\"noopener\" data-saferedirecturl=\"https:\/\/www.google.com\/url?hl=fr-CA&amp;q=https:\/\/info.cargo-montreal.ca\/e3t\/Ctc\/ZU%2B113\/d11nbd04\/VW3b992Lf0fvW1Z-V-W8W4JhPW8pQGPD5f8cnJN7RflxK3lYMRW69sMD-6lZ3pzN6sk676HYW9YW18R6lV6PmG2fW34b7114BCbSgVh3mnw4t8CXMW7KTZct46CZd5W6_7g1C2cmCXcW4HV1hY18xv3DW9hm7kY3Zm8X_W59zrNN7pZgT4W7x9QtD4YSdjgW788yXB9fx3QlN2WZnDNRq5B1N5LS-Z8QkFVVW6Jm0bW2l_-qJW3JxXb87nx_lxW21M_cX4n3HQcW3CBm--6PvCWvW5bg0y328m9C1W5VvSX-1xvGv7W48xB9M57V_W5f349Dls04&amp;source=gmail&amp;ust=1715964424370000&amp;usg=AOvVaw16wqqTSHFiL0l4tKZ4_arz\">Cha\u00eene d\u2019approvisionnement Canada<\/a><\/p>\r\n<p align=\"justify\">5 au 7 juin 2024 \u2013\u00a0<a href=\"https:\/\/info.cargo-montreal.ca\/e3t\/Ctc\/ZU+113\/d11nbd04\/VW3b992Lf0fvW1Z-V-W8W4JhPW8pQGPD5f8cnJN7RflxK3lYMRW69sMD-6lZ3ndW7nmFd-6fR2NDW3j62Zd5CTzYpN6vhBvLKQRmkW18gKsz4MlWVmW5TKTCR5RbZ-rW3PKKp783LvkqW18dfHt7LkFj4W56-RPS1GXv7rW75k25B7My6Q_W1ZwMQf8rjzg4W2XkCTT11wlSWN3PD4NppC6lGW8B8pqk8GWyl6W99NBcj1R4GNGW7sj3fq6qKm6TW5THJ8t2JBd6WW3WZqjw5_HN7BW8QXf187S2-dDW1997xX2Q6_JdW69TS5G8dVThvf8cwnJP04\" target=\"_blank\" rel=\"noopener\" data-saferedirecturl=\"https:\/\/www.google.com\/url?hl=fr-CA&amp;q=https:\/\/info.cargo-montreal.ca\/e3t\/Ctc\/ZU%2B113\/d11nbd04\/VW3b992Lf0fvW1Z-V-W8W4JhPW8pQGPD5f8cnJN7RflxK3lYMRW69sMD-6lZ3ndW7nmFd-6fR2NDW3j62Zd5CTzYpN6vhBvLKQRmkW18gKsz4MlWVmW5TKTCR5RbZ-rW3PKKp783LvkqW18dfHt7LkFj4W56-RPS1GXv7rW75k25B7My6Q_W1ZwMQf8rjzg4W2XkCTT11wlSWN3PD4NppC6lGW8B8pqk8GWyl6W99NBcj1R4GNGW7sj3fq6qKm6TW5THJ8t2JBd6WW3WZqjw5_HN7BW8QXf187S2-dDW1997xX2Q6_JdW69TS5G8dVThvf8cwnJP04&amp;source=gmail&amp;ust=1715964424370000&amp;usg=AOvVaw1MDzugmFjUvvvsDSLefsCq\">Canada\u2019s Logistics Conference 2024<\/a>\u00a0\u2013\u00a0<a href=\"https:\/\/info.cargo-montreal.ca\/e3t\/Ctc\/ZU+113\/d11nbd04\/VW3b992Lf0fvW1Z-V-W8W4JhPW8pQGPD5f8cnJN7RflxK3lYMRW69sMD-6lZ3lCVgrq4V41HvztW8rzSGG6ynNV5W8bs4Hv6VnwYBW4MYm9q7hBWKyN8h-blRJCRM2W10D1Qs91gySYW4Wvv_97yB9LLW26Kb0c3hk0s7W3f-3CX6vD83TW1Ktylb87Xv0vW6lZz4561Js7TW8Cb_pF2r8R5kW59wdcV7dRQ5hW29GN8V6DQzJjN5g9dB8sXCh3W1nBmGN3lwfxnVGx3-61srNgQW6qFTvT8kb-mJVzxkJg4G4QGHW3b1SpF3sRWZpdfpMH004\" target=\"_blank\" rel=\"noopener\" data-saferedirecturl=\"https:\/\/www.google.com\/url?hl=fr-CA&amp;q=https:\/\/info.cargo-montreal.ca\/e3t\/Ctc\/ZU%2B113\/d11nbd04\/VW3b992Lf0fvW1Z-V-W8W4JhPW8pQGPD5f8cnJN7RflxK3lYMRW69sMD-6lZ3lCVgrq4V41HvztW8rzSGG6ynNV5W8bs4Hv6VnwYBW4MYm9q7hBWKyN8h-blRJCRM2W10D1Qs91gySYW4Wvv_97yB9LLW26Kb0c3hk0s7W3f-3CX6vD83TW1Ktylb87Xv0vW6lZz4561Js7TW8Cb_pF2r8R5kW59wdcV7dRQ5hW29GN8V6DQzJjN5g9dB8sXCh3W1nBmGN3lwfxnVGx3-61srNgQW6qFTvT8kb-mJVzxkJg4G4QGHW3b1SpF3sRWZpdfpMH004&amp;source=gmail&amp;ust=1715964424370000&amp;usg=AOvVaw23XQDGmyAaumT16ChPrvi5\">CITT Canada\u2019s Logistics Association<\/a><\/p>\r\n<p align=\"justify\">13 juin 2024 \u2013\u00a0<a href=\"https:\/\/info.cargo-montreal.ca\/e3t\/Ctc\/ZU+113\/d11nbd04\/VW3b992Lf0fvW1Z-V-W8W4JhPW8pQGPD5f8cnJN7RflyC3lYMRW7Y8-PT6lZ3kvVDKM8V18y-4YW8mGDMr1n7_yQVjnSlQ6HCLB4W4p1P9646bNvXW1hVFVC4vN9TYW2l-fZv74dlHsV523rx3yt8qQW40RFGZ4w9b4RW2smN0T5RlMSfW2w3r7f8VPr9HW8mx8wZ8PqVLQW18gqDc8Gv0N-W3Zj1Q83Vmg6zVz-l_52RhDdDW8Qsfzf81xkTxW8g7M9q6c8j9tW5QTl9m1L5-LhW9069275r6NPvW7875yf5plsltW8JCW0c66pwc4W99xhms7gY_y9W8THkfs2vJTkXN3xfZ2-jR3DzW8lM1x47xNJkXW7p-Jj77xBjcGW4fMWJ-7Hwdgtf2_dMyl04\" target=\"_blank\" rel=\"noopener\" data-saferedirecturl=\"https:\/\/www.google.com\/url?hl=fr-CA&amp;q=https:\/\/info.cargo-montreal.ca\/e3t\/Ctc\/ZU%2B113\/d11nbd04\/VW3b992Lf0fvW1Z-V-W8W4JhPW8pQGPD5f8cnJN7RflyC3lYMRW7Y8-PT6lZ3kvVDKM8V18y-4YW8mGDMr1n7_yQVjnSlQ6HCLB4W4p1P9646bNvXW1hVFVC4vN9TYW2l-fZv74dlHsV523rx3yt8qQW40RFGZ4w9b4RW2smN0T5RlMSfW2w3r7f8VPr9HW8mx8wZ8PqVLQW18gqDc8Gv0N-W3Zj1Q83Vmg6zVz-l_52RhDdDW8Qsfzf81xkTxW8g7M9q6c8j9tW5QTl9m1L5-LhW9069275r6NPvW7875yf5plsltW8JCW0c66pwc4W99xhms7gY_y9W8THkfs2vJTkXN3xfZ2-jR3DzW8lM1x47xNJkXW7p-Jj77xBjcGW4fMWJ-7Hwdgtf2_dMyl04&amp;source=gmail&amp;ust=1715964424370000&amp;usg=AOvVaw0I2N6P50sEWRaiyllAMOxO\">Assembl\u00e9e g\u00e9n\u00e9rale annuelle des membres<\/a>\u00a0\u2013\u00a0<a href=\"https:\/\/info.cargo-montreal.ca\/e3t\/Ctc\/ZU+113\/d11nbd04\/VW3b992Lf0fvW1Z-V-W8W4JhPW8pQGPD5f8cnJN7RflxK3lYMRW69sMD-6lZ3pMW4H5Fhc7wHxrwN4kXYfXLShPsW50NB-Y8JG051W7s4Z7c6kd8FKN186KmvTT9VxW6QC-yZ5FQYxmW5gTk1k1Yp7xYW8Dd4fy88czKfW6KL4yR6GZNtGW6kNqn58rK7-QW5XPFnR2Kj5KKW7NBKRY2CMsDCW6p9xW85TkPp1W8LJnvv5TD-cLW8f5fXz5r2HH_N1VmPKykP8XRN1tfJMHFBfG6W8PLNcV4hk17DVFx_nt27RRL3W1qZDDZ4Jy5qkf70Ynln04\" target=\"_blank\" rel=\"noopener\" data-saferedirecturl=\"https:\/\/www.google.com\/url?hl=fr-CA&amp;q=https:\/\/info.cargo-montreal.ca\/e3t\/Ctc\/ZU%2B113\/d11nbd04\/VW3b992Lf0fvW1Z-V-W8W4JhPW8pQGPD5f8cnJN7RflxK3lYMRW69sMD-6lZ3pMW4H5Fhc7wHxrwN4kXYfXLShPsW50NB-Y8JG051W7s4Z7c6kd8FKN186KmvTT9VxW6QC-yZ5FQYxmW5gTk1k1Yp7xYW8Dd4fy88czKfW6KL4yR6GZNtGW6kNqn58rK7-QW5XPFnR2Kj5KKW7NBKRY2CMsDCW6p9xW85TkPp1W8LJnvv5TD-cLW8f5fXz5r2HH_N1VmPKykP8XRN1tfJMHFBfG6W8PLNcV4hk17DVFx_nt27RRL3W1qZDDZ4Jy5qkf70Ynln04&amp;source=gmail&amp;ust=1715964424370000&amp;usg=AOvVaw2hCi9OgSkCLE8ZriWCZSRp\">Comit\u00e9 sectoriel de main-d\u2019\u0153uvre de l\u2019industrie maritime (CSMOIM)<\/a><\/p>\r\n<p align=\"justify\">19 juin 2024\u00a0\u2013\u00a0<a href=\"https:\/\/info.cargo-montreal.ca\/e3t\/Ctc\/ZU+113\/d11nbd04\/VW3b992Lf0fvW1Z-V-W8W4JhPW8pQGPD5f8cnJN7Rfly03lYMRW6N1vHY6lZ3kXW8Fjnyq5-N-bTW5bC7h67rcmQxW49018t6mzQJKW8Fjh6v5cQnvHN34flksNJn_RW87CpY34JPLsSW585NY27yzkYvW7Sv93q39klHnW5Cqc2D9kYDlwW3bW0Fb6fS2WjW7KPj0R8sJzXrN49wq7v5QvlvW85V3RS3Ss107W4cYHMS6P-6R-W4w4VB152RJ58V2lL4j1JzJVxW5stJZq4McDqpW13kvYv4gMtN9N8cLN2frHG05W5Fhqgm1Nqfp1W48cFKR5V4RZmVMNNt22nqJmhdkMxFn04\" target=\"_blank\" rel=\"noopener\" data-saferedirecturl=\"https:\/\/www.google.com\/url?hl=fr-CA&amp;q=https:\/\/info.cargo-montreal.ca\/e3t\/Ctc\/ZU%2B113\/d11nbd04\/VW3b992Lf0fvW1Z-V-W8W4JhPW8pQGPD5f8cnJN7Rfly03lYMRW6N1vHY6lZ3kXW8Fjnyq5-N-bTW5bC7h67rcmQxW49018t6mzQJKW8Fjh6v5cQnvHN34flksNJn_RW87CpY34JPLsSW585NY27yzkYvW7Sv93q39klHnW5Cqc2D9kYDlwW3bW0Fb6fS2WjW7KPj0R8sJzXrN49wq7v5QvlvW85V3RS3Ss107W4cYHMS6P-6R-W4w4VB152RJ58V2lL4j1JzJVxW5stJZq4McDqpW13kvYv4gMtN9N8cLN2frHG05W5Fhqgm1Nqfp1W48cFKR5V4RZmVMNNt22nqJmhdkMxFn04&amp;source=gmail&amp;ust=1715964424370000&amp;usg=AOvVaw2YPtJpPfiHqmbGAlm3cIED\">Cocktail sur le Canal<\/a>\u00a0\u2013\u00a0<a href=\"https:\/\/info.cargo-montreal.ca\/e3t\/Ctc\/ZU+113\/d11nbd04\/VW3b992Lf0fvW1Z-V-W8W4JhPW8pQGPD5f8cnJN7Rflxq3lYMRW5BW0B06lZ3kYW7VNLW72wSDPPW8LKFY743WQ1dW22Yq5K1VVM0CW39TxcR1Gz5PZW1tR-Xf83LxG1N57dFQpXgQ3GW9ch2B13GVN5tN4RQ2WggNt92W7hc3sG1X_5sVW90tqhm74BBw0W4G-S935Ssw1xW35yFyB71gK3bW6g82rf4kPp3ZVSRw_5802WMDW1J13kh189xfQN5mLtsRP43LvW54hPyr1JCwJ1W8LBNBw8b_t8nf4SVZ_T04\" target=\"_blank\" rel=\"noopener\" data-saferedirecturl=\"https:\/\/www.google.com\/url?hl=fr-CA&amp;q=https:\/\/info.cargo-montreal.ca\/e3t\/Ctc\/ZU%2B113\/d11nbd04\/VW3b992Lf0fvW1Z-V-W8W4JhPW8pQGPD5f8cnJN7Rflxq3lYMRW5BW0B06lZ3kYW7VNLW72wSDPPW8LKFY743WQ1dW22Yq5K1VVM0CW39TxcR1Gz5PZW1tR-Xf83LxG1N57dFQpXgQ3GW9ch2B13GVN5tN4RQ2WggNt92W7hc3sG1X_5sVW90tqhm74BBw0W4G-S935Ssw1xW35yFyB71gK3bW6g82rf4kPp3ZVSRw_5802WMDW1J13kh189xfQN5mLtsRP43LvW54hPyr1JCwJ1W8LBNBw8b_t8nf4SVZ_T04&amp;source=gmail&amp;ust=1715964424370000&amp;usg=AOvVaw01bfXCCRfOEmrGL20TLe0R\">Chambre de commerce de Montr\u00e9al Centre Sud-Ouest<\/a><\/p>\r\n<p align=\"justify\">19 juin 2024 \u2013\u00a0<a href=\"https:\/\/info.cargo-montreal.ca\/e3t\/Ctc\/ZU+113\/d11nbd04\/VW3b992Lf0fvW1Z-V-W8W4JhPW8pQGPD5f8cnJN7Rflzb3lYMRW95jsWP6lZ3pZW3sHD-H6st3SWW2mskR28TPH_ZW5S-0tc7jBkCwW1n_VWg2wjNB2W99qBr31jG8zyW4YdCCq4DXWfVN1GnJD63nwz4W1x3zQG61hxfnW5VNZZV34Fv9xW6Vqrls3BM1CXW4-KpRN6Shwm4W2zT3sv1_XSmrW6XShyj8tll8ZW3YW8nH6vJtXKW85KVHZ8T1xdhN2Y127zQTnJJW8kfrQD6wF3dlW1-C1tc4HZv4tVHxDgX7kcbcLVHwglf73LftcW9ls-kG3SJMwNW8_6_6q6T5cX9VJ97q28vTDj7W44Qvd491xkmFN2b-_s-TTl8jW8Z9Hk96z7BMzW1fBwr_6BG8mFW1bYZPr23x_SfW88m8Ny5ypL6vW8N2KNs4-HTJtf6hTCxs04\" target=\"_blank\" rel=\"noopener\" data-saferedirecturl=\"https:\/\/www.google.com\/url?hl=fr-CA&amp;q=https:\/\/info.cargo-montreal.ca\/e3t\/Ctc\/ZU%2B113\/d11nbd04\/VW3b992Lf0fvW1Z-V-W8W4JhPW8pQGPD5f8cnJN7Rflzb3lYMRW95jsWP6lZ3pZW3sHD-H6st3SWW2mskR28TPH_ZW5S-0tc7jBkCwW1n_VWg2wjNB2W99qBr31jG8zyW4YdCCq4DXWfVN1GnJD63nwz4W1x3zQG61hxfnW5VNZZV34Fv9xW6Vqrls3BM1CXW4-KpRN6Shwm4W2zT3sv1_XSmrW6XShyj8tll8ZW3YW8nH6vJtXKW85KVHZ8T1xdhN2Y127zQTnJJW8kfrQD6wF3dlW1-C1tc4HZv4tVHxDgX7kcbcLVHwglf73LftcW9ls-kG3SJMwNW8_6_6q6T5cX9VJ97q28vTDj7W44Qvd491xkmFN2b-_s-TTl8jW8Z9Hk96z7BMzW1fBwr_6BG8mFW1bYZPr23x_SfW88m8Ny5ypL6vW8N2KNs4-HTJtf6hTCxs04&amp;source=gmail&amp;ust=1715964424370000&amp;usg=AOvVaw3kCGZmlXXWH_GOP9okGY7C\">Assembl\u00e9e g\u00e9n\u00e9rale annuelle 2024<\/a>\u00a0\u2013\u00a0<a href=\"https:\/\/info.cargo-montreal.ca\/e3t\/Ctc\/ZU+113\/d11nbd04\/VW3b992Lf0fvW1Z-V-W8W4JhPW8pQGPD5f8cnJN7RflxK3lYMRW69sMD-6lZ3lFW1TgMK_162x_LW4sHXD14jBgSHW6MyCZ83pFTgjW7Zgl-71hfknZW3M5Djw6pKv9hW91hC-24H6CqlN8x99Yc9hmBBN8MYpv97_Y1MW5k-PFZ8PSbQFW7v_zMj5gVWXLW5N1B4t3CGvhKW8Wg4nx2ctSjwW8bH9sY3RqxMSW6xW_nf7ppP68W1_HnJg3YW56LW9gFwZc6qrjLyN86J9JKRTX10W3jKXZ-2Q8gJXW80qSXF5VMwXzW2V_mr05p6g4Qf1bD67q04\" target=\"_blank\" rel=\"noopener\" data-saferedirecturl=\"https:\/\/www.google.com\/url?hl=fr-CA&amp;q=https:\/\/info.cargo-montreal.ca\/e3t\/Ctc\/ZU%2B113\/d11nbd04\/VW3b992Lf0fvW1Z-V-W8W4JhPW8pQGPD5f8cnJN7RflxK3lYMRW69sMD-6lZ3lFW1TgMK_162x_LW4sHXD14jBgSHW6MyCZ83pFTgjW7Zgl-71hfknZW3M5Djw6pKv9hW91hC-24H6CqlN8x99Yc9hmBBN8MYpv97_Y1MW5k-PFZ8PSbQFW7v_zMj5gVWXLW5N1B4t3CGvhKW8Wg4nx2ctSjwW8bH9sY3RqxMSW6xW_nf7ppP68W1_HnJg3YW56LW9gFwZc6qrjLyN86J9JKRTX10W3jKXZ-2Q8gJXW80qSXF5VMwXzW2V_mr05p6g4Qf1bD67q04&amp;source=gmail&amp;ust=1715964424370000&amp;usg=AOvVaw3UQF1cESGEvE7dJF2YoHhi\">Camo-Route<\/a><\/p>\r\n<p align=\"justify\">19 juin 2024 \u2013\u00a0<a href=\"https:\/\/info.cargo-montreal.ca\/e3t\/Ctc\/ZU+113\/d11nbd04\/VW3b992Lf0fvW1Z-V-W8W4JhPW8pQGPD5f8cnJN7RflyW3lYMRW8wLKSR6lZ3pNVvdnb72sRvCnW20jTgC8vV3XQW7QRSGZ1WlkJZW1p9LFg4KkYFDN5w0H79grV25W62ZcSC3khPPfW2W-91D4WW9xNW6yMdFf7Yb8TfW1K66gL295f0cW7_M9cn6kfkcwW5gzJKJ2Y_8YbW6FyzNs2_wjkrW6gpnH29m4BqPW8Hrrdk7mxmgRVp0CGJ45T1ZhN3YTks3P_jxSW379wwW9519GSW3-DHq46f5yqjW8DNDkB195sW7W2GbzCq8_KBsQW6Rb2l93VTWS1W1Dy1wC31GRchW5P7JHR298B7VW9dM_3152VlC9W7z5mHH2Tq0JCW2Ht8gm34tZzKW6J7pyc8TC4kzW4sPgwQ7V88WfddL7wP04\" target=\"_blank\" rel=\"noopener\" data-saferedirecturl=\"https:\/\/www.google.com\/url?hl=fr-CA&amp;q=https:\/\/info.cargo-montreal.ca\/e3t\/Ctc\/ZU%2B113\/d11nbd04\/VW3b992Lf0fvW1Z-V-W8W4JhPW8pQGPD5f8cnJN7RflyW3lYMRW8wLKSR6lZ3pNVvdnb72sRvCnW20jTgC8vV3XQW7QRSGZ1WlkJZW1p9LFg4KkYFDN5w0H79grV25W62ZcSC3khPPfW2W-91D4WW9xNW6yMdFf7Yb8TfW1K66gL295f0cW7_M9cn6kfkcwW5gzJKJ2Y_8YbW6FyzNs2_wjkrW6gpnH29m4BqPW8Hrrdk7mxmgRVp0CGJ45T1ZhN3YTks3P_jxSW379wwW9519GSW3-DHq46f5yqjW8DNDkB195sW7W2GbzCq8_KBsQW6Rb2l93VTWS1W1Dy1wC31GRchW5P7JHR298B7VW9dM_3152VlC9W7z5mHH2Tq0JCW2Ht8gm34tZzKW6J7pyc8TC4kzW4sPgwQ7V88WfddL7wP04&amp;source=gmail&amp;ust=1715964424370000&amp;usg=AOvVaw3xHEXgogLOmFfh4twToMwv\">Conf\u00e9rence de Val\u00e9rie Plante<\/a>\u00a0\u2013\u00a0<a href=\"https:\/\/info.cargo-montreal.ca\/e3t\/Ctc\/ZU+113\/d11nbd04\/VW3b992Lf0fvW1Z-V-W8W4JhPW8pQGPD5f8cnJN7RflxK3lYMRW69sMD-6lZ3p9W3FymLp5zwyM6W1Xx0DF48DkhsW8xh6Ty85Q_fYW6fXh8q5JDRySW1QDwPj1Y-zl3N4Czz6PBLS0GW641XWt21BfhnW4TZV5_14Sv3CW6F3lcz4fy2Y1W38jx6x1YsqKdW1zV9MD1XNJFvW3g6BTt2LVxwLV4fYP06Mm097W84pZGy8lf0B8VlG8hp55BVNzW80ygrS6X3-mlN3WvgNxTQnYTW8TDcTB2_m5YMW4rz_Z47r8NKpW4PbKbQ4ltpl0f46w0H004\" target=\"_blank\" rel=\"noopener\" data-saferedirecturl=\"https:\/\/www.google.com\/url?hl=fr-CA&amp;q=https:\/\/info.cargo-montreal.ca\/e3t\/Ctc\/ZU%2B113\/d11nbd04\/VW3b992Lf0fvW1Z-V-W8W4JhPW8pQGPD5f8cnJN7RflxK3lYMRW69sMD-6lZ3p9W3FymLp5zwyM6W1Xx0DF48DkhsW8xh6Ty85Q_fYW6fXh8q5JDRySW1QDwPj1Y-zl3N4Czz6PBLS0GW641XWt21BfhnW4TZV5_14Sv3CW6F3lcz4fy2Y1W38jx6x1YsqKdW1zV9MD1XNJFvW3g6BTt2LVxwLV4fYP06Mm097W84pZGy8lf0B8VlG8hp55BVNzW80ygrS6X3-mlN3WvgNxTQnYTW8TDcTB2_m5YMW4rz_Z47r8NKpW4PbKbQ4ltpl0f46w0H004&amp;source=gmail&amp;ust=1715964424370000&amp;usg=AOvVaw3GdJK4cwY-vK3J0l5mETZN\">Chambre de commerce du Montr\u00e9al m\u00e9tropolitain (CCMM)<\/a><\/p>","protected":false},"excerpt":{"rendered":"Ne manquez pas les \u00e9v\u00e9nements suivants. Si vous souhaitez que CargoM ajoute votre \u00e9v\u00e9nement \u00e0 son\u00a0calendrier, contactez Mme\u00a0Karine Dudognon.\u00a0 27 mai 2024 \u2013\u00a0Assembl\u00e9e g\u00e9n\u00e9rale annuelle\u00a0&#8211;\u00a0CargoM 28 mai 2024\u00a0\u2013\u00a0S.E. Kirsten Hillman : Ambassadrice du Canada aux \u00c9tats-Unis\u00a0\u2013\u00a0Conseil des relations internationales de Montr\u00e9al (CORIM) 29 mai 2024\u00a0\u2013\u00a0Conf\u00e9rence de Charles Emond\u00a0\u2013\u00a0Chambre de commerce du Montr\u00e9al m\u00e9tropolitain 5 juin [&hellip;]","protected":false},"author":39,"featured_media":0,"comment_status":"closed","ping_status":"closed","sticky":false,"template":"","format":"standard","meta":{"_acf_changed":false,"footnotes":""},"categories":[20],"tags":[],"class_list":["post-16984","post","type-post","status-publish","format-standard","hentry","category-services-logistiques"],"acf":[],"yoast_head":"<!-- This site is optimized with the Yoast SEO plugin v27.3 - https:\/\/yoast.com\/product\/yoast-seo-wordpress\/ -->\n<title>Calendrier des \u00e9v\u00e9nements - CargoM<\/title>\n<meta name=\"robots\" content=\"index, follow, max-snippet:-1, max-image-preview:large, max-video-preview:-1\" \/>\n<link rel=\"canonical\" href=\"https:\/\/www.cargo-montreal.ca\/fr\/calendrier-des-evenements-11\/\" \/>\n<meta property=\"og:locale\" content=\"fr_FR\" \/>\n<meta property=\"og:type\" content=\"article\" \/>\n<meta property=\"og:title\" content=\"Calendrier des \u00e9v\u00e9nements - CargoM\" \/>\n<meta property=\"og:description\" content=\"Ne manquez pas les \u00e9v\u00e9nements suivants. Si vous souhaitez que CargoM ajoute votre \u00e9v\u00e9nement \u00e0 son\u00a0calendrier, contactez Mme\u00a0Karine Dudognon.\u00a0 27 mai 2024 \u2013\u00a0Assembl\u00e9e g\u00e9n\u00e9rale annuelle\u00a0&#8211;\u00a0CargoM 28 mai 2024\u00a0\u2013\u00a0S.E. Kirsten Hillman : Ambassadrice du Canada aux \u00c9tats-Unis\u00a0\u2013\u00a0Conseil des relations internationales de Montr\u00e9al (CORIM) 29 mai 2024\u00a0\u2013\u00a0Conf\u00e9rence de Charles Emond\u00a0\u2013\u00a0Chambre de commerce du Montr\u00e9al m\u00e9tropolitain 5 juin [&hellip;]\" \/>\n<meta property=\"og:url\" content=\"https:\/\/www.cargo-montreal.ca\/fr\/calendrier-des-evenements-11\/\" \/>\n<meta property=\"og:site_name\" content=\"CargoM\" \/>\n<meta property=\"article:published_time\" content=\"2024-05-16T17:06:45+00:00\" \/>\n<meta property=\"og:image\" content=\"https:\/\/www.cargo-montreal.ca\/wp-content\/uploads\/2024\/05\/Webinaire-5-juin-300x177.png\" \/>\n<meta name=\"author\" content=\"Karine Dudognon\" \/>\n<meta name=\"twitter:card\" content=\"summary_large_image\" \/>\n<meta name=\"twitter:label1\" content=\"\u00c9crit par\" \/>\n\t<meta name=\"twitter:data1\" content=\"Karine Dudognon\" \/>\n\t<meta name=\"twitter:label2\" content=\"Dur\u00e9e de lecture estim\u00e9e\" \/>\n\t<meta name=\"twitter:data2\" content=\"1 minute\" \/>\n<script type=\"application\/ld+json\" class=\"yoast-schema-graph\">{\"@context\":\"https:\\\/\\\/schema.org\",\"@graph\":[{\"@type\":\"Article\",\"@id\":\"https:\\\/\\\/www.cargo-montreal.ca\\\/fr\\\/calendrier-des-evenements-11\\\/#article\",\"isPartOf\":{\"@id\":\"https:\\\/\\\/www.cargo-montreal.ca\\\/fr\\\/calendrier-des-evenements-11\\\/\"},\"author\":{\"name\":\"Karine Dudognon\",\"@id\":\"https:\\\/\\\/www.cargo-montreal.ca\\\/fr\\\/#\\\/schema\\\/person\\\/80476d173ce654813db9fd1533901365\"},\"headline\":\"Calendrier des \u00e9v\u00e9nements\",\"datePublished\":\"2024-05-16T17:06:45+00:00\",\"mainEntityOfPage\":{\"@id\":\"https:\\\/\\\/www.cargo-montreal.ca\\\/fr\\\/calendrier-des-evenements-11\\\/\"},\"wordCount\":150,\"image\":{\"@id\":\"https:\\\/\\\/www.cargo-montreal.ca\\\/fr\\\/calendrier-des-evenements-11\\\/#primaryimage\"},\"thumbnailUrl\":\"https:\\\/\\\/www.cargo-montreal.ca\\\/wp-content\\\/uploads\\\/2024\\\/05\\\/Webinaire-5-juin-300x177.png\",\"articleSection\":[\"Services logistiques\"],\"inLanguage\":\"fr-FR\"},{\"@type\":\"WebPage\",\"@id\":\"https:\\\/\\\/www.cargo-montreal.ca\\\/fr\\\/calendrier-des-evenements-11\\\/\",\"url\":\"https:\\\/\\\/www.cargo-montreal.ca\\\/fr\\\/calendrier-des-evenements-11\\\/\",\"name\":\"Calendrier des \u00e9v\u00e9nements - CargoM\",\"isPartOf\":{\"@id\":\"https:\\\/\\\/www.cargo-montreal.ca\\\/fr\\\/#website\"},\"primaryImageOfPage\":{\"@id\":\"https:\\\/\\\/www.cargo-montreal.ca\\\/fr\\\/calendrier-des-evenements-11\\\/#primaryimage\"},\"image\":{\"@id\":\"https:\\\/\\\/www.cargo-montreal.ca\\\/fr\\\/calendrier-des-evenements-11\\\/#primaryimage\"},\"thumbnailUrl\":\"https:\\\/\\\/www.cargo-montreal.ca\\\/wp-content\\\/uploads\\\/2024\\\/05\\\/Webinaire-5-juin-300x177.png\",\"datePublished\":\"2024-05-16T17:06:45+00:00\",\"author\":{\"@id\":\"https:\\\/\\\/www.cargo-montreal.ca\\\/fr\\\/#\\\/schema\\\/person\\\/80476d173ce654813db9fd1533901365\"},\"breadcrumb\":{\"@id\":\"https:\\\/\\\/www.cargo-montreal.ca\\\/fr\\\/calendrier-des-evenements-11\\\/#breadcrumb\"},\"inLanguage\":\"fr-FR\",\"potentialAction\":[{\"@type\":\"ReadAction\",\"target\":[\"https:\\\/\\\/www.cargo-montreal.ca\\\/fr\\\/calendrier-des-evenements-11\\\/\"]}]},{\"@type\":\"ImageObject\",\"inLanguage\":\"fr-FR\",\"@id\":\"https:\\\/\\\/www.cargo-montreal.ca\\\/fr\\\/calendrier-des-evenements-11\\\/#primaryimage\",\"url\":\"https:\\\/\\\/www.cargo-montreal.ca\\\/wp-content\\\/uploads\\\/2024\\\/05\\\/Webinaire-5-juin-300x177.png\",\"contentUrl\":\"https:\\\/\\\/www.cargo-montreal.ca\\\/wp-content\\\/uploads\\\/2024\\\/05\\\/Webinaire-5-juin-300x177.png\"},{\"@type\":\"BreadcrumbList\",\"@id\":\"https:\\\/\\\/www.cargo-montreal.ca\\\/fr\\\/calendrier-des-evenements-11\\\/#breadcrumb\",\"itemListElement\":[{\"@type\":\"ListItem\",\"position\":1,\"name\":\"Home\",\"item\":\"https:\\\/\\\/www.cargo-montreal.ca\\\/fr\\\/\"},{\"@type\":\"ListItem\",\"position\":2,\"name\":\"Calendrier des \u00e9v\u00e9nements\"}]},{\"@type\":\"WebSite\",\"@id\":\"https:\\\/\\\/www.cargo-montreal.ca\\\/fr\\\/#website\",\"url\":\"https:\\\/\\\/www.cargo-montreal.ca\\\/fr\\\/\",\"name\":\"CargoM\",\"description\":\"La mission de CargoM: Rassembler les acteurs de la logistique &amp; du transport de marchandises du Grand Montr\u00e9al autour d&#039;objectifs communs, d&#039;actions concert\u00e9es\",\"potentialAction\":[{\"@type\":\"SearchAction\",\"target\":{\"@type\":\"EntryPoint\",\"urlTemplate\":\"https:\\\/\\\/www.cargo-montreal.ca\\\/fr\\\/?s={search_term_string}\"},\"query-input\":{\"@type\":\"PropertyValueSpecification\",\"valueRequired\":true,\"valueName\":\"search_term_string\"}}],\"inLanguage\":\"fr-FR\"},{\"@type\":\"Person\",\"@id\":\"https:\\\/\\\/www.cargo-montreal.ca\\\/fr\\\/#\\\/schema\\\/person\\\/80476d173ce654813db9fd1533901365\",\"name\":\"Karine Dudognon\",\"image\":{\"@type\":\"ImageObject\",\"inLanguage\":\"fr-FR\",\"@id\":\"https:\\\/\\\/secure.gravatar.com\\\/avatar\\\/673bdfb703a9b6685a88bc7dfb04a9ea2b48b30e9d1663a5e759a4e9bfa3e2c0?s=96&d=mm&r=g\",\"url\":\"https:\\\/\\\/secure.gravatar.com\\\/avatar\\\/673bdfb703a9b6685a88bc7dfb04a9ea2b48b30e9d1663a5e759a4e9bfa3e2c0?s=96&d=mm&r=g\",\"contentUrl\":\"https:\\\/\\\/secure.gravatar.com\\\/avatar\\\/673bdfb703a9b6685a88bc7dfb04a9ea2b48b30e9d1663a5e759a4e9bfa3e2c0?s=96&d=mm&r=g\",\"caption\":\"Karine Dudognon\"},\"url\":\"https:\\\/\\\/www.cargo-montreal.ca\\\/fr\\\/author\\\/karine\\\/\"}]}<\/script>\n<!-- \/ Yoast SEO plugin. -->","yoast_head_json":{"title":"Calendrier des \u00e9v\u00e9nements - CargoM","robots":{"index":"index","follow":"follow","max-snippet":"max-snippet:-1","max-image-preview":"max-image-preview:large","max-video-preview":"max-video-preview:-1"},"canonical":"https:\/\/www.cargo-montreal.ca\/fr\/calendrier-des-evenements-11\/","og_locale":"fr_FR","og_type":"article","og_title":"Calendrier des \u00e9v\u00e9nements - CargoM","og_description":"Ne manquez pas les \u00e9v\u00e9nements suivants. Si vous souhaitez que CargoM ajoute votre \u00e9v\u00e9nement \u00e0 son\u00a0calendrier, contactez Mme\u00a0Karine Dudognon.\u00a0 27 mai 2024 \u2013\u00a0Assembl\u00e9e g\u00e9n\u00e9rale annuelle\u00a0&#8211;\u00a0CargoM 28 mai 2024\u00a0\u2013\u00a0S.E. Kirsten Hillman : Ambassadrice du Canada aux \u00c9tats-Unis\u00a0\u2013\u00a0Conseil des relations internationales de Montr\u00e9al (CORIM) 29 mai 2024\u00a0\u2013\u00a0Conf\u00e9rence de Charles Emond\u00a0\u2013\u00a0Chambre de commerce du Montr\u00e9al m\u00e9tropolitain 5 juin [&hellip;]","og_url":"https:\/\/www.cargo-montreal.ca\/fr\/calendrier-des-evenements-11\/","og_site_name":"CargoM","article_published_time":"2024-05-16T17:06:45+00:00","og_image":[{"url":"https:\/\/www.cargo-montreal.ca\/wp-content\/uploads\/2024\/05\/Webinaire-5-juin-300x177.png","type":"","width":"","height":""}],"author":"Karine Dudognon","twitter_card":"summary_large_image","twitter_misc":{"\u00c9crit par":"Karine Dudognon","Dur\u00e9e de lecture estim\u00e9e":"1 minute"},"schema":{"@context":"https:\/\/schema.org","@graph":[{"@type":"Article","@id":"https:\/\/www.cargo-montreal.ca\/fr\/calendrier-des-evenements-11\/#article","isPartOf":{"@id":"https:\/\/www.cargo-montreal.ca\/fr\/calendrier-des-evenements-11\/"},"author":{"name":"Karine Dudognon","@id":"https:\/\/www.cargo-montreal.ca\/fr\/#\/schema\/person\/80476d173ce654813db9fd1533901365"},"headline":"Calendrier des \u00e9v\u00e9nements","datePublished":"2024-05-16T17:06:45+00:00","mainEntityOfPage":{"@id":"https:\/\/www.cargo-montreal.ca\/fr\/calendrier-des-evenements-11\/"},"wordCount":150,"image":{"@id":"https:\/\/www.cargo-montreal.ca\/fr\/calendrier-des-evenements-11\/#primaryimage"},"thumbnailUrl":"https:\/\/www.cargo-montreal.ca\/wp-content\/uploads\/2024\/05\/Webinaire-5-juin-300x177.png","articleSection":["Services logistiques"],"inLanguage":"fr-FR"},{"@type":"WebPage","@id":"https:\/\/www.cargo-montreal.ca\/fr\/calendrier-des-evenements-11\/","url":"https:\/\/www.cargo-montreal.ca\/fr\/calendrier-des-evenements-11\/","name":"Calendrier des \u00e9v\u00e9nements - CargoM","isPartOf":{"@id":"https:\/\/www.cargo-montreal.ca\/fr\/#website"},"primaryImageOfPage":{"@id":"https:\/\/www.cargo-montreal.ca\/fr\/calendrier-des-evenements-11\/#primaryimage"},"image":{"@id":"https:\/\/www.cargo-montreal.ca\/fr\/calendrier-des-evenements-11\/#primaryimage"},"thumbnailUrl":"https:\/\/www.cargo-montreal.ca\/wp-content\/uploads\/2024\/05\/Webinaire-5-juin-300x177.png","datePublished":"2024-05-16T17:06:45+00:00","author":{"@id":"https:\/\/www.cargo-montreal.ca\/fr\/#\/schema\/person\/80476d173ce654813db9fd1533901365"},"breadcrumb":{"@id":"https:\/\/www.cargo-montreal.ca\/fr\/calendrier-des-evenements-11\/#breadcrumb"},"inLanguage":"fr-FR","potentialAction":[{"@type":"ReadAction","target":["https:\/\/www.cargo-montreal.ca\/fr\/calendrier-des-evenements-11\/"]}]},{"@type":"ImageObject","inLanguage":"fr-FR","@id":"https:\/\/www.cargo-montreal.ca\/fr\/calendrier-des-evenements-11\/#primaryimage","url":"https:\/\/www.cargo-montreal.ca\/wp-content\/uploads\/2024\/05\/Webinaire-5-juin-300x177.png","contentUrl":"https:\/\/www.cargo-montreal.ca\/wp-content\/uploads\/2024\/05\/Webinaire-5-juin-300x177.png"},{"@type":"BreadcrumbList","@id":"https:\/\/www.cargo-montreal.ca\/fr\/calendrier-des-evenements-11\/#breadcrumb","itemListElement":[{"@type":"ListItem","position":1,"name":"Home","item":"https:\/\/www.cargo-montreal.ca\/fr\/"},{"@type":"ListItem","position":2,"name":"Calendrier des \u00e9v\u00e9nements"}]},{"@type":"WebSite","@id":"https:\/\/www.cargo-montreal.ca\/fr\/#website","url":"https:\/\/www.cargo-montreal.ca\/fr\/","name":"CargoM","description":"La mission de CargoM: Rassembler les acteurs de la logistique &amp; du transport de marchandises du Grand Montr\u00e9al autour d&#039;objectifs communs, d&#039;actions concert\u00e9es","potentialAction":[{"@type":"SearchAction","target":{"@type":"EntryPoint","urlTemplate":"https:\/\/www.cargo-montreal.ca\/fr\/?s={search_term_string}"},"query-input":{"@type":"PropertyValueSpecification","valueRequired":true,"valueName":"search_term_string"}}],"inLanguage":"fr-FR"},{"@type":"Person","@id":"https:\/\/www.cargo-montreal.ca\/fr\/#\/schema\/person\/80476d173ce654813db9fd1533901365","name":"Karine Dudognon","image":{"@type":"ImageObject","inLanguage":"fr-FR","@id":"https:\/\/secure.gravatar.com\/avatar\/673bdfb703a9b6685a88bc7dfb04a9ea2b48b30e9d1663a5e759a4e9bfa3e2c0?s=96&d=mm&r=g","url":"https:\/\/secure.gravatar.com\/avatar\/673bdfb703a9b6685a88bc7dfb04a9ea2b48b30e9d1663a5e759a4e9bfa3e2c0?s=96&d=mm&r=g","contentUrl":"https:\/\/secure.gravatar.com\/avatar\/673bdfb703a9b6685a88bc7dfb04a9ea2b48b30e9d1663a5e759a4e9bfa3e2c0?s=96&d=mm&r=g","caption":"Karine Dudognon"},"url":"https:\/\/www.cargo-montreal.ca\/fr\/author\/karine\/"}]}},"_links":{"self":[{"href":"https:\/\/www.cargo-montreal.ca\/fr\/wp-json\/wp\/v2\/posts\/16984","targetHints":{"allow":["GET"]}}],"collection":[{"href":"https:\/\/www.cargo-montreal.ca\/fr\/wp-json\/wp\/v2\/posts"}],"about":[{"href":"https:\/\/www.cargo-montreal.ca\/fr\/wp-json\/wp\/v2\/types\/post"}],"author":[{"embeddable":true,"href":"https:\/\/www.cargo-montreal.ca\/fr\/wp-json\/wp\/v2\/users\/39"}],"replies":[{"embeddable":true,"href":"https:\/\/www.cargo-montreal.ca\/fr\/wp-json\/wp\/v2\/comments?post=16984"}],"version-history":[{"count":1,"href":"https:\/\/www.cargo-montreal.ca\/fr\/wp-json\/wp\/v2\/posts\/16984\/revisions"}],"predecessor-version":[{"id":16985,"href":"https:\/\/www.cargo-montreal.ca\/fr\/wp-json\/wp\/v2\/posts\/16984\/revisions\/16985"}],"wp:attachment":[{"href":"https:\/\/www.cargo-montreal.ca\/fr\/wp-json\/wp\/v2\/media?parent=16984"}],"wp:term":[{"taxonomy":"category","embeddable":true,"href":"https:\/\/www.cargo-montreal.ca\/fr\/wp-json\/wp\/v2\/categories?post=16984"},{"taxonomy":"post_tag","embeddable":true,"href":"https:\/\/www.cargo-montreal.ca\/fr\/wp-json\/wp\/v2\/tags?post=16984"}],"curies":[{"name":"wp","href":"https:\/\/api.w.org\/{rel}","templated":true}]}}