{"id":16988,"date":"2024-05-16T17:13:08","date_gmt":"2024-05-16T17:13:08","guid":{"rendered":"https:\/\/www.cargo-montreal.ca\/?p=16988"},"modified":"2024-05-16T17:13:08","modified_gmt":"2024-05-16T17:13:08","slug":"formation-cegep-andre-laurendeau-2","status":"publish","type":"post","link":"https:\/\/www.cargo-montreal.ca\/fr\/formation-cegep-andre-laurendeau-2\/","title":{"rendered":"Formation : C\u00e9gep Andr\u00e9-Laurendeau"},"content":{"rendered":"<p><strong>Perfectionnement\u00a0<\/strong><\/p>\r\n<p>25 mai au 27 juin 2024\u00a0\u2013\u00a0<a href=\"https:\/\/info.cargo-montreal.ca\/e3t\/Ctc\/ZU+113\/d11nbd04\/VW3b992Lf0fvW1Z-V-W8W4JhPW8pQGPD5f8cnJN7Rflyj3lYMRW7lCdLW6lZ3kyW1JcVV15ZdPWfW400SzG64R-2zN69M1fwrpV3YW1lNwXc894RPhW8kJ4zf1ZyRCDW8XyQyG4Dt9TtW6gP5Wk3YdpNKW56gyr31t3xvfW7J8VS47W5RgWW1kvbBw7b8Z5kN6mLPcDKmSSjW2BnG0W29-MWmW29txTv5LbkKVW1cRhns7gVlfYVHB_vf3FZW_cN7_1bkjV0KC4W843bXZ96mVhFW7dfcY983yTcrW6LD9pk8w8kv4W8HxqyZ25nTykW2fxx381gc5RSW5Ll4Vx1TFQ6zN6sttHmdlB0NW3Bz_ZY8FZfjcf39MF6404\" target=\"_blank\" rel=\"noopener\" data-saferedirecturl=\"https:\/\/www.google.com\/url?hl=fr-CA&amp;q=https:\/\/info.cargo-montreal.ca\/e3t\/Ctc\/ZU%2B113\/d11nbd04\/VW3b992Lf0fvW1Z-V-W8W4JhPW8pQGPD5f8cnJN7Rflyj3lYMRW7lCdLW6lZ3kyW1JcVV15ZdPWfW400SzG64R-2zN69M1fwrpV3YW1lNwXc894RPhW8kJ4zf1ZyRCDW8XyQyG4Dt9TtW6gP5Wk3YdpNKW56gyr31t3xvfW7J8VS47W5RgWW1kvbBw7b8Z5kN6mLPcDKmSSjW2BnG0W29-MWmW29txTv5LbkKVW1cRhns7gVlfYVHB_vf3FZW_cN7_1bkjV0KC4W843bXZ96mVhFW7dfcY983yTcrW6LD9pk8w8kv4W8HxqyZ25nTykW2fxx381gc5RSW5Ll4Vx1TFQ6zN6sttHmdlB0NW3Bz_ZY8FZfjcf39MF6404&amp;source=gmail&amp;ust=1715964424370000&amp;usg=AOvVaw1A-qOaL3Zg7yYXvzoaP-EG\">Les processus d\u2019import-export au Canada<\/a><\/p>\r\n<p>27 et 29 mai\u00a0\u2013\u00a0<a href=\"https:\/\/info.cargo-montreal.ca\/e3t\/Ctc\/ZU+113\/d11nbd04\/VW3b992Lf0fvW1Z-V-W8W4JhPW8pQGPD5f8cnJN7Rflyj3lYMRW7lCdLW6lZ3l8W4xL02y8fN4QTV2r-WX39VrVNW42l47R6xVrkxN8LjPZj6NkFSW3xyjXj8mCKrVW5B22v38bHGh6W6ccH-l81YcrPN4-HqcskY0C5VQNcc596gmffW8lC89b7f8v1HW5K-ygG88pxNvW6Bxgjf8s5DSBW4W6-hv7LY3zpW6D9c037GqKCTW8KW1jD4b46zsW8bWlJ87WdsVxW5xbXZT576zsvN9cq3vvh21CgW7jfrmq6J0HyBW8CtzcN6sJpfFW28dV262cWMD6W3ZFR1Y1wtc7WW6SlJdm3LrsMqVBfr-B4v1k9rf8-KWXv04\" target=\"_blank\" rel=\"noopener\" data-saferedirecturl=\"https:\/\/www.google.com\/url?hl=fr-CA&amp;q=https:\/\/info.cargo-montreal.ca\/e3t\/Ctc\/ZU%2B113\/d11nbd04\/VW3b992Lf0fvW1Z-V-W8W4JhPW8pQGPD5f8cnJN7Rflyj3lYMRW7lCdLW6lZ3l8W4xL02y8fN4QTV2r-WX39VrVNW42l47R6xVrkxN8LjPZj6NkFSW3xyjXj8mCKrVW5B22v38bHGh6W6ccH-l81YcrPN4-HqcskY0C5VQNcc596gmffW8lC89b7f8v1HW5K-ygG88pxNvW6Bxgjf8s5DSBW4W6-hv7LY3zpW6D9c037GqKCTW8KW1jD4b46zsW8bWlJ87WdsVxW5xbXZT576zsvN9cq3vvh21CgW7jfrmq6J0HyBW8CtzcN6sJpfFW28dV262cWMD6W3ZFR1Y1wtc7WW6SlJdm3LrsMqVBfr-B4v1k9rf8-KWXv04&amp;source=gmail&amp;ust=1715964424370000&amp;usg=AOvVaw14i2WRD_XLew4v9JyU1gWb\">Sensibilisation \u00e0 la s\u00e9curit\u00e9 laser<\/a><\/p>\r\n<p>27 mai au 5 juin \u2013<strong>\u00a0<\/strong><a href=\"https:\/\/info.cargo-montreal.ca\/e3t\/Ctc\/ZU+113\/d11nbd04\/VW3b992Lf0fvW1Z-V-W8W4JhPW8pQGPD5f8cnJN7Rflyj3lYMRW7lCdLW6lZ3kRW2Mb1R28Z9sfHW3cVzhW6XvKkdN7FjWbmcQmsjW7g1SJN8lFLn4W31TbXl7PfClfV3dBDd3XmZWdW8MW5Pw8c-rZWW6tqh9-5VM45VW52817b7QbwDjW3mlYMx9jsZFHW5HmDVs7DdyCzW7tF-ND1NvL-WW8DftTt8wKYkYW641ppR7Z5nMbW1NbTQY2f0Ct-W6bnWvF4jf-n_W5ycwcw4FYWdtW1-WDXQ6SK7-6W8k8h427lTQtnW721nFl1rVVV9W8591mV5_2-5hW8m4yjC1Lxv8zV3W1cN5sQzDrW2RwT1H4WZ08Ff7lWxJ204\" target=\"_blank\" rel=\"noopener\" data-saferedirecturl=\"https:\/\/www.google.com\/url?hl=fr-CA&amp;q=https:\/\/info.cargo-montreal.ca\/e3t\/Ctc\/ZU%2B113\/d11nbd04\/VW3b992Lf0fvW1Z-V-W8W4JhPW8pQGPD5f8cnJN7Rflyj3lYMRW7lCdLW6lZ3kRW2Mb1R28Z9sfHW3cVzhW6XvKkdN7FjWbmcQmsjW7g1SJN8lFLn4W31TbXl7PfClfV3dBDd3XmZWdW8MW5Pw8c-rZWW6tqh9-5VM45VW52817b7QbwDjW3mlYMx9jsZFHW5HmDVs7DdyCzW7tF-ND1NvL-WW8DftTt8wKYkYW641ppR7Z5nMbW1NbTQY2f0Ct-W6bnWvF4jf-n_W5ycwcw4FYWdtW1-WDXQ6SK7-6W8k8h427lTQtnW721nFl1rVVV9W8591mV5_2-5hW8m4yjC1Lxv8zV3W1cN5sQzDrW2RwT1H4WZ08Ff7lWxJ204&amp;source=gmail&amp;ust=1715964424370000&amp;usg=AOvVaw0s3bTbN9vLAtpypyiHGkZg\">Responsable en s\u00e9curit\u00e9 laser<\/a><\/p>\r\n<p><strong>Reconnaissance des acquis et des comp\u00e9tences (RAC)<\/strong><\/p>\r\n<p><a href=\"https:\/\/info.cargo-montreal.ca\/e3t\/Ctc\/ZU+113\/d11nbd04\/VW3b992Lf0fvW1Z-V-W8W4JhPW8pQGPD5f8cnJN7RflxK5kvg0W69t95C6lZ3kRW8flwxq4rJfvTW5CShrp3PXQ60W4GR28F8jPTSRW2Vj4Ys2wzMM6W353KkP49JZlNW8jcyT68T0nDtW5M4dhp6vTkDjW5Z4k6r1RZBybN5Tp0z18ZdvrN7PPBj7dxsJ7W4nPJM61h8Nj4W8RVtdv2lsG5FW1yR2632Ld9LdW7p174Q6vZzJxW27P_Fs9dBr8vW8vfdFS8QrgljW4Rd4wF8-bZYfW2DXt9l4BDmjGW1W4GKh2D8fy3W4nvTT74xpd3ZVnyqgV3_pqbzW2--C_P6h6-z8W8647Ks7-8bPLW47Ryz13F2VyFW6_xdxy3fk7JGW67c_Fn71P9fPW6Q5v_n1pJJ6cW1JLPqD1Xw1KGN5KG2-1bSKMnW5WjpW21V2KF8W8v-58S3MZ1HFW8b-GKg5KzH98W5s8mXV2Ds13xW4m0XBX2Q60ltW6RMKbK1QBH0ZW1CmS1d5bGvsYf29pCyv04\" target=\"_blank\" rel=\"noopener\" data-saferedirecturl=\"https:\/\/www.google.com\/url?hl=fr-CA&amp;q=https:\/\/info.cargo-montreal.ca\/e3t\/Ctc\/ZU%2B113\/d11nbd04\/VW3b992Lf0fvW1Z-V-W8W4JhPW8pQGPD5f8cnJN7RflxK5kvg0W69t95C6lZ3kRW8flwxq4rJfvTW5CShrp3PXQ60W4GR28F8jPTSRW2Vj4Ys2wzMM6W353KkP49JZlNW8jcyT68T0nDtW5M4dhp6vTkDjW5Z4k6r1RZBybN5Tp0z18ZdvrN7PPBj7dxsJ7W4nPJM61h8Nj4W8RVtdv2lsG5FW1yR2632Ld9LdW7p174Q6vZzJxW27P_Fs9dBr8vW8vfdFS8QrgljW4Rd4wF8-bZYfW2DXt9l4BDmjGW1W4GKh2D8fy3W4nvTT74xpd3ZVnyqgV3_pqbzW2--C_P6h6-z8W8647Ks7-8bPLW47Ryz13F2VyFW6_xdxy3fk7JGW67c_Fn71P9fPW6Q5v_n1pJJ6cW1JLPqD1Xw1KGN5KG2-1bSKMnW5WjpW21V2KF8W8v-58S3MZ1HFW8b-GKg5KzH98W5s8mXV2Ds13xW4m0XBX2Q60ltW6RMKbK1QBH0ZW1CmS1d5bGvsYf29pCyv04&amp;source=gmail&amp;ust=1715964424370000&amp;usg=AOvVaw1rhnaNXb08oaizG4q-P1SF\">Gestions des approvisionnement dans le secteur public qu\u00e9b\u00e9cois<\/a><\/p>\r\n<p><a href=\"https:\/\/info.cargo-montreal.ca\/e3t\/Ctc\/ZU+113\/d11nbd04\/VW3b992Lf0fvW1Z-V-W8W4JhPW8pQGPD5f8cnJN7Rflzb3lYMRW95jsWP6lZ3mQN3X2FgChnJ42W7hLqk6565YTZW2-Hs6n2X3PWDW38gmWx7pLXycW7fMPFx3MsCC4V8_2s57-mVldW74hVgk5y9d2hW5Bm3Hz7gGgVjW6Q7RBm5Rhgh8W7822R67B8GyjW25k-KK2chzq0W8SlTg03FfHDlW59Zj_05MSsQ4W70SvJF7PVgmHW3Kpvbr6-bc2-W14hRMB1b49CPW8vr2Gc8tHvsXW8crNFl3g02ZGW49r9V_5CgqcbW2CByCT763FG5W1hVGcj2N-g21W1ZLzzp3hpx5dW7qygvX4GVqWHN8x-V76DNH-YVSMC9f7mR4n_TQBD66Pkpv3W3-tdlH6CKrN3W5PpfHY47DwzsW5pb5g97fvgFHW5-pjXM3nXSvbf4xZ7QP04\" target=\"_blank\" rel=\"noopener\" data-saferedirecturl=\"https:\/\/www.google.com\/url?hl=fr-CA&amp;q=https:\/\/info.cargo-montreal.ca\/e3t\/Ctc\/ZU%2B113\/d11nbd04\/VW3b992Lf0fvW1Z-V-W8W4JhPW8pQGPD5f8cnJN7Rflzb3lYMRW95jsWP6lZ3mQN3X2FgChnJ42W7hLqk6565YTZW2-Hs6n2X3PWDW38gmWx7pLXycW7fMPFx3MsCC4V8_2s57-mVldW74hVgk5y9d2hW5Bm3Hz7gGgVjW6Q7RBm5Rhgh8W7822R67B8GyjW25k-KK2chzq0W8SlTg03FfHDlW59Zj_05MSsQ4W70SvJF7PVgmHW3Kpvbr6-bc2-W14hRMB1b49CPW8vr2Gc8tHvsXW8crNFl3g02ZGW49r9V_5CgqcbW2CByCT763FG5W1hVGcj2N-g21W1ZLzzp3hpx5dW7qygvX4GVqWHN8x-V76DNH-YVSMC9f7mR4n_TQBD66Pkpv3W3-tdlH6CKrN3W5PpfHY47DwzsW5pb5g97fvgFHW5-pjXM3nXSvbf4xZ7QP04&amp;source=gmail&amp;ust=1715964424371000&amp;usg=AOvVaw3DkRKwQLNOlq__Up8NKVp9\">Logistique du transport<\/a>\u00a0<\/p>\r\n<p align=\"left\"><a href=\"https:\/\/info.cargo-montreal.ca\/e3t\/Ctc\/ZU+113\/d11nbd04\/VW3b992Lf0fvW1Z-V-W8W4JhPW8pQGPD5f8cnJN7Rflxq5kvg0W5BWr2F6lZ3q6W9gWfsT5RZ76VW33x0Jm8cs7wyW7cN3ZY5CZNFTW2LVP8-8B0KNXW2t_wNG4VWq2KW3W3clP24m1zvN1Vncr5hV5hVW7dmpmK6H-JNXVKSBZp4QK2BgW4cN-595bb1CSW4ZMRkM8MMhYNW30G1fX6plKs7W6PygVC6DwFnsW5fF-_98DdRCrW7y6c7t34qdCYW7T98qj6bd7JFW9l91nJ67YbZmV_7QRF6hVdK5V4VW108X9KK7W4sGV9d5LCLgtW84-0JK7K41JVW8cvKNY4XcfyLW859T9T8_b-b2W4mMvRv6BGspjW48rxfn5VsyZTW5QYR5k3qp7s2W4QQs7k3GMM5sN1gpyrjDNP3ZN1MMZJP1K38tW2SdPKL3zm_VMW6z2l3l1c6DqgW7YzVvg31gf5NW7Hhmqw6lb2_pVYYb2P2xn9tCf8qbcLP04\" target=\"_blank\" rel=\"noopener\" data-saferedirecturl=\"https:\/\/www.google.com\/url?hl=fr-CA&amp;q=https:\/\/info.cargo-montreal.ca\/e3t\/Ctc\/ZU%2B113\/d11nbd04\/VW3b992Lf0fvW1Z-V-W8W4JhPW8pQGPD5f8cnJN7Rflxq5kvg0W5BWr2F6lZ3q6W9gWfsT5RZ76VW33x0Jm8cs7wyW7cN3ZY5CZNFTW2LVP8-8B0KNXW2t_wNG4VWq2KW3W3clP24m1zvN1Vncr5hV5hVW7dmpmK6H-JNXVKSBZp4QK2BgW4cN-595bb1CSW4ZMRkM8MMhYNW30G1fX6plKs7W6PygVC6DwFnsW5fF-_98DdRCrW7y6c7t34qdCYW7T98qj6bd7JFW9l91nJ67YbZmV_7QRF6hVdK5V4VW108X9KK7W4sGV9d5LCLgtW84-0JK7K41JVW8cvKNY4XcfyLW859T9T8_b-b2W4mMvRv6BGspjW48rxfn5VsyZTW5QYR5k3qp7s2W4QQs7k3GMM5sN1gpyrjDNP3ZN1MMZJP1K38tW2SdPKL3zm_VMW6z2l3l1c6DqgW7YzVvg31gf5NW7Hhmqw6lb2_pVYYb2P2xn9tCf8qbcLP04&amp;source=gmail&amp;ust=1715964424371000&amp;usg=AOvVaw3b3nVaulVpaG2pV0bPZhFX\">Sp\u00e9cialiste \u00e0 la r\u00e9partition en transport et logistique<\/a>\u00a0<\/p>\r\n<p><strong>Montez de niveau<\/strong><\/p>\r\n<p align=\"justify\">Ces formations professionnelles et techniques \u00e0 temps partiel sont propos\u00e9es sur l&rsquo;\u00eele de Montr\u00e9al, s&rsquo;adressant aussi bien aux personnes employ\u00e9es qu&rsquo;\u00e0 celles sans emploi. Elles b\u00e9n\u00e9ficient du soutien financier du gouvernement du Qu\u00e9bec, dans le cadre de son programme \u00ab\u00a0<a href=\"https:\/\/info.cargo-montreal.ca\/e3t\/Ctc\/ZU+113\/d11nbd04\/VW3b992Lf0fvW1Z-V-W8W4JhPW8pQGPD5f8cnJN7Rflxq5kvg0W5BWr2F6lZ3pnW2SJqwk6FxBQnW1kKwqN7NtXktW6fJKcz8RdvnmVlC4Gw27Cc5KW5YsPjC7JtGp2N6y6qRkzgBXnW4Pg7Ng6wnG3NMs-76n9R18qW3hDnl22Kl2j-N8qdZ8V2gTqqW9gc_VH9hKVMpW4DR8pd8BPY48W8Hft7q3zpYF8N38bXND3t9DDW5MB3x06WtmvwW4bfw2x2_WgNcW94ymcz7BX_z9V775Yn1r5Nz7W1KWMGV5Kk9M-V74bpS6NNPGgW4jxC7T7-ZLYHW1FxnnG16Q58wW5Zz5H21YW8LFW7fvvS16CfDlhW1304-g1W0MtHW7GcFgy2hbXpgW7V04ZP48ZNm0N66m8ywxt39cVl5-br3Rm0L9W9h05L14x9lsxW4cyhbm4QY92MW6jtfch8R9DlwW5ZG00P6vNXKmW11BSBr8wxfWNf6_LW4W04\" target=\"_blank\" rel=\"noopener\" data-saferedirecturl=\"https:\/\/www.google.com\/url?hl=fr-CA&amp;q=https:\/\/info.cargo-montreal.ca\/e3t\/Ctc\/ZU%2B113\/d11nbd04\/VW3b992Lf0fvW1Z-V-W8W4JhPW8pQGPD5f8cnJN7Rflxq5kvg0W5BWr2F6lZ3pnW2SJqwk6FxBQnW1kKwqN7NtXktW6fJKcz8RdvnmVlC4Gw27Cc5KW5YsPjC7JtGp2N6y6qRkzgBXnW4Pg7Ng6wnG3NMs-76n9R18qW3hDnl22Kl2j-N8qdZ8V2gTqqW9gc_VH9hKVMpW4DR8pd8BPY48W8Hft7q3zpYF8N38bXND3t9DDW5MB3x06WtmvwW4bfw2x2_WgNcW94ymcz7BX_z9V775Yn1r5Nz7W1KWMGV5Kk9M-V74bpS6NNPGgW4jxC7T7-ZLYHW1FxnnG16Q58wW5Zz5H21YW8LFW7fvvS16CfDlhW1304-g1W0MtHW7GcFgy2hbXpgW7V04ZP48ZNm0N66m8ywxt39cVl5-br3Rm0L9W9h05L14x9lsxW4cyhbm4QY92MW6jtfch8R9DlwW5ZG00P6vNXKmW11BSBr8wxfWNf6_LW4W04&amp;source=gmail&amp;ust=1715964424371000&amp;usg=AOvVaw0dWBZZy2srt846muYZ2LMk\">Montez de niveau<\/a>\u00a0\u00bb.<\/p>","protected":false},"excerpt":{"rendered":"Perfectionnement\u00a0 25 mai au 27 juin 2024\u00a0\u2013\u00a0Les processus d\u2019import-export au Canada 27 et 29 mai\u00a0\u2013\u00a0Sensibilisation \u00e0 la s\u00e9curit\u00e9 laser 27 mai au 5 juin \u2013\u00a0Responsable en s\u00e9curit\u00e9 laser Reconnaissance des acquis et des comp\u00e9tences (RAC) Gestions des approvisionnement dans le secteur public qu\u00e9b\u00e9cois Logistique du transport\u00a0 Sp\u00e9cialiste \u00e0 la r\u00e9partition en transport et logistique\u00a0 Montez [&hellip;]","protected":false},"author":39,"featured_media":16864,"comment_status":"closed","ping_status":"closed","sticky":false,"template":"","format":"standard","meta":{"_acf_changed":false,"footnotes":""},"categories":[20],"tags":[],"class_list":["post-16988","post","type-post","status-publish","format-standard","has-post-thumbnail","hentry","category-services-logistiques"],"acf":[],"yoast_head":"<!-- This site is optimized with the Yoast SEO plugin v27.3 - https:\/\/yoast.com\/product\/yoast-seo-wordpress\/ -->\n<title>Formation : C\u00e9gep Andr\u00e9-Laurendeau - CargoM<\/title>\n<meta name=\"robots\" content=\"index, follow, max-snippet:-1, max-image-preview:large, max-video-preview:-1\" \/>\n<link rel=\"canonical\" href=\"https:\/\/www.cargo-montreal.ca\/fr\/formation-cegep-andre-laurendeau-2\/\" \/>\n<meta property=\"og:locale\" content=\"fr_FR\" \/>\n<meta property=\"og:type\" content=\"article\" \/>\n<meta property=\"og:title\" content=\"Formation : C\u00e9gep Andr\u00e9-Laurendeau - CargoM\" \/>\n<meta property=\"og:description\" content=\"Perfectionnement\u00a0 25 mai au 27 juin 2024\u00a0\u2013\u00a0Les processus d\u2019import-export au Canada 27 et 29 mai\u00a0\u2013\u00a0Sensibilisation \u00e0 la s\u00e9curit\u00e9 laser 27 mai au 5 juin \u2013\u00a0Responsable en s\u00e9curit\u00e9 laser Reconnaissance des acquis et des comp\u00e9tences (RAC) Gestions des approvisionnement dans le secteur public qu\u00e9b\u00e9cois Logistique du transport\u00a0 Sp\u00e9cialiste \u00e0 la r\u00e9partition en transport et logistique\u00a0 Montez [&hellip;]\" \/>\n<meta property=\"og:url\" content=\"https:\/\/www.cargo-montreal.ca\/fr\/formation-cegep-andre-laurendeau-2\/\" \/>\n<meta property=\"og:site_name\" content=\"CargoM\" \/>\n<meta property=\"article:published_time\" content=\"2024-05-16T17:13:08+00:00\" \/>\n<meta property=\"og:image\" content=\"https:\/\/www.cargo-montreal.ca\/wp-content\/uploads\/2024\/04\/FormationsCAL-1.png\" \/>\n\t<meta property=\"og:image:width\" content=\"1112\" \/>\n\t<meta property=\"og:image:height\" content=\"628\" \/>\n\t<meta property=\"og:image:type\" content=\"image\/png\" \/>\n<meta name=\"author\" content=\"Karine Dudognon\" \/>\n<meta name=\"twitter:card\" content=\"summary_large_image\" \/>\n<meta name=\"twitter:label1\" content=\"\u00c9crit par\" \/>\n\t<meta name=\"twitter:data1\" content=\"Karine Dudognon\" \/>\n\t<meta name=\"twitter:label2\" content=\"Dur\u00e9e de lecture estim\u00e9e\" \/>\n\t<meta name=\"twitter:data2\" content=\"1 minute\" \/>\n<script type=\"application\/ld+json\" class=\"yoast-schema-graph\">{\"@context\":\"https:\\\/\\\/schema.org\",\"@graph\":[{\"@type\":\"Article\",\"@id\":\"https:\\\/\\\/www.cargo-montreal.ca\\\/fr\\\/formation-cegep-andre-laurendeau-2\\\/#article\",\"isPartOf\":{\"@id\":\"https:\\\/\\\/www.cargo-montreal.ca\\\/fr\\\/formation-cegep-andre-laurendeau-2\\\/\"},\"author\":{\"name\":\"Karine Dudognon\",\"@id\":\"https:\\\/\\\/www.cargo-montreal.ca\\\/fr\\\/#\\\/schema\\\/person\\\/80476d173ce654813db9fd1533901365\"},\"headline\":\"Formation : C\u00e9gep Andr\u00e9-Laurendeau\",\"datePublished\":\"2024-05-16T17:13:08+00:00\",\"mainEntityOfPage\":{\"@id\":\"https:\\\/\\\/www.cargo-montreal.ca\\\/fr\\\/formation-cegep-andre-laurendeau-2\\\/\"},\"wordCount\":112,\"image\":{\"@id\":\"https:\\\/\\\/www.cargo-montreal.ca\\\/fr\\\/formation-cegep-andre-laurendeau-2\\\/#primaryimage\"},\"thumbnailUrl\":\"https:\\\/\\\/www.cargo-montreal.ca\\\/wp-content\\\/uploads\\\/2024\\\/04\\\/FormationsCAL-1.png\",\"articleSection\":[\"Services logistiques\"],\"inLanguage\":\"fr-FR\"},{\"@type\":\"WebPage\",\"@id\":\"https:\\\/\\\/www.cargo-montreal.ca\\\/fr\\\/formation-cegep-andre-laurendeau-2\\\/\",\"url\":\"https:\\\/\\\/www.cargo-montreal.ca\\\/fr\\\/formation-cegep-andre-laurendeau-2\\\/\",\"name\":\"Formation : C\u00e9gep Andr\u00e9-Laurendeau - CargoM\",\"isPartOf\":{\"@id\":\"https:\\\/\\\/www.cargo-montreal.ca\\\/fr\\\/#website\"},\"primaryImageOfPage\":{\"@id\":\"https:\\\/\\\/www.cargo-montreal.ca\\\/fr\\\/formation-cegep-andre-laurendeau-2\\\/#primaryimage\"},\"image\":{\"@id\":\"https:\\\/\\\/www.cargo-montreal.ca\\\/fr\\\/formation-cegep-andre-laurendeau-2\\\/#primaryimage\"},\"thumbnailUrl\":\"https:\\\/\\\/www.cargo-montreal.ca\\\/wp-content\\\/uploads\\\/2024\\\/04\\\/FormationsCAL-1.png\",\"datePublished\":\"2024-05-16T17:13:08+00:00\",\"author\":{\"@id\":\"https:\\\/\\\/www.cargo-montreal.ca\\\/fr\\\/#\\\/schema\\\/person\\\/80476d173ce654813db9fd1533901365\"},\"breadcrumb\":{\"@id\":\"https:\\\/\\\/www.cargo-montreal.ca\\\/fr\\\/formation-cegep-andre-laurendeau-2\\\/#breadcrumb\"},\"inLanguage\":\"fr-FR\",\"potentialAction\":[{\"@type\":\"ReadAction\",\"target\":[\"https:\\\/\\\/www.cargo-montreal.ca\\\/fr\\\/formation-cegep-andre-laurendeau-2\\\/\"]}]},{\"@type\":\"ImageObject\",\"inLanguage\":\"fr-FR\",\"@id\":\"https:\\\/\\\/www.cargo-montreal.ca\\\/fr\\\/formation-cegep-andre-laurendeau-2\\\/#primaryimage\",\"url\":\"https:\\\/\\\/www.cargo-montreal.ca\\\/wp-content\\\/uploads\\\/2024\\\/04\\\/FormationsCAL-1.png\",\"contentUrl\":\"https:\\\/\\\/www.cargo-montreal.ca\\\/wp-content\\\/uploads\\\/2024\\\/04\\\/FormationsCAL-1.png\",\"width\":1112,\"height\":628},{\"@type\":\"BreadcrumbList\",\"@id\":\"https:\\\/\\\/www.cargo-montreal.ca\\\/fr\\\/formation-cegep-andre-laurendeau-2\\\/#breadcrumb\",\"itemListElement\":[{\"@type\":\"ListItem\",\"position\":1,\"name\":\"Home\",\"item\":\"https:\\\/\\\/www.cargo-montreal.ca\\\/fr\\\/\"},{\"@type\":\"ListItem\",\"position\":2,\"name\":\"Formation : C\u00e9gep Andr\u00e9-Laurendeau\"}]},{\"@type\":\"WebSite\",\"@id\":\"https:\\\/\\\/www.cargo-montreal.ca\\\/fr\\\/#website\",\"url\":\"https:\\\/\\\/www.cargo-montreal.ca\\\/fr\\\/\",\"name\":\"CargoM\",\"description\":\"La mission de CargoM: Rassembler les acteurs de la logistique &amp; du transport de marchandises du Grand Montr\u00e9al autour d&#039;objectifs communs, d&#039;actions concert\u00e9es\",\"potentialAction\":[{\"@type\":\"SearchAction\",\"target\":{\"@type\":\"EntryPoint\",\"urlTemplate\":\"https:\\\/\\\/www.cargo-montreal.ca\\\/fr\\\/?s={search_term_string}\"},\"query-input\":{\"@type\":\"PropertyValueSpecification\",\"valueRequired\":true,\"valueName\":\"search_term_string\"}}],\"inLanguage\":\"fr-FR\"},{\"@type\":\"Person\",\"@id\":\"https:\\\/\\\/www.cargo-montreal.ca\\\/fr\\\/#\\\/schema\\\/person\\\/80476d173ce654813db9fd1533901365\",\"name\":\"Karine Dudognon\",\"image\":{\"@type\":\"ImageObject\",\"inLanguage\":\"fr-FR\",\"@id\":\"https:\\\/\\\/secure.gravatar.com\\\/avatar\\\/673bdfb703a9b6685a88bc7dfb04a9ea2b48b30e9d1663a5e759a4e9bfa3e2c0?s=96&d=mm&r=g\",\"url\":\"https:\\\/\\\/secure.gravatar.com\\\/avatar\\\/673bdfb703a9b6685a88bc7dfb04a9ea2b48b30e9d1663a5e759a4e9bfa3e2c0?s=96&d=mm&r=g\",\"contentUrl\":\"https:\\\/\\\/secure.gravatar.com\\\/avatar\\\/673bdfb703a9b6685a88bc7dfb04a9ea2b48b30e9d1663a5e759a4e9bfa3e2c0?s=96&d=mm&r=g\",\"caption\":\"Karine Dudognon\"},\"url\":\"https:\\\/\\\/www.cargo-montreal.ca\\\/fr\\\/author\\\/karine\\\/\"}]}<\/script>\n<!-- \/ Yoast SEO plugin. -->","yoast_head_json":{"title":"Formation : C\u00e9gep Andr\u00e9-Laurendeau - CargoM","robots":{"index":"index","follow":"follow","max-snippet":"max-snippet:-1","max-image-preview":"max-image-preview:large","max-video-preview":"max-video-preview:-1"},"canonical":"https:\/\/www.cargo-montreal.ca\/fr\/formation-cegep-andre-laurendeau-2\/","og_locale":"fr_FR","og_type":"article","og_title":"Formation : C\u00e9gep Andr\u00e9-Laurendeau - CargoM","og_description":"Perfectionnement\u00a0 25 mai au 27 juin 2024\u00a0\u2013\u00a0Les processus d\u2019import-export au Canada 27 et 29 mai\u00a0\u2013\u00a0Sensibilisation \u00e0 la s\u00e9curit\u00e9 laser 27 mai au 5 juin \u2013\u00a0Responsable en s\u00e9curit\u00e9 laser Reconnaissance des acquis et des comp\u00e9tences (RAC) Gestions des approvisionnement dans le secteur public qu\u00e9b\u00e9cois Logistique du transport\u00a0 Sp\u00e9cialiste \u00e0 la r\u00e9partition en transport et logistique\u00a0 Montez [&hellip;]","og_url":"https:\/\/www.cargo-montreal.ca\/fr\/formation-cegep-andre-laurendeau-2\/","og_site_name":"CargoM","article_published_time":"2024-05-16T17:13:08+00:00","og_image":[{"width":1112,"height":628,"url":"https:\/\/www.cargo-montreal.ca\/wp-content\/uploads\/2024\/04\/FormationsCAL-1.png","type":"image\/png"}],"author":"Karine Dudognon","twitter_card":"summary_large_image","twitter_misc":{"\u00c9crit par":"Karine Dudognon","Dur\u00e9e de lecture estim\u00e9e":"1 minute"},"schema":{"@context":"https:\/\/schema.org","@graph":[{"@type":"Article","@id":"https:\/\/www.cargo-montreal.ca\/fr\/formation-cegep-andre-laurendeau-2\/#article","isPartOf":{"@id":"https:\/\/www.cargo-montreal.ca\/fr\/formation-cegep-andre-laurendeau-2\/"},"author":{"name":"Karine Dudognon","@id":"https:\/\/www.cargo-montreal.ca\/fr\/#\/schema\/person\/80476d173ce654813db9fd1533901365"},"headline":"Formation : C\u00e9gep Andr\u00e9-Laurendeau","datePublished":"2024-05-16T17:13:08+00:00","mainEntityOfPage":{"@id":"https:\/\/www.cargo-montreal.ca\/fr\/formation-cegep-andre-laurendeau-2\/"},"wordCount":112,"image":{"@id":"https:\/\/www.cargo-montreal.ca\/fr\/formation-cegep-andre-laurendeau-2\/#primaryimage"},"thumbnailUrl":"https:\/\/www.cargo-montreal.ca\/wp-content\/uploads\/2024\/04\/FormationsCAL-1.png","articleSection":["Services logistiques"],"inLanguage":"fr-FR"},{"@type":"WebPage","@id":"https:\/\/www.cargo-montreal.ca\/fr\/formation-cegep-andre-laurendeau-2\/","url":"https:\/\/www.cargo-montreal.ca\/fr\/formation-cegep-andre-laurendeau-2\/","name":"Formation : C\u00e9gep Andr\u00e9-Laurendeau - CargoM","isPartOf":{"@id":"https:\/\/www.cargo-montreal.ca\/fr\/#website"},"primaryImageOfPage":{"@id":"https:\/\/www.cargo-montreal.ca\/fr\/formation-cegep-andre-laurendeau-2\/#primaryimage"},"image":{"@id":"https:\/\/www.cargo-montreal.ca\/fr\/formation-cegep-andre-laurendeau-2\/#primaryimage"},"thumbnailUrl":"https:\/\/www.cargo-montreal.ca\/wp-content\/uploads\/2024\/04\/FormationsCAL-1.png","datePublished":"2024-05-16T17:13:08+00:00","author":{"@id":"https:\/\/www.cargo-montreal.ca\/fr\/#\/schema\/person\/80476d173ce654813db9fd1533901365"},"breadcrumb":{"@id":"https:\/\/www.cargo-montreal.ca\/fr\/formation-cegep-andre-laurendeau-2\/#breadcrumb"},"inLanguage":"fr-FR","potentialAction":[{"@type":"ReadAction","target":["https:\/\/www.cargo-montreal.ca\/fr\/formation-cegep-andre-laurendeau-2\/"]}]},{"@type":"ImageObject","inLanguage":"fr-FR","@id":"https:\/\/www.cargo-montreal.ca\/fr\/formation-cegep-andre-laurendeau-2\/#primaryimage","url":"https:\/\/www.cargo-montreal.ca\/wp-content\/uploads\/2024\/04\/FormationsCAL-1.png","contentUrl":"https:\/\/www.cargo-montreal.ca\/wp-content\/uploads\/2024\/04\/FormationsCAL-1.png","width":1112,"height":628},{"@type":"BreadcrumbList","@id":"https:\/\/www.cargo-montreal.ca\/fr\/formation-cegep-andre-laurendeau-2\/#breadcrumb","itemListElement":[{"@type":"ListItem","position":1,"name":"Home","item":"https:\/\/www.cargo-montreal.ca\/fr\/"},{"@type":"ListItem","position":2,"name":"Formation : C\u00e9gep Andr\u00e9-Laurendeau"}]},{"@type":"WebSite","@id":"https:\/\/www.cargo-montreal.ca\/fr\/#website","url":"https:\/\/www.cargo-montreal.ca\/fr\/","name":"CargoM","description":"La mission de CargoM: Rassembler les acteurs de la logistique &amp; du transport de marchandises du Grand Montr\u00e9al autour d&#039;objectifs communs, d&#039;actions concert\u00e9es","potentialAction":[{"@type":"SearchAction","target":{"@type":"EntryPoint","urlTemplate":"https:\/\/www.cargo-montreal.ca\/fr\/?s={search_term_string}"},"query-input":{"@type":"PropertyValueSpecification","valueRequired":true,"valueName":"search_term_string"}}],"inLanguage":"fr-FR"},{"@type":"Person","@id":"https:\/\/www.cargo-montreal.ca\/fr\/#\/schema\/person\/80476d173ce654813db9fd1533901365","name":"Karine Dudognon","image":{"@type":"ImageObject","inLanguage":"fr-FR","@id":"https:\/\/secure.gravatar.com\/avatar\/673bdfb703a9b6685a88bc7dfb04a9ea2b48b30e9d1663a5e759a4e9bfa3e2c0?s=96&d=mm&r=g","url":"https:\/\/secure.gravatar.com\/avatar\/673bdfb703a9b6685a88bc7dfb04a9ea2b48b30e9d1663a5e759a4e9bfa3e2c0?s=96&d=mm&r=g","contentUrl":"https:\/\/secure.gravatar.com\/avatar\/673bdfb703a9b6685a88bc7dfb04a9ea2b48b30e9d1663a5e759a4e9bfa3e2c0?s=96&d=mm&r=g","caption":"Karine Dudognon"},"url":"https:\/\/www.cargo-montreal.ca\/fr\/author\/karine\/"}]}},"_links":{"self":[{"href":"https:\/\/www.cargo-montreal.ca\/fr\/wp-json\/wp\/v2\/posts\/16988","targetHints":{"allow":["GET"]}}],"collection":[{"href":"https:\/\/www.cargo-montreal.ca\/fr\/wp-json\/wp\/v2\/posts"}],"about":[{"href":"https:\/\/www.cargo-montreal.ca\/fr\/wp-json\/wp\/v2\/types\/post"}],"author":[{"embeddable":true,"href":"https:\/\/www.cargo-montreal.ca\/fr\/wp-json\/wp\/v2\/users\/39"}],"replies":[{"embeddable":true,"href":"https:\/\/www.cargo-montreal.ca\/fr\/wp-json\/wp\/v2\/comments?post=16988"}],"version-history":[{"count":1,"href":"https:\/\/www.cargo-montreal.ca\/fr\/wp-json\/wp\/v2\/posts\/16988\/revisions"}],"predecessor-version":[{"id":16989,"href":"https:\/\/www.cargo-montreal.ca\/fr\/wp-json\/wp\/v2\/posts\/16988\/revisions\/16989"}],"wp:featuredmedia":[{"embeddable":true,"href":"https:\/\/www.cargo-montreal.ca\/fr\/wp-json\/wp\/v2\/media\/16864"}],"wp:attachment":[{"href":"https:\/\/www.cargo-montreal.ca\/fr\/wp-json\/wp\/v2\/media?parent=16988"}],"wp:term":[{"taxonomy":"category","embeddable":true,"href":"https:\/\/www.cargo-montreal.ca\/fr\/wp-json\/wp\/v2\/categories?post=16988"},{"taxonomy":"post_tag","embeddable":true,"href":"https:\/\/www.cargo-montreal.ca\/fr\/wp-json\/wp\/v2\/tags?post=16988"}],"curies":[{"name":"wp","href":"https:\/\/api.w.org\/{rel}","templated":true}]}}