{"id":17129,"date":"2024-06-19T16:40:15","date_gmt":"2024-06-19T16:40:15","guid":{"rendered":"https:\/\/www.cargo-montreal.ca\/?p=17129"},"modified":"2024-06-19T16:40:15","modified_gmt":"2024-06-19T16:40:15","slug":"la-flotte-desgagnes-sagrandit-encore","status":"publish","type":"post","link":"https:\/\/www.cargo-montreal.ca\/fr\/la-flotte-desgagnes-sagrandit-encore\/","title":{"rendered":"La flotte Desgagn\u00e9s s&rsquo;agrandit encore"},"content":{"rendered":"<p><a href=\"https:\/\/desgagnes.com\/fr\/\" target=\"_blank\" rel=\"noopener\" data-hs-link-id=\"0\">Desgagn\u00e9s<\/a>\u00a0est heureuse et tr\u00e8s fi\u00e8re d&rsquo;annoncer l&rsquo;ajout de deux navires \u00e0 sa flotte. Acquis de son partenaire d&rsquo;affaires allemand de longue date, Briese Schiffahrts, aussi connu par sa division commerciale BBC Chartering, ces navires sont destin\u00e9s \u00e0 desservir les communaut\u00e9s et les industries isol\u00e9es de l&rsquo;Arctique canadien, tant au Nunavut qu&rsquo;au Nunavik, ainsi que le march\u00e9 international.<\/p>\r\n<p align=\"justify\">Le premier a mouill\u00e9 au port de Trois-Rivi\u00e8res au cours de la semaine du 10 juin, o\u00f9 il a \u00e9t\u00e9 mis sous pavillon canadien pour ensuite d\u00e9buter sa saison dans l&rsquo;Arctique. La livraison du second navire se fera \u00e0 Gdansk en Pologne au cours de la semaine du 17 juin, et ce dernier continuera sa mission sur le march\u00e9 international.<\/p>\r\n<p align=\"justify\">Dans le but de mettre en valeur l&rsquo;apport des femmes \u0153uvrant souvent dans l&rsquo;ombre, mais dont la contribution \u00e0 l&rsquo;\u00e9volution de la compagnie a \u00e9t\u00e9 importante, les navires BBC Arkhangelsk et BBC Russia seront respectivement renomm\u00e9s Annette A. Desgagn\u00e9s et Berthe A. Desgagn\u00e9s, en hommage aux \u00e9pouses de deux des trois fondateurs du groupe.<\/p>\r\n<p><a href=\"https:\/\/www.newswire.ca\/fr\/news-releases\/la-flotte-desgagnes-s-agrandit-encore-869040443.html\" target=\"_blank\" rel=\"noopener\" data-hs-link-id=\"1\">Lire le communiqu\u00e9 de presse<\/a><\/p>\r\n<p>Source\u00a0: Desgagn\u00e9s<\/p>","protected":false},"excerpt":{"rendered":"Desgagn\u00e9s\u00a0est heureuse et tr\u00e8s fi\u00e8re d&rsquo;annoncer l&rsquo;ajout de deux navires \u00e0 sa flotte. Acquis de son partenaire d&rsquo;affaires allemand de longue date, Briese Schiffahrts, aussi connu par sa division commerciale BBC Chartering, ces navires sont destin\u00e9s \u00e0 desservir les communaut\u00e9s et les industries isol\u00e9es de l&rsquo;Arctique canadien, tant au Nunavut qu&rsquo;au Nunavik, ainsi que le [&hellip;]","protected":false},"author":39,"featured_media":17085,"comment_status":"closed","ping_status":"closed","sticky":false,"template":"","format":"standard","meta":{"_acf_changed":false,"footnotes":""},"categories":[20],"tags":[],"class_list":["post-17129","post","type-post","status-publish","format-standard","has-post-thumbnail","hentry","category-services-logistiques"],"acf":[],"yoast_head":"<!-- This site is optimized with the Yoast SEO plugin v27.3 - https:\/\/yoast.com\/product\/yoast-seo-wordpress\/ -->\n<title>La flotte Desgagn\u00e9s s&#039;agrandit encore - CargoM<\/title>\n<meta name=\"robots\" content=\"index, follow, max-snippet:-1, max-image-preview:large, max-video-preview:-1\" \/>\n<link rel=\"canonical\" href=\"https:\/\/www.cargo-montreal.ca\/fr\/la-flotte-desgagnes-sagrandit-encore\/\" \/>\n<meta property=\"og:locale\" content=\"fr_FR\" \/>\n<meta property=\"og:type\" content=\"article\" \/>\n<meta property=\"og:title\" content=\"La flotte Desgagn\u00e9s s&#039;agrandit encore - CargoM\" \/>\n<meta property=\"og:description\" content=\"Desgagn\u00e9s\u00a0est heureuse et tr\u00e8s fi\u00e8re d&rsquo;annoncer l&rsquo;ajout de deux navires \u00e0 sa flotte. Acquis de son partenaire d&rsquo;affaires allemand de longue date, Briese Schiffahrts, aussi connu par sa division commerciale BBC Chartering, ces navires sont destin\u00e9s \u00e0 desservir les communaut\u00e9s et les industries isol\u00e9es de l&rsquo;Arctique canadien, tant au Nunavut qu&rsquo;au Nunavik, ainsi que le [&hellip;]\" \/>\n<meta property=\"og:url\" content=\"https:\/\/www.cargo-montreal.ca\/fr\/la-flotte-desgagnes-sagrandit-encore\/\" \/>\n<meta property=\"og:site_name\" content=\"CargoM\" \/>\n<meta property=\"article:published_time\" content=\"2024-06-19T16:40:15+00:00\" \/>\n<meta property=\"og:image\" content=\"https:\/\/www.cargo-montreal.ca\/wp-content\/uploads\/2024\/06\/Capture-decran-2024-06-17-104044.png\" \/>\n\t<meta property=\"og:image:width\" content=\"875\" \/>\n\t<meta property=\"og:image:height\" content=\"553\" \/>\n\t<meta property=\"og:image:type\" content=\"image\/png\" \/>\n<meta name=\"author\" content=\"Karine Dudognon\" \/>\n<meta name=\"twitter:card\" content=\"summary_large_image\" \/>\n<meta name=\"twitter:label1\" content=\"\u00c9crit par\" \/>\n\t<meta name=\"twitter:data1\" content=\"Karine Dudognon\" \/>\n\t<meta name=\"twitter:label2\" content=\"Dur\u00e9e de lecture estim\u00e9e\" \/>\n\t<meta name=\"twitter:data2\" content=\"1 minute\" \/>\n<script type=\"application\/ld+json\" class=\"yoast-schema-graph\">{\"@context\":\"https:\\\/\\\/schema.org\",\"@graph\":[{\"@type\":\"Article\",\"@id\":\"https:\\\/\\\/www.cargo-montreal.ca\\\/fr\\\/la-flotte-desgagnes-sagrandit-encore\\\/#article\",\"isPartOf\":{\"@id\":\"https:\\\/\\\/www.cargo-montreal.ca\\\/fr\\\/la-flotte-desgagnes-sagrandit-encore\\\/\"},\"author\":{\"name\":\"Karine Dudognon\",\"@id\":\"https:\\\/\\\/www.cargo-montreal.ca\\\/fr\\\/#\\\/schema\\\/person\\\/80476d173ce654813db9fd1533901365\"},\"headline\":\"La flotte Desgagn\u00e9s s&rsquo;agrandit encore\",\"datePublished\":\"2024-06-19T16:40:15+00:00\",\"mainEntityOfPage\":{\"@id\":\"https:\\\/\\\/www.cargo-montreal.ca\\\/fr\\\/la-flotte-desgagnes-sagrandit-encore\\\/\"},\"wordCount\":201,\"image\":{\"@id\":\"https:\\\/\\\/www.cargo-montreal.ca\\\/fr\\\/la-flotte-desgagnes-sagrandit-encore\\\/#primaryimage\"},\"thumbnailUrl\":\"https:\\\/\\\/www.cargo-montreal.ca\\\/wp-content\\\/uploads\\\/2024\\\/06\\\/Capture-decran-2024-06-17-104044.png\",\"articleSection\":[\"Services logistiques\"],\"inLanguage\":\"fr-FR\"},{\"@type\":\"WebPage\",\"@id\":\"https:\\\/\\\/www.cargo-montreal.ca\\\/fr\\\/la-flotte-desgagnes-sagrandit-encore\\\/\",\"url\":\"https:\\\/\\\/www.cargo-montreal.ca\\\/fr\\\/la-flotte-desgagnes-sagrandit-encore\\\/\",\"name\":\"La flotte Desgagn\u00e9s s'agrandit encore - CargoM\",\"isPartOf\":{\"@id\":\"https:\\\/\\\/www.cargo-montreal.ca\\\/fr\\\/#website\"},\"primaryImageOfPage\":{\"@id\":\"https:\\\/\\\/www.cargo-montreal.ca\\\/fr\\\/la-flotte-desgagnes-sagrandit-encore\\\/#primaryimage\"},\"image\":{\"@id\":\"https:\\\/\\\/www.cargo-montreal.ca\\\/fr\\\/la-flotte-desgagnes-sagrandit-encore\\\/#primaryimage\"},\"thumbnailUrl\":\"https:\\\/\\\/www.cargo-montreal.ca\\\/wp-content\\\/uploads\\\/2024\\\/06\\\/Capture-decran-2024-06-17-104044.png\",\"datePublished\":\"2024-06-19T16:40:15+00:00\",\"author\":{\"@id\":\"https:\\\/\\\/www.cargo-montreal.ca\\\/fr\\\/#\\\/schema\\\/person\\\/80476d173ce654813db9fd1533901365\"},\"breadcrumb\":{\"@id\":\"https:\\\/\\\/www.cargo-montreal.ca\\\/fr\\\/la-flotte-desgagnes-sagrandit-encore\\\/#breadcrumb\"},\"inLanguage\":\"fr-FR\",\"potentialAction\":[{\"@type\":\"ReadAction\",\"target\":[\"https:\\\/\\\/www.cargo-montreal.ca\\\/fr\\\/la-flotte-desgagnes-sagrandit-encore\\\/\"]}]},{\"@type\":\"ImageObject\",\"inLanguage\":\"fr-FR\",\"@id\":\"https:\\\/\\\/www.cargo-montreal.ca\\\/fr\\\/la-flotte-desgagnes-sagrandit-encore\\\/#primaryimage\",\"url\":\"https:\\\/\\\/www.cargo-montreal.ca\\\/wp-content\\\/uploads\\\/2024\\\/06\\\/Capture-decran-2024-06-17-104044.png\",\"contentUrl\":\"https:\\\/\\\/www.cargo-montreal.ca\\\/wp-content\\\/uploads\\\/2024\\\/06\\\/Capture-decran-2024-06-17-104044.png\",\"width\":875,\"height\":553},{\"@type\":\"BreadcrumbList\",\"@id\":\"https:\\\/\\\/www.cargo-montreal.ca\\\/fr\\\/la-flotte-desgagnes-sagrandit-encore\\\/#breadcrumb\",\"itemListElement\":[{\"@type\":\"ListItem\",\"position\":1,\"name\":\"Home\",\"item\":\"https:\\\/\\\/www.cargo-montreal.ca\\\/fr\\\/\"},{\"@type\":\"ListItem\",\"position\":2,\"name\":\"La flotte Desgagn\u00e9s s&#8217;agrandit encore\"}]},{\"@type\":\"WebSite\",\"@id\":\"https:\\\/\\\/www.cargo-montreal.ca\\\/fr\\\/#website\",\"url\":\"https:\\\/\\\/www.cargo-montreal.ca\\\/fr\\\/\",\"name\":\"CargoM\",\"description\":\"La mission de CargoM: Rassembler les acteurs de la logistique &amp; du transport de marchandises du Grand Montr\u00e9al autour d&#039;objectifs communs, d&#039;actions concert\u00e9es\",\"potentialAction\":[{\"@type\":\"SearchAction\",\"target\":{\"@type\":\"EntryPoint\",\"urlTemplate\":\"https:\\\/\\\/www.cargo-montreal.ca\\\/fr\\\/?s={search_term_string}\"},\"query-input\":{\"@type\":\"PropertyValueSpecification\",\"valueRequired\":true,\"valueName\":\"search_term_string\"}}],\"inLanguage\":\"fr-FR\"},{\"@type\":\"Person\",\"@id\":\"https:\\\/\\\/www.cargo-montreal.ca\\\/fr\\\/#\\\/schema\\\/person\\\/80476d173ce654813db9fd1533901365\",\"name\":\"Karine Dudognon\",\"image\":{\"@type\":\"ImageObject\",\"inLanguage\":\"fr-FR\",\"@id\":\"https:\\\/\\\/secure.gravatar.com\\\/avatar\\\/673bdfb703a9b6685a88bc7dfb04a9ea2b48b30e9d1663a5e759a4e9bfa3e2c0?s=96&d=mm&r=g\",\"url\":\"https:\\\/\\\/secure.gravatar.com\\\/avatar\\\/673bdfb703a9b6685a88bc7dfb04a9ea2b48b30e9d1663a5e759a4e9bfa3e2c0?s=96&d=mm&r=g\",\"contentUrl\":\"https:\\\/\\\/secure.gravatar.com\\\/avatar\\\/673bdfb703a9b6685a88bc7dfb04a9ea2b48b30e9d1663a5e759a4e9bfa3e2c0?s=96&d=mm&r=g\",\"caption\":\"Karine Dudognon\"},\"url\":\"https:\\\/\\\/www.cargo-montreal.ca\\\/fr\\\/author\\\/karine\\\/\"}]}<\/script>\n<!-- \/ Yoast SEO plugin. -->","yoast_head_json":{"title":"La flotte Desgagn\u00e9s s'agrandit encore - CargoM","robots":{"index":"index","follow":"follow","max-snippet":"max-snippet:-1","max-image-preview":"max-image-preview:large","max-video-preview":"max-video-preview:-1"},"canonical":"https:\/\/www.cargo-montreal.ca\/fr\/la-flotte-desgagnes-sagrandit-encore\/","og_locale":"fr_FR","og_type":"article","og_title":"La flotte Desgagn\u00e9s s'agrandit encore - CargoM","og_description":"Desgagn\u00e9s\u00a0est heureuse et tr\u00e8s fi\u00e8re d&rsquo;annoncer l&rsquo;ajout de deux navires \u00e0 sa flotte. Acquis de son partenaire d&rsquo;affaires allemand de longue date, Briese Schiffahrts, aussi connu par sa division commerciale BBC Chartering, ces navires sont destin\u00e9s \u00e0 desservir les communaut\u00e9s et les industries isol\u00e9es de l&rsquo;Arctique canadien, tant au Nunavut qu&rsquo;au Nunavik, ainsi que le [&hellip;]","og_url":"https:\/\/www.cargo-montreal.ca\/fr\/la-flotte-desgagnes-sagrandit-encore\/","og_site_name":"CargoM","article_published_time":"2024-06-19T16:40:15+00:00","og_image":[{"width":875,"height":553,"url":"https:\/\/www.cargo-montreal.ca\/wp-content\/uploads\/2024\/06\/Capture-decran-2024-06-17-104044.png","type":"image\/png"}],"author":"Karine Dudognon","twitter_card":"summary_large_image","twitter_misc":{"\u00c9crit par":"Karine Dudognon","Dur\u00e9e de lecture estim\u00e9e":"1 minute"},"schema":{"@context":"https:\/\/schema.org","@graph":[{"@type":"Article","@id":"https:\/\/www.cargo-montreal.ca\/fr\/la-flotte-desgagnes-sagrandit-encore\/#article","isPartOf":{"@id":"https:\/\/www.cargo-montreal.ca\/fr\/la-flotte-desgagnes-sagrandit-encore\/"},"author":{"name":"Karine Dudognon","@id":"https:\/\/www.cargo-montreal.ca\/fr\/#\/schema\/person\/80476d173ce654813db9fd1533901365"},"headline":"La flotte Desgagn\u00e9s s&rsquo;agrandit encore","datePublished":"2024-06-19T16:40:15+00:00","mainEntityOfPage":{"@id":"https:\/\/www.cargo-montreal.ca\/fr\/la-flotte-desgagnes-sagrandit-encore\/"},"wordCount":201,"image":{"@id":"https:\/\/www.cargo-montreal.ca\/fr\/la-flotte-desgagnes-sagrandit-encore\/#primaryimage"},"thumbnailUrl":"https:\/\/www.cargo-montreal.ca\/wp-content\/uploads\/2024\/06\/Capture-decran-2024-06-17-104044.png","articleSection":["Services logistiques"],"inLanguage":"fr-FR"},{"@type":"WebPage","@id":"https:\/\/www.cargo-montreal.ca\/fr\/la-flotte-desgagnes-sagrandit-encore\/","url":"https:\/\/www.cargo-montreal.ca\/fr\/la-flotte-desgagnes-sagrandit-encore\/","name":"La flotte Desgagn\u00e9s s'agrandit encore - CargoM","isPartOf":{"@id":"https:\/\/www.cargo-montreal.ca\/fr\/#website"},"primaryImageOfPage":{"@id":"https:\/\/www.cargo-montreal.ca\/fr\/la-flotte-desgagnes-sagrandit-encore\/#primaryimage"},"image":{"@id":"https:\/\/www.cargo-montreal.ca\/fr\/la-flotte-desgagnes-sagrandit-encore\/#primaryimage"},"thumbnailUrl":"https:\/\/www.cargo-montreal.ca\/wp-content\/uploads\/2024\/06\/Capture-decran-2024-06-17-104044.png","datePublished":"2024-06-19T16:40:15+00:00","author":{"@id":"https:\/\/www.cargo-montreal.ca\/fr\/#\/schema\/person\/80476d173ce654813db9fd1533901365"},"breadcrumb":{"@id":"https:\/\/www.cargo-montreal.ca\/fr\/la-flotte-desgagnes-sagrandit-encore\/#breadcrumb"},"inLanguage":"fr-FR","potentialAction":[{"@type":"ReadAction","target":["https:\/\/www.cargo-montreal.ca\/fr\/la-flotte-desgagnes-sagrandit-encore\/"]}]},{"@type":"ImageObject","inLanguage":"fr-FR","@id":"https:\/\/www.cargo-montreal.ca\/fr\/la-flotte-desgagnes-sagrandit-encore\/#primaryimage","url":"https:\/\/www.cargo-montreal.ca\/wp-content\/uploads\/2024\/06\/Capture-decran-2024-06-17-104044.png","contentUrl":"https:\/\/www.cargo-montreal.ca\/wp-content\/uploads\/2024\/06\/Capture-decran-2024-06-17-104044.png","width":875,"height":553},{"@type":"BreadcrumbList","@id":"https:\/\/www.cargo-montreal.ca\/fr\/la-flotte-desgagnes-sagrandit-encore\/#breadcrumb","itemListElement":[{"@type":"ListItem","position":1,"name":"Home","item":"https:\/\/www.cargo-montreal.ca\/fr\/"},{"@type":"ListItem","position":2,"name":"La flotte Desgagn\u00e9s s&#8217;agrandit encore"}]},{"@type":"WebSite","@id":"https:\/\/www.cargo-montreal.ca\/fr\/#website","url":"https:\/\/www.cargo-montreal.ca\/fr\/","name":"CargoM","description":"La mission de CargoM: Rassembler les acteurs de la logistique &amp; du transport de marchandises du Grand Montr\u00e9al autour d&#039;objectifs communs, d&#039;actions concert\u00e9es","potentialAction":[{"@type":"SearchAction","target":{"@type":"EntryPoint","urlTemplate":"https:\/\/www.cargo-montreal.ca\/fr\/?s={search_term_string}"},"query-input":{"@type":"PropertyValueSpecification","valueRequired":true,"valueName":"search_term_string"}}],"inLanguage":"fr-FR"},{"@type":"Person","@id":"https:\/\/www.cargo-montreal.ca\/fr\/#\/schema\/person\/80476d173ce654813db9fd1533901365","name":"Karine Dudognon","image":{"@type":"ImageObject","inLanguage":"fr-FR","@id":"https:\/\/secure.gravatar.com\/avatar\/673bdfb703a9b6685a88bc7dfb04a9ea2b48b30e9d1663a5e759a4e9bfa3e2c0?s=96&d=mm&r=g","url":"https:\/\/secure.gravatar.com\/avatar\/673bdfb703a9b6685a88bc7dfb04a9ea2b48b30e9d1663a5e759a4e9bfa3e2c0?s=96&d=mm&r=g","contentUrl":"https:\/\/secure.gravatar.com\/avatar\/673bdfb703a9b6685a88bc7dfb04a9ea2b48b30e9d1663a5e759a4e9bfa3e2c0?s=96&d=mm&r=g","caption":"Karine Dudognon"},"url":"https:\/\/www.cargo-montreal.ca\/fr\/author\/karine\/"}]}},"_links":{"self":[{"href":"https:\/\/www.cargo-montreal.ca\/fr\/wp-json\/wp\/v2\/posts\/17129","targetHints":{"allow":["GET"]}}],"collection":[{"href":"https:\/\/www.cargo-montreal.ca\/fr\/wp-json\/wp\/v2\/posts"}],"about":[{"href":"https:\/\/www.cargo-montreal.ca\/fr\/wp-json\/wp\/v2\/types\/post"}],"author":[{"embeddable":true,"href":"https:\/\/www.cargo-montreal.ca\/fr\/wp-json\/wp\/v2\/users\/39"}],"replies":[{"embeddable":true,"href":"https:\/\/www.cargo-montreal.ca\/fr\/wp-json\/wp\/v2\/comments?post=17129"}],"version-history":[{"count":1,"href":"https:\/\/www.cargo-montreal.ca\/fr\/wp-json\/wp\/v2\/posts\/17129\/revisions"}],"predecessor-version":[{"id":17130,"href":"https:\/\/www.cargo-montreal.ca\/fr\/wp-json\/wp\/v2\/posts\/17129\/revisions\/17130"}],"wp:featuredmedia":[{"embeddable":true,"href":"https:\/\/www.cargo-montreal.ca\/fr\/wp-json\/wp\/v2\/media\/17085"}],"wp:attachment":[{"href":"https:\/\/www.cargo-montreal.ca\/fr\/wp-json\/wp\/v2\/media?parent=17129"}],"wp:term":[{"taxonomy":"category","embeddable":true,"href":"https:\/\/www.cargo-montreal.ca\/fr\/wp-json\/wp\/v2\/categories?post=17129"},{"taxonomy":"post_tag","embeddable":true,"href":"https:\/\/www.cargo-montreal.ca\/fr\/wp-json\/wp\/v2\/tags?post=17129"}],"curies":[{"name":"wp","href":"https:\/\/api.w.org\/{rel}","templated":true}]}}