{"id":17289,"date":"2024-09-16T12:32:10","date_gmt":"2024-09-16T12:32:10","guid":{"rendered":"https:\/\/www.cargo-montreal.ca\/?p=17289"},"modified":"2024-09-16T13:22:28","modified_gmt":"2024-09-16T13:22:28","slug":"%e2%9d%97journee-carrieres-de-cargom-derniere-chance-de-vous-inscrire-aujourdhui-16-septembre-%e2%9d%97","status":"publish","type":"post","link":"https:\/\/www.cargo-montreal.ca\/fr\/%e2%9d%97journee-carrieres-de-cargom-derniere-chance-de-vous-inscrire-aujourdhui-16-septembre-%e2%9d%97\/","title":{"rendered":"\u2757JOURN\u00c9E CARRI\u00c8RES DE CARGOM : DERNI\u00c8RE CHANCE DE VOUS INSCRIRE AUJOURD&rsquo;HUI 16 SEPTEMBRE"},"content":{"rendered":"<p align=\"justify\">L\u2019\u00e9quipe de CargoM vous convie \u00e0 la 9e \u00e9dition de sa Journ\u00e9e carri\u00e8res en transport et logistique.<\/p>\r\n<p align=\"justify\">Cette ann\u00e9e, nous sommes heureux de nous associer \u00e0 l\u2019\u00c9v\u00e9nement Carri\u00e8res dans le cadre du Salon de l\u2019emploi et de la formation continue et de la Foire Nationale de l\u2019emploi qui seront r\u00e9unis sous le m\u00eame toit le mercredi 2 octobre de 12 h \u00e0 19 h et le jeudi 3 octobre de 10 h \u00e0 18 h.<\/p>\r\n<p align=\"justify\">Ce salon de l\u2019emploi regroupera plusieurs pavillons th\u00e9matiques dont un pavillon transport et logistique pr\u00e9sent\u00e9 sous la banni\u00e8re de CargoM. Plus de 20 000 visiteur\u00b7euse\u00b7s sont attendu\u00b7e\u00b7s !<\/p>\r\n<p align=\"center\">Votre entreprise recrute? Il reste encore quelques stands disponibles.<\/p>\r\n<p align=\"center\"><strong>Faites vite!<\/strong><\/p>\r\n<p align=\"center\">\u25b6\ufe0fLes membres de CargoM b\u00e9n\u00e9ficient d\u2019un rabais substantiel sur les frais d\u2019inscription.\u25c0\ufe0f<\/p>\r\n<p align=\"left\">Pour en savoir plus ou pour vous inscrire,\u00a0<a href=\"https:\/\/www.cargo-montreal.ca\/fr\/activities\/cargom-organise\/journee-carriere-cargom\/\" target=\"_blank\" rel=\"noopener\" data-hs-link-id=\"1\">visitez le site de CargoM<\/a>.\u00a0<\/p>","protected":false},"excerpt":{"rendered":"L\u2019\u00e9quipe de CargoM vous convie \u00e0 la 9e \u00e9dition de sa Journ\u00e9e carri\u00e8res en transport et logistique. Cette ann\u00e9e, nous sommes heureux de nous associer \u00e0 l\u2019\u00c9v\u00e9nement Carri\u00e8res dans le cadre du Salon de l\u2019emploi et de la formation continue et de la Foire Nationale de l\u2019emploi qui seront r\u00e9unis sous le m\u00eame toit le [&hellip;]","protected":false},"author":39,"featured_media":17197,"comment_status":"closed","ping_status":"closed","sticky":false,"template":"","format":"standard","meta":{"_acf_changed":false,"footnotes":""},"categories":[20],"tags":[],"class_list":["post-17289","post","type-post","status-publish","format-standard","has-post-thumbnail","hentry","category-services-logistiques"],"acf":[],"yoast_head":"<!-- This site is optimized with the Yoast SEO plugin v27.3 - https:\/\/yoast.com\/product\/yoast-seo-wordpress\/ -->\n<title>\u2757JOURN\u00c9E CARRI\u00c8RES DE CARGOM : DERNI\u00c8RE CHANCE DE VOUS INSCRIRE AUJOURD&#039;HUI 16 SEPTEMBRE - CargoM<\/title>\n<meta name=\"robots\" content=\"index, follow, max-snippet:-1, max-image-preview:large, max-video-preview:-1\" \/>\n<link rel=\"canonical\" href=\"https:\/\/www.cargo-montreal.ca\/fr\/%e2%9d%97journee-carrieres-de-cargom-derniere-chance-de-vous-inscrire-aujourdhui-16-septembre-%e2%9d%97\/\" \/>\n<meta property=\"og:locale\" content=\"fr_FR\" \/>\n<meta property=\"og:type\" content=\"article\" \/>\n<meta property=\"og:title\" content=\"\u2757JOURN\u00c9E CARRI\u00c8RES DE CARGOM : DERNI\u00c8RE CHANCE DE VOUS INSCRIRE AUJOURD&#039;HUI 16 SEPTEMBRE - CargoM\" \/>\n<meta property=\"og:description\" content=\"L\u2019\u00e9quipe de CargoM vous convie \u00e0 la 9e \u00e9dition de sa Journ\u00e9e carri\u00e8res en transport et logistique. Cette ann\u00e9e, nous sommes heureux de nous associer \u00e0 l\u2019\u00c9v\u00e9nement Carri\u00e8res dans le cadre du Salon de l\u2019emploi et de la formation continue et de la Foire Nationale de l\u2019emploi qui seront r\u00e9unis sous le m\u00eame toit le [&hellip;]\" \/>\n<meta property=\"og:url\" content=\"https:\/\/www.cargo-montreal.ca\/fr\/%e2%9d%97journee-carrieres-de-cargom-derniere-chance-de-vous-inscrire-aujourdhui-16-septembre-%e2%9d%97\/\" \/>\n<meta property=\"og:site_name\" content=\"CargoM\" \/>\n<meta property=\"article:published_time\" content=\"2024-09-16T12:32:10+00:00\" \/>\n<meta property=\"article:modified_time\" content=\"2024-09-16T13:22:28+00:00\" \/>\n<meta property=\"og:image\" content=\"https:\/\/www.cargo-montreal.ca\/wp-content\/uploads\/2024\/08\/4654-CARGOM-PUB-JourneeCarrieres_2024_Entreprises_1200x628px_HR-1.jpg\" \/>\n\t<meta property=\"og:image:width\" content=\"2400\" \/>\n\t<meta property=\"og:image:height\" content=\"1256\" \/>\n\t<meta property=\"og:image:type\" content=\"image\/jpeg\" \/>\n<meta name=\"author\" content=\"Karine Dudognon\" \/>\n<meta name=\"twitter:card\" content=\"summary_large_image\" \/>\n<meta name=\"twitter:label1\" content=\"\u00c9crit par\" \/>\n\t<meta name=\"twitter:data1\" content=\"Karine Dudognon\" \/>\n\t<meta name=\"twitter:label2\" content=\"Dur\u00e9e de lecture estim\u00e9e\" \/>\n\t<meta name=\"twitter:data2\" content=\"1 minute\" \/>\n<script type=\"application\/ld+json\" class=\"yoast-schema-graph\">{\"@context\":\"https:\\\/\\\/schema.org\",\"@graph\":[{\"@type\":\"Article\",\"@id\":\"https:\\\/\\\/www.cargo-montreal.ca\\\/fr\\\/%e2%9d%97journee-carrieres-de-cargom-derniere-chance-de-vous-inscrire-aujourdhui-16-septembre-%e2%9d%97\\\/#article\",\"isPartOf\":{\"@id\":\"https:\\\/\\\/www.cargo-montreal.ca\\\/fr\\\/%e2%9d%97journee-carrieres-de-cargom-derniere-chance-de-vous-inscrire-aujourdhui-16-septembre-%e2%9d%97\\\/\"},\"author\":{\"name\":\"Karine Dudognon\",\"@id\":\"https:\\\/\\\/www.cargo-montreal.ca\\\/fr\\\/#\\\/schema\\\/person\\\/80476d173ce654813db9fd1533901365\"},\"headline\":\"\u2757JOURN\u00c9E CARRI\u00c8RES DE CARGOM : DERNI\u00c8RE CHANCE DE VOUS INSCRIRE AUJOURD&rsquo;HUI 16 SEPTEMBRE\",\"datePublished\":\"2024-09-16T12:32:10+00:00\",\"dateModified\":\"2024-09-16T13:22:28+00:00\",\"mainEntityOfPage\":{\"@id\":\"https:\\\/\\\/www.cargo-montreal.ca\\\/fr\\\/%e2%9d%97journee-carrieres-de-cargom-derniere-chance-de-vous-inscrire-aujourdhui-16-septembre-%e2%9d%97\\\/\"},\"wordCount\":164,\"image\":{\"@id\":\"https:\\\/\\\/www.cargo-montreal.ca\\\/fr\\\/%e2%9d%97journee-carrieres-de-cargom-derniere-chance-de-vous-inscrire-aujourdhui-16-septembre-%e2%9d%97\\\/#primaryimage\"},\"thumbnailUrl\":\"https:\\\/\\\/www.cargo-montreal.ca\\\/wp-content\\\/uploads\\\/2024\\\/08\\\/4654-CARGOM-PUB-JourneeCarrieres_2024_Entreprises_1200x628px_HR-1.jpg\",\"articleSection\":[\"Services logistiques\"],\"inLanguage\":\"fr-FR\"},{\"@type\":\"WebPage\",\"@id\":\"https:\\\/\\\/www.cargo-montreal.ca\\\/fr\\\/%e2%9d%97journee-carrieres-de-cargom-derniere-chance-de-vous-inscrire-aujourdhui-16-septembre-%e2%9d%97\\\/\",\"url\":\"https:\\\/\\\/www.cargo-montreal.ca\\\/fr\\\/%e2%9d%97journee-carrieres-de-cargom-derniere-chance-de-vous-inscrire-aujourdhui-16-septembre-%e2%9d%97\\\/\",\"name\":\"\u2757JOURN\u00c9E CARRI\u00c8RES DE CARGOM : DERNI\u00c8RE CHANCE DE VOUS INSCRIRE AUJOURD'HUI 16 SEPTEMBRE - CargoM\",\"isPartOf\":{\"@id\":\"https:\\\/\\\/www.cargo-montreal.ca\\\/fr\\\/#website\"},\"primaryImageOfPage\":{\"@id\":\"https:\\\/\\\/www.cargo-montreal.ca\\\/fr\\\/%e2%9d%97journee-carrieres-de-cargom-derniere-chance-de-vous-inscrire-aujourdhui-16-septembre-%e2%9d%97\\\/#primaryimage\"},\"image\":{\"@id\":\"https:\\\/\\\/www.cargo-montreal.ca\\\/fr\\\/%e2%9d%97journee-carrieres-de-cargom-derniere-chance-de-vous-inscrire-aujourdhui-16-septembre-%e2%9d%97\\\/#primaryimage\"},\"thumbnailUrl\":\"https:\\\/\\\/www.cargo-montreal.ca\\\/wp-content\\\/uploads\\\/2024\\\/08\\\/4654-CARGOM-PUB-JourneeCarrieres_2024_Entreprises_1200x628px_HR-1.jpg\",\"datePublished\":\"2024-09-16T12:32:10+00:00\",\"dateModified\":\"2024-09-16T13:22:28+00:00\",\"author\":{\"@id\":\"https:\\\/\\\/www.cargo-montreal.ca\\\/fr\\\/#\\\/schema\\\/person\\\/80476d173ce654813db9fd1533901365\"},\"breadcrumb\":{\"@id\":\"https:\\\/\\\/www.cargo-montreal.ca\\\/fr\\\/%e2%9d%97journee-carrieres-de-cargom-derniere-chance-de-vous-inscrire-aujourdhui-16-septembre-%e2%9d%97\\\/#breadcrumb\"},\"inLanguage\":\"fr-FR\",\"potentialAction\":[{\"@type\":\"ReadAction\",\"target\":[\"https:\\\/\\\/www.cargo-montreal.ca\\\/fr\\\/%e2%9d%97journee-carrieres-de-cargom-derniere-chance-de-vous-inscrire-aujourdhui-16-septembre-%e2%9d%97\\\/\"]}]},{\"@type\":\"ImageObject\",\"inLanguage\":\"fr-FR\",\"@id\":\"https:\\\/\\\/www.cargo-montreal.ca\\\/fr\\\/%e2%9d%97journee-carrieres-de-cargom-derniere-chance-de-vous-inscrire-aujourdhui-16-septembre-%e2%9d%97\\\/#primaryimage\",\"url\":\"https:\\\/\\\/www.cargo-montreal.ca\\\/wp-content\\\/uploads\\\/2024\\\/08\\\/4654-CARGOM-PUB-JourneeCarrieres_2024_Entreprises_1200x628px_HR-1.jpg\",\"contentUrl\":\"https:\\\/\\\/www.cargo-montreal.ca\\\/wp-content\\\/uploads\\\/2024\\\/08\\\/4654-CARGOM-PUB-JourneeCarrieres_2024_Entreprises_1200x628px_HR-1.jpg\",\"width\":2400,\"height\":1256},{\"@type\":\"BreadcrumbList\",\"@id\":\"https:\\\/\\\/www.cargo-montreal.ca\\\/fr\\\/%e2%9d%97journee-carrieres-de-cargom-derniere-chance-de-vous-inscrire-aujourdhui-16-septembre-%e2%9d%97\\\/#breadcrumb\",\"itemListElement\":[{\"@type\":\"ListItem\",\"position\":1,\"name\":\"Home\",\"item\":\"https:\\\/\\\/www.cargo-montreal.ca\\\/fr\\\/\"},{\"@type\":\"ListItem\",\"position\":2,\"name\":\"\u2757JOURN\u00c9E CARRI\u00c8RES DE CARGOM : DERNI\u00c8RE CHANCE DE VOUS INSCRIRE AUJOURD&#8217;HUI 16 SEPTEMBRE\"}]},{\"@type\":\"WebSite\",\"@id\":\"https:\\\/\\\/www.cargo-montreal.ca\\\/fr\\\/#website\",\"url\":\"https:\\\/\\\/www.cargo-montreal.ca\\\/fr\\\/\",\"name\":\"CargoM\",\"description\":\"La mission de CargoM: Rassembler les acteurs de la logistique &amp; du transport de marchandises du Grand Montr\u00e9al autour d&#039;objectifs communs, d&#039;actions concert\u00e9es\",\"potentialAction\":[{\"@type\":\"SearchAction\",\"target\":{\"@type\":\"EntryPoint\",\"urlTemplate\":\"https:\\\/\\\/www.cargo-montreal.ca\\\/fr\\\/?s={search_term_string}\"},\"query-input\":{\"@type\":\"PropertyValueSpecification\",\"valueRequired\":true,\"valueName\":\"search_term_string\"}}],\"inLanguage\":\"fr-FR\"},{\"@type\":\"Person\",\"@id\":\"https:\\\/\\\/www.cargo-montreal.ca\\\/fr\\\/#\\\/schema\\\/person\\\/80476d173ce654813db9fd1533901365\",\"name\":\"Karine Dudognon\",\"image\":{\"@type\":\"ImageObject\",\"inLanguage\":\"fr-FR\",\"@id\":\"https:\\\/\\\/secure.gravatar.com\\\/avatar\\\/673bdfb703a9b6685a88bc7dfb04a9ea2b48b30e9d1663a5e759a4e9bfa3e2c0?s=96&d=mm&r=g\",\"url\":\"https:\\\/\\\/secure.gravatar.com\\\/avatar\\\/673bdfb703a9b6685a88bc7dfb04a9ea2b48b30e9d1663a5e759a4e9bfa3e2c0?s=96&d=mm&r=g\",\"contentUrl\":\"https:\\\/\\\/secure.gravatar.com\\\/avatar\\\/673bdfb703a9b6685a88bc7dfb04a9ea2b48b30e9d1663a5e759a4e9bfa3e2c0?s=96&d=mm&r=g\",\"caption\":\"Karine Dudognon\"},\"url\":\"https:\\\/\\\/www.cargo-montreal.ca\\\/fr\\\/author\\\/karine\\\/\"}]}<\/script>\n<!-- \/ Yoast SEO plugin. -->","yoast_head_json":{"title":"\u2757JOURN\u00c9E CARRI\u00c8RES DE CARGOM : DERNI\u00c8RE CHANCE DE VOUS INSCRIRE AUJOURD'HUI 16 SEPTEMBRE - CargoM","robots":{"index":"index","follow":"follow","max-snippet":"max-snippet:-1","max-image-preview":"max-image-preview:large","max-video-preview":"max-video-preview:-1"},"canonical":"https:\/\/www.cargo-montreal.ca\/fr\/%e2%9d%97journee-carrieres-de-cargom-derniere-chance-de-vous-inscrire-aujourdhui-16-septembre-%e2%9d%97\/","og_locale":"fr_FR","og_type":"article","og_title":"\u2757JOURN\u00c9E CARRI\u00c8RES DE CARGOM : DERNI\u00c8RE CHANCE DE VOUS INSCRIRE AUJOURD'HUI 16 SEPTEMBRE - CargoM","og_description":"L\u2019\u00e9quipe de CargoM vous convie \u00e0 la 9e \u00e9dition de sa Journ\u00e9e carri\u00e8res en transport et logistique. Cette ann\u00e9e, nous sommes heureux de nous associer \u00e0 l\u2019\u00c9v\u00e9nement Carri\u00e8res dans le cadre du Salon de l\u2019emploi et de la formation continue et de la Foire Nationale de l\u2019emploi qui seront r\u00e9unis sous le m\u00eame toit le [&hellip;]","og_url":"https:\/\/www.cargo-montreal.ca\/fr\/%e2%9d%97journee-carrieres-de-cargom-derniere-chance-de-vous-inscrire-aujourdhui-16-septembre-%e2%9d%97\/","og_site_name":"CargoM","article_published_time":"2024-09-16T12:32:10+00:00","article_modified_time":"2024-09-16T13:22:28+00:00","og_image":[{"width":2400,"height":1256,"url":"https:\/\/www.cargo-montreal.ca\/wp-content\/uploads\/2024\/08\/4654-CARGOM-PUB-JourneeCarrieres_2024_Entreprises_1200x628px_HR-1.jpg","type":"image\/jpeg"}],"author":"Karine Dudognon","twitter_card":"summary_large_image","twitter_misc":{"\u00c9crit par":"Karine Dudognon","Dur\u00e9e de lecture estim\u00e9e":"1 minute"},"schema":{"@context":"https:\/\/schema.org","@graph":[{"@type":"Article","@id":"https:\/\/www.cargo-montreal.ca\/fr\/%e2%9d%97journee-carrieres-de-cargom-derniere-chance-de-vous-inscrire-aujourdhui-16-septembre-%e2%9d%97\/#article","isPartOf":{"@id":"https:\/\/www.cargo-montreal.ca\/fr\/%e2%9d%97journee-carrieres-de-cargom-derniere-chance-de-vous-inscrire-aujourdhui-16-septembre-%e2%9d%97\/"},"author":{"name":"Karine Dudognon","@id":"https:\/\/www.cargo-montreal.ca\/fr\/#\/schema\/person\/80476d173ce654813db9fd1533901365"},"headline":"\u2757JOURN\u00c9E CARRI\u00c8RES DE CARGOM : DERNI\u00c8RE CHANCE DE VOUS INSCRIRE AUJOURD&rsquo;HUI 16 SEPTEMBRE","datePublished":"2024-09-16T12:32:10+00:00","dateModified":"2024-09-16T13:22:28+00:00","mainEntityOfPage":{"@id":"https:\/\/www.cargo-montreal.ca\/fr\/%e2%9d%97journee-carrieres-de-cargom-derniere-chance-de-vous-inscrire-aujourdhui-16-septembre-%e2%9d%97\/"},"wordCount":164,"image":{"@id":"https:\/\/www.cargo-montreal.ca\/fr\/%e2%9d%97journee-carrieres-de-cargom-derniere-chance-de-vous-inscrire-aujourdhui-16-septembre-%e2%9d%97\/#primaryimage"},"thumbnailUrl":"https:\/\/www.cargo-montreal.ca\/wp-content\/uploads\/2024\/08\/4654-CARGOM-PUB-JourneeCarrieres_2024_Entreprises_1200x628px_HR-1.jpg","articleSection":["Services logistiques"],"inLanguage":"fr-FR"},{"@type":"WebPage","@id":"https:\/\/www.cargo-montreal.ca\/fr\/%e2%9d%97journee-carrieres-de-cargom-derniere-chance-de-vous-inscrire-aujourdhui-16-septembre-%e2%9d%97\/","url":"https:\/\/www.cargo-montreal.ca\/fr\/%e2%9d%97journee-carrieres-de-cargom-derniere-chance-de-vous-inscrire-aujourdhui-16-septembre-%e2%9d%97\/","name":"\u2757JOURN\u00c9E CARRI\u00c8RES DE CARGOM : DERNI\u00c8RE CHANCE DE VOUS INSCRIRE AUJOURD'HUI 16 SEPTEMBRE - CargoM","isPartOf":{"@id":"https:\/\/www.cargo-montreal.ca\/fr\/#website"},"primaryImageOfPage":{"@id":"https:\/\/www.cargo-montreal.ca\/fr\/%e2%9d%97journee-carrieres-de-cargom-derniere-chance-de-vous-inscrire-aujourdhui-16-septembre-%e2%9d%97\/#primaryimage"},"image":{"@id":"https:\/\/www.cargo-montreal.ca\/fr\/%e2%9d%97journee-carrieres-de-cargom-derniere-chance-de-vous-inscrire-aujourdhui-16-septembre-%e2%9d%97\/#primaryimage"},"thumbnailUrl":"https:\/\/www.cargo-montreal.ca\/wp-content\/uploads\/2024\/08\/4654-CARGOM-PUB-JourneeCarrieres_2024_Entreprises_1200x628px_HR-1.jpg","datePublished":"2024-09-16T12:32:10+00:00","dateModified":"2024-09-16T13:22:28+00:00","author":{"@id":"https:\/\/www.cargo-montreal.ca\/fr\/#\/schema\/person\/80476d173ce654813db9fd1533901365"},"breadcrumb":{"@id":"https:\/\/www.cargo-montreal.ca\/fr\/%e2%9d%97journee-carrieres-de-cargom-derniere-chance-de-vous-inscrire-aujourdhui-16-septembre-%e2%9d%97\/#breadcrumb"},"inLanguage":"fr-FR","potentialAction":[{"@type":"ReadAction","target":["https:\/\/www.cargo-montreal.ca\/fr\/%e2%9d%97journee-carrieres-de-cargom-derniere-chance-de-vous-inscrire-aujourdhui-16-septembre-%e2%9d%97\/"]}]},{"@type":"ImageObject","inLanguage":"fr-FR","@id":"https:\/\/www.cargo-montreal.ca\/fr\/%e2%9d%97journee-carrieres-de-cargom-derniere-chance-de-vous-inscrire-aujourdhui-16-septembre-%e2%9d%97\/#primaryimage","url":"https:\/\/www.cargo-montreal.ca\/wp-content\/uploads\/2024\/08\/4654-CARGOM-PUB-JourneeCarrieres_2024_Entreprises_1200x628px_HR-1.jpg","contentUrl":"https:\/\/www.cargo-montreal.ca\/wp-content\/uploads\/2024\/08\/4654-CARGOM-PUB-JourneeCarrieres_2024_Entreprises_1200x628px_HR-1.jpg","width":2400,"height":1256},{"@type":"BreadcrumbList","@id":"https:\/\/www.cargo-montreal.ca\/fr\/%e2%9d%97journee-carrieres-de-cargom-derniere-chance-de-vous-inscrire-aujourdhui-16-septembre-%e2%9d%97\/#breadcrumb","itemListElement":[{"@type":"ListItem","position":1,"name":"Home","item":"https:\/\/www.cargo-montreal.ca\/fr\/"},{"@type":"ListItem","position":2,"name":"\u2757JOURN\u00c9E CARRI\u00c8RES DE CARGOM : DERNI\u00c8RE CHANCE DE VOUS INSCRIRE AUJOURD&#8217;HUI 16 SEPTEMBRE"}]},{"@type":"WebSite","@id":"https:\/\/www.cargo-montreal.ca\/fr\/#website","url":"https:\/\/www.cargo-montreal.ca\/fr\/","name":"CargoM","description":"La mission de CargoM: Rassembler les acteurs de la logistique &amp; du transport de marchandises du Grand Montr\u00e9al autour d&#039;objectifs communs, d&#039;actions concert\u00e9es","potentialAction":[{"@type":"SearchAction","target":{"@type":"EntryPoint","urlTemplate":"https:\/\/www.cargo-montreal.ca\/fr\/?s={search_term_string}"},"query-input":{"@type":"PropertyValueSpecification","valueRequired":true,"valueName":"search_term_string"}}],"inLanguage":"fr-FR"},{"@type":"Person","@id":"https:\/\/www.cargo-montreal.ca\/fr\/#\/schema\/person\/80476d173ce654813db9fd1533901365","name":"Karine Dudognon","image":{"@type":"ImageObject","inLanguage":"fr-FR","@id":"https:\/\/secure.gravatar.com\/avatar\/673bdfb703a9b6685a88bc7dfb04a9ea2b48b30e9d1663a5e759a4e9bfa3e2c0?s=96&d=mm&r=g","url":"https:\/\/secure.gravatar.com\/avatar\/673bdfb703a9b6685a88bc7dfb04a9ea2b48b30e9d1663a5e759a4e9bfa3e2c0?s=96&d=mm&r=g","contentUrl":"https:\/\/secure.gravatar.com\/avatar\/673bdfb703a9b6685a88bc7dfb04a9ea2b48b30e9d1663a5e759a4e9bfa3e2c0?s=96&d=mm&r=g","caption":"Karine Dudognon"},"url":"https:\/\/www.cargo-montreal.ca\/fr\/author\/karine\/"}]}},"_links":{"self":[{"href":"https:\/\/www.cargo-montreal.ca\/fr\/wp-json\/wp\/v2\/posts\/17289","targetHints":{"allow":["GET"]}}],"collection":[{"href":"https:\/\/www.cargo-montreal.ca\/fr\/wp-json\/wp\/v2\/posts"}],"about":[{"href":"https:\/\/www.cargo-montreal.ca\/fr\/wp-json\/wp\/v2\/types\/post"}],"author":[{"embeddable":true,"href":"https:\/\/www.cargo-montreal.ca\/fr\/wp-json\/wp\/v2\/users\/39"}],"replies":[{"embeddable":true,"href":"https:\/\/www.cargo-montreal.ca\/fr\/wp-json\/wp\/v2\/comments?post=17289"}],"version-history":[{"count":2,"href":"https:\/\/www.cargo-montreal.ca\/fr\/wp-json\/wp\/v2\/posts\/17289\/revisions"}],"predecessor-version":[{"id":17349,"href":"https:\/\/www.cargo-montreal.ca\/fr\/wp-json\/wp\/v2\/posts\/17289\/revisions\/17349"}],"wp:featuredmedia":[{"embeddable":true,"href":"https:\/\/www.cargo-montreal.ca\/fr\/wp-json\/wp\/v2\/media\/17197"}],"wp:attachment":[{"href":"https:\/\/www.cargo-montreal.ca\/fr\/wp-json\/wp\/v2\/media?parent=17289"}],"wp:term":[{"taxonomy":"category","embeddable":true,"href":"https:\/\/www.cargo-montreal.ca\/fr\/wp-json\/wp\/v2\/categories?post=17289"},{"taxonomy":"post_tag","embeddable":true,"href":"https:\/\/www.cargo-montreal.ca\/fr\/wp-json\/wp\/v2\/tags?post=17289"}],"curies":[{"name":"wp","href":"https:\/\/api.w.org\/{rel}","templated":true}]}}