{"id":17291,"date":"2024-09-16T12:33:50","date_gmt":"2024-09-16T12:33:50","guid":{"rendered":"https:\/\/www.cargo-montreal.ca\/?p=17291"},"modified":"2024-09-16T12:33:50","modified_gmt":"2024-09-16T12:33:50","slug":"%f0%9f%93%85-ne-manquez-pas-notre-5-a-7-de-la-rentree","status":"publish","type":"post","link":"https:\/\/www.cargo-montreal.ca\/fr\/%f0%9f%93%85-ne-manquez-pas-notre-5-a-7-de-la-rentree\/","title":{"rendered":"\ud83d\udcc5 Ne manquez pas notre 5 \u00e0 7 de la rentr\u00e9e"},"content":{"rendered":"<div id=\"section_1718731258339\" class=\"hse-section\">\r\n<div class=\"hse-column-container hse-border\">\r\n<div id=\"column_1718731258339_0\" class=\"hse-column hse-size-12\">\r\n<table role=\"presentation\" width=\"100%\" cellspacing=\"0\" cellpadding=\"0\">\r\n<tbody>\r\n<tr>\r\n<td class=\"hs_padded\">\r\n<div id=\"hs_cos_wrapper_module_17187312986412\" class=\"hs_cos_wrapper hs_cos_wrapper_widget hs_cos_wrapper_type_module\" data-hs-cos-general-type=\"widget\" data-hs-cos-type=\"module\">\r\n<div id=\"hs_cos_wrapper_module_17187312986412_\" class=\"hs_cos_wrapper hs_cos_wrapper_widget hs_cos_wrapper_type_rich_text\" data-hs-cos-general-type=\"widget\" data-hs-cos-type=\"rich_text\">\r\n<p align=\"justify\">CargoM et\u00a0<a href=\"https:\/\/www.supplychaincanada.com\/fr\" target=\"_blank\" rel=\"noopener\" data-hs-link-id=\"0\">Cha\u00eene d&rsquo;approvisionnement Canada<\/a>\u00a0sont heureuses de vous convier \u00e0 un 5 \u00e0 7 de la rentr\u00e9e qui aura lieu le\u00a026 septembre.<\/p>\r\n<p align=\"justify\">Lors de cet \u00e9v\u00e9nement r\u00e9seautage, vous aurez l&rsquo;occasion d&rsquo;assister \u00e0 deux conf\u00e9rences portant sur le Centre zone franche et sur la synergie et l\u2019optimisation de la cha\u00eene logistique et d\u2019approvisionnement.<\/p>\r\n<p align=\"justify\">Venez entendre nos conf\u00e9renciers M. Christian Sivi\u00e8re formateur et pr\u00e9sident de Solimpex et M. Patrick William, directeur adjoint, services de l\u2019approvisionnement \u00e0 l&rsquo;Universit\u00e9 McGill.\u00a0<\/p>\r\n<p>Nous sommes impatients de vous voir lors de cette 1re rencontre de la saison 2024-2025 et esp\u00e9rons vous retrouver en grand nombre!<\/p>\r\n<p>\u25b6\ufe0fDate : 26 septembre 2024 (17 h \u00e0 19 h 30)<br \/>\r\n\u25b6\ufe0fLieu : Port de Montr\u00e9al, 2100, avenue Pierre-Dupuy, Aile 1, Salle Dominic Tadd\u00e9o<br \/>\r\n\u25b6\ufe0fCo\u00fbts : Gratuit pour les membres de CargoM (Code promo : CARGOM2024) et de Cha\u00eene d\u2019approvisionnement Canada et 65 $ (+ taxes) pour les non membres.\u00a0<\/p>\r\n<\/div>\r\n<\/div>\r\n<\/td>\r\n<\/tr>\r\n<\/tbody>\r\n<\/table>\r\n<\/div>\r\n<\/div>\r\n<\/div>\r\n<div id=\"module_1712769610467\" class=\"hse-section\">\r\n<div class=\"hse-column-container hse-border\">\r\n<div id=\"module_1712769610467_0\" class=\"hse-column hse-size-12\">\r\n<table role=\"presentation\" width=\"100%\" cellspacing=\"0\" cellpadding=\"0\">\r\n<tbody>\r\n<tr>\r\n<td class=\"hs_padded\">\r\n<div id=\"hs_cos_wrapper_module_17235532757491\" class=\"hs_cos_wrapper hs_cos_wrapper_widget hs_cos_wrapper_type_module\" data-hs-cos-general-type=\"widget\" data-hs-cos-type=\"module\">\r\n<table role=\"presentation\" border=\"0\" cellspacing=\"0\" cellpadding=\"0\" align=\"center\">\r\n<tbody>\r\n<tr>\r\n<td align=\"center\" valign=\"middle\" bgcolor=\"#575a5d\"><a href=\"https:\/\/www.supplychaincanada.com\/fr\/events\/10\/5-a-7-de-la-rentree-2106\" target=\"_blank\" rel=\"noopener\" data-hs-link-id=\"1\"><strong>INSCRIPTION<\/strong><\/a><\/td>\r\n<\/tr>\r\n<\/tbody>\r\n<\/table>\r\n<\/div>\r\n<\/td>\r\n<\/tr>\r\n<\/tbody>\r\n<\/table>\r\n<\/div>\r\n<\/div>\r\n<\/div>","protected":false},"excerpt":{"rendered":"CargoM et\u00a0Cha\u00eene d&rsquo;approvisionnement Canada\u00a0sont heureuses de vous convier \u00e0 un 5 \u00e0 7 de la rentr\u00e9e qui aura lieu le\u00a026 septembre. Lors de cet \u00e9v\u00e9nement r\u00e9seautage, vous aurez l&rsquo;occasion d&rsquo;assister \u00e0 deux conf\u00e9rences portant sur le Centre zone franche et sur la synergie et l\u2019optimisation de la cha\u00eene logistique et d\u2019approvisionnement. Venez entendre nos conf\u00e9renciers [&hellip;]","protected":false},"author":39,"featured_media":17296,"comment_status":"closed","ping_status":"closed","sticky":false,"template":"","format":"standard","meta":{"_acf_changed":false,"footnotes":""},"categories":[20],"tags":[],"class_list":["post-17291","post","type-post","status-publish","format-standard","has-post-thumbnail","hentry","category-services-logistiques"],"acf":[],"yoast_head":"<!-- This site is optimized with the Yoast SEO plugin v27.3 - https:\/\/yoast.com\/product\/yoast-seo-wordpress\/ -->\n<title>\ud83d\udcc5 Ne manquez pas notre 5 \u00e0 7 de la rentr\u00e9e - CargoM<\/title>\n<meta name=\"robots\" content=\"index, follow, max-snippet:-1, max-image-preview:large, max-video-preview:-1\" \/>\n<link rel=\"canonical\" href=\"https:\/\/www.cargo-montreal.ca\/fr\/%f0%9f%93%85-ne-manquez-pas-notre-5-a-7-de-la-rentree\/\" \/>\n<meta property=\"og:locale\" content=\"fr_FR\" \/>\n<meta property=\"og:type\" content=\"article\" \/>\n<meta property=\"og:title\" content=\"\ud83d\udcc5 Ne manquez pas notre 5 \u00e0 7 de la rentr\u00e9e - CargoM\" \/>\n<meta property=\"og:description\" content=\"CargoM et\u00a0Cha\u00eene d&rsquo;approvisionnement Canada\u00a0sont heureuses de vous convier \u00e0 un 5 \u00e0 7 de la rentr\u00e9e qui aura lieu le\u00a026 septembre. Lors de cet \u00e9v\u00e9nement r\u00e9seautage, vous aurez l&rsquo;occasion d&rsquo;assister \u00e0 deux conf\u00e9rences portant sur le Centre zone franche et sur la synergie et l\u2019optimisation de la cha\u00eene logistique et d\u2019approvisionnement. Venez entendre nos conf\u00e9renciers [&hellip;]\" \/>\n<meta property=\"og:url\" content=\"https:\/\/www.cargo-montreal.ca\/fr\/%f0%9f%93%85-ne-manquez-pas-notre-5-a-7-de-la-rentree\/\" \/>\n<meta property=\"og:site_name\" content=\"CargoM\" \/>\n<meta property=\"article:published_time\" content=\"2024-09-16T12:33:50+00:00\" \/>\n<meta property=\"og:image\" content=\"https:\/\/www.cargo-montreal.ca\/wp-content\/uploads\/2024\/09\/CargoM-2-conferenciers.png\" \/>\n\t<meta property=\"og:image:width\" content=\"869\" \/>\n\t<meta property=\"og:image:height\" content=\"456\" \/>\n\t<meta property=\"og:image:type\" content=\"image\/png\" \/>\n<meta name=\"author\" content=\"Karine Dudognon\" \/>\n<meta name=\"twitter:card\" content=\"summary_large_image\" \/>\n<meta name=\"twitter:label1\" content=\"\u00c9crit par\" \/>\n\t<meta name=\"twitter:data1\" content=\"Karine Dudognon\" \/>\n\t<meta name=\"twitter:label2\" content=\"Dur\u00e9e de lecture estim\u00e9e\" \/>\n\t<meta name=\"twitter:data2\" content=\"1 minute\" \/>\n<script type=\"application\/ld+json\" class=\"yoast-schema-graph\">{\"@context\":\"https:\\\/\\\/schema.org\",\"@graph\":[{\"@type\":\"Article\",\"@id\":\"https:\\\/\\\/www.cargo-montreal.ca\\\/fr\\\/%f0%9f%93%85-ne-manquez-pas-notre-5-a-7-de-la-rentree\\\/#article\",\"isPartOf\":{\"@id\":\"https:\\\/\\\/www.cargo-montreal.ca\\\/fr\\\/%f0%9f%93%85-ne-manquez-pas-notre-5-a-7-de-la-rentree\\\/\"},\"author\":{\"name\":\"Karine Dudognon\",\"@id\":\"https:\\\/\\\/www.cargo-montreal.ca\\\/fr\\\/#\\\/schema\\\/person\\\/80476d173ce654813db9fd1533901365\"},\"headline\":\"\ud83d\udcc5 Ne manquez pas notre 5 \u00e0 7 de la rentr\u00e9e\",\"datePublished\":\"2024-09-16T12:33:50+00:00\",\"mainEntityOfPage\":{\"@id\":\"https:\\\/\\\/www.cargo-montreal.ca\\\/fr\\\/%f0%9f%93%85-ne-manquez-pas-notre-5-a-7-de-la-rentree\\\/\"},\"wordCount\":159,\"image\":{\"@id\":\"https:\\\/\\\/www.cargo-montreal.ca\\\/fr\\\/%f0%9f%93%85-ne-manquez-pas-notre-5-a-7-de-la-rentree\\\/#primaryimage\"},\"thumbnailUrl\":\"https:\\\/\\\/www.cargo-montreal.ca\\\/wp-content\\\/uploads\\\/2024\\\/09\\\/CargoM-2-conferenciers.png\",\"articleSection\":[\"Services logistiques\"],\"inLanguage\":\"fr-FR\"},{\"@type\":\"WebPage\",\"@id\":\"https:\\\/\\\/www.cargo-montreal.ca\\\/fr\\\/%f0%9f%93%85-ne-manquez-pas-notre-5-a-7-de-la-rentree\\\/\",\"url\":\"https:\\\/\\\/www.cargo-montreal.ca\\\/fr\\\/%f0%9f%93%85-ne-manquez-pas-notre-5-a-7-de-la-rentree\\\/\",\"name\":\"\ud83d\udcc5 Ne manquez pas notre 5 \u00e0 7 de la rentr\u00e9e - CargoM\",\"isPartOf\":{\"@id\":\"https:\\\/\\\/www.cargo-montreal.ca\\\/fr\\\/#website\"},\"primaryImageOfPage\":{\"@id\":\"https:\\\/\\\/www.cargo-montreal.ca\\\/fr\\\/%f0%9f%93%85-ne-manquez-pas-notre-5-a-7-de-la-rentree\\\/#primaryimage\"},\"image\":{\"@id\":\"https:\\\/\\\/www.cargo-montreal.ca\\\/fr\\\/%f0%9f%93%85-ne-manquez-pas-notre-5-a-7-de-la-rentree\\\/#primaryimage\"},\"thumbnailUrl\":\"https:\\\/\\\/www.cargo-montreal.ca\\\/wp-content\\\/uploads\\\/2024\\\/09\\\/CargoM-2-conferenciers.png\",\"datePublished\":\"2024-09-16T12:33:50+00:00\",\"author\":{\"@id\":\"https:\\\/\\\/www.cargo-montreal.ca\\\/fr\\\/#\\\/schema\\\/person\\\/80476d173ce654813db9fd1533901365\"},\"breadcrumb\":{\"@id\":\"https:\\\/\\\/www.cargo-montreal.ca\\\/fr\\\/%f0%9f%93%85-ne-manquez-pas-notre-5-a-7-de-la-rentree\\\/#breadcrumb\"},\"inLanguage\":\"fr-FR\",\"potentialAction\":[{\"@type\":\"ReadAction\",\"target\":[\"https:\\\/\\\/www.cargo-montreal.ca\\\/fr\\\/%f0%9f%93%85-ne-manquez-pas-notre-5-a-7-de-la-rentree\\\/\"]}]},{\"@type\":\"ImageObject\",\"inLanguage\":\"fr-FR\",\"@id\":\"https:\\\/\\\/www.cargo-montreal.ca\\\/fr\\\/%f0%9f%93%85-ne-manquez-pas-notre-5-a-7-de-la-rentree\\\/#primaryimage\",\"url\":\"https:\\\/\\\/www.cargo-montreal.ca\\\/wp-content\\\/uploads\\\/2024\\\/09\\\/CargoM-2-conferenciers.png\",\"contentUrl\":\"https:\\\/\\\/www.cargo-montreal.ca\\\/wp-content\\\/uploads\\\/2024\\\/09\\\/CargoM-2-conferenciers.png\",\"width\":869,\"height\":456},{\"@type\":\"BreadcrumbList\",\"@id\":\"https:\\\/\\\/www.cargo-montreal.ca\\\/fr\\\/%f0%9f%93%85-ne-manquez-pas-notre-5-a-7-de-la-rentree\\\/#breadcrumb\",\"itemListElement\":[{\"@type\":\"ListItem\",\"position\":1,\"name\":\"Home\",\"item\":\"https:\\\/\\\/www.cargo-montreal.ca\\\/fr\\\/\"},{\"@type\":\"ListItem\",\"position\":2,\"name\":\"\ud83d\udcc5 Ne manquez pas notre 5 \u00e0 7 de la rentr\u00e9e\"}]},{\"@type\":\"WebSite\",\"@id\":\"https:\\\/\\\/www.cargo-montreal.ca\\\/fr\\\/#website\",\"url\":\"https:\\\/\\\/www.cargo-montreal.ca\\\/fr\\\/\",\"name\":\"CargoM\",\"description\":\"La mission de CargoM: Rassembler les acteurs de la logistique &amp; du transport de marchandises du Grand Montr\u00e9al autour d&#039;objectifs communs, d&#039;actions concert\u00e9es\",\"potentialAction\":[{\"@type\":\"SearchAction\",\"target\":{\"@type\":\"EntryPoint\",\"urlTemplate\":\"https:\\\/\\\/www.cargo-montreal.ca\\\/fr\\\/?s={search_term_string}\"},\"query-input\":{\"@type\":\"PropertyValueSpecification\",\"valueRequired\":true,\"valueName\":\"search_term_string\"}}],\"inLanguage\":\"fr-FR\"},{\"@type\":\"Person\",\"@id\":\"https:\\\/\\\/www.cargo-montreal.ca\\\/fr\\\/#\\\/schema\\\/person\\\/80476d173ce654813db9fd1533901365\",\"name\":\"Karine Dudognon\",\"image\":{\"@type\":\"ImageObject\",\"inLanguage\":\"fr-FR\",\"@id\":\"https:\\\/\\\/secure.gravatar.com\\\/avatar\\\/673bdfb703a9b6685a88bc7dfb04a9ea2b48b30e9d1663a5e759a4e9bfa3e2c0?s=96&d=mm&r=g\",\"url\":\"https:\\\/\\\/secure.gravatar.com\\\/avatar\\\/673bdfb703a9b6685a88bc7dfb04a9ea2b48b30e9d1663a5e759a4e9bfa3e2c0?s=96&d=mm&r=g\",\"contentUrl\":\"https:\\\/\\\/secure.gravatar.com\\\/avatar\\\/673bdfb703a9b6685a88bc7dfb04a9ea2b48b30e9d1663a5e759a4e9bfa3e2c0?s=96&d=mm&r=g\",\"caption\":\"Karine Dudognon\"},\"url\":\"https:\\\/\\\/www.cargo-montreal.ca\\\/fr\\\/author\\\/karine\\\/\"}]}<\/script>\n<!-- \/ Yoast SEO plugin. -->","yoast_head_json":{"title":"\ud83d\udcc5 Ne manquez pas notre 5 \u00e0 7 de la rentr\u00e9e - CargoM","robots":{"index":"index","follow":"follow","max-snippet":"max-snippet:-1","max-image-preview":"max-image-preview:large","max-video-preview":"max-video-preview:-1"},"canonical":"https:\/\/www.cargo-montreal.ca\/fr\/%f0%9f%93%85-ne-manquez-pas-notre-5-a-7-de-la-rentree\/","og_locale":"fr_FR","og_type":"article","og_title":"\ud83d\udcc5 Ne manquez pas notre 5 \u00e0 7 de la rentr\u00e9e - CargoM","og_description":"CargoM et\u00a0Cha\u00eene d&rsquo;approvisionnement Canada\u00a0sont heureuses de vous convier \u00e0 un 5 \u00e0 7 de la rentr\u00e9e qui aura lieu le\u00a026 septembre. Lors de cet \u00e9v\u00e9nement r\u00e9seautage, vous aurez l&rsquo;occasion d&rsquo;assister \u00e0 deux conf\u00e9rences portant sur le Centre zone franche et sur la synergie et l\u2019optimisation de la cha\u00eene logistique et d\u2019approvisionnement. Venez entendre nos conf\u00e9renciers [&hellip;]","og_url":"https:\/\/www.cargo-montreal.ca\/fr\/%f0%9f%93%85-ne-manquez-pas-notre-5-a-7-de-la-rentree\/","og_site_name":"CargoM","article_published_time":"2024-09-16T12:33:50+00:00","og_image":[{"width":869,"height":456,"url":"https:\/\/www.cargo-montreal.ca\/wp-content\/uploads\/2024\/09\/CargoM-2-conferenciers.png","type":"image\/png"}],"author":"Karine Dudognon","twitter_card":"summary_large_image","twitter_misc":{"\u00c9crit par":"Karine Dudognon","Dur\u00e9e de lecture estim\u00e9e":"1 minute"},"schema":{"@context":"https:\/\/schema.org","@graph":[{"@type":"Article","@id":"https:\/\/www.cargo-montreal.ca\/fr\/%f0%9f%93%85-ne-manquez-pas-notre-5-a-7-de-la-rentree\/#article","isPartOf":{"@id":"https:\/\/www.cargo-montreal.ca\/fr\/%f0%9f%93%85-ne-manquez-pas-notre-5-a-7-de-la-rentree\/"},"author":{"name":"Karine Dudognon","@id":"https:\/\/www.cargo-montreal.ca\/fr\/#\/schema\/person\/80476d173ce654813db9fd1533901365"},"headline":"\ud83d\udcc5 Ne manquez pas notre 5 \u00e0 7 de la rentr\u00e9e","datePublished":"2024-09-16T12:33:50+00:00","mainEntityOfPage":{"@id":"https:\/\/www.cargo-montreal.ca\/fr\/%f0%9f%93%85-ne-manquez-pas-notre-5-a-7-de-la-rentree\/"},"wordCount":159,"image":{"@id":"https:\/\/www.cargo-montreal.ca\/fr\/%f0%9f%93%85-ne-manquez-pas-notre-5-a-7-de-la-rentree\/#primaryimage"},"thumbnailUrl":"https:\/\/www.cargo-montreal.ca\/wp-content\/uploads\/2024\/09\/CargoM-2-conferenciers.png","articleSection":["Services logistiques"],"inLanguage":"fr-FR"},{"@type":"WebPage","@id":"https:\/\/www.cargo-montreal.ca\/fr\/%f0%9f%93%85-ne-manquez-pas-notre-5-a-7-de-la-rentree\/","url":"https:\/\/www.cargo-montreal.ca\/fr\/%f0%9f%93%85-ne-manquez-pas-notre-5-a-7-de-la-rentree\/","name":"\ud83d\udcc5 Ne manquez pas notre 5 \u00e0 7 de la rentr\u00e9e - CargoM","isPartOf":{"@id":"https:\/\/www.cargo-montreal.ca\/fr\/#website"},"primaryImageOfPage":{"@id":"https:\/\/www.cargo-montreal.ca\/fr\/%f0%9f%93%85-ne-manquez-pas-notre-5-a-7-de-la-rentree\/#primaryimage"},"image":{"@id":"https:\/\/www.cargo-montreal.ca\/fr\/%f0%9f%93%85-ne-manquez-pas-notre-5-a-7-de-la-rentree\/#primaryimage"},"thumbnailUrl":"https:\/\/www.cargo-montreal.ca\/wp-content\/uploads\/2024\/09\/CargoM-2-conferenciers.png","datePublished":"2024-09-16T12:33:50+00:00","author":{"@id":"https:\/\/www.cargo-montreal.ca\/fr\/#\/schema\/person\/80476d173ce654813db9fd1533901365"},"breadcrumb":{"@id":"https:\/\/www.cargo-montreal.ca\/fr\/%f0%9f%93%85-ne-manquez-pas-notre-5-a-7-de-la-rentree\/#breadcrumb"},"inLanguage":"fr-FR","potentialAction":[{"@type":"ReadAction","target":["https:\/\/www.cargo-montreal.ca\/fr\/%f0%9f%93%85-ne-manquez-pas-notre-5-a-7-de-la-rentree\/"]}]},{"@type":"ImageObject","inLanguage":"fr-FR","@id":"https:\/\/www.cargo-montreal.ca\/fr\/%f0%9f%93%85-ne-manquez-pas-notre-5-a-7-de-la-rentree\/#primaryimage","url":"https:\/\/www.cargo-montreal.ca\/wp-content\/uploads\/2024\/09\/CargoM-2-conferenciers.png","contentUrl":"https:\/\/www.cargo-montreal.ca\/wp-content\/uploads\/2024\/09\/CargoM-2-conferenciers.png","width":869,"height":456},{"@type":"BreadcrumbList","@id":"https:\/\/www.cargo-montreal.ca\/fr\/%f0%9f%93%85-ne-manquez-pas-notre-5-a-7-de-la-rentree\/#breadcrumb","itemListElement":[{"@type":"ListItem","position":1,"name":"Home","item":"https:\/\/www.cargo-montreal.ca\/fr\/"},{"@type":"ListItem","position":2,"name":"\ud83d\udcc5 Ne manquez pas notre 5 \u00e0 7 de la rentr\u00e9e"}]},{"@type":"WebSite","@id":"https:\/\/www.cargo-montreal.ca\/fr\/#website","url":"https:\/\/www.cargo-montreal.ca\/fr\/","name":"CargoM","description":"La mission de CargoM: Rassembler les acteurs de la logistique &amp; du transport de marchandises du Grand Montr\u00e9al autour d&#039;objectifs communs, d&#039;actions concert\u00e9es","potentialAction":[{"@type":"SearchAction","target":{"@type":"EntryPoint","urlTemplate":"https:\/\/www.cargo-montreal.ca\/fr\/?s={search_term_string}"},"query-input":{"@type":"PropertyValueSpecification","valueRequired":true,"valueName":"search_term_string"}}],"inLanguage":"fr-FR"},{"@type":"Person","@id":"https:\/\/www.cargo-montreal.ca\/fr\/#\/schema\/person\/80476d173ce654813db9fd1533901365","name":"Karine Dudognon","image":{"@type":"ImageObject","inLanguage":"fr-FR","@id":"https:\/\/secure.gravatar.com\/avatar\/673bdfb703a9b6685a88bc7dfb04a9ea2b48b30e9d1663a5e759a4e9bfa3e2c0?s=96&d=mm&r=g","url":"https:\/\/secure.gravatar.com\/avatar\/673bdfb703a9b6685a88bc7dfb04a9ea2b48b30e9d1663a5e759a4e9bfa3e2c0?s=96&d=mm&r=g","contentUrl":"https:\/\/secure.gravatar.com\/avatar\/673bdfb703a9b6685a88bc7dfb04a9ea2b48b30e9d1663a5e759a4e9bfa3e2c0?s=96&d=mm&r=g","caption":"Karine Dudognon"},"url":"https:\/\/www.cargo-montreal.ca\/fr\/author\/karine\/"}]}},"_links":{"self":[{"href":"https:\/\/www.cargo-montreal.ca\/fr\/wp-json\/wp\/v2\/posts\/17291","targetHints":{"allow":["GET"]}}],"collection":[{"href":"https:\/\/www.cargo-montreal.ca\/fr\/wp-json\/wp\/v2\/posts"}],"about":[{"href":"https:\/\/www.cargo-montreal.ca\/fr\/wp-json\/wp\/v2\/types\/post"}],"author":[{"embeddable":true,"href":"https:\/\/www.cargo-montreal.ca\/fr\/wp-json\/wp\/v2\/users\/39"}],"replies":[{"embeddable":true,"href":"https:\/\/www.cargo-montreal.ca\/fr\/wp-json\/wp\/v2\/comments?post=17291"}],"version-history":[{"count":1,"href":"https:\/\/www.cargo-montreal.ca\/fr\/wp-json\/wp\/v2\/posts\/17291\/revisions"}],"predecessor-version":[{"id":17308,"href":"https:\/\/www.cargo-montreal.ca\/fr\/wp-json\/wp\/v2\/posts\/17291\/revisions\/17308"}],"wp:featuredmedia":[{"embeddable":true,"href":"https:\/\/www.cargo-montreal.ca\/fr\/wp-json\/wp\/v2\/media\/17296"}],"wp:attachment":[{"href":"https:\/\/www.cargo-montreal.ca\/fr\/wp-json\/wp\/v2\/media?parent=17291"}],"wp:term":[{"taxonomy":"category","embeddable":true,"href":"https:\/\/www.cargo-montreal.ca\/fr\/wp-json\/wp\/v2\/categories?post=17291"},{"taxonomy":"post_tag","embeddable":true,"href":"https:\/\/www.cargo-montreal.ca\/fr\/wp-json\/wp\/v2\/tags?post=17291"}],"curies":[{"name":"wp","href":"https:\/\/api.w.org\/{rel}","templated":true}]}}