{"id":17326,"date":"2024-09-16T12:47:39","date_gmt":"2024-09-16T12:47:39","guid":{"rendered":"https:\/\/www.cargo-montreal.ca\/?p=17326"},"modified":"2024-09-16T12:47:39","modified_gmt":"2024-09-16T12:47:39","slug":"calendrier-des-evenements-14","status":"publish","type":"post","link":"https:\/\/www.cargo-montreal.ca\/fr\/calendrier-des-evenements-14\/","title":{"rendered":"Calendrier des \u00e9v\u00e9nements"},"content":{"rendered":"<p>Ne manquez pas les \u00e9v\u00e9nements suivants. Si vous souhaitez que CargoM ajoute votre \u00e9v\u00e9nement \u00e0 son\u00a0<a href=\"https:\/\/www.cargo-montreal.ca\/fr\/calendrier\/\" target=\"_blank\" rel=\"noopener\" data-hs-link-id=\"0\">calendrier<\/a>, contactez Mme\u00a0<a href=\"mailto:kdudognon@cargo-montreal.ca\" target=\"_blank\" rel=\"noopener\" data-hs-link-id=\"0\">Karine Dudognon<\/a>.\u00a0<\/p>\r\n<p align=\"justify\">22 septembre 2024 \u2013\u00a0<a href=\"https:\/\/www.port-montreal.com\/fr\/le-port-de-montreal\/nouvelles-et-evenements\/evenements\/journee-portuaire-2024?fbclid=IwY2xjawFNbdJleHRuA2FlbQIxMAABHSLepyiYvSbkW-fHf96ZdA-G6OlGBGwgaXbViLgfuaYbC2l1DoSe41B-WA_aem_bX0ZXWB4nZ8YBB2woN3duw\" target=\"_blank\" rel=\"noopener\" data-hs-link-id=\"2\">Journ\u00e9e portuaire<\/a>\u00a0\u2013\u00a0<a href=\"https:\/\/www.port-montreal.com\/fr\/\" target=\"_blank\" rel=\"noopener\" data-hs-link-id=\"1\">Port de Montr\u00e9al<\/a><\/p>\r\n<p align=\"justify\">\u25b6\ufe0f26 septembre 2024 \u2013\u00a0<a href=\"https:\/\/www.supplychaincanada.com\/fr\/events\/10\/5-a-7-de-la-rentree-2106\" target=\"_blank\" rel=\"noopener\" data-hs-link-id=\"2\">5 \u00e0 7 de la rentr\u00e9e<\/a>\u00a0\u2013\u00a0<a href=\"https:\/\/www.supplychaincanada.com\/fr\" target=\"_blank\" rel=\"noopener\" data-hs-link-id=\"1\">Cha\u00eene d\u2019approvisionnement Canada<\/a>\u00a0et\u00a0<a href=\"https:\/\/www.cargo-montreal.ca\/fr\/\" target=\"_blank\" rel=\"noopener\" data-hs-link-id=\"0\">CargoM<\/a><\/p>\r\n<p align=\"justify\">\u25b6\ufe0f2 et 3 octobre 2024 \u2013\u00a0<a href=\"https:\/\/www.cargo-montreal.ca\/fr\/activities\/cargom-organise\/journee-carriere-cargom\/\" target=\"_blank\" rel=\"noopener\" data-hs-link-id=\"2\">Journ\u00e9e carri\u00e8res en transport et logistique de CargoM<\/a>\u00a0\u2013\u00a0<a href=\"https:\/\/www.cargo-montreal.ca\/fr\/\" target=\"_blank\" rel=\"noopener\" data-hs-link-id=\"1\">CargoM<\/a><\/p>\r\n<p>9 octobre 2024 \u2013\u00a0<a href=\"https:\/\/www.carrefour-acq.org\/evenements\/colloque\" target=\"_blank\" rel=\"noopener\" data-hs-link-id=\"0\">Colloque \u00c9nergies alternatives<\/a>\u00a0\u2013\u00a0<a href=\"https:\/\/www.carrefour-acq.org\/\" target=\"_blank\" rel=\"noopener\" data-hs-link-id=\"0\">Association du camionnage du Qu\u00e9bec (ACQ)<\/a><\/p>\r\n<p align=\"justify\">22 octobre 2024 \u2013\u00a0<a href=\"https:\/\/st-laurent.org\/evenement\/journee-maritime-quebecoise-2024\/\" target=\"_blank\" rel=\"noopener\" data-hs-link-id=\"0\">Journ\u00e9e maritime qu\u00e9b\u00e9coise<\/a>\u00a0\u2013\u00a0<a href=\"https:\/\/st-laurent.org\/\" target=\"_blank\" rel=\"noopener\" data-hs-link-id=\"0\">Soci\u00e9t\u00e9 de d\u00e9veloppement \u00e9conomique du Saint-Laurent<\/a>,\u00a0<a href=\"https:\/\/www.armateurs-du-st-laurent.org\/\" target=\"_blank\" rel=\"noopener\" data-hs-link-id=\"0\">Armateurs du Saint-Laurent<\/a>,\u00a0<a href=\"https:\/\/www.csmoim.qc.ca\/\" target=\"_blank\" rel=\"noopener\" data-hs-link-id=\"0\">Comit\u00e9 sectoriel de main-d\u2019\u0153uvre de l\u2019industrie maritime<\/a><\/p>\r\n<p align=\"justify\">22 octobre 2024 \u2013\u00a0<a href=\"https:\/\/www.supplychaincanada.com\/fr\/events\/10\/conference-eisl-x-cac-2113\" target=\"_blank\" rel=\"noopener\" data-hs-link-id=\"1\">Les opportunit\u00e9s des cha\u00eenes d&rsquo;approvisionnement au Qu\u00e9bec<\/a>\u00a0\u2013\u00a0<a href=\"https:\/\/excellence-industrielle.ca\/\" target=\"_blank\" rel=\"noopener\" data-hs-link-id=\"0\">Excellence Industrielle<\/a>\u00a0et\u00a0<a href=\"https:\/\/www.supplychaincanada.com\/fr\" target=\"_blank\" rel=\"noopener\" data-hs-link-id=\"2\">Cha\u00eene d\u2019approvisionnement Canada &#8211; Corporation du Qu\u00e9bec<\/a><\/p>\r\n<p align=\"justify\">24 octobre 2024 \u2013\u00a0<a href=\"https:\/\/www.carrefour-acq.org\/evenements\/le-grand-diner-de-lacq\" target=\"_blank\" rel=\"noopener\" data-hs-link-id=\"0\">Le grand d\u00eener de l\u2019ACQ<\/a>\u00a0\u2013\u00a0<a href=\"https:\/\/www.carrefour-acq.org\/\" target=\"_blank\" rel=\"noopener\" data-hs-link-id=\"1\">Association du camionnage du Qu\u00e9bec (ACQ)<\/a><\/p>","protected":false},"excerpt":{"rendered":"Ne manquez pas les \u00e9v\u00e9nements suivants. Si vous souhaitez que CargoM ajoute votre \u00e9v\u00e9nement \u00e0 son\u00a0calendrier, contactez Mme\u00a0Karine Dudognon.\u00a0 22 septembre 2024 \u2013\u00a0Journ\u00e9e portuaire\u00a0\u2013\u00a0Port de Montr\u00e9al \u25b6\ufe0f26 septembre 2024 \u2013\u00a05 \u00e0 7 de la rentr\u00e9e\u00a0\u2013\u00a0Cha\u00eene d\u2019approvisionnement Canada\u00a0et\u00a0CargoM \u25b6\ufe0f2 et 3 octobre 2024 \u2013\u00a0Journ\u00e9e carri\u00e8res en transport et logistique de CargoM\u00a0\u2013\u00a0CargoM 9 octobre 2024 \u2013\u00a0Colloque \u00c9nergies [&hellip;]","protected":false},"author":39,"featured_media":17294,"comment_status":"closed","ping_status":"closed","sticky":false,"template":"","format":"standard","meta":{"_acf_changed":false,"footnotes":""},"categories":[20],"tags":[],"class_list":["post-17326","post","type-post","status-publish","format-standard","has-post-thumbnail","hentry","category-services-logistiques"],"acf":[],"yoast_head":"<!-- This site is optimized with the Yoast SEO plugin v27.3 - https:\/\/yoast.com\/product\/yoast-seo-wordpress\/ -->\n<title>Calendrier des \u00e9v\u00e9nements - CargoM<\/title>\n<meta name=\"robots\" content=\"index, follow, max-snippet:-1, max-image-preview:large, max-video-preview:-1\" \/>\n<link rel=\"canonical\" href=\"https:\/\/www.cargo-montreal.ca\/fr\/calendrier-des-evenements-14\/\" \/>\n<meta property=\"og:locale\" content=\"fr_FR\" \/>\n<meta property=\"og:type\" content=\"article\" \/>\n<meta property=\"og:title\" content=\"Calendrier des \u00e9v\u00e9nements - CargoM\" \/>\n<meta property=\"og:description\" content=\"Ne manquez pas les \u00e9v\u00e9nements suivants. Si vous souhaitez que CargoM ajoute votre \u00e9v\u00e9nement \u00e0 son\u00a0calendrier, contactez Mme\u00a0Karine Dudognon.\u00a0 22 septembre 2024 \u2013\u00a0Journ\u00e9e portuaire\u00a0\u2013\u00a0Port de Montr\u00e9al \u25b6\ufe0f26 septembre 2024 \u2013\u00a05 \u00e0 7 de la rentr\u00e9e\u00a0\u2013\u00a0Cha\u00eene d\u2019approvisionnement Canada\u00a0et\u00a0CargoM \u25b6\ufe0f2 et 3 octobre 2024 \u2013\u00a0Journ\u00e9e carri\u00e8res en transport et logistique de CargoM\u00a0\u2013\u00a0CargoM 9 octobre 2024 \u2013\u00a0Colloque \u00c9nergies [&hellip;]\" \/>\n<meta property=\"og:url\" content=\"https:\/\/www.cargo-montreal.ca\/fr\/calendrier-des-evenements-14\/\" \/>\n<meta property=\"og:site_name\" content=\"CargoM\" \/>\n<meta property=\"article:published_time\" content=\"2024-09-16T12:47:39+00:00\" \/>\n<meta property=\"og:image\" content=\"https:\/\/www.cargo-montreal.ca\/wp-content\/uploads\/2024\/09\/Appro-Evenement-banniere_V3.jpg\" \/>\n\t<meta property=\"og:image:width\" content=\"1920\" \/>\n\t<meta property=\"og:image:height\" content=\"1080\" \/>\n\t<meta property=\"og:image:type\" content=\"image\/jpeg\" \/>\n<meta name=\"author\" content=\"Karine Dudognon\" \/>\n<meta name=\"twitter:card\" content=\"summary_large_image\" \/>\n<meta name=\"twitter:label1\" content=\"\u00c9crit par\" \/>\n\t<meta name=\"twitter:data1\" content=\"Karine Dudognon\" \/>\n\t<meta name=\"twitter:label2\" content=\"Dur\u00e9e de lecture estim\u00e9e\" \/>\n\t<meta name=\"twitter:data2\" content=\"1 minute\" \/>\n<script type=\"application\/ld+json\" class=\"yoast-schema-graph\">{\"@context\":\"https:\\\/\\\/schema.org\",\"@graph\":[{\"@type\":\"Article\",\"@id\":\"https:\\\/\\\/www.cargo-montreal.ca\\\/fr\\\/calendrier-des-evenements-14\\\/#article\",\"isPartOf\":{\"@id\":\"https:\\\/\\\/www.cargo-montreal.ca\\\/fr\\\/calendrier-des-evenements-14\\\/\"},\"author\":{\"name\":\"Karine Dudognon\",\"@id\":\"https:\\\/\\\/www.cargo-montreal.ca\\\/fr\\\/#\\\/schema\\\/person\\\/80476d173ce654813db9fd1533901365\"},\"headline\":\"Calendrier des \u00e9v\u00e9nements\",\"datePublished\":\"2024-09-16T12:47:39+00:00\",\"mainEntityOfPage\":{\"@id\":\"https:\\\/\\\/www.cargo-montreal.ca\\\/fr\\\/calendrier-des-evenements-14\\\/\"},\"wordCount\":137,\"image\":{\"@id\":\"https:\\\/\\\/www.cargo-montreal.ca\\\/fr\\\/calendrier-des-evenements-14\\\/#primaryimage\"},\"thumbnailUrl\":\"https:\\\/\\\/www.cargo-montreal.ca\\\/wp-content\\\/uploads\\\/2024\\\/09\\\/Appro-Evenement-banniere_V3.jpg\",\"articleSection\":[\"Services logistiques\"],\"inLanguage\":\"fr-FR\"},{\"@type\":\"WebPage\",\"@id\":\"https:\\\/\\\/www.cargo-montreal.ca\\\/fr\\\/calendrier-des-evenements-14\\\/\",\"url\":\"https:\\\/\\\/www.cargo-montreal.ca\\\/fr\\\/calendrier-des-evenements-14\\\/\",\"name\":\"Calendrier des \u00e9v\u00e9nements - CargoM\",\"isPartOf\":{\"@id\":\"https:\\\/\\\/www.cargo-montreal.ca\\\/fr\\\/#website\"},\"primaryImageOfPage\":{\"@id\":\"https:\\\/\\\/www.cargo-montreal.ca\\\/fr\\\/calendrier-des-evenements-14\\\/#primaryimage\"},\"image\":{\"@id\":\"https:\\\/\\\/www.cargo-montreal.ca\\\/fr\\\/calendrier-des-evenements-14\\\/#primaryimage\"},\"thumbnailUrl\":\"https:\\\/\\\/www.cargo-montreal.ca\\\/wp-content\\\/uploads\\\/2024\\\/09\\\/Appro-Evenement-banniere_V3.jpg\",\"datePublished\":\"2024-09-16T12:47:39+00:00\",\"author\":{\"@id\":\"https:\\\/\\\/www.cargo-montreal.ca\\\/fr\\\/#\\\/schema\\\/person\\\/80476d173ce654813db9fd1533901365\"},\"breadcrumb\":{\"@id\":\"https:\\\/\\\/www.cargo-montreal.ca\\\/fr\\\/calendrier-des-evenements-14\\\/#breadcrumb\"},\"inLanguage\":\"fr-FR\",\"potentialAction\":[{\"@type\":\"ReadAction\",\"target\":[\"https:\\\/\\\/www.cargo-montreal.ca\\\/fr\\\/calendrier-des-evenements-14\\\/\"]}]},{\"@type\":\"ImageObject\",\"inLanguage\":\"fr-FR\",\"@id\":\"https:\\\/\\\/www.cargo-montreal.ca\\\/fr\\\/calendrier-des-evenements-14\\\/#primaryimage\",\"url\":\"https:\\\/\\\/www.cargo-montreal.ca\\\/wp-content\\\/uploads\\\/2024\\\/09\\\/Appro-Evenement-banniere_V3.jpg\",\"contentUrl\":\"https:\\\/\\\/www.cargo-montreal.ca\\\/wp-content\\\/uploads\\\/2024\\\/09\\\/Appro-Evenement-banniere_V3.jpg\",\"width\":1920,\"height\":1080},{\"@type\":\"BreadcrumbList\",\"@id\":\"https:\\\/\\\/www.cargo-montreal.ca\\\/fr\\\/calendrier-des-evenements-14\\\/#breadcrumb\",\"itemListElement\":[{\"@type\":\"ListItem\",\"position\":1,\"name\":\"Home\",\"item\":\"https:\\\/\\\/www.cargo-montreal.ca\\\/fr\\\/\"},{\"@type\":\"ListItem\",\"position\":2,\"name\":\"Calendrier des \u00e9v\u00e9nements\"}]},{\"@type\":\"WebSite\",\"@id\":\"https:\\\/\\\/www.cargo-montreal.ca\\\/fr\\\/#website\",\"url\":\"https:\\\/\\\/www.cargo-montreal.ca\\\/fr\\\/\",\"name\":\"CargoM\",\"description\":\"La mission de CargoM: Rassembler les acteurs de la logistique &amp; du transport de marchandises du Grand Montr\u00e9al autour d&#039;objectifs communs, d&#039;actions concert\u00e9es\",\"potentialAction\":[{\"@type\":\"SearchAction\",\"target\":{\"@type\":\"EntryPoint\",\"urlTemplate\":\"https:\\\/\\\/www.cargo-montreal.ca\\\/fr\\\/?s={search_term_string}\"},\"query-input\":{\"@type\":\"PropertyValueSpecification\",\"valueRequired\":true,\"valueName\":\"search_term_string\"}}],\"inLanguage\":\"fr-FR\"},{\"@type\":\"Person\",\"@id\":\"https:\\\/\\\/www.cargo-montreal.ca\\\/fr\\\/#\\\/schema\\\/person\\\/80476d173ce654813db9fd1533901365\",\"name\":\"Karine Dudognon\",\"image\":{\"@type\":\"ImageObject\",\"inLanguage\":\"fr-FR\",\"@id\":\"https:\\\/\\\/secure.gravatar.com\\\/avatar\\\/673bdfb703a9b6685a88bc7dfb04a9ea2b48b30e9d1663a5e759a4e9bfa3e2c0?s=96&d=mm&r=g\",\"url\":\"https:\\\/\\\/secure.gravatar.com\\\/avatar\\\/673bdfb703a9b6685a88bc7dfb04a9ea2b48b30e9d1663a5e759a4e9bfa3e2c0?s=96&d=mm&r=g\",\"contentUrl\":\"https:\\\/\\\/secure.gravatar.com\\\/avatar\\\/673bdfb703a9b6685a88bc7dfb04a9ea2b48b30e9d1663a5e759a4e9bfa3e2c0?s=96&d=mm&r=g\",\"caption\":\"Karine Dudognon\"},\"url\":\"https:\\\/\\\/www.cargo-montreal.ca\\\/fr\\\/author\\\/karine\\\/\"}]}<\/script>\n<!-- \/ Yoast SEO plugin. -->","yoast_head_json":{"title":"Calendrier des \u00e9v\u00e9nements - CargoM","robots":{"index":"index","follow":"follow","max-snippet":"max-snippet:-1","max-image-preview":"max-image-preview:large","max-video-preview":"max-video-preview:-1"},"canonical":"https:\/\/www.cargo-montreal.ca\/fr\/calendrier-des-evenements-14\/","og_locale":"fr_FR","og_type":"article","og_title":"Calendrier des \u00e9v\u00e9nements - CargoM","og_description":"Ne manquez pas les \u00e9v\u00e9nements suivants. Si vous souhaitez que CargoM ajoute votre \u00e9v\u00e9nement \u00e0 son\u00a0calendrier, contactez Mme\u00a0Karine Dudognon.\u00a0 22 septembre 2024 \u2013\u00a0Journ\u00e9e portuaire\u00a0\u2013\u00a0Port de Montr\u00e9al \u25b6\ufe0f26 septembre 2024 \u2013\u00a05 \u00e0 7 de la rentr\u00e9e\u00a0\u2013\u00a0Cha\u00eene d\u2019approvisionnement Canada\u00a0et\u00a0CargoM \u25b6\ufe0f2 et 3 octobre 2024 \u2013\u00a0Journ\u00e9e carri\u00e8res en transport et logistique de CargoM\u00a0\u2013\u00a0CargoM 9 octobre 2024 \u2013\u00a0Colloque \u00c9nergies [&hellip;]","og_url":"https:\/\/www.cargo-montreal.ca\/fr\/calendrier-des-evenements-14\/","og_site_name":"CargoM","article_published_time":"2024-09-16T12:47:39+00:00","og_image":[{"width":1920,"height":1080,"url":"https:\/\/www.cargo-montreal.ca\/wp-content\/uploads\/2024\/09\/Appro-Evenement-banniere_V3.jpg","type":"image\/jpeg"}],"author":"Karine Dudognon","twitter_card":"summary_large_image","twitter_misc":{"\u00c9crit par":"Karine Dudognon","Dur\u00e9e de lecture estim\u00e9e":"1 minute"},"schema":{"@context":"https:\/\/schema.org","@graph":[{"@type":"Article","@id":"https:\/\/www.cargo-montreal.ca\/fr\/calendrier-des-evenements-14\/#article","isPartOf":{"@id":"https:\/\/www.cargo-montreal.ca\/fr\/calendrier-des-evenements-14\/"},"author":{"name":"Karine Dudognon","@id":"https:\/\/www.cargo-montreal.ca\/fr\/#\/schema\/person\/80476d173ce654813db9fd1533901365"},"headline":"Calendrier des \u00e9v\u00e9nements","datePublished":"2024-09-16T12:47:39+00:00","mainEntityOfPage":{"@id":"https:\/\/www.cargo-montreal.ca\/fr\/calendrier-des-evenements-14\/"},"wordCount":137,"image":{"@id":"https:\/\/www.cargo-montreal.ca\/fr\/calendrier-des-evenements-14\/#primaryimage"},"thumbnailUrl":"https:\/\/www.cargo-montreal.ca\/wp-content\/uploads\/2024\/09\/Appro-Evenement-banniere_V3.jpg","articleSection":["Services logistiques"],"inLanguage":"fr-FR"},{"@type":"WebPage","@id":"https:\/\/www.cargo-montreal.ca\/fr\/calendrier-des-evenements-14\/","url":"https:\/\/www.cargo-montreal.ca\/fr\/calendrier-des-evenements-14\/","name":"Calendrier des \u00e9v\u00e9nements - CargoM","isPartOf":{"@id":"https:\/\/www.cargo-montreal.ca\/fr\/#website"},"primaryImageOfPage":{"@id":"https:\/\/www.cargo-montreal.ca\/fr\/calendrier-des-evenements-14\/#primaryimage"},"image":{"@id":"https:\/\/www.cargo-montreal.ca\/fr\/calendrier-des-evenements-14\/#primaryimage"},"thumbnailUrl":"https:\/\/www.cargo-montreal.ca\/wp-content\/uploads\/2024\/09\/Appro-Evenement-banniere_V3.jpg","datePublished":"2024-09-16T12:47:39+00:00","author":{"@id":"https:\/\/www.cargo-montreal.ca\/fr\/#\/schema\/person\/80476d173ce654813db9fd1533901365"},"breadcrumb":{"@id":"https:\/\/www.cargo-montreal.ca\/fr\/calendrier-des-evenements-14\/#breadcrumb"},"inLanguage":"fr-FR","potentialAction":[{"@type":"ReadAction","target":["https:\/\/www.cargo-montreal.ca\/fr\/calendrier-des-evenements-14\/"]}]},{"@type":"ImageObject","inLanguage":"fr-FR","@id":"https:\/\/www.cargo-montreal.ca\/fr\/calendrier-des-evenements-14\/#primaryimage","url":"https:\/\/www.cargo-montreal.ca\/wp-content\/uploads\/2024\/09\/Appro-Evenement-banniere_V3.jpg","contentUrl":"https:\/\/www.cargo-montreal.ca\/wp-content\/uploads\/2024\/09\/Appro-Evenement-banniere_V3.jpg","width":1920,"height":1080},{"@type":"BreadcrumbList","@id":"https:\/\/www.cargo-montreal.ca\/fr\/calendrier-des-evenements-14\/#breadcrumb","itemListElement":[{"@type":"ListItem","position":1,"name":"Home","item":"https:\/\/www.cargo-montreal.ca\/fr\/"},{"@type":"ListItem","position":2,"name":"Calendrier des \u00e9v\u00e9nements"}]},{"@type":"WebSite","@id":"https:\/\/www.cargo-montreal.ca\/fr\/#website","url":"https:\/\/www.cargo-montreal.ca\/fr\/","name":"CargoM","description":"La mission de CargoM: Rassembler les acteurs de la logistique &amp; du transport de marchandises du Grand Montr\u00e9al autour d&#039;objectifs communs, d&#039;actions concert\u00e9es","potentialAction":[{"@type":"SearchAction","target":{"@type":"EntryPoint","urlTemplate":"https:\/\/www.cargo-montreal.ca\/fr\/?s={search_term_string}"},"query-input":{"@type":"PropertyValueSpecification","valueRequired":true,"valueName":"search_term_string"}}],"inLanguage":"fr-FR"},{"@type":"Person","@id":"https:\/\/www.cargo-montreal.ca\/fr\/#\/schema\/person\/80476d173ce654813db9fd1533901365","name":"Karine Dudognon","image":{"@type":"ImageObject","inLanguage":"fr-FR","@id":"https:\/\/secure.gravatar.com\/avatar\/673bdfb703a9b6685a88bc7dfb04a9ea2b48b30e9d1663a5e759a4e9bfa3e2c0?s=96&d=mm&r=g","url":"https:\/\/secure.gravatar.com\/avatar\/673bdfb703a9b6685a88bc7dfb04a9ea2b48b30e9d1663a5e759a4e9bfa3e2c0?s=96&d=mm&r=g","contentUrl":"https:\/\/secure.gravatar.com\/avatar\/673bdfb703a9b6685a88bc7dfb04a9ea2b48b30e9d1663a5e759a4e9bfa3e2c0?s=96&d=mm&r=g","caption":"Karine Dudognon"},"url":"https:\/\/www.cargo-montreal.ca\/fr\/author\/karine\/"}]}},"_links":{"self":[{"href":"https:\/\/www.cargo-montreal.ca\/fr\/wp-json\/wp\/v2\/posts\/17326","targetHints":{"allow":["GET"]}}],"collection":[{"href":"https:\/\/www.cargo-montreal.ca\/fr\/wp-json\/wp\/v2\/posts"}],"about":[{"href":"https:\/\/www.cargo-montreal.ca\/fr\/wp-json\/wp\/v2\/types\/post"}],"author":[{"embeddable":true,"href":"https:\/\/www.cargo-montreal.ca\/fr\/wp-json\/wp\/v2\/users\/39"}],"replies":[{"embeddable":true,"href":"https:\/\/www.cargo-montreal.ca\/fr\/wp-json\/wp\/v2\/comments?post=17326"}],"version-history":[{"count":1,"href":"https:\/\/www.cargo-montreal.ca\/fr\/wp-json\/wp\/v2\/posts\/17326\/revisions"}],"predecessor-version":[{"id":17327,"href":"https:\/\/www.cargo-montreal.ca\/fr\/wp-json\/wp\/v2\/posts\/17326\/revisions\/17327"}],"wp:featuredmedia":[{"embeddable":true,"href":"https:\/\/www.cargo-montreal.ca\/fr\/wp-json\/wp\/v2\/media\/17294"}],"wp:attachment":[{"href":"https:\/\/www.cargo-montreal.ca\/fr\/wp-json\/wp\/v2\/media?parent=17326"}],"wp:term":[{"taxonomy":"category","embeddable":true,"href":"https:\/\/www.cargo-montreal.ca\/fr\/wp-json\/wp\/v2\/categories?post=17326"},{"taxonomy":"post_tag","embeddable":true,"href":"https:\/\/www.cargo-montreal.ca\/fr\/wp-json\/wp\/v2\/tags?post=17326"}],"curies":[{"name":"wp","href":"https:\/\/api.w.org\/{rel}","templated":true}]}}