{"id":17487,"date":"2024-10-26T01:56:37","date_gmt":"2024-10-26T01:56:37","guid":{"rendered":"https:\/\/www.cargo-montreal.ca\/?p=17487"},"modified":"2024-10-26T01:56:37","modified_gmt":"2024-10-26T01:56:37","slug":"plan-daction-de-la-politique-de-mobilite-durable-pmd-2030","status":"publish","type":"post","link":"https:\/\/www.cargo-montreal.ca\/fr\/plan-daction-de-la-politique-de-mobilite-durable-pmd-2030\/","title":{"rendered":"Plan d\u2019action de la Politique de mobilit\u00e9 durable (PMD) 2030"},"content":{"rendered":"<p>En vue de l\u2019\u00e9laboration du prochain Plan d\u2019action de la Politique de mobilit\u00e9 durable (PMD) CargoM a sign\u00e9, avec 16 autres organismes de la soci\u00e9t\u00e9 civile, une lettre ouverte r\u00e9affirmant son engagement \u00e0 contribuer activement \u00e0 la transformation de la mobilit\u00e9 durable au Qu\u00e9bec.\u00a0<\/p>\r\n<p>Les organismes affirment qu\u2019en plus de r\u00e9pondre aux objectifs environnementaux de d\u00e9carbonation, le nouveau Plan d&rsquo;action du PMD peut permettre d\u2019augmenter la comp\u00e9titivit\u00e9 du Qu\u00e9bec dans une \u00e9conomie mondiale tout en servant de levier.<\/p>\r\n<p>Pour ce qui est du transport de marchandises, selon les signataires,\u00a0\u00ab \u2026 il joue un r\u00f4le central dans notre \u00e9conomie. Optimiser les modes de transport, en particulier pour les longues distances, permet non seulement de r\u00e9duire les co\u00fbts op\u00e9rationnels, mais aussi de diminuer consid\u00e9rablement les \u00e9missions de gaz \u00e0 effet de serre. En modernisant la cha\u00eene logistique, les entreprises qu\u00e9b\u00e9coises pourront non seulement se conformer aux cibles climatiques, mais aussi se positionner en tant que leaders dans un march\u00e9 mondial en pleine transition verte. C\u2019est un double gain\u00a0: une \u00e9conomie plus verte et des entreprises plus comp\u00e9titives \u00e0 l\u2019international. \u00bb<\/p>\r\n<p><a href=\"https:\/\/info.cargo-montreal.ca\/e3t\/Ctc\/ZU+113\/d11nbd04\/VVMH2Y5Sxx4_W8xLTx92N_bF3W2jjqKJ5mBbLvN5r_RQH5kvg0W69t95C6lZ3l9N8BlQv_cyv48W4XP_0V511yvxW2GsKp28k5BrRW9lSzws16ZDzbN2-kTT16RpSDW63lwmP5nGWWlW69hXt23Vh-81W6s90lP29-qqLW2_k0KQ2tKff0W2pwTF811wbb-W5jcvsD8TXxwpW2wfbxr3df9tkW6HN3gf60q5mrN8WPngLW0wJNW5q28N380Q66lW3VTvTx4q783lN5m0x5yjrfw6W4wMQjv15xCjhW6y1pd156BRHQW32hB4n8JQq7GVVgYHV7Jx5FvW1TSKyz8t1jDBW7G5-xy73Sf3tW3QF5zy1BCP9rW1zwqm81ClwWmW4ymsxd6YSY2FN2Rf2gnY5V9hW5YT9Hm34v73sN5xcpBpVShCfN6Jkr1Plb35TW5Bdh9n6_VXGFN1JZ_xRlyJn_W4x37tX7N2TN7N6xBFnH4D1ByW4H3YC57K18qZN3jhypV3Zphwf75g2JP04\" target=\"_blank\" rel=\"noopener\" data-saferedirecturl=\"https:\/\/www.google.com\/url?q=https:\/\/info.cargo-montreal.ca\/e3t\/Ctc\/ZU%2B113\/d11nbd04\/VVMH2Y5Sxx4_W8xLTx92N_bF3W2jjqKJ5mBbLvN5r_RQH5kvg0W69t95C6lZ3l9N8BlQv_cyv48W4XP_0V511yvxW2GsKp28k5BrRW9lSzws16ZDzbN2-kTT16RpSDW63lwmP5nGWWlW69hXt23Vh-81W6s90lP29-qqLW2_k0KQ2tKff0W2pwTF811wbb-W5jcvsD8TXxwpW2wfbxr3df9tkW6HN3gf60q5mrN8WPngLW0wJNW5q28N380Q66lW3VTvTx4q783lN5m0x5yjrfw6W4wMQjv15xCjhW6y1pd156BRHQW32hB4n8JQq7GVVgYHV7Jx5FvW1TSKyz8t1jDBW7G5-xy73Sf3tW3QF5zy1BCP9rW1zwqm81ClwWmW4ymsxd6YSY2FN2Rf2gnY5V9hW5YT9Hm34v73sN5xcpBpVShCfN6Jkr1Plb35TW5Bdh9n6_VXGFN1JZ_xRlyJn_W4x37tX7N2TN7N6xBFnH4D1ByW4H3YC57K18qZN3jhypV3Zphwf75g2JP04&amp;source=gmail&amp;ust=1729994097552000&amp;usg=AOvVaw15b5C3CuKVSaPVriSF6pZG\">Lire toute la lettre ouverte<\/a><\/p>","protected":false},"excerpt":{"rendered":"En vue de l\u2019\u00e9laboration du prochain Plan d\u2019action de la Politique de mobilit\u00e9 durable (PMD) CargoM a sign\u00e9, avec 16 autres organismes de la soci\u00e9t\u00e9 civile, une lettre ouverte r\u00e9affirmant son engagement \u00e0 contribuer activement \u00e0 la transformation de la mobilit\u00e9 durable au Qu\u00e9bec.\u00a0 Les organismes affirment qu\u2019en plus de r\u00e9pondre aux objectifs environnementaux de [&hellip;]","protected":false},"author":39,"featured_media":17475,"comment_status":"closed","ping_status":"closed","sticky":false,"template":"","format":"standard","meta":{"_acf_changed":false,"footnotes":""},"categories":[20],"tags":[],"class_list":["post-17487","post","type-post","status-publish","format-standard","has-post-thumbnail","hentry","category-services-logistiques"],"acf":[],"yoast_head":"<!-- This site is optimized with the Yoast SEO plugin v27.3 - https:\/\/yoast.com\/product\/yoast-seo-wordpress\/ -->\n<title>Plan d\u2019action de la Politique de mobilit\u00e9 durable (PMD) 2030 - CargoM<\/title>\n<meta name=\"robots\" content=\"index, follow, max-snippet:-1, max-image-preview:large, max-video-preview:-1\" \/>\n<link rel=\"canonical\" href=\"https:\/\/www.cargo-montreal.ca\/fr\/plan-daction-de-la-politique-de-mobilite-durable-pmd-2030\/\" \/>\n<meta property=\"og:locale\" content=\"fr_FR\" \/>\n<meta property=\"og:type\" content=\"article\" \/>\n<meta property=\"og:title\" content=\"Plan d\u2019action de la Politique de mobilit\u00e9 durable (PMD) 2030 - CargoM\" \/>\n<meta property=\"og:description\" content=\"En vue de l\u2019\u00e9laboration du prochain Plan d\u2019action de la Politique de mobilit\u00e9 durable (PMD) CargoM a sign\u00e9, avec 16 autres organismes de la soci\u00e9t\u00e9 civile, une lettre ouverte r\u00e9affirmant son engagement \u00e0 contribuer activement \u00e0 la transformation de la mobilit\u00e9 durable au Qu\u00e9bec.\u00a0 Les organismes affirment qu\u2019en plus de r\u00e9pondre aux objectifs environnementaux de [&hellip;]\" \/>\n<meta property=\"og:url\" content=\"https:\/\/www.cargo-montreal.ca\/fr\/plan-daction-de-la-politique-de-mobilite-durable-pmd-2030\/\" \/>\n<meta property=\"og:site_name\" content=\"CargoM\" \/>\n<meta property=\"article:published_time\" content=\"2024-10-26T01:56:37+00:00\" \/>\n<meta property=\"og:image\" content=\"https:\/\/www.cargo-montreal.ca\/wp-content\/uploads\/2024\/10\/Petit-format-MobiliteV2.jpg\" \/>\n\t<meta property=\"og:image:width\" content=\"1989\" \/>\n\t<meta property=\"og:image:height\" content=\"1144\" \/>\n\t<meta property=\"og:image:type\" content=\"image\/jpeg\" \/>\n<meta name=\"author\" content=\"Karine Dudognon\" \/>\n<meta name=\"twitter:card\" content=\"summary_large_image\" \/>\n<meta name=\"twitter:label1\" content=\"\u00c9crit par\" \/>\n\t<meta name=\"twitter:data1\" content=\"Karine Dudognon\" \/>\n\t<meta name=\"twitter:label2\" content=\"Dur\u00e9e de lecture estim\u00e9e\" \/>\n\t<meta name=\"twitter:data2\" content=\"1 minute\" \/>\n<script type=\"application\/ld+json\" class=\"yoast-schema-graph\">{\"@context\":\"https:\\\/\\\/schema.org\",\"@graph\":[{\"@type\":\"Article\",\"@id\":\"https:\\\/\\\/www.cargo-montreal.ca\\\/fr\\\/plan-daction-de-la-politique-de-mobilite-durable-pmd-2030\\\/#article\",\"isPartOf\":{\"@id\":\"https:\\\/\\\/www.cargo-montreal.ca\\\/fr\\\/plan-daction-de-la-politique-de-mobilite-durable-pmd-2030\\\/\"},\"author\":{\"name\":\"Karine Dudognon\",\"@id\":\"https:\\\/\\\/www.cargo-montreal.ca\\\/fr\\\/#\\\/schema\\\/person\\\/80476d173ce654813db9fd1533901365\"},\"headline\":\"Plan d\u2019action de la Politique de mobilit\u00e9 durable (PMD) 2030\",\"datePublished\":\"2024-10-26T01:56:37+00:00\",\"mainEntityOfPage\":{\"@id\":\"https:\\\/\\\/www.cargo-montreal.ca\\\/fr\\\/plan-daction-de-la-politique-de-mobilite-durable-pmd-2030\\\/\"},\"wordCount\":209,\"image\":{\"@id\":\"https:\\\/\\\/www.cargo-montreal.ca\\\/fr\\\/plan-daction-de-la-politique-de-mobilite-durable-pmd-2030\\\/#primaryimage\"},\"thumbnailUrl\":\"https:\\\/\\\/www.cargo-montreal.ca\\\/wp-content\\\/uploads\\\/2024\\\/10\\\/Petit-format-MobiliteV2.jpg\",\"articleSection\":[\"Services logistiques\"],\"inLanguage\":\"fr-FR\"},{\"@type\":\"WebPage\",\"@id\":\"https:\\\/\\\/www.cargo-montreal.ca\\\/fr\\\/plan-daction-de-la-politique-de-mobilite-durable-pmd-2030\\\/\",\"url\":\"https:\\\/\\\/www.cargo-montreal.ca\\\/fr\\\/plan-daction-de-la-politique-de-mobilite-durable-pmd-2030\\\/\",\"name\":\"Plan d\u2019action de la Politique de mobilit\u00e9 durable (PMD) 2030 - CargoM\",\"isPartOf\":{\"@id\":\"https:\\\/\\\/www.cargo-montreal.ca\\\/fr\\\/#website\"},\"primaryImageOfPage\":{\"@id\":\"https:\\\/\\\/www.cargo-montreal.ca\\\/fr\\\/plan-daction-de-la-politique-de-mobilite-durable-pmd-2030\\\/#primaryimage\"},\"image\":{\"@id\":\"https:\\\/\\\/www.cargo-montreal.ca\\\/fr\\\/plan-daction-de-la-politique-de-mobilite-durable-pmd-2030\\\/#primaryimage\"},\"thumbnailUrl\":\"https:\\\/\\\/www.cargo-montreal.ca\\\/wp-content\\\/uploads\\\/2024\\\/10\\\/Petit-format-MobiliteV2.jpg\",\"datePublished\":\"2024-10-26T01:56:37+00:00\",\"author\":{\"@id\":\"https:\\\/\\\/www.cargo-montreal.ca\\\/fr\\\/#\\\/schema\\\/person\\\/80476d173ce654813db9fd1533901365\"},\"breadcrumb\":{\"@id\":\"https:\\\/\\\/www.cargo-montreal.ca\\\/fr\\\/plan-daction-de-la-politique-de-mobilite-durable-pmd-2030\\\/#breadcrumb\"},\"inLanguage\":\"fr-FR\",\"potentialAction\":[{\"@type\":\"ReadAction\",\"target\":[\"https:\\\/\\\/www.cargo-montreal.ca\\\/fr\\\/plan-daction-de-la-politique-de-mobilite-durable-pmd-2030\\\/\"]}]},{\"@type\":\"ImageObject\",\"inLanguage\":\"fr-FR\",\"@id\":\"https:\\\/\\\/www.cargo-montreal.ca\\\/fr\\\/plan-daction-de-la-politique-de-mobilite-durable-pmd-2030\\\/#primaryimage\",\"url\":\"https:\\\/\\\/www.cargo-montreal.ca\\\/wp-content\\\/uploads\\\/2024\\\/10\\\/Petit-format-MobiliteV2.jpg\",\"contentUrl\":\"https:\\\/\\\/www.cargo-montreal.ca\\\/wp-content\\\/uploads\\\/2024\\\/10\\\/Petit-format-MobiliteV2.jpg\",\"width\":1989,\"height\":1144},{\"@type\":\"BreadcrumbList\",\"@id\":\"https:\\\/\\\/www.cargo-montreal.ca\\\/fr\\\/plan-daction-de-la-politique-de-mobilite-durable-pmd-2030\\\/#breadcrumb\",\"itemListElement\":[{\"@type\":\"ListItem\",\"position\":1,\"name\":\"Home\",\"item\":\"https:\\\/\\\/www.cargo-montreal.ca\\\/fr\\\/\"},{\"@type\":\"ListItem\",\"position\":2,\"name\":\"Plan d\u2019action de la Politique de mobilit\u00e9 durable (PMD) 2030\"}]},{\"@type\":\"WebSite\",\"@id\":\"https:\\\/\\\/www.cargo-montreal.ca\\\/fr\\\/#website\",\"url\":\"https:\\\/\\\/www.cargo-montreal.ca\\\/fr\\\/\",\"name\":\"CargoM\",\"description\":\"La mission de CargoM: Rassembler les acteurs de la logistique &amp; du transport de marchandises du Grand Montr\u00e9al autour d&#039;objectifs communs, d&#039;actions concert\u00e9es\",\"potentialAction\":[{\"@type\":\"SearchAction\",\"target\":{\"@type\":\"EntryPoint\",\"urlTemplate\":\"https:\\\/\\\/www.cargo-montreal.ca\\\/fr\\\/?s={search_term_string}\"},\"query-input\":{\"@type\":\"PropertyValueSpecification\",\"valueRequired\":true,\"valueName\":\"search_term_string\"}}],\"inLanguage\":\"fr-FR\"},{\"@type\":\"Person\",\"@id\":\"https:\\\/\\\/www.cargo-montreal.ca\\\/fr\\\/#\\\/schema\\\/person\\\/80476d173ce654813db9fd1533901365\",\"name\":\"Karine Dudognon\",\"image\":{\"@type\":\"ImageObject\",\"inLanguage\":\"fr-FR\",\"@id\":\"https:\\\/\\\/secure.gravatar.com\\\/avatar\\\/673bdfb703a9b6685a88bc7dfb04a9ea2b48b30e9d1663a5e759a4e9bfa3e2c0?s=96&d=mm&r=g\",\"url\":\"https:\\\/\\\/secure.gravatar.com\\\/avatar\\\/673bdfb703a9b6685a88bc7dfb04a9ea2b48b30e9d1663a5e759a4e9bfa3e2c0?s=96&d=mm&r=g\",\"contentUrl\":\"https:\\\/\\\/secure.gravatar.com\\\/avatar\\\/673bdfb703a9b6685a88bc7dfb04a9ea2b48b30e9d1663a5e759a4e9bfa3e2c0?s=96&d=mm&r=g\",\"caption\":\"Karine Dudognon\"},\"url\":\"https:\\\/\\\/www.cargo-montreal.ca\\\/fr\\\/author\\\/karine\\\/\"}]}<\/script>\n<!-- \/ Yoast SEO plugin. -->","yoast_head_json":{"title":"Plan d\u2019action de la Politique de mobilit\u00e9 durable (PMD) 2030 - CargoM","robots":{"index":"index","follow":"follow","max-snippet":"max-snippet:-1","max-image-preview":"max-image-preview:large","max-video-preview":"max-video-preview:-1"},"canonical":"https:\/\/www.cargo-montreal.ca\/fr\/plan-daction-de-la-politique-de-mobilite-durable-pmd-2030\/","og_locale":"fr_FR","og_type":"article","og_title":"Plan d\u2019action de la Politique de mobilit\u00e9 durable (PMD) 2030 - CargoM","og_description":"En vue de l\u2019\u00e9laboration du prochain Plan d\u2019action de la Politique de mobilit\u00e9 durable (PMD) CargoM a sign\u00e9, avec 16 autres organismes de la soci\u00e9t\u00e9 civile, une lettre ouverte r\u00e9affirmant son engagement \u00e0 contribuer activement \u00e0 la transformation de la mobilit\u00e9 durable au Qu\u00e9bec.\u00a0 Les organismes affirment qu\u2019en plus de r\u00e9pondre aux objectifs environnementaux de [&hellip;]","og_url":"https:\/\/www.cargo-montreal.ca\/fr\/plan-daction-de-la-politique-de-mobilite-durable-pmd-2030\/","og_site_name":"CargoM","article_published_time":"2024-10-26T01:56:37+00:00","og_image":[{"width":1989,"height":1144,"url":"https:\/\/www.cargo-montreal.ca\/wp-content\/uploads\/2024\/10\/Petit-format-MobiliteV2.jpg","type":"image\/jpeg"}],"author":"Karine Dudognon","twitter_card":"summary_large_image","twitter_misc":{"\u00c9crit par":"Karine Dudognon","Dur\u00e9e de lecture estim\u00e9e":"1 minute"},"schema":{"@context":"https:\/\/schema.org","@graph":[{"@type":"Article","@id":"https:\/\/www.cargo-montreal.ca\/fr\/plan-daction-de-la-politique-de-mobilite-durable-pmd-2030\/#article","isPartOf":{"@id":"https:\/\/www.cargo-montreal.ca\/fr\/plan-daction-de-la-politique-de-mobilite-durable-pmd-2030\/"},"author":{"name":"Karine Dudognon","@id":"https:\/\/www.cargo-montreal.ca\/fr\/#\/schema\/person\/80476d173ce654813db9fd1533901365"},"headline":"Plan d\u2019action de la Politique de mobilit\u00e9 durable (PMD) 2030","datePublished":"2024-10-26T01:56:37+00:00","mainEntityOfPage":{"@id":"https:\/\/www.cargo-montreal.ca\/fr\/plan-daction-de-la-politique-de-mobilite-durable-pmd-2030\/"},"wordCount":209,"image":{"@id":"https:\/\/www.cargo-montreal.ca\/fr\/plan-daction-de-la-politique-de-mobilite-durable-pmd-2030\/#primaryimage"},"thumbnailUrl":"https:\/\/www.cargo-montreal.ca\/wp-content\/uploads\/2024\/10\/Petit-format-MobiliteV2.jpg","articleSection":["Services logistiques"],"inLanguage":"fr-FR"},{"@type":"WebPage","@id":"https:\/\/www.cargo-montreal.ca\/fr\/plan-daction-de-la-politique-de-mobilite-durable-pmd-2030\/","url":"https:\/\/www.cargo-montreal.ca\/fr\/plan-daction-de-la-politique-de-mobilite-durable-pmd-2030\/","name":"Plan d\u2019action de la Politique de mobilit\u00e9 durable (PMD) 2030 - CargoM","isPartOf":{"@id":"https:\/\/www.cargo-montreal.ca\/fr\/#website"},"primaryImageOfPage":{"@id":"https:\/\/www.cargo-montreal.ca\/fr\/plan-daction-de-la-politique-de-mobilite-durable-pmd-2030\/#primaryimage"},"image":{"@id":"https:\/\/www.cargo-montreal.ca\/fr\/plan-daction-de-la-politique-de-mobilite-durable-pmd-2030\/#primaryimage"},"thumbnailUrl":"https:\/\/www.cargo-montreal.ca\/wp-content\/uploads\/2024\/10\/Petit-format-MobiliteV2.jpg","datePublished":"2024-10-26T01:56:37+00:00","author":{"@id":"https:\/\/www.cargo-montreal.ca\/fr\/#\/schema\/person\/80476d173ce654813db9fd1533901365"},"breadcrumb":{"@id":"https:\/\/www.cargo-montreal.ca\/fr\/plan-daction-de-la-politique-de-mobilite-durable-pmd-2030\/#breadcrumb"},"inLanguage":"fr-FR","potentialAction":[{"@type":"ReadAction","target":["https:\/\/www.cargo-montreal.ca\/fr\/plan-daction-de-la-politique-de-mobilite-durable-pmd-2030\/"]}]},{"@type":"ImageObject","inLanguage":"fr-FR","@id":"https:\/\/www.cargo-montreal.ca\/fr\/plan-daction-de-la-politique-de-mobilite-durable-pmd-2030\/#primaryimage","url":"https:\/\/www.cargo-montreal.ca\/wp-content\/uploads\/2024\/10\/Petit-format-MobiliteV2.jpg","contentUrl":"https:\/\/www.cargo-montreal.ca\/wp-content\/uploads\/2024\/10\/Petit-format-MobiliteV2.jpg","width":1989,"height":1144},{"@type":"BreadcrumbList","@id":"https:\/\/www.cargo-montreal.ca\/fr\/plan-daction-de-la-politique-de-mobilite-durable-pmd-2030\/#breadcrumb","itemListElement":[{"@type":"ListItem","position":1,"name":"Home","item":"https:\/\/www.cargo-montreal.ca\/fr\/"},{"@type":"ListItem","position":2,"name":"Plan d\u2019action de la Politique de mobilit\u00e9 durable (PMD) 2030"}]},{"@type":"WebSite","@id":"https:\/\/www.cargo-montreal.ca\/fr\/#website","url":"https:\/\/www.cargo-montreal.ca\/fr\/","name":"CargoM","description":"La mission de CargoM: Rassembler les acteurs de la logistique &amp; du transport de marchandises du Grand Montr\u00e9al autour d&#039;objectifs communs, d&#039;actions concert\u00e9es","potentialAction":[{"@type":"SearchAction","target":{"@type":"EntryPoint","urlTemplate":"https:\/\/www.cargo-montreal.ca\/fr\/?s={search_term_string}"},"query-input":{"@type":"PropertyValueSpecification","valueRequired":true,"valueName":"search_term_string"}}],"inLanguage":"fr-FR"},{"@type":"Person","@id":"https:\/\/www.cargo-montreal.ca\/fr\/#\/schema\/person\/80476d173ce654813db9fd1533901365","name":"Karine Dudognon","image":{"@type":"ImageObject","inLanguage":"fr-FR","@id":"https:\/\/secure.gravatar.com\/avatar\/673bdfb703a9b6685a88bc7dfb04a9ea2b48b30e9d1663a5e759a4e9bfa3e2c0?s=96&d=mm&r=g","url":"https:\/\/secure.gravatar.com\/avatar\/673bdfb703a9b6685a88bc7dfb04a9ea2b48b30e9d1663a5e759a4e9bfa3e2c0?s=96&d=mm&r=g","contentUrl":"https:\/\/secure.gravatar.com\/avatar\/673bdfb703a9b6685a88bc7dfb04a9ea2b48b30e9d1663a5e759a4e9bfa3e2c0?s=96&d=mm&r=g","caption":"Karine Dudognon"},"url":"https:\/\/www.cargo-montreal.ca\/fr\/author\/karine\/"}]}},"_links":{"self":[{"href":"https:\/\/www.cargo-montreal.ca\/fr\/wp-json\/wp\/v2\/posts\/17487","targetHints":{"allow":["GET"]}}],"collection":[{"href":"https:\/\/www.cargo-montreal.ca\/fr\/wp-json\/wp\/v2\/posts"}],"about":[{"href":"https:\/\/www.cargo-montreal.ca\/fr\/wp-json\/wp\/v2\/types\/post"}],"author":[{"embeddable":true,"href":"https:\/\/www.cargo-montreal.ca\/fr\/wp-json\/wp\/v2\/users\/39"}],"replies":[{"embeddable":true,"href":"https:\/\/www.cargo-montreal.ca\/fr\/wp-json\/wp\/v2\/comments?post=17487"}],"version-history":[{"count":1,"href":"https:\/\/www.cargo-montreal.ca\/fr\/wp-json\/wp\/v2\/posts\/17487\/revisions"}],"predecessor-version":[{"id":17488,"href":"https:\/\/www.cargo-montreal.ca\/fr\/wp-json\/wp\/v2\/posts\/17487\/revisions\/17488"}],"wp:featuredmedia":[{"embeddable":true,"href":"https:\/\/www.cargo-montreal.ca\/fr\/wp-json\/wp\/v2\/media\/17475"}],"wp:attachment":[{"href":"https:\/\/www.cargo-montreal.ca\/fr\/wp-json\/wp\/v2\/media?parent=17487"}],"wp:term":[{"taxonomy":"category","embeddable":true,"href":"https:\/\/www.cargo-montreal.ca\/fr\/wp-json\/wp\/v2\/categories?post=17487"},{"taxonomy":"post_tag","embeddable":true,"href":"https:\/\/www.cargo-montreal.ca\/fr\/wp-json\/wp\/v2\/tags?post=17487"}],"curies":[{"name":"wp","href":"https:\/\/api.w.org\/{rel}","templated":true}]}}