{"id":17636,"date":"2024-11-28T15:08:33","date_gmt":"2024-11-28T15:08:33","guid":{"rendered":"https:\/\/www.cargo-montreal.ca\/?p=17636"},"modified":"2024-11-28T18:48:46","modified_gmt":"2024-11-28T18:48:46","slug":"un-nouveau-directeur-general-joint-lequipe-de-cargom","status":"publish","type":"post","link":"https:\/\/www.cargo-montreal.ca\/fr\/un-nouveau-directeur-general-joint-lequipe-de-cargom\/","title":{"rendered":"Un nouveau directeur g\u00e9n\u00e9ral joint l\u2019\u00e9quipe de CargoM"},"content":{"rendered":"<p align=\"justify\">CargoM est heureuse d\u2019annoncer l\u2019arriv\u00e9e\u00a0dans son \u00e9quipe de M.\u00a0<a href=\"https:\/\/www.linkedin.com\/in\/louis-philippe-allard\/\" target=\"_blank\" rel=\"noopener\" data-hs-link-id=\"0\">Louis-Philippe Allard<\/a>\u00a0\u00e0 titre de directeur<strong>\u00a0<\/strong>g\u00e9n\u00e9ral.<\/p>\r\n<p>Louis-Philippe cumule vingt ans d\u2019exp\u00e9rience en direction des op\u00e9rations, en d\u00e9veloppement de partenariats strat\u00e9giques et en organisation d\u2019\u00e9v\u00e9nements internationaux de grande envergure. Apr\u00e8s avoir exerc\u00e9 des r\u00f4les cl\u00e9s au\u00a0<a href=\"https:\/\/forum-ameriques.org\/fr\/\" target=\"_blank\" rel=\"noopener\" data-hs-link-id=\"0\">Forum \u00e9conomique international des Am\u00e9riques (FEIA)<\/a>\u00a0et dans l\u2019expansion de l\u2019organisation dans 5 villes, il a joint, en 2022, l\u2019\u00e9quipe de\u00a0<a href=\"https:\/\/www.finance-montreal.com\/fr\/\" target=\"_blank\" rel=\"noopener\" data-hs-link-id=\"0\">Finance Montr\u00e9al<\/a>,\u00a0la grappe financi\u00e8re du Qu\u00e9bec.<\/p>\r\n<p align=\"justify\">\u00ab CargoM est un acteur important pour l\u2019industrie du transport de la logistique dans le Grand Montr\u00e9al et je suis heureux de participer \u00e0 cette nouvelle aventure avec toute l\u2019\u00e9quipe qui est d\u00e9j\u00e0 en place. Je travaillerai \u00e0 maintenir et d\u00e9velopper la synergie qui s\u2019op\u00e8re entre les membres, les partenaires et les diff\u00e9rents paliers de gouvernement et qui est n\u00e9cessaire \u00e0 l\u2019atteinte de nos objectifs. \u00bb Louis-Philippe Allard, directeur g\u00e9n\u00e9ral de CargoM<\/p>\r\n<p align=\"justify\">Le conseil d\u2019administration souhaite la bienvenue \u00e0 Louis-Philippe, bien accueilli par une \u00e9quipe dynamique et passionn\u00e9e. Le CA profite de cette occasion pour souligner le travail exceptionnel de la permanence et remercier Karine, Yves et Amy, pour leur leadership durant la transition.<\/p>\r\n<p align=\"justify\"><a href=\"https:\/\/www.newswire.ca\/fr\/news-releases\/louis-philippe-allard-nomme-a-la-direction-generale-de-cargom-872323107.html\" target=\"_blank\" rel=\"noopener\" data-hs-link-id=\"1\">Pour lire le communiqu\u00e9<\/a><\/p>","protected":false},"excerpt":{"rendered":"CargoM est heureuse d\u2019annoncer l\u2019arriv\u00e9e\u00a0dans son \u00e9quipe de M.\u00a0Louis-Philippe Allard\u00a0\u00e0 titre de directeur\u00a0g\u00e9n\u00e9ral. Louis-Philippe cumule vingt ans d\u2019exp\u00e9rience en direction des op\u00e9rations, en d\u00e9veloppement de partenariats strat\u00e9giques et en organisation d\u2019\u00e9v\u00e9nements internationaux de grande envergure. Apr\u00e8s avoir exerc\u00e9 des r\u00f4les cl\u00e9s au\u00a0Forum \u00e9conomique international des Am\u00e9riques (FEIA)\u00a0et dans l\u2019expansion de l\u2019organisation dans 5 villes, il [&hellip;]","protected":false},"author":39,"featured_media":17691,"comment_status":"closed","ping_status":"closed","sticky":false,"template":"","format":"standard","meta":{"_acf_changed":false,"footnotes":""},"categories":[20],"tags":[],"class_list":["post-17636","post","type-post","status-publish","format-standard","has-post-thumbnail","hentry","category-services-logistiques"],"acf":[],"yoast_head":"<!-- This site is optimized with the Yoast SEO plugin v27.3 - https:\/\/yoast.com\/product\/yoast-seo-wordpress\/ -->\n<title>Un nouveau directeur g\u00e9n\u00e9ral joint l\u2019\u00e9quipe de CargoM - CargoM<\/title>\n<meta name=\"robots\" content=\"index, follow, max-snippet:-1, max-image-preview:large, max-video-preview:-1\" \/>\n<link rel=\"canonical\" href=\"https:\/\/www.cargo-montreal.ca\/fr\/un-nouveau-directeur-general-joint-lequipe-de-cargom\/\" \/>\n<meta property=\"og:locale\" content=\"fr_FR\" \/>\n<meta property=\"og:type\" content=\"article\" \/>\n<meta property=\"og:title\" content=\"Un nouveau directeur g\u00e9n\u00e9ral joint l\u2019\u00e9quipe de CargoM - CargoM\" \/>\n<meta property=\"og:description\" content=\"CargoM est heureuse d\u2019annoncer l\u2019arriv\u00e9e\u00a0dans son \u00e9quipe de M.\u00a0Louis-Philippe Allard\u00a0\u00e0 titre de directeur\u00a0g\u00e9n\u00e9ral. Louis-Philippe cumule vingt ans d\u2019exp\u00e9rience en direction des op\u00e9rations, en d\u00e9veloppement de partenariats strat\u00e9giques et en organisation d\u2019\u00e9v\u00e9nements internationaux de grande envergure. Apr\u00e8s avoir exerc\u00e9 des r\u00f4les cl\u00e9s au\u00a0Forum \u00e9conomique international des Am\u00e9riques (FEIA)\u00a0et dans l\u2019expansion de l\u2019organisation dans 5 villes, il [&hellip;]\" \/>\n<meta property=\"og:url\" content=\"https:\/\/www.cargo-montreal.ca\/fr\/un-nouveau-directeur-general-joint-lequipe-de-cargom\/\" \/>\n<meta property=\"og:site_name\" content=\"CargoM\" \/>\n<meta property=\"article:published_time\" content=\"2024-11-28T15:08:33+00:00\" \/>\n<meta property=\"article:modified_time\" content=\"2024-11-28T18:48:46+00:00\" \/>\n<meta property=\"og:image\" content=\"https:\/\/www.cargo-montreal.ca\/wp-content\/uploads\/2024\/11\/LP2Capture.jpg\" \/>\n\t<meta property=\"og:image:width\" content=\"630\" \/>\n\t<meta property=\"og:image:height\" content=\"815\" \/>\n\t<meta property=\"og:image:type\" content=\"image\/jpeg\" \/>\n<meta name=\"author\" content=\"Karine Dudognon\" \/>\n<meta name=\"twitter:card\" content=\"summary_large_image\" \/>\n<meta name=\"twitter:label1\" content=\"\u00c9crit par\" \/>\n\t<meta name=\"twitter:data1\" content=\"Karine Dudognon\" \/>\n\t<meta name=\"twitter:label2\" content=\"Dur\u00e9e de lecture estim\u00e9e\" \/>\n\t<meta name=\"twitter:data2\" content=\"2 minutes\" \/>\n<script type=\"application\/ld+json\" class=\"yoast-schema-graph\">{\"@context\":\"https:\\\/\\\/schema.org\",\"@graph\":[{\"@type\":\"Article\",\"@id\":\"https:\\\/\\\/www.cargo-montreal.ca\\\/fr\\\/un-nouveau-directeur-general-joint-lequipe-de-cargom\\\/#article\",\"isPartOf\":{\"@id\":\"https:\\\/\\\/www.cargo-montreal.ca\\\/fr\\\/un-nouveau-directeur-general-joint-lequipe-de-cargom\\\/\"},\"author\":{\"name\":\"Karine Dudognon\",\"@id\":\"https:\\\/\\\/www.cargo-montreal.ca\\\/fr\\\/#\\\/schema\\\/person\\\/80476d173ce654813db9fd1533901365\"},\"headline\":\"Un nouveau directeur g\u00e9n\u00e9ral joint l\u2019\u00e9quipe de CargoM\",\"datePublished\":\"2024-11-28T15:08:33+00:00\",\"dateModified\":\"2024-11-28T18:48:46+00:00\",\"mainEntityOfPage\":{\"@id\":\"https:\\\/\\\/www.cargo-montreal.ca\\\/fr\\\/un-nouveau-directeur-general-joint-lequipe-de-cargom\\\/\"},\"wordCount\":230,\"image\":{\"@id\":\"https:\\\/\\\/www.cargo-montreal.ca\\\/fr\\\/un-nouveau-directeur-general-joint-lequipe-de-cargom\\\/#primaryimage\"},\"thumbnailUrl\":\"https:\\\/\\\/www.cargo-montreal.ca\\\/wp-content\\\/uploads\\\/2024\\\/11\\\/LP2Capture.jpg\",\"articleSection\":[\"Services logistiques\"],\"inLanguage\":\"fr-FR\"},{\"@type\":\"WebPage\",\"@id\":\"https:\\\/\\\/www.cargo-montreal.ca\\\/fr\\\/un-nouveau-directeur-general-joint-lequipe-de-cargom\\\/\",\"url\":\"https:\\\/\\\/www.cargo-montreal.ca\\\/fr\\\/un-nouveau-directeur-general-joint-lequipe-de-cargom\\\/\",\"name\":\"Un nouveau directeur g\u00e9n\u00e9ral joint l\u2019\u00e9quipe de CargoM - CargoM\",\"isPartOf\":{\"@id\":\"https:\\\/\\\/www.cargo-montreal.ca\\\/fr\\\/#website\"},\"primaryImageOfPage\":{\"@id\":\"https:\\\/\\\/www.cargo-montreal.ca\\\/fr\\\/un-nouveau-directeur-general-joint-lequipe-de-cargom\\\/#primaryimage\"},\"image\":{\"@id\":\"https:\\\/\\\/www.cargo-montreal.ca\\\/fr\\\/un-nouveau-directeur-general-joint-lequipe-de-cargom\\\/#primaryimage\"},\"thumbnailUrl\":\"https:\\\/\\\/www.cargo-montreal.ca\\\/wp-content\\\/uploads\\\/2024\\\/11\\\/LP2Capture.jpg\",\"datePublished\":\"2024-11-28T15:08:33+00:00\",\"dateModified\":\"2024-11-28T18:48:46+00:00\",\"author\":{\"@id\":\"https:\\\/\\\/www.cargo-montreal.ca\\\/fr\\\/#\\\/schema\\\/person\\\/80476d173ce654813db9fd1533901365\"},\"breadcrumb\":{\"@id\":\"https:\\\/\\\/www.cargo-montreal.ca\\\/fr\\\/un-nouveau-directeur-general-joint-lequipe-de-cargom\\\/#breadcrumb\"},\"inLanguage\":\"fr-FR\",\"potentialAction\":[{\"@type\":\"ReadAction\",\"target\":[\"https:\\\/\\\/www.cargo-montreal.ca\\\/fr\\\/un-nouveau-directeur-general-joint-lequipe-de-cargom\\\/\"]}]},{\"@type\":\"ImageObject\",\"inLanguage\":\"fr-FR\",\"@id\":\"https:\\\/\\\/www.cargo-montreal.ca\\\/fr\\\/un-nouveau-directeur-general-joint-lequipe-de-cargom\\\/#primaryimage\",\"url\":\"https:\\\/\\\/www.cargo-montreal.ca\\\/wp-content\\\/uploads\\\/2024\\\/11\\\/LP2Capture.jpg\",\"contentUrl\":\"https:\\\/\\\/www.cargo-montreal.ca\\\/wp-content\\\/uploads\\\/2024\\\/11\\\/LP2Capture.jpg\",\"width\":630,\"height\":815},{\"@type\":\"BreadcrumbList\",\"@id\":\"https:\\\/\\\/www.cargo-montreal.ca\\\/fr\\\/un-nouveau-directeur-general-joint-lequipe-de-cargom\\\/#breadcrumb\",\"itemListElement\":[{\"@type\":\"ListItem\",\"position\":1,\"name\":\"Home\",\"item\":\"https:\\\/\\\/www.cargo-montreal.ca\\\/fr\\\/\"},{\"@type\":\"ListItem\",\"position\":2,\"name\":\"Un nouveau directeur g\u00e9n\u00e9ral joint l\u2019\u00e9quipe de CargoM\"}]},{\"@type\":\"WebSite\",\"@id\":\"https:\\\/\\\/www.cargo-montreal.ca\\\/fr\\\/#website\",\"url\":\"https:\\\/\\\/www.cargo-montreal.ca\\\/fr\\\/\",\"name\":\"CargoM\",\"description\":\"La mission de CargoM: Rassembler les acteurs de la logistique &amp; du transport de marchandises du Grand Montr\u00e9al autour d&#039;objectifs communs, d&#039;actions concert\u00e9es\",\"potentialAction\":[{\"@type\":\"SearchAction\",\"target\":{\"@type\":\"EntryPoint\",\"urlTemplate\":\"https:\\\/\\\/www.cargo-montreal.ca\\\/fr\\\/?s={search_term_string}\"},\"query-input\":{\"@type\":\"PropertyValueSpecification\",\"valueRequired\":true,\"valueName\":\"search_term_string\"}}],\"inLanguage\":\"fr-FR\"},{\"@type\":\"Person\",\"@id\":\"https:\\\/\\\/www.cargo-montreal.ca\\\/fr\\\/#\\\/schema\\\/person\\\/80476d173ce654813db9fd1533901365\",\"name\":\"Karine Dudognon\",\"image\":{\"@type\":\"ImageObject\",\"inLanguage\":\"fr-FR\",\"@id\":\"https:\\\/\\\/secure.gravatar.com\\\/avatar\\\/673bdfb703a9b6685a88bc7dfb04a9ea2b48b30e9d1663a5e759a4e9bfa3e2c0?s=96&d=mm&r=g\",\"url\":\"https:\\\/\\\/secure.gravatar.com\\\/avatar\\\/673bdfb703a9b6685a88bc7dfb04a9ea2b48b30e9d1663a5e759a4e9bfa3e2c0?s=96&d=mm&r=g\",\"contentUrl\":\"https:\\\/\\\/secure.gravatar.com\\\/avatar\\\/673bdfb703a9b6685a88bc7dfb04a9ea2b48b30e9d1663a5e759a4e9bfa3e2c0?s=96&d=mm&r=g\",\"caption\":\"Karine Dudognon\"},\"url\":\"https:\\\/\\\/www.cargo-montreal.ca\\\/fr\\\/author\\\/karine\\\/\"}]}<\/script>\n<!-- \/ Yoast SEO plugin. -->","yoast_head_json":{"title":"Un nouveau directeur g\u00e9n\u00e9ral joint l\u2019\u00e9quipe de CargoM - CargoM","robots":{"index":"index","follow":"follow","max-snippet":"max-snippet:-1","max-image-preview":"max-image-preview:large","max-video-preview":"max-video-preview:-1"},"canonical":"https:\/\/www.cargo-montreal.ca\/fr\/un-nouveau-directeur-general-joint-lequipe-de-cargom\/","og_locale":"fr_FR","og_type":"article","og_title":"Un nouveau directeur g\u00e9n\u00e9ral joint l\u2019\u00e9quipe de CargoM - CargoM","og_description":"CargoM est heureuse d\u2019annoncer l\u2019arriv\u00e9e\u00a0dans son \u00e9quipe de M.\u00a0Louis-Philippe Allard\u00a0\u00e0 titre de directeur\u00a0g\u00e9n\u00e9ral. Louis-Philippe cumule vingt ans d\u2019exp\u00e9rience en direction des op\u00e9rations, en d\u00e9veloppement de partenariats strat\u00e9giques et en organisation d\u2019\u00e9v\u00e9nements internationaux de grande envergure. Apr\u00e8s avoir exerc\u00e9 des r\u00f4les cl\u00e9s au\u00a0Forum \u00e9conomique international des Am\u00e9riques (FEIA)\u00a0et dans l\u2019expansion de l\u2019organisation dans 5 villes, il [&hellip;]","og_url":"https:\/\/www.cargo-montreal.ca\/fr\/un-nouveau-directeur-general-joint-lequipe-de-cargom\/","og_site_name":"CargoM","article_published_time":"2024-11-28T15:08:33+00:00","article_modified_time":"2024-11-28T18:48:46+00:00","og_image":[{"width":630,"height":815,"url":"https:\/\/www.cargo-montreal.ca\/wp-content\/uploads\/2024\/11\/LP2Capture.jpg","type":"image\/jpeg"}],"author":"Karine Dudognon","twitter_card":"summary_large_image","twitter_misc":{"\u00c9crit par":"Karine Dudognon","Dur\u00e9e de lecture estim\u00e9e":"2 minutes"},"schema":{"@context":"https:\/\/schema.org","@graph":[{"@type":"Article","@id":"https:\/\/www.cargo-montreal.ca\/fr\/un-nouveau-directeur-general-joint-lequipe-de-cargom\/#article","isPartOf":{"@id":"https:\/\/www.cargo-montreal.ca\/fr\/un-nouveau-directeur-general-joint-lequipe-de-cargom\/"},"author":{"name":"Karine Dudognon","@id":"https:\/\/www.cargo-montreal.ca\/fr\/#\/schema\/person\/80476d173ce654813db9fd1533901365"},"headline":"Un nouveau directeur g\u00e9n\u00e9ral joint l\u2019\u00e9quipe de CargoM","datePublished":"2024-11-28T15:08:33+00:00","dateModified":"2024-11-28T18:48:46+00:00","mainEntityOfPage":{"@id":"https:\/\/www.cargo-montreal.ca\/fr\/un-nouveau-directeur-general-joint-lequipe-de-cargom\/"},"wordCount":230,"image":{"@id":"https:\/\/www.cargo-montreal.ca\/fr\/un-nouveau-directeur-general-joint-lequipe-de-cargom\/#primaryimage"},"thumbnailUrl":"https:\/\/www.cargo-montreal.ca\/wp-content\/uploads\/2024\/11\/LP2Capture.jpg","articleSection":["Services logistiques"],"inLanguage":"fr-FR"},{"@type":"WebPage","@id":"https:\/\/www.cargo-montreal.ca\/fr\/un-nouveau-directeur-general-joint-lequipe-de-cargom\/","url":"https:\/\/www.cargo-montreal.ca\/fr\/un-nouveau-directeur-general-joint-lequipe-de-cargom\/","name":"Un nouveau directeur g\u00e9n\u00e9ral joint l\u2019\u00e9quipe de CargoM - CargoM","isPartOf":{"@id":"https:\/\/www.cargo-montreal.ca\/fr\/#website"},"primaryImageOfPage":{"@id":"https:\/\/www.cargo-montreal.ca\/fr\/un-nouveau-directeur-general-joint-lequipe-de-cargom\/#primaryimage"},"image":{"@id":"https:\/\/www.cargo-montreal.ca\/fr\/un-nouveau-directeur-general-joint-lequipe-de-cargom\/#primaryimage"},"thumbnailUrl":"https:\/\/www.cargo-montreal.ca\/wp-content\/uploads\/2024\/11\/LP2Capture.jpg","datePublished":"2024-11-28T15:08:33+00:00","dateModified":"2024-11-28T18:48:46+00:00","author":{"@id":"https:\/\/www.cargo-montreal.ca\/fr\/#\/schema\/person\/80476d173ce654813db9fd1533901365"},"breadcrumb":{"@id":"https:\/\/www.cargo-montreal.ca\/fr\/un-nouveau-directeur-general-joint-lequipe-de-cargom\/#breadcrumb"},"inLanguage":"fr-FR","potentialAction":[{"@type":"ReadAction","target":["https:\/\/www.cargo-montreal.ca\/fr\/un-nouveau-directeur-general-joint-lequipe-de-cargom\/"]}]},{"@type":"ImageObject","inLanguage":"fr-FR","@id":"https:\/\/www.cargo-montreal.ca\/fr\/un-nouveau-directeur-general-joint-lequipe-de-cargom\/#primaryimage","url":"https:\/\/www.cargo-montreal.ca\/wp-content\/uploads\/2024\/11\/LP2Capture.jpg","contentUrl":"https:\/\/www.cargo-montreal.ca\/wp-content\/uploads\/2024\/11\/LP2Capture.jpg","width":630,"height":815},{"@type":"BreadcrumbList","@id":"https:\/\/www.cargo-montreal.ca\/fr\/un-nouveau-directeur-general-joint-lequipe-de-cargom\/#breadcrumb","itemListElement":[{"@type":"ListItem","position":1,"name":"Home","item":"https:\/\/www.cargo-montreal.ca\/fr\/"},{"@type":"ListItem","position":2,"name":"Un nouveau directeur g\u00e9n\u00e9ral joint l\u2019\u00e9quipe de CargoM"}]},{"@type":"WebSite","@id":"https:\/\/www.cargo-montreal.ca\/fr\/#website","url":"https:\/\/www.cargo-montreal.ca\/fr\/","name":"CargoM","description":"La mission de CargoM: Rassembler les acteurs de la logistique &amp; du transport de marchandises du Grand Montr\u00e9al autour d&#039;objectifs communs, d&#039;actions concert\u00e9es","potentialAction":[{"@type":"SearchAction","target":{"@type":"EntryPoint","urlTemplate":"https:\/\/www.cargo-montreal.ca\/fr\/?s={search_term_string}"},"query-input":{"@type":"PropertyValueSpecification","valueRequired":true,"valueName":"search_term_string"}}],"inLanguage":"fr-FR"},{"@type":"Person","@id":"https:\/\/www.cargo-montreal.ca\/fr\/#\/schema\/person\/80476d173ce654813db9fd1533901365","name":"Karine Dudognon","image":{"@type":"ImageObject","inLanguage":"fr-FR","@id":"https:\/\/secure.gravatar.com\/avatar\/673bdfb703a9b6685a88bc7dfb04a9ea2b48b30e9d1663a5e759a4e9bfa3e2c0?s=96&d=mm&r=g","url":"https:\/\/secure.gravatar.com\/avatar\/673bdfb703a9b6685a88bc7dfb04a9ea2b48b30e9d1663a5e759a4e9bfa3e2c0?s=96&d=mm&r=g","contentUrl":"https:\/\/secure.gravatar.com\/avatar\/673bdfb703a9b6685a88bc7dfb04a9ea2b48b30e9d1663a5e759a4e9bfa3e2c0?s=96&d=mm&r=g","caption":"Karine Dudognon"},"url":"https:\/\/www.cargo-montreal.ca\/fr\/author\/karine\/"}]}},"_links":{"self":[{"href":"https:\/\/www.cargo-montreal.ca\/fr\/wp-json\/wp\/v2\/posts\/17636","targetHints":{"allow":["GET"]}}],"collection":[{"href":"https:\/\/www.cargo-montreal.ca\/fr\/wp-json\/wp\/v2\/posts"}],"about":[{"href":"https:\/\/www.cargo-montreal.ca\/fr\/wp-json\/wp\/v2\/types\/post"}],"author":[{"embeddable":true,"href":"https:\/\/www.cargo-montreal.ca\/fr\/wp-json\/wp\/v2\/users\/39"}],"replies":[{"embeddable":true,"href":"https:\/\/www.cargo-montreal.ca\/fr\/wp-json\/wp\/v2\/comments?post=17636"}],"version-history":[{"count":1,"href":"https:\/\/www.cargo-montreal.ca\/fr\/wp-json\/wp\/v2\/posts\/17636\/revisions"}],"predecessor-version":[{"id":17637,"href":"https:\/\/www.cargo-montreal.ca\/fr\/wp-json\/wp\/v2\/posts\/17636\/revisions\/17637"}],"wp:featuredmedia":[{"embeddable":true,"href":"https:\/\/www.cargo-montreal.ca\/fr\/wp-json\/wp\/v2\/media\/17691"}],"wp:attachment":[{"href":"https:\/\/www.cargo-montreal.ca\/fr\/wp-json\/wp\/v2\/media?parent=17636"}],"wp:term":[{"taxonomy":"category","embeddable":true,"href":"https:\/\/www.cargo-montreal.ca\/fr\/wp-json\/wp\/v2\/categories?post=17636"},{"taxonomy":"post_tag","embeddable":true,"href":"https:\/\/www.cargo-montreal.ca\/fr\/wp-json\/wp\/v2\/tags?post=17636"}],"curies":[{"name":"wp","href":"https:\/\/api.w.org\/{rel}","templated":true}]}}