{"id":17661,"date":"2024-11-28T17:13:11","date_gmt":"2024-11-28T17:13:11","guid":{"rendered":"https:\/\/www.cargo-montreal.ca\/?p=17661"},"modified":"2024-11-28T17:13:11","modified_gmt":"2024-11-28T17:13:11","slug":"dylan-bartlett-nomme-president-et-chef-de-la-direction-de-supply-chain-canada","status":"publish","type":"post","link":"https:\/\/www.cargo-montreal.ca\/fr\/dylan-bartlett-nomme-president-et-chef-de-la-direction-de-supply-chain-canada\/","title":{"rendered":"Dylan Bartlett nomm\u00e9 pr\u00e9sident et chef de la direction de Supply Chain Canada"},"content":{"rendered":"<p>Le conseil d&rsquo;administration de\u00a0<a href=\"https:\/\/www.supplychaincanada.com\/fr\" target=\"_blank\" rel=\"noopener\" data-hs-link-id=\"0\">Supply Chain Canada<\/a>\u00a0a le plaisir d&rsquo;annoncer la nomination de Dylan Bartlett au poste de pr\u00e9sident et chef de la direction, \u00e0 compter du 25 novembre 2024.<\/p>\r\n<p align=\"justify\">Supply Chain Canada est tr\u00e8s impressionn\u00e9 par la vision globale et la strat\u00e9gie de croissance de Dylan, ainsi que par sa passion et son enthousiasme pour l&rsquo;industrie de la cha\u00eene d&rsquo;approvisionnement et pour le secteur des services.<\/p>\r\n<p align=\"justify\">Dot\u00e9 d&rsquo;une vision audacieuse, Dylan dirigera l&rsquo;\u00e9quipe du bureau national et travaillera en \u00e9troite collaboration avec les partenaires de l&rsquo;Institut, partout au pays, afin de s&rsquo;assurer que les objectifs de Supply Chain Canada sont atteints.<\/p>\r\n<p><a href=\"https:\/\/portal.supplychaincanada.com\/public\/NAT\/CEO_Announcement_External%20(1).pdf\" target=\"_blank\" rel=\"noopener\" data-hs-link-id=\"0\">Pour en savoir plus<\/a><\/p>","protected":false},"excerpt":{"rendered":"Le conseil d&rsquo;administration de\u00a0Supply Chain Canada\u00a0a le plaisir d&rsquo;annoncer la nomination de Dylan Bartlett au poste de pr\u00e9sident et chef de la direction, \u00e0 compter du 25 novembre 2024. Supply Chain Canada est tr\u00e8s impressionn\u00e9 par la vision globale et la strat\u00e9gie de croissance de Dylan, ainsi que par sa passion et son enthousiasme pour [&hellip;]","protected":false},"author":39,"featured_media":17623,"comment_status":"closed","ping_status":"closed","sticky":false,"template":"","format":"standard","meta":{"_acf_changed":false,"footnotes":""},"categories":[20],"tags":[],"class_list":["post-17661","post","type-post","status-publish","format-standard","has-post-thumbnail","hentry","category-services-logistiques"],"acf":[],"yoast_head":"<!-- This site is optimized with the Yoast SEO plugin v27.3 - https:\/\/yoast.com\/product\/yoast-seo-wordpress\/ -->\n<title>Dylan Bartlett nomm\u00e9 pr\u00e9sident et chef de la direction de Supply Chain Canada - CargoM<\/title>\n<meta name=\"robots\" content=\"index, follow, max-snippet:-1, max-image-preview:large, max-video-preview:-1\" \/>\n<link rel=\"canonical\" href=\"https:\/\/www.cargo-montreal.ca\/fr\/dylan-bartlett-nomme-president-et-chef-de-la-direction-de-supply-chain-canada\/\" \/>\n<meta property=\"og:locale\" content=\"fr_FR\" \/>\n<meta property=\"og:type\" content=\"article\" \/>\n<meta property=\"og:title\" content=\"Dylan Bartlett nomm\u00e9 pr\u00e9sident et chef de la direction de Supply Chain Canada - CargoM\" \/>\n<meta property=\"og:description\" content=\"Le conseil d&rsquo;administration de\u00a0Supply Chain Canada\u00a0a le plaisir d&rsquo;annoncer la nomination de Dylan Bartlett au poste de pr\u00e9sident et chef de la direction, \u00e0 compter du 25 novembre 2024. Supply Chain Canada est tr\u00e8s impressionn\u00e9 par la vision globale et la strat\u00e9gie de croissance de Dylan, ainsi que par sa passion et son enthousiasme pour [&hellip;]\" \/>\n<meta property=\"og:url\" content=\"https:\/\/www.cargo-montreal.ca\/fr\/dylan-bartlett-nomme-president-et-chef-de-la-direction-de-supply-chain-canada\/\" \/>\n<meta property=\"og:site_name\" content=\"CargoM\" \/>\n<meta property=\"article:published_time\" content=\"2024-11-28T17:13:11+00:00\" \/>\n<meta property=\"og:image\" content=\"https:\/\/www.cargo-montreal.ca\/wp-content\/uploads\/2024\/11\/fr_primary_logo.jpg\" \/>\n\t<meta property=\"og:image:width\" content=\"1308\" \/>\n\t<meta property=\"og:image:height\" content=\"613\" \/>\n\t<meta property=\"og:image:type\" content=\"image\/jpeg\" \/>\n<meta name=\"author\" content=\"Karine Dudognon\" \/>\n<meta name=\"twitter:card\" content=\"summary_large_image\" \/>\n<meta name=\"twitter:label1\" content=\"\u00c9crit par\" \/>\n\t<meta name=\"twitter:data1\" content=\"Karine Dudognon\" \/>\n\t<meta name=\"twitter:label2\" content=\"Dur\u00e9e de lecture estim\u00e9e\" \/>\n\t<meta name=\"twitter:data2\" content=\"1 minute\" \/>\n<script type=\"application\/ld+json\" class=\"yoast-schema-graph\">{\"@context\":\"https:\\\/\\\/schema.org\",\"@graph\":[{\"@type\":\"Article\",\"@id\":\"https:\\\/\\\/www.cargo-montreal.ca\\\/fr\\\/dylan-bartlett-nomme-president-et-chef-de-la-direction-de-supply-chain-canada\\\/#article\",\"isPartOf\":{\"@id\":\"https:\\\/\\\/www.cargo-montreal.ca\\\/fr\\\/dylan-bartlett-nomme-president-et-chef-de-la-direction-de-supply-chain-canada\\\/\"},\"author\":{\"name\":\"Karine Dudognon\",\"@id\":\"https:\\\/\\\/www.cargo-montreal.ca\\\/fr\\\/#\\\/schema\\\/person\\\/80476d173ce654813db9fd1533901365\"},\"headline\":\"Dylan Bartlett nomm\u00e9 pr\u00e9sident et chef de la direction de Supply Chain Canada\",\"datePublished\":\"2024-11-28T17:13:11+00:00\",\"mainEntityOfPage\":{\"@id\":\"https:\\\/\\\/www.cargo-montreal.ca\\\/fr\\\/dylan-bartlett-nomme-president-et-chef-de-la-direction-de-supply-chain-canada\\\/\"},\"wordCount\":130,\"image\":{\"@id\":\"https:\\\/\\\/www.cargo-montreal.ca\\\/fr\\\/dylan-bartlett-nomme-president-et-chef-de-la-direction-de-supply-chain-canada\\\/#primaryimage\"},\"thumbnailUrl\":\"https:\\\/\\\/www.cargo-montreal.ca\\\/wp-content\\\/uploads\\\/2024\\\/11\\\/fr_primary_logo.jpg\",\"articleSection\":[\"Services logistiques\"],\"inLanguage\":\"fr-FR\"},{\"@type\":\"WebPage\",\"@id\":\"https:\\\/\\\/www.cargo-montreal.ca\\\/fr\\\/dylan-bartlett-nomme-president-et-chef-de-la-direction-de-supply-chain-canada\\\/\",\"url\":\"https:\\\/\\\/www.cargo-montreal.ca\\\/fr\\\/dylan-bartlett-nomme-president-et-chef-de-la-direction-de-supply-chain-canada\\\/\",\"name\":\"Dylan Bartlett nomm\u00e9 pr\u00e9sident et chef de la direction de Supply Chain Canada - CargoM\",\"isPartOf\":{\"@id\":\"https:\\\/\\\/www.cargo-montreal.ca\\\/fr\\\/#website\"},\"primaryImageOfPage\":{\"@id\":\"https:\\\/\\\/www.cargo-montreal.ca\\\/fr\\\/dylan-bartlett-nomme-president-et-chef-de-la-direction-de-supply-chain-canada\\\/#primaryimage\"},\"image\":{\"@id\":\"https:\\\/\\\/www.cargo-montreal.ca\\\/fr\\\/dylan-bartlett-nomme-president-et-chef-de-la-direction-de-supply-chain-canada\\\/#primaryimage\"},\"thumbnailUrl\":\"https:\\\/\\\/www.cargo-montreal.ca\\\/wp-content\\\/uploads\\\/2024\\\/11\\\/fr_primary_logo.jpg\",\"datePublished\":\"2024-11-28T17:13:11+00:00\",\"author\":{\"@id\":\"https:\\\/\\\/www.cargo-montreal.ca\\\/fr\\\/#\\\/schema\\\/person\\\/80476d173ce654813db9fd1533901365\"},\"breadcrumb\":{\"@id\":\"https:\\\/\\\/www.cargo-montreal.ca\\\/fr\\\/dylan-bartlett-nomme-president-et-chef-de-la-direction-de-supply-chain-canada\\\/#breadcrumb\"},\"inLanguage\":\"fr-FR\",\"potentialAction\":[{\"@type\":\"ReadAction\",\"target\":[\"https:\\\/\\\/www.cargo-montreal.ca\\\/fr\\\/dylan-bartlett-nomme-president-et-chef-de-la-direction-de-supply-chain-canada\\\/\"]}]},{\"@type\":\"ImageObject\",\"inLanguage\":\"fr-FR\",\"@id\":\"https:\\\/\\\/www.cargo-montreal.ca\\\/fr\\\/dylan-bartlett-nomme-president-et-chef-de-la-direction-de-supply-chain-canada\\\/#primaryimage\",\"url\":\"https:\\\/\\\/www.cargo-montreal.ca\\\/wp-content\\\/uploads\\\/2024\\\/11\\\/fr_primary_logo.jpg\",\"contentUrl\":\"https:\\\/\\\/www.cargo-montreal.ca\\\/wp-content\\\/uploads\\\/2024\\\/11\\\/fr_primary_logo.jpg\",\"width\":1308,\"height\":613},{\"@type\":\"BreadcrumbList\",\"@id\":\"https:\\\/\\\/www.cargo-montreal.ca\\\/fr\\\/dylan-bartlett-nomme-president-et-chef-de-la-direction-de-supply-chain-canada\\\/#breadcrumb\",\"itemListElement\":[{\"@type\":\"ListItem\",\"position\":1,\"name\":\"Home\",\"item\":\"https:\\\/\\\/www.cargo-montreal.ca\\\/fr\\\/\"},{\"@type\":\"ListItem\",\"position\":2,\"name\":\"Dylan Bartlett nomm\u00e9 pr\u00e9sident et chef de la direction de Supply Chain Canada\"}]},{\"@type\":\"WebSite\",\"@id\":\"https:\\\/\\\/www.cargo-montreal.ca\\\/fr\\\/#website\",\"url\":\"https:\\\/\\\/www.cargo-montreal.ca\\\/fr\\\/\",\"name\":\"CargoM\",\"description\":\"La mission de CargoM: Rassembler les acteurs de la logistique &amp; du transport de marchandises du Grand Montr\u00e9al autour d&#039;objectifs communs, d&#039;actions concert\u00e9es\",\"potentialAction\":[{\"@type\":\"SearchAction\",\"target\":{\"@type\":\"EntryPoint\",\"urlTemplate\":\"https:\\\/\\\/www.cargo-montreal.ca\\\/fr\\\/?s={search_term_string}\"},\"query-input\":{\"@type\":\"PropertyValueSpecification\",\"valueRequired\":true,\"valueName\":\"search_term_string\"}}],\"inLanguage\":\"fr-FR\"},{\"@type\":\"Person\",\"@id\":\"https:\\\/\\\/www.cargo-montreal.ca\\\/fr\\\/#\\\/schema\\\/person\\\/80476d173ce654813db9fd1533901365\",\"name\":\"Karine Dudognon\",\"image\":{\"@type\":\"ImageObject\",\"inLanguage\":\"fr-FR\",\"@id\":\"https:\\\/\\\/secure.gravatar.com\\\/avatar\\\/673bdfb703a9b6685a88bc7dfb04a9ea2b48b30e9d1663a5e759a4e9bfa3e2c0?s=96&d=mm&r=g\",\"url\":\"https:\\\/\\\/secure.gravatar.com\\\/avatar\\\/673bdfb703a9b6685a88bc7dfb04a9ea2b48b30e9d1663a5e759a4e9bfa3e2c0?s=96&d=mm&r=g\",\"contentUrl\":\"https:\\\/\\\/secure.gravatar.com\\\/avatar\\\/673bdfb703a9b6685a88bc7dfb04a9ea2b48b30e9d1663a5e759a4e9bfa3e2c0?s=96&d=mm&r=g\",\"caption\":\"Karine Dudognon\"},\"url\":\"https:\\\/\\\/www.cargo-montreal.ca\\\/fr\\\/author\\\/karine\\\/\"}]}<\/script>\n<!-- \/ Yoast SEO plugin. -->","yoast_head_json":{"title":"Dylan Bartlett nomm\u00e9 pr\u00e9sident et chef de la direction de Supply Chain Canada - CargoM","robots":{"index":"index","follow":"follow","max-snippet":"max-snippet:-1","max-image-preview":"max-image-preview:large","max-video-preview":"max-video-preview:-1"},"canonical":"https:\/\/www.cargo-montreal.ca\/fr\/dylan-bartlett-nomme-president-et-chef-de-la-direction-de-supply-chain-canada\/","og_locale":"fr_FR","og_type":"article","og_title":"Dylan Bartlett nomm\u00e9 pr\u00e9sident et chef de la direction de Supply Chain Canada - CargoM","og_description":"Le conseil d&rsquo;administration de\u00a0Supply Chain Canada\u00a0a le plaisir d&rsquo;annoncer la nomination de Dylan Bartlett au poste de pr\u00e9sident et chef de la direction, \u00e0 compter du 25 novembre 2024. Supply Chain Canada est tr\u00e8s impressionn\u00e9 par la vision globale et la strat\u00e9gie de croissance de Dylan, ainsi que par sa passion et son enthousiasme pour [&hellip;]","og_url":"https:\/\/www.cargo-montreal.ca\/fr\/dylan-bartlett-nomme-president-et-chef-de-la-direction-de-supply-chain-canada\/","og_site_name":"CargoM","article_published_time":"2024-11-28T17:13:11+00:00","og_image":[{"width":1308,"height":613,"url":"https:\/\/www.cargo-montreal.ca\/wp-content\/uploads\/2024\/11\/fr_primary_logo.jpg","type":"image\/jpeg"}],"author":"Karine Dudognon","twitter_card":"summary_large_image","twitter_misc":{"\u00c9crit par":"Karine Dudognon","Dur\u00e9e de lecture estim\u00e9e":"1 minute"},"schema":{"@context":"https:\/\/schema.org","@graph":[{"@type":"Article","@id":"https:\/\/www.cargo-montreal.ca\/fr\/dylan-bartlett-nomme-president-et-chef-de-la-direction-de-supply-chain-canada\/#article","isPartOf":{"@id":"https:\/\/www.cargo-montreal.ca\/fr\/dylan-bartlett-nomme-president-et-chef-de-la-direction-de-supply-chain-canada\/"},"author":{"name":"Karine Dudognon","@id":"https:\/\/www.cargo-montreal.ca\/fr\/#\/schema\/person\/80476d173ce654813db9fd1533901365"},"headline":"Dylan Bartlett nomm\u00e9 pr\u00e9sident et chef de la direction de Supply Chain Canada","datePublished":"2024-11-28T17:13:11+00:00","mainEntityOfPage":{"@id":"https:\/\/www.cargo-montreal.ca\/fr\/dylan-bartlett-nomme-president-et-chef-de-la-direction-de-supply-chain-canada\/"},"wordCount":130,"image":{"@id":"https:\/\/www.cargo-montreal.ca\/fr\/dylan-bartlett-nomme-president-et-chef-de-la-direction-de-supply-chain-canada\/#primaryimage"},"thumbnailUrl":"https:\/\/www.cargo-montreal.ca\/wp-content\/uploads\/2024\/11\/fr_primary_logo.jpg","articleSection":["Services logistiques"],"inLanguage":"fr-FR"},{"@type":"WebPage","@id":"https:\/\/www.cargo-montreal.ca\/fr\/dylan-bartlett-nomme-president-et-chef-de-la-direction-de-supply-chain-canada\/","url":"https:\/\/www.cargo-montreal.ca\/fr\/dylan-bartlett-nomme-president-et-chef-de-la-direction-de-supply-chain-canada\/","name":"Dylan Bartlett nomm\u00e9 pr\u00e9sident et chef de la direction de Supply Chain Canada - CargoM","isPartOf":{"@id":"https:\/\/www.cargo-montreal.ca\/fr\/#website"},"primaryImageOfPage":{"@id":"https:\/\/www.cargo-montreal.ca\/fr\/dylan-bartlett-nomme-president-et-chef-de-la-direction-de-supply-chain-canada\/#primaryimage"},"image":{"@id":"https:\/\/www.cargo-montreal.ca\/fr\/dylan-bartlett-nomme-president-et-chef-de-la-direction-de-supply-chain-canada\/#primaryimage"},"thumbnailUrl":"https:\/\/www.cargo-montreal.ca\/wp-content\/uploads\/2024\/11\/fr_primary_logo.jpg","datePublished":"2024-11-28T17:13:11+00:00","author":{"@id":"https:\/\/www.cargo-montreal.ca\/fr\/#\/schema\/person\/80476d173ce654813db9fd1533901365"},"breadcrumb":{"@id":"https:\/\/www.cargo-montreal.ca\/fr\/dylan-bartlett-nomme-president-et-chef-de-la-direction-de-supply-chain-canada\/#breadcrumb"},"inLanguage":"fr-FR","potentialAction":[{"@type":"ReadAction","target":["https:\/\/www.cargo-montreal.ca\/fr\/dylan-bartlett-nomme-president-et-chef-de-la-direction-de-supply-chain-canada\/"]}]},{"@type":"ImageObject","inLanguage":"fr-FR","@id":"https:\/\/www.cargo-montreal.ca\/fr\/dylan-bartlett-nomme-president-et-chef-de-la-direction-de-supply-chain-canada\/#primaryimage","url":"https:\/\/www.cargo-montreal.ca\/wp-content\/uploads\/2024\/11\/fr_primary_logo.jpg","contentUrl":"https:\/\/www.cargo-montreal.ca\/wp-content\/uploads\/2024\/11\/fr_primary_logo.jpg","width":1308,"height":613},{"@type":"BreadcrumbList","@id":"https:\/\/www.cargo-montreal.ca\/fr\/dylan-bartlett-nomme-president-et-chef-de-la-direction-de-supply-chain-canada\/#breadcrumb","itemListElement":[{"@type":"ListItem","position":1,"name":"Home","item":"https:\/\/www.cargo-montreal.ca\/fr\/"},{"@type":"ListItem","position":2,"name":"Dylan Bartlett nomm\u00e9 pr\u00e9sident et chef de la direction de Supply Chain Canada"}]},{"@type":"WebSite","@id":"https:\/\/www.cargo-montreal.ca\/fr\/#website","url":"https:\/\/www.cargo-montreal.ca\/fr\/","name":"CargoM","description":"La mission de CargoM: Rassembler les acteurs de la logistique &amp; du transport de marchandises du Grand Montr\u00e9al autour d&#039;objectifs communs, d&#039;actions concert\u00e9es","potentialAction":[{"@type":"SearchAction","target":{"@type":"EntryPoint","urlTemplate":"https:\/\/www.cargo-montreal.ca\/fr\/?s={search_term_string}"},"query-input":{"@type":"PropertyValueSpecification","valueRequired":true,"valueName":"search_term_string"}}],"inLanguage":"fr-FR"},{"@type":"Person","@id":"https:\/\/www.cargo-montreal.ca\/fr\/#\/schema\/person\/80476d173ce654813db9fd1533901365","name":"Karine Dudognon","image":{"@type":"ImageObject","inLanguage":"fr-FR","@id":"https:\/\/secure.gravatar.com\/avatar\/673bdfb703a9b6685a88bc7dfb04a9ea2b48b30e9d1663a5e759a4e9bfa3e2c0?s=96&d=mm&r=g","url":"https:\/\/secure.gravatar.com\/avatar\/673bdfb703a9b6685a88bc7dfb04a9ea2b48b30e9d1663a5e759a4e9bfa3e2c0?s=96&d=mm&r=g","contentUrl":"https:\/\/secure.gravatar.com\/avatar\/673bdfb703a9b6685a88bc7dfb04a9ea2b48b30e9d1663a5e759a4e9bfa3e2c0?s=96&d=mm&r=g","caption":"Karine Dudognon"},"url":"https:\/\/www.cargo-montreal.ca\/fr\/author\/karine\/"}]}},"_links":{"self":[{"href":"https:\/\/www.cargo-montreal.ca\/fr\/wp-json\/wp\/v2\/posts\/17661","targetHints":{"allow":["GET"]}}],"collection":[{"href":"https:\/\/www.cargo-montreal.ca\/fr\/wp-json\/wp\/v2\/posts"}],"about":[{"href":"https:\/\/www.cargo-montreal.ca\/fr\/wp-json\/wp\/v2\/types\/post"}],"author":[{"embeddable":true,"href":"https:\/\/www.cargo-montreal.ca\/fr\/wp-json\/wp\/v2\/users\/39"}],"replies":[{"embeddable":true,"href":"https:\/\/www.cargo-montreal.ca\/fr\/wp-json\/wp\/v2\/comments?post=17661"}],"version-history":[{"count":1,"href":"https:\/\/www.cargo-montreal.ca\/fr\/wp-json\/wp\/v2\/posts\/17661\/revisions"}],"predecessor-version":[{"id":17662,"href":"https:\/\/www.cargo-montreal.ca\/fr\/wp-json\/wp\/v2\/posts\/17661\/revisions\/17662"}],"wp:featuredmedia":[{"embeddable":true,"href":"https:\/\/www.cargo-montreal.ca\/fr\/wp-json\/wp\/v2\/media\/17623"}],"wp:attachment":[{"href":"https:\/\/www.cargo-montreal.ca\/fr\/wp-json\/wp\/v2\/media?parent=17661"}],"wp:term":[{"taxonomy":"category","embeddable":true,"href":"https:\/\/www.cargo-montreal.ca\/fr\/wp-json\/wp\/v2\/categories?post=17661"},{"taxonomy":"post_tag","embeddable":true,"href":"https:\/\/www.cargo-montreal.ca\/fr\/wp-json\/wp\/v2\/tags?post=17661"}],"curies":[{"name":"wp","href":"https:\/\/api.w.org\/{rel}","templated":true}]}}