{"id":17767,"date":"2024-12-19T19:06:01","date_gmt":"2024-12-19T19:06:01","guid":{"rendered":"https:\/\/www.cargo-montreal.ca\/?p=17767"},"modified":"2024-12-19T19:06:01","modified_gmt":"2024-12-19T19:06:01","slug":"appel-aux-conferenciers-assises-quebecoises-du-secteur-maritime","status":"publish","type":"post","link":"https:\/\/www.cargo-montreal.ca\/fr\/appel-aux-conferenciers-assises-quebecoises-du-secteur-maritime\/","title":{"rendered":"Appel aux conf\u00e9renciers &#8211; Assises qu\u00e9b\u00e9coises du secteur maritime"},"content":{"rendered":"<p>Les\u00a0<a href=\"https:\/\/st-laurent.org\/appel-aux-conferenciers\/#formulaire\" target=\"_blank\" rel=\"noopener\" data-hs-link-id=\"0\">Assises qu\u00e9b\u00e9coises du secteur maritime (AQSM)<\/a>\u00a0constituent le plus grand rassemblement d\u2019experts et de hauts dirigeants de l\u2019industrie maritime. Organis\u00e9 par la\u00a0<a href=\"https:\/\/st-laurent.org\/\" target=\"_blank\" rel=\"noopener\" data-hs-link-id=\"0\">Soci\u00e9t\u00e9 de d\u00e9veloppement \u00e9conomique du Saint-Laurent (Sodes)<\/a>, cet \u00e9v\u00e9nement phare r\u00e9unit chaque ann\u00e9e plus de 300 d\u00e9cideurs issus de l\u2019industrie maritime du Qu\u00e9bec, du Canada et de l\u2019international.<\/p>\r\n<p align=\"justify\">La 5e \u00e9dition des AQSM, qui se tiendra les 13 et 14 mai 2025, se profile comme un rendez-vous incontournable pour les leaders du secteur. Le th\u00e8me central de cette \u00e9dition portera sur le renforcement du positionnement strat\u00e9gique du Saint-Laurent, notamment \u00e0 travers l\u2019exploitation des donn\u00e9es et la transition vers des pratiques \u00e9nerg\u00e9tiques durables.<\/p>\r\n<p align=\"justify\">Dans ce cadre, la Sodes invite les experts et hauts dirigeants du maritime \u00e0 soumettre des propositions de conf\u00e9rence notamment sur l\u2019acceptabilit\u00e9 sociale, les relations avec les communaut\u00e9s, la comp\u00e9titivit\u00e9, le d\u00e9veloppement, etc.<\/p>\r\n<p align=\"justify\"><strong>Date limite pour le d\u00e9p\u00f4t :\u00a010 janvier 2025, 17 h.<\/strong><\/p>\r\n<p align=\"justify\"><a href=\"https:\/\/st-laurent.org\/appel-aux-conferenciers\/#formulaire\" target=\"_blank\" rel=\"noopener\" data-hs-link-id=\"1\">Pour en savoir plus et pour soumettre un sujet de conf\u00e9rence<\/a><\/p>","protected":false},"excerpt":{"rendered":"Les\u00a0Assises qu\u00e9b\u00e9coises du secteur maritime (AQSM)\u00a0constituent le plus grand rassemblement d\u2019experts et de hauts dirigeants de l\u2019industrie maritime. Organis\u00e9 par la\u00a0Soci\u00e9t\u00e9 de d\u00e9veloppement \u00e9conomique du Saint-Laurent (Sodes), cet \u00e9v\u00e9nement phare r\u00e9unit chaque ann\u00e9e plus de 300 d\u00e9cideurs issus de l\u2019industrie maritime du Qu\u00e9bec, du Canada et de l\u2019international. La 5e \u00e9dition des AQSM, qui se [&hellip;]","protected":false},"author":39,"featured_media":17737,"comment_status":"closed","ping_status":"closed","sticky":false,"template":"","format":"standard","meta":{"_acf_changed":false,"footnotes":""},"categories":[20],"tags":[],"class_list":["post-17767","post","type-post","status-publish","format-standard","has-post-thumbnail","hentry","category-services-logistiques"],"acf":[],"yoast_head":"<!-- This site is optimized with the Yoast SEO plugin v27.3 - https:\/\/yoast.com\/product\/yoast-seo-wordpress\/ -->\n<title>Appel aux conf\u00e9renciers - Assises qu\u00e9b\u00e9coises du secteur maritime - CargoM<\/title>\n<meta name=\"robots\" content=\"index, follow, max-snippet:-1, max-image-preview:large, max-video-preview:-1\" \/>\n<link rel=\"canonical\" href=\"https:\/\/www.cargo-montreal.ca\/fr\/appel-aux-conferenciers-assises-quebecoises-du-secteur-maritime\/\" \/>\n<meta property=\"og:locale\" content=\"fr_FR\" \/>\n<meta property=\"og:type\" content=\"article\" \/>\n<meta property=\"og:title\" content=\"Appel aux conf\u00e9renciers - Assises qu\u00e9b\u00e9coises du secteur maritime - CargoM\" \/>\n<meta property=\"og:description\" content=\"Les\u00a0Assises qu\u00e9b\u00e9coises du secteur maritime (AQSM)\u00a0constituent le plus grand rassemblement d\u2019experts et de hauts dirigeants de l\u2019industrie maritime. Organis\u00e9 par la\u00a0Soci\u00e9t\u00e9 de d\u00e9veloppement \u00e9conomique du Saint-Laurent (Sodes), cet \u00e9v\u00e9nement phare r\u00e9unit chaque ann\u00e9e plus de 300 d\u00e9cideurs issus de l\u2019industrie maritime du Qu\u00e9bec, du Canada et de l\u2019international. La 5e \u00e9dition des AQSM, qui se [&hellip;]\" \/>\n<meta property=\"og:url\" content=\"https:\/\/www.cargo-montreal.ca\/fr\/appel-aux-conferenciers-assises-quebecoises-du-secteur-maritime\/\" \/>\n<meta property=\"og:site_name\" content=\"CargoM\" \/>\n<meta property=\"article:published_time\" content=\"2024-12-19T19:06:01+00:00\" \/>\n<meta property=\"og:image\" content=\"https:\/\/www.cargo-montreal.ca\/wp-content\/uploads\/2024\/12\/Appel-aux-conferenciers-AQSM-2025-scaled.jpg\" \/>\n\t<meta property=\"og:image:width\" content=\"2560\" \/>\n\t<meta property=\"og:image:height\" content=\"1337\" \/>\n\t<meta property=\"og:image:type\" content=\"image\/jpeg\" \/>\n<meta name=\"author\" content=\"Karine Dudognon\" \/>\n<meta name=\"twitter:card\" content=\"summary_large_image\" \/>\n<meta name=\"twitter:label1\" content=\"\u00c9crit par\" \/>\n\t<meta name=\"twitter:data1\" content=\"Karine Dudognon\" \/>\n\t<meta name=\"twitter:label2\" content=\"Dur\u00e9e de lecture estim\u00e9e\" \/>\n\t<meta name=\"twitter:data2\" content=\"1 minute\" \/>\n<script type=\"application\/ld+json\" class=\"yoast-schema-graph\">{\"@context\":\"https:\\\/\\\/schema.org\",\"@graph\":[{\"@type\":\"Article\",\"@id\":\"https:\\\/\\\/www.cargo-montreal.ca\\\/fr\\\/appel-aux-conferenciers-assises-quebecoises-du-secteur-maritime\\\/#article\",\"isPartOf\":{\"@id\":\"https:\\\/\\\/www.cargo-montreal.ca\\\/fr\\\/appel-aux-conferenciers-assises-quebecoises-du-secteur-maritime\\\/\"},\"author\":{\"name\":\"Karine Dudognon\",\"@id\":\"https:\\\/\\\/www.cargo-montreal.ca\\\/fr\\\/#\\\/schema\\\/person\\\/80476d173ce654813db9fd1533901365\"},\"headline\":\"Appel aux conf\u00e9renciers &#8211; Assises qu\u00e9b\u00e9coises du secteur maritime\",\"datePublished\":\"2024-12-19T19:06:01+00:00\",\"mainEntityOfPage\":{\"@id\":\"https:\\\/\\\/www.cargo-montreal.ca\\\/fr\\\/appel-aux-conferenciers-assises-quebecoises-du-secteur-maritime\\\/\"},\"wordCount\":188,\"image\":{\"@id\":\"https:\\\/\\\/www.cargo-montreal.ca\\\/fr\\\/appel-aux-conferenciers-assises-quebecoises-du-secteur-maritime\\\/#primaryimage\"},\"thumbnailUrl\":\"https:\\\/\\\/www.cargo-montreal.ca\\\/wp-content\\\/uploads\\\/2024\\\/12\\\/Appel-aux-conferenciers-AQSM-2025-scaled.jpg\",\"articleSection\":[\"Services logistiques\"],\"inLanguage\":\"fr-FR\"},{\"@type\":\"WebPage\",\"@id\":\"https:\\\/\\\/www.cargo-montreal.ca\\\/fr\\\/appel-aux-conferenciers-assises-quebecoises-du-secteur-maritime\\\/\",\"url\":\"https:\\\/\\\/www.cargo-montreal.ca\\\/fr\\\/appel-aux-conferenciers-assises-quebecoises-du-secteur-maritime\\\/\",\"name\":\"Appel aux conf\u00e9renciers - Assises qu\u00e9b\u00e9coises du secteur maritime - CargoM\",\"isPartOf\":{\"@id\":\"https:\\\/\\\/www.cargo-montreal.ca\\\/fr\\\/#website\"},\"primaryImageOfPage\":{\"@id\":\"https:\\\/\\\/www.cargo-montreal.ca\\\/fr\\\/appel-aux-conferenciers-assises-quebecoises-du-secteur-maritime\\\/#primaryimage\"},\"image\":{\"@id\":\"https:\\\/\\\/www.cargo-montreal.ca\\\/fr\\\/appel-aux-conferenciers-assises-quebecoises-du-secteur-maritime\\\/#primaryimage\"},\"thumbnailUrl\":\"https:\\\/\\\/www.cargo-montreal.ca\\\/wp-content\\\/uploads\\\/2024\\\/12\\\/Appel-aux-conferenciers-AQSM-2025-scaled.jpg\",\"datePublished\":\"2024-12-19T19:06:01+00:00\",\"author\":{\"@id\":\"https:\\\/\\\/www.cargo-montreal.ca\\\/fr\\\/#\\\/schema\\\/person\\\/80476d173ce654813db9fd1533901365\"},\"breadcrumb\":{\"@id\":\"https:\\\/\\\/www.cargo-montreal.ca\\\/fr\\\/appel-aux-conferenciers-assises-quebecoises-du-secteur-maritime\\\/#breadcrumb\"},\"inLanguage\":\"fr-FR\",\"potentialAction\":[{\"@type\":\"ReadAction\",\"target\":[\"https:\\\/\\\/www.cargo-montreal.ca\\\/fr\\\/appel-aux-conferenciers-assises-quebecoises-du-secteur-maritime\\\/\"]}]},{\"@type\":\"ImageObject\",\"inLanguage\":\"fr-FR\",\"@id\":\"https:\\\/\\\/www.cargo-montreal.ca\\\/fr\\\/appel-aux-conferenciers-assises-quebecoises-du-secteur-maritime\\\/#primaryimage\",\"url\":\"https:\\\/\\\/www.cargo-montreal.ca\\\/wp-content\\\/uploads\\\/2024\\\/12\\\/Appel-aux-conferenciers-AQSM-2025-scaled.jpg\",\"contentUrl\":\"https:\\\/\\\/www.cargo-montreal.ca\\\/wp-content\\\/uploads\\\/2024\\\/12\\\/Appel-aux-conferenciers-AQSM-2025-scaled.jpg\",\"width\":2560,\"height\":1337},{\"@type\":\"BreadcrumbList\",\"@id\":\"https:\\\/\\\/www.cargo-montreal.ca\\\/fr\\\/appel-aux-conferenciers-assises-quebecoises-du-secteur-maritime\\\/#breadcrumb\",\"itemListElement\":[{\"@type\":\"ListItem\",\"position\":1,\"name\":\"Home\",\"item\":\"https:\\\/\\\/www.cargo-montreal.ca\\\/fr\\\/\"},{\"@type\":\"ListItem\",\"position\":2,\"name\":\"Appel aux conf\u00e9renciers &#8211; Assises qu\u00e9b\u00e9coises du secteur maritime\"}]},{\"@type\":\"WebSite\",\"@id\":\"https:\\\/\\\/www.cargo-montreal.ca\\\/fr\\\/#website\",\"url\":\"https:\\\/\\\/www.cargo-montreal.ca\\\/fr\\\/\",\"name\":\"CargoM\",\"description\":\"La mission de CargoM: Rassembler les acteurs de la logistique &amp; du transport de marchandises du Grand Montr\u00e9al autour d&#039;objectifs communs, d&#039;actions concert\u00e9es\",\"potentialAction\":[{\"@type\":\"SearchAction\",\"target\":{\"@type\":\"EntryPoint\",\"urlTemplate\":\"https:\\\/\\\/www.cargo-montreal.ca\\\/fr\\\/?s={search_term_string}\"},\"query-input\":{\"@type\":\"PropertyValueSpecification\",\"valueRequired\":true,\"valueName\":\"search_term_string\"}}],\"inLanguage\":\"fr-FR\"},{\"@type\":\"Person\",\"@id\":\"https:\\\/\\\/www.cargo-montreal.ca\\\/fr\\\/#\\\/schema\\\/person\\\/80476d173ce654813db9fd1533901365\",\"name\":\"Karine Dudognon\",\"image\":{\"@type\":\"ImageObject\",\"inLanguage\":\"fr-FR\",\"@id\":\"https:\\\/\\\/secure.gravatar.com\\\/avatar\\\/673bdfb703a9b6685a88bc7dfb04a9ea2b48b30e9d1663a5e759a4e9bfa3e2c0?s=96&d=mm&r=g\",\"url\":\"https:\\\/\\\/secure.gravatar.com\\\/avatar\\\/673bdfb703a9b6685a88bc7dfb04a9ea2b48b30e9d1663a5e759a4e9bfa3e2c0?s=96&d=mm&r=g\",\"contentUrl\":\"https:\\\/\\\/secure.gravatar.com\\\/avatar\\\/673bdfb703a9b6685a88bc7dfb04a9ea2b48b30e9d1663a5e759a4e9bfa3e2c0?s=96&d=mm&r=g\",\"caption\":\"Karine Dudognon\"},\"url\":\"https:\\\/\\\/www.cargo-montreal.ca\\\/fr\\\/author\\\/karine\\\/\"}]}<\/script>\n<!-- \/ Yoast SEO plugin. -->","yoast_head_json":{"title":"Appel aux conf\u00e9renciers - Assises qu\u00e9b\u00e9coises du secteur maritime - CargoM","robots":{"index":"index","follow":"follow","max-snippet":"max-snippet:-1","max-image-preview":"max-image-preview:large","max-video-preview":"max-video-preview:-1"},"canonical":"https:\/\/www.cargo-montreal.ca\/fr\/appel-aux-conferenciers-assises-quebecoises-du-secteur-maritime\/","og_locale":"fr_FR","og_type":"article","og_title":"Appel aux conf\u00e9renciers - Assises qu\u00e9b\u00e9coises du secteur maritime - CargoM","og_description":"Les\u00a0Assises qu\u00e9b\u00e9coises du secteur maritime (AQSM)\u00a0constituent le plus grand rassemblement d\u2019experts et de hauts dirigeants de l\u2019industrie maritime. Organis\u00e9 par la\u00a0Soci\u00e9t\u00e9 de d\u00e9veloppement \u00e9conomique du Saint-Laurent (Sodes), cet \u00e9v\u00e9nement phare r\u00e9unit chaque ann\u00e9e plus de 300 d\u00e9cideurs issus de l\u2019industrie maritime du Qu\u00e9bec, du Canada et de l\u2019international. La 5e \u00e9dition des AQSM, qui se [&hellip;]","og_url":"https:\/\/www.cargo-montreal.ca\/fr\/appel-aux-conferenciers-assises-quebecoises-du-secteur-maritime\/","og_site_name":"CargoM","article_published_time":"2024-12-19T19:06:01+00:00","og_image":[{"width":2560,"height":1337,"url":"https:\/\/www.cargo-montreal.ca\/wp-content\/uploads\/2024\/12\/Appel-aux-conferenciers-AQSM-2025-scaled.jpg","type":"image\/jpeg"}],"author":"Karine Dudognon","twitter_card":"summary_large_image","twitter_misc":{"\u00c9crit par":"Karine Dudognon","Dur\u00e9e de lecture estim\u00e9e":"1 minute"},"schema":{"@context":"https:\/\/schema.org","@graph":[{"@type":"Article","@id":"https:\/\/www.cargo-montreal.ca\/fr\/appel-aux-conferenciers-assises-quebecoises-du-secteur-maritime\/#article","isPartOf":{"@id":"https:\/\/www.cargo-montreal.ca\/fr\/appel-aux-conferenciers-assises-quebecoises-du-secteur-maritime\/"},"author":{"name":"Karine Dudognon","@id":"https:\/\/www.cargo-montreal.ca\/fr\/#\/schema\/person\/80476d173ce654813db9fd1533901365"},"headline":"Appel aux conf\u00e9renciers &#8211; Assises qu\u00e9b\u00e9coises du secteur maritime","datePublished":"2024-12-19T19:06:01+00:00","mainEntityOfPage":{"@id":"https:\/\/www.cargo-montreal.ca\/fr\/appel-aux-conferenciers-assises-quebecoises-du-secteur-maritime\/"},"wordCount":188,"image":{"@id":"https:\/\/www.cargo-montreal.ca\/fr\/appel-aux-conferenciers-assises-quebecoises-du-secteur-maritime\/#primaryimage"},"thumbnailUrl":"https:\/\/www.cargo-montreal.ca\/wp-content\/uploads\/2024\/12\/Appel-aux-conferenciers-AQSM-2025-scaled.jpg","articleSection":["Services logistiques"],"inLanguage":"fr-FR"},{"@type":"WebPage","@id":"https:\/\/www.cargo-montreal.ca\/fr\/appel-aux-conferenciers-assises-quebecoises-du-secteur-maritime\/","url":"https:\/\/www.cargo-montreal.ca\/fr\/appel-aux-conferenciers-assises-quebecoises-du-secteur-maritime\/","name":"Appel aux conf\u00e9renciers - Assises qu\u00e9b\u00e9coises du secteur maritime - CargoM","isPartOf":{"@id":"https:\/\/www.cargo-montreal.ca\/fr\/#website"},"primaryImageOfPage":{"@id":"https:\/\/www.cargo-montreal.ca\/fr\/appel-aux-conferenciers-assises-quebecoises-du-secteur-maritime\/#primaryimage"},"image":{"@id":"https:\/\/www.cargo-montreal.ca\/fr\/appel-aux-conferenciers-assises-quebecoises-du-secteur-maritime\/#primaryimage"},"thumbnailUrl":"https:\/\/www.cargo-montreal.ca\/wp-content\/uploads\/2024\/12\/Appel-aux-conferenciers-AQSM-2025-scaled.jpg","datePublished":"2024-12-19T19:06:01+00:00","author":{"@id":"https:\/\/www.cargo-montreal.ca\/fr\/#\/schema\/person\/80476d173ce654813db9fd1533901365"},"breadcrumb":{"@id":"https:\/\/www.cargo-montreal.ca\/fr\/appel-aux-conferenciers-assises-quebecoises-du-secteur-maritime\/#breadcrumb"},"inLanguage":"fr-FR","potentialAction":[{"@type":"ReadAction","target":["https:\/\/www.cargo-montreal.ca\/fr\/appel-aux-conferenciers-assises-quebecoises-du-secteur-maritime\/"]}]},{"@type":"ImageObject","inLanguage":"fr-FR","@id":"https:\/\/www.cargo-montreal.ca\/fr\/appel-aux-conferenciers-assises-quebecoises-du-secteur-maritime\/#primaryimage","url":"https:\/\/www.cargo-montreal.ca\/wp-content\/uploads\/2024\/12\/Appel-aux-conferenciers-AQSM-2025-scaled.jpg","contentUrl":"https:\/\/www.cargo-montreal.ca\/wp-content\/uploads\/2024\/12\/Appel-aux-conferenciers-AQSM-2025-scaled.jpg","width":2560,"height":1337},{"@type":"BreadcrumbList","@id":"https:\/\/www.cargo-montreal.ca\/fr\/appel-aux-conferenciers-assises-quebecoises-du-secteur-maritime\/#breadcrumb","itemListElement":[{"@type":"ListItem","position":1,"name":"Home","item":"https:\/\/www.cargo-montreal.ca\/fr\/"},{"@type":"ListItem","position":2,"name":"Appel aux conf\u00e9renciers &#8211; Assises qu\u00e9b\u00e9coises du secteur maritime"}]},{"@type":"WebSite","@id":"https:\/\/www.cargo-montreal.ca\/fr\/#website","url":"https:\/\/www.cargo-montreal.ca\/fr\/","name":"CargoM","description":"La mission de CargoM: Rassembler les acteurs de la logistique &amp; du transport de marchandises du Grand Montr\u00e9al autour d&#039;objectifs communs, d&#039;actions concert\u00e9es","potentialAction":[{"@type":"SearchAction","target":{"@type":"EntryPoint","urlTemplate":"https:\/\/www.cargo-montreal.ca\/fr\/?s={search_term_string}"},"query-input":{"@type":"PropertyValueSpecification","valueRequired":true,"valueName":"search_term_string"}}],"inLanguage":"fr-FR"},{"@type":"Person","@id":"https:\/\/www.cargo-montreal.ca\/fr\/#\/schema\/person\/80476d173ce654813db9fd1533901365","name":"Karine Dudognon","image":{"@type":"ImageObject","inLanguage":"fr-FR","@id":"https:\/\/secure.gravatar.com\/avatar\/673bdfb703a9b6685a88bc7dfb04a9ea2b48b30e9d1663a5e759a4e9bfa3e2c0?s=96&d=mm&r=g","url":"https:\/\/secure.gravatar.com\/avatar\/673bdfb703a9b6685a88bc7dfb04a9ea2b48b30e9d1663a5e759a4e9bfa3e2c0?s=96&d=mm&r=g","contentUrl":"https:\/\/secure.gravatar.com\/avatar\/673bdfb703a9b6685a88bc7dfb04a9ea2b48b30e9d1663a5e759a4e9bfa3e2c0?s=96&d=mm&r=g","caption":"Karine Dudognon"},"url":"https:\/\/www.cargo-montreal.ca\/fr\/author\/karine\/"}]}},"_links":{"self":[{"href":"https:\/\/www.cargo-montreal.ca\/fr\/wp-json\/wp\/v2\/posts\/17767","targetHints":{"allow":["GET"]}}],"collection":[{"href":"https:\/\/www.cargo-montreal.ca\/fr\/wp-json\/wp\/v2\/posts"}],"about":[{"href":"https:\/\/www.cargo-montreal.ca\/fr\/wp-json\/wp\/v2\/types\/post"}],"author":[{"embeddable":true,"href":"https:\/\/www.cargo-montreal.ca\/fr\/wp-json\/wp\/v2\/users\/39"}],"replies":[{"embeddable":true,"href":"https:\/\/www.cargo-montreal.ca\/fr\/wp-json\/wp\/v2\/comments?post=17767"}],"version-history":[{"count":1,"href":"https:\/\/www.cargo-montreal.ca\/fr\/wp-json\/wp\/v2\/posts\/17767\/revisions"}],"predecessor-version":[{"id":17768,"href":"https:\/\/www.cargo-montreal.ca\/fr\/wp-json\/wp\/v2\/posts\/17767\/revisions\/17768"}],"wp:featuredmedia":[{"embeddable":true,"href":"https:\/\/www.cargo-montreal.ca\/fr\/wp-json\/wp\/v2\/media\/17737"}],"wp:attachment":[{"href":"https:\/\/www.cargo-montreal.ca\/fr\/wp-json\/wp\/v2\/media?parent=17767"}],"wp:term":[{"taxonomy":"category","embeddable":true,"href":"https:\/\/www.cargo-montreal.ca\/fr\/wp-json\/wp\/v2\/categories?post=17767"},{"taxonomy":"post_tag","embeddable":true,"href":"https:\/\/www.cargo-montreal.ca\/fr\/wp-json\/wp\/v2\/tags?post=17767"}],"curies":[{"name":"wp","href":"https:\/\/api.w.org\/{rel}","templated":true}]}}