{"id":17879,"date":"2025-01-31T03:12:07","date_gmt":"2025-01-31T03:12:07","guid":{"rendered":"https:\/\/www.cargo-montreal.ca\/?p=17879"},"modified":"2025-01-31T03:12:07","modified_gmt":"2025-01-31T03:12:07","slug":"autres-formations-7","status":"publish","type":"post","link":"https:\/\/www.cargo-montreal.ca\/fr\/autres-formations-7\/","title":{"rendered":"Autres formations"},"content":{"rendered":"<p align=\"justify\">6 f\u00e9vrier 2025 \u2013\u00a0<a href=\"https:\/\/info.cargo-montreal.ca\/e3t\/Ctc\/ZU+113\/d11nbd04\/MXdnwl2rNVqW5ybbdl2dy4jtW13cSCp5rlWTYN4MwsgF3lYMRW95jsWP6lZ3nJW7JV51g5BjbnnW39ZC_g4m8w2WW7TGVwp4-JC8yN5-f2VTJrvXdW12_lYx1FW_s5W63csKx8v_hY6W2R63Gk8zzQLhN1dt8QFJRf5RW6MH2xn62GyGrW7Cv5f_85xYfbM63VS8LJLP3W69Q3085v8s-6W4Zsjqc60pb4MW1Ptt2f8p7SQZW6yzmKX6SkQJrW915mQ34bv_X6W5-b0tS8b4ghPW5Drw7t6-GGWgV2pJ7T3rT37BW80x4mQ3gS2jnW5-0TwL66gXfZW6c8_8m6wGkqdW1yjM1192nbglW4w64Zr2W8JcwW1pkbbc3gNlMDW3q0r9r2_5Nw0VG1FTc1vQGcPW3Vp_qz4vMyQxW86p3pZ7Y7KHFW98wZwX8TqzXkf2vSl1P04\" target=\"_blank\" rel=\"noopener\" data-saferedirecturl=\"https:\/\/www.google.com\/url?hl=fr-CA&amp;q=https:\/\/info.cargo-montreal.ca\/e3t\/Ctc\/ZU%2B113\/d11nbd04\/MXdnwl2rNVqW5ybbdl2dy4jtW13cSCp5rlWTYN4MwsgF3lYMRW95jsWP6lZ3nJW7JV51g5BjbnnW39ZC_g4m8w2WW7TGVwp4-JC8yN5-f2VTJrvXdW12_lYx1FW_s5W63csKx8v_hY6W2R63Gk8zzQLhN1dt8QFJRf5RW6MH2xn62GyGrW7Cv5f_85xYfbM63VS8LJLP3W69Q3085v8s-6W4Zsjqc60pb4MW1Ptt2f8p7SQZW6yzmKX6SkQJrW915mQ34bv_X6W5-b0tS8b4ghPW5Drw7t6-GGWgV2pJ7T3rT37BW80x4mQ3gS2jnW5-0TwL66gXfZW6c8_8m6wGkqdW1yjM1192nbglW4w64Zr2W8JcwW1pkbbc3gNlMDW3q0r9r2_5Nw0VG1FTc1vQGcPW3Vp_qz4vMyQxW86p3pZ7Y7KHFW98wZwX8TqzXkf2vSl1P04&amp;source=gmail&amp;ust=1738347767071000&amp;usg=AOvVaw3RiBx5E00qFdhk29jnx_IS\">Formation acc\u00e9l\u00e9r\u00e9e\u00a0: Importer pour mieux exporter<\/a>\u00a0\u2013\u00a0<a href=\"https:\/\/info.cargo-montreal.ca\/e3t\/Ctc\/ZU+113\/d11nbd04\/MXdnwl2rNVqW5ybbdl2dy4jtW13cSCp5rlWTYN4Mwsf83lYMRW69sMD-6lZ3mhV911vj24WMTVW1469lQ6M1-1lW3MjqcQ7JzN0ZW2Xz4rx1XjBDyW70VGmR1ZZ9WLW2x2q0V5F82_HW5sNp043SHk10W6qfzvG2Xmj-rW9c_tY_4FPc14W6cRH7l8_ln4cVw_VS27jsXg3Vtwp8C6Dj4chN3SYL3bS0JlyW3gj3Xf4MYRW4W5Hzmwd6MjfytW84wCd25GxRzmVm-6Zt3lw27JW7tSFz88FmKZ7W49H9MH6bTFByN3Sgtw8p8ndGf5pHrtT04\" target=\"_blank\" rel=\"noopener\" data-saferedirecturl=\"https:\/\/www.google.com\/url?hl=fr-CA&amp;q=https:\/\/info.cargo-montreal.ca\/e3t\/Ctc\/ZU%2B113\/d11nbd04\/MXdnwl2rNVqW5ybbdl2dy4jtW13cSCp5rlWTYN4Mwsf83lYMRW69sMD-6lZ3mhV911vj24WMTVW1469lQ6M1-1lW3MjqcQ7JzN0ZW2Xz4rx1XjBDyW70VGmR1ZZ9WLW2x2q0V5F82_HW5sNp043SHk10W6qfzvG2Xmj-rW9c_tY_4FPc14W6cRH7l8_ln4cVw_VS27jsXg3Vtwp8C6Dj4chN3SYL3bS0JlyW3gj3Xf4MYRW4W5Hzmwd6MjfytW84wCd25GxRzmVm-6Zt3lw27JW7tSFz88FmKZ7W49H9MH6bTFByN3Sgtw8p8ndGf5pHrtT04&amp;source=gmail&amp;ust=1738347767071000&amp;usg=AOvVaw1FMso_0qZzs5vnL8QFtQz1\">Chambre de commerce du Montr\u00e9al M\u00e9tropolitain (CCMM)<\/a><\/p>\r\n<p align=\"justify\">12 f\u00e9vrier 2025 \u2013\u00a0<a href=\"https:\/\/info.cargo-montreal.ca\/e3t\/Ctc\/ZU+113\/d11nbd04\/MXdnwl2rNVqW5ybbdl2dy4jtW13cSCp5rlWTYN4MwsdT7mmzdW5BWSxg6lZ3nqW5GBMjC5Rg3JHW8Zgm_r79StKFN4Vn9Hh-ZxmDW7ZKmzv36-RbkW4tcSWn86FTQMW9hsBRL2THZnwN9lC9pm8tTWtW1HNxSv5wfgdzN5kpnDQkcZ8VW5w4j8N6bBwMYW6gCww16NyfRyN2kf0-pV6RQ6W3J5Pvj2G6mTRN8CcDzgZyhZpW3dx0yz4DbZzRW88Rk3s1dyfDmW5c--xb3608dkVmk5W98pKpXwW7--9Xh2z94mtW5znqvX8sd0fXW7pq00Y4SPxH9N1C5LhVHvPFmW5sdNvx3H6cBXW5DkWNq5spk2FMqxRvRSHtkpW4q-JZq5GSn1vW6JnkGQ6x1PW5W6Q94x11Rm-TxW248wVs6_KJ-gW910-0y465r3RW8rB1287sdhr7W4SDdhW6Tw5jXW5b8Jyg1RsF_BW2cZ7J34TCVqkW8R6P0w8dyTmTW7V_W6P7WmVLFW69frgH6fmsPlV92hmJ36DFmRW2ltz853FQ5-ZVBpldV7n_5zfW1lKCPj6ssrHbW8jF_WV4w1-njW44sSXM3MVv2VW9kKxj97hn75vVCHkX85CQVhvN6KrmHCqF03-N7YFdy6Zj3tHW8BQ5X239w2BmW4Jt9Tk3ltZK7N7GsTrwgzQGHf5M5KLq04\" target=\"_blank\" rel=\"noopener\" data-saferedirecturl=\"https:\/\/www.google.com\/url?hl=fr-CA&amp;q=https:\/\/info.cargo-montreal.ca\/e3t\/Ctc\/ZU%2B113\/d11nbd04\/MXdnwl2rNVqW5ybbdl2dy4jtW13cSCp5rlWTYN4MwsdT7mmzdW5BWSxg6lZ3nqW5GBMjC5Rg3JHW8Zgm_r79StKFN4Vn9Hh-ZxmDW7ZKmzv36-RbkW4tcSWn86FTQMW9hsBRL2THZnwN9lC9pm8tTWtW1HNxSv5wfgdzN5kpnDQkcZ8VW5w4j8N6bBwMYW6gCww16NyfRyN2kf0-pV6RQ6W3J5Pvj2G6mTRN8CcDzgZyhZpW3dx0yz4DbZzRW88Rk3s1dyfDmW5c--xb3608dkVmk5W98pKpXwW7--9Xh2z94mtW5znqvX8sd0fXW7pq00Y4SPxH9N1C5LhVHvPFmW5sdNvx3H6cBXW5DkWNq5spk2FMqxRvRSHtkpW4q-JZq5GSn1vW6JnkGQ6x1PW5W6Q94x11Rm-TxW248wVs6_KJ-gW910-0y465r3RW8rB1287sdhr7W4SDdhW6Tw5jXW5b8Jyg1RsF_BW2cZ7J34TCVqkW8R6P0w8dyTmTW7V_W6P7WmVLFW69frgH6fmsPlV92hmJ36DFmRW2ltz853FQ5-ZVBpldV7n_5zfW1lKCPj6ssrHbW8jF_WV4w1-njW44sSXM3MVv2VW9kKxj97hn75vVCHkX85CQVhvN6KrmHCqF03-N7YFdy6Zj3tHW8BQ5X239w2BmW4Jt9Tk3ltZK7N7GsTrwgzQGHf5M5KLq04&amp;source=gmail&amp;ust=1738347767071000&amp;usg=AOvVaw3a8Bv7s36rFwnTOHWDfQbK\">Formation acc\u00e9l\u00e9r\u00e9e\u00a0: La diversification des march\u00e9s gr\u00e2ce aux accords commerciaux du Canada<\/a>\u00a0\u2013\u00a0<a href=\"https:\/\/info.cargo-montreal.ca\/e3t\/Ctc\/ZU+113\/d11nbd04\/MXdnwl2rNVqW5ybbdl2dy4jtW13cSCp5rlWTYN4Mwsf83lYMRW69sMD-6lZ3mNW67wXpQ2sGH6mW7-7_3s40DjpSW47f-yl4SkzC_W43_L7G1gLKsJW4MKxJj7mlQqHN2xx0JQbZ5ZJW3jn-t52qG4rfW8V9L6671j6jmW47S0gg51nXVXW6vnhhN4d1PpYW7DJG0w4wFpvPW1Q4dCG7mVHv0W6gMB6n7fhx9tW1QPMp23GyctFN75vSKmJnSK8W1vlhpN1drYMmW8KQrkx7Gn6_DW8T-Q6x5pz8VrN4GDXHm2c0d4N5zSNjlJg45nf8Kkhyg04\" target=\"_blank\" rel=\"noopener\" data-saferedirecturl=\"https:\/\/www.google.com\/url?hl=fr-CA&amp;q=https:\/\/info.cargo-montreal.ca\/e3t\/Ctc\/ZU%2B113\/d11nbd04\/MXdnwl2rNVqW5ybbdl2dy4jtW13cSCp5rlWTYN4Mwsf83lYMRW69sMD-6lZ3mNW67wXpQ2sGH6mW7-7_3s40DjpSW47f-yl4SkzC_W43_L7G1gLKsJW4MKxJj7mlQqHN2xx0JQbZ5ZJW3jn-t52qG4rfW8V9L6671j6jmW47S0gg51nXVXW6vnhhN4d1PpYW7DJG0w4wFpvPW1Q4dCG7mVHv0W6gMB6n7fhx9tW1QPMp23GyctFN75vSKmJnSK8W1vlhpN1drYMmW8KQrkx7Gn6_DW8T-Q6x5pz8VrN4GDXHm2c0d4N5zSNjlJg45nf8Kkhyg04&amp;source=gmail&amp;ust=1738347767071000&amp;usg=AOvVaw1wMZzO8dyOHbGcJcsk8tAL\">Chambre de commerce du Montr\u00e9al M\u00e9tropolitain (CCMM)<\/a><\/p>\r\n<p align=\"justify\">\u00a0<\/p>","protected":false},"excerpt":{"rendered":"6 f\u00e9vrier 2025 \u2013\u00a0Formation acc\u00e9l\u00e9r\u00e9e\u00a0: Importer pour mieux exporter\u00a0\u2013\u00a0Chambre de commerce du Montr\u00e9al M\u00e9tropolitain (CCMM) 12 f\u00e9vrier 2025 \u2013\u00a0Formation acc\u00e9l\u00e9r\u00e9e\u00a0: La diversification des march\u00e9s gr\u00e2ce aux accords commerciaux du Canada\u00a0\u2013\u00a0Chambre de commerce du Montr\u00e9al M\u00e9tropolitain (CCMM) \u00a0","protected":false},"author":39,"featured_media":17629,"comment_status":"closed","ping_status":"closed","sticky":false,"template":"","format":"standard","meta":{"_acf_changed":false,"footnotes":""},"categories":[20],"tags":[],"class_list":["post-17879","post","type-post","status-publish","format-standard","has-post-thumbnail","hentry","category-services-logistiques"],"acf":[],"yoast_head":"<!-- This site is optimized with the Yoast SEO plugin v27.3 - https:\/\/yoast.com\/product\/yoast-seo-wordpress\/ -->\n<title>Autres formations - CargoM<\/title>\n<meta name=\"robots\" content=\"index, follow, max-snippet:-1, max-image-preview:large, max-video-preview:-1\" \/>\n<link rel=\"canonical\" href=\"https:\/\/www.cargo-montreal.ca\/fr\/autres-formations-7\/\" \/>\n<meta property=\"og:locale\" content=\"fr_FR\" \/>\n<meta property=\"og:type\" content=\"article\" \/>\n<meta property=\"og:title\" content=\"Autres formations - CargoM\" \/>\n<meta property=\"og:description\" content=\"6 f\u00e9vrier 2025 \u2013\u00a0Formation acc\u00e9l\u00e9r\u00e9e\u00a0: Importer pour mieux exporter\u00a0\u2013\u00a0Chambre de commerce du Montr\u00e9al M\u00e9tropolitain (CCMM) 12 f\u00e9vrier 2025 \u2013\u00a0Formation acc\u00e9l\u00e9r\u00e9e\u00a0: La diversification des march\u00e9s gr\u00e2ce aux accords commerciaux du Canada\u00a0\u2013\u00a0Chambre de commerce du Montr\u00e9al M\u00e9tropolitain (CCMM) \u00a0\" \/>\n<meta property=\"og:url\" content=\"https:\/\/www.cargo-montreal.ca\/fr\/autres-formations-7\/\" \/>\n<meta property=\"og:site_name\" content=\"CargoM\" \/>\n<meta property=\"article:published_time\" content=\"2025-01-31T03:12:07+00:00\" \/>\n<meta property=\"og:image\" content=\"https:\/\/www.cargo-montreal.ca\/wp-content\/uploads\/2024\/11\/Incotermes-CS.png\" \/>\n\t<meta property=\"og:image:width\" content=\"522\" \/>\n\t<meta property=\"og:image:height\" content=\"292\" \/>\n\t<meta property=\"og:image:type\" content=\"image\/png\" \/>\n<meta name=\"author\" content=\"Karine Dudognon\" \/>\n<meta name=\"twitter:card\" content=\"summary_large_image\" \/>\n<meta name=\"twitter:label1\" content=\"\u00c9crit par\" \/>\n\t<meta name=\"twitter:data1\" content=\"Karine Dudognon\" \/>\n\t<meta name=\"twitter:label2\" content=\"Dur\u00e9e de lecture estim\u00e9e\" \/>\n\t<meta name=\"twitter:data2\" content=\"1 minute\" \/>\n<script type=\"application\/ld+json\" class=\"yoast-schema-graph\">{\"@context\":\"https:\\\/\\\/schema.org\",\"@graph\":[{\"@type\":\"Article\",\"@id\":\"https:\\\/\\\/www.cargo-montreal.ca\\\/fr\\\/autres-formations-7\\\/#article\",\"isPartOf\":{\"@id\":\"https:\\\/\\\/www.cargo-montreal.ca\\\/fr\\\/autres-formations-7\\\/\"},\"author\":{\"name\":\"Karine Dudognon\",\"@id\":\"https:\\\/\\\/www.cargo-montreal.ca\\\/fr\\\/#\\\/schema\\\/person\\\/80476d173ce654813db9fd1533901365\"},\"headline\":\"Autres formations\",\"datePublished\":\"2025-01-31T03:12:07+00:00\",\"mainEntityOfPage\":{\"@id\":\"https:\\\/\\\/www.cargo-montreal.ca\\\/fr\\\/autres-formations-7\\\/\"},\"wordCount\":50,\"image\":{\"@id\":\"https:\\\/\\\/www.cargo-montreal.ca\\\/fr\\\/autres-formations-7\\\/#primaryimage\"},\"thumbnailUrl\":\"https:\\\/\\\/www.cargo-montreal.ca\\\/wp-content\\\/uploads\\\/2024\\\/11\\\/Incotermes-CS.png\",\"articleSection\":[\"Services logistiques\"],\"inLanguage\":\"fr-FR\"},{\"@type\":\"WebPage\",\"@id\":\"https:\\\/\\\/www.cargo-montreal.ca\\\/fr\\\/autres-formations-7\\\/\",\"url\":\"https:\\\/\\\/www.cargo-montreal.ca\\\/fr\\\/autres-formations-7\\\/\",\"name\":\"Autres formations - CargoM\",\"isPartOf\":{\"@id\":\"https:\\\/\\\/www.cargo-montreal.ca\\\/fr\\\/#website\"},\"primaryImageOfPage\":{\"@id\":\"https:\\\/\\\/www.cargo-montreal.ca\\\/fr\\\/autres-formations-7\\\/#primaryimage\"},\"image\":{\"@id\":\"https:\\\/\\\/www.cargo-montreal.ca\\\/fr\\\/autres-formations-7\\\/#primaryimage\"},\"thumbnailUrl\":\"https:\\\/\\\/www.cargo-montreal.ca\\\/wp-content\\\/uploads\\\/2024\\\/11\\\/Incotermes-CS.png\",\"datePublished\":\"2025-01-31T03:12:07+00:00\",\"author\":{\"@id\":\"https:\\\/\\\/www.cargo-montreal.ca\\\/fr\\\/#\\\/schema\\\/person\\\/80476d173ce654813db9fd1533901365\"},\"breadcrumb\":{\"@id\":\"https:\\\/\\\/www.cargo-montreal.ca\\\/fr\\\/autres-formations-7\\\/#breadcrumb\"},\"inLanguage\":\"fr-FR\",\"potentialAction\":[{\"@type\":\"ReadAction\",\"target\":[\"https:\\\/\\\/www.cargo-montreal.ca\\\/fr\\\/autres-formations-7\\\/\"]}]},{\"@type\":\"ImageObject\",\"inLanguage\":\"fr-FR\",\"@id\":\"https:\\\/\\\/www.cargo-montreal.ca\\\/fr\\\/autres-formations-7\\\/#primaryimage\",\"url\":\"https:\\\/\\\/www.cargo-montreal.ca\\\/wp-content\\\/uploads\\\/2024\\\/11\\\/Incotermes-CS.png\",\"contentUrl\":\"https:\\\/\\\/www.cargo-montreal.ca\\\/wp-content\\\/uploads\\\/2024\\\/11\\\/Incotermes-CS.png\",\"width\":522,\"height\":292},{\"@type\":\"BreadcrumbList\",\"@id\":\"https:\\\/\\\/www.cargo-montreal.ca\\\/fr\\\/autres-formations-7\\\/#breadcrumb\",\"itemListElement\":[{\"@type\":\"ListItem\",\"position\":1,\"name\":\"Home\",\"item\":\"https:\\\/\\\/www.cargo-montreal.ca\\\/fr\\\/\"},{\"@type\":\"ListItem\",\"position\":2,\"name\":\"Autres formations\"}]},{\"@type\":\"WebSite\",\"@id\":\"https:\\\/\\\/www.cargo-montreal.ca\\\/fr\\\/#website\",\"url\":\"https:\\\/\\\/www.cargo-montreal.ca\\\/fr\\\/\",\"name\":\"CargoM\",\"description\":\"La mission de CargoM: Rassembler les acteurs de la logistique &amp; du transport de marchandises du Grand Montr\u00e9al autour d&#039;objectifs communs, d&#039;actions concert\u00e9es\",\"potentialAction\":[{\"@type\":\"SearchAction\",\"target\":{\"@type\":\"EntryPoint\",\"urlTemplate\":\"https:\\\/\\\/www.cargo-montreal.ca\\\/fr\\\/?s={search_term_string}\"},\"query-input\":{\"@type\":\"PropertyValueSpecification\",\"valueRequired\":true,\"valueName\":\"search_term_string\"}}],\"inLanguage\":\"fr-FR\"},{\"@type\":\"Person\",\"@id\":\"https:\\\/\\\/www.cargo-montreal.ca\\\/fr\\\/#\\\/schema\\\/person\\\/80476d173ce654813db9fd1533901365\",\"name\":\"Karine Dudognon\",\"image\":{\"@type\":\"ImageObject\",\"inLanguage\":\"fr-FR\",\"@id\":\"https:\\\/\\\/secure.gravatar.com\\\/avatar\\\/673bdfb703a9b6685a88bc7dfb04a9ea2b48b30e9d1663a5e759a4e9bfa3e2c0?s=96&d=mm&r=g\",\"url\":\"https:\\\/\\\/secure.gravatar.com\\\/avatar\\\/673bdfb703a9b6685a88bc7dfb04a9ea2b48b30e9d1663a5e759a4e9bfa3e2c0?s=96&d=mm&r=g\",\"contentUrl\":\"https:\\\/\\\/secure.gravatar.com\\\/avatar\\\/673bdfb703a9b6685a88bc7dfb04a9ea2b48b30e9d1663a5e759a4e9bfa3e2c0?s=96&d=mm&r=g\",\"caption\":\"Karine Dudognon\"},\"url\":\"https:\\\/\\\/www.cargo-montreal.ca\\\/fr\\\/author\\\/karine\\\/\"}]}<\/script>\n<!-- \/ Yoast SEO plugin. -->","yoast_head_json":{"title":"Autres formations - CargoM","robots":{"index":"index","follow":"follow","max-snippet":"max-snippet:-1","max-image-preview":"max-image-preview:large","max-video-preview":"max-video-preview:-1"},"canonical":"https:\/\/www.cargo-montreal.ca\/fr\/autres-formations-7\/","og_locale":"fr_FR","og_type":"article","og_title":"Autres formations - CargoM","og_description":"6 f\u00e9vrier 2025 \u2013\u00a0Formation acc\u00e9l\u00e9r\u00e9e\u00a0: Importer pour mieux exporter\u00a0\u2013\u00a0Chambre de commerce du Montr\u00e9al M\u00e9tropolitain (CCMM) 12 f\u00e9vrier 2025 \u2013\u00a0Formation acc\u00e9l\u00e9r\u00e9e\u00a0: La diversification des march\u00e9s gr\u00e2ce aux accords commerciaux du Canada\u00a0\u2013\u00a0Chambre de commerce du Montr\u00e9al M\u00e9tropolitain (CCMM) \u00a0","og_url":"https:\/\/www.cargo-montreal.ca\/fr\/autres-formations-7\/","og_site_name":"CargoM","article_published_time":"2025-01-31T03:12:07+00:00","og_image":[{"width":522,"height":292,"url":"https:\/\/www.cargo-montreal.ca\/wp-content\/uploads\/2024\/11\/Incotermes-CS.png","type":"image\/png"}],"author":"Karine Dudognon","twitter_card":"summary_large_image","twitter_misc":{"\u00c9crit par":"Karine Dudognon","Dur\u00e9e de lecture estim\u00e9e":"1 minute"},"schema":{"@context":"https:\/\/schema.org","@graph":[{"@type":"Article","@id":"https:\/\/www.cargo-montreal.ca\/fr\/autres-formations-7\/#article","isPartOf":{"@id":"https:\/\/www.cargo-montreal.ca\/fr\/autres-formations-7\/"},"author":{"name":"Karine Dudognon","@id":"https:\/\/www.cargo-montreal.ca\/fr\/#\/schema\/person\/80476d173ce654813db9fd1533901365"},"headline":"Autres formations","datePublished":"2025-01-31T03:12:07+00:00","mainEntityOfPage":{"@id":"https:\/\/www.cargo-montreal.ca\/fr\/autres-formations-7\/"},"wordCount":50,"image":{"@id":"https:\/\/www.cargo-montreal.ca\/fr\/autres-formations-7\/#primaryimage"},"thumbnailUrl":"https:\/\/www.cargo-montreal.ca\/wp-content\/uploads\/2024\/11\/Incotermes-CS.png","articleSection":["Services logistiques"],"inLanguage":"fr-FR"},{"@type":"WebPage","@id":"https:\/\/www.cargo-montreal.ca\/fr\/autres-formations-7\/","url":"https:\/\/www.cargo-montreal.ca\/fr\/autres-formations-7\/","name":"Autres formations - CargoM","isPartOf":{"@id":"https:\/\/www.cargo-montreal.ca\/fr\/#website"},"primaryImageOfPage":{"@id":"https:\/\/www.cargo-montreal.ca\/fr\/autres-formations-7\/#primaryimage"},"image":{"@id":"https:\/\/www.cargo-montreal.ca\/fr\/autres-formations-7\/#primaryimage"},"thumbnailUrl":"https:\/\/www.cargo-montreal.ca\/wp-content\/uploads\/2024\/11\/Incotermes-CS.png","datePublished":"2025-01-31T03:12:07+00:00","author":{"@id":"https:\/\/www.cargo-montreal.ca\/fr\/#\/schema\/person\/80476d173ce654813db9fd1533901365"},"breadcrumb":{"@id":"https:\/\/www.cargo-montreal.ca\/fr\/autres-formations-7\/#breadcrumb"},"inLanguage":"fr-FR","potentialAction":[{"@type":"ReadAction","target":["https:\/\/www.cargo-montreal.ca\/fr\/autres-formations-7\/"]}]},{"@type":"ImageObject","inLanguage":"fr-FR","@id":"https:\/\/www.cargo-montreal.ca\/fr\/autres-formations-7\/#primaryimage","url":"https:\/\/www.cargo-montreal.ca\/wp-content\/uploads\/2024\/11\/Incotermes-CS.png","contentUrl":"https:\/\/www.cargo-montreal.ca\/wp-content\/uploads\/2024\/11\/Incotermes-CS.png","width":522,"height":292},{"@type":"BreadcrumbList","@id":"https:\/\/www.cargo-montreal.ca\/fr\/autres-formations-7\/#breadcrumb","itemListElement":[{"@type":"ListItem","position":1,"name":"Home","item":"https:\/\/www.cargo-montreal.ca\/fr\/"},{"@type":"ListItem","position":2,"name":"Autres formations"}]},{"@type":"WebSite","@id":"https:\/\/www.cargo-montreal.ca\/fr\/#website","url":"https:\/\/www.cargo-montreal.ca\/fr\/","name":"CargoM","description":"La mission de CargoM: Rassembler les acteurs de la logistique &amp; du transport de marchandises du Grand Montr\u00e9al autour d&#039;objectifs communs, d&#039;actions concert\u00e9es","potentialAction":[{"@type":"SearchAction","target":{"@type":"EntryPoint","urlTemplate":"https:\/\/www.cargo-montreal.ca\/fr\/?s={search_term_string}"},"query-input":{"@type":"PropertyValueSpecification","valueRequired":true,"valueName":"search_term_string"}}],"inLanguage":"fr-FR"},{"@type":"Person","@id":"https:\/\/www.cargo-montreal.ca\/fr\/#\/schema\/person\/80476d173ce654813db9fd1533901365","name":"Karine Dudognon","image":{"@type":"ImageObject","inLanguage":"fr-FR","@id":"https:\/\/secure.gravatar.com\/avatar\/673bdfb703a9b6685a88bc7dfb04a9ea2b48b30e9d1663a5e759a4e9bfa3e2c0?s=96&d=mm&r=g","url":"https:\/\/secure.gravatar.com\/avatar\/673bdfb703a9b6685a88bc7dfb04a9ea2b48b30e9d1663a5e759a4e9bfa3e2c0?s=96&d=mm&r=g","contentUrl":"https:\/\/secure.gravatar.com\/avatar\/673bdfb703a9b6685a88bc7dfb04a9ea2b48b30e9d1663a5e759a4e9bfa3e2c0?s=96&d=mm&r=g","caption":"Karine Dudognon"},"url":"https:\/\/www.cargo-montreal.ca\/fr\/author\/karine\/"}]}},"_links":{"self":[{"href":"https:\/\/www.cargo-montreal.ca\/fr\/wp-json\/wp\/v2\/posts\/17879","targetHints":{"allow":["GET"]}}],"collection":[{"href":"https:\/\/www.cargo-montreal.ca\/fr\/wp-json\/wp\/v2\/posts"}],"about":[{"href":"https:\/\/www.cargo-montreal.ca\/fr\/wp-json\/wp\/v2\/types\/post"}],"author":[{"embeddable":true,"href":"https:\/\/www.cargo-montreal.ca\/fr\/wp-json\/wp\/v2\/users\/39"}],"replies":[{"embeddable":true,"href":"https:\/\/www.cargo-montreal.ca\/fr\/wp-json\/wp\/v2\/comments?post=17879"}],"version-history":[{"count":1,"href":"https:\/\/www.cargo-montreal.ca\/fr\/wp-json\/wp\/v2\/posts\/17879\/revisions"}],"predecessor-version":[{"id":17880,"href":"https:\/\/www.cargo-montreal.ca\/fr\/wp-json\/wp\/v2\/posts\/17879\/revisions\/17880"}],"wp:featuredmedia":[{"embeddable":true,"href":"https:\/\/www.cargo-montreal.ca\/fr\/wp-json\/wp\/v2\/media\/17629"}],"wp:attachment":[{"href":"https:\/\/www.cargo-montreal.ca\/fr\/wp-json\/wp\/v2\/media?parent=17879"}],"wp:term":[{"taxonomy":"category","embeddable":true,"href":"https:\/\/www.cargo-montreal.ca\/fr\/wp-json\/wp\/v2\/categories?post=17879"},{"taxonomy":"post_tag","embeddable":true,"href":"https:\/\/www.cargo-montreal.ca\/fr\/wp-json\/wp\/v2\/tags?post=17879"}],"curies":[{"name":"wp","href":"https:\/\/api.w.org\/{rel}","templated":true}]}}