{"id":17953,"date":"2025-02-26T05:14:32","date_gmt":"2025-02-26T05:14:32","guid":{"rendered":"https:\/\/www.cargo-montreal.ca\/?p=17953"},"modified":"2025-02-26T05:14:32","modified_gmt":"2025-02-26T05:14:32","slug":"tarifs-douaniers","status":"publish","type":"post","link":"https:\/\/www.cargo-montreal.ca\/fr\/tarifs-douaniers\/","title":{"rendered":"Tarifs douaniers"},"content":{"rendered":"<p align=\"justify\">\u00c0 la suite du report, en mars, de l&rsquo;imposition des tarifs douaniers sur les importations en provenance du Canada annonc\u00e9e par l\u2019administration am\u00e9ricaine et en pr\u00e9vision de r\u00e9ponses potentielles de nos gouvernements, CargoM souhaite vous informer des actions entreprises jusqu\u2019\u00e0 pr\u00e9sent.<\/p>\r\n<p align=\"justify\">En continu : rencontres des membres, collecte d\u2019informations et anticipation des r\u00e9percussions sur le transport de marchandises et sur l\u2019ensemble de la cha\u00eene logistique.<\/p>\r\n<p align=\"justify\">Bonification de la veille m\u00e9diatique quotidienne afin de faire ressortir, en lien avec notre industrie, l\u2019actualit\u00e9 relative aux tarifs.<\/p>\r\n<p align=\"justify\">10 d\u00e9cembre, 21 et 30 janvier et 5 f\u00e9vrier : rencontres avec les diff\u00e9rents gouvernements, municipal, provincial, f\u00e9d\u00e9ral, les autres grappes, les membres de la Communaut\u00e9 m\u00e9tropolitaine de Montr\u00e9al et les repr\u00e9sentants des secteurs cl\u00e9s de notre \u00e9conomie, notamment Investissement Qu\u00e9bec et la Caisse de d\u00e9p\u00f4t et placement du Qu\u00e9bec.<\/p>\r\n<p align=\"justify\">Afin de conna\u00eetre les pr\u00e9occupations et les enjeux de nos membres, relayer l\u2019information aux instances gouvernementales et mettre en place des<strong>\u00a0<\/strong>initiatives concr\u00e8tes, nous avons \u00e9galement entrepris une consultation aupr\u00e8s de nos membres.<\/p>\r\n<p align=\"justify\">\u00c0 titre informatif, voici un document produit par la Communaut\u00e9 m\u00e9tropolitaine de Montr\u00e9al (CMM) en collaboration avec Aviseo Conseil :\u00a0<a href=\"https:\/\/cmm.qc.ca\/wp-content\/uploads\/2025\/01\/20250130_Document_positionnement_economique.pdf?utm_source=hs_email&amp;utm_medium=email&amp;_hsenc=p2ANqtz-9TXCX8HOL3V5ZXXZNkjbSCL4CRFlQuWWUiiyNAUWcwUkeuThEWeARYNBZ53OCVkk_eh4t0\" target=\"_blank\" rel=\"noopener\" data-hs-link-id=\"0\">Positionnement \u00e9conomique du Grand Montr\u00e9al<\/a>\u00a0qui pr\u00e9sente un aper\u00e7u des secteurs qui seront les plus impact\u00e9s par les tarifs douaniers.<\/p>\r\n<p align=\"justify\">Si vous \u00eates membre de CargoM et avez des probl\u00e9matiques \u00e0 nous partager, des questions ou des commentaires, n&rsquo;h\u00e9sitez pas \u00e0 contacter Louis-Philippe Allard :\u00a0<a href=\"mailto:lpallard@cargo-montreal.ca\" target=\"_blank\" rel=\"noopener\" data-hs-link-id=\"0\">lpallard@cargo-montreal.ca<\/a>.<\/p>\r\n<p align=\"justify\"><a href=\"https:\/\/www.cargo-montreal.ca\/wp-content\/uploads\/2025\/02\/Positionnnement-economique-MTL-2025.jpg\"><img loading=\"lazy\" decoding=\"async\" class=\"size-medium wp-image-17948 aligncenter\" src=\"https:\/\/www.cargo-montreal.ca\/wp-content\/uploads\/2025\/02\/Positionnnement-economique-MTL-2025-300x168.jpg\" alt=\"\" width=\"300\" height=\"168\" srcset=\"https:\/\/www.cargo-montreal.ca\/wp-content\/uploads\/2025\/02\/Positionnnement-economique-MTL-2025-300x168.jpg 300w, https:\/\/www.cargo-montreal.ca\/wp-content\/uploads\/2025\/02\/Positionnnement-economique-MTL-2025-1024x575.jpg 1024w, https:\/\/www.cargo-montreal.ca\/wp-content\/uploads\/2025\/02\/Positionnnement-economique-MTL-2025-768x431.jpg 768w, https:\/\/www.cargo-montreal.ca\/wp-content\/uploads\/2025\/02\/Positionnnement-economique-MTL-2025.jpg 1390w\" sizes=\"auto, (max-width: 300px) 100vw, 300px\" \/><\/a><\/p>","protected":false},"excerpt":{"rendered":"\u00c0 la suite du report, en mars, de l&rsquo;imposition des tarifs douaniers sur les importations en provenance du Canada annonc\u00e9e par l\u2019administration am\u00e9ricaine et en pr\u00e9vision de r\u00e9ponses potentielles de nos gouvernements, CargoM souhaite vous informer des actions entreprises jusqu\u2019\u00e0 pr\u00e9sent. En continu : rencontres des membres, collecte d\u2019informations et anticipation des r\u00e9percussions sur le [&hellip;]","protected":false},"author":39,"featured_media":17932,"comment_status":"closed","ping_status":"closed","sticky":false,"template":"","format":"standard","meta":{"_acf_changed":false,"footnotes":""},"categories":[20],"tags":[],"class_list":["post-17953","post","type-post","status-publish","format-standard","has-post-thumbnail","hentry","category-services-logistiques"],"acf":[],"yoast_head":"<!-- This site is optimized with the Yoast SEO plugin v27.3 - https:\/\/yoast.com\/product\/yoast-seo-wordpress\/ -->\n<title>Tarifs douaniers - CargoM<\/title>\n<meta name=\"robots\" content=\"index, follow, max-snippet:-1, max-image-preview:large, max-video-preview:-1\" \/>\n<link rel=\"canonical\" href=\"https:\/\/www.cargo-montreal.ca\/fr\/tarifs-douaniers\/\" \/>\n<meta property=\"og:locale\" content=\"fr_FR\" \/>\n<meta property=\"og:type\" content=\"article\" \/>\n<meta property=\"og:title\" content=\"Tarifs douaniers - CargoM\" \/>\n<meta property=\"og:description\" content=\"\u00c0 la suite du report, en mars, de l&rsquo;imposition des tarifs douaniers sur les importations en provenance du Canada annonc\u00e9e par l\u2019administration am\u00e9ricaine et en pr\u00e9vision de r\u00e9ponses potentielles de nos gouvernements, CargoM souhaite vous informer des actions entreprises jusqu\u2019\u00e0 pr\u00e9sent. En continu : rencontres des membres, collecte d\u2019informations et anticipation des r\u00e9percussions sur le [&hellip;]\" \/>\n<meta property=\"og:url\" content=\"https:\/\/www.cargo-montreal.ca\/fr\/tarifs-douaniers\/\" \/>\n<meta property=\"og:site_name\" content=\"CargoM\" \/>\n<meta property=\"article:published_time\" content=\"2025-02-26T05:14:32+00:00\" \/>\n<meta property=\"og:image\" content=\"https:\/\/www.cargo-montreal.ca\/wp-content\/uploads\/2025\/02\/DEC1-scaled.jpg\" \/>\n\t<meta property=\"og:image:width\" content=\"2560\" \/>\n\t<meta property=\"og:image:height\" content=\"1920\" \/>\n\t<meta property=\"og:image:type\" content=\"image\/jpeg\" \/>\n<meta name=\"author\" content=\"Karine Dudognon\" \/>\n<meta name=\"twitter:card\" content=\"summary_large_image\" \/>\n<meta name=\"twitter:label1\" content=\"\u00c9crit par\" \/>\n\t<meta name=\"twitter:data1\" content=\"Karine Dudognon\" \/>\n\t<meta name=\"twitter:label2\" content=\"Dur\u00e9e de lecture estim\u00e9e\" \/>\n\t<meta name=\"twitter:data2\" content=\"2 minutes\" \/>\n<script type=\"application\/ld+json\" class=\"yoast-schema-graph\">{\"@context\":\"https:\\\/\\\/schema.org\",\"@graph\":[{\"@type\":\"Article\",\"@id\":\"https:\\\/\\\/www.cargo-montreal.ca\\\/fr\\\/tarifs-douaniers\\\/#article\",\"isPartOf\":{\"@id\":\"https:\\\/\\\/www.cargo-montreal.ca\\\/fr\\\/tarifs-douaniers\\\/\"},\"author\":{\"name\":\"Karine Dudognon\",\"@id\":\"https:\\\/\\\/www.cargo-montreal.ca\\\/fr\\\/#\\\/schema\\\/person\\\/80476d173ce654813db9fd1533901365\"},\"headline\":\"Tarifs douaniers\",\"datePublished\":\"2025-02-26T05:14:32+00:00\",\"mainEntityOfPage\":{\"@id\":\"https:\\\/\\\/www.cargo-montreal.ca\\\/fr\\\/tarifs-douaniers\\\/\"},\"wordCount\":265,\"image\":{\"@id\":\"https:\\\/\\\/www.cargo-montreal.ca\\\/fr\\\/tarifs-douaniers\\\/#primaryimage\"},\"thumbnailUrl\":\"https:\\\/\\\/www.cargo-montreal.ca\\\/wp-content\\\/uploads\\\/2025\\\/02\\\/DEC1-scaled.jpg\",\"articleSection\":[\"Services logistiques\"],\"inLanguage\":\"fr-FR\"},{\"@type\":\"WebPage\",\"@id\":\"https:\\\/\\\/www.cargo-montreal.ca\\\/fr\\\/tarifs-douaniers\\\/\",\"url\":\"https:\\\/\\\/www.cargo-montreal.ca\\\/fr\\\/tarifs-douaniers\\\/\",\"name\":\"Tarifs douaniers - CargoM\",\"isPartOf\":{\"@id\":\"https:\\\/\\\/www.cargo-montreal.ca\\\/fr\\\/#website\"},\"primaryImageOfPage\":{\"@id\":\"https:\\\/\\\/www.cargo-montreal.ca\\\/fr\\\/tarifs-douaniers\\\/#primaryimage\"},\"image\":{\"@id\":\"https:\\\/\\\/www.cargo-montreal.ca\\\/fr\\\/tarifs-douaniers\\\/#primaryimage\"},\"thumbnailUrl\":\"https:\\\/\\\/www.cargo-montreal.ca\\\/wp-content\\\/uploads\\\/2025\\\/02\\\/DEC1-scaled.jpg\",\"datePublished\":\"2025-02-26T05:14:32+00:00\",\"author\":{\"@id\":\"https:\\\/\\\/www.cargo-montreal.ca\\\/fr\\\/#\\\/schema\\\/person\\\/80476d173ce654813db9fd1533901365\"},\"breadcrumb\":{\"@id\":\"https:\\\/\\\/www.cargo-montreal.ca\\\/fr\\\/tarifs-douaniers\\\/#breadcrumb\"},\"inLanguage\":\"fr-FR\",\"potentialAction\":[{\"@type\":\"ReadAction\",\"target\":[\"https:\\\/\\\/www.cargo-montreal.ca\\\/fr\\\/tarifs-douaniers\\\/\"]}]},{\"@type\":\"ImageObject\",\"inLanguage\":\"fr-FR\",\"@id\":\"https:\\\/\\\/www.cargo-montreal.ca\\\/fr\\\/tarifs-douaniers\\\/#primaryimage\",\"url\":\"https:\\\/\\\/www.cargo-montreal.ca\\\/wp-content\\\/uploads\\\/2025\\\/02\\\/DEC1-scaled.jpg\",\"contentUrl\":\"https:\\\/\\\/www.cargo-montreal.ca\\\/wp-content\\\/uploads\\\/2025\\\/02\\\/DEC1-scaled.jpg\",\"width\":2560,\"height\":1920},{\"@type\":\"BreadcrumbList\",\"@id\":\"https:\\\/\\\/www.cargo-montreal.ca\\\/fr\\\/tarifs-douaniers\\\/#breadcrumb\",\"itemListElement\":[{\"@type\":\"ListItem\",\"position\":1,\"name\":\"Home\",\"item\":\"https:\\\/\\\/www.cargo-montreal.ca\\\/fr\\\/\"},{\"@type\":\"ListItem\",\"position\":2,\"name\":\"Tarifs douaniers\"}]},{\"@type\":\"WebSite\",\"@id\":\"https:\\\/\\\/www.cargo-montreal.ca\\\/fr\\\/#website\",\"url\":\"https:\\\/\\\/www.cargo-montreal.ca\\\/fr\\\/\",\"name\":\"CargoM\",\"description\":\"La mission de CargoM: Rassembler les acteurs de la logistique &amp; du transport de marchandises du Grand Montr\u00e9al autour d&#039;objectifs communs, d&#039;actions concert\u00e9es\",\"potentialAction\":[{\"@type\":\"SearchAction\",\"target\":{\"@type\":\"EntryPoint\",\"urlTemplate\":\"https:\\\/\\\/www.cargo-montreal.ca\\\/fr\\\/?s={search_term_string}\"},\"query-input\":{\"@type\":\"PropertyValueSpecification\",\"valueRequired\":true,\"valueName\":\"search_term_string\"}}],\"inLanguage\":\"fr-FR\"},{\"@type\":\"Person\",\"@id\":\"https:\\\/\\\/www.cargo-montreal.ca\\\/fr\\\/#\\\/schema\\\/person\\\/80476d173ce654813db9fd1533901365\",\"name\":\"Karine Dudognon\",\"image\":{\"@type\":\"ImageObject\",\"inLanguage\":\"fr-FR\",\"@id\":\"https:\\\/\\\/secure.gravatar.com\\\/avatar\\\/673bdfb703a9b6685a88bc7dfb04a9ea2b48b30e9d1663a5e759a4e9bfa3e2c0?s=96&d=mm&r=g\",\"url\":\"https:\\\/\\\/secure.gravatar.com\\\/avatar\\\/673bdfb703a9b6685a88bc7dfb04a9ea2b48b30e9d1663a5e759a4e9bfa3e2c0?s=96&d=mm&r=g\",\"contentUrl\":\"https:\\\/\\\/secure.gravatar.com\\\/avatar\\\/673bdfb703a9b6685a88bc7dfb04a9ea2b48b30e9d1663a5e759a4e9bfa3e2c0?s=96&d=mm&r=g\",\"caption\":\"Karine Dudognon\"},\"url\":\"https:\\\/\\\/www.cargo-montreal.ca\\\/fr\\\/author\\\/karine\\\/\"}]}<\/script>\n<!-- \/ Yoast SEO plugin. -->","yoast_head_json":{"title":"Tarifs douaniers - CargoM","robots":{"index":"index","follow":"follow","max-snippet":"max-snippet:-1","max-image-preview":"max-image-preview:large","max-video-preview":"max-video-preview:-1"},"canonical":"https:\/\/www.cargo-montreal.ca\/fr\/tarifs-douaniers\/","og_locale":"fr_FR","og_type":"article","og_title":"Tarifs douaniers - CargoM","og_description":"\u00c0 la suite du report, en mars, de l&rsquo;imposition des tarifs douaniers sur les importations en provenance du Canada annonc\u00e9e par l\u2019administration am\u00e9ricaine et en pr\u00e9vision de r\u00e9ponses potentielles de nos gouvernements, CargoM souhaite vous informer des actions entreprises jusqu\u2019\u00e0 pr\u00e9sent. En continu : rencontres des membres, collecte d\u2019informations et anticipation des r\u00e9percussions sur le [&hellip;]","og_url":"https:\/\/www.cargo-montreal.ca\/fr\/tarifs-douaniers\/","og_site_name":"CargoM","article_published_time":"2025-02-26T05:14:32+00:00","og_image":[{"width":2560,"height":1920,"url":"https:\/\/www.cargo-montreal.ca\/wp-content\/uploads\/2025\/02\/DEC1-scaled.jpg","type":"image\/jpeg"}],"author":"Karine Dudognon","twitter_card":"summary_large_image","twitter_misc":{"\u00c9crit par":"Karine Dudognon","Dur\u00e9e de lecture estim\u00e9e":"2 minutes"},"schema":{"@context":"https:\/\/schema.org","@graph":[{"@type":"Article","@id":"https:\/\/www.cargo-montreal.ca\/fr\/tarifs-douaniers\/#article","isPartOf":{"@id":"https:\/\/www.cargo-montreal.ca\/fr\/tarifs-douaniers\/"},"author":{"name":"Karine Dudognon","@id":"https:\/\/www.cargo-montreal.ca\/fr\/#\/schema\/person\/80476d173ce654813db9fd1533901365"},"headline":"Tarifs douaniers","datePublished":"2025-02-26T05:14:32+00:00","mainEntityOfPage":{"@id":"https:\/\/www.cargo-montreal.ca\/fr\/tarifs-douaniers\/"},"wordCount":265,"image":{"@id":"https:\/\/www.cargo-montreal.ca\/fr\/tarifs-douaniers\/#primaryimage"},"thumbnailUrl":"https:\/\/www.cargo-montreal.ca\/wp-content\/uploads\/2025\/02\/DEC1-scaled.jpg","articleSection":["Services logistiques"],"inLanguage":"fr-FR"},{"@type":"WebPage","@id":"https:\/\/www.cargo-montreal.ca\/fr\/tarifs-douaniers\/","url":"https:\/\/www.cargo-montreal.ca\/fr\/tarifs-douaniers\/","name":"Tarifs douaniers - CargoM","isPartOf":{"@id":"https:\/\/www.cargo-montreal.ca\/fr\/#website"},"primaryImageOfPage":{"@id":"https:\/\/www.cargo-montreal.ca\/fr\/tarifs-douaniers\/#primaryimage"},"image":{"@id":"https:\/\/www.cargo-montreal.ca\/fr\/tarifs-douaniers\/#primaryimage"},"thumbnailUrl":"https:\/\/www.cargo-montreal.ca\/wp-content\/uploads\/2025\/02\/DEC1-scaled.jpg","datePublished":"2025-02-26T05:14:32+00:00","author":{"@id":"https:\/\/www.cargo-montreal.ca\/fr\/#\/schema\/person\/80476d173ce654813db9fd1533901365"},"breadcrumb":{"@id":"https:\/\/www.cargo-montreal.ca\/fr\/tarifs-douaniers\/#breadcrumb"},"inLanguage":"fr-FR","potentialAction":[{"@type":"ReadAction","target":["https:\/\/www.cargo-montreal.ca\/fr\/tarifs-douaniers\/"]}]},{"@type":"ImageObject","inLanguage":"fr-FR","@id":"https:\/\/www.cargo-montreal.ca\/fr\/tarifs-douaniers\/#primaryimage","url":"https:\/\/www.cargo-montreal.ca\/wp-content\/uploads\/2025\/02\/DEC1-scaled.jpg","contentUrl":"https:\/\/www.cargo-montreal.ca\/wp-content\/uploads\/2025\/02\/DEC1-scaled.jpg","width":2560,"height":1920},{"@type":"BreadcrumbList","@id":"https:\/\/www.cargo-montreal.ca\/fr\/tarifs-douaniers\/#breadcrumb","itemListElement":[{"@type":"ListItem","position":1,"name":"Home","item":"https:\/\/www.cargo-montreal.ca\/fr\/"},{"@type":"ListItem","position":2,"name":"Tarifs douaniers"}]},{"@type":"WebSite","@id":"https:\/\/www.cargo-montreal.ca\/fr\/#website","url":"https:\/\/www.cargo-montreal.ca\/fr\/","name":"CargoM","description":"La mission de CargoM: Rassembler les acteurs de la logistique &amp; du transport de marchandises du Grand Montr\u00e9al autour d&#039;objectifs communs, d&#039;actions concert\u00e9es","potentialAction":[{"@type":"SearchAction","target":{"@type":"EntryPoint","urlTemplate":"https:\/\/www.cargo-montreal.ca\/fr\/?s={search_term_string}"},"query-input":{"@type":"PropertyValueSpecification","valueRequired":true,"valueName":"search_term_string"}}],"inLanguage":"fr-FR"},{"@type":"Person","@id":"https:\/\/www.cargo-montreal.ca\/fr\/#\/schema\/person\/80476d173ce654813db9fd1533901365","name":"Karine Dudognon","image":{"@type":"ImageObject","inLanguage":"fr-FR","@id":"https:\/\/secure.gravatar.com\/avatar\/673bdfb703a9b6685a88bc7dfb04a9ea2b48b30e9d1663a5e759a4e9bfa3e2c0?s=96&d=mm&r=g","url":"https:\/\/secure.gravatar.com\/avatar\/673bdfb703a9b6685a88bc7dfb04a9ea2b48b30e9d1663a5e759a4e9bfa3e2c0?s=96&d=mm&r=g","contentUrl":"https:\/\/secure.gravatar.com\/avatar\/673bdfb703a9b6685a88bc7dfb04a9ea2b48b30e9d1663a5e759a4e9bfa3e2c0?s=96&d=mm&r=g","caption":"Karine Dudognon"},"url":"https:\/\/www.cargo-montreal.ca\/fr\/author\/karine\/"}]}},"_links":{"self":[{"href":"https:\/\/www.cargo-montreal.ca\/fr\/wp-json\/wp\/v2\/posts\/17953","targetHints":{"allow":["GET"]}}],"collection":[{"href":"https:\/\/www.cargo-montreal.ca\/fr\/wp-json\/wp\/v2\/posts"}],"about":[{"href":"https:\/\/www.cargo-montreal.ca\/fr\/wp-json\/wp\/v2\/types\/post"}],"author":[{"embeddable":true,"href":"https:\/\/www.cargo-montreal.ca\/fr\/wp-json\/wp\/v2\/users\/39"}],"replies":[{"embeddable":true,"href":"https:\/\/www.cargo-montreal.ca\/fr\/wp-json\/wp\/v2\/comments?post=17953"}],"version-history":[{"count":1,"href":"https:\/\/www.cargo-montreal.ca\/fr\/wp-json\/wp\/v2\/posts\/17953\/revisions"}],"predecessor-version":[{"id":17954,"href":"https:\/\/www.cargo-montreal.ca\/fr\/wp-json\/wp\/v2\/posts\/17953\/revisions\/17954"}],"wp:featuredmedia":[{"embeddable":true,"href":"https:\/\/www.cargo-montreal.ca\/fr\/wp-json\/wp\/v2\/media\/17932"}],"wp:attachment":[{"href":"https:\/\/www.cargo-montreal.ca\/fr\/wp-json\/wp\/v2\/media?parent=17953"}],"wp:term":[{"taxonomy":"category","embeddable":true,"href":"https:\/\/www.cargo-montreal.ca\/fr\/wp-json\/wp\/v2\/categories?post=17953"},{"taxonomy":"post_tag","embeddable":true,"href":"https:\/\/www.cargo-montreal.ca\/fr\/wp-json\/wp\/v2\/tags?post=17953"}],"curies":[{"name":"wp","href":"https:\/\/api.w.org\/{rel}","templated":true}]}}