{"id":17955,"date":"2025-02-26T05:16:48","date_gmt":"2025-02-26T05:16:48","guid":{"rendered":"https:\/\/www.cargo-montreal.ca\/?p=17955"},"modified":"2025-02-26T05:16:48","modified_gmt":"2025-02-26T05:16:48","slug":"cargom-y-etait-3","status":"publish","type":"post","link":"https:\/\/www.cargo-montreal.ca\/fr\/cargom-y-etait-3\/","title":{"rendered":"CargoM y \u00e9tait"},"content":{"rendered":"<p align=\"justify\">CargoM participait, le mois dernier, \u00e0 plusieurs \u00e9v\u00e9nements qui nous ont permis de revoir nos membres, nos partenaires et de faire des rencontres fructueuses.<\/p>\r\n<p align=\"justify\">Nous avons assist\u00e9, le 17 f\u00e9vrier, \u00e0 une conf\u00e9rence donn\u00e9e par Tracy Robinson, pr\u00e9sidente-directrice g\u00e9n\u00e9rale du CN, membre de CargoM dans le cadre des Rendez-vous avec nos PDG organis\u00e9 par Le cercle canadien. Concernant les tarifs am\u00e9ricains, elle affirmait : \u00ab Nous devons \u00e9couter et naviguer tr\u00e8s soigneusement avec notre voisin am\u00e9ricain, mais il y a des opportunit\u00e9s \u00e0 saisir! Nous devons exploiter nos atouts et nous moderniser, gr\u00e2ce \u00e0 des investissements et technologie et en fluidit\u00e9 au sein de la cha\u00eene logistique. \u00bb Nous remercions l&rsquo;Administration portuaire de Montr\u00e9al de nous avoir invit\u00e9 \u00e0 sa table.<\/p>\r\n<p align=\"justify\">Incontournable pour l\u2019industrie maritime, nous avons \u00e9galement particip\u00e9, le 21 f\u00e9vrier, au Bal des Armateurs du Saint-Laurent.<\/p>\r\n<p align=\"justify\">C&rsquo;\u00e9tait une belle occasion pour CargoM de voir r\u00e9unis nos membres du maritime, de discuter avec nos partenaires et de faire des rencontres enrichissantes.<\/p>\r\n<p align=\"justify\">F\u00e9licitations \u00e0 Saul Polo, directeur g\u00e9n\u00e9ral et Guillaum Dubreuil, pr\u00e9sident du conseil d&rsquo;administration des Armateurs du Saint-Laurent pour l&rsquo;organisation de cette magnifique soir\u00e9e.<\/p>\r\n<p align=\"justify\"><a href=\"https:\/\/www.cargo-montreal.ca\/wp-content\/uploads\/2025\/02\/IMG_3982.jpg\"><img loading=\"lazy\" decoding=\"async\" class=\"size-medium wp-image-17938 aligncenter\" src=\"https:\/\/www.cargo-montreal.ca\/wp-content\/uploads\/2025\/02\/IMG_3982-300x207.jpg\" alt=\"\" width=\"300\" height=\"207\" srcset=\"https:\/\/www.cargo-montreal.ca\/wp-content\/uploads\/2025\/02\/IMG_3982-300x207.jpg 300w, https:\/\/www.cargo-montreal.ca\/wp-content\/uploads\/2025\/02\/IMG_3982-1024x708.jpg 1024w, https:\/\/www.cargo-montreal.ca\/wp-content\/uploads\/2025\/02\/IMG_3982-768x531.jpg 768w, https:\/\/www.cargo-montreal.ca\/wp-content\/uploads\/2025\/02\/IMG_3982-1536x1062.jpg 1536w, https:\/\/www.cargo-montreal.ca\/wp-content\/uploads\/2025\/02\/IMG_3982-2048x1415.jpg 2048w\" sizes=\"auto, (max-width: 300px) 100vw, 300px\" \/><\/a><\/p>","protected":false},"excerpt":{"rendered":"CargoM participait, le mois dernier, \u00e0 plusieurs \u00e9v\u00e9nements qui nous ont permis de revoir nos membres, nos partenaires et de faire des rencontres fructueuses. Nous avons assist\u00e9, le 17 f\u00e9vrier, \u00e0 une conf\u00e9rence donn\u00e9e par Tracy Robinson, pr\u00e9sidente-directrice g\u00e9n\u00e9rale du CN, membre de CargoM dans le cadre des Rendez-vous avec nos PDG organis\u00e9 par Le [&hellip;]","protected":false},"author":39,"featured_media":17928,"comment_status":"closed","ping_status":"closed","sticky":false,"template":"","format":"standard","meta":{"_acf_changed":false,"footnotes":""},"categories":[20],"tags":[],"class_list":["post-17955","post","type-post","status-publish","format-standard","has-post-thumbnail","hentry","category-services-logistiques"],"acf":[],"yoast_head":"<!-- This site is optimized with the Yoast SEO plugin v27.3 - https:\/\/yoast.com\/product\/yoast-seo-wordpress\/ -->\n<title>CargoM y \u00e9tait - CargoM<\/title>\n<meta name=\"robots\" content=\"index, follow, max-snippet:-1, max-image-preview:large, max-video-preview:-1\" \/>\n<link rel=\"canonical\" href=\"https:\/\/www.cargo-montreal.ca\/fr\/cargom-y-etait-3\/\" \/>\n<meta property=\"og:locale\" content=\"fr_FR\" \/>\n<meta property=\"og:type\" content=\"article\" \/>\n<meta property=\"og:title\" content=\"CargoM y \u00e9tait - CargoM\" \/>\n<meta property=\"og:description\" content=\"CargoM participait, le mois dernier, \u00e0 plusieurs \u00e9v\u00e9nements qui nous ont permis de revoir nos membres, nos partenaires et de faire des rencontres fructueuses. Nous avons assist\u00e9, le 17 f\u00e9vrier, \u00e0 une conf\u00e9rence donn\u00e9e par Tracy Robinson, pr\u00e9sidente-directrice g\u00e9n\u00e9rale du CN, membre de CargoM dans le cadre des Rendez-vous avec nos PDG organis\u00e9 par Le [&hellip;]\" \/>\n<meta property=\"og:url\" content=\"https:\/\/www.cargo-montreal.ca\/fr\/cargom-y-etait-3\/\" \/>\n<meta property=\"og:site_name\" content=\"CargoM\" \/>\n<meta property=\"article:published_time\" content=\"2025-02-26T05:16:48+00:00\" \/>\n<meta property=\"og:image\" content=\"https:\/\/www.cargo-montreal.ca\/wp-content\/uploads\/2025\/02\/CN-Cercle-Canadien.jpg\" \/>\n\t<meta property=\"og:image:width\" content=\"1500\" \/>\n\t<meta property=\"og:image:height\" content=\"1000\" \/>\n\t<meta property=\"og:image:type\" content=\"image\/jpeg\" \/>\n<meta name=\"author\" content=\"Karine Dudognon\" \/>\n<meta name=\"twitter:card\" content=\"summary_large_image\" \/>\n<meta name=\"twitter:label1\" content=\"\u00c9crit par\" \/>\n\t<meta name=\"twitter:data1\" content=\"Karine Dudognon\" \/>\n\t<meta name=\"twitter:label2\" content=\"Dur\u00e9e de lecture estim\u00e9e\" \/>\n\t<meta name=\"twitter:data2\" content=\"2 minutes\" \/>\n<script type=\"application\/ld+json\" class=\"yoast-schema-graph\">{\"@context\":\"https:\\\/\\\/schema.org\",\"@graph\":[{\"@type\":\"Article\",\"@id\":\"https:\\\/\\\/www.cargo-montreal.ca\\\/fr\\\/cargom-y-etait-3\\\/#article\",\"isPartOf\":{\"@id\":\"https:\\\/\\\/www.cargo-montreal.ca\\\/fr\\\/cargom-y-etait-3\\\/\"},\"author\":{\"name\":\"Karine Dudognon\",\"@id\":\"https:\\\/\\\/www.cargo-montreal.ca\\\/fr\\\/#\\\/schema\\\/person\\\/80476d173ce654813db9fd1533901365\"},\"headline\":\"CargoM y \u00e9tait\",\"datePublished\":\"2025-02-26T05:16:48+00:00\",\"mainEntityOfPage\":{\"@id\":\"https:\\\/\\\/www.cargo-montreal.ca\\\/fr\\\/cargom-y-etait-3\\\/\"},\"wordCount\":203,\"image\":{\"@id\":\"https:\\\/\\\/www.cargo-montreal.ca\\\/fr\\\/cargom-y-etait-3\\\/#primaryimage\"},\"thumbnailUrl\":\"https:\\\/\\\/www.cargo-montreal.ca\\\/wp-content\\\/uploads\\\/2025\\\/02\\\/CN-Cercle-Canadien.jpg\",\"articleSection\":[\"Services logistiques\"],\"inLanguage\":\"fr-FR\"},{\"@type\":\"WebPage\",\"@id\":\"https:\\\/\\\/www.cargo-montreal.ca\\\/fr\\\/cargom-y-etait-3\\\/\",\"url\":\"https:\\\/\\\/www.cargo-montreal.ca\\\/fr\\\/cargom-y-etait-3\\\/\",\"name\":\"CargoM y \u00e9tait - CargoM\",\"isPartOf\":{\"@id\":\"https:\\\/\\\/www.cargo-montreal.ca\\\/fr\\\/#website\"},\"primaryImageOfPage\":{\"@id\":\"https:\\\/\\\/www.cargo-montreal.ca\\\/fr\\\/cargom-y-etait-3\\\/#primaryimage\"},\"image\":{\"@id\":\"https:\\\/\\\/www.cargo-montreal.ca\\\/fr\\\/cargom-y-etait-3\\\/#primaryimage\"},\"thumbnailUrl\":\"https:\\\/\\\/www.cargo-montreal.ca\\\/wp-content\\\/uploads\\\/2025\\\/02\\\/CN-Cercle-Canadien.jpg\",\"datePublished\":\"2025-02-26T05:16:48+00:00\",\"author\":{\"@id\":\"https:\\\/\\\/www.cargo-montreal.ca\\\/fr\\\/#\\\/schema\\\/person\\\/80476d173ce654813db9fd1533901365\"},\"breadcrumb\":{\"@id\":\"https:\\\/\\\/www.cargo-montreal.ca\\\/fr\\\/cargom-y-etait-3\\\/#breadcrumb\"},\"inLanguage\":\"fr-FR\",\"potentialAction\":[{\"@type\":\"ReadAction\",\"target\":[\"https:\\\/\\\/www.cargo-montreal.ca\\\/fr\\\/cargom-y-etait-3\\\/\"]}]},{\"@type\":\"ImageObject\",\"inLanguage\":\"fr-FR\",\"@id\":\"https:\\\/\\\/www.cargo-montreal.ca\\\/fr\\\/cargom-y-etait-3\\\/#primaryimage\",\"url\":\"https:\\\/\\\/www.cargo-montreal.ca\\\/wp-content\\\/uploads\\\/2025\\\/02\\\/CN-Cercle-Canadien.jpg\",\"contentUrl\":\"https:\\\/\\\/www.cargo-montreal.ca\\\/wp-content\\\/uploads\\\/2025\\\/02\\\/CN-Cercle-Canadien.jpg\",\"width\":1500,\"height\":1000},{\"@type\":\"BreadcrumbList\",\"@id\":\"https:\\\/\\\/www.cargo-montreal.ca\\\/fr\\\/cargom-y-etait-3\\\/#breadcrumb\",\"itemListElement\":[{\"@type\":\"ListItem\",\"position\":1,\"name\":\"Home\",\"item\":\"https:\\\/\\\/www.cargo-montreal.ca\\\/fr\\\/\"},{\"@type\":\"ListItem\",\"position\":2,\"name\":\"CargoM y \u00e9tait\"}]},{\"@type\":\"WebSite\",\"@id\":\"https:\\\/\\\/www.cargo-montreal.ca\\\/fr\\\/#website\",\"url\":\"https:\\\/\\\/www.cargo-montreal.ca\\\/fr\\\/\",\"name\":\"CargoM\",\"description\":\"La mission de CargoM: Rassembler les acteurs de la logistique &amp; du transport de marchandises du Grand Montr\u00e9al autour d&#039;objectifs communs, d&#039;actions concert\u00e9es\",\"potentialAction\":[{\"@type\":\"SearchAction\",\"target\":{\"@type\":\"EntryPoint\",\"urlTemplate\":\"https:\\\/\\\/www.cargo-montreal.ca\\\/fr\\\/?s={search_term_string}\"},\"query-input\":{\"@type\":\"PropertyValueSpecification\",\"valueRequired\":true,\"valueName\":\"search_term_string\"}}],\"inLanguage\":\"fr-FR\"},{\"@type\":\"Person\",\"@id\":\"https:\\\/\\\/www.cargo-montreal.ca\\\/fr\\\/#\\\/schema\\\/person\\\/80476d173ce654813db9fd1533901365\",\"name\":\"Karine Dudognon\",\"image\":{\"@type\":\"ImageObject\",\"inLanguage\":\"fr-FR\",\"@id\":\"https:\\\/\\\/secure.gravatar.com\\\/avatar\\\/673bdfb703a9b6685a88bc7dfb04a9ea2b48b30e9d1663a5e759a4e9bfa3e2c0?s=96&d=mm&r=g\",\"url\":\"https:\\\/\\\/secure.gravatar.com\\\/avatar\\\/673bdfb703a9b6685a88bc7dfb04a9ea2b48b30e9d1663a5e759a4e9bfa3e2c0?s=96&d=mm&r=g\",\"contentUrl\":\"https:\\\/\\\/secure.gravatar.com\\\/avatar\\\/673bdfb703a9b6685a88bc7dfb04a9ea2b48b30e9d1663a5e759a4e9bfa3e2c0?s=96&d=mm&r=g\",\"caption\":\"Karine Dudognon\"},\"url\":\"https:\\\/\\\/www.cargo-montreal.ca\\\/fr\\\/author\\\/karine\\\/\"}]}<\/script>\n<!-- \/ Yoast SEO plugin. -->","yoast_head_json":{"title":"CargoM y \u00e9tait - CargoM","robots":{"index":"index","follow":"follow","max-snippet":"max-snippet:-1","max-image-preview":"max-image-preview:large","max-video-preview":"max-video-preview:-1"},"canonical":"https:\/\/www.cargo-montreal.ca\/fr\/cargom-y-etait-3\/","og_locale":"fr_FR","og_type":"article","og_title":"CargoM y \u00e9tait - CargoM","og_description":"CargoM participait, le mois dernier, \u00e0 plusieurs \u00e9v\u00e9nements qui nous ont permis de revoir nos membres, nos partenaires et de faire des rencontres fructueuses. Nous avons assist\u00e9, le 17 f\u00e9vrier, \u00e0 une conf\u00e9rence donn\u00e9e par Tracy Robinson, pr\u00e9sidente-directrice g\u00e9n\u00e9rale du CN, membre de CargoM dans le cadre des Rendez-vous avec nos PDG organis\u00e9 par Le [&hellip;]","og_url":"https:\/\/www.cargo-montreal.ca\/fr\/cargom-y-etait-3\/","og_site_name":"CargoM","article_published_time":"2025-02-26T05:16:48+00:00","og_image":[{"width":1500,"height":1000,"url":"https:\/\/www.cargo-montreal.ca\/wp-content\/uploads\/2025\/02\/CN-Cercle-Canadien.jpg","type":"image\/jpeg"}],"author":"Karine Dudognon","twitter_card":"summary_large_image","twitter_misc":{"\u00c9crit par":"Karine Dudognon","Dur\u00e9e de lecture estim\u00e9e":"2 minutes"},"schema":{"@context":"https:\/\/schema.org","@graph":[{"@type":"Article","@id":"https:\/\/www.cargo-montreal.ca\/fr\/cargom-y-etait-3\/#article","isPartOf":{"@id":"https:\/\/www.cargo-montreal.ca\/fr\/cargom-y-etait-3\/"},"author":{"name":"Karine Dudognon","@id":"https:\/\/www.cargo-montreal.ca\/fr\/#\/schema\/person\/80476d173ce654813db9fd1533901365"},"headline":"CargoM y \u00e9tait","datePublished":"2025-02-26T05:16:48+00:00","mainEntityOfPage":{"@id":"https:\/\/www.cargo-montreal.ca\/fr\/cargom-y-etait-3\/"},"wordCount":203,"image":{"@id":"https:\/\/www.cargo-montreal.ca\/fr\/cargom-y-etait-3\/#primaryimage"},"thumbnailUrl":"https:\/\/www.cargo-montreal.ca\/wp-content\/uploads\/2025\/02\/CN-Cercle-Canadien.jpg","articleSection":["Services logistiques"],"inLanguage":"fr-FR"},{"@type":"WebPage","@id":"https:\/\/www.cargo-montreal.ca\/fr\/cargom-y-etait-3\/","url":"https:\/\/www.cargo-montreal.ca\/fr\/cargom-y-etait-3\/","name":"CargoM y \u00e9tait - CargoM","isPartOf":{"@id":"https:\/\/www.cargo-montreal.ca\/fr\/#website"},"primaryImageOfPage":{"@id":"https:\/\/www.cargo-montreal.ca\/fr\/cargom-y-etait-3\/#primaryimage"},"image":{"@id":"https:\/\/www.cargo-montreal.ca\/fr\/cargom-y-etait-3\/#primaryimage"},"thumbnailUrl":"https:\/\/www.cargo-montreal.ca\/wp-content\/uploads\/2025\/02\/CN-Cercle-Canadien.jpg","datePublished":"2025-02-26T05:16:48+00:00","author":{"@id":"https:\/\/www.cargo-montreal.ca\/fr\/#\/schema\/person\/80476d173ce654813db9fd1533901365"},"breadcrumb":{"@id":"https:\/\/www.cargo-montreal.ca\/fr\/cargom-y-etait-3\/#breadcrumb"},"inLanguage":"fr-FR","potentialAction":[{"@type":"ReadAction","target":["https:\/\/www.cargo-montreal.ca\/fr\/cargom-y-etait-3\/"]}]},{"@type":"ImageObject","inLanguage":"fr-FR","@id":"https:\/\/www.cargo-montreal.ca\/fr\/cargom-y-etait-3\/#primaryimage","url":"https:\/\/www.cargo-montreal.ca\/wp-content\/uploads\/2025\/02\/CN-Cercle-Canadien.jpg","contentUrl":"https:\/\/www.cargo-montreal.ca\/wp-content\/uploads\/2025\/02\/CN-Cercle-Canadien.jpg","width":1500,"height":1000},{"@type":"BreadcrumbList","@id":"https:\/\/www.cargo-montreal.ca\/fr\/cargom-y-etait-3\/#breadcrumb","itemListElement":[{"@type":"ListItem","position":1,"name":"Home","item":"https:\/\/www.cargo-montreal.ca\/fr\/"},{"@type":"ListItem","position":2,"name":"CargoM y \u00e9tait"}]},{"@type":"WebSite","@id":"https:\/\/www.cargo-montreal.ca\/fr\/#website","url":"https:\/\/www.cargo-montreal.ca\/fr\/","name":"CargoM","description":"La mission de CargoM: Rassembler les acteurs de la logistique &amp; du transport de marchandises du Grand Montr\u00e9al autour d&#039;objectifs communs, d&#039;actions concert\u00e9es","potentialAction":[{"@type":"SearchAction","target":{"@type":"EntryPoint","urlTemplate":"https:\/\/www.cargo-montreal.ca\/fr\/?s={search_term_string}"},"query-input":{"@type":"PropertyValueSpecification","valueRequired":true,"valueName":"search_term_string"}}],"inLanguage":"fr-FR"},{"@type":"Person","@id":"https:\/\/www.cargo-montreal.ca\/fr\/#\/schema\/person\/80476d173ce654813db9fd1533901365","name":"Karine Dudognon","image":{"@type":"ImageObject","inLanguage":"fr-FR","@id":"https:\/\/secure.gravatar.com\/avatar\/673bdfb703a9b6685a88bc7dfb04a9ea2b48b30e9d1663a5e759a4e9bfa3e2c0?s=96&d=mm&r=g","url":"https:\/\/secure.gravatar.com\/avatar\/673bdfb703a9b6685a88bc7dfb04a9ea2b48b30e9d1663a5e759a4e9bfa3e2c0?s=96&d=mm&r=g","contentUrl":"https:\/\/secure.gravatar.com\/avatar\/673bdfb703a9b6685a88bc7dfb04a9ea2b48b30e9d1663a5e759a4e9bfa3e2c0?s=96&d=mm&r=g","caption":"Karine Dudognon"},"url":"https:\/\/www.cargo-montreal.ca\/fr\/author\/karine\/"}]}},"_links":{"self":[{"href":"https:\/\/www.cargo-montreal.ca\/fr\/wp-json\/wp\/v2\/posts\/17955","targetHints":{"allow":["GET"]}}],"collection":[{"href":"https:\/\/www.cargo-montreal.ca\/fr\/wp-json\/wp\/v2\/posts"}],"about":[{"href":"https:\/\/www.cargo-montreal.ca\/fr\/wp-json\/wp\/v2\/types\/post"}],"author":[{"embeddable":true,"href":"https:\/\/www.cargo-montreal.ca\/fr\/wp-json\/wp\/v2\/users\/39"}],"replies":[{"embeddable":true,"href":"https:\/\/www.cargo-montreal.ca\/fr\/wp-json\/wp\/v2\/comments?post=17955"}],"version-history":[{"count":1,"href":"https:\/\/www.cargo-montreal.ca\/fr\/wp-json\/wp\/v2\/posts\/17955\/revisions"}],"predecessor-version":[{"id":17956,"href":"https:\/\/www.cargo-montreal.ca\/fr\/wp-json\/wp\/v2\/posts\/17955\/revisions\/17956"}],"wp:featuredmedia":[{"embeddable":true,"href":"https:\/\/www.cargo-montreal.ca\/fr\/wp-json\/wp\/v2\/media\/17928"}],"wp:attachment":[{"href":"https:\/\/www.cargo-montreal.ca\/fr\/wp-json\/wp\/v2\/media?parent=17955"}],"wp:term":[{"taxonomy":"category","embeddable":true,"href":"https:\/\/www.cargo-montreal.ca\/fr\/wp-json\/wp\/v2\/categories?post=17955"},{"taxonomy":"post_tag","embeddable":true,"href":"https:\/\/www.cargo-montreal.ca\/fr\/wp-json\/wp\/v2\/tags?post=17955"}],"curies":[{"name":"wp","href":"https:\/\/api.w.org\/{rel}","templated":true}]}}