{"id":17957,"date":"2025-02-26T05:19:35","date_gmt":"2025-02-26T05:19:35","guid":{"rendered":"https:\/\/www.cargo-montreal.ca\/?p=17957"},"modified":"2025-02-26T05:19:35","modified_gmt":"2025-02-26T05:19:35","slug":"outil-dinventaire-despaces-dentreposage-10","status":"publish","type":"post","link":"https:\/\/www.cargo-montreal.ca\/fr\/outil-dinventaire-despaces-dentreposage-10\/","title":{"rendered":"Outil d\u2019inventaire d\u2019espaces d\u2019entreposage"},"content":{"rendered":"<p align=\"justify\">Vous avez de l\u2019espace d\u2019entreposage int\u00e9rieur et\/ou ext\u00e9rieur exc\u00e9dentaire ou vous \u00eates \u00e0 la recherche d\u2019espace d\u2019entreposage?<\/p>\r\n<p align=\"justify\">CargoM a mis \u00e0 jour son\u00a0<a href=\"https:\/\/www.cargo-montreal.ca\/fr\/?page_id=15075&#038;utm_source=hs_email&#038;utm_medium=email&#038;_hsenc=p2ANqtz-8Uf439caJ2PgudO5N_u1rQ4GeKe22-xdZabRwxWe_8NA3WTGLaoKEHgilVaGORHo8Y3uA8\" target=\"_blank\" rel=\"noopener\" data-hs-link-id=\"0\">outil d\u2019inventaire d\u2019espaces d\u2019entreposage<\/a>, qui, avec l&rsquo;aide d&rsquo;un tableau de bord, vous permet d\u2019afficher vos espaces \u00e0 louer ou trouver de l\u2019espace selon vos besoins et vos crit\u00e8res de recherche.<\/p>\r\n<p>L\u2019outil, dont l&rsquo;utilisation est gratuite, poss\u00e8de d\u00e9j\u00e0 pr\u00e8s d&rsquo;une cinquantaine d\u2019entr\u00e9es d\u2019espaces vacants pour un total de 13,7 millions de pieds carr\u00e9s int\u00e9rieurs et ext\u00e9rieurs.<\/p>\r\n<p><strong>\u25b6\ufe0f<\/strong><a href=\"https:\/\/www.cargo-montreal.ca\/fr\/formulaire-espace-entreposage\/?utm_source=hs_email&#038;utm_medium=email&#038;_hsenc=p2ANqtz-8Uf439caJ2PgudO5N_u1rQ4GeKe22-xdZabRwxWe_8NA3WTGLaoKEHgilVaGORHo8Y3uA8\" target=\"_blank\" rel=\"noopener\" data-hs-link-id=\"0\">Pour afficher de l\u2019espace \u00e0 louer<\/a><\/p>\r\n<p><strong>\u25b6\ufe0f<\/strong><a href=\"https:\/\/www.cargo-montreal.ca\/fr\/storage-space-dashboard\/?utm_source=hs_email&#038;utm_medium=email&#038;_hsenc=p2ANqtz-8Uf439caJ2PgudO5N_u1rQ4GeKe22-xdZabRwxWe_8NA3WTGLaoKEHgilVaGORHo8Y3uA8\" target=\"_blank\" rel=\"noopener\" data-hs-link-id=\"0\">Pour chercher des espaces \u00e0 louer<\/a><\/p>\r\n<p>Si vous avez des questions concernant l\u2019outil, merci de contacter <a href=\"mailto:alombard@cargo-montreal.ca\" target=\"_blank\" rel=\"noopener\" data-hs-link-id=\"0\">Amy Lombard<\/a><strong>.<\/strong><\/p>","protected":false},"excerpt":{"rendered":"Vous avez de l\u2019espace d\u2019entreposage int\u00e9rieur et\/ou ext\u00e9rieur exc\u00e9dentaire ou vous \u00eates \u00e0 la recherche d\u2019espace d\u2019entreposage? CargoM a mis \u00e0 jour son\u00a0outil d\u2019inventaire d\u2019espaces d\u2019entreposage, qui, avec l&rsquo;aide d&rsquo;un tableau de bord, vous permet d\u2019afficher vos espaces \u00e0 louer ou trouver de l\u2019espace selon vos besoins et vos crit\u00e8res de recherche. L\u2019outil, dont l&rsquo;utilisation [&hellip;]","protected":false},"author":39,"featured_media":16612,"comment_status":"closed","ping_status":"closed","sticky":false,"template":"","format":"standard","meta":{"_acf_changed":false,"footnotes":""},"categories":[20],"tags":[],"class_list":["post-17957","post","type-post","status-publish","format-standard","has-post-thumbnail","hentry","category-services-logistiques"],"acf":[],"yoast_head":"<!-- This site is optimized with the Yoast SEO plugin v27.3 - https:\/\/yoast.com\/product\/yoast-seo-wordpress\/ -->\n<title>Outil d\u2019inventaire d\u2019espaces d\u2019entreposage - CargoM<\/title>\n<meta name=\"robots\" content=\"index, follow, max-snippet:-1, max-image-preview:large, max-video-preview:-1\" \/>\n<link rel=\"canonical\" href=\"https:\/\/www.cargo-montreal.ca\/fr\/outil-dinventaire-despaces-dentreposage-10\/\" \/>\n<meta property=\"og:locale\" content=\"fr_FR\" \/>\n<meta property=\"og:type\" content=\"article\" \/>\n<meta property=\"og:title\" content=\"Outil d\u2019inventaire d\u2019espaces d\u2019entreposage - CargoM\" \/>\n<meta property=\"og:description\" content=\"Vous avez de l\u2019espace d\u2019entreposage int\u00e9rieur et\/ou ext\u00e9rieur exc\u00e9dentaire ou vous \u00eates \u00e0 la recherche d\u2019espace d\u2019entreposage? CargoM a mis \u00e0 jour son\u00a0outil d\u2019inventaire d\u2019espaces d\u2019entreposage, qui, avec l&rsquo;aide d&rsquo;un tableau de bord, vous permet d\u2019afficher vos espaces \u00e0 louer ou trouver de l\u2019espace selon vos besoins et vos crit\u00e8res de recherche. L\u2019outil, dont l&rsquo;utilisation [&hellip;]\" \/>\n<meta property=\"og:url\" content=\"https:\/\/www.cargo-montreal.ca\/fr\/outil-dinventaire-despaces-dentreposage-10\/\" \/>\n<meta property=\"og:site_name\" content=\"CargoM\" \/>\n<meta property=\"article:published_time\" content=\"2025-02-26T05:19:35+00:00\" \/>\n<meta property=\"og:image\" content=\"https:\/\/www.cargo-montreal.ca\/wp-content\/uploads\/2024\/02\/Image-pour-infolettre-entreposage.jpg\" \/>\n\t<meta property=\"og:image:width\" content=\"1798\" \/>\n\t<meta property=\"og:image:height\" content=\"693\" \/>\n\t<meta property=\"og:image:type\" content=\"image\/jpeg\" \/>\n<meta name=\"author\" content=\"Karine Dudognon\" \/>\n<meta name=\"twitter:card\" content=\"summary_large_image\" \/>\n<meta name=\"twitter:label1\" content=\"\u00c9crit par\" \/>\n\t<meta name=\"twitter:data1\" content=\"Karine Dudognon\" \/>\n\t<meta name=\"twitter:label2\" content=\"Dur\u00e9e de lecture estim\u00e9e\" \/>\n\t<meta name=\"twitter:data2\" content=\"1 minute\" \/>\n<script type=\"application\/ld+json\" class=\"yoast-schema-graph\">{\"@context\":\"https:\\\/\\\/schema.org\",\"@graph\":[{\"@type\":\"Article\",\"@id\":\"https:\\\/\\\/www.cargo-montreal.ca\\\/fr\\\/outil-dinventaire-despaces-dentreposage-10\\\/#article\",\"isPartOf\":{\"@id\":\"https:\\\/\\\/www.cargo-montreal.ca\\\/fr\\\/outil-dinventaire-despaces-dentreposage-10\\\/\"},\"author\":{\"name\":\"Karine Dudognon\",\"@id\":\"https:\\\/\\\/www.cargo-montreal.ca\\\/fr\\\/#\\\/schema\\\/person\\\/80476d173ce654813db9fd1533901365\"},\"headline\":\"Outil d\u2019inventaire d\u2019espaces d\u2019entreposage\",\"datePublished\":\"2025-02-26T05:19:35+00:00\",\"mainEntityOfPage\":{\"@id\":\"https:\\\/\\\/www.cargo-montreal.ca\\\/fr\\\/outil-dinventaire-despaces-dentreposage-10\\\/\"},\"wordCount\":133,\"image\":{\"@id\":\"https:\\\/\\\/www.cargo-montreal.ca\\\/fr\\\/outil-dinventaire-despaces-dentreposage-10\\\/#primaryimage\"},\"thumbnailUrl\":\"https:\\\/\\\/www.cargo-montreal.ca\\\/wp-content\\\/uploads\\\/2024\\\/02\\\/Image-pour-infolettre-entreposage.jpg\",\"articleSection\":[\"Services logistiques\"],\"inLanguage\":\"fr-FR\"},{\"@type\":\"WebPage\",\"@id\":\"https:\\\/\\\/www.cargo-montreal.ca\\\/fr\\\/outil-dinventaire-despaces-dentreposage-10\\\/\",\"url\":\"https:\\\/\\\/www.cargo-montreal.ca\\\/fr\\\/outil-dinventaire-despaces-dentreposage-10\\\/\",\"name\":\"Outil d\u2019inventaire d\u2019espaces d\u2019entreposage - CargoM\",\"isPartOf\":{\"@id\":\"https:\\\/\\\/www.cargo-montreal.ca\\\/fr\\\/#website\"},\"primaryImageOfPage\":{\"@id\":\"https:\\\/\\\/www.cargo-montreal.ca\\\/fr\\\/outil-dinventaire-despaces-dentreposage-10\\\/#primaryimage\"},\"image\":{\"@id\":\"https:\\\/\\\/www.cargo-montreal.ca\\\/fr\\\/outil-dinventaire-despaces-dentreposage-10\\\/#primaryimage\"},\"thumbnailUrl\":\"https:\\\/\\\/www.cargo-montreal.ca\\\/wp-content\\\/uploads\\\/2024\\\/02\\\/Image-pour-infolettre-entreposage.jpg\",\"datePublished\":\"2025-02-26T05:19:35+00:00\",\"author\":{\"@id\":\"https:\\\/\\\/www.cargo-montreal.ca\\\/fr\\\/#\\\/schema\\\/person\\\/80476d173ce654813db9fd1533901365\"},\"breadcrumb\":{\"@id\":\"https:\\\/\\\/www.cargo-montreal.ca\\\/fr\\\/outil-dinventaire-despaces-dentreposage-10\\\/#breadcrumb\"},\"inLanguage\":\"fr-FR\",\"potentialAction\":[{\"@type\":\"ReadAction\",\"target\":[\"https:\\\/\\\/www.cargo-montreal.ca\\\/fr\\\/outil-dinventaire-despaces-dentreposage-10\\\/\"]}]},{\"@type\":\"ImageObject\",\"inLanguage\":\"fr-FR\",\"@id\":\"https:\\\/\\\/www.cargo-montreal.ca\\\/fr\\\/outil-dinventaire-despaces-dentreposage-10\\\/#primaryimage\",\"url\":\"https:\\\/\\\/www.cargo-montreal.ca\\\/wp-content\\\/uploads\\\/2024\\\/02\\\/Image-pour-infolettre-entreposage.jpg\",\"contentUrl\":\"https:\\\/\\\/www.cargo-montreal.ca\\\/wp-content\\\/uploads\\\/2024\\\/02\\\/Image-pour-infolettre-entreposage.jpg\",\"width\":1798,\"height\":693},{\"@type\":\"BreadcrumbList\",\"@id\":\"https:\\\/\\\/www.cargo-montreal.ca\\\/fr\\\/outil-dinventaire-despaces-dentreposage-10\\\/#breadcrumb\",\"itemListElement\":[{\"@type\":\"ListItem\",\"position\":1,\"name\":\"Home\",\"item\":\"https:\\\/\\\/www.cargo-montreal.ca\\\/fr\\\/\"},{\"@type\":\"ListItem\",\"position\":2,\"name\":\"Outil d\u2019inventaire d\u2019espaces d\u2019entreposage\"}]},{\"@type\":\"WebSite\",\"@id\":\"https:\\\/\\\/www.cargo-montreal.ca\\\/fr\\\/#website\",\"url\":\"https:\\\/\\\/www.cargo-montreal.ca\\\/fr\\\/\",\"name\":\"CargoM\",\"description\":\"La mission de CargoM: Rassembler les acteurs de la logistique &amp; du transport de marchandises du Grand Montr\u00e9al autour d&#039;objectifs communs, d&#039;actions concert\u00e9es\",\"potentialAction\":[{\"@type\":\"SearchAction\",\"target\":{\"@type\":\"EntryPoint\",\"urlTemplate\":\"https:\\\/\\\/www.cargo-montreal.ca\\\/fr\\\/?s={search_term_string}\"},\"query-input\":{\"@type\":\"PropertyValueSpecification\",\"valueRequired\":true,\"valueName\":\"search_term_string\"}}],\"inLanguage\":\"fr-FR\"},{\"@type\":\"Person\",\"@id\":\"https:\\\/\\\/www.cargo-montreal.ca\\\/fr\\\/#\\\/schema\\\/person\\\/80476d173ce654813db9fd1533901365\",\"name\":\"Karine Dudognon\",\"image\":{\"@type\":\"ImageObject\",\"inLanguage\":\"fr-FR\",\"@id\":\"https:\\\/\\\/secure.gravatar.com\\\/avatar\\\/673bdfb703a9b6685a88bc7dfb04a9ea2b48b30e9d1663a5e759a4e9bfa3e2c0?s=96&d=mm&r=g\",\"url\":\"https:\\\/\\\/secure.gravatar.com\\\/avatar\\\/673bdfb703a9b6685a88bc7dfb04a9ea2b48b30e9d1663a5e759a4e9bfa3e2c0?s=96&d=mm&r=g\",\"contentUrl\":\"https:\\\/\\\/secure.gravatar.com\\\/avatar\\\/673bdfb703a9b6685a88bc7dfb04a9ea2b48b30e9d1663a5e759a4e9bfa3e2c0?s=96&d=mm&r=g\",\"caption\":\"Karine Dudognon\"},\"url\":\"https:\\\/\\\/www.cargo-montreal.ca\\\/fr\\\/author\\\/karine\\\/\"}]}<\/script>\n<!-- \/ Yoast SEO plugin. -->","yoast_head_json":{"title":"Outil d\u2019inventaire d\u2019espaces d\u2019entreposage - CargoM","robots":{"index":"index","follow":"follow","max-snippet":"max-snippet:-1","max-image-preview":"max-image-preview:large","max-video-preview":"max-video-preview:-1"},"canonical":"https:\/\/www.cargo-montreal.ca\/fr\/outil-dinventaire-despaces-dentreposage-10\/","og_locale":"fr_FR","og_type":"article","og_title":"Outil d\u2019inventaire d\u2019espaces d\u2019entreposage - CargoM","og_description":"Vous avez de l\u2019espace d\u2019entreposage int\u00e9rieur et\/ou ext\u00e9rieur exc\u00e9dentaire ou vous \u00eates \u00e0 la recherche d\u2019espace d\u2019entreposage? CargoM a mis \u00e0 jour son\u00a0outil d\u2019inventaire d\u2019espaces d\u2019entreposage, qui, avec l&rsquo;aide d&rsquo;un tableau de bord, vous permet d\u2019afficher vos espaces \u00e0 louer ou trouver de l\u2019espace selon vos besoins et vos crit\u00e8res de recherche. L\u2019outil, dont l&rsquo;utilisation [&hellip;]","og_url":"https:\/\/www.cargo-montreal.ca\/fr\/outil-dinventaire-despaces-dentreposage-10\/","og_site_name":"CargoM","article_published_time":"2025-02-26T05:19:35+00:00","og_image":[{"width":1798,"height":693,"url":"https:\/\/www.cargo-montreal.ca\/wp-content\/uploads\/2024\/02\/Image-pour-infolettre-entreposage.jpg","type":"image\/jpeg"}],"author":"Karine Dudognon","twitter_card":"summary_large_image","twitter_misc":{"\u00c9crit par":"Karine Dudognon","Dur\u00e9e de lecture estim\u00e9e":"1 minute"},"schema":{"@context":"https:\/\/schema.org","@graph":[{"@type":"Article","@id":"https:\/\/www.cargo-montreal.ca\/fr\/outil-dinventaire-despaces-dentreposage-10\/#article","isPartOf":{"@id":"https:\/\/www.cargo-montreal.ca\/fr\/outil-dinventaire-despaces-dentreposage-10\/"},"author":{"name":"Karine Dudognon","@id":"https:\/\/www.cargo-montreal.ca\/fr\/#\/schema\/person\/80476d173ce654813db9fd1533901365"},"headline":"Outil d\u2019inventaire d\u2019espaces d\u2019entreposage","datePublished":"2025-02-26T05:19:35+00:00","mainEntityOfPage":{"@id":"https:\/\/www.cargo-montreal.ca\/fr\/outil-dinventaire-despaces-dentreposage-10\/"},"wordCount":133,"image":{"@id":"https:\/\/www.cargo-montreal.ca\/fr\/outil-dinventaire-despaces-dentreposage-10\/#primaryimage"},"thumbnailUrl":"https:\/\/www.cargo-montreal.ca\/wp-content\/uploads\/2024\/02\/Image-pour-infolettre-entreposage.jpg","articleSection":["Services logistiques"],"inLanguage":"fr-FR"},{"@type":"WebPage","@id":"https:\/\/www.cargo-montreal.ca\/fr\/outil-dinventaire-despaces-dentreposage-10\/","url":"https:\/\/www.cargo-montreal.ca\/fr\/outil-dinventaire-despaces-dentreposage-10\/","name":"Outil d\u2019inventaire d\u2019espaces d\u2019entreposage - CargoM","isPartOf":{"@id":"https:\/\/www.cargo-montreal.ca\/fr\/#website"},"primaryImageOfPage":{"@id":"https:\/\/www.cargo-montreal.ca\/fr\/outil-dinventaire-despaces-dentreposage-10\/#primaryimage"},"image":{"@id":"https:\/\/www.cargo-montreal.ca\/fr\/outil-dinventaire-despaces-dentreposage-10\/#primaryimage"},"thumbnailUrl":"https:\/\/www.cargo-montreal.ca\/wp-content\/uploads\/2024\/02\/Image-pour-infolettre-entreposage.jpg","datePublished":"2025-02-26T05:19:35+00:00","author":{"@id":"https:\/\/www.cargo-montreal.ca\/fr\/#\/schema\/person\/80476d173ce654813db9fd1533901365"},"breadcrumb":{"@id":"https:\/\/www.cargo-montreal.ca\/fr\/outil-dinventaire-despaces-dentreposage-10\/#breadcrumb"},"inLanguage":"fr-FR","potentialAction":[{"@type":"ReadAction","target":["https:\/\/www.cargo-montreal.ca\/fr\/outil-dinventaire-despaces-dentreposage-10\/"]}]},{"@type":"ImageObject","inLanguage":"fr-FR","@id":"https:\/\/www.cargo-montreal.ca\/fr\/outil-dinventaire-despaces-dentreposage-10\/#primaryimage","url":"https:\/\/www.cargo-montreal.ca\/wp-content\/uploads\/2024\/02\/Image-pour-infolettre-entreposage.jpg","contentUrl":"https:\/\/www.cargo-montreal.ca\/wp-content\/uploads\/2024\/02\/Image-pour-infolettre-entreposage.jpg","width":1798,"height":693},{"@type":"BreadcrumbList","@id":"https:\/\/www.cargo-montreal.ca\/fr\/outil-dinventaire-despaces-dentreposage-10\/#breadcrumb","itemListElement":[{"@type":"ListItem","position":1,"name":"Home","item":"https:\/\/www.cargo-montreal.ca\/fr\/"},{"@type":"ListItem","position":2,"name":"Outil d\u2019inventaire d\u2019espaces d\u2019entreposage"}]},{"@type":"WebSite","@id":"https:\/\/www.cargo-montreal.ca\/fr\/#website","url":"https:\/\/www.cargo-montreal.ca\/fr\/","name":"CargoM","description":"La mission de CargoM: Rassembler les acteurs de la logistique &amp; du transport de marchandises du Grand Montr\u00e9al autour d&#039;objectifs communs, d&#039;actions concert\u00e9es","potentialAction":[{"@type":"SearchAction","target":{"@type":"EntryPoint","urlTemplate":"https:\/\/www.cargo-montreal.ca\/fr\/?s={search_term_string}"},"query-input":{"@type":"PropertyValueSpecification","valueRequired":true,"valueName":"search_term_string"}}],"inLanguage":"fr-FR"},{"@type":"Person","@id":"https:\/\/www.cargo-montreal.ca\/fr\/#\/schema\/person\/80476d173ce654813db9fd1533901365","name":"Karine Dudognon","image":{"@type":"ImageObject","inLanguage":"fr-FR","@id":"https:\/\/secure.gravatar.com\/avatar\/673bdfb703a9b6685a88bc7dfb04a9ea2b48b30e9d1663a5e759a4e9bfa3e2c0?s=96&d=mm&r=g","url":"https:\/\/secure.gravatar.com\/avatar\/673bdfb703a9b6685a88bc7dfb04a9ea2b48b30e9d1663a5e759a4e9bfa3e2c0?s=96&d=mm&r=g","contentUrl":"https:\/\/secure.gravatar.com\/avatar\/673bdfb703a9b6685a88bc7dfb04a9ea2b48b30e9d1663a5e759a4e9bfa3e2c0?s=96&d=mm&r=g","caption":"Karine Dudognon"},"url":"https:\/\/www.cargo-montreal.ca\/fr\/author\/karine\/"}]}},"_links":{"self":[{"href":"https:\/\/www.cargo-montreal.ca\/fr\/wp-json\/wp\/v2\/posts\/17957","targetHints":{"allow":["GET"]}}],"collection":[{"href":"https:\/\/www.cargo-montreal.ca\/fr\/wp-json\/wp\/v2\/posts"}],"about":[{"href":"https:\/\/www.cargo-montreal.ca\/fr\/wp-json\/wp\/v2\/types\/post"}],"author":[{"embeddable":true,"href":"https:\/\/www.cargo-montreal.ca\/fr\/wp-json\/wp\/v2\/users\/39"}],"replies":[{"embeddable":true,"href":"https:\/\/www.cargo-montreal.ca\/fr\/wp-json\/wp\/v2\/comments?post=17957"}],"version-history":[{"count":1,"href":"https:\/\/www.cargo-montreal.ca\/fr\/wp-json\/wp\/v2\/posts\/17957\/revisions"}],"predecessor-version":[{"id":17958,"href":"https:\/\/www.cargo-montreal.ca\/fr\/wp-json\/wp\/v2\/posts\/17957\/revisions\/17958"}],"wp:featuredmedia":[{"embeddable":true,"href":"https:\/\/www.cargo-montreal.ca\/fr\/wp-json\/wp\/v2\/media\/16612"}],"wp:attachment":[{"href":"https:\/\/www.cargo-montreal.ca\/fr\/wp-json\/wp\/v2\/media?parent=17957"}],"wp:term":[{"taxonomy":"category","embeddable":true,"href":"https:\/\/www.cargo-montreal.ca\/fr\/wp-json\/wp\/v2\/categories?post=17957"},{"taxonomy":"post_tag","embeddable":true,"href":"https:\/\/www.cargo-montreal.ca\/fr\/wp-json\/wp\/v2\/tags?post=17957"}],"curies":[{"name":"wp","href":"https:\/\/api.w.org\/{rel}","templated":true}]}}