{"id":17973,"date":"2025-02-26T05:43:03","date_gmt":"2025-02-26T05:43:03","guid":{"rendered":"https:\/\/www.cargo-montreal.ca\/?p=17973"},"modified":"2025-02-26T05:43:03","modified_gmt":"2025-02-26T05:43:03","slug":"formations-cegep-andre-laurendeau-11","status":"publish","type":"post","link":"https:\/\/www.cargo-montreal.ca\/fr\/formations-cegep-andre-laurendeau-11\/","title":{"rendered":"Formations : C\u00e9gep Andr\u00e9-Laurendeau"},"content":{"rendered":"<p><strong>Attestation d\u2019\u00e9tude coll\u00e9giale (AEC)<\/strong><\/p>\r\n<p>28 avril 2025 au 3 juillet 2026 \u2013\u00a0<a href=\"https:\/\/claurendeau.qc.ca\/formation-continue\/explorez-nos-formations-continues\/logistique-du-transport?utm_source=hs_email&amp;utm_medium=email&amp;_hsenc=p2ANqtz-_1F8dISJffoB2a4lFCYJMUFk0B_t1Wi1D7nha1d8CHHHaTXWCFp66DPDOBEz7pFFX7d0rm\" target=\"_blank\" rel=\"noopener\" data-hs-link-id=\"0\">Logistique du transport<\/a><\/p>\r\n<div><strong>Perfectionnement<\/strong><\/div>\r\n<div>\u00a0<\/div>\r\n<div>9 avr. au 11 juin 2025<strong>\u00a0&#8211;\u00a0<\/strong><a href=\"https:\/\/formation.claurendeau.qc.ca\/course\/view.php?id=117\" target=\"_blank\" rel=\"noopener\" data-saferedirecturl=\"https:\/\/www.google.com\/url?q=https:\/\/formation.claurendeau.qc.ca\/course\/view.php?id%3D117&amp;source=gmail&amp;ust=1740498905759000&amp;usg=AOvVaw3CxvJQrAtfI81TxuPVzjTI\" data-hs-link-id=\"0\">Les processus d\u2019import-export au Canada<\/a><a href=\"https:\/\/formation.claurendeau.qc.ca\/course\/view.php?id=117\" target=\"_blank\" rel=\"noopener\" data-saferedirecturl=\"https:\/\/www.google.com\/url?q=https:\/\/formation.claurendeau.qc.ca\/course\/view.php?id%3D117&amp;source=gmail&amp;ust=1740498905759000&amp;usg=AOvVaw3CxvJQrAtfI81TxuPVzjTI\" data-hs-link-id=\"1\">\u00a0<\/a><\/div>\r\n<p>Programme\u00a0<em>Montez de niveau<\/em><\/p>\r\n<p align=\"justify\">11 mars au 15 avril 2025\u00a0\u2013\u00a0\u00a0<a href=\"https:\/\/d11nbd04.na1.hs-sales-engage.com\/Ctc\/ZU+23284\/d11nbd04\/Jl22-6qcW7lCdLW6lZ3l9W2mMxZJ5vwN_vW5p6xFV60lw0WW4g6wfz8MLN4HW7jg7WL7yrR0xW33d1r-6tXsHKW3nddRz85SmjBVx6W6h4xp9ycW5Cl8S1738Y6lW58wlhy3chQJwW1C9KTd7Ztx--VsS3Yp2DWHBXW23VzRz2R5cqGW1mbbbS6wQRwjW8zMrvg183c6lW5kzSKy5jd-3NW3HdbYF3lkDBMN6THqys6-qD1W5DslLZ2x6Tw8W1FZ7Qn4TbL4HW7sWzhJ3B22pMW75N5kG1gXMHwW43kmwW68TlhFW6ZSzWW5Pbw2kW2Nr26g5k5ggwf95YnTx04?utm_source=hs_email&amp;utm_medium=email&amp;_hsenc=p2ANqtz-_1F8dISJffoB2a4lFCYJMUFk0B_t1Wi1D7nha1d8CHHHaTXWCFp66DPDOBEz7pFFX7d0rm\" target=\"_blank\" rel=\"noopener\" data-hs-link-id=\"0\">L\u2019optimisation des espaces d\u2019entreposage ou de distribution<\/a><\/p>\r\n<p align=\"justify\">15 mars au 31 mai 2025 \u2013\u00a0<a href=\"https:\/\/formation.claurendeau.qc.ca\/course\/view.php?id=61\" target=\"_blank\" rel=\"noopener\" data-hs-link-id=\"0\">Les proc\u00e9dures douani\u00e8res am\u00e9ricaines<\/a><\/p>\r\n<p align=\"left\">12 avril au 10 mai 2025\u00a0\u2013\u00a0<a href=\"https:\/\/formation.claurendeau.qc.ca\/course\/view.php?id=40\" target=\"_blank\" rel=\"noopener\" data-hs-link-id=\"0\">Gestion des stocks<\/a><\/p>\r\n<p align=\"left\">\u25b6\ufe0f<a href=\"https:\/\/formation.claurendeau.qc.ca\/mod\/page\/view.php?id=1643&amp;fbclid=IwAR0PHNYQEnyftowfd2QRZkqzCcXzoiDP-VmyLYcFZsqqPgZLwvgSlcnmGqM&amp;_hsenc=p2ANqtz-_b-8ywV8kulJ-oMynE4rlyIscQexX511lG1fPj9kwWk35hzoB7w0ilHvtKuBilCChqnGdQ&amp;utm_medium=email&amp;utm_source=hs_email\" target=\"_blank\" rel=\"noopener\" data-hs-link-id=\"0\">Pour en savoir plus sur le programme et sur votre admissibilit\u00e9<\/a><\/p>\r\n<p><strong>Dipl\u00f4me d&rsquo;\u00e9tudes coll\u00e9giales (DEC)<\/strong><\/p>\r\n<p><a href=\"https:\/\/claurendeau.qc.ca\/programmes\/explorez-nos-programmes\/gestion-des-operations-et-de-la-chaine-logistique\" target=\"_blank\" rel=\"noopener\" data-hs-link-id=\"0\">Gestion des op\u00e9rations et de la cha\u00eene logistique<\/a><\/p>\r\n<p><strong>Reconnaissance des acquis et des comp\u00e9tences (RAC)<\/strong><\/p>\r\n<p><a href=\"https:\/\/d11nbd04.na1.hs-sales-engage.com\/Ctc\/ZU+23284\/d11nbd04\/JlF59_bhW8wM7ks6lZ3pmW98LGJ05hYJ_8W38S_628b394xN706yhK3bLLHW5qfXn_7_j7--W4FKMrc30p1x0W7HWq5R9lWwrBW1Xts1K8w5S20W81VK_X1YyZSYW8q7fxF4lPdQkW2DRRcX86LnLlW6cSPTF8clvV1VThYyj4xhvZqW1FpTm41jnrXjW2Rgk5b276Kc0W8vzw2f1MYyBwW7RskFq2gPJ89W4mQzjK7L_zTkW3ZlmFv9bv8ZCW3B45_G2fZw89W63RPDw6JLhMvW63cbJF8GvZ3YW33VkGp3yM8TjW2yp99D8_6v7vW896X2J1cn62tW7_f5l13Br7WLW4Dn1Hl8qRNgDW3yHlPs5cCqjxW6SPR7v8hk2HPW6X7L1V73n02vV4Z00m6TrblrW2xCDWB8gfyzxW6JYgw97Rz6CjW21_rYQ6QD1KBV55GSx8Ds2Y-W858SGK7hcwGcN30HTGjj7-dNW2bjVD67k8y9vN6v-_DtBGH_ZW3Bdvzv8y9FFvW8545_J6Xs9h9W6dtd3l1lsJGKN9jqv4bx_9nGW8W3pqQ3JHhtzW32Wxdt6RsVZmf4k-w-d04\" target=\"_blank\" rel=\"noopener\" data-hs-link-id=\"0\">Logistique du transport<\/a>\u00a0<\/p>\r\n<p><a href=\"https:\/\/d11nbd04.na1.hs-sales-engage.com\/Ctc\/ZU+23284\/d11nbd04\/JjT78xJtW50l5tj6lZ3m5W8n7hDZ5lW72dW20KVG27zYW8pW8K3gXD3QCnjdW8sZJFH3V-vdVW7lBCY17NN9Y7VdN2Cd5LLTnfW1mJRF63dG3ybN3-mz2_Pwf7hW2wXYZQ1v22rMW54dHxT2KM9GQW2wSYHH3_pn67W3jzQ4C1HVS2SW11TvlM8Tq0WJW3fKkjD4vzC7DW3G4yvZ32Cp-vW8tyNpY5gy2wrW36SqHS1Z6222W1_9XK-7c2fPTW8rTkfX3v2ZqhW3h3nGK7FQnzcW3_ll9R97F8lmW1ZnQ3n5KkLg_W4qB2qJ5J3wH_W5j1Wdv4qjYclW2_7hcS3WtTr-W2C8Vjc9b4sXrW55TGvp3PK2B8W70CtN31mxfPGW1SflVm2dvj0HW6Lpm4M8KQ-NdW9bHMHH4M858LW6cXtMJ98MJMCV66r0383hYfTW36lrHS6tKcGsW3yqw193HLVS_W8rZj8c1DSzJwVQ2jZM8XMNLtW3sjZRW6m95hPW1KfJN38Xpyv2W1vY3_C5SPm1BVWsn8s7NgYwPW5Y0Fmt6n3mj6VjzVcs6XGHk0W1-rhkq3YVLQpW2Q_1107LB7WBW12kr4m2dBcF0W4B6bLt4H2PgDV5k3vY8QXj0kf8CJx2R04\" target=\"_blank\" rel=\"noopener\" data-hs-link-id=\"0\">Sp\u00e9cialiste \u00e0 la r\u00e9partition en transport et logistique<\/a><\/p>\r\n<p><a href=\"https:\/\/d11nbd04.na1.hs-sales-engage.com\/Ctc\/ZU+23284\/d11nbd04\/JjT78xJtW50l5tj6lZ3kMV6X1Pq4xC-FTN8RYn3dtWcQTN3g0XXgL2hHWW1t4MDL92K1mkW7t7jZj13mQ_tW4XTTWG4Sm-XnW3nG5b75yzFlnW7N5GKq7wkQn1W5XzmSD40tjphW2GK0sh568jcqW6ZTD861wsJK7VYvkr98Cpp7cW30f95Y5-bzGQW2kv1hp3lvxF1W8jJ6688VjcSBW5F7SjY4Wq0kCW8z8_m51p8tFpW1PrPrl1QNTT1W5KwpvJ1sCD80W202fK64RfH8KW4-PgtJ3Fkcq7VzvF465Dw4LpN6qTj7fyjl0kVC-r-w8B5kw0W5lZd13502NgkW7M6n8G2VhKqgN2wmkPzNf1n9W673T3J1KDhfzW4V1-Hc5fxYm3W3TB_d_1PdnNrW3Z6frT5xlV1jW6KM-Qb592wwwVT1-s13WlNPYVyxFRM6JqvGlW5vhYmS6mLLJNW6Y2PmB63lqNCW7gJC-527JHV9W407J7K641zFcW7D4rvq2mz3YCW5yCvvl7FTvKXN7gyK4jlmJg5VlMqNS41VWc7W8twYPk9j15TgW3G07nD4bTjC6Vg5DkQ4gxWlwVqQkcX6_kkgzW677hMm2KwFCcW5QX5pt7yBRJVf98-j-804\" target=\"_blank\" rel=\"noopener\" data-hs-link-id=\"0\">Gestion des approvisionnements dans le secteur public qu\u00e9b\u00e9cois<\/a><\/p>","protected":false},"excerpt":{"rendered":"Attestation d\u2019\u00e9tude coll\u00e9giale (AEC) 28 avril 2025 au 3 juillet 2026 \u2013\u00a0Logistique du transport Perfectionnement \u00a0 9 avr. au 11 juin 2025\u00a0&#8211;\u00a0Les processus d\u2019import-export au Canada\u00a0 Programme\u00a0Montez de niveau 11 mars au 15 avril 2025\u00a0\u2013\u00a0\u00a0L\u2019optimisation des espaces d\u2019entreposage ou de distribution 15 mars au 31 mai 2025 \u2013\u00a0Les proc\u00e9dures douani\u00e8res am\u00e9ricaines 12 avril au 10 [&hellip;]","protected":false},"author":39,"featured_media":17621,"comment_status":"closed","ping_status":"closed","sticky":false,"template":"","format":"standard","meta":{"_acf_changed":false,"footnotes":""},"categories":[20],"tags":[],"class_list":["post-17973","post","type-post","status-publish","format-standard","has-post-thumbnail","hentry","category-services-logistiques"],"acf":[],"yoast_head":"<!-- This site is optimized with the Yoast SEO plugin v27.3 - https:\/\/yoast.com\/product\/yoast-seo-wordpress\/ -->\n<title>Formations : C\u00e9gep Andr\u00e9-Laurendeau - CargoM<\/title>\n<meta name=\"robots\" content=\"index, follow, max-snippet:-1, max-image-preview:large, max-video-preview:-1\" \/>\n<link rel=\"canonical\" href=\"https:\/\/www.cargo-montreal.ca\/fr\/formations-cegep-andre-laurendeau-11\/\" \/>\n<meta property=\"og:locale\" content=\"fr_FR\" \/>\n<meta property=\"og:type\" content=\"article\" \/>\n<meta property=\"og:title\" content=\"Formations : C\u00e9gep Andr\u00e9-Laurendeau - CargoM\" \/>\n<meta property=\"og:description\" content=\"Attestation d\u2019\u00e9tude coll\u00e9giale (AEC) 28 avril 2025 au 3 juillet 2026 \u2013\u00a0Logistique du transport Perfectionnement \u00a0 9 avr. au 11 juin 2025\u00a0&#8211;\u00a0Les processus d\u2019import-export au Canada\u00a0 Programme\u00a0Montez de niveau 11 mars au 15 avril 2025\u00a0\u2013\u00a0\u00a0L\u2019optimisation des espaces d\u2019entreposage ou de distribution 15 mars au 31 mai 2025 \u2013\u00a0Les proc\u00e9dures douani\u00e8res am\u00e9ricaines 12 avril au 10 [&hellip;]\" \/>\n<meta property=\"og:url\" content=\"https:\/\/www.cargo-montreal.ca\/fr\/formations-cegep-andre-laurendeau-11\/\" \/>\n<meta property=\"og:site_name\" content=\"CargoM\" \/>\n<meta property=\"article:published_time\" content=\"2025-02-26T05:43:03+00:00\" \/>\n<meta property=\"og:image\" content=\"https:\/\/www.cargo-montreal.ca\/wp-content\/uploads\/2024\/11\/FC-Andreg-Laurendeau-1.jpg\" \/>\n\t<meta property=\"og:image:width\" content=\"1000\" \/>\n\t<meta property=\"og:image:height\" content=\"333\" \/>\n\t<meta property=\"og:image:type\" content=\"image\/jpeg\" \/>\n<meta name=\"author\" content=\"Karine Dudognon\" \/>\n<meta name=\"twitter:card\" content=\"summary_large_image\" \/>\n<meta name=\"twitter:label1\" content=\"\u00c9crit par\" \/>\n\t<meta name=\"twitter:data1\" content=\"Karine Dudognon\" \/>\n\t<meta name=\"twitter:label2\" content=\"Dur\u00e9e de lecture estim\u00e9e\" \/>\n\t<meta name=\"twitter:data2\" content=\"1 minute\" \/>\n<script type=\"application\/ld+json\" class=\"yoast-schema-graph\">{\"@context\":\"https:\\\/\\\/schema.org\",\"@graph\":[{\"@type\":\"Article\",\"@id\":\"https:\\\/\\\/www.cargo-montreal.ca\\\/fr\\\/formations-cegep-andre-laurendeau-11\\\/#article\",\"isPartOf\":{\"@id\":\"https:\\\/\\\/www.cargo-montreal.ca\\\/fr\\\/formations-cegep-andre-laurendeau-11\\\/\"},\"author\":{\"name\":\"Karine Dudognon\",\"@id\":\"https:\\\/\\\/www.cargo-montreal.ca\\\/fr\\\/#\\\/schema\\\/person\\\/80476d173ce654813db9fd1533901365\"},\"headline\":\"Formations : C\u00e9gep Andr\u00e9-Laurendeau\",\"datePublished\":\"2025-02-26T05:43:03+00:00\",\"mainEntityOfPage\":{\"@id\":\"https:\\\/\\\/www.cargo-montreal.ca\\\/fr\\\/formations-cegep-andre-laurendeau-11\\\/\"},\"wordCount\":118,\"image\":{\"@id\":\"https:\\\/\\\/www.cargo-montreal.ca\\\/fr\\\/formations-cegep-andre-laurendeau-11\\\/#primaryimage\"},\"thumbnailUrl\":\"https:\\\/\\\/www.cargo-montreal.ca\\\/wp-content\\\/uploads\\\/2024\\\/11\\\/FC-Andreg-Laurendeau-1.jpg\",\"articleSection\":[\"Services logistiques\"],\"inLanguage\":\"fr-FR\"},{\"@type\":\"WebPage\",\"@id\":\"https:\\\/\\\/www.cargo-montreal.ca\\\/fr\\\/formations-cegep-andre-laurendeau-11\\\/\",\"url\":\"https:\\\/\\\/www.cargo-montreal.ca\\\/fr\\\/formations-cegep-andre-laurendeau-11\\\/\",\"name\":\"Formations : C\u00e9gep Andr\u00e9-Laurendeau - CargoM\",\"isPartOf\":{\"@id\":\"https:\\\/\\\/www.cargo-montreal.ca\\\/fr\\\/#website\"},\"primaryImageOfPage\":{\"@id\":\"https:\\\/\\\/www.cargo-montreal.ca\\\/fr\\\/formations-cegep-andre-laurendeau-11\\\/#primaryimage\"},\"image\":{\"@id\":\"https:\\\/\\\/www.cargo-montreal.ca\\\/fr\\\/formations-cegep-andre-laurendeau-11\\\/#primaryimage\"},\"thumbnailUrl\":\"https:\\\/\\\/www.cargo-montreal.ca\\\/wp-content\\\/uploads\\\/2024\\\/11\\\/FC-Andreg-Laurendeau-1.jpg\",\"datePublished\":\"2025-02-26T05:43:03+00:00\",\"author\":{\"@id\":\"https:\\\/\\\/www.cargo-montreal.ca\\\/fr\\\/#\\\/schema\\\/person\\\/80476d173ce654813db9fd1533901365\"},\"breadcrumb\":{\"@id\":\"https:\\\/\\\/www.cargo-montreal.ca\\\/fr\\\/formations-cegep-andre-laurendeau-11\\\/#breadcrumb\"},\"inLanguage\":\"fr-FR\",\"potentialAction\":[{\"@type\":\"ReadAction\",\"target\":[\"https:\\\/\\\/www.cargo-montreal.ca\\\/fr\\\/formations-cegep-andre-laurendeau-11\\\/\"]}]},{\"@type\":\"ImageObject\",\"inLanguage\":\"fr-FR\",\"@id\":\"https:\\\/\\\/www.cargo-montreal.ca\\\/fr\\\/formations-cegep-andre-laurendeau-11\\\/#primaryimage\",\"url\":\"https:\\\/\\\/www.cargo-montreal.ca\\\/wp-content\\\/uploads\\\/2024\\\/11\\\/FC-Andreg-Laurendeau-1.jpg\",\"contentUrl\":\"https:\\\/\\\/www.cargo-montreal.ca\\\/wp-content\\\/uploads\\\/2024\\\/11\\\/FC-Andreg-Laurendeau-1.jpg\",\"width\":1000,\"height\":333},{\"@type\":\"BreadcrumbList\",\"@id\":\"https:\\\/\\\/www.cargo-montreal.ca\\\/fr\\\/formations-cegep-andre-laurendeau-11\\\/#breadcrumb\",\"itemListElement\":[{\"@type\":\"ListItem\",\"position\":1,\"name\":\"Home\",\"item\":\"https:\\\/\\\/www.cargo-montreal.ca\\\/fr\\\/\"},{\"@type\":\"ListItem\",\"position\":2,\"name\":\"Formations : C\u00e9gep Andr\u00e9-Laurendeau\"}]},{\"@type\":\"WebSite\",\"@id\":\"https:\\\/\\\/www.cargo-montreal.ca\\\/fr\\\/#website\",\"url\":\"https:\\\/\\\/www.cargo-montreal.ca\\\/fr\\\/\",\"name\":\"CargoM\",\"description\":\"La mission de CargoM: Rassembler les acteurs de la logistique &amp; du transport de marchandises du Grand Montr\u00e9al autour d&#039;objectifs communs, d&#039;actions concert\u00e9es\",\"potentialAction\":[{\"@type\":\"SearchAction\",\"target\":{\"@type\":\"EntryPoint\",\"urlTemplate\":\"https:\\\/\\\/www.cargo-montreal.ca\\\/fr\\\/?s={search_term_string}\"},\"query-input\":{\"@type\":\"PropertyValueSpecification\",\"valueRequired\":true,\"valueName\":\"search_term_string\"}}],\"inLanguage\":\"fr-FR\"},{\"@type\":\"Person\",\"@id\":\"https:\\\/\\\/www.cargo-montreal.ca\\\/fr\\\/#\\\/schema\\\/person\\\/80476d173ce654813db9fd1533901365\",\"name\":\"Karine Dudognon\",\"image\":{\"@type\":\"ImageObject\",\"inLanguage\":\"fr-FR\",\"@id\":\"https:\\\/\\\/secure.gravatar.com\\\/avatar\\\/673bdfb703a9b6685a88bc7dfb04a9ea2b48b30e9d1663a5e759a4e9bfa3e2c0?s=96&d=mm&r=g\",\"url\":\"https:\\\/\\\/secure.gravatar.com\\\/avatar\\\/673bdfb703a9b6685a88bc7dfb04a9ea2b48b30e9d1663a5e759a4e9bfa3e2c0?s=96&d=mm&r=g\",\"contentUrl\":\"https:\\\/\\\/secure.gravatar.com\\\/avatar\\\/673bdfb703a9b6685a88bc7dfb04a9ea2b48b30e9d1663a5e759a4e9bfa3e2c0?s=96&d=mm&r=g\",\"caption\":\"Karine Dudognon\"},\"url\":\"https:\\\/\\\/www.cargo-montreal.ca\\\/fr\\\/author\\\/karine\\\/\"}]}<\/script>\n<!-- \/ Yoast SEO plugin. -->","yoast_head_json":{"title":"Formations : C\u00e9gep Andr\u00e9-Laurendeau - CargoM","robots":{"index":"index","follow":"follow","max-snippet":"max-snippet:-1","max-image-preview":"max-image-preview:large","max-video-preview":"max-video-preview:-1"},"canonical":"https:\/\/www.cargo-montreal.ca\/fr\/formations-cegep-andre-laurendeau-11\/","og_locale":"fr_FR","og_type":"article","og_title":"Formations : C\u00e9gep Andr\u00e9-Laurendeau - CargoM","og_description":"Attestation d\u2019\u00e9tude coll\u00e9giale (AEC) 28 avril 2025 au 3 juillet 2026 \u2013\u00a0Logistique du transport Perfectionnement \u00a0 9 avr. au 11 juin 2025\u00a0&#8211;\u00a0Les processus d\u2019import-export au Canada\u00a0 Programme\u00a0Montez de niveau 11 mars au 15 avril 2025\u00a0\u2013\u00a0\u00a0L\u2019optimisation des espaces d\u2019entreposage ou de distribution 15 mars au 31 mai 2025 \u2013\u00a0Les proc\u00e9dures douani\u00e8res am\u00e9ricaines 12 avril au 10 [&hellip;]","og_url":"https:\/\/www.cargo-montreal.ca\/fr\/formations-cegep-andre-laurendeau-11\/","og_site_name":"CargoM","article_published_time":"2025-02-26T05:43:03+00:00","og_image":[{"width":1000,"height":333,"url":"https:\/\/www.cargo-montreal.ca\/wp-content\/uploads\/2024\/11\/FC-Andreg-Laurendeau-1.jpg","type":"image\/jpeg"}],"author":"Karine Dudognon","twitter_card":"summary_large_image","twitter_misc":{"\u00c9crit par":"Karine Dudognon","Dur\u00e9e de lecture estim\u00e9e":"1 minute"},"schema":{"@context":"https:\/\/schema.org","@graph":[{"@type":"Article","@id":"https:\/\/www.cargo-montreal.ca\/fr\/formations-cegep-andre-laurendeau-11\/#article","isPartOf":{"@id":"https:\/\/www.cargo-montreal.ca\/fr\/formations-cegep-andre-laurendeau-11\/"},"author":{"name":"Karine Dudognon","@id":"https:\/\/www.cargo-montreal.ca\/fr\/#\/schema\/person\/80476d173ce654813db9fd1533901365"},"headline":"Formations : C\u00e9gep Andr\u00e9-Laurendeau","datePublished":"2025-02-26T05:43:03+00:00","mainEntityOfPage":{"@id":"https:\/\/www.cargo-montreal.ca\/fr\/formations-cegep-andre-laurendeau-11\/"},"wordCount":118,"image":{"@id":"https:\/\/www.cargo-montreal.ca\/fr\/formations-cegep-andre-laurendeau-11\/#primaryimage"},"thumbnailUrl":"https:\/\/www.cargo-montreal.ca\/wp-content\/uploads\/2024\/11\/FC-Andreg-Laurendeau-1.jpg","articleSection":["Services logistiques"],"inLanguage":"fr-FR"},{"@type":"WebPage","@id":"https:\/\/www.cargo-montreal.ca\/fr\/formations-cegep-andre-laurendeau-11\/","url":"https:\/\/www.cargo-montreal.ca\/fr\/formations-cegep-andre-laurendeau-11\/","name":"Formations : C\u00e9gep Andr\u00e9-Laurendeau - CargoM","isPartOf":{"@id":"https:\/\/www.cargo-montreal.ca\/fr\/#website"},"primaryImageOfPage":{"@id":"https:\/\/www.cargo-montreal.ca\/fr\/formations-cegep-andre-laurendeau-11\/#primaryimage"},"image":{"@id":"https:\/\/www.cargo-montreal.ca\/fr\/formations-cegep-andre-laurendeau-11\/#primaryimage"},"thumbnailUrl":"https:\/\/www.cargo-montreal.ca\/wp-content\/uploads\/2024\/11\/FC-Andreg-Laurendeau-1.jpg","datePublished":"2025-02-26T05:43:03+00:00","author":{"@id":"https:\/\/www.cargo-montreal.ca\/fr\/#\/schema\/person\/80476d173ce654813db9fd1533901365"},"breadcrumb":{"@id":"https:\/\/www.cargo-montreal.ca\/fr\/formations-cegep-andre-laurendeau-11\/#breadcrumb"},"inLanguage":"fr-FR","potentialAction":[{"@type":"ReadAction","target":["https:\/\/www.cargo-montreal.ca\/fr\/formations-cegep-andre-laurendeau-11\/"]}]},{"@type":"ImageObject","inLanguage":"fr-FR","@id":"https:\/\/www.cargo-montreal.ca\/fr\/formations-cegep-andre-laurendeau-11\/#primaryimage","url":"https:\/\/www.cargo-montreal.ca\/wp-content\/uploads\/2024\/11\/FC-Andreg-Laurendeau-1.jpg","contentUrl":"https:\/\/www.cargo-montreal.ca\/wp-content\/uploads\/2024\/11\/FC-Andreg-Laurendeau-1.jpg","width":1000,"height":333},{"@type":"BreadcrumbList","@id":"https:\/\/www.cargo-montreal.ca\/fr\/formations-cegep-andre-laurendeau-11\/#breadcrumb","itemListElement":[{"@type":"ListItem","position":1,"name":"Home","item":"https:\/\/www.cargo-montreal.ca\/fr\/"},{"@type":"ListItem","position":2,"name":"Formations : C\u00e9gep Andr\u00e9-Laurendeau"}]},{"@type":"WebSite","@id":"https:\/\/www.cargo-montreal.ca\/fr\/#website","url":"https:\/\/www.cargo-montreal.ca\/fr\/","name":"CargoM","description":"La mission de CargoM: Rassembler les acteurs de la logistique &amp; du transport de marchandises du Grand Montr\u00e9al autour d&#039;objectifs communs, d&#039;actions concert\u00e9es","potentialAction":[{"@type":"SearchAction","target":{"@type":"EntryPoint","urlTemplate":"https:\/\/www.cargo-montreal.ca\/fr\/?s={search_term_string}"},"query-input":{"@type":"PropertyValueSpecification","valueRequired":true,"valueName":"search_term_string"}}],"inLanguage":"fr-FR"},{"@type":"Person","@id":"https:\/\/www.cargo-montreal.ca\/fr\/#\/schema\/person\/80476d173ce654813db9fd1533901365","name":"Karine Dudognon","image":{"@type":"ImageObject","inLanguage":"fr-FR","@id":"https:\/\/secure.gravatar.com\/avatar\/673bdfb703a9b6685a88bc7dfb04a9ea2b48b30e9d1663a5e759a4e9bfa3e2c0?s=96&d=mm&r=g","url":"https:\/\/secure.gravatar.com\/avatar\/673bdfb703a9b6685a88bc7dfb04a9ea2b48b30e9d1663a5e759a4e9bfa3e2c0?s=96&d=mm&r=g","contentUrl":"https:\/\/secure.gravatar.com\/avatar\/673bdfb703a9b6685a88bc7dfb04a9ea2b48b30e9d1663a5e759a4e9bfa3e2c0?s=96&d=mm&r=g","caption":"Karine Dudognon"},"url":"https:\/\/www.cargo-montreal.ca\/fr\/author\/karine\/"}]}},"_links":{"self":[{"href":"https:\/\/www.cargo-montreal.ca\/fr\/wp-json\/wp\/v2\/posts\/17973","targetHints":{"allow":["GET"]}}],"collection":[{"href":"https:\/\/www.cargo-montreal.ca\/fr\/wp-json\/wp\/v2\/posts"}],"about":[{"href":"https:\/\/www.cargo-montreal.ca\/fr\/wp-json\/wp\/v2\/types\/post"}],"author":[{"embeddable":true,"href":"https:\/\/www.cargo-montreal.ca\/fr\/wp-json\/wp\/v2\/users\/39"}],"replies":[{"embeddable":true,"href":"https:\/\/www.cargo-montreal.ca\/fr\/wp-json\/wp\/v2\/comments?post=17973"}],"version-history":[{"count":1,"href":"https:\/\/www.cargo-montreal.ca\/fr\/wp-json\/wp\/v2\/posts\/17973\/revisions"}],"predecessor-version":[{"id":17974,"href":"https:\/\/www.cargo-montreal.ca\/fr\/wp-json\/wp\/v2\/posts\/17973\/revisions\/17974"}],"wp:featuredmedia":[{"embeddable":true,"href":"https:\/\/www.cargo-montreal.ca\/fr\/wp-json\/wp\/v2\/media\/17621"}],"wp:attachment":[{"href":"https:\/\/www.cargo-montreal.ca\/fr\/wp-json\/wp\/v2\/media?parent=17973"}],"wp:term":[{"taxonomy":"category","embeddable":true,"href":"https:\/\/www.cargo-montreal.ca\/fr\/wp-json\/wp\/v2\/categories?post=17973"},{"taxonomy":"post_tag","embeddable":true,"href":"https:\/\/www.cargo-montreal.ca\/fr\/wp-json\/wp\/v2\/tags?post=17973"}],"curies":[{"name":"wp","href":"https:\/\/api.w.org\/{rel}","templated":true}]}}