{"id":18146,"date":"2025-03-28T12:50:58","date_gmt":"2025-03-28T12:50:58","guid":{"rendered":"https:\/\/www.cargo-montreal.ca\/?p=18146"},"modified":"2025-03-28T12:50:58","modified_gmt":"2025-03-28T12:50:58","slug":"lancement-de-la-3e-phase-de-loutil-inventaire-despaces-dentreposage","status":"publish","type":"post","link":"https:\/\/www.cargo-montreal.ca\/fr\/lancement-de-la-3e-phase-de-loutil-inventaire-despaces-dentreposage\/","title":{"rendered":"Lancement de la 3e phase de l\u2019outil \u2013 Inventaire d\u2019espaces d\u2019entreposage"},"content":{"rendered":"<p align=\"justify\">CargoM lancera, le 31 mars prochain, une version am\u00e9lior\u00e9e de son outil\u00a0\u2013 Inventaire d&rsquo;espaces d\u2019entreposage.<\/p>\r\n<p align=\"justify\">Cet outil innovant fut d\u00e9velopp\u00e9 afin de faciliter la mise en relation entre les entreprises disposant d\u2019espaces d\u2019entreposage et celles qui en recherche. Cet inventaire permet d\u2019optimiser l\u2019utilisation des infrastructures existantes tout en contribuant \u00e0 la comp\u00e9titivit\u00e9 et \u00e0 la durabilit\u00e9 du secteur logistique.<\/p>\r\n<p align=\"justify\"><strong>\ud83d\udca1<\/strong><strong>Nouveaut\u00e9s \u00e0 d\u00e9couvrir :<\/strong><\/p>\r\n<p align=\"left\">\u2714 Exp\u00e9rience utilisateur optimis\u00e9e \u2013 Une navigation plus fluide et intuitive<\/p>\r\n<p align=\"left\">\u2714 Interface modernis\u00e9e \u2013 Un design repens\u00e9 pour plus de simplicit\u00e9<\/p>\r\n<p align=\"left\">\u2714 Flexibilit\u00e9 accrue \u2013 Vos renseignements peuvent \u00eatre mis \u00e0 jour directement sur la plateforme<\/p>\r\n<p align=\"left\"><strong>\ud83d\udccc\u00a0Nouveau :\u00a0Un compte\u00a0gratuit sera d\u00e9sormais requis! Il vous permettra :<\/strong><\/p>\r\n<p align=\"left\">\u2714 D\u2019inscrire ou consulter les espaces disponibles<\/p>\r\n<p align=\"left\">\u2714 De mettre \u00e0 jour vos informations \u00e0 tout moment<\/p>\r\n<p>\u25b6\ufe0f L&rsquo;outil est gratuit<\/p>\r\n<p>\u25b6\ufe0f Pr\u00e8s de 40 entr\u00e9es d&rsquo;espaces vacants<\/p>\r\n<p>\u25b6\ufe0f \u2795de\u00a014,4 millions\u00a0de pieds carr\u00e9s int\u00e9rieur et ext\u00e9rieur<\/p>\r\n<table role=\"presentation\" border=\"0\" cellspacing=\"0\" cellpadding=\"0\" align=\"center\">\r\n<tbody>\r\n<tr>\r\n<td style=\"text-align: left;\" align=\"center\" valign=\"middle\" bgcolor=\"#575a5d\"><a href=\"https:\/\/www.cargo-montreal.ca\/fr\/actions\/inventaire-des-espaces-dentreposage\/?utm_source=hs_email&#038;utm_medium=email&#038;utm_content=353895275&#038;_hsenc=p2ANqtz--NvhNHg5WSLj2iZ4LX84YvbM_R4STYLGptZPy_YG5y9nqIoNOdUqmASjqDWawtZA7sKnHB8KslNe0IyPVMOPHAGTHirA\" target=\"_blank\" rel=\"noopener\" data-hs-link-id=\"1\"><strong>Outil \u2013 Inventaire d\u2019espaces d\u2019entreposage<\/strong><\/a><\/td>\r\n<\/tr>\r\n<\/tbody>\r\n<\/table>","protected":false},"excerpt":{"rendered":"CargoM lancera, le 31 mars prochain, une version am\u00e9lior\u00e9e de son outil\u00a0\u2013 Inventaire d&rsquo;espaces d\u2019entreposage. Cet outil innovant fut d\u00e9velopp\u00e9 afin de faciliter la mise en relation entre les entreprises disposant d\u2019espaces d\u2019entreposage et celles qui en recherche. Cet inventaire permet d\u2019optimiser l\u2019utilisation des infrastructures existantes tout en contribuant \u00e0 la comp\u00e9titivit\u00e9 et \u00e0 la [&hellip;]","protected":false},"author":39,"featured_media":18161,"comment_status":"closed","ping_status":"closed","sticky":false,"template":"","format":"standard","meta":{"_acf_changed":false,"footnotes":""},"categories":[20],"tags":[],"class_list":["post-18146","post","type-post","status-publish","format-standard","has-post-thumbnail","hentry","category-services-logistiques"],"acf":[],"yoast_head":"<!-- This site is optimized with the Yoast SEO plugin v27.3 - https:\/\/yoast.com\/product\/yoast-seo-wordpress\/ -->\n<title>Lancement de la 3e phase de l\u2019outil \u2013 Inventaire d\u2019espaces d\u2019entreposage - CargoM<\/title>\n<meta name=\"robots\" content=\"index, follow, max-snippet:-1, max-image-preview:large, max-video-preview:-1\" \/>\n<link rel=\"canonical\" href=\"https:\/\/www.cargo-montreal.ca\/fr\/lancement-de-la-3e-phase-de-loutil-inventaire-despaces-dentreposage\/\" \/>\n<meta property=\"og:locale\" content=\"fr_FR\" \/>\n<meta property=\"og:type\" content=\"article\" \/>\n<meta property=\"og:title\" content=\"Lancement de la 3e phase de l\u2019outil \u2013 Inventaire d\u2019espaces d\u2019entreposage - CargoM\" \/>\n<meta property=\"og:description\" content=\"CargoM lancera, le 31 mars prochain, une version am\u00e9lior\u00e9e de son outil\u00a0\u2013 Inventaire d&rsquo;espaces d\u2019entreposage. Cet outil innovant fut d\u00e9velopp\u00e9 afin de faciliter la mise en relation entre les entreprises disposant d\u2019espaces d\u2019entreposage et celles qui en recherche. Cet inventaire permet d\u2019optimiser l\u2019utilisation des infrastructures existantes tout en contribuant \u00e0 la comp\u00e9titivit\u00e9 et \u00e0 la [&hellip;]\" \/>\n<meta property=\"og:url\" content=\"https:\/\/www.cargo-montreal.ca\/fr\/lancement-de-la-3e-phase-de-loutil-inventaire-despaces-dentreposage\/\" \/>\n<meta property=\"og:site_name\" content=\"CargoM\" \/>\n<meta property=\"article:published_time\" content=\"2025-03-28T12:50:58+00:00\" \/>\n<meta property=\"og:image\" content=\"https:\/\/www.cargo-montreal.ca\/wp-content\/uploads\/2025\/03\/Image-outil-2.png\" \/>\n\t<meta property=\"og:image:width\" content=\"1107\" \/>\n\t<meta property=\"og:image:height\" content=\"1496\" \/>\n\t<meta property=\"og:image:type\" content=\"image\/png\" \/>\n<meta name=\"author\" content=\"Karine Dudognon\" \/>\n<meta name=\"twitter:card\" content=\"summary_large_image\" \/>\n<meta name=\"twitter:label1\" content=\"\u00c9crit par\" \/>\n\t<meta name=\"twitter:data1\" content=\"Karine Dudognon\" \/>\n\t<meta name=\"twitter:label2\" content=\"Dur\u00e9e de lecture estim\u00e9e\" \/>\n\t<meta name=\"twitter:data2\" content=\"1 minute\" \/>\n<script type=\"application\/ld+json\" class=\"yoast-schema-graph\">{\"@context\":\"https:\\\/\\\/schema.org\",\"@graph\":[{\"@type\":\"Article\",\"@id\":\"https:\\\/\\\/www.cargo-montreal.ca\\\/fr\\\/lancement-de-la-3e-phase-de-loutil-inventaire-despaces-dentreposage\\\/#article\",\"isPartOf\":{\"@id\":\"https:\\\/\\\/www.cargo-montreal.ca\\\/fr\\\/lancement-de-la-3e-phase-de-loutil-inventaire-despaces-dentreposage\\\/\"},\"author\":{\"name\":\"Karine Dudognon\",\"@id\":\"https:\\\/\\\/www.cargo-montreal.ca\\\/fr\\\/#\\\/schema\\\/person\\\/80476d173ce654813db9fd1533901365\"},\"headline\":\"Lancement de la 3e phase de l\u2019outil \u2013 Inventaire d\u2019espaces d\u2019entreposage\",\"datePublished\":\"2025-03-28T12:50:58+00:00\",\"mainEntityOfPage\":{\"@id\":\"https:\\\/\\\/www.cargo-montreal.ca\\\/fr\\\/lancement-de-la-3e-phase-de-loutil-inventaire-despaces-dentreposage\\\/\"},\"wordCount\":170,\"image\":{\"@id\":\"https:\\\/\\\/www.cargo-montreal.ca\\\/fr\\\/lancement-de-la-3e-phase-de-loutil-inventaire-despaces-dentreposage\\\/#primaryimage\"},\"thumbnailUrl\":\"https:\\\/\\\/www.cargo-montreal.ca\\\/wp-content\\\/uploads\\\/2025\\\/03\\\/Image-outil-2.png\",\"articleSection\":[\"Services logistiques\"],\"inLanguage\":\"fr-FR\"},{\"@type\":\"WebPage\",\"@id\":\"https:\\\/\\\/www.cargo-montreal.ca\\\/fr\\\/lancement-de-la-3e-phase-de-loutil-inventaire-despaces-dentreposage\\\/\",\"url\":\"https:\\\/\\\/www.cargo-montreal.ca\\\/fr\\\/lancement-de-la-3e-phase-de-loutil-inventaire-despaces-dentreposage\\\/\",\"name\":\"Lancement de la 3e phase de l\u2019outil \u2013 Inventaire d\u2019espaces d\u2019entreposage - CargoM\",\"isPartOf\":{\"@id\":\"https:\\\/\\\/www.cargo-montreal.ca\\\/fr\\\/#website\"},\"primaryImageOfPage\":{\"@id\":\"https:\\\/\\\/www.cargo-montreal.ca\\\/fr\\\/lancement-de-la-3e-phase-de-loutil-inventaire-despaces-dentreposage\\\/#primaryimage\"},\"image\":{\"@id\":\"https:\\\/\\\/www.cargo-montreal.ca\\\/fr\\\/lancement-de-la-3e-phase-de-loutil-inventaire-despaces-dentreposage\\\/#primaryimage\"},\"thumbnailUrl\":\"https:\\\/\\\/www.cargo-montreal.ca\\\/wp-content\\\/uploads\\\/2025\\\/03\\\/Image-outil-2.png\",\"datePublished\":\"2025-03-28T12:50:58+00:00\",\"author\":{\"@id\":\"https:\\\/\\\/www.cargo-montreal.ca\\\/fr\\\/#\\\/schema\\\/person\\\/80476d173ce654813db9fd1533901365\"},\"breadcrumb\":{\"@id\":\"https:\\\/\\\/www.cargo-montreal.ca\\\/fr\\\/lancement-de-la-3e-phase-de-loutil-inventaire-despaces-dentreposage\\\/#breadcrumb\"},\"inLanguage\":\"fr-FR\",\"potentialAction\":[{\"@type\":\"ReadAction\",\"target\":[\"https:\\\/\\\/www.cargo-montreal.ca\\\/fr\\\/lancement-de-la-3e-phase-de-loutil-inventaire-despaces-dentreposage\\\/\"]}]},{\"@type\":\"ImageObject\",\"inLanguage\":\"fr-FR\",\"@id\":\"https:\\\/\\\/www.cargo-montreal.ca\\\/fr\\\/lancement-de-la-3e-phase-de-loutil-inventaire-despaces-dentreposage\\\/#primaryimage\",\"url\":\"https:\\\/\\\/www.cargo-montreal.ca\\\/wp-content\\\/uploads\\\/2025\\\/03\\\/Image-outil-2.png\",\"contentUrl\":\"https:\\\/\\\/www.cargo-montreal.ca\\\/wp-content\\\/uploads\\\/2025\\\/03\\\/Image-outil-2.png\",\"width\":1107,\"height\":1496},{\"@type\":\"BreadcrumbList\",\"@id\":\"https:\\\/\\\/www.cargo-montreal.ca\\\/fr\\\/lancement-de-la-3e-phase-de-loutil-inventaire-despaces-dentreposage\\\/#breadcrumb\",\"itemListElement\":[{\"@type\":\"ListItem\",\"position\":1,\"name\":\"Home\",\"item\":\"https:\\\/\\\/www.cargo-montreal.ca\\\/fr\\\/\"},{\"@type\":\"ListItem\",\"position\":2,\"name\":\"Lancement de la 3e phase de l\u2019outil \u2013 Inventaire d\u2019espaces d\u2019entreposage\"}]},{\"@type\":\"WebSite\",\"@id\":\"https:\\\/\\\/www.cargo-montreal.ca\\\/fr\\\/#website\",\"url\":\"https:\\\/\\\/www.cargo-montreal.ca\\\/fr\\\/\",\"name\":\"CargoM\",\"description\":\"La mission de CargoM: Rassembler les acteurs de la logistique &amp; du transport de marchandises du Grand Montr\u00e9al autour d&#039;objectifs communs, d&#039;actions concert\u00e9es\",\"potentialAction\":[{\"@type\":\"SearchAction\",\"target\":{\"@type\":\"EntryPoint\",\"urlTemplate\":\"https:\\\/\\\/www.cargo-montreal.ca\\\/fr\\\/?s={search_term_string}\"},\"query-input\":{\"@type\":\"PropertyValueSpecification\",\"valueRequired\":true,\"valueName\":\"search_term_string\"}}],\"inLanguage\":\"fr-FR\"},{\"@type\":\"Person\",\"@id\":\"https:\\\/\\\/www.cargo-montreal.ca\\\/fr\\\/#\\\/schema\\\/person\\\/80476d173ce654813db9fd1533901365\",\"name\":\"Karine Dudognon\",\"image\":{\"@type\":\"ImageObject\",\"inLanguage\":\"fr-FR\",\"@id\":\"https:\\\/\\\/secure.gravatar.com\\\/avatar\\\/673bdfb703a9b6685a88bc7dfb04a9ea2b48b30e9d1663a5e759a4e9bfa3e2c0?s=96&d=mm&r=g\",\"url\":\"https:\\\/\\\/secure.gravatar.com\\\/avatar\\\/673bdfb703a9b6685a88bc7dfb04a9ea2b48b30e9d1663a5e759a4e9bfa3e2c0?s=96&d=mm&r=g\",\"contentUrl\":\"https:\\\/\\\/secure.gravatar.com\\\/avatar\\\/673bdfb703a9b6685a88bc7dfb04a9ea2b48b30e9d1663a5e759a4e9bfa3e2c0?s=96&d=mm&r=g\",\"caption\":\"Karine Dudognon\"},\"url\":\"https:\\\/\\\/www.cargo-montreal.ca\\\/fr\\\/author\\\/karine\\\/\"}]}<\/script>\n<!-- \/ Yoast SEO plugin. -->","yoast_head_json":{"title":"Lancement de la 3e phase de l\u2019outil \u2013 Inventaire d\u2019espaces d\u2019entreposage - CargoM","robots":{"index":"index","follow":"follow","max-snippet":"max-snippet:-1","max-image-preview":"max-image-preview:large","max-video-preview":"max-video-preview:-1"},"canonical":"https:\/\/www.cargo-montreal.ca\/fr\/lancement-de-la-3e-phase-de-loutil-inventaire-despaces-dentreposage\/","og_locale":"fr_FR","og_type":"article","og_title":"Lancement de la 3e phase de l\u2019outil \u2013 Inventaire d\u2019espaces d\u2019entreposage - CargoM","og_description":"CargoM lancera, le 31 mars prochain, une version am\u00e9lior\u00e9e de son outil\u00a0\u2013 Inventaire d&rsquo;espaces d\u2019entreposage. Cet outil innovant fut d\u00e9velopp\u00e9 afin de faciliter la mise en relation entre les entreprises disposant d\u2019espaces d\u2019entreposage et celles qui en recherche. Cet inventaire permet d\u2019optimiser l\u2019utilisation des infrastructures existantes tout en contribuant \u00e0 la comp\u00e9titivit\u00e9 et \u00e0 la [&hellip;]","og_url":"https:\/\/www.cargo-montreal.ca\/fr\/lancement-de-la-3e-phase-de-loutil-inventaire-despaces-dentreposage\/","og_site_name":"CargoM","article_published_time":"2025-03-28T12:50:58+00:00","og_image":[{"width":1107,"height":1496,"url":"https:\/\/www.cargo-montreal.ca\/wp-content\/uploads\/2025\/03\/Image-outil-2.png","type":"image\/png"}],"author":"Karine Dudognon","twitter_card":"summary_large_image","twitter_misc":{"\u00c9crit par":"Karine Dudognon","Dur\u00e9e de lecture estim\u00e9e":"1 minute"},"schema":{"@context":"https:\/\/schema.org","@graph":[{"@type":"Article","@id":"https:\/\/www.cargo-montreal.ca\/fr\/lancement-de-la-3e-phase-de-loutil-inventaire-despaces-dentreposage\/#article","isPartOf":{"@id":"https:\/\/www.cargo-montreal.ca\/fr\/lancement-de-la-3e-phase-de-loutil-inventaire-despaces-dentreposage\/"},"author":{"name":"Karine Dudognon","@id":"https:\/\/www.cargo-montreal.ca\/fr\/#\/schema\/person\/80476d173ce654813db9fd1533901365"},"headline":"Lancement de la 3e phase de l\u2019outil \u2013 Inventaire d\u2019espaces d\u2019entreposage","datePublished":"2025-03-28T12:50:58+00:00","mainEntityOfPage":{"@id":"https:\/\/www.cargo-montreal.ca\/fr\/lancement-de-la-3e-phase-de-loutil-inventaire-despaces-dentreposage\/"},"wordCount":170,"image":{"@id":"https:\/\/www.cargo-montreal.ca\/fr\/lancement-de-la-3e-phase-de-loutil-inventaire-despaces-dentreposage\/#primaryimage"},"thumbnailUrl":"https:\/\/www.cargo-montreal.ca\/wp-content\/uploads\/2025\/03\/Image-outil-2.png","articleSection":["Services logistiques"],"inLanguage":"fr-FR"},{"@type":"WebPage","@id":"https:\/\/www.cargo-montreal.ca\/fr\/lancement-de-la-3e-phase-de-loutil-inventaire-despaces-dentreposage\/","url":"https:\/\/www.cargo-montreal.ca\/fr\/lancement-de-la-3e-phase-de-loutil-inventaire-despaces-dentreposage\/","name":"Lancement de la 3e phase de l\u2019outil \u2013 Inventaire d\u2019espaces d\u2019entreposage - CargoM","isPartOf":{"@id":"https:\/\/www.cargo-montreal.ca\/fr\/#website"},"primaryImageOfPage":{"@id":"https:\/\/www.cargo-montreal.ca\/fr\/lancement-de-la-3e-phase-de-loutil-inventaire-despaces-dentreposage\/#primaryimage"},"image":{"@id":"https:\/\/www.cargo-montreal.ca\/fr\/lancement-de-la-3e-phase-de-loutil-inventaire-despaces-dentreposage\/#primaryimage"},"thumbnailUrl":"https:\/\/www.cargo-montreal.ca\/wp-content\/uploads\/2025\/03\/Image-outil-2.png","datePublished":"2025-03-28T12:50:58+00:00","author":{"@id":"https:\/\/www.cargo-montreal.ca\/fr\/#\/schema\/person\/80476d173ce654813db9fd1533901365"},"breadcrumb":{"@id":"https:\/\/www.cargo-montreal.ca\/fr\/lancement-de-la-3e-phase-de-loutil-inventaire-despaces-dentreposage\/#breadcrumb"},"inLanguage":"fr-FR","potentialAction":[{"@type":"ReadAction","target":["https:\/\/www.cargo-montreal.ca\/fr\/lancement-de-la-3e-phase-de-loutil-inventaire-despaces-dentreposage\/"]}]},{"@type":"ImageObject","inLanguage":"fr-FR","@id":"https:\/\/www.cargo-montreal.ca\/fr\/lancement-de-la-3e-phase-de-loutil-inventaire-despaces-dentreposage\/#primaryimage","url":"https:\/\/www.cargo-montreal.ca\/wp-content\/uploads\/2025\/03\/Image-outil-2.png","contentUrl":"https:\/\/www.cargo-montreal.ca\/wp-content\/uploads\/2025\/03\/Image-outil-2.png","width":1107,"height":1496},{"@type":"BreadcrumbList","@id":"https:\/\/www.cargo-montreal.ca\/fr\/lancement-de-la-3e-phase-de-loutil-inventaire-despaces-dentreposage\/#breadcrumb","itemListElement":[{"@type":"ListItem","position":1,"name":"Home","item":"https:\/\/www.cargo-montreal.ca\/fr\/"},{"@type":"ListItem","position":2,"name":"Lancement de la 3e phase de l\u2019outil \u2013 Inventaire d\u2019espaces d\u2019entreposage"}]},{"@type":"WebSite","@id":"https:\/\/www.cargo-montreal.ca\/fr\/#website","url":"https:\/\/www.cargo-montreal.ca\/fr\/","name":"CargoM","description":"La mission de CargoM: Rassembler les acteurs de la logistique &amp; du transport de marchandises du Grand Montr\u00e9al autour d&#039;objectifs communs, d&#039;actions concert\u00e9es","potentialAction":[{"@type":"SearchAction","target":{"@type":"EntryPoint","urlTemplate":"https:\/\/www.cargo-montreal.ca\/fr\/?s={search_term_string}"},"query-input":{"@type":"PropertyValueSpecification","valueRequired":true,"valueName":"search_term_string"}}],"inLanguage":"fr-FR"},{"@type":"Person","@id":"https:\/\/www.cargo-montreal.ca\/fr\/#\/schema\/person\/80476d173ce654813db9fd1533901365","name":"Karine Dudognon","image":{"@type":"ImageObject","inLanguage":"fr-FR","@id":"https:\/\/secure.gravatar.com\/avatar\/673bdfb703a9b6685a88bc7dfb04a9ea2b48b30e9d1663a5e759a4e9bfa3e2c0?s=96&d=mm&r=g","url":"https:\/\/secure.gravatar.com\/avatar\/673bdfb703a9b6685a88bc7dfb04a9ea2b48b30e9d1663a5e759a4e9bfa3e2c0?s=96&d=mm&r=g","contentUrl":"https:\/\/secure.gravatar.com\/avatar\/673bdfb703a9b6685a88bc7dfb04a9ea2b48b30e9d1663a5e759a4e9bfa3e2c0?s=96&d=mm&r=g","caption":"Karine Dudognon"},"url":"https:\/\/www.cargo-montreal.ca\/fr\/author\/karine\/"}]}},"_links":{"self":[{"href":"https:\/\/www.cargo-montreal.ca\/fr\/wp-json\/wp\/v2\/posts\/18146","targetHints":{"allow":["GET"]}}],"collection":[{"href":"https:\/\/www.cargo-montreal.ca\/fr\/wp-json\/wp\/v2\/posts"}],"about":[{"href":"https:\/\/www.cargo-montreal.ca\/fr\/wp-json\/wp\/v2\/types\/post"}],"author":[{"embeddable":true,"href":"https:\/\/www.cargo-montreal.ca\/fr\/wp-json\/wp\/v2\/users\/39"}],"replies":[{"embeddable":true,"href":"https:\/\/www.cargo-montreal.ca\/fr\/wp-json\/wp\/v2\/comments?post=18146"}],"version-history":[{"count":1,"href":"https:\/\/www.cargo-montreal.ca\/fr\/wp-json\/wp\/v2\/posts\/18146\/revisions"}],"predecessor-version":[{"id":18175,"href":"https:\/\/www.cargo-montreal.ca\/fr\/wp-json\/wp\/v2\/posts\/18146\/revisions\/18175"}],"wp:featuredmedia":[{"embeddable":true,"href":"https:\/\/www.cargo-montreal.ca\/fr\/wp-json\/wp\/v2\/media\/18161"}],"wp:attachment":[{"href":"https:\/\/www.cargo-montreal.ca\/fr\/wp-json\/wp\/v2\/media?parent=18146"}],"wp:term":[{"taxonomy":"category","embeddable":true,"href":"https:\/\/www.cargo-montreal.ca\/fr\/wp-json\/wp\/v2\/categories?post=18146"},{"taxonomy":"post_tag","embeddable":true,"href":"https:\/\/www.cargo-montreal.ca\/fr\/wp-json\/wp\/v2\/tags?post=18146"}],"curies":[{"name":"wp","href":"https:\/\/api.w.org\/{rel}","templated":true}]}}