{"id":18176,"date":"2025-03-28T12:52:10","date_gmt":"2025-03-28T12:52:10","guid":{"rendered":"https:\/\/www.cargo-montreal.ca\/?p=18176"},"modified":"2025-03-28T12:52:10","modified_gmt":"2025-03-28T12:52:10","slug":"cargom-partenaire-du-colloque-transport-4-0-lere-du-numerique-a-grande-vitesse","status":"publish","type":"post","link":"https:\/\/www.cargo-montreal.ca\/fr\/cargom-partenaire-du-colloque-transport-4-0-lere-du-numerique-a-grande-vitesse\/","title":{"rendered":"CargoM partenaire du colloque Transport 4.0 : l&rsquo;\u00c8re du num\u00e9rique \u00e0 grande vitesse"},"content":{"rendered":"<p>Organis\u00e9 par\u00a0<a href=\"https:\/\/innovlog.ca\/?utm_source=hs_email&amp;utm_medium=email&amp;utm_content=353895275&amp;_hsenc=p2ANqtz--NvhNHg5WSLj2iZ4LX84YvbM_R4STYLGptZPy_YG5y9nqIoNOdUqmASjqDWawtZA7sKnHB8KslNe0IyPVMOPHAGTHirA\" target=\"_blank\" rel=\"noopener\" data-hs-link-id=\"0\">InnovLOG<\/a>, ce colloque se veut une journ\u00e9e immersive o\u00f9 \u00a0expert\u00b7e\u00b7s, innovations et cas concrets se rencontrent. Venez d\u00e9couvrir comment acc\u00e9l\u00e9rer votre transformation num\u00e9rique, optimiser vos op\u00e9rations et rester comp\u00e9titif dans un march\u00e9 en pleine mutation.<\/p>\r\n<p>En tant que partenaire de l&rsquo;\u00e9v\u00e9nement,\u00a0CargoM offre \u00e0 ses membres un rabais de 25% sur votre inscription.<\/p>\r\n<div id=\"section_1742590627653\" class=\"hse-section\">\r\n<div class=\"hse-column-container hse-border hse-border-m\">\r\n<div id=\"column_1742590627653_0\" class=\"hse-column hse-size-12\">\r\n<table role=\"presentation\" width=\"100%\" cellspacing=\"0\" cellpadding=\"0\">\r\n<tbody>\r\n<tr>\r\n<td class=\"hs_padded\">\r\n<div id=\"hs_cos_wrapper_module_17425906439828\" class=\"hs_cos_wrapper hs_cos_wrapper_widget hs_cos_wrapper_type_module\" data-hs-cos-general-type=\"widget\" data-hs-cos-type=\"module\">\r\n<div id=\"hs_cos_wrapper_module_17425906439828_\" class=\"hs_cos_wrapper hs_cos_wrapper_widget hs_cos_wrapper_type_rich_text\" data-hs-cos-general-type=\"widget\" data-hs-cos-type=\"rich_text\">\r\n<p align=\"justify\">Vous n\u2019avez qu\u2019\u00e0 inscrire le code promotionnel suivant : CARGOM-25. Ce code peut \u00eatre utilis\u00e9 pour un billet en pr\u00e9sentiel ou un billet en ligne.<\/p>\r\n<p align=\"justify\">Une programmation du tonnerre vous attend! Plusieurs intervenant\u00b7e\u00b7s de notre secteur seront pr\u00e9sent\u00b7e\u00b7s pour discuter d\u2019enjeux majeurs, notamment de tendances \u00e9conomiques, de mobilit\u00e9 connect\u00e9e et durable, de transition num\u00e9rique, de donn\u00e9es et d\u2019IA.<\/p>\r\n<\/div>\r\n<\/div>\r\n<\/td>\r\n<\/tr>\r\n<\/tbody>\r\n<\/table>\r\n<\/div>\r\n<\/div>\r\n<\/div>\r\n<div id=\"section_1742590803432\" class=\"hse-section\">\r\n<div class=\"hse-column-container hse-border hse-border-m\">\r\n<div id=\"column_1742590803432_0\" class=\"hse-column hse-size-6\">\r\n<table role=\"presentation\" width=\"100%\" cellspacing=\"0\" cellpadding=\"0\">\r\n<tbody>\r\n<tr>\r\n<td class=\"hs_padded\">\r\n<div id=\"hs_cos_wrapper_module_17425908285629\" class=\"hs_cos_wrapper hs_cos_wrapper_widget hs_cos_wrapper_type_module\" data-hs-cos-general-type=\"widget\" data-hs-cos-type=\"module\">\r\n<div id=\"hs_cos_wrapper_module_17425908285629_\" class=\"hs_cos_wrapper hs_cos_wrapper_widget hs_cos_wrapper_type_rich_text\" data-hs-cos-general-type=\"widget\" data-hs-cos-type=\"rich_text\">\r\n<p align=\"justify\">En \u2795 des conf\u00e9rences et panels :<\/p>\r\n<p align=\"justify\">\u25b6\ufe0f Ateliers de d\u00e9monstration<\/p>\r\n<p align=\"justify\">\u25b6\ufe0f Espaces kiosque<\/p>\r\n<p align=\"justify\">\u25b6\ufe0f D\u00eener et cocktail r\u00e9seautage<\/p>\r\n<\/div>\r\n<\/div>\r\n<\/td>\r\n<\/tr>\r\n<\/tbody>\r\n<\/table>\r\n<\/div>\r\n<div id=\"column_1742590803432_1\" class=\"hse-column hse-size-6\">\r\n<table role=\"presentation\" width=\"100%\" cellspacing=\"0\" cellpadding=\"0\">\r\n<tbody>\r\n<tr>\r\n<td class=\"hs_padded\">\r\n<div id=\"hs_cos_wrapper_module_174259087981810\" class=\"hs_cos_wrapper hs_cos_wrapper_widget hs_cos_wrapper_type_module\" data-hs-cos-general-type=\"widget\" data-hs-cos-type=\"module\">\r\n<div id=\"hs_cos_wrapper_module_174259087981810_\" class=\"hs_cos_wrapper hs_cos_wrapper_widget hs_cos_wrapper_type_rich_text\" data-hs-cos-general-type=\"widget\" data-hs-cos-type=\"rich_text\">\r\n<p align=\"justify\">\ud83d\udc49\u00a0<a href=\"https:\/\/colloquelti3.zohobackstage.ca\/ColloqueLogistiqueTransport?utm_source=hs_email&amp;utm_medium=email&amp;utm_content=353895275&amp;_hsenc=p2ANqtz--NvhNHg5WSLj2iZ4LX84YvbM_R4STYLGptZPy_YG5y9nqIoNOdUqmASjqDWawtZA7sKnHB8KslNe0IyPVMOPHAGTHirA#\/programme?day=1&amp;lang=fr\" target=\"_blank\" rel=\"noopener\" data-hs-link-id=\"0\">En savoir plus sur le programme<\/a><\/p>\r\n<p align=\"justify\">\ud83d\udc49\u00a0<a href=\"https:\/\/colloquelti3.zohobackstage.ca\/ColloqueLogistiqueTransport?utm_source=hs_email&amp;utm_medium=email&amp;utm_content=353895275&amp;_hsenc=p2ANqtz--NvhNHg5WSLj2iZ4LX84YvbM_R4STYLGptZPy_YG5y9nqIoNOdUqmASjqDWawtZA7sKnHB8KslNe0IyPVMOPHAGTHirA\" target=\"_blank\" rel=\"noopener\" data-hs-link-id=\"1\">R\u00e9servez votre place<\/a><\/p>\r\n<\/div>\r\n<\/div>\r\n<\/td>\r\n<\/tr>\r\n<\/tbody>\r\n<\/table>\r\n<\/div>\r\n<\/div>\r\n<\/div>\r\n<div id=\"section_1742590933348\" class=\"hse-section\">\r\n<div class=\"hse-column-container hse-border hse-border-m\">\r\n<div id=\"column_1742590933348_0\" class=\"hse-column hse-size-12\">\r\n<table role=\"presentation\" width=\"100%\" cellspacing=\"0\" cellpadding=\"0\">\r\n<tbody>\r\n<tr>\r\n<td class=\"hs_padded\">\r\n<div id=\"hs_cos_wrapper_module_174259096766111\" class=\"hs_cos_wrapper hs_cos_wrapper_widget hs_cos_wrapper_type_module\" data-hs-cos-general-type=\"widget\" data-hs-cos-type=\"module\">\r\n<div id=\"hs_cos_wrapper_module_174259096766111_\" class=\"hs_cos_wrapper hs_cos_wrapper_widget hs_cos_wrapper_type_rich_text\" data-hs-cos-general-type=\"widget\" data-hs-cos-type=\"rich_text\">\r\n<p><strong>\ud83d\udcc5 Date :<\/strong>\u00a016 avril 2025<br \/>\r\n<strong>\ud83d\udccdLieu :<\/strong>\u00a0<a href=\"https:\/\/www.crim.ca\/fr\/contact\/?utm_source=hs_email&amp;utm_medium=email&amp;utm_content=353895275&amp;_hsenc=p2ANqtz--NvhNHg5WSLj2iZ4LX84YvbM_R4STYLGptZPy_YG5y9nqIoNOdUqmASjqDWawtZA7sKnHB8KslNe0IyPVMOPHAGTHirA\" target=\"_blank\" rel=\"noopener\" data-hs-link-id=\"0\">CRIM<\/a><\/p>\r\n<p align=\"justify\">Au plaisir de discuter avec vous au kiosque de CargoM!<\/p>\r\n<\/div>\r\n<\/div>\r\n<\/td>\r\n<\/tr>\r\n<\/tbody>\r\n<\/table>\r\n<\/div>\r\n<\/div>\r\n<\/div>","protected":false},"excerpt":{"rendered":"Organis\u00e9 par\u00a0InnovLOG, ce colloque se veut une journ\u00e9e immersive o\u00f9 \u00a0expert\u00b7e\u00b7s, innovations et cas concrets se rencontrent. Venez d\u00e9couvrir comment acc\u00e9l\u00e9rer votre transformation num\u00e9rique, optimiser vos op\u00e9rations et rester comp\u00e9titif dans un march\u00e9 en pleine mutation. En tant que partenaire de l&rsquo;\u00e9v\u00e9nement,\u00a0CargoM offre \u00e0 ses membres un rabais de 25% sur votre inscription. Vous n\u2019avez [&hellip;]","protected":false},"author":39,"featured_media":18163,"comment_status":"closed","ping_status":"closed","sticky":false,"template":"","format":"standard","meta":{"_acf_changed":false,"footnotes":""},"categories":[20],"tags":[],"class_list":["post-18176","post","type-post","status-publish","format-standard","has-post-thumbnail","hentry","category-services-logistiques"],"acf":[],"yoast_head":"<!-- This site is optimized with the Yoast SEO plugin v27.3 - https:\/\/yoast.com\/product\/yoast-seo-wordpress\/ -->\n<title>CargoM partenaire du colloque Transport 4.0 : l&#039;\u00c8re du num\u00e9rique \u00e0 grande vitesse - CargoM<\/title>\n<meta name=\"robots\" content=\"index, follow, max-snippet:-1, max-image-preview:large, max-video-preview:-1\" \/>\n<link rel=\"canonical\" href=\"https:\/\/www.cargo-montreal.ca\/fr\/cargom-partenaire-du-colloque-transport-4-0-lere-du-numerique-a-grande-vitesse\/\" \/>\n<meta property=\"og:locale\" content=\"fr_FR\" \/>\n<meta property=\"og:type\" content=\"article\" \/>\n<meta property=\"og:title\" content=\"CargoM partenaire du colloque Transport 4.0 : l&#039;\u00c8re du num\u00e9rique \u00e0 grande vitesse - CargoM\" \/>\n<meta property=\"og:description\" content=\"Organis\u00e9 par\u00a0InnovLOG, ce colloque se veut une journ\u00e9e immersive o\u00f9 \u00a0expert\u00b7e\u00b7s, innovations et cas concrets se rencontrent. Venez d\u00e9couvrir comment acc\u00e9l\u00e9rer votre transformation num\u00e9rique, optimiser vos op\u00e9rations et rester comp\u00e9titif dans un march\u00e9 en pleine mutation. En tant que partenaire de l&rsquo;\u00e9v\u00e9nement,\u00a0CargoM offre \u00e0 ses membres un rabais de 25% sur votre inscription. Vous n\u2019avez [&hellip;]\" \/>\n<meta property=\"og:url\" content=\"https:\/\/www.cargo-montreal.ca\/fr\/cargom-partenaire-du-colloque-transport-4-0-lere-du-numerique-a-grande-vitesse\/\" \/>\n<meta property=\"og:site_name\" content=\"CargoM\" \/>\n<meta property=\"article:published_time\" content=\"2025-03-28T12:52:10+00:00\" \/>\n<meta property=\"og:image\" content=\"https:\/\/www.cargo-montreal.ca\/wp-content\/uploads\/2025\/03\/InnovLOG-16-avril.jpg\" \/>\n\t<meta property=\"og:image:width\" content=\"1489\" \/>\n\t<meta property=\"og:image:height\" content=\"729\" \/>\n\t<meta property=\"og:image:type\" content=\"image\/jpeg\" \/>\n<meta name=\"author\" content=\"Karine Dudognon\" \/>\n<meta name=\"twitter:card\" content=\"summary_large_image\" \/>\n<meta name=\"twitter:label1\" content=\"\u00c9crit par\" \/>\n\t<meta name=\"twitter:data1\" content=\"Karine Dudognon\" \/>\n\t<meta name=\"twitter:label2\" content=\"Dur\u00e9e de lecture estim\u00e9e\" \/>\n\t<meta name=\"twitter:data2\" content=\"1 minute\" \/>\n<script type=\"application\/ld+json\" class=\"yoast-schema-graph\">{\"@context\":\"https:\\\/\\\/schema.org\",\"@graph\":[{\"@type\":\"Article\",\"@id\":\"https:\\\/\\\/www.cargo-montreal.ca\\\/fr\\\/cargom-partenaire-du-colloque-transport-4-0-lere-du-numerique-a-grande-vitesse\\\/#article\",\"isPartOf\":{\"@id\":\"https:\\\/\\\/www.cargo-montreal.ca\\\/fr\\\/cargom-partenaire-du-colloque-transport-4-0-lere-du-numerique-a-grande-vitesse\\\/\"},\"author\":{\"name\":\"Karine Dudognon\",\"@id\":\"https:\\\/\\\/www.cargo-montreal.ca\\\/fr\\\/#\\\/schema\\\/person\\\/80476d173ce654813db9fd1533901365\"},\"headline\":\"CargoM partenaire du colloque Transport 4.0 : l&rsquo;\u00c8re du num\u00e9rique \u00e0 grande vitesse\",\"datePublished\":\"2025-03-28T12:52:10+00:00\",\"mainEntityOfPage\":{\"@id\":\"https:\\\/\\\/www.cargo-montreal.ca\\\/fr\\\/cargom-partenaire-du-colloque-transport-4-0-lere-du-numerique-a-grande-vitesse\\\/\"},\"wordCount\":187,\"image\":{\"@id\":\"https:\\\/\\\/www.cargo-montreal.ca\\\/fr\\\/cargom-partenaire-du-colloque-transport-4-0-lere-du-numerique-a-grande-vitesse\\\/#primaryimage\"},\"thumbnailUrl\":\"https:\\\/\\\/www.cargo-montreal.ca\\\/wp-content\\\/uploads\\\/2025\\\/03\\\/InnovLOG-16-avril.jpg\",\"articleSection\":[\"Services logistiques\"],\"inLanguage\":\"fr-FR\"},{\"@type\":\"WebPage\",\"@id\":\"https:\\\/\\\/www.cargo-montreal.ca\\\/fr\\\/cargom-partenaire-du-colloque-transport-4-0-lere-du-numerique-a-grande-vitesse\\\/\",\"url\":\"https:\\\/\\\/www.cargo-montreal.ca\\\/fr\\\/cargom-partenaire-du-colloque-transport-4-0-lere-du-numerique-a-grande-vitesse\\\/\",\"name\":\"CargoM partenaire du colloque Transport 4.0 : l'\u00c8re du num\u00e9rique \u00e0 grande vitesse - CargoM\",\"isPartOf\":{\"@id\":\"https:\\\/\\\/www.cargo-montreal.ca\\\/fr\\\/#website\"},\"primaryImageOfPage\":{\"@id\":\"https:\\\/\\\/www.cargo-montreal.ca\\\/fr\\\/cargom-partenaire-du-colloque-transport-4-0-lere-du-numerique-a-grande-vitesse\\\/#primaryimage\"},\"image\":{\"@id\":\"https:\\\/\\\/www.cargo-montreal.ca\\\/fr\\\/cargom-partenaire-du-colloque-transport-4-0-lere-du-numerique-a-grande-vitesse\\\/#primaryimage\"},\"thumbnailUrl\":\"https:\\\/\\\/www.cargo-montreal.ca\\\/wp-content\\\/uploads\\\/2025\\\/03\\\/InnovLOG-16-avril.jpg\",\"datePublished\":\"2025-03-28T12:52:10+00:00\",\"author\":{\"@id\":\"https:\\\/\\\/www.cargo-montreal.ca\\\/fr\\\/#\\\/schema\\\/person\\\/80476d173ce654813db9fd1533901365\"},\"breadcrumb\":{\"@id\":\"https:\\\/\\\/www.cargo-montreal.ca\\\/fr\\\/cargom-partenaire-du-colloque-transport-4-0-lere-du-numerique-a-grande-vitesse\\\/#breadcrumb\"},\"inLanguage\":\"fr-FR\",\"potentialAction\":[{\"@type\":\"ReadAction\",\"target\":[\"https:\\\/\\\/www.cargo-montreal.ca\\\/fr\\\/cargom-partenaire-du-colloque-transport-4-0-lere-du-numerique-a-grande-vitesse\\\/\"]}]},{\"@type\":\"ImageObject\",\"inLanguage\":\"fr-FR\",\"@id\":\"https:\\\/\\\/www.cargo-montreal.ca\\\/fr\\\/cargom-partenaire-du-colloque-transport-4-0-lere-du-numerique-a-grande-vitesse\\\/#primaryimage\",\"url\":\"https:\\\/\\\/www.cargo-montreal.ca\\\/wp-content\\\/uploads\\\/2025\\\/03\\\/InnovLOG-16-avril.jpg\",\"contentUrl\":\"https:\\\/\\\/www.cargo-montreal.ca\\\/wp-content\\\/uploads\\\/2025\\\/03\\\/InnovLOG-16-avril.jpg\",\"width\":1489,\"height\":729},{\"@type\":\"BreadcrumbList\",\"@id\":\"https:\\\/\\\/www.cargo-montreal.ca\\\/fr\\\/cargom-partenaire-du-colloque-transport-4-0-lere-du-numerique-a-grande-vitesse\\\/#breadcrumb\",\"itemListElement\":[{\"@type\":\"ListItem\",\"position\":1,\"name\":\"Home\",\"item\":\"https:\\\/\\\/www.cargo-montreal.ca\\\/fr\\\/\"},{\"@type\":\"ListItem\",\"position\":2,\"name\":\"CargoM partenaire du colloque Transport 4.0 : l&#8217;\u00c8re du num\u00e9rique \u00e0 grande vitesse\"}]},{\"@type\":\"WebSite\",\"@id\":\"https:\\\/\\\/www.cargo-montreal.ca\\\/fr\\\/#website\",\"url\":\"https:\\\/\\\/www.cargo-montreal.ca\\\/fr\\\/\",\"name\":\"CargoM\",\"description\":\"La mission de CargoM: Rassembler les acteurs de la logistique &amp; du transport de marchandises du Grand Montr\u00e9al autour d&#039;objectifs communs, d&#039;actions concert\u00e9es\",\"potentialAction\":[{\"@type\":\"SearchAction\",\"target\":{\"@type\":\"EntryPoint\",\"urlTemplate\":\"https:\\\/\\\/www.cargo-montreal.ca\\\/fr\\\/?s={search_term_string}\"},\"query-input\":{\"@type\":\"PropertyValueSpecification\",\"valueRequired\":true,\"valueName\":\"search_term_string\"}}],\"inLanguage\":\"fr-FR\"},{\"@type\":\"Person\",\"@id\":\"https:\\\/\\\/www.cargo-montreal.ca\\\/fr\\\/#\\\/schema\\\/person\\\/80476d173ce654813db9fd1533901365\",\"name\":\"Karine Dudognon\",\"image\":{\"@type\":\"ImageObject\",\"inLanguage\":\"fr-FR\",\"@id\":\"https:\\\/\\\/secure.gravatar.com\\\/avatar\\\/673bdfb703a9b6685a88bc7dfb04a9ea2b48b30e9d1663a5e759a4e9bfa3e2c0?s=96&d=mm&r=g\",\"url\":\"https:\\\/\\\/secure.gravatar.com\\\/avatar\\\/673bdfb703a9b6685a88bc7dfb04a9ea2b48b30e9d1663a5e759a4e9bfa3e2c0?s=96&d=mm&r=g\",\"contentUrl\":\"https:\\\/\\\/secure.gravatar.com\\\/avatar\\\/673bdfb703a9b6685a88bc7dfb04a9ea2b48b30e9d1663a5e759a4e9bfa3e2c0?s=96&d=mm&r=g\",\"caption\":\"Karine Dudognon\"},\"url\":\"https:\\\/\\\/www.cargo-montreal.ca\\\/fr\\\/author\\\/karine\\\/\"}]}<\/script>\n<!-- \/ Yoast SEO plugin. -->","yoast_head_json":{"title":"CargoM partenaire du colloque Transport 4.0 : l'\u00c8re du num\u00e9rique \u00e0 grande vitesse - CargoM","robots":{"index":"index","follow":"follow","max-snippet":"max-snippet:-1","max-image-preview":"max-image-preview:large","max-video-preview":"max-video-preview:-1"},"canonical":"https:\/\/www.cargo-montreal.ca\/fr\/cargom-partenaire-du-colloque-transport-4-0-lere-du-numerique-a-grande-vitesse\/","og_locale":"fr_FR","og_type":"article","og_title":"CargoM partenaire du colloque Transport 4.0 : l'\u00c8re du num\u00e9rique \u00e0 grande vitesse - CargoM","og_description":"Organis\u00e9 par\u00a0InnovLOG, ce colloque se veut une journ\u00e9e immersive o\u00f9 \u00a0expert\u00b7e\u00b7s, innovations et cas concrets se rencontrent. Venez d\u00e9couvrir comment acc\u00e9l\u00e9rer votre transformation num\u00e9rique, optimiser vos op\u00e9rations et rester comp\u00e9titif dans un march\u00e9 en pleine mutation. En tant que partenaire de l&rsquo;\u00e9v\u00e9nement,\u00a0CargoM offre \u00e0 ses membres un rabais de 25% sur votre inscription. Vous n\u2019avez [&hellip;]","og_url":"https:\/\/www.cargo-montreal.ca\/fr\/cargom-partenaire-du-colloque-transport-4-0-lere-du-numerique-a-grande-vitesse\/","og_site_name":"CargoM","article_published_time":"2025-03-28T12:52:10+00:00","og_image":[{"width":1489,"height":729,"url":"https:\/\/www.cargo-montreal.ca\/wp-content\/uploads\/2025\/03\/InnovLOG-16-avril.jpg","type":"image\/jpeg"}],"author":"Karine Dudognon","twitter_card":"summary_large_image","twitter_misc":{"\u00c9crit par":"Karine Dudognon","Dur\u00e9e de lecture estim\u00e9e":"1 minute"},"schema":{"@context":"https:\/\/schema.org","@graph":[{"@type":"Article","@id":"https:\/\/www.cargo-montreal.ca\/fr\/cargom-partenaire-du-colloque-transport-4-0-lere-du-numerique-a-grande-vitesse\/#article","isPartOf":{"@id":"https:\/\/www.cargo-montreal.ca\/fr\/cargom-partenaire-du-colloque-transport-4-0-lere-du-numerique-a-grande-vitesse\/"},"author":{"name":"Karine Dudognon","@id":"https:\/\/www.cargo-montreal.ca\/fr\/#\/schema\/person\/80476d173ce654813db9fd1533901365"},"headline":"CargoM partenaire du colloque Transport 4.0 : l&rsquo;\u00c8re du num\u00e9rique \u00e0 grande vitesse","datePublished":"2025-03-28T12:52:10+00:00","mainEntityOfPage":{"@id":"https:\/\/www.cargo-montreal.ca\/fr\/cargom-partenaire-du-colloque-transport-4-0-lere-du-numerique-a-grande-vitesse\/"},"wordCount":187,"image":{"@id":"https:\/\/www.cargo-montreal.ca\/fr\/cargom-partenaire-du-colloque-transport-4-0-lere-du-numerique-a-grande-vitesse\/#primaryimage"},"thumbnailUrl":"https:\/\/www.cargo-montreal.ca\/wp-content\/uploads\/2025\/03\/InnovLOG-16-avril.jpg","articleSection":["Services logistiques"],"inLanguage":"fr-FR"},{"@type":"WebPage","@id":"https:\/\/www.cargo-montreal.ca\/fr\/cargom-partenaire-du-colloque-transport-4-0-lere-du-numerique-a-grande-vitesse\/","url":"https:\/\/www.cargo-montreal.ca\/fr\/cargom-partenaire-du-colloque-transport-4-0-lere-du-numerique-a-grande-vitesse\/","name":"CargoM partenaire du colloque Transport 4.0 : l'\u00c8re du num\u00e9rique \u00e0 grande vitesse - CargoM","isPartOf":{"@id":"https:\/\/www.cargo-montreal.ca\/fr\/#website"},"primaryImageOfPage":{"@id":"https:\/\/www.cargo-montreal.ca\/fr\/cargom-partenaire-du-colloque-transport-4-0-lere-du-numerique-a-grande-vitesse\/#primaryimage"},"image":{"@id":"https:\/\/www.cargo-montreal.ca\/fr\/cargom-partenaire-du-colloque-transport-4-0-lere-du-numerique-a-grande-vitesse\/#primaryimage"},"thumbnailUrl":"https:\/\/www.cargo-montreal.ca\/wp-content\/uploads\/2025\/03\/InnovLOG-16-avril.jpg","datePublished":"2025-03-28T12:52:10+00:00","author":{"@id":"https:\/\/www.cargo-montreal.ca\/fr\/#\/schema\/person\/80476d173ce654813db9fd1533901365"},"breadcrumb":{"@id":"https:\/\/www.cargo-montreal.ca\/fr\/cargom-partenaire-du-colloque-transport-4-0-lere-du-numerique-a-grande-vitesse\/#breadcrumb"},"inLanguage":"fr-FR","potentialAction":[{"@type":"ReadAction","target":["https:\/\/www.cargo-montreal.ca\/fr\/cargom-partenaire-du-colloque-transport-4-0-lere-du-numerique-a-grande-vitesse\/"]}]},{"@type":"ImageObject","inLanguage":"fr-FR","@id":"https:\/\/www.cargo-montreal.ca\/fr\/cargom-partenaire-du-colloque-transport-4-0-lere-du-numerique-a-grande-vitesse\/#primaryimage","url":"https:\/\/www.cargo-montreal.ca\/wp-content\/uploads\/2025\/03\/InnovLOG-16-avril.jpg","contentUrl":"https:\/\/www.cargo-montreal.ca\/wp-content\/uploads\/2025\/03\/InnovLOG-16-avril.jpg","width":1489,"height":729},{"@type":"BreadcrumbList","@id":"https:\/\/www.cargo-montreal.ca\/fr\/cargom-partenaire-du-colloque-transport-4-0-lere-du-numerique-a-grande-vitesse\/#breadcrumb","itemListElement":[{"@type":"ListItem","position":1,"name":"Home","item":"https:\/\/www.cargo-montreal.ca\/fr\/"},{"@type":"ListItem","position":2,"name":"CargoM partenaire du colloque Transport 4.0 : l&#8217;\u00c8re du num\u00e9rique \u00e0 grande vitesse"}]},{"@type":"WebSite","@id":"https:\/\/www.cargo-montreal.ca\/fr\/#website","url":"https:\/\/www.cargo-montreal.ca\/fr\/","name":"CargoM","description":"La mission de CargoM: Rassembler les acteurs de la logistique &amp; du transport de marchandises du Grand Montr\u00e9al autour d&#039;objectifs communs, d&#039;actions concert\u00e9es","potentialAction":[{"@type":"SearchAction","target":{"@type":"EntryPoint","urlTemplate":"https:\/\/www.cargo-montreal.ca\/fr\/?s={search_term_string}"},"query-input":{"@type":"PropertyValueSpecification","valueRequired":true,"valueName":"search_term_string"}}],"inLanguage":"fr-FR"},{"@type":"Person","@id":"https:\/\/www.cargo-montreal.ca\/fr\/#\/schema\/person\/80476d173ce654813db9fd1533901365","name":"Karine Dudognon","image":{"@type":"ImageObject","inLanguage":"fr-FR","@id":"https:\/\/secure.gravatar.com\/avatar\/673bdfb703a9b6685a88bc7dfb04a9ea2b48b30e9d1663a5e759a4e9bfa3e2c0?s=96&d=mm&r=g","url":"https:\/\/secure.gravatar.com\/avatar\/673bdfb703a9b6685a88bc7dfb04a9ea2b48b30e9d1663a5e759a4e9bfa3e2c0?s=96&d=mm&r=g","contentUrl":"https:\/\/secure.gravatar.com\/avatar\/673bdfb703a9b6685a88bc7dfb04a9ea2b48b30e9d1663a5e759a4e9bfa3e2c0?s=96&d=mm&r=g","caption":"Karine Dudognon"},"url":"https:\/\/www.cargo-montreal.ca\/fr\/author\/karine\/"}]}},"_links":{"self":[{"href":"https:\/\/www.cargo-montreal.ca\/fr\/wp-json\/wp\/v2\/posts\/18176","targetHints":{"allow":["GET"]}}],"collection":[{"href":"https:\/\/www.cargo-montreal.ca\/fr\/wp-json\/wp\/v2\/posts"}],"about":[{"href":"https:\/\/www.cargo-montreal.ca\/fr\/wp-json\/wp\/v2\/types\/post"}],"author":[{"embeddable":true,"href":"https:\/\/www.cargo-montreal.ca\/fr\/wp-json\/wp\/v2\/users\/39"}],"replies":[{"embeddable":true,"href":"https:\/\/www.cargo-montreal.ca\/fr\/wp-json\/wp\/v2\/comments?post=18176"}],"version-history":[{"count":1,"href":"https:\/\/www.cargo-montreal.ca\/fr\/wp-json\/wp\/v2\/posts\/18176\/revisions"}],"predecessor-version":[{"id":18177,"href":"https:\/\/www.cargo-montreal.ca\/fr\/wp-json\/wp\/v2\/posts\/18176\/revisions\/18177"}],"wp:featuredmedia":[{"embeddable":true,"href":"https:\/\/www.cargo-montreal.ca\/fr\/wp-json\/wp\/v2\/media\/18163"}],"wp:attachment":[{"href":"https:\/\/www.cargo-montreal.ca\/fr\/wp-json\/wp\/v2\/media?parent=18176"}],"wp:term":[{"taxonomy":"category","embeddable":true,"href":"https:\/\/www.cargo-montreal.ca\/fr\/wp-json\/wp\/v2\/categories?post=18176"},{"taxonomy":"post_tag","embeddable":true,"href":"https:\/\/www.cargo-montreal.ca\/fr\/wp-json\/wp\/v2\/tags?post=18176"}],"curies":[{"name":"wp","href":"https:\/\/api.w.org\/{rel}","templated":true}]}}