{"id":18180,"date":"2025-03-28T13:01:20","date_gmt":"2025-03-28T13:01:20","guid":{"rendered":"https:\/\/www.cargo-montreal.ca\/?p=18180"},"modified":"2025-03-28T13:01:56","modified_gmt":"2025-03-28T13:01:56","slug":"prochaines-activites-et-evenement-de-la-grappe","status":"publish","type":"post","link":"https:\/\/www.cargo-montreal.ca\/fr\/prochaines-activites-et-evenement-de-la-grappe\/","title":{"rendered":"Prochaines activit\u00e9s et \u00e9v\u00e9nement de la grappe"},"content":{"rendered":"<p><strong>\u25b6\ufe0f\u00a0Rencontres de chantiers<\/strong><\/p>\r\n<p align=\"justify\">CargoM invite ses membres \u00e0 participer aux prochaines rencontres de chantiers. Ces rencontres ont pour objectifs d\u2019orienter les actions de la grappe et de mettre en place des strat\u00e9gies et des projets concrets qui r\u00e9pondent \u00e0 des enjeux propres \u00e0 notre secteur.<\/p>\r\n<div id=\"section_1742593162583\" class=\"hse-section\">\r\n<div class=\"hse-column-container hse-border hse-border-m\">\r\n<div id=\"column_1742593162583_0\" class=\"hse-column hse-size-6\">\r\n<table role=\"presentation\" width=\"100%\" cellspacing=\"0\" cellpadding=\"0\">\r\n<tbody>\r\n<tr>\r\n<td class=\"hs_padded\">\r\n<div id=\"hs_cos_wrapper_module_174259316751510\" class=\"hs_cos_wrapper hs_cos_wrapper_widget hs_cos_wrapper_type_module\" data-hs-cos-general-type=\"widget\" data-hs-cos-type=\"module\">\r\n<div id=\"hs_cos_wrapper_module_174259316751510_\" class=\"hs_cos_wrapper hs_cos_wrapper_widget hs_cos_wrapper_type_rich_text\" data-hs-cos-general-type=\"widget\" data-hs-cos-type=\"rich_text\">\r\n<p><strong>\ud83d\ude9bRencontre du\u00a0<\/strong><a href=\"https:\/\/www.cargo-montreal.ca\/fr\/groupes-de-travail\/innovation-et-fluidite\/?utm_source=hs_email&#038;utm_medium=email&#038;utm_content=353895275&#038;_hsenc=p2ANqtz--NvhNHg5WSLj2iZ4LX84YvbM_R4STYLGptZPy_YG5y9nqIoNOdUqmASjqDWawtZA7sKnHB8KslNe0IyPVMOPHAGTHirA\" target=\"_blank\" rel=\"noopener\" data-hs-link-id=\"0\"><strong>chantier 3 \u2013 Innovation et fluidit\u00e9<\/strong><\/a><strong>\u00a0<\/strong>copr\u00e9sid\u00e9e par\u00a0<a href=\"https:\/\/www.carrefour-acq.org\/a-propos\/la-permanence-de-lacq?utm_source=hs_email&amp;utm_medium=email&amp;utm_content=353895275&amp;_hsenc=p2ANqtz--NvhNHg5WSLj2iZ4LX84YvbM_R4STYLGptZPy_YG5y9nqIoNOdUqmASjqDWawtZA7sKnHB8KslNe0IyPVMOPHAGTHirA\" target=\"_blank\" rel=\"noopener\" data-hs-link-id=\"1\">Marc Cadieux<\/a>\u00a0de l\u2019ACQ et\u00a0<a href=\"https:\/\/www.linkedin.com\/in\/julien-dubreuil-b1a186153\/?utm_source=hs_email&amp;utm_medium=email&amp;utm_content=353895275&amp;_hsenc=p2ANqtz--NvhNHg5WSLj2iZ4LX84YvbM_R4STYLGptZPy_YG5y9nqIoNOdUqmASjqDWawtZA7sKnHB8KslNe0IyPVMOPHAGTHirA\" target=\"_blank\" rel=\"noopener\" data-hs-link-id=\"0\">Julien Dubreuil<\/a>\u00a0de Termont<\/p>\r\n<p><strong>\ud83d\udcc5<\/strong><strong>\u00a0<\/strong>Date\u00a0: 7 avril 2025<br \/>\r\n\ud83d\udd5e\u00a0Heure\u00a0: 15 h 30 \u00e0 17 h 30<br \/>\r\n\ud83d\udccd\u00a0Lieu\u00a0: Salle Dominic Taddeo (Port de Montr\u00e9al)<\/p>\r\n<p>Pour vous inscrire, contactez Amy Lombard\u00a0:\u00a0<a href=\"mailto:alombard@cargo-montreal.ca\" target=\"_blank\" rel=\"noopener\" data-hs-link-id=\"0\">alombard@cargo-montreal.ca<\/a><\/p>\r\n<\/div>\r\n<\/div>\r\n<\/td>\r\n<\/tr>\r\n<\/tbody>\r\n<\/table>\r\n<\/div>\r\n<div id=\"column_1742593162583_1\" class=\"hse-column hse-size-6\">\r\n<table role=\"presentation\" width=\"100%\" cellspacing=\"0\" cellpadding=\"0\">\r\n<tbody>\r\n<tr>\r\n<td class=\"hs_padded\">\r\n<div id=\"hs_cos_wrapper_module_174259317202211\" class=\"hs_cos_wrapper hs_cos_wrapper_widget hs_cos_wrapper_type_module\" data-hs-cos-general-type=\"widget\" data-hs-cos-type=\"module\">\r\n<div id=\"hs_cos_wrapper_module_174259317202211_\" class=\"hs_cos_wrapper hs_cos_wrapper_widget hs_cos_wrapper_type_rich_text\" data-hs-cos-general-type=\"widget\" data-hs-cos-type=\"rich_text\">\r\n<p><strong>\ud83e\uddbaRencontre du chantier\u00a0<\/strong><a href=\"https:\/\/www.cargo-montreal.ca\/fr\/groupes-de-travail\/main-doeuvre\/?utm_source=hs_email&#038;utm_medium=email&#038;utm_content=353895275&#038;_hsenc=p2ANqtz--NvhNHg5WSLj2iZ4LX84YvbM_R4STYLGptZPy_YG5y9nqIoNOdUqmASjqDWawtZA7sKnHB8KslNe0IyPVMOPHAGTHirA\" target=\"_blank\" rel=\"noopener\" data-hs-link-id=\"0\"><strong>4 \u2013 Main-d\u2019\u0153uvre<\/strong><\/a>\u00a0copr\u00e9sid\u00e9e par\u00a0<a href=\"https:\/\/www.linkedin.com\/in\/nathaliedrouin\/?utm_source=hs_email&amp;utm_medium=email&amp;utm_content=353895275&amp;_hsenc=p2ANqtz--NvhNHg5WSLj2iZ4LX84YvbM_R4STYLGptZPy_YG5y9nqIoNOdUqmASjqDWawtZA7sKnHB8KslNe0IyPVMOPHAGTHirA\" target=\"_blank\" rel=\"noopener\" data-hs-link-id=\"0\">Nathalie Drouin<\/a>\u00a0de l\u2019UQAM et\u00a0<a href=\"https:\/\/www.linkedin.com\/in\/lydiamassimiani\/?utm_source=hs_email&amp;utm_medium=email&amp;utm_content=353895275&amp;_hsenc=p2ANqtz--NvhNHg5WSLj2iZ4LX84YvbM_R4STYLGptZPy_YG5y9nqIoNOdUqmASjqDWawtZA7sKnHB8KslNe0IyPVMOPHAGTHirA\" target=\"_blank\" rel=\"noopener\" data-hs-link-id=\"0\">Lydia Massimiani<\/a>\u00a0de Camo-Route<\/p>\r\n<p>\ud83d\udcc5\u00a0Date\u00a0: 20 mai 2025<br \/>\r\n<strong>\ud83d\udd5e<\/strong><strong>\u00a0<\/strong>Heure\u00a0: 13 h 30 \u00e0 16 h<br \/>\r\n\ud83d\udccd\u00a0Lieu\u00a0: Salle Dominic Taddeo (Port de Montr\u00e9al)<\/p>\r\n<p>Pour vous inscrire, contactez Yves Murray\u00a0:\u00a0<a href=\"mailto:ymurray@cargo-montreal.ca\" target=\"_blank\" rel=\"noopener\" data-hs-link-id=\"0\">ymurray@cargo-montreal.ca<\/a><\/p>\r\n<\/div>\r\n<\/div>\r\n<\/td>\r\n<\/tr>\r\n<\/tbody>\r\n<\/table>\r\n<\/div>\r\n<\/div>\r\n<\/div>\r\n<div id=\"section_1742593267495\" class=\"hse-section\">\r\n<div class=\"hse-column-container hse-border hse-border-m\">\r\n<div id=\"column_1742593267495_0\" class=\"hse-column hse-size-12\">\r\n<table role=\"presentation\" width=\"100%\" cellspacing=\"0\" cellpadding=\"0\">\r\n<tbody>\r\n<tr>\r\n<td class=\"hs_padded\">\r\n<div id=\"hs_cos_wrapper_module_174259328279012\" class=\"hs_cos_wrapper hs_cos_wrapper_widget hs_cos_wrapper_type_module\" data-hs-cos-general-type=\"widget\" data-hs-cos-type=\"module\">\r\n<div id=\"hs_cos_wrapper_module_174259328279012_\" class=\"hs_cos_wrapper hs_cos_wrapper_widget hs_cos_wrapper_type_rich_text\" data-hs-cos-general-type=\"widget\" data-hs-cos-type=\"rich_text\">\r\n<p align=\"justify\">\u2757Vous souhaitez vous impliquer dans les chantiers de travail de CargoM et participer \u00e0 la mise en \u0153uvre les projets et initiatives qui serviront au bon fonctionnement de la cha\u00eene logistique\u00a0?\u00a0<a href=\"https:\/\/www.cargo-montreal.ca\/wp-content\/uploads\/2024\/06\/3873_CARGOM_BRO_Devenir_Membre_fr_vf.pdf?utm_source=hs_email&amp;utm_medium=email&amp;utm_content=353895275&amp;_hsenc=p2ANqtz--NvhNHg5WSLj2iZ4LX84YvbM_R4STYLGptZPy_YG5y9nqIoNOdUqmASjqDWawtZA7sKnHB8KslNe0IyPVMOPHAGTHirA\" target=\"_blank\" rel=\"noopener\" data-hs-link-id=\"0\">Devenez membre de CargoM<\/a>!<\/p>\r\n<p align=\"center\"><strong>\u25b6\ufe0f\u00a0Assembl\u00e9e g\u00e9n\u00e9rale annuelle de CargoM\u00a0\u25c0\ufe0f<\/strong><\/p>\r\n<p align=\"justify\">CargoM convie ses membres et partenaires \u00e0 son assembl\u00e9e g\u00e9n\u00e9rale annuelle qui se tiendra le 3 juin prochain.<\/p>\r\n<p align=\"justify\">Nous profiterons de cette occasion pour vous pr\u00e9senter les actions qui nous ont tenus occup\u00e9s au cours des derniers mois.<\/p>\r\n<p align=\"justify\">Nous vous accueillerons en personne \u00e0 la salle Taddeo du Port de Montr\u00e9al \u00e0 compter de 15 h 30. Une activit\u00e9 r\u00e9seautage suivra l\u2019assembl\u00e9e.<\/p>\r\n<p><a href=\"https:\/\/docs.google.com\/forms\/d\/e\/1FAIpQLScBnLD9jREsCGi0mQxCuQ8gy9j0nm37-qVcHyeTC-5HFI5nGQ\/viewform?utm_source=hs_email&amp;utm_medium=email&amp;utm_content=353895275&amp;_hsenc=p2ANqtz--NvhNHg5WSLj2iZ4LX84YvbM_R4STYLGptZPy_YG5y9nqIoNOdUqmASjqDWawtZA7sKnHB8KslNe0IyPVMOPHAGTHirA\" target=\"_blank\" rel=\"noopener\" data-hs-link-id=\"0\">Pour vous inscrire \u00e0 l&rsquo;Assembl\u00e9e<\/a><\/p>\r\n<\/div>\r\n<\/div>\r\n<\/td>\r\n<\/tr>\r\n<\/tbody>\r\n<\/table>\r\n<\/div>\r\n<\/div>\r\n<\/div>","protected":false},"excerpt":{"rendered":"\u25b6\ufe0f\u00a0Rencontres de chantiers CargoM invite ses membres \u00e0 participer aux prochaines rencontres de chantiers. Ces rencontres ont pour objectifs d\u2019orienter les actions de la grappe et de mettre en place des strat\u00e9gies et des projets concrets qui r\u00e9pondent \u00e0 des enjeux propres \u00e0 notre secteur. \ud83d\ude9bRencontre du\u00a0chantier 3 \u2013 Innovation et fluidit\u00e9\u00a0copr\u00e9sid\u00e9e par\u00a0Marc Cadieux\u00a0de l\u2019ACQ [&hellip;]","protected":false},"author":39,"featured_media":18153,"comment_status":"closed","ping_status":"closed","sticky":false,"template":"","format":"standard","meta":{"_acf_changed":false,"footnotes":""},"categories":[20],"tags":[],"class_list":["post-18180","post","type-post","status-publish","format-standard","has-post-thumbnail","hentry","category-services-logistiques"],"acf":[],"yoast_head":"<!-- This site is optimized with the Yoast SEO plugin v27.3 - https:\/\/yoast.com\/product\/yoast-seo-wordpress\/ -->\n<title>Prochaines activit\u00e9s et \u00e9v\u00e9nement de la grappe - CargoM<\/title>\n<meta name=\"robots\" content=\"index, follow, max-snippet:-1, max-image-preview:large, max-video-preview:-1\" \/>\n<link rel=\"canonical\" href=\"https:\/\/www.cargo-montreal.ca\/fr\/prochaines-activites-et-evenement-de-la-grappe\/\" \/>\n<meta property=\"og:locale\" content=\"fr_FR\" \/>\n<meta property=\"og:type\" content=\"article\" \/>\n<meta property=\"og:title\" content=\"Prochaines activit\u00e9s et \u00e9v\u00e9nement de la grappe - CargoM\" \/>\n<meta property=\"og:description\" content=\"\u25b6\ufe0f\u00a0Rencontres de chantiers CargoM invite ses membres \u00e0 participer aux prochaines rencontres de chantiers. Ces rencontres ont pour objectifs d\u2019orienter les actions de la grappe et de mettre en place des strat\u00e9gies et des projets concrets qui r\u00e9pondent \u00e0 des enjeux propres \u00e0 notre secteur. \ud83d\ude9bRencontre du\u00a0chantier 3 \u2013 Innovation et fluidit\u00e9\u00a0copr\u00e9sid\u00e9e par\u00a0Marc Cadieux\u00a0de l\u2019ACQ [&hellip;]\" \/>\n<meta property=\"og:url\" content=\"https:\/\/www.cargo-montreal.ca\/fr\/prochaines-activites-et-evenement-de-la-grappe\/\" \/>\n<meta property=\"og:site_name\" content=\"CargoM\" \/>\n<meta property=\"article:published_time\" content=\"2025-03-28T13:01:20+00:00\" \/>\n<meta property=\"article:modified_time\" content=\"2025-03-28T13:01:56+00:00\" \/>\n<meta property=\"og:image\" content=\"https:\/\/www.cargo-montreal.ca\/wp-content\/uploads\/2025\/03\/Capture-decran-2025-03-26-124818.png\" \/>\n\t<meta property=\"og:image:width\" content=\"963\" \/>\n\t<meta property=\"og:image:height\" content=\"429\" \/>\n\t<meta property=\"og:image:type\" content=\"image\/png\" \/>\n<meta name=\"author\" content=\"Karine Dudognon\" \/>\n<meta name=\"twitter:card\" content=\"summary_large_image\" \/>\n<meta name=\"twitter:label1\" content=\"\u00c9crit par\" \/>\n\t<meta name=\"twitter:data1\" content=\"Karine Dudognon\" \/>\n\t<meta name=\"twitter:label2\" content=\"Dur\u00e9e de lecture estim\u00e9e\" \/>\n\t<meta name=\"twitter:data2\" content=\"2 minutes\" \/>\n<script type=\"application\/ld+json\" class=\"yoast-schema-graph\">{\"@context\":\"https:\\\/\\\/schema.org\",\"@graph\":[{\"@type\":\"Article\",\"@id\":\"https:\\\/\\\/www.cargo-montreal.ca\\\/fr\\\/prochaines-activites-et-evenement-de-la-grappe\\\/#article\",\"isPartOf\":{\"@id\":\"https:\\\/\\\/www.cargo-montreal.ca\\\/fr\\\/prochaines-activites-et-evenement-de-la-grappe\\\/\"},\"author\":{\"name\":\"Karine Dudognon\",\"@id\":\"https:\\\/\\\/www.cargo-montreal.ca\\\/fr\\\/#\\\/schema\\\/person\\\/80476d173ce654813db9fd1533901365\"},\"headline\":\"Prochaines activit\u00e9s et \u00e9v\u00e9nement de la grappe\",\"datePublished\":\"2025-03-28T13:01:20+00:00\",\"dateModified\":\"2025-03-28T13:01:56+00:00\",\"mainEntityOfPage\":{\"@id\":\"https:\\\/\\\/www.cargo-montreal.ca\\\/fr\\\/prochaines-activites-et-evenement-de-la-grappe\\\/\"},\"wordCount\":251,\"image\":{\"@id\":\"https:\\\/\\\/www.cargo-montreal.ca\\\/fr\\\/prochaines-activites-et-evenement-de-la-grappe\\\/#primaryimage\"},\"thumbnailUrl\":\"https:\\\/\\\/www.cargo-montreal.ca\\\/wp-content\\\/uploads\\\/2025\\\/03\\\/Capture-decran-2025-03-26-124818.png\",\"articleSection\":[\"Services logistiques\"],\"inLanguage\":\"fr-FR\"},{\"@type\":\"WebPage\",\"@id\":\"https:\\\/\\\/www.cargo-montreal.ca\\\/fr\\\/prochaines-activites-et-evenement-de-la-grappe\\\/\",\"url\":\"https:\\\/\\\/www.cargo-montreal.ca\\\/fr\\\/prochaines-activites-et-evenement-de-la-grappe\\\/\",\"name\":\"Prochaines activit\u00e9s et \u00e9v\u00e9nement de la grappe - CargoM\",\"isPartOf\":{\"@id\":\"https:\\\/\\\/www.cargo-montreal.ca\\\/fr\\\/#website\"},\"primaryImageOfPage\":{\"@id\":\"https:\\\/\\\/www.cargo-montreal.ca\\\/fr\\\/prochaines-activites-et-evenement-de-la-grappe\\\/#primaryimage\"},\"image\":{\"@id\":\"https:\\\/\\\/www.cargo-montreal.ca\\\/fr\\\/prochaines-activites-et-evenement-de-la-grappe\\\/#primaryimage\"},\"thumbnailUrl\":\"https:\\\/\\\/www.cargo-montreal.ca\\\/wp-content\\\/uploads\\\/2025\\\/03\\\/Capture-decran-2025-03-26-124818.png\",\"datePublished\":\"2025-03-28T13:01:20+00:00\",\"dateModified\":\"2025-03-28T13:01:56+00:00\",\"author\":{\"@id\":\"https:\\\/\\\/www.cargo-montreal.ca\\\/fr\\\/#\\\/schema\\\/person\\\/80476d173ce654813db9fd1533901365\"},\"breadcrumb\":{\"@id\":\"https:\\\/\\\/www.cargo-montreal.ca\\\/fr\\\/prochaines-activites-et-evenement-de-la-grappe\\\/#breadcrumb\"},\"inLanguage\":\"fr-FR\",\"potentialAction\":[{\"@type\":\"ReadAction\",\"target\":[\"https:\\\/\\\/www.cargo-montreal.ca\\\/fr\\\/prochaines-activites-et-evenement-de-la-grappe\\\/\"]}]},{\"@type\":\"ImageObject\",\"inLanguage\":\"fr-FR\",\"@id\":\"https:\\\/\\\/www.cargo-montreal.ca\\\/fr\\\/prochaines-activites-et-evenement-de-la-grappe\\\/#primaryimage\",\"url\":\"https:\\\/\\\/www.cargo-montreal.ca\\\/wp-content\\\/uploads\\\/2025\\\/03\\\/Capture-decran-2025-03-26-124818.png\",\"contentUrl\":\"https:\\\/\\\/www.cargo-montreal.ca\\\/wp-content\\\/uploads\\\/2025\\\/03\\\/Capture-decran-2025-03-26-124818.png\",\"width\":963,\"height\":429},{\"@type\":\"BreadcrumbList\",\"@id\":\"https:\\\/\\\/www.cargo-montreal.ca\\\/fr\\\/prochaines-activites-et-evenement-de-la-grappe\\\/#breadcrumb\",\"itemListElement\":[{\"@type\":\"ListItem\",\"position\":1,\"name\":\"Home\",\"item\":\"https:\\\/\\\/www.cargo-montreal.ca\\\/fr\\\/\"},{\"@type\":\"ListItem\",\"position\":2,\"name\":\"Prochaines activit\u00e9s et \u00e9v\u00e9nement de la grappe\"}]},{\"@type\":\"WebSite\",\"@id\":\"https:\\\/\\\/www.cargo-montreal.ca\\\/fr\\\/#website\",\"url\":\"https:\\\/\\\/www.cargo-montreal.ca\\\/fr\\\/\",\"name\":\"CargoM\",\"description\":\"La mission de CargoM: Rassembler les acteurs de la logistique &amp; du transport de marchandises du Grand Montr\u00e9al autour d&#039;objectifs communs, d&#039;actions concert\u00e9es\",\"potentialAction\":[{\"@type\":\"SearchAction\",\"target\":{\"@type\":\"EntryPoint\",\"urlTemplate\":\"https:\\\/\\\/www.cargo-montreal.ca\\\/fr\\\/?s={search_term_string}\"},\"query-input\":{\"@type\":\"PropertyValueSpecification\",\"valueRequired\":true,\"valueName\":\"search_term_string\"}}],\"inLanguage\":\"fr-FR\"},{\"@type\":\"Person\",\"@id\":\"https:\\\/\\\/www.cargo-montreal.ca\\\/fr\\\/#\\\/schema\\\/person\\\/80476d173ce654813db9fd1533901365\",\"name\":\"Karine Dudognon\",\"image\":{\"@type\":\"ImageObject\",\"inLanguage\":\"fr-FR\",\"@id\":\"https:\\\/\\\/secure.gravatar.com\\\/avatar\\\/673bdfb703a9b6685a88bc7dfb04a9ea2b48b30e9d1663a5e759a4e9bfa3e2c0?s=96&d=mm&r=g\",\"url\":\"https:\\\/\\\/secure.gravatar.com\\\/avatar\\\/673bdfb703a9b6685a88bc7dfb04a9ea2b48b30e9d1663a5e759a4e9bfa3e2c0?s=96&d=mm&r=g\",\"contentUrl\":\"https:\\\/\\\/secure.gravatar.com\\\/avatar\\\/673bdfb703a9b6685a88bc7dfb04a9ea2b48b30e9d1663a5e759a4e9bfa3e2c0?s=96&d=mm&r=g\",\"caption\":\"Karine Dudognon\"},\"url\":\"https:\\\/\\\/www.cargo-montreal.ca\\\/fr\\\/author\\\/karine\\\/\"}]}<\/script>\n<!-- \/ Yoast SEO plugin. -->","yoast_head_json":{"title":"Prochaines activit\u00e9s et \u00e9v\u00e9nement de la grappe - CargoM","robots":{"index":"index","follow":"follow","max-snippet":"max-snippet:-1","max-image-preview":"max-image-preview:large","max-video-preview":"max-video-preview:-1"},"canonical":"https:\/\/www.cargo-montreal.ca\/fr\/prochaines-activites-et-evenement-de-la-grappe\/","og_locale":"fr_FR","og_type":"article","og_title":"Prochaines activit\u00e9s et \u00e9v\u00e9nement de la grappe - CargoM","og_description":"\u25b6\ufe0f\u00a0Rencontres de chantiers CargoM invite ses membres \u00e0 participer aux prochaines rencontres de chantiers. Ces rencontres ont pour objectifs d\u2019orienter les actions de la grappe et de mettre en place des strat\u00e9gies et des projets concrets qui r\u00e9pondent \u00e0 des enjeux propres \u00e0 notre secteur. \ud83d\ude9bRencontre du\u00a0chantier 3 \u2013 Innovation et fluidit\u00e9\u00a0copr\u00e9sid\u00e9e par\u00a0Marc Cadieux\u00a0de l\u2019ACQ [&hellip;]","og_url":"https:\/\/www.cargo-montreal.ca\/fr\/prochaines-activites-et-evenement-de-la-grappe\/","og_site_name":"CargoM","article_published_time":"2025-03-28T13:01:20+00:00","article_modified_time":"2025-03-28T13:01:56+00:00","og_image":[{"width":963,"height":429,"url":"https:\/\/www.cargo-montreal.ca\/wp-content\/uploads\/2025\/03\/Capture-decran-2025-03-26-124818.png","type":"image\/png"}],"author":"Karine Dudognon","twitter_card":"summary_large_image","twitter_misc":{"\u00c9crit par":"Karine Dudognon","Dur\u00e9e de lecture estim\u00e9e":"2 minutes"},"schema":{"@context":"https:\/\/schema.org","@graph":[{"@type":"Article","@id":"https:\/\/www.cargo-montreal.ca\/fr\/prochaines-activites-et-evenement-de-la-grappe\/#article","isPartOf":{"@id":"https:\/\/www.cargo-montreal.ca\/fr\/prochaines-activites-et-evenement-de-la-grappe\/"},"author":{"name":"Karine Dudognon","@id":"https:\/\/www.cargo-montreal.ca\/fr\/#\/schema\/person\/80476d173ce654813db9fd1533901365"},"headline":"Prochaines activit\u00e9s et \u00e9v\u00e9nement de la grappe","datePublished":"2025-03-28T13:01:20+00:00","dateModified":"2025-03-28T13:01:56+00:00","mainEntityOfPage":{"@id":"https:\/\/www.cargo-montreal.ca\/fr\/prochaines-activites-et-evenement-de-la-grappe\/"},"wordCount":251,"image":{"@id":"https:\/\/www.cargo-montreal.ca\/fr\/prochaines-activites-et-evenement-de-la-grappe\/#primaryimage"},"thumbnailUrl":"https:\/\/www.cargo-montreal.ca\/wp-content\/uploads\/2025\/03\/Capture-decran-2025-03-26-124818.png","articleSection":["Services logistiques"],"inLanguage":"fr-FR"},{"@type":"WebPage","@id":"https:\/\/www.cargo-montreal.ca\/fr\/prochaines-activites-et-evenement-de-la-grappe\/","url":"https:\/\/www.cargo-montreal.ca\/fr\/prochaines-activites-et-evenement-de-la-grappe\/","name":"Prochaines activit\u00e9s et \u00e9v\u00e9nement de la grappe - CargoM","isPartOf":{"@id":"https:\/\/www.cargo-montreal.ca\/fr\/#website"},"primaryImageOfPage":{"@id":"https:\/\/www.cargo-montreal.ca\/fr\/prochaines-activites-et-evenement-de-la-grappe\/#primaryimage"},"image":{"@id":"https:\/\/www.cargo-montreal.ca\/fr\/prochaines-activites-et-evenement-de-la-grappe\/#primaryimage"},"thumbnailUrl":"https:\/\/www.cargo-montreal.ca\/wp-content\/uploads\/2025\/03\/Capture-decran-2025-03-26-124818.png","datePublished":"2025-03-28T13:01:20+00:00","dateModified":"2025-03-28T13:01:56+00:00","author":{"@id":"https:\/\/www.cargo-montreal.ca\/fr\/#\/schema\/person\/80476d173ce654813db9fd1533901365"},"breadcrumb":{"@id":"https:\/\/www.cargo-montreal.ca\/fr\/prochaines-activites-et-evenement-de-la-grappe\/#breadcrumb"},"inLanguage":"fr-FR","potentialAction":[{"@type":"ReadAction","target":["https:\/\/www.cargo-montreal.ca\/fr\/prochaines-activites-et-evenement-de-la-grappe\/"]}]},{"@type":"ImageObject","inLanguage":"fr-FR","@id":"https:\/\/www.cargo-montreal.ca\/fr\/prochaines-activites-et-evenement-de-la-grappe\/#primaryimage","url":"https:\/\/www.cargo-montreal.ca\/wp-content\/uploads\/2025\/03\/Capture-decran-2025-03-26-124818.png","contentUrl":"https:\/\/www.cargo-montreal.ca\/wp-content\/uploads\/2025\/03\/Capture-decran-2025-03-26-124818.png","width":963,"height":429},{"@type":"BreadcrumbList","@id":"https:\/\/www.cargo-montreal.ca\/fr\/prochaines-activites-et-evenement-de-la-grappe\/#breadcrumb","itemListElement":[{"@type":"ListItem","position":1,"name":"Home","item":"https:\/\/www.cargo-montreal.ca\/fr\/"},{"@type":"ListItem","position":2,"name":"Prochaines activit\u00e9s et \u00e9v\u00e9nement de la grappe"}]},{"@type":"WebSite","@id":"https:\/\/www.cargo-montreal.ca\/fr\/#website","url":"https:\/\/www.cargo-montreal.ca\/fr\/","name":"CargoM","description":"La mission de CargoM: Rassembler les acteurs de la logistique &amp; du transport de marchandises du Grand Montr\u00e9al autour d&#039;objectifs communs, d&#039;actions concert\u00e9es","potentialAction":[{"@type":"SearchAction","target":{"@type":"EntryPoint","urlTemplate":"https:\/\/www.cargo-montreal.ca\/fr\/?s={search_term_string}"},"query-input":{"@type":"PropertyValueSpecification","valueRequired":true,"valueName":"search_term_string"}}],"inLanguage":"fr-FR"},{"@type":"Person","@id":"https:\/\/www.cargo-montreal.ca\/fr\/#\/schema\/person\/80476d173ce654813db9fd1533901365","name":"Karine Dudognon","image":{"@type":"ImageObject","inLanguage":"fr-FR","@id":"https:\/\/secure.gravatar.com\/avatar\/673bdfb703a9b6685a88bc7dfb04a9ea2b48b30e9d1663a5e759a4e9bfa3e2c0?s=96&d=mm&r=g","url":"https:\/\/secure.gravatar.com\/avatar\/673bdfb703a9b6685a88bc7dfb04a9ea2b48b30e9d1663a5e759a4e9bfa3e2c0?s=96&d=mm&r=g","contentUrl":"https:\/\/secure.gravatar.com\/avatar\/673bdfb703a9b6685a88bc7dfb04a9ea2b48b30e9d1663a5e759a4e9bfa3e2c0?s=96&d=mm&r=g","caption":"Karine Dudognon"},"url":"https:\/\/www.cargo-montreal.ca\/fr\/author\/karine\/"}]}},"_links":{"self":[{"href":"https:\/\/www.cargo-montreal.ca\/fr\/wp-json\/wp\/v2\/posts\/18180","targetHints":{"allow":["GET"]}}],"collection":[{"href":"https:\/\/www.cargo-montreal.ca\/fr\/wp-json\/wp\/v2\/posts"}],"about":[{"href":"https:\/\/www.cargo-montreal.ca\/fr\/wp-json\/wp\/v2\/types\/post"}],"author":[{"embeddable":true,"href":"https:\/\/www.cargo-montreal.ca\/fr\/wp-json\/wp\/v2\/users\/39"}],"replies":[{"embeddable":true,"href":"https:\/\/www.cargo-montreal.ca\/fr\/wp-json\/wp\/v2\/comments?post=18180"}],"version-history":[{"count":2,"href":"https:\/\/www.cargo-montreal.ca\/fr\/wp-json\/wp\/v2\/posts\/18180\/revisions"}],"predecessor-version":[{"id":18182,"href":"https:\/\/www.cargo-montreal.ca\/fr\/wp-json\/wp\/v2\/posts\/18180\/revisions\/18182"}],"wp:featuredmedia":[{"embeddable":true,"href":"https:\/\/www.cargo-montreal.ca\/fr\/wp-json\/wp\/v2\/media\/18153"}],"wp:attachment":[{"href":"https:\/\/www.cargo-montreal.ca\/fr\/wp-json\/wp\/v2\/media?parent=18180"}],"wp:term":[{"taxonomy":"category","embeddable":true,"href":"https:\/\/www.cargo-montreal.ca\/fr\/wp-json\/wp\/v2\/categories?post=18180"},{"taxonomy":"post_tag","embeddable":true,"href":"https:\/\/www.cargo-montreal.ca\/fr\/wp-json\/wp\/v2\/tags?post=18180"}],"curies":[{"name":"wp","href":"https:\/\/api.w.org\/{rel}","templated":true}]}}