{"id":18191,"date":"2025-03-28T13:09:22","date_gmt":"2025-03-28T13:09:22","guid":{"rendered":"https:\/\/www.cargo-montreal.ca\/?p=18191"},"modified":"2025-03-28T13:09:22","modified_gmt":"2025-03-28T13:09:22","slug":"assises-quebecoises-du-secteur-maritime-2025","status":"publish","type":"post","link":"https:\/\/www.cargo-montreal.ca\/fr\/assises-quebecoises-du-secteur-maritime-2025\/","title":{"rendered":"Assises qu\u00e9b\u00e9coises du secteur maritime 2025"},"content":{"rendered":"<p align=\"justify\">La 5e \u00e9dition des Assises qu\u00e9b\u00e9coises du secteur maritime se d\u00e9roulera les 13 et 14 mai prochains \u00e0 L\u00e9vis, un \u00e9v\u00e9nement incontournable pour les experts et hauts dirigeants de l\u2019industrie maritime.<\/p>\r\n<p align=\"justify\">Ce rassemblement r\u00e9unissant plus de 300 d\u00e9cideurs provenant du Qu\u00e9bec, du Canada et de l&rsquo;international se concentrera sur les enjeux et les d\u00e9fis touchant l\u2019industrie maritime qu\u00e9b\u00e9coise, tels que : le renforcement du positionnement strat\u00e9gique du Saint-Laurent, le partage de la donn\u00e9e ainsi que les principes ESG.<\/p>\r\n<p align=\"justify\">Une occasion de partager des perspectives pour un avenir maritime durable et comp\u00e9titif!<\/p>\r\n<p align=\"justify\">\ud83d\udc49<a href=\"https:\/\/st-laurent.org\/evenement\/assises-quebecoises-du-secteur-maritime-aqsm-2025\/?utm_source=hs_email&amp;utm_medium=email&amp;utm_content=353895275&amp;_hsenc=p2ANqtz--NvhNHg5WSLj2iZ4LX84YvbM_R4STYLGptZPy_YG5y9nqIoNOdUqmASjqDWawtZA7sKnHB8KslNe0IyPVMOPHAGTHirA\" target=\"_blank\" rel=\"noopener\" data-hs-link-id=\"0\">Inscrivez-vous d\u00e8s maintenant<\/a><\/p>","protected":false},"excerpt":{"rendered":"La 5e \u00e9dition des Assises qu\u00e9b\u00e9coises du secteur maritime se d\u00e9roulera les 13 et 14 mai prochains \u00e0 L\u00e9vis, un \u00e9v\u00e9nement incontournable pour les experts et hauts dirigeants de l\u2019industrie maritime. Ce rassemblement r\u00e9unissant plus de 300 d\u00e9cideurs provenant du Qu\u00e9bec, du Canada et de l&rsquo;international se concentrera sur les enjeux et les d\u00e9fis touchant [&hellip;]","protected":false},"author":39,"featured_media":18159,"comment_status":"closed","ping_status":"closed","sticky":false,"template":"","format":"standard","meta":{"_acf_changed":false,"footnotes":""},"categories":[20],"tags":[],"class_list":["post-18191","post","type-post","status-publish","format-standard","has-post-thumbnail","hentry","category-services-logistiques"],"acf":[],"yoast_head":"<!-- This site is optimized with the Yoast SEO plugin v27.3 - https:\/\/yoast.com\/product\/yoast-seo-wordpress\/ -->\n<title>Assises qu\u00e9b\u00e9coises du secteur maritime 2025 - CargoM<\/title>\n<meta name=\"robots\" content=\"index, follow, max-snippet:-1, max-image-preview:large, max-video-preview:-1\" \/>\n<link rel=\"canonical\" href=\"https:\/\/www.cargo-montreal.ca\/fr\/assises-quebecoises-du-secteur-maritime-2025\/\" \/>\n<meta property=\"og:locale\" content=\"fr_FR\" \/>\n<meta property=\"og:type\" content=\"article\" \/>\n<meta property=\"og:title\" content=\"Assises qu\u00e9b\u00e9coises du secteur maritime 2025 - CargoM\" \/>\n<meta property=\"og:description\" content=\"La 5e \u00e9dition des Assises qu\u00e9b\u00e9coises du secteur maritime se d\u00e9roulera les 13 et 14 mai prochains \u00e0 L\u00e9vis, un \u00e9v\u00e9nement incontournable pour les experts et hauts dirigeants de l\u2019industrie maritime. Ce rassemblement r\u00e9unissant plus de 300 d\u00e9cideurs provenant du Qu\u00e9bec, du Canada et de l&rsquo;international se concentrera sur les enjeux et les d\u00e9fis touchant [&hellip;]\" \/>\n<meta property=\"og:url\" content=\"https:\/\/www.cargo-montreal.ca\/fr\/assises-quebecoises-du-secteur-maritime-2025\/\" \/>\n<meta property=\"og:site_name\" content=\"CargoM\" \/>\n<meta property=\"article:published_time\" content=\"2025-03-28T13:09:22+00:00\" \/>\n<meta property=\"og:image\" content=\"https:\/\/www.cargo-montreal.ca\/wp-content\/uploads\/2025\/03\/General.png\" \/>\n\t<meta property=\"og:image:width\" content=\"3375\" \/>\n\t<meta property=\"og:image:height\" content=\"3375\" \/>\n\t<meta property=\"og:image:type\" content=\"image\/png\" \/>\n<meta name=\"author\" content=\"Karine Dudognon\" \/>\n<meta name=\"twitter:card\" content=\"summary_large_image\" \/>\n<meta name=\"twitter:label1\" content=\"\u00c9crit par\" \/>\n\t<meta name=\"twitter:data1\" content=\"Karine Dudognon\" \/>\n\t<meta name=\"twitter:label2\" content=\"Dur\u00e9e de lecture estim\u00e9e\" \/>\n\t<meta name=\"twitter:data2\" content=\"1 minute\" \/>\n<script type=\"application\/ld+json\" class=\"yoast-schema-graph\">{\"@context\":\"https:\\\/\\\/schema.org\",\"@graph\":[{\"@type\":\"Article\",\"@id\":\"https:\\\/\\\/www.cargo-montreal.ca\\\/fr\\\/assises-quebecoises-du-secteur-maritime-2025\\\/#article\",\"isPartOf\":{\"@id\":\"https:\\\/\\\/www.cargo-montreal.ca\\\/fr\\\/assises-quebecoises-du-secteur-maritime-2025\\\/\"},\"author\":{\"name\":\"Karine Dudognon\",\"@id\":\"https:\\\/\\\/www.cargo-montreal.ca\\\/fr\\\/#\\\/schema\\\/person\\\/80476d173ce654813db9fd1533901365\"},\"headline\":\"Assises qu\u00e9b\u00e9coises du secteur maritime 2025\",\"datePublished\":\"2025-03-28T13:09:22+00:00\",\"mainEntityOfPage\":{\"@id\":\"https:\\\/\\\/www.cargo-montreal.ca\\\/fr\\\/assises-quebecoises-du-secteur-maritime-2025\\\/\"},\"wordCount\":114,\"image\":{\"@id\":\"https:\\\/\\\/www.cargo-montreal.ca\\\/fr\\\/assises-quebecoises-du-secteur-maritime-2025\\\/#primaryimage\"},\"thumbnailUrl\":\"https:\\\/\\\/www.cargo-montreal.ca\\\/wp-content\\\/uploads\\\/2025\\\/03\\\/General.png\",\"articleSection\":[\"Services logistiques\"],\"inLanguage\":\"fr-FR\"},{\"@type\":\"WebPage\",\"@id\":\"https:\\\/\\\/www.cargo-montreal.ca\\\/fr\\\/assises-quebecoises-du-secteur-maritime-2025\\\/\",\"url\":\"https:\\\/\\\/www.cargo-montreal.ca\\\/fr\\\/assises-quebecoises-du-secteur-maritime-2025\\\/\",\"name\":\"Assises qu\u00e9b\u00e9coises du secteur maritime 2025 - CargoM\",\"isPartOf\":{\"@id\":\"https:\\\/\\\/www.cargo-montreal.ca\\\/fr\\\/#website\"},\"primaryImageOfPage\":{\"@id\":\"https:\\\/\\\/www.cargo-montreal.ca\\\/fr\\\/assises-quebecoises-du-secteur-maritime-2025\\\/#primaryimage\"},\"image\":{\"@id\":\"https:\\\/\\\/www.cargo-montreal.ca\\\/fr\\\/assises-quebecoises-du-secteur-maritime-2025\\\/#primaryimage\"},\"thumbnailUrl\":\"https:\\\/\\\/www.cargo-montreal.ca\\\/wp-content\\\/uploads\\\/2025\\\/03\\\/General.png\",\"datePublished\":\"2025-03-28T13:09:22+00:00\",\"author\":{\"@id\":\"https:\\\/\\\/www.cargo-montreal.ca\\\/fr\\\/#\\\/schema\\\/person\\\/80476d173ce654813db9fd1533901365\"},\"breadcrumb\":{\"@id\":\"https:\\\/\\\/www.cargo-montreal.ca\\\/fr\\\/assises-quebecoises-du-secteur-maritime-2025\\\/#breadcrumb\"},\"inLanguage\":\"fr-FR\",\"potentialAction\":[{\"@type\":\"ReadAction\",\"target\":[\"https:\\\/\\\/www.cargo-montreal.ca\\\/fr\\\/assises-quebecoises-du-secteur-maritime-2025\\\/\"]}]},{\"@type\":\"ImageObject\",\"inLanguage\":\"fr-FR\",\"@id\":\"https:\\\/\\\/www.cargo-montreal.ca\\\/fr\\\/assises-quebecoises-du-secteur-maritime-2025\\\/#primaryimage\",\"url\":\"https:\\\/\\\/www.cargo-montreal.ca\\\/wp-content\\\/uploads\\\/2025\\\/03\\\/General.png\",\"contentUrl\":\"https:\\\/\\\/www.cargo-montreal.ca\\\/wp-content\\\/uploads\\\/2025\\\/03\\\/General.png\",\"width\":3375,\"height\":3375},{\"@type\":\"BreadcrumbList\",\"@id\":\"https:\\\/\\\/www.cargo-montreal.ca\\\/fr\\\/assises-quebecoises-du-secteur-maritime-2025\\\/#breadcrumb\",\"itemListElement\":[{\"@type\":\"ListItem\",\"position\":1,\"name\":\"Home\",\"item\":\"https:\\\/\\\/www.cargo-montreal.ca\\\/fr\\\/\"},{\"@type\":\"ListItem\",\"position\":2,\"name\":\"Assises qu\u00e9b\u00e9coises du secteur maritime 2025\"}]},{\"@type\":\"WebSite\",\"@id\":\"https:\\\/\\\/www.cargo-montreal.ca\\\/fr\\\/#website\",\"url\":\"https:\\\/\\\/www.cargo-montreal.ca\\\/fr\\\/\",\"name\":\"CargoM\",\"description\":\"La mission de CargoM: Rassembler les acteurs de la logistique &amp; du transport de marchandises du Grand Montr\u00e9al autour d&#039;objectifs communs, d&#039;actions concert\u00e9es\",\"potentialAction\":[{\"@type\":\"SearchAction\",\"target\":{\"@type\":\"EntryPoint\",\"urlTemplate\":\"https:\\\/\\\/www.cargo-montreal.ca\\\/fr\\\/?s={search_term_string}\"},\"query-input\":{\"@type\":\"PropertyValueSpecification\",\"valueRequired\":true,\"valueName\":\"search_term_string\"}}],\"inLanguage\":\"fr-FR\"},{\"@type\":\"Person\",\"@id\":\"https:\\\/\\\/www.cargo-montreal.ca\\\/fr\\\/#\\\/schema\\\/person\\\/80476d173ce654813db9fd1533901365\",\"name\":\"Karine Dudognon\",\"image\":{\"@type\":\"ImageObject\",\"inLanguage\":\"fr-FR\",\"@id\":\"https:\\\/\\\/secure.gravatar.com\\\/avatar\\\/673bdfb703a9b6685a88bc7dfb04a9ea2b48b30e9d1663a5e759a4e9bfa3e2c0?s=96&d=mm&r=g\",\"url\":\"https:\\\/\\\/secure.gravatar.com\\\/avatar\\\/673bdfb703a9b6685a88bc7dfb04a9ea2b48b30e9d1663a5e759a4e9bfa3e2c0?s=96&d=mm&r=g\",\"contentUrl\":\"https:\\\/\\\/secure.gravatar.com\\\/avatar\\\/673bdfb703a9b6685a88bc7dfb04a9ea2b48b30e9d1663a5e759a4e9bfa3e2c0?s=96&d=mm&r=g\",\"caption\":\"Karine Dudognon\"},\"url\":\"https:\\\/\\\/www.cargo-montreal.ca\\\/fr\\\/author\\\/karine\\\/\"}]}<\/script>\n<!-- \/ Yoast SEO plugin. -->","yoast_head_json":{"title":"Assises qu\u00e9b\u00e9coises du secteur maritime 2025 - CargoM","robots":{"index":"index","follow":"follow","max-snippet":"max-snippet:-1","max-image-preview":"max-image-preview:large","max-video-preview":"max-video-preview:-1"},"canonical":"https:\/\/www.cargo-montreal.ca\/fr\/assises-quebecoises-du-secteur-maritime-2025\/","og_locale":"fr_FR","og_type":"article","og_title":"Assises qu\u00e9b\u00e9coises du secteur maritime 2025 - CargoM","og_description":"La 5e \u00e9dition des Assises qu\u00e9b\u00e9coises du secteur maritime se d\u00e9roulera les 13 et 14 mai prochains \u00e0 L\u00e9vis, un \u00e9v\u00e9nement incontournable pour les experts et hauts dirigeants de l\u2019industrie maritime. Ce rassemblement r\u00e9unissant plus de 300 d\u00e9cideurs provenant du Qu\u00e9bec, du Canada et de l&rsquo;international se concentrera sur les enjeux et les d\u00e9fis touchant [&hellip;]","og_url":"https:\/\/www.cargo-montreal.ca\/fr\/assises-quebecoises-du-secteur-maritime-2025\/","og_site_name":"CargoM","article_published_time":"2025-03-28T13:09:22+00:00","og_image":[{"width":3375,"height":3375,"url":"https:\/\/www.cargo-montreal.ca\/wp-content\/uploads\/2025\/03\/General.png","type":"image\/png"}],"author":"Karine Dudognon","twitter_card":"summary_large_image","twitter_misc":{"\u00c9crit par":"Karine Dudognon","Dur\u00e9e de lecture estim\u00e9e":"1 minute"},"schema":{"@context":"https:\/\/schema.org","@graph":[{"@type":"Article","@id":"https:\/\/www.cargo-montreal.ca\/fr\/assises-quebecoises-du-secteur-maritime-2025\/#article","isPartOf":{"@id":"https:\/\/www.cargo-montreal.ca\/fr\/assises-quebecoises-du-secteur-maritime-2025\/"},"author":{"name":"Karine Dudognon","@id":"https:\/\/www.cargo-montreal.ca\/fr\/#\/schema\/person\/80476d173ce654813db9fd1533901365"},"headline":"Assises qu\u00e9b\u00e9coises du secteur maritime 2025","datePublished":"2025-03-28T13:09:22+00:00","mainEntityOfPage":{"@id":"https:\/\/www.cargo-montreal.ca\/fr\/assises-quebecoises-du-secteur-maritime-2025\/"},"wordCount":114,"image":{"@id":"https:\/\/www.cargo-montreal.ca\/fr\/assises-quebecoises-du-secteur-maritime-2025\/#primaryimage"},"thumbnailUrl":"https:\/\/www.cargo-montreal.ca\/wp-content\/uploads\/2025\/03\/General.png","articleSection":["Services logistiques"],"inLanguage":"fr-FR"},{"@type":"WebPage","@id":"https:\/\/www.cargo-montreal.ca\/fr\/assises-quebecoises-du-secteur-maritime-2025\/","url":"https:\/\/www.cargo-montreal.ca\/fr\/assises-quebecoises-du-secteur-maritime-2025\/","name":"Assises qu\u00e9b\u00e9coises du secteur maritime 2025 - CargoM","isPartOf":{"@id":"https:\/\/www.cargo-montreal.ca\/fr\/#website"},"primaryImageOfPage":{"@id":"https:\/\/www.cargo-montreal.ca\/fr\/assises-quebecoises-du-secteur-maritime-2025\/#primaryimage"},"image":{"@id":"https:\/\/www.cargo-montreal.ca\/fr\/assises-quebecoises-du-secteur-maritime-2025\/#primaryimage"},"thumbnailUrl":"https:\/\/www.cargo-montreal.ca\/wp-content\/uploads\/2025\/03\/General.png","datePublished":"2025-03-28T13:09:22+00:00","author":{"@id":"https:\/\/www.cargo-montreal.ca\/fr\/#\/schema\/person\/80476d173ce654813db9fd1533901365"},"breadcrumb":{"@id":"https:\/\/www.cargo-montreal.ca\/fr\/assises-quebecoises-du-secteur-maritime-2025\/#breadcrumb"},"inLanguage":"fr-FR","potentialAction":[{"@type":"ReadAction","target":["https:\/\/www.cargo-montreal.ca\/fr\/assises-quebecoises-du-secteur-maritime-2025\/"]}]},{"@type":"ImageObject","inLanguage":"fr-FR","@id":"https:\/\/www.cargo-montreal.ca\/fr\/assises-quebecoises-du-secteur-maritime-2025\/#primaryimage","url":"https:\/\/www.cargo-montreal.ca\/wp-content\/uploads\/2025\/03\/General.png","contentUrl":"https:\/\/www.cargo-montreal.ca\/wp-content\/uploads\/2025\/03\/General.png","width":3375,"height":3375},{"@type":"BreadcrumbList","@id":"https:\/\/www.cargo-montreal.ca\/fr\/assises-quebecoises-du-secteur-maritime-2025\/#breadcrumb","itemListElement":[{"@type":"ListItem","position":1,"name":"Home","item":"https:\/\/www.cargo-montreal.ca\/fr\/"},{"@type":"ListItem","position":2,"name":"Assises qu\u00e9b\u00e9coises du secteur maritime 2025"}]},{"@type":"WebSite","@id":"https:\/\/www.cargo-montreal.ca\/fr\/#website","url":"https:\/\/www.cargo-montreal.ca\/fr\/","name":"CargoM","description":"La mission de CargoM: Rassembler les acteurs de la logistique &amp; du transport de marchandises du Grand Montr\u00e9al autour d&#039;objectifs communs, d&#039;actions concert\u00e9es","potentialAction":[{"@type":"SearchAction","target":{"@type":"EntryPoint","urlTemplate":"https:\/\/www.cargo-montreal.ca\/fr\/?s={search_term_string}"},"query-input":{"@type":"PropertyValueSpecification","valueRequired":true,"valueName":"search_term_string"}}],"inLanguage":"fr-FR"},{"@type":"Person","@id":"https:\/\/www.cargo-montreal.ca\/fr\/#\/schema\/person\/80476d173ce654813db9fd1533901365","name":"Karine Dudognon","image":{"@type":"ImageObject","inLanguage":"fr-FR","@id":"https:\/\/secure.gravatar.com\/avatar\/673bdfb703a9b6685a88bc7dfb04a9ea2b48b30e9d1663a5e759a4e9bfa3e2c0?s=96&d=mm&r=g","url":"https:\/\/secure.gravatar.com\/avatar\/673bdfb703a9b6685a88bc7dfb04a9ea2b48b30e9d1663a5e759a4e9bfa3e2c0?s=96&d=mm&r=g","contentUrl":"https:\/\/secure.gravatar.com\/avatar\/673bdfb703a9b6685a88bc7dfb04a9ea2b48b30e9d1663a5e759a4e9bfa3e2c0?s=96&d=mm&r=g","caption":"Karine Dudognon"},"url":"https:\/\/www.cargo-montreal.ca\/fr\/author\/karine\/"}]}},"_links":{"self":[{"href":"https:\/\/www.cargo-montreal.ca\/fr\/wp-json\/wp\/v2\/posts\/18191","targetHints":{"allow":["GET"]}}],"collection":[{"href":"https:\/\/www.cargo-montreal.ca\/fr\/wp-json\/wp\/v2\/posts"}],"about":[{"href":"https:\/\/www.cargo-montreal.ca\/fr\/wp-json\/wp\/v2\/types\/post"}],"author":[{"embeddable":true,"href":"https:\/\/www.cargo-montreal.ca\/fr\/wp-json\/wp\/v2\/users\/39"}],"replies":[{"embeddable":true,"href":"https:\/\/www.cargo-montreal.ca\/fr\/wp-json\/wp\/v2\/comments?post=18191"}],"version-history":[{"count":1,"href":"https:\/\/www.cargo-montreal.ca\/fr\/wp-json\/wp\/v2\/posts\/18191\/revisions"}],"predecessor-version":[{"id":18192,"href":"https:\/\/www.cargo-montreal.ca\/fr\/wp-json\/wp\/v2\/posts\/18191\/revisions\/18192"}],"wp:featuredmedia":[{"embeddable":true,"href":"https:\/\/www.cargo-montreal.ca\/fr\/wp-json\/wp\/v2\/media\/18159"}],"wp:attachment":[{"href":"https:\/\/www.cargo-montreal.ca\/fr\/wp-json\/wp\/v2\/media?parent=18191"}],"wp:term":[{"taxonomy":"category","embeddable":true,"href":"https:\/\/www.cargo-montreal.ca\/fr\/wp-json\/wp\/v2\/categories?post=18191"},{"taxonomy":"post_tag","embeddable":true,"href":"https:\/\/www.cargo-montreal.ca\/fr\/wp-json\/wp\/v2\/tags?post=18191"}],"curies":[{"name":"wp","href":"https:\/\/api.w.org\/{rel}","templated":true}]}}