{"id":18206,"date":"2025-03-28T13:21:29","date_gmt":"2025-03-28T13:21:29","guid":{"rendered":"https:\/\/www.cargo-montreal.ca\/?p=18206"},"modified":"2025-03-28T13:21:29","modified_gmt":"2025-03-28T13:21:29","slug":"association-americaine-des-autorites-portuaires-aapa","status":"publish","type":"post","link":"https:\/\/www.cargo-montreal.ca\/fr\/association-americaine-des-autorites-portuaires-aapa\/","title":{"rendered":"Association am\u00e9ricaine des autorit\u00e9s portuaires (AAPA)"},"content":{"rendered":"<p>L\u2019<a href=\"https:\/\/www.aapa-ports.org\/index.aspx?utm_source=hs_email&amp;utm_medium=email&amp;utm_content=353895275&amp;_hsenc=p2ANqtz--NvhNHg5WSLj2iZ4LX84YvbM_R4STYLGptZPy_YG5y9nqIoNOdUqmASjqDWawtZA7sKnHB8KslNe0IyPVMOPHAGTHirA\" target=\"_blank\" rel=\"noopener\" data-hs-link-id=\"0\">Association am\u00e9ricaine des autorit\u00e9s portuaires (AAPA)<\/a>\u00a0est \u00e0 la recherche de conf\u00e9rencier\u00b7\u00e8re\u00b7s pour sa convention annuelle qui aura lieu \u00e0 Qu\u00e9bec du 6 au 8 octobre 2025.<\/p>\r\n<p align=\"justify\">La Convention Annuelle AAPA 2025 \u00e0 Qu\u00e9bec, Canada, propose un programme complet ax\u00e9 sur l&rsquo;avenir de la prosp\u00e9rit\u00e9 des ports. Venez d\u00e9couvrir comment les ports d\u00e9veloppent des opportunit\u00e9s et font cro\u00eetre les entreprises gr\u00e2ce \u00e0 des investissements strat\u00e9giques, des solutions innovantes et des partenariats collaboratifs. Pendant trois jours, connectez-vous avec plus de 700 professionnels du secteur portuaire, y compris des dirigeants de ports de plus de 90 ports des \u00c9tats-Unis, du Canada, des Cara\u00efbes et d&rsquo;Am\u00e9rique latine ; et plus de 70 exposants du secteur.\u00a0<\/p>\r\n<p align=\"justify\">\u25b6\ufe0fVous avez jusqu\u2019au\u00a031 mars 2025\u00a0pour soumettre\u00a0<a href=\"https:\/\/forms.office.com\/Pages\/ResponsePage.aspx?id=hwojgsmIQUGSV_-HE3hLO5UO52Nwr91LqqFO7f4CNTpUNDg1QklXQjdQS0NEUTJDWUdIUFpQQjhZUyQlQCN0PWcu&amp;utm_source=hs_email&amp;utm_medium=email&amp;utm_content=353895275&amp;_hsenc=p2ANqtz--NvhNHg5WSLj2iZ4LX84YvbM_R4STYLGptZPy_YG5y9nqIoNOdUqmASjqDWawtZA7sKnHB8KslNe0IyPVMOPHAGTHirA\" target=\"_blank\" rel=\"noopener\" data-hs-link-id=\"1\">votre appel \u00e0 conf\u00e9rence<\/a>.<\/p>\r\n<p align=\"justify\">Pour plus d&rsquo;informations :\u00a0<a href=\"mailto:jtoomey@aapa-ports.org\" target=\"_blank\" rel=\"noopener\" data-hs-link-id=\"0\">jtoomey@aapa-ports.org<\/a><\/p>","protected":false},"excerpt":{"rendered":"L\u2019Association am\u00e9ricaine des autorit\u00e9s portuaires (AAPA)\u00a0est \u00e0 la recherche de conf\u00e9rencier\u00b7\u00e8re\u00b7s pour sa convention annuelle qui aura lieu \u00e0 Qu\u00e9bec du 6 au 8 octobre 2025. La Convention Annuelle AAPA 2025 \u00e0 Qu\u00e9bec, Canada, propose un programme complet ax\u00e9 sur l&rsquo;avenir de la prosp\u00e9rit\u00e9 des ports. Venez d\u00e9couvrir comment les ports d\u00e9veloppent des opportunit\u00e9s et [&hellip;]","protected":false},"author":39,"featured_media":18147,"comment_status":"closed","ping_status":"closed","sticky":false,"template":"","format":"standard","meta":{"_acf_changed":false,"footnotes":""},"categories":[20],"tags":[],"class_list":["post-18206","post","type-post","status-publish","format-standard","has-post-thumbnail","hentry","category-services-logistiques"],"acf":[],"yoast_head":"<!-- This site is optimized with the Yoast SEO plugin v27.3 - https:\/\/yoast.com\/product\/yoast-seo-wordpress\/ -->\n<title>Association am\u00e9ricaine des autorit\u00e9s portuaires (AAPA) - CargoM<\/title>\n<meta name=\"robots\" content=\"index, follow, max-snippet:-1, max-image-preview:large, max-video-preview:-1\" \/>\n<link rel=\"canonical\" href=\"https:\/\/www.cargo-montreal.ca\/fr\/association-americaine-des-autorites-portuaires-aapa\/\" \/>\n<meta property=\"og:locale\" content=\"fr_FR\" \/>\n<meta property=\"og:type\" content=\"article\" \/>\n<meta property=\"og:title\" content=\"Association am\u00e9ricaine des autorit\u00e9s portuaires (AAPA) - CargoM\" \/>\n<meta property=\"og:description\" content=\"L\u2019Association am\u00e9ricaine des autorit\u00e9s portuaires (AAPA)\u00a0est \u00e0 la recherche de conf\u00e9rencier\u00b7\u00e8re\u00b7s pour sa convention annuelle qui aura lieu \u00e0 Qu\u00e9bec du 6 au 8 octobre 2025. La Convention Annuelle AAPA 2025 \u00e0 Qu\u00e9bec, Canada, propose un programme complet ax\u00e9 sur l&rsquo;avenir de la prosp\u00e9rit\u00e9 des ports. Venez d\u00e9couvrir comment les ports d\u00e9veloppent des opportunit\u00e9s et [&hellip;]\" \/>\n<meta property=\"og:url\" content=\"https:\/\/www.cargo-montreal.ca\/fr\/association-americaine-des-autorites-portuaires-aapa\/\" \/>\n<meta property=\"og:site_name\" content=\"CargoM\" \/>\n<meta property=\"article:published_time\" content=\"2025-03-28T13:21:29+00:00\" \/>\n<meta property=\"og:image\" content=\"https:\/\/www.cargo-montreal.ca\/wp-content\/uploads\/2025\/03\/AAPA.jpg\" \/>\n\t<meta property=\"og:image:width\" content=\"1434\" \/>\n\t<meta property=\"og:image:height\" content=\"342\" \/>\n\t<meta property=\"og:image:type\" content=\"image\/jpeg\" \/>\n<meta name=\"author\" content=\"Karine Dudognon\" \/>\n<meta name=\"twitter:card\" content=\"summary_large_image\" \/>\n<meta name=\"twitter:label1\" content=\"\u00c9crit par\" \/>\n\t<meta name=\"twitter:data1\" content=\"Karine Dudognon\" \/>\n\t<meta name=\"twitter:label2\" content=\"Dur\u00e9e de lecture estim\u00e9e\" \/>\n\t<meta name=\"twitter:data2\" content=\"1 minute\" \/>\n<script type=\"application\/ld+json\" class=\"yoast-schema-graph\">{\"@context\":\"https:\\\/\\\/schema.org\",\"@graph\":[{\"@type\":\"Article\",\"@id\":\"https:\\\/\\\/www.cargo-montreal.ca\\\/fr\\\/association-americaine-des-autorites-portuaires-aapa\\\/#article\",\"isPartOf\":{\"@id\":\"https:\\\/\\\/www.cargo-montreal.ca\\\/fr\\\/association-americaine-des-autorites-portuaires-aapa\\\/\"},\"author\":{\"name\":\"Karine Dudognon\",\"@id\":\"https:\\\/\\\/www.cargo-montreal.ca\\\/fr\\\/#\\\/schema\\\/person\\\/80476d173ce654813db9fd1533901365\"},\"headline\":\"Association am\u00e9ricaine des autorit\u00e9s portuaires (AAPA)\",\"datePublished\":\"2025-03-28T13:21:29+00:00\",\"mainEntityOfPage\":{\"@id\":\"https:\\\/\\\/www.cargo-montreal.ca\\\/fr\\\/association-americaine-des-autorites-portuaires-aapa\\\/\"},\"wordCount\":145,\"image\":{\"@id\":\"https:\\\/\\\/www.cargo-montreal.ca\\\/fr\\\/association-americaine-des-autorites-portuaires-aapa\\\/#primaryimage\"},\"thumbnailUrl\":\"https:\\\/\\\/www.cargo-montreal.ca\\\/wp-content\\\/uploads\\\/2025\\\/03\\\/AAPA.jpg\",\"articleSection\":[\"Services logistiques\"],\"inLanguage\":\"fr-FR\"},{\"@type\":\"WebPage\",\"@id\":\"https:\\\/\\\/www.cargo-montreal.ca\\\/fr\\\/association-americaine-des-autorites-portuaires-aapa\\\/\",\"url\":\"https:\\\/\\\/www.cargo-montreal.ca\\\/fr\\\/association-americaine-des-autorites-portuaires-aapa\\\/\",\"name\":\"Association am\u00e9ricaine des autorit\u00e9s portuaires (AAPA) - CargoM\",\"isPartOf\":{\"@id\":\"https:\\\/\\\/www.cargo-montreal.ca\\\/fr\\\/#website\"},\"primaryImageOfPage\":{\"@id\":\"https:\\\/\\\/www.cargo-montreal.ca\\\/fr\\\/association-americaine-des-autorites-portuaires-aapa\\\/#primaryimage\"},\"image\":{\"@id\":\"https:\\\/\\\/www.cargo-montreal.ca\\\/fr\\\/association-americaine-des-autorites-portuaires-aapa\\\/#primaryimage\"},\"thumbnailUrl\":\"https:\\\/\\\/www.cargo-montreal.ca\\\/wp-content\\\/uploads\\\/2025\\\/03\\\/AAPA.jpg\",\"datePublished\":\"2025-03-28T13:21:29+00:00\",\"author\":{\"@id\":\"https:\\\/\\\/www.cargo-montreal.ca\\\/fr\\\/#\\\/schema\\\/person\\\/80476d173ce654813db9fd1533901365\"},\"breadcrumb\":{\"@id\":\"https:\\\/\\\/www.cargo-montreal.ca\\\/fr\\\/association-americaine-des-autorites-portuaires-aapa\\\/#breadcrumb\"},\"inLanguage\":\"fr-FR\",\"potentialAction\":[{\"@type\":\"ReadAction\",\"target\":[\"https:\\\/\\\/www.cargo-montreal.ca\\\/fr\\\/association-americaine-des-autorites-portuaires-aapa\\\/\"]}]},{\"@type\":\"ImageObject\",\"inLanguage\":\"fr-FR\",\"@id\":\"https:\\\/\\\/www.cargo-montreal.ca\\\/fr\\\/association-americaine-des-autorites-portuaires-aapa\\\/#primaryimage\",\"url\":\"https:\\\/\\\/www.cargo-montreal.ca\\\/wp-content\\\/uploads\\\/2025\\\/03\\\/AAPA.jpg\",\"contentUrl\":\"https:\\\/\\\/www.cargo-montreal.ca\\\/wp-content\\\/uploads\\\/2025\\\/03\\\/AAPA.jpg\",\"width\":1434,\"height\":342},{\"@type\":\"BreadcrumbList\",\"@id\":\"https:\\\/\\\/www.cargo-montreal.ca\\\/fr\\\/association-americaine-des-autorites-portuaires-aapa\\\/#breadcrumb\",\"itemListElement\":[{\"@type\":\"ListItem\",\"position\":1,\"name\":\"Home\",\"item\":\"https:\\\/\\\/www.cargo-montreal.ca\\\/fr\\\/\"},{\"@type\":\"ListItem\",\"position\":2,\"name\":\"Association am\u00e9ricaine des autorit\u00e9s portuaires (AAPA)\"}]},{\"@type\":\"WebSite\",\"@id\":\"https:\\\/\\\/www.cargo-montreal.ca\\\/fr\\\/#website\",\"url\":\"https:\\\/\\\/www.cargo-montreal.ca\\\/fr\\\/\",\"name\":\"CargoM\",\"description\":\"La mission de CargoM: Rassembler les acteurs de la logistique &amp; du transport de marchandises du Grand Montr\u00e9al autour d&#039;objectifs communs, d&#039;actions concert\u00e9es\",\"potentialAction\":[{\"@type\":\"SearchAction\",\"target\":{\"@type\":\"EntryPoint\",\"urlTemplate\":\"https:\\\/\\\/www.cargo-montreal.ca\\\/fr\\\/?s={search_term_string}\"},\"query-input\":{\"@type\":\"PropertyValueSpecification\",\"valueRequired\":true,\"valueName\":\"search_term_string\"}}],\"inLanguage\":\"fr-FR\"},{\"@type\":\"Person\",\"@id\":\"https:\\\/\\\/www.cargo-montreal.ca\\\/fr\\\/#\\\/schema\\\/person\\\/80476d173ce654813db9fd1533901365\",\"name\":\"Karine Dudognon\",\"image\":{\"@type\":\"ImageObject\",\"inLanguage\":\"fr-FR\",\"@id\":\"https:\\\/\\\/secure.gravatar.com\\\/avatar\\\/673bdfb703a9b6685a88bc7dfb04a9ea2b48b30e9d1663a5e759a4e9bfa3e2c0?s=96&d=mm&r=g\",\"url\":\"https:\\\/\\\/secure.gravatar.com\\\/avatar\\\/673bdfb703a9b6685a88bc7dfb04a9ea2b48b30e9d1663a5e759a4e9bfa3e2c0?s=96&d=mm&r=g\",\"contentUrl\":\"https:\\\/\\\/secure.gravatar.com\\\/avatar\\\/673bdfb703a9b6685a88bc7dfb04a9ea2b48b30e9d1663a5e759a4e9bfa3e2c0?s=96&d=mm&r=g\",\"caption\":\"Karine Dudognon\"},\"url\":\"https:\\\/\\\/www.cargo-montreal.ca\\\/fr\\\/author\\\/karine\\\/\"}]}<\/script>\n<!-- \/ Yoast SEO plugin. -->","yoast_head_json":{"title":"Association am\u00e9ricaine des autorit\u00e9s portuaires (AAPA) - CargoM","robots":{"index":"index","follow":"follow","max-snippet":"max-snippet:-1","max-image-preview":"max-image-preview:large","max-video-preview":"max-video-preview:-1"},"canonical":"https:\/\/www.cargo-montreal.ca\/fr\/association-americaine-des-autorites-portuaires-aapa\/","og_locale":"fr_FR","og_type":"article","og_title":"Association am\u00e9ricaine des autorit\u00e9s portuaires (AAPA) - CargoM","og_description":"L\u2019Association am\u00e9ricaine des autorit\u00e9s portuaires (AAPA)\u00a0est \u00e0 la recherche de conf\u00e9rencier\u00b7\u00e8re\u00b7s pour sa convention annuelle qui aura lieu \u00e0 Qu\u00e9bec du 6 au 8 octobre 2025. La Convention Annuelle AAPA 2025 \u00e0 Qu\u00e9bec, Canada, propose un programme complet ax\u00e9 sur l&rsquo;avenir de la prosp\u00e9rit\u00e9 des ports. Venez d\u00e9couvrir comment les ports d\u00e9veloppent des opportunit\u00e9s et [&hellip;]","og_url":"https:\/\/www.cargo-montreal.ca\/fr\/association-americaine-des-autorites-portuaires-aapa\/","og_site_name":"CargoM","article_published_time":"2025-03-28T13:21:29+00:00","og_image":[{"width":1434,"height":342,"url":"https:\/\/www.cargo-montreal.ca\/wp-content\/uploads\/2025\/03\/AAPA.jpg","type":"image\/jpeg"}],"author":"Karine Dudognon","twitter_card":"summary_large_image","twitter_misc":{"\u00c9crit par":"Karine Dudognon","Dur\u00e9e de lecture estim\u00e9e":"1 minute"},"schema":{"@context":"https:\/\/schema.org","@graph":[{"@type":"Article","@id":"https:\/\/www.cargo-montreal.ca\/fr\/association-americaine-des-autorites-portuaires-aapa\/#article","isPartOf":{"@id":"https:\/\/www.cargo-montreal.ca\/fr\/association-americaine-des-autorites-portuaires-aapa\/"},"author":{"name":"Karine Dudognon","@id":"https:\/\/www.cargo-montreal.ca\/fr\/#\/schema\/person\/80476d173ce654813db9fd1533901365"},"headline":"Association am\u00e9ricaine des autorit\u00e9s portuaires (AAPA)","datePublished":"2025-03-28T13:21:29+00:00","mainEntityOfPage":{"@id":"https:\/\/www.cargo-montreal.ca\/fr\/association-americaine-des-autorites-portuaires-aapa\/"},"wordCount":145,"image":{"@id":"https:\/\/www.cargo-montreal.ca\/fr\/association-americaine-des-autorites-portuaires-aapa\/#primaryimage"},"thumbnailUrl":"https:\/\/www.cargo-montreal.ca\/wp-content\/uploads\/2025\/03\/AAPA.jpg","articleSection":["Services logistiques"],"inLanguage":"fr-FR"},{"@type":"WebPage","@id":"https:\/\/www.cargo-montreal.ca\/fr\/association-americaine-des-autorites-portuaires-aapa\/","url":"https:\/\/www.cargo-montreal.ca\/fr\/association-americaine-des-autorites-portuaires-aapa\/","name":"Association am\u00e9ricaine des autorit\u00e9s portuaires (AAPA) - CargoM","isPartOf":{"@id":"https:\/\/www.cargo-montreal.ca\/fr\/#website"},"primaryImageOfPage":{"@id":"https:\/\/www.cargo-montreal.ca\/fr\/association-americaine-des-autorites-portuaires-aapa\/#primaryimage"},"image":{"@id":"https:\/\/www.cargo-montreal.ca\/fr\/association-americaine-des-autorites-portuaires-aapa\/#primaryimage"},"thumbnailUrl":"https:\/\/www.cargo-montreal.ca\/wp-content\/uploads\/2025\/03\/AAPA.jpg","datePublished":"2025-03-28T13:21:29+00:00","author":{"@id":"https:\/\/www.cargo-montreal.ca\/fr\/#\/schema\/person\/80476d173ce654813db9fd1533901365"},"breadcrumb":{"@id":"https:\/\/www.cargo-montreal.ca\/fr\/association-americaine-des-autorites-portuaires-aapa\/#breadcrumb"},"inLanguage":"fr-FR","potentialAction":[{"@type":"ReadAction","target":["https:\/\/www.cargo-montreal.ca\/fr\/association-americaine-des-autorites-portuaires-aapa\/"]}]},{"@type":"ImageObject","inLanguage":"fr-FR","@id":"https:\/\/www.cargo-montreal.ca\/fr\/association-americaine-des-autorites-portuaires-aapa\/#primaryimage","url":"https:\/\/www.cargo-montreal.ca\/wp-content\/uploads\/2025\/03\/AAPA.jpg","contentUrl":"https:\/\/www.cargo-montreal.ca\/wp-content\/uploads\/2025\/03\/AAPA.jpg","width":1434,"height":342},{"@type":"BreadcrumbList","@id":"https:\/\/www.cargo-montreal.ca\/fr\/association-americaine-des-autorites-portuaires-aapa\/#breadcrumb","itemListElement":[{"@type":"ListItem","position":1,"name":"Home","item":"https:\/\/www.cargo-montreal.ca\/fr\/"},{"@type":"ListItem","position":2,"name":"Association am\u00e9ricaine des autorit\u00e9s portuaires (AAPA)"}]},{"@type":"WebSite","@id":"https:\/\/www.cargo-montreal.ca\/fr\/#website","url":"https:\/\/www.cargo-montreal.ca\/fr\/","name":"CargoM","description":"La mission de CargoM: Rassembler les acteurs de la logistique &amp; du transport de marchandises du Grand Montr\u00e9al autour d&#039;objectifs communs, d&#039;actions concert\u00e9es","potentialAction":[{"@type":"SearchAction","target":{"@type":"EntryPoint","urlTemplate":"https:\/\/www.cargo-montreal.ca\/fr\/?s={search_term_string}"},"query-input":{"@type":"PropertyValueSpecification","valueRequired":true,"valueName":"search_term_string"}}],"inLanguage":"fr-FR"},{"@type":"Person","@id":"https:\/\/www.cargo-montreal.ca\/fr\/#\/schema\/person\/80476d173ce654813db9fd1533901365","name":"Karine Dudognon","image":{"@type":"ImageObject","inLanguage":"fr-FR","@id":"https:\/\/secure.gravatar.com\/avatar\/673bdfb703a9b6685a88bc7dfb04a9ea2b48b30e9d1663a5e759a4e9bfa3e2c0?s=96&d=mm&r=g","url":"https:\/\/secure.gravatar.com\/avatar\/673bdfb703a9b6685a88bc7dfb04a9ea2b48b30e9d1663a5e759a4e9bfa3e2c0?s=96&d=mm&r=g","contentUrl":"https:\/\/secure.gravatar.com\/avatar\/673bdfb703a9b6685a88bc7dfb04a9ea2b48b30e9d1663a5e759a4e9bfa3e2c0?s=96&d=mm&r=g","caption":"Karine Dudognon"},"url":"https:\/\/www.cargo-montreal.ca\/fr\/author\/karine\/"}]}},"_links":{"self":[{"href":"https:\/\/www.cargo-montreal.ca\/fr\/wp-json\/wp\/v2\/posts\/18206","targetHints":{"allow":["GET"]}}],"collection":[{"href":"https:\/\/www.cargo-montreal.ca\/fr\/wp-json\/wp\/v2\/posts"}],"about":[{"href":"https:\/\/www.cargo-montreal.ca\/fr\/wp-json\/wp\/v2\/types\/post"}],"author":[{"embeddable":true,"href":"https:\/\/www.cargo-montreal.ca\/fr\/wp-json\/wp\/v2\/users\/39"}],"replies":[{"embeddable":true,"href":"https:\/\/www.cargo-montreal.ca\/fr\/wp-json\/wp\/v2\/comments?post=18206"}],"version-history":[{"count":1,"href":"https:\/\/www.cargo-montreal.ca\/fr\/wp-json\/wp\/v2\/posts\/18206\/revisions"}],"predecessor-version":[{"id":18207,"href":"https:\/\/www.cargo-montreal.ca\/fr\/wp-json\/wp\/v2\/posts\/18206\/revisions\/18207"}],"wp:featuredmedia":[{"embeddable":true,"href":"https:\/\/www.cargo-montreal.ca\/fr\/wp-json\/wp\/v2\/media\/18147"}],"wp:attachment":[{"href":"https:\/\/www.cargo-montreal.ca\/fr\/wp-json\/wp\/v2\/media?parent=18206"}],"wp:term":[{"taxonomy":"category","embeddable":true,"href":"https:\/\/www.cargo-montreal.ca\/fr\/wp-json\/wp\/v2\/categories?post=18206"},{"taxonomy":"post_tag","embeddable":true,"href":"https:\/\/www.cargo-montreal.ca\/fr\/wp-json\/wp\/v2\/tags?post=18206"}],"curies":[{"name":"wp","href":"https:\/\/api.w.org\/{rel}","templated":true}]}}