{"id":18580,"date":"2025-06-27T00:35:00","date_gmt":"2025-06-27T00:35:00","guid":{"rendered":"https:\/\/www.cargo-montreal.ca\/?p=18580"},"modified":"2025-06-27T00:35:00","modified_gmt":"2025-06-27T00:35:00","slug":"%f0%9f%8c%b1-lancement-du-nouveau-chantier-2-logistique-et-transport-durables","status":"publish","type":"post","link":"https:\/\/www.cargo-montreal.ca\/fr\/%f0%9f%8c%b1-lancement-du-nouveau-chantier-2-logistique-et-transport-durables\/","title":{"rendered":"\ud83c\udf31 Lancement du nouveau Chantier 2 \u2013 Logistique et transport durables"},"content":{"rendered":"<p align=\"justify\">Dans un contexte mondial o\u00f9 les enjeux environnementaux s\u2019intensifient, le Grand Montr\u00e9al, plaque tournante de la logistique et du transport de marchandises, est appel\u00e9 \u00e0 jouer un r\u00f4le de premier plan dans la transition vers des pratiques plus durables. Afin de r\u00e9pondre \u00e0 cet imp\u00e9ratif, CargoM lan\u00e7ait, vendredi dernier, son nouveau Chantier 2 \u2013 Logistique et transport durables.\u00a0<\/p>\r\n<p align=\"justify\">Plusieurs membres de la grappe se sont r\u00e9uni(e)s afin d\u2019\u00e9tablir les bases et orientations du chantier. Des activit\u00e9s et des discussions ont \u00e9galement permis de d\u00e9terminer les priorit\u00e9s, les axes et les mandats du chantier.<\/p>\r\n<p align=\"justify\">Copr\u00e9sid\u00e9 par\u00a0<a href=\"https:\/\/info.cargo-montreal.ca\/e3t\/Ctc\/ZU+113\/d11nbd04\/VWd01T8FbThnW4wRYl72W_8mwW6tdK5Q5ygJ9LN7bK2_83lYM-W7lCdLW6lZ3lDW7j0PZn6YvD-rW3Fv1HG99cvq-W7xk4ng1H-VWQVf7XHv5BFxDlW3hvkss1cwBt1W1Rs4jl4fkG7GW3kLNw83Cr_sdVnhNsT9lZpJGW67BPtd1V-jKSW1w0g7J34l_81W3gKWzZ4Y37yYVBQ5pJ1hqq79W3J6HWt2M9WDVW5vWR3K3XjP8HW7bWwzY4YRBNDW3hH8PD2rYQB2W2s1NQL6gC73NW3SHVVC1w_hNyW4FZKRq3kQC8VW57g4zB7mVnPxVcB7C72zmZH3N3P756HttfvZW2VkgWP1DdVv4N3txVcdhBtQqf8s4hhv04\" target=\"_blank\" rel=\"noopener\" data-saferedirecturl=\"https:\/\/www.google.com\/url?q=https:\/\/info.cargo-montreal.ca\/e3t\/Ctc\/ZU%2B113\/d11nbd04\/VWd01T8FbThnW4wRYl72W_8mwW6tdK5Q5ygJ9LN7bK2_83lYM-W7lCdLW6lZ3lDW7j0PZn6YvD-rW3Fv1HG99cvq-W7xk4ng1H-VWQVf7XHv5BFxDlW3hvkss1cwBt1W1Rs4jl4fkG7GW3kLNw83Cr_sdVnhNsT9lZpJGW67BPtd1V-jKSW1w0g7J34l_81W3gKWzZ4Y37yYVBQ5pJ1hqq79W3J6HWt2M9WDVW5vWR3K3XjP8HW7bWwzY4YRBNDW3hH8PD2rYQB2W2s1NQL6gC73NW3SHVVC1w_hNyW4FZKRq3kQC8VW57g4zB7mVnPxVcB7C72zmZH3N3P756HttfvZW2VkgWP1DdVv4N3txVcdhBtQqf8s4hhv04&amp;source=gmail&amp;ust=1751048626470000&amp;usg=AOvVaw2PDiGCHACqYf4-9inuW0cA\">Sophie Mauzerolle<\/a>\u00a0et par\u00a0<a href=\"https:\/\/info.cargo-montreal.ca\/e3t\/Ctc\/ZU+113\/d11nbd04\/VWd01T8FbThnW4wRYl72W_8mwW6tdK5Q5ygJ9LN7bK2_83lYM-W7lCdLW6lZ3pgW4ZQC5Y9jrTwfW330J3Z7kMS1bW4JL6VK270jrVW9kYPDg2Mwt99W3NQ-cW5G1JHjW3dKYdR7b5Ks0W1Xkvzg3WHV_DW2LV9416CR3RcW5MwM6y6BtZsyW6wcdjB6cG-K2W90VZnz51Nw27W9cF-VN2lkxXtN5RDSwsScQmYW7fXxLR6t8frvW2x8pbR1G_tlPW98hDRg7qcZ5yW3r9G2N8vmPYtW7XBndt717fSfV_3h2T8RZChjW5lf87v2yhFyMW7Mt3jQ8jpKVnW1Gqkr13s-bj5W6VQxgf6GJbvFW89FZrQ1DTcY0f1nM2Zq04\" target=\"_blank\" rel=\"noopener\" data-saferedirecturl=\"https:\/\/www.google.com\/url?q=https:\/\/info.cargo-montreal.ca\/e3t\/Ctc\/ZU%2B113\/d11nbd04\/VWd01T8FbThnW4wRYl72W_8mwW6tdK5Q5ygJ9LN7bK2_83lYM-W7lCdLW6lZ3pgW4ZQC5Y9jrTwfW330J3Z7kMS1bW4JL6VK270jrVW9kYPDg2Mwt99W3NQ-cW5G1JHjW3dKYdR7b5Ks0W1Xkvzg3WHV_DW2LV9416CR3RcW5MwM6y6BtZsyW6wcdjB6cG-K2W90VZnz51Nw27W9cF-VN2lkxXtN5RDSwsScQmYW7fXxLR6t8frvW2x8pbR1G_tlPW98hDRg7qcZ5yW3r9G2N8vmPYtW7XBndt717fSfV_3h2T8RZChjW5lf87v2yhFyMW7Mt3jQ8jpKVnW1Gqkr13s-bj5W6VQxgf6GJbvFW89FZrQ1DTcY0f1nM2Zq04&amp;source=gmail&amp;ust=1751048626470000&amp;usg=AOvVaw26_L6XasVGF2hcWK0xi-Zy\">Martin Tr\u00e9panier<\/a>, ce nouveau chantier est une invitation \u00e0 r\u00e9fl\u00e9chir ensemble, \u00e0 mettre en lumi\u00e8re les initiatives existantes, \u00e0 identifier des leviers d\u2019actions concr\u00e8tes et \u00e0 b\u00e2tir un cadre de collaboration ambitieux et pragmatique.<\/p>\r\n<p align=\"justify\">Nous remercions chaleureusement la Ville de Montr\u00e9al qui nous a accueillis \u00e0 l\u2019H\u00f4tel de Ville pour l\u2019occasion.<\/p>\r\n<p align=\"justify\">Pour en savoir plus sur le chantier ou pour y participer, nous vous invitons \u00e0 contacter\u00a0<a href=\"mailto:alombard@cargo-montreal.ca\" target=\"_blank\" rel=\"noopener\">Amy Lombard<\/a><\/p>","protected":false},"excerpt":{"rendered":"Dans un contexte mondial o\u00f9 les enjeux environnementaux s\u2019intensifient, le Grand Montr\u00e9al, plaque tournante de la logistique et du transport de marchandises, est appel\u00e9 \u00e0 jouer un r\u00f4le de premier plan dans la transition vers des pratiques plus durables. Afin de r\u00e9pondre \u00e0 cet imp\u00e9ratif, CargoM lan\u00e7ait, vendredi dernier, son nouveau Chantier 2 \u2013 Logistique [&hellip;]","protected":false},"author":39,"featured_media":18566,"comment_status":"closed","ping_status":"closed","sticky":false,"template":"","format":"standard","meta":{"_acf_changed":false,"footnotes":""},"categories":[20],"tags":[],"class_list":["post-18580","post","type-post","status-publish","format-standard","has-post-thumbnail","hentry","category-services-logistiques"],"acf":[],"yoast_head":"<!-- This site is optimized with the Yoast SEO plugin v27.3 - https:\/\/yoast.com\/product\/yoast-seo-wordpress\/ -->\n<title>\ud83c\udf31 Lancement du nouveau Chantier 2 \u2013 Logistique et transport durables - CargoM<\/title>\n<meta name=\"robots\" content=\"index, follow, max-snippet:-1, max-image-preview:large, max-video-preview:-1\" \/>\n<link rel=\"canonical\" href=\"https:\/\/www.cargo-montreal.ca\/fr\/%f0%9f%8c%b1-lancement-du-nouveau-chantier-2-logistique-et-transport-durables\/\" \/>\n<meta property=\"og:locale\" content=\"fr_FR\" \/>\n<meta property=\"og:type\" content=\"article\" \/>\n<meta property=\"og:title\" content=\"\ud83c\udf31 Lancement du nouveau Chantier 2 \u2013 Logistique et transport durables - CargoM\" \/>\n<meta property=\"og:description\" content=\"Dans un contexte mondial o\u00f9 les enjeux environnementaux s\u2019intensifient, le Grand Montr\u00e9al, plaque tournante de la logistique et du transport de marchandises, est appel\u00e9 \u00e0 jouer un r\u00f4le de premier plan dans la transition vers des pratiques plus durables. Afin de r\u00e9pondre \u00e0 cet imp\u00e9ratif, CargoM lan\u00e7ait, vendredi dernier, son nouveau Chantier 2 \u2013 Logistique [&hellip;]\" \/>\n<meta property=\"og:url\" content=\"https:\/\/www.cargo-montreal.ca\/fr\/%f0%9f%8c%b1-lancement-du-nouveau-chantier-2-logistique-et-transport-durables\/\" \/>\n<meta property=\"og:site_name\" content=\"CargoM\" \/>\n<meta property=\"article:published_time\" content=\"2025-06-27T00:35:00+00:00\" \/>\n<meta property=\"og:image\" content=\"https:\/\/www.cargo-montreal.ca\/wp-content\/uploads\/2025\/06\/C2-Photo-de-groupe-scaled.jpg\" \/>\n\t<meta property=\"og:image:width\" content=\"2560\" \/>\n\t<meta property=\"og:image:height\" content=\"1597\" \/>\n\t<meta property=\"og:image:type\" content=\"image\/jpeg\" \/>\n<meta name=\"author\" content=\"Karine Dudognon\" \/>\n<meta name=\"twitter:card\" content=\"summary_large_image\" \/>\n<meta name=\"twitter:label1\" content=\"\u00c9crit par\" \/>\n\t<meta name=\"twitter:data1\" content=\"Karine Dudognon\" \/>\n\t<meta name=\"twitter:label2\" content=\"Dur\u00e9e de lecture estim\u00e9e\" \/>\n\t<meta name=\"twitter:data2\" content=\"1 minute\" \/>\n<script type=\"application\/ld+json\" class=\"yoast-schema-graph\">{\"@context\":\"https:\\\/\\\/schema.org\",\"@graph\":[{\"@type\":\"Article\",\"@id\":\"https:\\\/\\\/www.cargo-montreal.ca\\\/fr\\\/%f0%9f%8c%b1-lancement-du-nouveau-chantier-2-logistique-et-transport-durables\\\/#article\",\"isPartOf\":{\"@id\":\"https:\\\/\\\/www.cargo-montreal.ca\\\/fr\\\/%f0%9f%8c%b1-lancement-du-nouveau-chantier-2-logistique-et-transport-durables\\\/\"},\"author\":{\"name\":\"Karine Dudognon\",\"@id\":\"https:\\\/\\\/www.cargo-montreal.ca\\\/fr\\\/#\\\/schema\\\/person\\\/80476d173ce654813db9fd1533901365\"},\"headline\":\"\ud83c\udf31 Lancement du nouveau Chantier 2 \u2013 Logistique et transport durables\",\"datePublished\":\"2025-06-27T00:35:00+00:00\",\"mainEntityOfPage\":{\"@id\":\"https:\\\/\\\/www.cargo-montreal.ca\\\/fr\\\/%f0%9f%8c%b1-lancement-du-nouveau-chantier-2-logistique-et-transport-durables\\\/\"},\"wordCount\":191,\"image\":{\"@id\":\"https:\\\/\\\/www.cargo-montreal.ca\\\/fr\\\/%f0%9f%8c%b1-lancement-du-nouveau-chantier-2-logistique-et-transport-durables\\\/#primaryimage\"},\"thumbnailUrl\":\"https:\\\/\\\/www.cargo-montreal.ca\\\/wp-content\\\/uploads\\\/2025\\\/06\\\/C2-Photo-de-groupe-scaled.jpg\",\"articleSection\":[\"Services logistiques\"],\"inLanguage\":\"fr-FR\"},{\"@type\":\"WebPage\",\"@id\":\"https:\\\/\\\/www.cargo-montreal.ca\\\/fr\\\/%f0%9f%8c%b1-lancement-du-nouveau-chantier-2-logistique-et-transport-durables\\\/\",\"url\":\"https:\\\/\\\/www.cargo-montreal.ca\\\/fr\\\/%f0%9f%8c%b1-lancement-du-nouveau-chantier-2-logistique-et-transport-durables\\\/\",\"name\":\"\ud83c\udf31 Lancement du nouveau Chantier 2 \u2013 Logistique et transport durables - CargoM\",\"isPartOf\":{\"@id\":\"https:\\\/\\\/www.cargo-montreal.ca\\\/fr\\\/#website\"},\"primaryImageOfPage\":{\"@id\":\"https:\\\/\\\/www.cargo-montreal.ca\\\/fr\\\/%f0%9f%8c%b1-lancement-du-nouveau-chantier-2-logistique-et-transport-durables\\\/#primaryimage\"},\"image\":{\"@id\":\"https:\\\/\\\/www.cargo-montreal.ca\\\/fr\\\/%f0%9f%8c%b1-lancement-du-nouveau-chantier-2-logistique-et-transport-durables\\\/#primaryimage\"},\"thumbnailUrl\":\"https:\\\/\\\/www.cargo-montreal.ca\\\/wp-content\\\/uploads\\\/2025\\\/06\\\/C2-Photo-de-groupe-scaled.jpg\",\"datePublished\":\"2025-06-27T00:35:00+00:00\",\"author\":{\"@id\":\"https:\\\/\\\/www.cargo-montreal.ca\\\/fr\\\/#\\\/schema\\\/person\\\/80476d173ce654813db9fd1533901365\"},\"breadcrumb\":{\"@id\":\"https:\\\/\\\/www.cargo-montreal.ca\\\/fr\\\/%f0%9f%8c%b1-lancement-du-nouveau-chantier-2-logistique-et-transport-durables\\\/#breadcrumb\"},\"inLanguage\":\"fr-FR\",\"potentialAction\":[{\"@type\":\"ReadAction\",\"target\":[\"https:\\\/\\\/www.cargo-montreal.ca\\\/fr\\\/%f0%9f%8c%b1-lancement-du-nouveau-chantier-2-logistique-et-transport-durables\\\/\"]}]},{\"@type\":\"ImageObject\",\"inLanguage\":\"fr-FR\",\"@id\":\"https:\\\/\\\/www.cargo-montreal.ca\\\/fr\\\/%f0%9f%8c%b1-lancement-du-nouveau-chantier-2-logistique-et-transport-durables\\\/#primaryimage\",\"url\":\"https:\\\/\\\/www.cargo-montreal.ca\\\/wp-content\\\/uploads\\\/2025\\\/06\\\/C2-Photo-de-groupe-scaled.jpg\",\"contentUrl\":\"https:\\\/\\\/www.cargo-montreal.ca\\\/wp-content\\\/uploads\\\/2025\\\/06\\\/C2-Photo-de-groupe-scaled.jpg\",\"width\":2560,\"height\":1597},{\"@type\":\"BreadcrumbList\",\"@id\":\"https:\\\/\\\/www.cargo-montreal.ca\\\/fr\\\/%f0%9f%8c%b1-lancement-du-nouveau-chantier-2-logistique-et-transport-durables\\\/#breadcrumb\",\"itemListElement\":[{\"@type\":\"ListItem\",\"position\":1,\"name\":\"Home\",\"item\":\"https:\\\/\\\/www.cargo-montreal.ca\\\/fr\\\/\"},{\"@type\":\"ListItem\",\"position\":2,\"name\":\"\ud83c\udf31 Lancement du nouveau Chantier 2 \u2013 Logistique et transport durables\"}]},{\"@type\":\"WebSite\",\"@id\":\"https:\\\/\\\/www.cargo-montreal.ca\\\/fr\\\/#website\",\"url\":\"https:\\\/\\\/www.cargo-montreal.ca\\\/fr\\\/\",\"name\":\"CargoM\",\"description\":\"La mission de CargoM: Rassembler les acteurs de la logistique &amp; du transport de marchandises du Grand Montr\u00e9al autour d&#039;objectifs communs, d&#039;actions concert\u00e9es\",\"potentialAction\":[{\"@type\":\"SearchAction\",\"target\":{\"@type\":\"EntryPoint\",\"urlTemplate\":\"https:\\\/\\\/www.cargo-montreal.ca\\\/fr\\\/?s={search_term_string}\"},\"query-input\":{\"@type\":\"PropertyValueSpecification\",\"valueRequired\":true,\"valueName\":\"search_term_string\"}}],\"inLanguage\":\"fr-FR\"},{\"@type\":\"Person\",\"@id\":\"https:\\\/\\\/www.cargo-montreal.ca\\\/fr\\\/#\\\/schema\\\/person\\\/80476d173ce654813db9fd1533901365\",\"name\":\"Karine Dudognon\",\"image\":{\"@type\":\"ImageObject\",\"inLanguage\":\"fr-FR\",\"@id\":\"https:\\\/\\\/secure.gravatar.com\\\/avatar\\\/673bdfb703a9b6685a88bc7dfb04a9ea2b48b30e9d1663a5e759a4e9bfa3e2c0?s=96&d=mm&r=g\",\"url\":\"https:\\\/\\\/secure.gravatar.com\\\/avatar\\\/673bdfb703a9b6685a88bc7dfb04a9ea2b48b30e9d1663a5e759a4e9bfa3e2c0?s=96&d=mm&r=g\",\"contentUrl\":\"https:\\\/\\\/secure.gravatar.com\\\/avatar\\\/673bdfb703a9b6685a88bc7dfb04a9ea2b48b30e9d1663a5e759a4e9bfa3e2c0?s=96&d=mm&r=g\",\"caption\":\"Karine Dudognon\"},\"url\":\"https:\\\/\\\/www.cargo-montreal.ca\\\/fr\\\/author\\\/karine\\\/\"}]}<\/script>\n<!-- \/ Yoast SEO plugin. -->","yoast_head_json":{"title":"\ud83c\udf31 Lancement du nouveau Chantier 2 \u2013 Logistique et transport durables - CargoM","robots":{"index":"index","follow":"follow","max-snippet":"max-snippet:-1","max-image-preview":"max-image-preview:large","max-video-preview":"max-video-preview:-1"},"canonical":"https:\/\/www.cargo-montreal.ca\/fr\/%f0%9f%8c%b1-lancement-du-nouveau-chantier-2-logistique-et-transport-durables\/","og_locale":"fr_FR","og_type":"article","og_title":"\ud83c\udf31 Lancement du nouveau Chantier 2 \u2013 Logistique et transport durables - CargoM","og_description":"Dans un contexte mondial o\u00f9 les enjeux environnementaux s\u2019intensifient, le Grand Montr\u00e9al, plaque tournante de la logistique et du transport de marchandises, est appel\u00e9 \u00e0 jouer un r\u00f4le de premier plan dans la transition vers des pratiques plus durables. Afin de r\u00e9pondre \u00e0 cet imp\u00e9ratif, CargoM lan\u00e7ait, vendredi dernier, son nouveau Chantier 2 \u2013 Logistique [&hellip;]","og_url":"https:\/\/www.cargo-montreal.ca\/fr\/%f0%9f%8c%b1-lancement-du-nouveau-chantier-2-logistique-et-transport-durables\/","og_site_name":"CargoM","article_published_time":"2025-06-27T00:35:00+00:00","og_image":[{"width":2560,"height":1597,"url":"https:\/\/www.cargo-montreal.ca\/wp-content\/uploads\/2025\/06\/C2-Photo-de-groupe-scaled.jpg","type":"image\/jpeg"}],"author":"Karine Dudognon","twitter_card":"summary_large_image","twitter_misc":{"\u00c9crit par":"Karine Dudognon","Dur\u00e9e de lecture estim\u00e9e":"1 minute"},"schema":{"@context":"https:\/\/schema.org","@graph":[{"@type":"Article","@id":"https:\/\/www.cargo-montreal.ca\/fr\/%f0%9f%8c%b1-lancement-du-nouveau-chantier-2-logistique-et-transport-durables\/#article","isPartOf":{"@id":"https:\/\/www.cargo-montreal.ca\/fr\/%f0%9f%8c%b1-lancement-du-nouveau-chantier-2-logistique-et-transport-durables\/"},"author":{"name":"Karine Dudognon","@id":"https:\/\/www.cargo-montreal.ca\/fr\/#\/schema\/person\/80476d173ce654813db9fd1533901365"},"headline":"\ud83c\udf31 Lancement du nouveau Chantier 2 \u2013 Logistique et transport durables","datePublished":"2025-06-27T00:35:00+00:00","mainEntityOfPage":{"@id":"https:\/\/www.cargo-montreal.ca\/fr\/%f0%9f%8c%b1-lancement-du-nouveau-chantier-2-logistique-et-transport-durables\/"},"wordCount":191,"image":{"@id":"https:\/\/www.cargo-montreal.ca\/fr\/%f0%9f%8c%b1-lancement-du-nouveau-chantier-2-logistique-et-transport-durables\/#primaryimage"},"thumbnailUrl":"https:\/\/www.cargo-montreal.ca\/wp-content\/uploads\/2025\/06\/C2-Photo-de-groupe-scaled.jpg","articleSection":["Services logistiques"],"inLanguage":"fr-FR"},{"@type":"WebPage","@id":"https:\/\/www.cargo-montreal.ca\/fr\/%f0%9f%8c%b1-lancement-du-nouveau-chantier-2-logistique-et-transport-durables\/","url":"https:\/\/www.cargo-montreal.ca\/fr\/%f0%9f%8c%b1-lancement-du-nouveau-chantier-2-logistique-et-transport-durables\/","name":"\ud83c\udf31 Lancement du nouveau Chantier 2 \u2013 Logistique et transport durables - CargoM","isPartOf":{"@id":"https:\/\/www.cargo-montreal.ca\/fr\/#website"},"primaryImageOfPage":{"@id":"https:\/\/www.cargo-montreal.ca\/fr\/%f0%9f%8c%b1-lancement-du-nouveau-chantier-2-logistique-et-transport-durables\/#primaryimage"},"image":{"@id":"https:\/\/www.cargo-montreal.ca\/fr\/%f0%9f%8c%b1-lancement-du-nouveau-chantier-2-logistique-et-transport-durables\/#primaryimage"},"thumbnailUrl":"https:\/\/www.cargo-montreal.ca\/wp-content\/uploads\/2025\/06\/C2-Photo-de-groupe-scaled.jpg","datePublished":"2025-06-27T00:35:00+00:00","author":{"@id":"https:\/\/www.cargo-montreal.ca\/fr\/#\/schema\/person\/80476d173ce654813db9fd1533901365"},"breadcrumb":{"@id":"https:\/\/www.cargo-montreal.ca\/fr\/%f0%9f%8c%b1-lancement-du-nouveau-chantier-2-logistique-et-transport-durables\/#breadcrumb"},"inLanguage":"fr-FR","potentialAction":[{"@type":"ReadAction","target":["https:\/\/www.cargo-montreal.ca\/fr\/%f0%9f%8c%b1-lancement-du-nouveau-chantier-2-logistique-et-transport-durables\/"]}]},{"@type":"ImageObject","inLanguage":"fr-FR","@id":"https:\/\/www.cargo-montreal.ca\/fr\/%f0%9f%8c%b1-lancement-du-nouveau-chantier-2-logistique-et-transport-durables\/#primaryimage","url":"https:\/\/www.cargo-montreal.ca\/wp-content\/uploads\/2025\/06\/C2-Photo-de-groupe-scaled.jpg","contentUrl":"https:\/\/www.cargo-montreal.ca\/wp-content\/uploads\/2025\/06\/C2-Photo-de-groupe-scaled.jpg","width":2560,"height":1597},{"@type":"BreadcrumbList","@id":"https:\/\/www.cargo-montreal.ca\/fr\/%f0%9f%8c%b1-lancement-du-nouveau-chantier-2-logistique-et-transport-durables\/#breadcrumb","itemListElement":[{"@type":"ListItem","position":1,"name":"Home","item":"https:\/\/www.cargo-montreal.ca\/fr\/"},{"@type":"ListItem","position":2,"name":"\ud83c\udf31 Lancement du nouveau Chantier 2 \u2013 Logistique et transport durables"}]},{"@type":"WebSite","@id":"https:\/\/www.cargo-montreal.ca\/fr\/#website","url":"https:\/\/www.cargo-montreal.ca\/fr\/","name":"CargoM","description":"La mission de CargoM: Rassembler les acteurs de la logistique &amp; du transport de marchandises du Grand Montr\u00e9al autour d&#039;objectifs communs, d&#039;actions concert\u00e9es","potentialAction":[{"@type":"SearchAction","target":{"@type":"EntryPoint","urlTemplate":"https:\/\/www.cargo-montreal.ca\/fr\/?s={search_term_string}"},"query-input":{"@type":"PropertyValueSpecification","valueRequired":true,"valueName":"search_term_string"}}],"inLanguage":"fr-FR"},{"@type":"Person","@id":"https:\/\/www.cargo-montreal.ca\/fr\/#\/schema\/person\/80476d173ce654813db9fd1533901365","name":"Karine Dudognon","image":{"@type":"ImageObject","inLanguage":"fr-FR","@id":"https:\/\/secure.gravatar.com\/avatar\/673bdfb703a9b6685a88bc7dfb04a9ea2b48b30e9d1663a5e759a4e9bfa3e2c0?s=96&d=mm&r=g","url":"https:\/\/secure.gravatar.com\/avatar\/673bdfb703a9b6685a88bc7dfb04a9ea2b48b30e9d1663a5e759a4e9bfa3e2c0?s=96&d=mm&r=g","contentUrl":"https:\/\/secure.gravatar.com\/avatar\/673bdfb703a9b6685a88bc7dfb04a9ea2b48b30e9d1663a5e759a4e9bfa3e2c0?s=96&d=mm&r=g","caption":"Karine Dudognon"},"url":"https:\/\/www.cargo-montreal.ca\/fr\/author\/karine\/"}]}},"_links":{"self":[{"href":"https:\/\/www.cargo-montreal.ca\/fr\/wp-json\/wp\/v2\/posts\/18580","targetHints":{"allow":["GET"]}}],"collection":[{"href":"https:\/\/www.cargo-montreal.ca\/fr\/wp-json\/wp\/v2\/posts"}],"about":[{"href":"https:\/\/www.cargo-montreal.ca\/fr\/wp-json\/wp\/v2\/types\/post"}],"author":[{"embeddable":true,"href":"https:\/\/www.cargo-montreal.ca\/fr\/wp-json\/wp\/v2\/users\/39"}],"replies":[{"embeddable":true,"href":"https:\/\/www.cargo-montreal.ca\/fr\/wp-json\/wp\/v2\/comments?post=18580"}],"version-history":[{"count":1,"href":"https:\/\/www.cargo-montreal.ca\/fr\/wp-json\/wp\/v2\/posts\/18580\/revisions"}],"predecessor-version":[{"id":18581,"href":"https:\/\/www.cargo-montreal.ca\/fr\/wp-json\/wp\/v2\/posts\/18580\/revisions\/18581"}],"wp:featuredmedia":[{"embeddable":true,"href":"https:\/\/www.cargo-montreal.ca\/fr\/wp-json\/wp\/v2\/media\/18566"}],"wp:attachment":[{"href":"https:\/\/www.cargo-montreal.ca\/fr\/wp-json\/wp\/v2\/media?parent=18580"}],"wp:term":[{"taxonomy":"category","embeddable":true,"href":"https:\/\/www.cargo-montreal.ca\/fr\/wp-json\/wp\/v2\/categories?post=18580"},{"taxonomy":"post_tag","embeddable":true,"href":"https:\/\/www.cargo-montreal.ca\/fr\/wp-json\/wp\/v2\/tags?post=18580"}],"curies":[{"name":"wp","href":"https:\/\/api.w.org\/{rel}","templated":true}]}}