{"id":18582,"date":"2025-06-27T00:37:10","date_gmt":"2025-06-27T00:37:10","guid":{"rendered":"https:\/\/www.cargo-montreal.ca\/?p=18582"},"modified":"2025-06-27T00:37:10","modified_gmt":"2025-06-27T00:37:10","slug":"aga-2025-de-cargom-2","status":"publish","type":"post","link":"https:\/\/www.cargo-montreal.ca\/fr\/aga-2025-de-cargom-2\/","title":{"rendered":"AGA 2025 de CargoM"},"content":{"rendered":"<p>Le 3 juin dernier CargoM<strong>\u00a0<\/strong>d\u00e9voilait son\u00a0<a href=\"https:\/\/info.cargo-montreal.ca\/e3t\/Ctc\/ZU+113\/d11nbd04\/VWd01T8FbThnW4wRYl72W_8mwW6tdK5Q5ygJ9LN7bK3023lYM-W95jsWP6lZ3m4N8lts09PTyTgW1jhzs18cGr69W3TXC1n10fMB4VfTTtv6q4Dm_W4dSlBN6jkV-MW4c3P7K3Vd6KqW1ZMLT32PcPcZN26Q8FNnppSKN14Qm7_q4yFFW1dhPsN50gFlkW1Qn8Cn2ZNPtMW1VPwM-2x5W-tW7m9tlp8Z62B1W69q_7B8-bvwWW6Vwgyc69GgbTW73D_5m7vPWcxW7vHpcg5gSDvWW1Ycqww2N0Y29W460FX-3zh_LyW3QZxV19f1PM_W3XPYVv1qCLXwW2JhNDB6HM4tyW4pGqMK8zWZ9_W1TCHq5619r3CW8Rg5V32VY5VsW412LpM4-MlSpW8r2cXv6xQqlyW1WpkS27vkY8JW2BGVHv4h1v_CW2ZplnQ3pTZC-dddSGP04\" target=\"_blank\" rel=\"noopener\" data-saferedirecturl=\"https:\/\/www.google.com\/url?q=https:\/\/info.cargo-montreal.ca\/e3t\/Ctc\/ZU%2B113\/d11nbd04\/VWd01T8FbThnW4wRYl72W_8mwW6tdK5Q5ygJ9LN7bK3023lYM-W95jsWP6lZ3m4N8lts09PTyTgW1jhzs18cGr69W3TXC1n10fMB4VfTTtv6q4Dm_W4dSlBN6jkV-MW4c3P7K3Vd6KqW1ZMLT32PcPcZN26Q8FNnppSKN14Qm7_q4yFFW1dhPsN50gFlkW1Qn8Cn2ZNPtMW1VPwM-2x5W-tW7m9tlp8Z62B1W69q_7B8-bvwWW6Vwgyc69GgbTW73D_5m7vPWcxW7vHpcg5gSDvWW1Ycqww2N0Y29W460FX-3zh_LyW3QZxV19f1PM_W3XPYVv1qCLXwW2JhNDB6HM4tyW4pGqMK8zWZ9_W1TCHq5619r3CW8Rg5V32VY5VsW412LpM4-MlSpW8r2cXv6xQqlyW1WpkS27vkY8JW2BGVHv4h1v_CW2ZplnQ3pTZC-dddSGP04&amp;source=gmail&amp;ust=1751048626470000&amp;usg=AOvVaw0FSJ8f7VUte9Fvlve9EaCZ\">bilan 2024-2025<\/a>\u00a0lors de son Assembl\u00e9e g\u00e9n\u00e9rale annuelle. Ce rendez-vous a aussi marqu\u00e9 le d\u00e9but d\u2019une nouvelle phase : CargoM 2.0, une d\u00e9marche ambitieuse qui nous projette vers l\u2019avenir avec une vision renouvel\u00e9e.<\/p>\r\n<p align=\"justify\"><img loading=\"lazy\" decoding=\"async\" class=\"an1\" draggable=\"false\" src=\"https:\/\/fonts.gstatic.com\/s\/e\/notoemoji\/16.0\/2728\/72.png\" alt=\"\u2728\" width=\"18\" height=\"18\" data-emoji=\"\u2728\" aria-label=\"\u2728\" \/>Deux nouvelles administratrices ont \u00e9t\u00e9 \u00e9lues au conseil d\u2019administration de la grappe. Nous souhaitons la bienvenue \u00e0\u00a0<a href=\"https:\/\/info.cargo-montreal.ca\/e3t\/Ctc\/ZU+113\/d11nbd04\/VWd01T8FbThnW4wRYl72W_8mwW6tdK5Q5ygJ9LN7bK2_M3lYM-W8wLKSR6lZ3m9W997lNX1mGJx-W7BRcFb2ZQdK5N4T5KKZkJ6g1N2ChJZsh2wdLW3Pz9vR7vRr3_W4ybYBf4n9nPBW4kD_rW7LF7-RN2mFbSFh7pTDW5mFxll48qbmwW8R0Khr4sf0fqW5p-XC829m-Q4W2VVHyS6zQnYXW3FFwhm46QTzxW40DHjV4wV62kW92Q4Mq5_6vhnW270Bkq1V95slW6mKj2P29GlPpVcmv3D4HXcskW5g-h9-7zK4NqW1gLhph97DJvmW81LmFL8gQbWZW4fy49m9d931wW2wKMdt64VKD2W7LS1f85g4N9KW81B79V2kmN3vV8gP9H9j1q3XVgsS1M1fqc5tVM_PR67Nj4f_dsXHq-04\" target=\"_blank\" rel=\"noopener\" data-saferedirecturl=\"https:\/\/www.google.com\/url?q=https:\/\/info.cargo-montreal.ca\/e3t\/Ctc\/ZU%2B113\/d11nbd04\/VWd01T8FbThnW4wRYl72W_8mwW6tdK5Q5ygJ9LN7bK2_M3lYM-W8wLKSR6lZ3m9W997lNX1mGJx-W7BRcFb2ZQdK5N4T5KKZkJ6g1N2ChJZsh2wdLW3Pz9vR7vRr3_W4ybYBf4n9nPBW4kD_rW7LF7-RN2mFbSFh7pTDW5mFxll48qbmwW8R0Khr4sf0fqW5p-XC829m-Q4W2VVHyS6zQnYXW3FFwhm46QTzxW40DHjV4wV62kW92Q4Mq5_6vhnW270Bkq1V95slW6mKj2P29GlPpVcmv3D4HXcskW5g-h9-7zK4NqW1gLhph97DJvmW81LmFL8gQbWZW4fy49m9d931wW2wKMdt64VKD2W7LS1f85g4N9KW81B79V2kmN3vV8gP9H9j1q3XVgsS1M1fqc5tVM_PR67Nj4f_dsXHq-04&amp;source=gmail&amp;ust=1751048626470000&amp;usg=AOvVaw0IgADBRXc_pJidfxbONW-7\">Claudine Couture-Trudel<\/a>, Vice-pr\u00e9sidente, Politique ESG et initiatives futures, chez\u00a0<a href=\"https:\/\/info.cargo-montreal.ca\/e3t\/Ctc\/ZU+113\/d11nbd04\/VWd01T8FbThnW4wRYl72W_8mwW6tdK5Q5ygJ9LN7bK2-z3lYM-W69sMD-6lZ3mMW86jX2P1_MMXDW2_4k3W73FxSyW1StXwd6yvDTVW40VWcD955XW9W2wPP_l2DDsqfW3dYGfb3fydTSW5djx_v6fNWQBN8MsLtQhlC2lVP_KGd3Q_tQfW1YnVFy4McTdqW6RJ0WB1XR5LNW3x5MZK7HM8DgW2Yc9XW6MYrCnW84GLxr2xWfTjW8Dt6XY4SXX4RW2YJphK5T1lKKN2gcyt5d42k_W6BNY8f7G0rvKW2QYLsG4ckjHQW8N_W2y3myZMmf3YR8cT04\" target=\"_blank\" rel=\"noopener\" data-saferedirecturl=\"https:\/\/www.google.com\/url?q=https:\/\/info.cargo-montreal.ca\/e3t\/Ctc\/ZU%2B113\/d11nbd04\/VWd01T8FbThnW4wRYl72W_8mwW6tdK5Q5ygJ9LN7bK2-z3lYM-W69sMD-6lZ3mMW86jX2P1_MMXDW2_4k3W73FxSyW1StXwd6yvDTVW40VWcD955XW9W2wPP_l2DDsqfW3dYGfb3fydTSW5djx_v6fNWQBN8MsLtQhlC2lVP_KGd3Q_tQfW1YnVFy4McTdqW6RJ0WB1XR5LNW3x5MZK7HM8DgW2Yc9XW6MYrCnW84GLxr2xWfTjW8Dt6XY4SXX4RW2YJphK5T1lKKN2gcyt5d42k_W6BNY8f7G0rvKW2QYLsG4ckjHQW8N_W2y3myZMmf3YR8cT04&amp;source=gmail&amp;ust=1751048626470000&amp;usg=AOvVaw0NjkemxosfC2NBkMXfiV0e\">QSL<\/a>, ainsi qu\u2019\u00e0\u00a0<a href=\"https:\/\/info.cargo-montreal.ca\/e3t\/Ctc\/ZU+113\/d11nbd04\/VWd01T8FbThnW4wRYl72W_8mwW6tdK5Q5ygJ9LN7bK2_s3lYM-W7Y8-PT6lZ3kVW7f1FJk6HWy8mW496jkh2LYH-vW7mJM544qq5mBN4J4gFCwMvBMV-Wwb95j3GBpW5yDKQz2K2YJ2V7ZZC84bC1CJW2vm-k7531KmRW5JHHVq8mQ0zgW8tSk8w4_bDNHN1dzS7PS-nhCW1m5WZs6-9_xbW2D-W6r43dTTxW1rQyGF3-cHgGW2DCj-t8QgpVMW5Vkv8_72Ns0GW78Q7Hl8q3FfLW7SkKMj1hrP04W8rkjnq1nv53zW5jLCVP2h4plGW6zcnr23_89tqW8jD-ZN64lmS5W8pF5Gn51bDbzVxpYlq3jGm2-MB_qb94lwz0W8LkgW-4ZX90df4N5Tv404\" target=\"_blank\" rel=\"noopener\" data-saferedirecturl=\"https:\/\/www.google.com\/url?q=https:\/\/info.cargo-montreal.ca\/e3t\/Ctc\/ZU%2B113\/d11nbd04\/VWd01T8FbThnW4wRYl72W_8mwW6tdK5Q5ygJ9LN7bK2_s3lYM-W7Y8-PT6lZ3kVW7f1FJk6HWy8mW496jkh2LYH-vW7mJM544qq5mBN4J4gFCwMvBMV-Wwb95j3GBpW5yDKQz2K2YJ2V7ZZC84bC1CJW2vm-k7531KmRW5JHHVq8mQ0zgW8tSk8w4_bDNHN1dzS7PS-nhCW1m5WZs6-9_xbW2D-W6r43dTTxW1rQyGF3-cHgGW2DCj-t8QgpVMW5Vkv8_72Ns0GW78Q7Hl8q3FfLW7SkKMj1hrP04W8rkjnq1nv53zW5jLCVP2h4plGW6zcnr23_89tqW8jD-ZN64lmS5W8pF5Gn51bDbzVxpYlq3jGm2-MB_qb94lwz0W8LkgW-4ZX90df4N5Tv404&amp;source=gmail&amp;ust=1751048626470000&amp;usg=AOvVaw2eoZE8tICiTnsxqquumkhf\">Annie Dauphinais<\/a>, Vice-pr\u00e9sidente, Division logistique routi\u00e8re, chez\u00a0<a href=\"https:\/\/info.cargo-montreal.ca\/e3t\/Ctc\/ZU+113\/d11nbd04\/VWd01T8FbThnW4wRYl72W_8mwW6tdK5Q5ygJ9LN7bK2-T3lYM-W6N1vHY6lZ3mLW5QpqVg96nhl9W5jFHt916Ppg4W7Dl7Wy8KLW_0W31kblh8PC50zW8mtlRL2RqrbXW58P8d46bfYbbW3JQv6S138NBtW3SqWT02ZG_v9W6M5YPN3DTk19W95KgwP1dn9WsVnKl8M7Y8Cb5W5gQHJH6HrfMLW5K6YyV631Bb5W32TLqL5tqG7fW1s3h402FC-dYN5_NndMVvGhDW94hm7Y1mM5kRW2sj4LZ8WJ0t_W364m2t4GnJqFW4_4hMC3XdTcmW30SzWN7YTtjLW4_Qxxl8805jhf1xhdZ604\" target=\"_blank\" rel=\"noopener\" data-saferedirecturl=\"https:\/\/www.google.com\/url?q=https:\/\/info.cargo-montreal.ca\/e3t\/Ctc\/ZU%2B113\/d11nbd04\/VWd01T8FbThnW4wRYl72W_8mwW6tdK5Q5ygJ9LN7bK2-T3lYM-W6N1vHY6lZ3mLW5QpqVg96nhl9W5jFHt916Ppg4W7Dl7Wy8KLW_0W31kblh8PC50zW8mtlRL2RqrbXW58P8d46bfYbbW3JQv6S138NBtW3SqWT02ZG_v9W6M5YPN3DTk19W95KgwP1dn9WsVnKl8M7Y8Cb5W5gQHJH6HrfMLW5K6YyV631Bb5W32TLqL5tqG7fW1s3h402FC-dYN5_NndMVvGhDW94hm7Y1mM5kRW2sj4LZ8WJ0t_W364m2t4GnJqFW4_4hMC3XdTcmW30SzWN7YTtjLW4_Qxxl8805jhf1xhdZ604&amp;source=gmail&amp;ust=1751048626470000&amp;usg=AOvVaw09BeVagqksrdvgpE32lKnu\">Synergie Canada<\/a>.<\/p>\r\n<p align=\"justify\">Notre nouveau conseil d\u2019administration pr\u00e9sid\u00e9 par\u00a0<a href=\"https:\/\/info.cargo-montreal.ca\/e3t\/Ctc\/ZU+113\/d11nbd04\/VWd01T8FbThnW4wRYl72W_8mwW6tdK5Q5ygJ9LN7bK2_83lYM-W7lCdLW6lZ3ldN1spZVwbWTbJW7-Qx831n15PpW8pQ-pK8fLD7mN2nK-30CQxtLW5wHdjG7Ydz9YW8pYmk13ZXSwdW71F6S_5D0rFKW43kV1Y1NK701W1xm5gT1swmjTW2t6GQR6QjmZ8TV6_Z4tp6SbW6r7gmF65YFSrW2DYdG13WPjHZW4DWSSN8pMdFbW85WkSP4KmlxLW3RJZVw3RK45pMglLkGPfV_0VxbYnZ30nD92W6BndFQ1Z8C9KW1DYV_Y7Fz39GW4hqJbc7Qm-m0W7p5P3_56zrYnW112qbV15j11YW7jLNMr1bRNgJf2hjH3z04\" target=\"_blank\" rel=\"noopener\" data-saferedirecturl=\"https:\/\/www.google.com\/url?q=https:\/\/info.cargo-montreal.ca\/e3t\/Ctc\/ZU%2B113\/d11nbd04\/VWd01T8FbThnW4wRYl72W_8mwW6tdK5Q5ygJ9LN7bK2_83lYM-W7lCdLW6lZ3ldN1spZVwbWTbJW7-Qx831n15PpW8pQ-pK8fLD7mN2nK-30CQxtLW5wHdjG7Ydz9YW8pYmk13ZXSwdW71F6S_5D0rFKW43kV1Y1NK701W1xm5gT1swmjTW2t6GQR6QjmZ8TV6_Z4tp6SbW6r7gmF65YFSrW2DYdG13WPjHZW4DWSSN8pMdFbW85WkSP4KmlxLW3RJZVw3RK45pMglLkGPfV_0VxbYnZ30nD92W6BndFQ1Z8C9KW1DYV_Y7Fz39GW4hqJbc7Qm-m0W7p5P3_56zrYnW112qbV15j11YW7jLNMr1bRNgJf2hjH3z04&amp;source=gmail&amp;ust=1751048626470000&amp;usg=AOvVaw1AoIH394uNgLTzZ2yP06SH\">Julie Gascon<\/a>\u00a0est en place, d\u00e9couvrez les visages de\u00a0<a href=\"https:\/\/info.cargo-montreal.ca\/e3t\/Ctc\/ZU+113\/d11nbd04\/VWd01T8FbThnW4wRYl72W_8mwW6tdK5Q5ygJ9LN7bK2_M3lYM-W8wLKSR6lZ3n9W7M9g-l17TjDwVCMQkl4_ys5YW6tmglX3M8PyGW6vF6FV3zjxFMW5K-jGd71Kj1sW692VwT65YvP6MHdBpZQkgwyW81rXTp7jYWMlW4v76zr2kWCWmW1yk0HC7jS32JW1sD1bs1KlXfwW1mwwkv1FRD2gW6xwsS82MpKjTW4HfJ4T6kmMn2W6MLt8z7lFQ2SW92LGnW6MnM6YW1VGdwg1RY7jwW11ycvp3WbL3ZW1bN-NX91FXlLN41lMXB5txvCW80l9GC37h7J3W632YJx3hrPV0W3cFT4J68bj8PVt-HSB7-g-g6W5cwFrG76StbWW5Lvpjd4N_t92W1Pwdh57WKbqCW2mZlCs1pccW-f2Wk2ln04\" target=\"_blank\" rel=\"noopener\" data-saferedirecturl=\"https:\/\/www.google.com\/url?q=https:\/\/info.cargo-montreal.ca\/e3t\/Ctc\/ZU%2B113\/d11nbd04\/VWd01T8FbThnW4wRYl72W_8mwW6tdK5Q5ygJ9LN7bK2_M3lYM-W8wLKSR6lZ3n9W7M9g-l17TjDwVCMQkl4_ys5YW6tmglX3M8PyGW6vF6FV3zjxFMW5K-jGd71Kj1sW692VwT65YvP6MHdBpZQkgwyW81rXTp7jYWMlW4v76zr2kWCWmW1yk0HC7jS32JW1sD1bs1KlXfwW1mwwkv1FRD2gW6xwsS82MpKjTW4HfJ4T6kmMn2W6MLt8z7lFQ2SW92LGnW6MnM6YW1VGdwg1RY7jwW11ycvp3WbL3ZW1bN-NX91FXlLN41lMXB5txvCW80l9GC37h7J3W632YJx3hrPV0W3cFT4J68bj8PVt-HSB7-g-g6W5cwFrG76StbWW5Lvpjd4N_t92W1Pwdh57WKbqCW2mZlCs1pccW-f2Wk2ln04&amp;source=gmail&amp;ust=1751048626470000&amp;usg=AOvVaw1ezn5ZBUAZkVSjnYUqNT0n\">celles et ceux<\/a>\u00a0qui s\u2019engageront \u00e0 nos c\u00f4t\u00e9s pour la prochaine ann\u00e9e.<\/p>\r\n<p align=\"justify\">Un moment fort qui s\u2019est poursuivi avec un \u00e9v\u00e9nement r\u00e9seautage rassemblant les acteurs cl\u00e9s du transport et de la logistique. Membres, partenaires et professionnels du secteur \u00e9taient au rendez-vous pour \u00e9changer, partager et tisser de nouvelles collaborations.<\/p>\r\n<p align=\"justify\">Nous tenons \u00e0 remercier chaleureusement\u00a0<a href=\"https:\/\/info.cargo-montreal.ca\/e3t\/Ctc\/ZU+113\/d11nbd04\/VWd01T8FbThnW4wRYl72W_8mwW6tdK5Q5ygJ9LN7bK2_83lYM-W7lCdLW6lZ3m2W2kH0j326RW_mW7KzJ5j2bM9mxW8sZHMS5tK4YlW6Ktn4b5_gHKMW6-TpVq8KY9XTW41_vpv3vpQWGW8DNxr47qhvzYN8RW7qQK1KpHW3F3LpW2cLm04W1ngbrJ6Tnb3fW2Wpqg84mkDfzW6pZj_c2B6S5zW5f5z_61G7wXsW3pWVfQ1fLF80W10K5Kg60R83qW481XgB401BMJW69H5wC8SCyNHW67Kxhp99s4QpW5DH6jk5VgVSvW6_f4QP3R2Tn5N3wylq8rXQYfW55CPtz1R-k7RW58MPmg23TsvSW3VZJ_189TJtCf4lT3wY04\" target=\"_blank\" rel=\"noopener\" data-saferedirecturl=\"https:\/\/www.google.com\/url?q=https:\/\/info.cargo-montreal.ca\/e3t\/Ctc\/ZU%2B113\/d11nbd04\/VWd01T8FbThnW4wRYl72W_8mwW6tdK5Q5ygJ9LN7bK2_83lYM-W7lCdLW6lZ3m2W2kH0j326RW_mW7KzJ5j2bM9mxW8sZHMS5tK4YlW6Ktn4b5_gHKMW6-TpVq8KY9XTW41_vpv3vpQWGW8DNxr47qhvzYN8RW7qQK1KpHW3F3LpW2cLm04W1ngbrJ6Tnb3fW2Wpqg84mkDfzW6pZj_c2B6S5zW5f5z_61G7wXsW3pWVfQ1fLF80W10K5Kg60R83qW481XgB401BMJW69H5wC8SCyNHW67Kxhp99s4QpW5DH6jk5VgVSvW6_f4QP3R2Tn5N3wylq8rXQYfW55CPtz1R-k7RW58MPmg23TsvSW3VZJ_189TJtCf4lT3wY04&amp;source=gmail&amp;ust=1751048626470000&amp;usg=AOvVaw30ZV_4mUrvhwdSu-NFmDrk\">nos membres<\/a>, bailleurs de fonds &#8211; la\u00a0<a href=\"https:\/\/info.cargo-montreal.ca\/e3t\/Ctc\/ZU+113\/d11nbd04\/VWd01T8FbThnW4wRYl72W_8mwW6tdK5Q5ygJ9LN7bK2-z3lYM-W69sMD-6lZ3lqW8PMvJv5n5tXLN13fMWSrP3jgN4hddRtctgWGW6YYmD_4XCFlsVXgcLv5Vl9CSW7BWpBV8vx8ZxW90cMk63clTGRW2Qj4hP3PcZnhW6J39Xd42kYS7Vc2h034c9SM1Vj-Rs-54g5MJW1MdYQ_4L84RjN7RSsKySXmG5W5v2jrY4sFBCZW8grbFh8jyd3mV7yjjC3hDhN1W76VBDq73lGgYW4SsnZ05rYQvjW6V3X4f5KXTwkW1lfV-J2FVlFnf53H5MR04\" target=\"_blank\" rel=\"noopener\" data-saferedirecturl=\"https:\/\/www.google.com\/url?q=https:\/\/info.cargo-montreal.ca\/e3t\/Ctc\/ZU%2B113\/d11nbd04\/VWd01T8FbThnW4wRYl72W_8mwW6tdK5Q5ygJ9LN7bK2-z3lYM-W69sMD-6lZ3lqW8PMvJv5n5tXLN13fMWSrP3jgN4hddRtctgWGW6YYmD_4XCFlsVXgcLv5Vl9CSW7BWpBV8vx8ZxW90cMk63clTGRW2Qj4hP3PcZnhW6J39Xd42kYS7Vc2h034c9SM1Vj-Rs-54g5MJW1MdYQ_4L84RjN7RSsKySXmG5W5v2jrY4sFBCZW8grbFh8jyd3mV7yjjC3hDhN1W76VBDq73lGgYW4SsnZ05rYQvjW6V3X4f5KXTwkW1lfV-J2FVlFnf53H5MR04&amp;source=gmail&amp;ust=1751048626470000&amp;usg=AOvVaw0dhBoBx7gzeI4mhi-pav0m\">Communaut\u00e9 m\u00e9tropolitaine de Montr\u00e9al (CMM)<\/a>\u00a0et le\u00a0<a href=\"https:\/\/info.cargo-montreal.ca\/e3t\/Ctc\/ZU+113\/d11nbd04\/VWd01T8FbThnW4wRYl72W_8mwW6tdK5Q5ygJ9LN7bK2-T3lYM-W6N1vHY6lZ3n3W10M-fJ2j84_gW55fv3T8MGVKBW7nr2839035BvN2HHkB_NwsbzW2Xgl8x3pc8DWW5pt0nV2dM25qW7W3jnk9cdm5RW3cg6_w6n8LNGW6nGzZY6P1KcXW4RXy2k3nKGXwN3qRfGbDQyvqN50qykzB5tChW5CSgn29kL70hV8cFY11Tfq5KW34snT49kskb2W5hD33S6R5-pMW7YRq223yJMmKW21jZwz5NKR3PVpFcqd7lDCsfW6gsfry8lpVHwW5txtQX1jFlNxN1_vYRKmWX_Gd2G6WC04\" target=\"_blank\" rel=\"noopener\" data-saferedirecturl=\"https:\/\/www.google.com\/url?q=https:\/\/info.cargo-montreal.ca\/e3t\/Ctc\/ZU%2B113\/d11nbd04\/VWd01T8FbThnW4wRYl72W_8mwW6tdK5Q5ygJ9LN7bK2-T3lYM-W6N1vHY6lZ3n3W10M-fJ2j84_gW55fv3T8MGVKBW7nr2839035BvN2HHkB_NwsbzW2Xgl8x3pc8DWW5pt0nV2dM25qW7W3jnk9cdm5RW3cg6_w6n8LNGW6nGzZY6P1KcXW4RXy2k3nKGXwN3qRfGbDQyvqN50qykzB5tChW5CSgn29kL70hV8cFY11Tfq5KW34snT49kskb2W5hD33S6R5-pMW7YRq223yJMmKW21jZwz5NKR3PVpFcqd7lDCsfW6gsfry8lpVHwW5txtQX1jFlNxN1_vYRKmWX_Gd2G6WC04&amp;source=gmail&amp;ust=1751048626470000&amp;usg=AOvVaw3aLAGEyy-PyJmnqP0Y5j_l\">Minist\u00e8re de l&rsquo;\u00c9conomie, de l&rsquo;Innovation et de l&rsquo;\u00c9nergie (MEIE)<\/a>\u00a0-ainsi que nos partenaires pour leur soutien ind\u00e9fectible\u00a0tout au long de l\u2019ann\u00e9e!<\/p>","protected":false},"excerpt":{"rendered":"Le 3 juin dernier CargoM\u00a0d\u00e9voilait son\u00a0bilan 2024-2025\u00a0lors de son Assembl\u00e9e g\u00e9n\u00e9rale annuelle. Ce rendez-vous a aussi marqu\u00e9 le d\u00e9but d\u2019une nouvelle phase : CargoM 2.0, une d\u00e9marche ambitieuse qui nous projette vers l\u2019avenir avec une vision renouvel\u00e9e. Deux nouvelles administratrices ont \u00e9t\u00e9 \u00e9lues au conseil d\u2019administration de la grappe. Nous souhaitons la bienvenue \u00e0\u00a0Claudine Couture-Trudel, [&hellip;]","protected":false},"author":39,"featured_media":18568,"comment_status":"closed","ping_status":"closed","sticky":false,"template":"","format":"standard","meta":{"_acf_changed":false,"footnotes":""},"categories":[20],"tags":[],"class_list":["post-18582","post","type-post","status-publish","format-standard","has-post-thumbnail","hentry","category-services-logistiques"],"acf":[],"yoast_head":"<!-- This site is optimized with the Yoast SEO plugin v27.3 - https:\/\/yoast.com\/product\/yoast-seo-wordpress\/ -->\n<title>AGA 2025 de CargoM - CargoM<\/title>\n<meta name=\"robots\" content=\"index, follow, max-snippet:-1, max-image-preview:large, max-video-preview:-1\" \/>\n<link rel=\"canonical\" href=\"https:\/\/www.cargo-montreal.ca\/fr\/aga-2025-de-cargom-2\/\" \/>\n<meta property=\"og:locale\" content=\"fr_FR\" \/>\n<meta property=\"og:type\" content=\"article\" \/>\n<meta property=\"og:title\" content=\"AGA 2025 de CargoM - CargoM\" \/>\n<meta property=\"og:description\" content=\"Le 3 juin dernier CargoM\u00a0d\u00e9voilait son\u00a0bilan 2024-2025\u00a0lors de son Assembl\u00e9e g\u00e9n\u00e9rale annuelle. Ce rendez-vous a aussi marqu\u00e9 le d\u00e9but d\u2019une nouvelle phase : CargoM 2.0, une d\u00e9marche ambitieuse qui nous projette vers l\u2019avenir avec une vision renouvel\u00e9e. Deux nouvelles administratrices ont \u00e9t\u00e9 \u00e9lues au conseil d\u2019administration de la grappe. Nous souhaitons la bienvenue \u00e0\u00a0Claudine Couture-Trudel, [&hellip;]\" \/>\n<meta property=\"og:url\" content=\"https:\/\/www.cargo-montreal.ca\/fr\/aga-2025-de-cargom-2\/\" \/>\n<meta property=\"og:site_name\" content=\"CargoM\" \/>\n<meta property=\"article:published_time\" content=\"2025-06-27T00:37:10+00:00\" \/>\n<meta property=\"og:image\" content=\"https:\/\/www.cargo-montreal.ca\/wp-content\/uploads\/2025\/06\/Capture-decran-2025-06-25-075045.png\" \/>\n\t<meta property=\"og:image:width\" content=\"566\" \/>\n\t<meta property=\"og:image:height\" content=\"728\" \/>\n\t<meta property=\"og:image:type\" content=\"image\/png\" \/>\n<meta name=\"author\" content=\"Karine Dudognon\" \/>\n<meta name=\"twitter:card\" content=\"summary_large_image\" \/>\n<meta name=\"twitter:label1\" content=\"\u00c9crit par\" \/>\n\t<meta name=\"twitter:data1\" content=\"Karine Dudognon\" \/>\n\t<meta name=\"twitter:label2\" content=\"Dur\u00e9e de lecture estim\u00e9e\" \/>\n\t<meta name=\"twitter:data2\" content=\"2 minutes\" \/>\n<script type=\"application\/ld+json\" class=\"yoast-schema-graph\">{\"@context\":\"https:\\\/\\\/schema.org\",\"@graph\":[{\"@type\":\"Article\",\"@id\":\"https:\\\/\\\/www.cargo-montreal.ca\\\/fr\\\/aga-2025-de-cargom-2\\\/#article\",\"isPartOf\":{\"@id\":\"https:\\\/\\\/www.cargo-montreal.ca\\\/fr\\\/aga-2025-de-cargom-2\\\/\"},\"author\":{\"name\":\"Karine Dudognon\",\"@id\":\"https:\\\/\\\/www.cargo-montreal.ca\\\/fr\\\/#\\\/schema\\\/person\\\/80476d173ce654813db9fd1533901365\"},\"headline\":\"AGA 2025 de CargoM\",\"datePublished\":\"2025-06-27T00:37:10+00:00\",\"mainEntityOfPage\":{\"@id\":\"https:\\\/\\\/www.cargo-montreal.ca\\\/fr\\\/aga-2025-de-cargom-2\\\/\"},\"wordCount\":213,\"image\":{\"@id\":\"https:\\\/\\\/www.cargo-montreal.ca\\\/fr\\\/aga-2025-de-cargom-2\\\/#primaryimage\"},\"thumbnailUrl\":\"https:\\\/\\\/www.cargo-montreal.ca\\\/wp-content\\\/uploads\\\/2025\\\/06\\\/Capture-decran-2025-06-25-075045.png\",\"articleSection\":[\"Services logistiques\"],\"inLanguage\":\"fr-FR\"},{\"@type\":\"WebPage\",\"@id\":\"https:\\\/\\\/www.cargo-montreal.ca\\\/fr\\\/aga-2025-de-cargom-2\\\/\",\"url\":\"https:\\\/\\\/www.cargo-montreal.ca\\\/fr\\\/aga-2025-de-cargom-2\\\/\",\"name\":\"AGA 2025 de CargoM - CargoM\",\"isPartOf\":{\"@id\":\"https:\\\/\\\/www.cargo-montreal.ca\\\/fr\\\/#website\"},\"primaryImageOfPage\":{\"@id\":\"https:\\\/\\\/www.cargo-montreal.ca\\\/fr\\\/aga-2025-de-cargom-2\\\/#primaryimage\"},\"image\":{\"@id\":\"https:\\\/\\\/www.cargo-montreal.ca\\\/fr\\\/aga-2025-de-cargom-2\\\/#primaryimage\"},\"thumbnailUrl\":\"https:\\\/\\\/www.cargo-montreal.ca\\\/wp-content\\\/uploads\\\/2025\\\/06\\\/Capture-decran-2025-06-25-075045.png\",\"datePublished\":\"2025-06-27T00:37:10+00:00\",\"author\":{\"@id\":\"https:\\\/\\\/www.cargo-montreal.ca\\\/fr\\\/#\\\/schema\\\/person\\\/80476d173ce654813db9fd1533901365\"},\"breadcrumb\":{\"@id\":\"https:\\\/\\\/www.cargo-montreal.ca\\\/fr\\\/aga-2025-de-cargom-2\\\/#breadcrumb\"},\"inLanguage\":\"fr-FR\",\"potentialAction\":[{\"@type\":\"ReadAction\",\"target\":[\"https:\\\/\\\/www.cargo-montreal.ca\\\/fr\\\/aga-2025-de-cargom-2\\\/\"]}]},{\"@type\":\"ImageObject\",\"inLanguage\":\"fr-FR\",\"@id\":\"https:\\\/\\\/www.cargo-montreal.ca\\\/fr\\\/aga-2025-de-cargom-2\\\/#primaryimage\",\"url\":\"https:\\\/\\\/www.cargo-montreal.ca\\\/wp-content\\\/uploads\\\/2025\\\/06\\\/Capture-decran-2025-06-25-075045.png\",\"contentUrl\":\"https:\\\/\\\/www.cargo-montreal.ca\\\/wp-content\\\/uploads\\\/2025\\\/06\\\/Capture-decran-2025-06-25-075045.png\",\"width\":566,\"height\":728},{\"@type\":\"BreadcrumbList\",\"@id\":\"https:\\\/\\\/www.cargo-montreal.ca\\\/fr\\\/aga-2025-de-cargom-2\\\/#breadcrumb\",\"itemListElement\":[{\"@type\":\"ListItem\",\"position\":1,\"name\":\"Home\",\"item\":\"https:\\\/\\\/www.cargo-montreal.ca\\\/fr\\\/\"},{\"@type\":\"ListItem\",\"position\":2,\"name\":\"AGA 2025 de CargoM\"}]},{\"@type\":\"WebSite\",\"@id\":\"https:\\\/\\\/www.cargo-montreal.ca\\\/fr\\\/#website\",\"url\":\"https:\\\/\\\/www.cargo-montreal.ca\\\/fr\\\/\",\"name\":\"CargoM\",\"description\":\"La mission de CargoM: Rassembler les acteurs de la logistique &amp; du transport de marchandises du Grand Montr\u00e9al autour d&#039;objectifs communs, d&#039;actions concert\u00e9es\",\"potentialAction\":[{\"@type\":\"SearchAction\",\"target\":{\"@type\":\"EntryPoint\",\"urlTemplate\":\"https:\\\/\\\/www.cargo-montreal.ca\\\/fr\\\/?s={search_term_string}\"},\"query-input\":{\"@type\":\"PropertyValueSpecification\",\"valueRequired\":true,\"valueName\":\"search_term_string\"}}],\"inLanguage\":\"fr-FR\"},{\"@type\":\"Person\",\"@id\":\"https:\\\/\\\/www.cargo-montreal.ca\\\/fr\\\/#\\\/schema\\\/person\\\/80476d173ce654813db9fd1533901365\",\"name\":\"Karine Dudognon\",\"image\":{\"@type\":\"ImageObject\",\"inLanguage\":\"fr-FR\",\"@id\":\"https:\\\/\\\/secure.gravatar.com\\\/avatar\\\/673bdfb703a9b6685a88bc7dfb04a9ea2b48b30e9d1663a5e759a4e9bfa3e2c0?s=96&d=mm&r=g\",\"url\":\"https:\\\/\\\/secure.gravatar.com\\\/avatar\\\/673bdfb703a9b6685a88bc7dfb04a9ea2b48b30e9d1663a5e759a4e9bfa3e2c0?s=96&d=mm&r=g\",\"contentUrl\":\"https:\\\/\\\/secure.gravatar.com\\\/avatar\\\/673bdfb703a9b6685a88bc7dfb04a9ea2b48b30e9d1663a5e759a4e9bfa3e2c0?s=96&d=mm&r=g\",\"caption\":\"Karine Dudognon\"},\"url\":\"https:\\\/\\\/www.cargo-montreal.ca\\\/fr\\\/author\\\/karine\\\/\"}]}<\/script>\n<!-- \/ Yoast SEO plugin. -->","yoast_head_json":{"title":"AGA 2025 de CargoM - CargoM","robots":{"index":"index","follow":"follow","max-snippet":"max-snippet:-1","max-image-preview":"max-image-preview:large","max-video-preview":"max-video-preview:-1"},"canonical":"https:\/\/www.cargo-montreal.ca\/fr\/aga-2025-de-cargom-2\/","og_locale":"fr_FR","og_type":"article","og_title":"AGA 2025 de CargoM - CargoM","og_description":"Le 3 juin dernier CargoM\u00a0d\u00e9voilait son\u00a0bilan 2024-2025\u00a0lors de son Assembl\u00e9e g\u00e9n\u00e9rale annuelle. Ce rendez-vous a aussi marqu\u00e9 le d\u00e9but d\u2019une nouvelle phase : CargoM 2.0, une d\u00e9marche ambitieuse qui nous projette vers l\u2019avenir avec une vision renouvel\u00e9e. Deux nouvelles administratrices ont \u00e9t\u00e9 \u00e9lues au conseil d\u2019administration de la grappe. Nous souhaitons la bienvenue \u00e0\u00a0Claudine Couture-Trudel, [&hellip;]","og_url":"https:\/\/www.cargo-montreal.ca\/fr\/aga-2025-de-cargom-2\/","og_site_name":"CargoM","article_published_time":"2025-06-27T00:37:10+00:00","og_image":[{"width":566,"height":728,"url":"https:\/\/www.cargo-montreal.ca\/wp-content\/uploads\/2025\/06\/Capture-decran-2025-06-25-075045.png","type":"image\/png"}],"author":"Karine Dudognon","twitter_card":"summary_large_image","twitter_misc":{"\u00c9crit par":"Karine Dudognon","Dur\u00e9e de lecture estim\u00e9e":"2 minutes"},"schema":{"@context":"https:\/\/schema.org","@graph":[{"@type":"Article","@id":"https:\/\/www.cargo-montreal.ca\/fr\/aga-2025-de-cargom-2\/#article","isPartOf":{"@id":"https:\/\/www.cargo-montreal.ca\/fr\/aga-2025-de-cargom-2\/"},"author":{"name":"Karine Dudognon","@id":"https:\/\/www.cargo-montreal.ca\/fr\/#\/schema\/person\/80476d173ce654813db9fd1533901365"},"headline":"AGA 2025 de CargoM","datePublished":"2025-06-27T00:37:10+00:00","mainEntityOfPage":{"@id":"https:\/\/www.cargo-montreal.ca\/fr\/aga-2025-de-cargom-2\/"},"wordCount":213,"image":{"@id":"https:\/\/www.cargo-montreal.ca\/fr\/aga-2025-de-cargom-2\/#primaryimage"},"thumbnailUrl":"https:\/\/www.cargo-montreal.ca\/wp-content\/uploads\/2025\/06\/Capture-decran-2025-06-25-075045.png","articleSection":["Services logistiques"],"inLanguage":"fr-FR"},{"@type":"WebPage","@id":"https:\/\/www.cargo-montreal.ca\/fr\/aga-2025-de-cargom-2\/","url":"https:\/\/www.cargo-montreal.ca\/fr\/aga-2025-de-cargom-2\/","name":"AGA 2025 de CargoM - CargoM","isPartOf":{"@id":"https:\/\/www.cargo-montreal.ca\/fr\/#website"},"primaryImageOfPage":{"@id":"https:\/\/www.cargo-montreal.ca\/fr\/aga-2025-de-cargom-2\/#primaryimage"},"image":{"@id":"https:\/\/www.cargo-montreal.ca\/fr\/aga-2025-de-cargom-2\/#primaryimage"},"thumbnailUrl":"https:\/\/www.cargo-montreal.ca\/wp-content\/uploads\/2025\/06\/Capture-decran-2025-06-25-075045.png","datePublished":"2025-06-27T00:37:10+00:00","author":{"@id":"https:\/\/www.cargo-montreal.ca\/fr\/#\/schema\/person\/80476d173ce654813db9fd1533901365"},"breadcrumb":{"@id":"https:\/\/www.cargo-montreal.ca\/fr\/aga-2025-de-cargom-2\/#breadcrumb"},"inLanguage":"fr-FR","potentialAction":[{"@type":"ReadAction","target":["https:\/\/www.cargo-montreal.ca\/fr\/aga-2025-de-cargom-2\/"]}]},{"@type":"ImageObject","inLanguage":"fr-FR","@id":"https:\/\/www.cargo-montreal.ca\/fr\/aga-2025-de-cargom-2\/#primaryimage","url":"https:\/\/www.cargo-montreal.ca\/wp-content\/uploads\/2025\/06\/Capture-decran-2025-06-25-075045.png","contentUrl":"https:\/\/www.cargo-montreal.ca\/wp-content\/uploads\/2025\/06\/Capture-decran-2025-06-25-075045.png","width":566,"height":728},{"@type":"BreadcrumbList","@id":"https:\/\/www.cargo-montreal.ca\/fr\/aga-2025-de-cargom-2\/#breadcrumb","itemListElement":[{"@type":"ListItem","position":1,"name":"Home","item":"https:\/\/www.cargo-montreal.ca\/fr\/"},{"@type":"ListItem","position":2,"name":"AGA 2025 de CargoM"}]},{"@type":"WebSite","@id":"https:\/\/www.cargo-montreal.ca\/fr\/#website","url":"https:\/\/www.cargo-montreal.ca\/fr\/","name":"CargoM","description":"La mission de CargoM: Rassembler les acteurs de la logistique &amp; du transport de marchandises du Grand Montr\u00e9al autour d&#039;objectifs communs, d&#039;actions concert\u00e9es","potentialAction":[{"@type":"SearchAction","target":{"@type":"EntryPoint","urlTemplate":"https:\/\/www.cargo-montreal.ca\/fr\/?s={search_term_string}"},"query-input":{"@type":"PropertyValueSpecification","valueRequired":true,"valueName":"search_term_string"}}],"inLanguage":"fr-FR"},{"@type":"Person","@id":"https:\/\/www.cargo-montreal.ca\/fr\/#\/schema\/person\/80476d173ce654813db9fd1533901365","name":"Karine Dudognon","image":{"@type":"ImageObject","inLanguage":"fr-FR","@id":"https:\/\/secure.gravatar.com\/avatar\/673bdfb703a9b6685a88bc7dfb04a9ea2b48b30e9d1663a5e759a4e9bfa3e2c0?s=96&d=mm&r=g","url":"https:\/\/secure.gravatar.com\/avatar\/673bdfb703a9b6685a88bc7dfb04a9ea2b48b30e9d1663a5e759a4e9bfa3e2c0?s=96&d=mm&r=g","contentUrl":"https:\/\/secure.gravatar.com\/avatar\/673bdfb703a9b6685a88bc7dfb04a9ea2b48b30e9d1663a5e759a4e9bfa3e2c0?s=96&d=mm&r=g","caption":"Karine Dudognon"},"url":"https:\/\/www.cargo-montreal.ca\/fr\/author\/karine\/"}]}},"_links":{"self":[{"href":"https:\/\/www.cargo-montreal.ca\/fr\/wp-json\/wp\/v2\/posts\/18582","targetHints":{"allow":["GET"]}}],"collection":[{"href":"https:\/\/www.cargo-montreal.ca\/fr\/wp-json\/wp\/v2\/posts"}],"about":[{"href":"https:\/\/www.cargo-montreal.ca\/fr\/wp-json\/wp\/v2\/types\/post"}],"author":[{"embeddable":true,"href":"https:\/\/www.cargo-montreal.ca\/fr\/wp-json\/wp\/v2\/users\/39"}],"replies":[{"embeddable":true,"href":"https:\/\/www.cargo-montreal.ca\/fr\/wp-json\/wp\/v2\/comments?post=18582"}],"version-history":[{"count":1,"href":"https:\/\/www.cargo-montreal.ca\/fr\/wp-json\/wp\/v2\/posts\/18582\/revisions"}],"predecessor-version":[{"id":18583,"href":"https:\/\/www.cargo-montreal.ca\/fr\/wp-json\/wp\/v2\/posts\/18582\/revisions\/18583"}],"wp:featuredmedia":[{"embeddable":true,"href":"https:\/\/www.cargo-montreal.ca\/fr\/wp-json\/wp\/v2\/media\/18568"}],"wp:attachment":[{"href":"https:\/\/www.cargo-montreal.ca\/fr\/wp-json\/wp\/v2\/media?parent=18582"}],"wp:term":[{"taxonomy":"category","embeddable":true,"href":"https:\/\/www.cargo-montreal.ca\/fr\/wp-json\/wp\/v2\/categories?post=18582"},{"taxonomy":"post_tag","embeddable":true,"href":"https:\/\/www.cargo-montreal.ca\/fr\/wp-json\/wp\/v2\/tags?post=18582"}],"curies":[{"name":"wp","href":"https:\/\/api.w.org\/{rel}","templated":true}]}}