{"id":18584,"date":"2025-06-27T00:40:00","date_gmt":"2025-06-27T00:40:00","guid":{"rendered":"https:\/\/www.cargo-montreal.ca\/?p=18584"},"modified":"2025-06-27T00:40:20","modified_gmt":"2025-06-27T00:40:20","slug":"nouveaux-membres-2","status":"publish","type":"post","link":"https:\/\/www.cargo-montreal.ca\/fr\/nouveaux-membres-2\/","title":{"rendered":"Nouveaux membres"},"content":{"rendered":"<p>Trois nouveaux membres ont joint la grappe en juin. En pleine expansion, CargoM rassemble les parties prenantes de la logistique et du transport de marchandises pour renforcer l\u2019innovation, les collaborations et les partenariats d&rsquo;affaires dans le Grand Montr\u00e9al.\u00a0<\/p>\r\n<p align=\"justify\"><img loading=\"lazy\" decoding=\"async\" class=\"an1\" draggable=\"false\" src=\"https:\/\/fonts.gstatic.com\/s\/e\/notoemoji\/16.0\/27a1_fe0f\/72.png\" alt=\"\u27a1\ufe0f\" width=\"29\" height=\"29\" data-emoji=\"\u27a1\ufe0f\" aria-label=\"\u27a1\ufe0f\" \/><a href=\"https:\/\/info.cargo-montreal.ca\/e3t\/Ctc\/ZU+113\/d11nbd04\/VWd01T8FbThnW4wRYl72W_8mwW6tdK5Q5ygJ9LN7bK2-T3lYM-W6N1vHY6lZ3nQW48pzH87p7t_wW32cYzm7djyCnW6--pJb7Y0pwMW285TlK3TDcM4W90yLFZ20svgkW6L7nPl2c95-JW34H1cM31CcJLW6vts7q72vFFNW1vl-Xm6gZXxJW5NcPWp4f7y0VW26HHlj2k1TSgW7DBQPP406wpTN8nd2Vny9q_LW6RJqW37T2jSGMYnb4Xvd6lXW7d33Jm90KG_4W8dLkw575r2btW6LPnz-2-9YhvW8-_nH81Br75PW1qVYC03P42xkW3SlGkv7wm2Z5VWg3Ls3wgKF6f3P9_dR04\" target=\"_blank\" rel=\"noopener\" data-saferedirecturl=\"https:\/\/www.google.com\/url?q=https:\/\/info.cargo-montreal.ca\/e3t\/Ctc\/ZU%2B113\/d11nbd04\/VWd01T8FbThnW4wRYl72W_8mwW6tdK5Q5ygJ9LN7bK2-T3lYM-W6N1vHY6lZ3nQW48pzH87p7t_wW32cYzm7djyCnW6--pJb7Y0pwMW285TlK3TDcM4W90yLFZ20svgkW6L7nPl2c95-JW34H1cM31CcJLW6vts7q72vFFNW1vl-Xm6gZXxJW5NcPWp4f7y0VW26HHlj2k1TSgW7DBQPP406wpTN8nd2Vny9q_LW6RJqW37T2jSGMYnb4Xvd6lXW7d33Jm90KG_4W8dLkw575r2btW6LPnz-2-9YhvW8-_nH81Br75PW1qVYC03P42xkW3SlGkv7wm2Z5VWg3Ls3wgKF6f3P9_dR04&amp;source=gmail&amp;ust=1751048626470000&amp;usg=AOvVaw0lbdsqMns7i03Zxs5MYoGq\">Institut du v\u00e9hicule innovant\u00a0<\/a>: Centre reconnu en \u00e9lectrification et automatisation des transports, l\u2019IVI accompagne les entreprises dans le d\u00e9veloppement de technologies innovantes.<\/p>\r\n<p align=\"justify\"><img loading=\"lazy\" decoding=\"async\" class=\"an1\" draggable=\"false\" src=\"https:\/\/fonts.gstatic.com\/s\/e\/notoemoji\/16.0\/27a1_fe0f\/72.png\" alt=\"\u27a1\ufe0f\" width=\"31\" height=\"31\" data-emoji=\"\u27a1\ufe0f\" aria-label=\"\u27a1\ufe0f\" \/><a href=\"https:\/\/info.cargo-montreal.ca\/e3t\/Ctc\/ZU+113\/d11nbd04\/VWd01T8FbThnW4wRYl72W_8mwW6tdK5Q5ygJ9LN7bK2_83lYM-W7lCdLW6lZ3pKW72DhZ05f2Xb0W57NNzl8YDsv_VtLG7k1LkvhxW52f7SY5MzJf_W5KYC2Q6j7k5fW2pNm1Q6bWwR8W2C-8rG4gBbvLW59Q_NW3T5CY2W8N57vl3pmk0nVFpvG-6TLKt-Vl7VPr8Yhk0SN4VgCCKMKn_FW39B04b4MDyDDW1Wc6N65FVN9RW4lym2W93DBvlW4JNNmr3p4g0fW6GB0Ll66L75cW2bSh4F98MZS-W4m3zcX3Z_lGPW4-l5TZ3_MXxwW8cqrt039JWTnW7PQ9Q72J00JpVzyMdx427WNMW1StwkF4JgchHf8pXz1P04\" target=\"_blank\" rel=\"noopener\" data-saferedirecturl=\"https:\/\/www.google.com\/url?q=https:\/\/info.cargo-montreal.ca\/e3t\/Ctc\/ZU%2B113\/d11nbd04\/VWd01T8FbThnW4wRYl72W_8mwW6tdK5Q5ygJ9LN7bK2_83lYM-W7lCdLW6lZ3pKW72DhZ05f2Xb0W57NNzl8YDsv_VtLG7k1LkvhxW52f7SY5MzJf_W5KYC2Q6j7k5fW2pNm1Q6bWwR8W2C-8rG4gBbvLW59Q_NW3T5CY2W8N57vl3pmk0nVFpvG-6TLKt-Vl7VPr8Yhk0SN4VgCCKMKn_FW39B04b4MDyDDW1Wc6N65FVN9RW4lym2W93DBvlW4JNNmr3p4g0fW6GB0Ll66L75cW2bSh4F98MZS-W4m3zcX3Z_lGPW4-l5TZ3_MXxwW8cqrt039JWTnW7PQ9Q72J00JpVzyMdx427WNMW1StwkF4JgchHf8pXz1P04&amp;source=gmail&amp;ust=1751048626471000&amp;usg=AOvVaw0dIplnNmMaOCu6D5igozNn\">Terrox \/ Laval \u00e9conomique\u00a0<\/a>: Acc\u00e9l\u00e9rateur sur mesure pour les start-ups technologiques en croissance, propuls\u00e9 par Laval \u00e9conomique.<\/p>\r\n<p align=\"justify\"><img loading=\"lazy\" decoding=\"async\" class=\"an1\" draggable=\"false\" src=\"https:\/\/fonts.gstatic.com\/s\/e\/notoemoji\/16.0\/27a1_fe0f\/72.png\" alt=\"\u27a1\ufe0f\" width=\"29\" height=\"29\" data-emoji=\"\u27a1\ufe0f\" aria-label=\"\u27a1\ufe0f\" \/><a href=\"https:\/\/info.cargo-montreal.ca\/e3t\/Ctc\/ZU+113\/d11nbd04\/VWd01T8FbThnW4wRYl72W_8mwW6tdK5Q5ygJ9LN7bK2_83lYM-W7lCdLW6lZ3kNW8Rwnh_3WJdGnVntkRN9cBpZBW32rQ_65PMTb3VbcQnN1sc4P1W1_LhMq3Z8jfbW4sGD2f3r4Q1bW61-Hn22FrG3bW1kXqqB7f7KPjMqqMskMNgyrW948gpL1lvZzlW245rdJ2V35BkW3L187c37zSYDW664Yx21blGD0W1ZbWr_4ZCRLjW23zw9K1J5Y9mW8WfD1Q5qxXDBW3mrcMP2PsM8mW7zQsnL8NRLMVW7hKr7W57VVLbW6P1HT_1Qx53_W8T1mqn3xlJ5xW2yVYxz2xjntRW3Mdqpw3k06ZNW2mNqt71ws4hwf49gGPs04\" target=\"_blank\" rel=\"noopener\" data-saferedirecturl=\"https:\/\/www.google.com\/url?q=https:\/\/info.cargo-montreal.ca\/e3t\/Ctc\/ZU%2B113\/d11nbd04\/VWd01T8FbThnW4wRYl72W_8mwW6tdK5Q5ygJ9LN7bK2_83lYM-W7lCdLW6lZ3kNW8Rwnh_3WJdGnVntkRN9cBpZBW32rQ_65PMTb3VbcQnN1sc4P1W1_LhMq3Z8jfbW4sGD2f3r4Q1bW61-Hn22FrG3bW1kXqqB7f7KPjMqqMskMNgyrW948gpL1lvZzlW245rdJ2V35BkW3L187c37zSYDW664Yx21blGD0W1ZbWr_4ZCRLjW23zw9K1J5Y9mW8WfD1Q5qxXDBW3mrcMP2PsM8mW7zQsnL8NRLMVW7hKr7W57VVLbW6P1HT_1Qx53_W8T1mqn3xlJ5xW2yVYxz2xjntRW3Mdqpw3k06ZNW2mNqt71ws4hwf49gGPs04&amp;source=gmail&amp;ust=1751048626471000&amp;usg=AOvVaw3nYhI1kdqMHx-lcoCKftuz\">Glencore cuivre Am\u00e9rique du nord<\/a>\u00a0: Acteur mondial des ressources, Glencore produit, recycle et commercialise des mati\u00e8res essentielles pour soutenir la d\u00e9carbonisation et le d\u00e9veloppement \u00e9conomique.<\/p>\r\n<p align=\"justify\">Bienvenue \u00e0 ces nouveaux joueurs!<\/p>\r\n<p align=\"justify\">Vous voulez en savoir plus ou vous joindre \u00e0 notre communaut\u00e9 de membres?\u00a0<a href=\"https:\/\/info.cargo-montreal.ca\/e3t\/Ctc\/ZU+113\/d11nbd04\/VWd01T8FbThnW4wRYl72W_8mwW6tdK5Q5ygJ9LN7bK2_s3lYM-W7Y8-PT6lZ3kMW7kGCqW6k2YRGW89rc3M49BlRlW2WPVFG1VLRwHVD3t8H1KdK_YW3t3BVf225YvVW72-63T7vs4NBW26PGSw8kvjJ-Vj1pBj97VdlvW8_5-Fl4TNtl_W49PdHx59p8JmW4tMXbY65sgfMW3wZn497vNlmcN3W4VGNKT_4fW7RYl9v8qhWrXW64yWnB7l5WBhN2hxPVgL23bQW6D_Dfw1nHDrHW4cy8d99g1N1LVwSD982LjzQYW5TPzGC2TqXCFN2LPWl9p9jhLW26rwk79l5ycPVYTZXT7VTNDGW1JNvgJ6XmmgpW3gBhRW5KkD9hVXph0z4dsJrnf8kx72M04\" target=\"_blank\" rel=\"noopener\" data-saferedirecturl=\"https:\/\/www.google.com\/url?q=https:\/\/info.cargo-montreal.ca\/e3t\/Ctc\/ZU%2B113\/d11nbd04\/VWd01T8FbThnW4wRYl72W_8mwW6tdK5Q5ygJ9LN7bK2_s3lYM-W7Y8-PT6lZ3kMW7kGCqW6k2YRGW89rc3M49BlRlW2WPVFG1VLRwHVD3t8H1KdK_YW3t3BVf225YvVW72-63T7vs4NBW26PGSw8kvjJ-Vj1pBj97VdlvW8_5-Fl4TNtl_W49PdHx59p8JmW4tMXbY65sgfMW3wZn497vNlmcN3W4VGNKT_4fW7RYl9v8qhWrXW64yWnB7l5WBhN2hxPVgL23bQW6D_Dfw1nHDrHW4cy8d99g1N1LVwSD982LjzQYW5TPzGC2TqXCFN2LPWl9p9jhLW26rwk79l5ycPVYTZXT7VTNDGW1JNvgJ6XmmgpW3gBhRW5KkD9hVXph0z4dsJrnf8kx72M04&amp;source=gmail&amp;ust=1751048626471000&amp;usg=AOvVaw3rntxFQVVJdD-1L8PERHj2\">Visitez notre site<\/a>\u00a0<\/p>","protected":false},"excerpt":{"rendered":"Trois nouveaux membres ont joint la grappe en juin. En pleine expansion, CargoM rassemble les parties prenantes de la logistique et du transport de marchandises pour renforcer l\u2019innovation, les collaborations et les partenariats d&rsquo;affaires dans le Grand Montr\u00e9al.\u00a0 Institut du v\u00e9hicule innovant\u00a0: Centre reconnu en \u00e9lectrification et automatisation des transports, l\u2019IVI accompagne les entreprises dans [&hellip;]","protected":false},"author":39,"featured_media":18576,"comment_status":"closed","ping_status":"closed","sticky":false,"template":"","format":"standard","meta":{"_acf_changed":false,"footnotes":""},"categories":[20],"tags":[],"class_list":["post-18584","post","type-post","status-publish","format-standard","has-post-thumbnail","hentry","category-services-logistiques"],"acf":[],"yoast_head":"<!-- This site is optimized with the Yoast SEO plugin v27.3 - https:\/\/yoast.com\/product\/yoast-seo-wordpress\/ -->\n<title>Nouveaux membres - CargoM<\/title>\n<meta name=\"robots\" content=\"index, follow, max-snippet:-1, max-image-preview:large, max-video-preview:-1\" \/>\n<link rel=\"canonical\" href=\"https:\/\/www.cargo-montreal.ca\/fr\/nouveaux-membres-2\/\" \/>\n<meta property=\"og:locale\" content=\"fr_FR\" \/>\n<meta property=\"og:type\" content=\"article\" \/>\n<meta property=\"og:title\" content=\"Nouveaux membres - CargoM\" \/>\n<meta property=\"og:description\" content=\"Trois nouveaux membres ont joint la grappe en juin. En pleine expansion, CargoM rassemble les parties prenantes de la logistique et du transport de marchandises pour renforcer l\u2019innovation, les collaborations et les partenariats d&rsquo;affaires dans le Grand Montr\u00e9al.\u00a0 Institut du v\u00e9hicule innovant\u00a0: Centre reconnu en \u00e9lectrification et automatisation des transports, l\u2019IVI accompagne les entreprises dans [&hellip;]\" \/>\n<meta property=\"og:url\" content=\"https:\/\/www.cargo-montreal.ca\/fr\/nouveaux-membres-2\/\" \/>\n<meta property=\"og:site_name\" content=\"CargoM\" \/>\n<meta property=\"article:published_time\" content=\"2025-06-27T00:40:00+00:00\" \/>\n<meta property=\"article:modified_time\" content=\"2025-06-27T00:40:20+00:00\" \/>\n<meta property=\"og:image\" content=\"https:\/\/www.cargo-montreal.ca\/wp-content\/uploads\/2025\/06\/Nouveaux-Membres-pour-infolettre.png\" \/>\n\t<meta property=\"og:image:width\" content=\"1600\" \/>\n\t<meta property=\"og:image:height\" content=\"900\" \/>\n\t<meta property=\"og:image:type\" content=\"image\/png\" \/>\n<meta name=\"author\" content=\"Karine Dudognon\" \/>\n<meta name=\"twitter:card\" content=\"summary_large_image\" \/>\n<meta name=\"twitter:label1\" content=\"\u00c9crit par\" \/>\n\t<meta name=\"twitter:data1\" content=\"Karine Dudognon\" \/>\n\t<meta name=\"twitter:label2\" content=\"Dur\u00e9e de lecture estim\u00e9e\" \/>\n\t<meta name=\"twitter:data2\" content=\"2 minutes\" \/>\n<script type=\"application\/ld+json\" class=\"yoast-schema-graph\">{\"@context\":\"https:\\\/\\\/schema.org\",\"@graph\":[{\"@type\":\"Article\",\"@id\":\"https:\\\/\\\/www.cargo-montreal.ca\\\/fr\\\/nouveaux-membres-2\\\/#article\",\"isPartOf\":{\"@id\":\"https:\\\/\\\/www.cargo-montreal.ca\\\/fr\\\/nouveaux-membres-2\\\/\"},\"author\":{\"name\":\"Karine Dudognon\",\"@id\":\"https:\\\/\\\/www.cargo-montreal.ca\\\/fr\\\/#\\\/schema\\\/person\\\/80476d173ce654813db9fd1533901365\"},\"headline\":\"Nouveaux membres\",\"datePublished\":\"2025-06-27T00:40:00+00:00\",\"dateModified\":\"2025-06-27T00:40:20+00:00\",\"mainEntityOfPage\":{\"@id\":\"https:\\\/\\\/www.cargo-montreal.ca\\\/fr\\\/nouveaux-membres-2\\\/\"},\"wordCount\":134,\"image\":{\"@id\":\"https:\\\/\\\/www.cargo-montreal.ca\\\/fr\\\/nouveaux-membres-2\\\/#primaryimage\"},\"thumbnailUrl\":\"https:\\\/\\\/www.cargo-montreal.ca\\\/wp-content\\\/uploads\\\/2025\\\/06\\\/Nouveaux-Membres-pour-infolettre.png\",\"articleSection\":[\"Services logistiques\"],\"inLanguage\":\"fr-FR\"},{\"@type\":\"WebPage\",\"@id\":\"https:\\\/\\\/www.cargo-montreal.ca\\\/fr\\\/nouveaux-membres-2\\\/\",\"url\":\"https:\\\/\\\/www.cargo-montreal.ca\\\/fr\\\/nouveaux-membres-2\\\/\",\"name\":\"Nouveaux membres - CargoM\",\"isPartOf\":{\"@id\":\"https:\\\/\\\/www.cargo-montreal.ca\\\/fr\\\/#website\"},\"primaryImageOfPage\":{\"@id\":\"https:\\\/\\\/www.cargo-montreal.ca\\\/fr\\\/nouveaux-membres-2\\\/#primaryimage\"},\"image\":{\"@id\":\"https:\\\/\\\/www.cargo-montreal.ca\\\/fr\\\/nouveaux-membres-2\\\/#primaryimage\"},\"thumbnailUrl\":\"https:\\\/\\\/www.cargo-montreal.ca\\\/wp-content\\\/uploads\\\/2025\\\/06\\\/Nouveaux-Membres-pour-infolettre.png\",\"datePublished\":\"2025-06-27T00:40:00+00:00\",\"dateModified\":\"2025-06-27T00:40:20+00:00\",\"author\":{\"@id\":\"https:\\\/\\\/www.cargo-montreal.ca\\\/fr\\\/#\\\/schema\\\/person\\\/80476d173ce654813db9fd1533901365\"},\"breadcrumb\":{\"@id\":\"https:\\\/\\\/www.cargo-montreal.ca\\\/fr\\\/nouveaux-membres-2\\\/#breadcrumb\"},\"inLanguage\":\"fr-FR\",\"potentialAction\":[{\"@type\":\"ReadAction\",\"target\":[\"https:\\\/\\\/www.cargo-montreal.ca\\\/fr\\\/nouveaux-membres-2\\\/\"]}]},{\"@type\":\"ImageObject\",\"inLanguage\":\"fr-FR\",\"@id\":\"https:\\\/\\\/www.cargo-montreal.ca\\\/fr\\\/nouveaux-membres-2\\\/#primaryimage\",\"url\":\"https:\\\/\\\/www.cargo-montreal.ca\\\/wp-content\\\/uploads\\\/2025\\\/06\\\/Nouveaux-Membres-pour-infolettre.png\",\"contentUrl\":\"https:\\\/\\\/www.cargo-montreal.ca\\\/wp-content\\\/uploads\\\/2025\\\/06\\\/Nouveaux-Membres-pour-infolettre.png\",\"width\":1600,\"height\":900},{\"@type\":\"BreadcrumbList\",\"@id\":\"https:\\\/\\\/www.cargo-montreal.ca\\\/fr\\\/nouveaux-membres-2\\\/#breadcrumb\",\"itemListElement\":[{\"@type\":\"ListItem\",\"position\":1,\"name\":\"Home\",\"item\":\"https:\\\/\\\/www.cargo-montreal.ca\\\/fr\\\/\"},{\"@type\":\"ListItem\",\"position\":2,\"name\":\"Nouveaux membres\"}]},{\"@type\":\"WebSite\",\"@id\":\"https:\\\/\\\/www.cargo-montreal.ca\\\/fr\\\/#website\",\"url\":\"https:\\\/\\\/www.cargo-montreal.ca\\\/fr\\\/\",\"name\":\"CargoM\",\"description\":\"La mission de CargoM: Rassembler les acteurs de la logistique &amp; du transport de marchandises du Grand Montr\u00e9al autour d&#039;objectifs communs, d&#039;actions concert\u00e9es\",\"potentialAction\":[{\"@type\":\"SearchAction\",\"target\":{\"@type\":\"EntryPoint\",\"urlTemplate\":\"https:\\\/\\\/www.cargo-montreal.ca\\\/fr\\\/?s={search_term_string}\"},\"query-input\":{\"@type\":\"PropertyValueSpecification\",\"valueRequired\":true,\"valueName\":\"search_term_string\"}}],\"inLanguage\":\"fr-FR\"},{\"@type\":\"Person\",\"@id\":\"https:\\\/\\\/www.cargo-montreal.ca\\\/fr\\\/#\\\/schema\\\/person\\\/80476d173ce654813db9fd1533901365\",\"name\":\"Karine Dudognon\",\"image\":{\"@type\":\"ImageObject\",\"inLanguage\":\"fr-FR\",\"@id\":\"https:\\\/\\\/secure.gravatar.com\\\/avatar\\\/673bdfb703a9b6685a88bc7dfb04a9ea2b48b30e9d1663a5e759a4e9bfa3e2c0?s=96&d=mm&r=g\",\"url\":\"https:\\\/\\\/secure.gravatar.com\\\/avatar\\\/673bdfb703a9b6685a88bc7dfb04a9ea2b48b30e9d1663a5e759a4e9bfa3e2c0?s=96&d=mm&r=g\",\"contentUrl\":\"https:\\\/\\\/secure.gravatar.com\\\/avatar\\\/673bdfb703a9b6685a88bc7dfb04a9ea2b48b30e9d1663a5e759a4e9bfa3e2c0?s=96&d=mm&r=g\",\"caption\":\"Karine Dudognon\"},\"url\":\"https:\\\/\\\/www.cargo-montreal.ca\\\/fr\\\/author\\\/karine\\\/\"}]}<\/script>\n<!-- \/ Yoast SEO plugin. -->","yoast_head_json":{"title":"Nouveaux membres - CargoM","robots":{"index":"index","follow":"follow","max-snippet":"max-snippet:-1","max-image-preview":"max-image-preview:large","max-video-preview":"max-video-preview:-1"},"canonical":"https:\/\/www.cargo-montreal.ca\/fr\/nouveaux-membres-2\/","og_locale":"fr_FR","og_type":"article","og_title":"Nouveaux membres - CargoM","og_description":"Trois nouveaux membres ont joint la grappe en juin. En pleine expansion, CargoM rassemble les parties prenantes de la logistique et du transport de marchandises pour renforcer l\u2019innovation, les collaborations et les partenariats d&rsquo;affaires dans le Grand Montr\u00e9al.\u00a0 Institut du v\u00e9hicule innovant\u00a0: Centre reconnu en \u00e9lectrification et automatisation des transports, l\u2019IVI accompagne les entreprises dans [&hellip;]","og_url":"https:\/\/www.cargo-montreal.ca\/fr\/nouveaux-membres-2\/","og_site_name":"CargoM","article_published_time":"2025-06-27T00:40:00+00:00","article_modified_time":"2025-06-27T00:40:20+00:00","og_image":[{"width":1600,"height":900,"url":"https:\/\/www.cargo-montreal.ca\/wp-content\/uploads\/2025\/06\/Nouveaux-Membres-pour-infolettre.png","type":"image\/png"}],"author":"Karine Dudognon","twitter_card":"summary_large_image","twitter_misc":{"\u00c9crit par":"Karine Dudognon","Dur\u00e9e de lecture estim\u00e9e":"2 minutes"},"schema":{"@context":"https:\/\/schema.org","@graph":[{"@type":"Article","@id":"https:\/\/www.cargo-montreal.ca\/fr\/nouveaux-membres-2\/#article","isPartOf":{"@id":"https:\/\/www.cargo-montreal.ca\/fr\/nouveaux-membres-2\/"},"author":{"name":"Karine Dudognon","@id":"https:\/\/www.cargo-montreal.ca\/fr\/#\/schema\/person\/80476d173ce654813db9fd1533901365"},"headline":"Nouveaux membres","datePublished":"2025-06-27T00:40:00+00:00","dateModified":"2025-06-27T00:40:20+00:00","mainEntityOfPage":{"@id":"https:\/\/www.cargo-montreal.ca\/fr\/nouveaux-membres-2\/"},"wordCount":134,"image":{"@id":"https:\/\/www.cargo-montreal.ca\/fr\/nouveaux-membres-2\/#primaryimage"},"thumbnailUrl":"https:\/\/www.cargo-montreal.ca\/wp-content\/uploads\/2025\/06\/Nouveaux-Membres-pour-infolettre.png","articleSection":["Services logistiques"],"inLanguage":"fr-FR"},{"@type":"WebPage","@id":"https:\/\/www.cargo-montreal.ca\/fr\/nouveaux-membres-2\/","url":"https:\/\/www.cargo-montreal.ca\/fr\/nouveaux-membres-2\/","name":"Nouveaux membres - CargoM","isPartOf":{"@id":"https:\/\/www.cargo-montreal.ca\/fr\/#website"},"primaryImageOfPage":{"@id":"https:\/\/www.cargo-montreal.ca\/fr\/nouveaux-membres-2\/#primaryimage"},"image":{"@id":"https:\/\/www.cargo-montreal.ca\/fr\/nouveaux-membres-2\/#primaryimage"},"thumbnailUrl":"https:\/\/www.cargo-montreal.ca\/wp-content\/uploads\/2025\/06\/Nouveaux-Membres-pour-infolettre.png","datePublished":"2025-06-27T00:40:00+00:00","dateModified":"2025-06-27T00:40:20+00:00","author":{"@id":"https:\/\/www.cargo-montreal.ca\/fr\/#\/schema\/person\/80476d173ce654813db9fd1533901365"},"breadcrumb":{"@id":"https:\/\/www.cargo-montreal.ca\/fr\/nouveaux-membres-2\/#breadcrumb"},"inLanguage":"fr-FR","potentialAction":[{"@type":"ReadAction","target":["https:\/\/www.cargo-montreal.ca\/fr\/nouveaux-membres-2\/"]}]},{"@type":"ImageObject","inLanguage":"fr-FR","@id":"https:\/\/www.cargo-montreal.ca\/fr\/nouveaux-membres-2\/#primaryimage","url":"https:\/\/www.cargo-montreal.ca\/wp-content\/uploads\/2025\/06\/Nouveaux-Membres-pour-infolettre.png","contentUrl":"https:\/\/www.cargo-montreal.ca\/wp-content\/uploads\/2025\/06\/Nouveaux-Membres-pour-infolettre.png","width":1600,"height":900},{"@type":"BreadcrumbList","@id":"https:\/\/www.cargo-montreal.ca\/fr\/nouveaux-membres-2\/#breadcrumb","itemListElement":[{"@type":"ListItem","position":1,"name":"Home","item":"https:\/\/www.cargo-montreal.ca\/fr\/"},{"@type":"ListItem","position":2,"name":"Nouveaux membres"}]},{"@type":"WebSite","@id":"https:\/\/www.cargo-montreal.ca\/fr\/#website","url":"https:\/\/www.cargo-montreal.ca\/fr\/","name":"CargoM","description":"La mission de CargoM: Rassembler les acteurs de la logistique &amp; du transport de marchandises du Grand Montr\u00e9al autour d&#039;objectifs communs, d&#039;actions concert\u00e9es","potentialAction":[{"@type":"SearchAction","target":{"@type":"EntryPoint","urlTemplate":"https:\/\/www.cargo-montreal.ca\/fr\/?s={search_term_string}"},"query-input":{"@type":"PropertyValueSpecification","valueRequired":true,"valueName":"search_term_string"}}],"inLanguage":"fr-FR"},{"@type":"Person","@id":"https:\/\/www.cargo-montreal.ca\/fr\/#\/schema\/person\/80476d173ce654813db9fd1533901365","name":"Karine Dudognon","image":{"@type":"ImageObject","inLanguage":"fr-FR","@id":"https:\/\/secure.gravatar.com\/avatar\/673bdfb703a9b6685a88bc7dfb04a9ea2b48b30e9d1663a5e759a4e9bfa3e2c0?s=96&d=mm&r=g","url":"https:\/\/secure.gravatar.com\/avatar\/673bdfb703a9b6685a88bc7dfb04a9ea2b48b30e9d1663a5e759a4e9bfa3e2c0?s=96&d=mm&r=g","contentUrl":"https:\/\/secure.gravatar.com\/avatar\/673bdfb703a9b6685a88bc7dfb04a9ea2b48b30e9d1663a5e759a4e9bfa3e2c0?s=96&d=mm&r=g","caption":"Karine Dudognon"},"url":"https:\/\/www.cargo-montreal.ca\/fr\/author\/karine\/"}]}},"_links":{"self":[{"href":"https:\/\/www.cargo-montreal.ca\/fr\/wp-json\/wp\/v2\/posts\/18584","targetHints":{"allow":["GET"]}}],"collection":[{"href":"https:\/\/www.cargo-montreal.ca\/fr\/wp-json\/wp\/v2\/posts"}],"about":[{"href":"https:\/\/www.cargo-montreal.ca\/fr\/wp-json\/wp\/v2\/types\/post"}],"author":[{"embeddable":true,"href":"https:\/\/www.cargo-montreal.ca\/fr\/wp-json\/wp\/v2\/users\/39"}],"replies":[{"embeddable":true,"href":"https:\/\/www.cargo-montreal.ca\/fr\/wp-json\/wp\/v2\/comments?post=18584"}],"version-history":[{"count":1,"href":"https:\/\/www.cargo-montreal.ca\/fr\/wp-json\/wp\/v2\/posts\/18584\/revisions"}],"predecessor-version":[{"id":18585,"href":"https:\/\/www.cargo-montreal.ca\/fr\/wp-json\/wp\/v2\/posts\/18584\/revisions\/18585"}],"wp:featuredmedia":[{"embeddable":true,"href":"https:\/\/www.cargo-montreal.ca\/fr\/wp-json\/wp\/v2\/media\/18576"}],"wp:attachment":[{"href":"https:\/\/www.cargo-montreal.ca\/fr\/wp-json\/wp\/v2\/media?parent=18584"}],"wp:term":[{"taxonomy":"category","embeddable":true,"href":"https:\/\/www.cargo-montreal.ca\/fr\/wp-json\/wp\/v2\/categories?post=18584"},{"taxonomy":"post_tag","embeddable":true,"href":"https:\/\/www.cargo-montreal.ca\/fr\/wp-json\/wp\/v2\/tags?post=18584"}],"curies":[{"name":"wp","href":"https:\/\/api.w.org\/{rel}","templated":true}]}}