{"id":18592,"date":"2025-06-27T01:02:53","date_gmt":"2025-06-27T01:02:53","guid":{"rendered":"https:\/\/www.cargo-montreal.ca\/?p=18592"},"modified":"2025-06-27T01:07:08","modified_gmt":"2025-06-27T01:07:08","slug":"logistec-30-terminaux-certifies-par-lalliance-verte","status":"publish","type":"post","link":"https:\/\/www.cargo-montreal.ca\/fr\/logistec-30-terminaux-certifies-par-lalliance-verte\/","title":{"rendered":"Logistec : 30 terminaux certifi\u00e9s par l\u2019Alliance verte"},"content":{"rendered":"<p><a href=\"https:\/\/info.cargo-montreal.ca\/e3t\/Ctc\/ZU+113\/d11nbd04\/VWd01T8FbThnW4wRYl72W_8mwW6tdK5Q5ygJ9LN7bK2-T3lYM-W6N1vHY6lZ3pFW4cLqm43h3VxKW6KP7RZ5R9BnlW8XT26W26dqQ1W2p38gZ8V9MSZW8GqsC32gmDRPVNcKX-1X3VCWW5cHCZq5_Bv6jVfjKgH9fh2SgW1rygKx5G7qw1W8QL1-w45KqZdW8LXz-520tVJfN87sL8zk5zkyW1dHg4p5ZZp_KW79lN8W8xVbmPW465rDS2j2jHqW7mp2PX7DMp4GW4Wm4Yx63L4x3W96XMYV1ztWHCW2Jz6Qp6g5Z20W1hkjKQ5m1RD0W1B7GJj1QRVzDW5cY1MH9hR7_yf4h7wLF04\" target=\"_blank\" rel=\"noopener\" data-saferedirecturl=\"https:\/\/www.google.com\/url?hl=fr-CA&amp;q=https:\/\/info.cargo-montreal.ca\/e3t\/Ctc\/ZU%2B113\/d11nbd04\/VWd01T8FbThnW4wRYl72W_8mwW6tdK5Q5ygJ9LN7bK2-T3lYM-W6N1vHY6lZ3pFW4cLqm43h3VxKW6KP7RZ5R9BnlW8XT26W26dqQ1W2p38gZ8V9MSZW8GqsC32gmDRPVNcKX-1X3VCWW5cHCZq5_Bv6jVfjKgH9fh2SgW1rygKx5G7qw1W8QL1-w45KqZdW8LXz-520tVJfN87sL8zk5zkyW1dHg4p5ZZp_KW79lN8W8xVbmPW465rDS2j2jHqW7mp2PX7DMp4GW4Wm4Yx63L4x3W96XMYV1ztWHCW2Jz6Qp6g5Z20W1hkjKQ5m1RD0W1B7GJj1QRVzDW5cY1MH9hR7_yf4h7wLF04&amp;source=gmail&amp;ust=1751072463753000&amp;usg=AOvVaw0qSM1r5KVIPt-FrH7JipEo\">Logistec<\/a>\u00a0annon\u00e7ait, le 12 juin dernier, la certification de trois terminaux additionnels dans le cadre du programme environnemental de l&rsquo;<a href=\"https:\/\/info.cargo-montreal.ca\/e3t\/Ctc\/ZU+113\/d11nbd04\/VWd01T8FbThnW4wRYl72W_8mwW6tdK5Q5ygJ9LN7bK2-T3lYM-W6N1vHY6lZ3m5W7FyhF52TT-TVW4Kd25K9g1J-WW6mcsVl2M-KMvW8m3WCt1vdXb8W6yNvSN8PGFqcW7XGB4R7sF3twW4H3_711Pl1RSW6fVH1w1BwNFtW8N2zGq17_f-BW5Qwwhl8DW75SW3JLH-d1Pyff0W57CCcJ19lyP3W4KRm6H5SJM3HV-6Rr73h4cnPW99JrKq8v-8_hW5Q9YKr6hHyqlW6_kvgb9g3Js0W4R-L_4810X3yW6Drtdd42JprgW1lP4vG3xB7b5W1K0Yhv2hq7r-N771t0R6NmVDf2RNPWC04\" target=\"_blank\" rel=\"noopener\" data-saferedirecturl=\"https:\/\/www.google.com\/url?hl=fr-CA&amp;q=https:\/\/info.cargo-montreal.ca\/e3t\/Ctc\/ZU%2B113\/d11nbd04\/VWd01T8FbThnW4wRYl72W_8mwW6tdK5Q5ygJ9LN7bK2-T3lYM-W6N1vHY6lZ3m5W7FyhF52TT-TVW4Kd25K9g1J-WW6mcsVl2M-KMvW8m3WCt1vdXb8W6yNvSN8PGFqcW7XGB4R7sF3twW4H3_711Pl1RSW6fVH1w1BwNFtW8N2zGq17_f-BW5Qwwhl8DW75SW3JLH-d1Pyff0W57CCcJ19lyP3W4KRm6H5SJM3HV-6Rr73h4cnPW99JrKq8v-8_hW5Q9YKr6hHyqlW6_kvgb9g3Js0W4R-L_4810X3yW6Drtdd42JprgW1lP4vG3xB7b5W1K0Yhv2hq7r-N771t0R6NmVDf2RNPWC04&amp;source=gmail&amp;ust=1751072463753000&amp;usg=AOvVaw31rckbghRveFcRyhvkDCTm\">Alliance verte<\/a>\u00a0: deux terminaux de\u00a0Cleveland de\u00a0vrac et de marchandises g\u00e9n\u00e9rales, et\u00a0<a href=\"https:\/\/info.cargo-montreal.ca\/e3t\/Ctc\/ZU+113\/d11nbd04\/VWd01T8FbThnW4wRYl72W_8mwW6tdK5Q5ygJ9LN7bK2-T3lYM-W6N1vHY6lZ3msW7qv7hW2NdcJFW16yNzN8g1f7WW18_-C98PjBYLN43K9z4ZZBJ7W1WNgwr5sRB1NW305Hb49kfsk0W41CVW781lljjW1bHhhF2lZfBGW4Vv4l85fyJsVVZ9f9S1fxVT0W1Stl-r55GCgSVSkD_t81XL8HW78fyrg3WqCNfW85xH6T8GTV_YW9kqfFg2J5cQNW1wsvb23CMN5DW62f_gG2vj49KW1qdDHm26vyqrW4H--4Q5kCFs_W2Cysz22RGC7xW8Nmc__6p_kZlW7nCsXb2sfRZ-dF4s5l04\" target=\"_blank\" rel=\"noopener\" data-saferedirecturl=\"https:\/\/www.google.com\/url?hl=fr-CA&amp;q=https:\/\/info.cargo-montreal.ca\/e3t\/Ctc\/ZU%2B113\/d11nbd04\/VWd01T8FbThnW4wRYl72W_8mwW6tdK5Q5ygJ9LN7bK2-T3lYM-W6N1vHY6lZ3msW7qv7hW2NdcJFW16yNzN8g1f7WW18_-C98PjBYLN43K9z4ZZBJ7W1WNgwr5sRB1NW305Hb49kfsk0W41CVW781lljjW1bHhhF2lZfBGW4Vv4l85fyJsVVZ9f9S1fxVT0W1Stl-r55GCgSVSkD_t81XL8HW78fyrg3WqCNfW85xH6T8GTV_YW9kqfFg2J5cQNW1wsvb23CMN5DW62f_gG2vj49KW1qdDHm26vyqrW4H--4Q5kCFs_W2Cysz22RGC7xW8Nmc__6p_kZlW7nCsXb2sfRZ-dF4s5l04&amp;source=gmail&amp;ust=1751072463753000&amp;usg=AOvVaw12s6LV4-9UhWh0Yag_fScm\">MtlLINK<\/a>, \u00e0 Montr\u00e9al. Cette \u00e9tape importante porte \u00e0 30 le nombre total de terminaux certifi\u00e9s de Logistec, \u00e9tablissant une nouvelle r\u00e9f\u00e9rence dans l&rsquo;industrie en mati\u00e8re de leadership environnemental et d&rsquo;op\u00e9rations durables.<\/p>\r\n<p align=\"justify\">Logistec a r\u00e9cemment publi\u00e9 son\u00a0<a href=\"https:\/\/info.cargo-montreal.ca\/e3t\/Ctc\/ZU+113\/d11nbd04\/VWd01T8FbThnW4wRYl72W_8mwW6tdK5Q5ygJ9LN7bK2Z-5kvg8W50kH_H6lZ3plW8G2G272mMqzFW2HkP-P8hVzxsW5lrbxw8ym8H9W677mrB4n_HhWW8NvM9H6nxBYcW31_nCd5qz5swW3pSdr25z6PKGW6J7Csc45GfXyW3lz0TV4DNWg3W5krQpP2BCvPcW4TK6wR3lMS4mW6Pxn2s40qTLrW6f1PTd5tSqLCW7GwGjp3G-WM7N6RbzF4zBRgHW6y1vt318btZgW105SG33vnK0nW5wb8BM3c-_BSW5j9GvB7CsSY6VchPl82xCZJ3W7SdGrT1b_6vvV5mSYl8rQ0h8W1kt9V87p-f-GW5Q37wh1-kMQGW4f3n2T6lPTGLW3DNKtW3WD1ZpN46Ft6nLg4xpW7GFJVW4p3_DSW2Bx-fx90f18SW787CWN4fppWNW2WmHyh2P0S1XW2q_5nN4hRN-Hf5cq8L604\" target=\"_blank\" rel=\"noopener\" data-saferedirecturl=\"https:\/\/www.google.com\/url?hl=fr-CA&amp;q=https:\/\/info.cargo-montreal.ca\/e3t\/Ctc\/ZU%2B113\/d11nbd04\/VWd01T8FbThnW4wRYl72W_8mwW6tdK5Q5ygJ9LN7bK2Z-5kvg8W50kH_H6lZ3plW8G2G272mMqzFW2HkP-P8hVzxsW5lrbxw8ym8H9W677mrB4n_HhWW8NvM9H6nxBYcW31_nCd5qz5swW3pSdr25z6PKGW6J7Csc45GfXyW3lz0TV4DNWg3W5krQpP2BCvPcW4TK6wR3lMS4mW6Pxn2s40qTLrW6f1PTd5tSqLCW7GwGjp3G-WM7N6RbzF4zBRgHW6y1vt318btZgW105SG33vnK0nW5wb8BM3c-_BSW5j9GvB7CsSY6VchPl82xCZJ3W7SdGrT1b_6vvV5mSYl8rQ0h8W1kt9V87p-f-GW5Q37wh1-kMQGW4f3n2T6lPTGLW3DNKtW3WD1ZpN46Ft6nLg4xpW7GFJVW4p3_DSW2Bx-fx90f18SW787CWN4fppWNW2WmHyh2P0S1XW2q_5nN4hRN-Hf5cq8L604&amp;source=gmail&amp;ust=1751072463753000&amp;usg=AOvVaw3fFUUn-FTrzw7PP5kFuosz\">rapport de d\u00e9veloppement durable 2025<\/a>, qui illustre ses progr\u00e8s et ses objectifs afin de favoriser des changements positifs dans l&rsquo;ensemble de ses activit\u00e9s. Le rapport souligne les r\u00e9alisations en mati\u00e8re de r\u00e9duction des \u00e9missions de gaz \u00e0 effet de serre, du renforcement de l&rsquo;engagement communautaire et de la promotion d&rsquo;une culture de s\u00e9curit\u00e9 et d&rsquo;innovation.<\/p>\r\n<p align=\"justify\"><a href=\"https:\/\/info.cargo-montreal.ca\/e3t\/Ctc\/ZU+113\/d11nbd04\/VWd01T8FbThnW4wRYl72W_8mwW6tdK5Q5ygJ9LN7bK2-T5kvg8W6N1X8z6lZ3nWW8xSqn27kd7jsW2XCcBT76ZK95W1ck7jH5584JCW7nw7Lq2qRvMYW6YZKnK3HQvhGW8V206h8Zss3LW32D1MJ63zyM3W6m8GGt60BNrsW944V4N1m_t_qW85x18J6XLdmbW3jbDsR3K-CMHW81rnLF1-B3kXW3W7kDQ6S55V0W633Vng5tts4DW4Mf89T8Sb6DhW1nNJxH94WHyXW3Fgpp-6m1X5_W5Pfym05k1VPzW7C9k8S1r3-X0VnFNWx1G5MHYW4V-CfY9gRLsMV9ZJlc2xVKJSW8_SLy92DZfCwV6VZ315jpx1xW4CCTRj1qQJyQW3fFZjf30md0nVMyM7-6TFRjQW8-zTd_4y2HyWN5rv0LK1JMrwW59kwb92rtbGKW6DFgxN2myCwgW7YtMkl27pQNtN4mJYXRL1MwmW8FvKdj23tLnLW52ZMbx4jgG16VxW6VX2btn4kW5F71ny8Mq7kVW36mXC84PmxBgf5l-hhv04\" target=\"_blank\" rel=\"noopener\" data-saferedirecturl=\"https:\/\/www.google.com\/url?hl=fr-CA&amp;q=https:\/\/info.cargo-montreal.ca\/e3t\/Ctc\/ZU%2B113\/d11nbd04\/VWd01T8FbThnW4wRYl72W_8mwW6tdK5Q5ygJ9LN7bK2-T5kvg8W6N1X8z6lZ3nWW8xSqn27kd7jsW2XCcBT76ZK95W1ck7jH5584JCW7nw7Lq2qRvMYW6YZKnK3HQvhGW8V206h8Zss3LW32D1MJ63zyM3W6m8GGt60BNrsW944V4N1m_t_qW85x18J6XLdmbW3jbDsR3K-CMHW81rnLF1-B3kXW3W7kDQ6S55V0W633Vng5tts4DW4Mf89T8Sb6DhW1nNJxH94WHyXW3Fgpp-6m1X5_W5Pfym05k1VPzW7C9k8S1r3-X0VnFNWx1G5MHYW4V-CfY9gRLsMV9ZJlc2xVKJSW8_SLy92DZfCwV6VZ315jpx1xW4CCTRj1qQJyQW3fFZjf30md0nVMyM7-6TFRjQW8-zTd_4y2HyWN5rv0LK1JMrwW59kwb92rtbGKW6DFgxN2myCwgW7YtMkl27pQNtN4mJYXRL1MwmW8FvKdj23tLnLW52ZMbx4jgG16VxW6VX2btn4kW5F71ny8Mq7kVW36mXC84PmxBgf5l-hhv04&amp;source=gmail&amp;ust=1751072463753000&amp;usg=AOvVaw3S6UdkBAy2O3d5Cl_R-fp6\">Pour lire le communiqu\u00e9<\/a><\/p>\r\n<p align=\"justify\">Source et photo\u00a0: Logistec<\/p>","protected":false},"excerpt":{"rendered":"Logistec\u00a0annon\u00e7ait, le 12 juin dernier, la certification de trois terminaux additionnels dans le cadre du programme environnemental de l&rsquo;Alliance verte\u00a0: deux terminaux de\u00a0Cleveland de\u00a0vrac et de marchandises g\u00e9n\u00e9rales, et\u00a0MtlLINK, \u00e0 Montr\u00e9al. Cette \u00e9tape importante porte \u00e0 30 le nombre total de terminaux certifi\u00e9s de Logistec, \u00e9tablissant une nouvelle r\u00e9f\u00e9rence dans l&rsquo;industrie en mati\u00e8re de leadership [&hellip;]","protected":false},"author":39,"featured_media":18574,"comment_status":"closed","ping_status":"closed","sticky":false,"template":"","format":"standard","meta":{"_acf_changed":false,"footnotes":""},"categories":[20],"tags":[],"class_list":["post-18592","post","type-post","status-publish","format-standard","has-post-thumbnail","hentry","category-services-logistiques"],"acf":[],"yoast_head":"<!-- This site is optimized with the Yoast SEO plugin v27.3 - https:\/\/yoast.com\/product\/yoast-seo-wordpress\/ -->\n<title>Logistec : 30 terminaux certifi\u00e9s par l\u2019Alliance verte - CargoM<\/title>\n<meta name=\"robots\" content=\"index, follow, max-snippet:-1, max-image-preview:large, max-video-preview:-1\" \/>\n<link rel=\"canonical\" href=\"https:\/\/www.cargo-montreal.ca\/fr\/logistec-30-terminaux-certifies-par-lalliance-verte\/\" \/>\n<meta property=\"og:locale\" content=\"fr_FR\" \/>\n<meta property=\"og:type\" content=\"article\" \/>\n<meta property=\"og:title\" content=\"Logistec : 30 terminaux certifi\u00e9s par l\u2019Alliance verte - CargoM\" \/>\n<meta property=\"og:description\" content=\"Logistec\u00a0annon\u00e7ait, le 12 juin dernier, la certification de trois terminaux additionnels dans le cadre du programme environnemental de l&rsquo;Alliance verte\u00a0: deux terminaux de\u00a0Cleveland de\u00a0vrac et de marchandises g\u00e9n\u00e9rales, et\u00a0MtlLINK, \u00e0 Montr\u00e9al. Cette \u00e9tape importante porte \u00e0 30 le nombre total de terminaux certifi\u00e9s de Logistec, \u00e9tablissant une nouvelle r\u00e9f\u00e9rence dans l&rsquo;industrie en mati\u00e8re de leadership [&hellip;]\" \/>\n<meta property=\"og:url\" content=\"https:\/\/www.cargo-montreal.ca\/fr\/logistec-30-terminaux-certifies-par-lalliance-verte\/\" \/>\n<meta property=\"og:site_name\" content=\"CargoM\" \/>\n<meta property=\"article:published_time\" content=\"2025-06-27T01:02:53+00:00\" \/>\n<meta property=\"article:modified_time\" content=\"2025-06-27T01:07:08+00:00\" \/>\n<meta property=\"og:image\" content=\"https:\/\/www.cargo-montreal.ca\/wp-content\/uploads\/2025\/06\/Logistec-et-Alliance-verte-1.png\" \/>\n\t<meta property=\"og:image:width\" content=\"1089\" \/>\n\t<meta property=\"og:image:height\" content=\"795\" \/>\n\t<meta property=\"og:image:type\" content=\"image\/png\" \/>\n<meta name=\"author\" content=\"Karine Dudognon\" \/>\n<meta name=\"twitter:card\" content=\"summary_large_image\" \/>\n<meta name=\"twitter:label1\" content=\"\u00c9crit par\" \/>\n\t<meta name=\"twitter:data1\" content=\"Karine Dudognon\" \/>\n\t<meta name=\"twitter:label2\" content=\"Dur\u00e9e de lecture estim\u00e9e\" \/>\n\t<meta name=\"twitter:data2\" content=\"1 minute\" \/>\n<script type=\"application\/ld+json\" class=\"yoast-schema-graph\">{\"@context\":\"https:\\\/\\\/schema.org\",\"@graph\":[{\"@type\":\"Article\",\"@id\":\"https:\\\/\\\/www.cargo-montreal.ca\\\/fr\\\/logistec-30-terminaux-certifies-par-lalliance-verte\\\/#article\",\"isPartOf\":{\"@id\":\"https:\\\/\\\/www.cargo-montreal.ca\\\/fr\\\/logistec-30-terminaux-certifies-par-lalliance-verte\\\/\"},\"author\":{\"name\":\"Karine Dudognon\",\"@id\":\"https:\\\/\\\/www.cargo-montreal.ca\\\/fr\\\/#\\\/schema\\\/person\\\/80476d173ce654813db9fd1533901365\"},\"headline\":\"Logistec : 30 terminaux certifi\u00e9s par l\u2019Alliance verte\",\"datePublished\":\"2025-06-27T01:02:53+00:00\",\"dateModified\":\"2025-06-27T01:07:08+00:00\",\"mainEntityOfPage\":{\"@id\":\"https:\\\/\\\/www.cargo-montreal.ca\\\/fr\\\/logistec-30-terminaux-certifies-par-lalliance-verte\\\/\"},\"wordCount\":157,\"image\":{\"@id\":\"https:\\\/\\\/www.cargo-montreal.ca\\\/fr\\\/logistec-30-terminaux-certifies-par-lalliance-verte\\\/#primaryimage\"},\"thumbnailUrl\":\"https:\\\/\\\/www.cargo-montreal.ca\\\/wp-content\\\/uploads\\\/2025\\\/06\\\/Logistec-et-Alliance-verte-1.png\",\"articleSection\":[\"Services logistiques\"],\"inLanguage\":\"fr-FR\"},{\"@type\":\"WebPage\",\"@id\":\"https:\\\/\\\/www.cargo-montreal.ca\\\/fr\\\/logistec-30-terminaux-certifies-par-lalliance-verte\\\/\",\"url\":\"https:\\\/\\\/www.cargo-montreal.ca\\\/fr\\\/logistec-30-terminaux-certifies-par-lalliance-verte\\\/\",\"name\":\"Logistec : 30 terminaux certifi\u00e9s par l\u2019Alliance verte - CargoM\",\"isPartOf\":{\"@id\":\"https:\\\/\\\/www.cargo-montreal.ca\\\/fr\\\/#website\"},\"primaryImageOfPage\":{\"@id\":\"https:\\\/\\\/www.cargo-montreal.ca\\\/fr\\\/logistec-30-terminaux-certifies-par-lalliance-verte\\\/#primaryimage\"},\"image\":{\"@id\":\"https:\\\/\\\/www.cargo-montreal.ca\\\/fr\\\/logistec-30-terminaux-certifies-par-lalliance-verte\\\/#primaryimage\"},\"thumbnailUrl\":\"https:\\\/\\\/www.cargo-montreal.ca\\\/wp-content\\\/uploads\\\/2025\\\/06\\\/Logistec-et-Alliance-verte-1.png\",\"datePublished\":\"2025-06-27T01:02:53+00:00\",\"dateModified\":\"2025-06-27T01:07:08+00:00\",\"author\":{\"@id\":\"https:\\\/\\\/www.cargo-montreal.ca\\\/fr\\\/#\\\/schema\\\/person\\\/80476d173ce654813db9fd1533901365\"},\"breadcrumb\":{\"@id\":\"https:\\\/\\\/www.cargo-montreal.ca\\\/fr\\\/logistec-30-terminaux-certifies-par-lalliance-verte\\\/#breadcrumb\"},\"inLanguage\":\"fr-FR\",\"potentialAction\":[{\"@type\":\"ReadAction\",\"target\":[\"https:\\\/\\\/www.cargo-montreal.ca\\\/fr\\\/logistec-30-terminaux-certifies-par-lalliance-verte\\\/\"]}]},{\"@type\":\"ImageObject\",\"inLanguage\":\"fr-FR\",\"@id\":\"https:\\\/\\\/www.cargo-montreal.ca\\\/fr\\\/logistec-30-terminaux-certifies-par-lalliance-verte\\\/#primaryimage\",\"url\":\"https:\\\/\\\/www.cargo-montreal.ca\\\/wp-content\\\/uploads\\\/2025\\\/06\\\/Logistec-et-Alliance-verte-1.png\",\"contentUrl\":\"https:\\\/\\\/www.cargo-montreal.ca\\\/wp-content\\\/uploads\\\/2025\\\/06\\\/Logistec-et-Alliance-verte-1.png\",\"width\":1089,\"height\":795},{\"@type\":\"BreadcrumbList\",\"@id\":\"https:\\\/\\\/www.cargo-montreal.ca\\\/fr\\\/logistec-30-terminaux-certifies-par-lalliance-verte\\\/#breadcrumb\",\"itemListElement\":[{\"@type\":\"ListItem\",\"position\":1,\"name\":\"Home\",\"item\":\"https:\\\/\\\/www.cargo-montreal.ca\\\/fr\\\/\"},{\"@type\":\"ListItem\",\"position\":2,\"name\":\"Logistec : 30 terminaux certifi\u00e9s par l\u2019Alliance verte\"}]},{\"@type\":\"WebSite\",\"@id\":\"https:\\\/\\\/www.cargo-montreal.ca\\\/fr\\\/#website\",\"url\":\"https:\\\/\\\/www.cargo-montreal.ca\\\/fr\\\/\",\"name\":\"CargoM\",\"description\":\"La mission de CargoM: Rassembler les acteurs de la logistique &amp; du transport de marchandises du Grand Montr\u00e9al autour d&#039;objectifs communs, d&#039;actions concert\u00e9es\",\"potentialAction\":[{\"@type\":\"SearchAction\",\"target\":{\"@type\":\"EntryPoint\",\"urlTemplate\":\"https:\\\/\\\/www.cargo-montreal.ca\\\/fr\\\/?s={search_term_string}\"},\"query-input\":{\"@type\":\"PropertyValueSpecification\",\"valueRequired\":true,\"valueName\":\"search_term_string\"}}],\"inLanguage\":\"fr-FR\"},{\"@type\":\"Person\",\"@id\":\"https:\\\/\\\/www.cargo-montreal.ca\\\/fr\\\/#\\\/schema\\\/person\\\/80476d173ce654813db9fd1533901365\",\"name\":\"Karine Dudognon\",\"image\":{\"@type\":\"ImageObject\",\"inLanguage\":\"fr-FR\",\"@id\":\"https:\\\/\\\/secure.gravatar.com\\\/avatar\\\/673bdfb703a9b6685a88bc7dfb04a9ea2b48b30e9d1663a5e759a4e9bfa3e2c0?s=96&d=mm&r=g\",\"url\":\"https:\\\/\\\/secure.gravatar.com\\\/avatar\\\/673bdfb703a9b6685a88bc7dfb04a9ea2b48b30e9d1663a5e759a4e9bfa3e2c0?s=96&d=mm&r=g\",\"contentUrl\":\"https:\\\/\\\/secure.gravatar.com\\\/avatar\\\/673bdfb703a9b6685a88bc7dfb04a9ea2b48b30e9d1663a5e759a4e9bfa3e2c0?s=96&d=mm&r=g\",\"caption\":\"Karine Dudognon\"},\"url\":\"https:\\\/\\\/www.cargo-montreal.ca\\\/fr\\\/author\\\/karine\\\/\"}]}<\/script>\n<!-- \/ Yoast SEO plugin. -->","yoast_head_json":{"title":"Logistec : 30 terminaux certifi\u00e9s par l\u2019Alliance verte - CargoM","robots":{"index":"index","follow":"follow","max-snippet":"max-snippet:-1","max-image-preview":"max-image-preview:large","max-video-preview":"max-video-preview:-1"},"canonical":"https:\/\/www.cargo-montreal.ca\/fr\/logistec-30-terminaux-certifies-par-lalliance-verte\/","og_locale":"fr_FR","og_type":"article","og_title":"Logistec : 30 terminaux certifi\u00e9s par l\u2019Alliance verte - CargoM","og_description":"Logistec\u00a0annon\u00e7ait, le 12 juin dernier, la certification de trois terminaux additionnels dans le cadre du programme environnemental de l&rsquo;Alliance verte\u00a0: deux terminaux de\u00a0Cleveland de\u00a0vrac et de marchandises g\u00e9n\u00e9rales, et\u00a0MtlLINK, \u00e0 Montr\u00e9al. Cette \u00e9tape importante porte \u00e0 30 le nombre total de terminaux certifi\u00e9s de Logistec, \u00e9tablissant une nouvelle r\u00e9f\u00e9rence dans l&rsquo;industrie en mati\u00e8re de leadership [&hellip;]","og_url":"https:\/\/www.cargo-montreal.ca\/fr\/logistec-30-terminaux-certifies-par-lalliance-verte\/","og_site_name":"CargoM","article_published_time":"2025-06-27T01:02:53+00:00","article_modified_time":"2025-06-27T01:07:08+00:00","og_image":[{"width":1089,"height":795,"url":"https:\/\/www.cargo-montreal.ca\/wp-content\/uploads\/2025\/06\/Logistec-et-Alliance-verte-1.png","type":"image\/png"}],"author":"Karine Dudognon","twitter_card":"summary_large_image","twitter_misc":{"\u00c9crit par":"Karine Dudognon","Dur\u00e9e de lecture estim\u00e9e":"1 minute"},"schema":{"@context":"https:\/\/schema.org","@graph":[{"@type":"Article","@id":"https:\/\/www.cargo-montreal.ca\/fr\/logistec-30-terminaux-certifies-par-lalliance-verte\/#article","isPartOf":{"@id":"https:\/\/www.cargo-montreal.ca\/fr\/logistec-30-terminaux-certifies-par-lalliance-verte\/"},"author":{"name":"Karine Dudognon","@id":"https:\/\/www.cargo-montreal.ca\/fr\/#\/schema\/person\/80476d173ce654813db9fd1533901365"},"headline":"Logistec : 30 terminaux certifi\u00e9s par l\u2019Alliance verte","datePublished":"2025-06-27T01:02:53+00:00","dateModified":"2025-06-27T01:07:08+00:00","mainEntityOfPage":{"@id":"https:\/\/www.cargo-montreal.ca\/fr\/logistec-30-terminaux-certifies-par-lalliance-verte\/"},"wordCount":157,"image":{"@id":"https:\/\/www.cargo-montreal.ca\/fr\/logistec-30-terminaux-certifies-par-lalliance-verte\/#primaryimage"},"thumbnailUrl":"https:\/\/www.cargo-montreal.ca\/wp-content\/uploads\/2025\/06\/Logistec-et-Alliance-verte-1.png","articleSection":["Services logistiques"],"inLanguage":"fr-FR"},{"@type":"WebPage","@id":"https:\/\/www.cargo-montreal.ca\/fr\/logistec-30-terminaux-certifies-par-lalliance-verte\/","url":"https:\/\/www.cargo-montreal.ca\/fr\/logistec-30-terminaux-certifies-par-lalliance-verte\/","name":"Logistec : 30 terminaux certifi\u00e9s par l\u2019Alliance verte - CargoM","isPartOf":{"@id":"https:\/\/www.cargo-montreal.ca\/fr\/#website"},"primaryImageOfPage":{"@id":"https:\/\/www.cargo-montreal.ca\/fr\/logistec-30-terminaux-certifies-par-lalliance-verte\/#primaryimage"},"image":{"@id":"https:\/\/www.cargo-montreal.ca\/fr\/logistec-30-terminaux-certifies-par-lalliance-verte\/#primaryimage"},"thumbnailUrl":"https:\/\/www.cargo-montreal.ca\/wp-content\/uploads\/2025\/06\/Logistec-et-Alliance-verte-1.png","datePublished":"2025-06-27T01:02:53+00:00","dateModified":"2025-06-27T01:07:08+00:00","author":{"@id":"https:\/\/www.cargo-montreal.ca\/fr\/#\/schema\/person\/80476d173ce654813db9fd1533901365"},"breadcrumb":{"@id":"https:\/\/www.cargo-montreal.ca\/fr\/logistec-30-terminaux-certifies-par-lalliance-verte\/#breadcrumb"},"inLanguage":"fr-FR","potentialAction":[{"@type":"ReadAction","target":["https:\/\/www.cargo-montreal.ca\/fr\/logistec-30-terminaux-certifies-par-lalliance-verte\/"]}]},{"@type":"ImageObject","inLanguage":"fr-FR","@id":"https:\/\/www.cargo-montreal.ca\/fr\/logistec-30-terminaux-certifies-par-lalliance-verte\/#primaryimage","url":"https:\/\/www.cargo-montreal.ca\/wp-content\/uploads\/2025\/06\/Logistec-et-Alliance-verte-1.png","contentUrl":"https:\/\/www.cargo-montreal.ca\/wp-content\/uploads\/2025\/06\/Logistec-et-Alliance-verte-1.png","width":1089,"height":795},{"@type":"BreadcrumbList","@id":"https:\/\/www.cargo-montreal.ca\/fr\/logistec-30-terminaux-certifies-par-lalliance-verte\/#breadcrumb","itemListElement":[{"@type":"ListItem","position":1,"name":"Home","item":"https:\/\/www.cargo-montreal.ca\/fr\/"},{"@type":"ListItem","position":2,"name":"Logistec : 30 terminaux certifi\u00e9s par l\u2019Alliance verte"}]},{"@type":"WebSite","@id":"https:\/\/www.cargo-montreal.ca\/fr\/#website","url":"https:\/\/www.cargo-montreal.ca\/fr\/","name":"CargoM","description":"La mission de CargoM: Rassembler les acteurs de la logistique &amp; du transport de marchandises du Grand Montr\u00e9al autour d&#039;objectifs communs, d&#039;actions concert\u00e9es","potentialAction":[{"@type":"SearchAction","target":{"@type":"EntryPoint","urlTemplate":"https:\/\/www.cargo-montreal.ca\/fr\/?s={search_term_string}"},"query-input":{"@type":"PropertyValueSpecification","valueRequired":true,"valueName":"search_term_string"}}],"inLanguage":"fr-FR"},{"@type":"Person","@id":"https:\/\/www.cargo-montreal.ca\/fr\/#\/schema\/person\/80476d173ce654813db9fd1533901365","name":"Karine Dudognon","image":{"@type":"ImageObject","inLanguage":"fr-FR","@id":"https:\/\/secure.gravatar.com\/avatar\/673bdfb703a9b6685a88bc7dfb04a9ea2b48b30e9d1663a5e759a4e9bfa3e2c0?s=96&d=mm&r=g","url":"https:\/\/secure.gravatar.com\/avatar\/673bdfb703a9b6685a88bc7dfb04a9ea2b48b30e9d1663a5e759a4e9bfa3e2c0?s=96&d=mm&r=g","contentUrl":"https:\/\/secure.gravatar.com\/avatar\/673bdfb703a9b6685a88bc7dfb04a9ea2b48b30e9d1663a5e759a4e9bfa3e2c0?s=96&d=mm&r=g","caption":"Karine Dudognon"},"url":"https:\/\/www.cargo-montreal.ca\/fr\/author\/karine\/"}]}},"_links":{"self":[{"href":"https:\/\/www.cargo-montreal.ca\/fr\/wp-json\/wp\/v2\/posts\/18592","targetHints":{"allow":["GET"]}}],"collection":[{"href":"https:\/\/www.cargo-montreal.ca\/fr\/wp-json\/wp\/v2\/posts"}],"about":[{"href":"https:\/\/www.cargo-montreal.ca\/fr\/wp-json\/wp\/v2\/types\/post"}],"author":[{"embeddable":true,"href":"https:\/\/www.cargo-montreal.ca\/fr\/wp-json\/wp\/v2\/users\/39"}],"replies":[{"embeddable":true,"href":"https:\/\/www.cargo-montreal.ca\/fr\/wp-json\/wp\/v2\/comments?post=18592"}],"version-history":[{"count":1,"href":"https:\/\/www.cargo-montreal.ca\/fr\/wp-json\/wp\/v2\/posts\/18592\/revisions"}],"predecessor-version":[{"id":18593,"href":"https:\/\/www.cargo-montreal.ca\/fr\/wp-json\/wp\/v2\/posts\/18592\/revisions\/18593"}],"wp:featuredmedia":[{"embeddable":true,"href":"https:\/\/www.cargo-montreal.ca\/fr\/wp-json\/wp\/v2\/media\/18574"}],"wp:attachment":[{"href":"https:\/\/www.cargo-montreal.ca\/fr\/wp-json\/wp\/v2\/media?parent=18592"}],"wp:term":[{"taxonomy":"category","embeddable":true,"href":"https:\/\/www.cargo-montreal.ca\/fr\/wp-json\/wp\/v2\/categories?post=18592"},{"taxonomy":"post_tag","embeddable":true,"href":"https:\/\/www.cargo-montreal.ca\/fr\/wp-json\/wp\/v2\/tags?post=18592"}],"curies":[{"name":"wp","href":"https:\/\/api.w.org\/{rel}","templated":true}]}}