{"id":18594,"date":"2025-06-27T01:08:35","date_gmt":"2025-06-27T01:08:35","guid":{"rendered":"https:\/\/www.cargo-montreal.ca\/?p=18594"},"modified":"2025-06-27T01:08:35","modified_gmt":"2025-06-27T01:08:35","slug":"bilan-de-mi-annee-et-reconnaissance-de-lalliance-verte-pour-lapm","status":"publish","type":"post","link":"https:\/\/www.cargo-montreal.ca\/fr\/bilan-de-mi-annee-et-reconnaissance-de-lalliance-verte-pour-lapm\/","title":{"rendered":"Bilan de mi-ann\u00e9e et reconnaissance de l\u2019Alliance verte pour l&rsquo;APM"},"content":{"rendered":"<p align=\"justify\">En marge d\u2019une allocution prononc\u00e9e le 16 juin dernier au Cercle canadien de Montr\u00e9al, la pr\u00e9sidente-directrice g\u00e9n\u00e9rale de l\u2019Administration portuaire de Montr\u00e9al (APM), Julie Gascon, d\u00e9voilait le bilan de mi-ann\u00e9e\u00a02025.<\/p>\r\n<p align=\"justify\">Dans un contexte \u00e9conomique incertain, l\u2019APM confirme sa capacit\u00e9 d\u2019adaptation et son r\u00f4le strat\u00e9gique au service du commerce du Qu\u00e9bec et du Canada, avec entre autres une diversification soutenue des march\u00e9s :<br \/>\r\n<br \/>\r\n\u2705 Des partenaires commerciaux toujours plus diversifi\u00e9s;<br \/>\r\n\u2705 Une hausse des exportations vers l&rsquo;Asie, l&rsquo;Europe, l&rsquo;Afrique et l&rsquo;Am\u00e9rique latine;<br \/>\r\n\u2705 Une forte croissance pour plusieurs types de marchandises, du grain \u00e0 l\u2019aluminium, en passant par les fruits et les produits pharmaceutiques.<br \/>\r\n<br \/>\r\n<a href=\"https:\/\/info.cargo-montreal.ca\/e3t\/Ctc\/ZU+113\/d11nbd04\/VWd01T8FbThnW4wRYl72W_8mwW6tdK5Q5ygJ9LN7bK2-g5kvg8W5BWr2F6lZ3mdW1BNS_d1QPltwW90TyYZ5FKBQnW53053w3c0DNrW6c1HFY4nQnbxW5hpMs-8PZ4WXW4dvcG23FFYdDW6LYVh44JY_YSW6LSvnX969V5wW2GWGd09bnHlMN1b9HwTWBpg0W54pDbm3HKk86VGx68t1RSX7nW2JXvzf8Hc2PVMfHZcDkmRFDW5Q7-X07xRVDfW1L2fcd14KVB3N4kPbbXTNjLXW5-SsXY6S437TW2nN3_87Hg91VN8TxSK5Xp437W8JB33W24hJ3tW5nflbj89nYvqW7W2wMf5QpCQBW7QNB0p49gBy8W4xrL6W8qCL0FW19dvrz471gXDW7jccr-5LqMv-W40jG3_5FNzQNW2KyjmV8zjRM0W3CRH5-7d2r1bW3kl5NW7z5txJW3GjwWn2jHbyGW61mdp41sNWQ1N2MZF3c1dpg5f7zvCd804\" target=\"_blank\" rel=\"noopener\" data-saferedirecturl=\"https:\/\/www.google.com\/url?hl=fr-CA&amp;q=https:\/\/info.cargo-montreal.ca\/e3t\/Ctc\/ZU%2B113\/d11nbd04\/VWd01T8FbThnW4wRYl72W_8mwW6tdK5Q5ygJ9LN7bK2-g5kvg8W5BWr2F6lZ3mdW1BNS_d1QPltwW90TyYZ5FKBQnW53053w3c0DNrW6c1HFY4nQnbxW5hpMs-8PZ4WXW4dvcG23FFYdDW6LYVh44JY_YSW6LSvnX969V5wW2GWGd09bnHlMN1b9HwTWBpg0W54pDbm3HKk86VGx68t1RSX7nW2JXvzf8Hc2PVMfHZcDkmRFDW5Q7-X07xRVDfW1L2fcd14KVB3N4kPbbXTNjLXW5-SsXY6S437TW2nN3_87Hg91VN8TxSK5Xp437W8JB33W24hJ3tW5nflbj89nYvqW7W2wMf5QpCQBW7QNB0p49gBy8W4xrL6W8qCL0FW19dvrz471gXDW7jccr-5LqMv-W40jG3_5FNzQNW2KyjmV8zjRM0W3CRH5-7d2r1bW3kl5NW7z5txJW3GjwWn2jHbyGW61mdp41sNWQ1N2MZF3c1dpg5f7zvCd804&amp;source=gmail&amp;ust=1751072463753000&amp;usg=AOvVaw0EwfE8qgp-ZYwpvsHznm6w\">Un bilan<\/a>\u00a0marqu\u00e9 par une conjoncture \u00e9conomique mondiale complexe, mais aussi par des signaux encourageants de r\u00e9silience et de diversification.<\/p>\r\n<p align=\"justify\">Autre bonne nouvelle concernant l\u2019APM qui a \u00e9t\u00e9 reconnu, pour une 18e ann\u00e9e cons\u00e9cutive, pour ses pratiques en d\u00e9veloppement durable et sa performance environnementale dans le cadre du\u00a0<a href=\"https:\/\/info.cargo-montreal.ca\/e3t\/Ctc\/ZU+113\/d11nbd04\/VWd01T8FbThnW4wRYl72W_8mwW6tdK5Q5ygJ9LN7bK2-T3lYM-W6N1vHY6lZ3q2W42JHXT7qm-C0W6DyZ4t5PyCtKW7FZtGK1Y2QgRW1v-6qG1pqqszN1g1xl0z7gRGVN6MQ_6lNGnsW5flWqg5ZmnK7W7cFS-P3tsc41W6NyDw-3-tLVFW4hxMVf7cmFcWW6TpCg495v4HJW7vjPCx3sjcV2W9lVBwm48s188VGT8p-8Fz6prW7TkQzh7f-16fW7bLWFP4mNYhZN7lwL44s7BpLW25QtZp5SxdxQW8BDWc94sXmF3W8R72pt5qgmk0W3H9Ftj171rjRN7sR8FymSG4Nf4m8LRd04\" target=\"_blank\" rel=\"noopener\" data-saferedirecturl=\"https:\/\/www.google.com\/url?hl=fr-CA&amp;q=https:\/\/info.cargo-montreal.ca\/e3t\/Ctc\/ZU%2B113\/d11nbd04\/VWd01T8FbThnW4wRYl72W_8mwW6tdK5Q5ygJ9LN7bK2-T3lYM-W6N1vHY6lZ3q2W42JHXT7qm-C0W6DyZ4t5PyCtKW7FZtGK1Y2QgRW1v-6qG1pqqszN1g1xl0z7gRGVN6MQ_6lNGnsW5flWqg5ZmnK7W7cFS-P3tsc41W6NyDw-3-tLVFW4hxMVf7cmFcWW6TpCg495v4HJW7vjPCx3sjcV2W9lVBwm48s188VGT8p-8Fz6prW7TkQzh7f-16fW7bLWFP4mNYhZN7lwL44s7BpLW25QtZp5SxdxQW8BDWc94sXmF3W8R72pt5qgmk0W3H9Ftj171rjRN7sR8FymSG4Nf4m8LRd04&amp;source=gmail&amp;ust=1751072463753000&amp;usg=AOvVaw11yPEsVorA72yaS03H9zdn\">programme de certification de l\u2019Alliance verte<\/a>, le principal r\u00e9f\u00e9rentiel environnemental de l\u2019industrie maritime nord-am\u00e9ricaine.<\/p>\r\n<p align=\"justify\"><a href=\"https:\/\/www.cargo-montreal.ca\/wp-content\/uploads\/2025\/06\/Alliance-Verte-1.png\"><img loading=\"lazy\" decoding=\"async\" class=\"size-medium wp-image-18564 aligncenter\" src=\"https:\/\/www.cargo-montreal.ca\/wp-content\/uploads\/2025\/06\/Alliance-Verte-1-300x256.png\" alt=\"\" width=\"300\" height=\"256\" srcset=\"https:\/\/www.cargo-montreal.ca\/wp-content\/uploads\/2025\/06\/Alliance-Verte-1-300x256.png 300w, https:\/\/www.cargo-montreal.ca\/wp-content\/uploads\/2025\/06\/Alliance-Verte-1-768x654.png 768w, https:\/\/www.cargo-montreal.ca\/wp-content\/uploads\/2025\/06\/Alliance-Verte-1.png 947w\" sizes=\"auto, (max-width: 300px) 100vw, 300px\" \/><\/a><\/p>\r\n<p align=\"justify\">Les r\u00e9sultats ont \u00e9t\u00e9 d\u00e9voil\u00e9s lors du congr\u00e8s annuel GreenTech, qui s\u2019est tenu du 9 au 11 juin \u00e0 La Nouvelle-Orl\u00e9ans. Parmi les 56 administrations portuaires \u00e9valu\u00e9es, l\u2019APM s\u2019est d\u00e9marqu\u00e9e en atteignant le plus haut niveau (5) dans plusieurs indicateurs de performance, notamment le leadership environnemental, la pr\u00e9vention des d\u00e9versements et les relations avec les communaut\u00e9s.<\/p>\r\n<p align=\"justify\"><a href=\"https:\/\/info.cargo-montreal.ca\/e3t\/Ctc\/ZU+113\/d11nbd04\/VWd01T8FbThnW4wRYl72W_8mwW6tdK5Q5ygJ9LN7bK2Z-5kvg8W50kH_H6lZ3l_W1jvcgd3tCn3BW67dvfl8jjD1dN5XpW4v9rgYKW96x7f-81VDFlW6Gbyt417q-F3W5HvRDH2HvN1BW6zmKRs8KqkZDV9rXlq993s_5W6vwTZr4mwRQdVmtNby1C_F6bM85-mjbSw7VW6rFXjP2qTxtPW6rPwMp3GpN3BV217LR7mNX2VW2s-H0462nqZJW38KPvZ5RfWvnN7zMHMY3N4pWW7f6q_v3_sxXjW6cZD5C4yxv8RW7rb7Wr9c_HmcW452C0X9d7hTpW6SjkgX2c6ZTgN2y92jFvWkklW1ZpV8f94X1SzW2rg8RH6PBT_6W4vJJ5Z1d5ZM7VnDHFV8f7XTqN68yZ4K5Rl5rN4f3_v_8WXJRW4QZNC73Y8VC1W4kWF4N8qkLnwW7ZQpWF2sHvzsf2WTV7v04\" target=\"_blank\" rel=\"noopener\" data-saferedirecturl=\"https:\/\/www.google.com\/url?hl=fr-CA&amp;q=https:\/\/info.cargo-montreal.ca\/e3t\/Ctc\/ZU%2B113\/d11nbd04\/VWd01T8FbThnW4wRYl72W_8mwW6tdK5Q5ygJ9LN7bK2Z-5kvg8W50kH_H6lZ3l_W1jvcgd3tCn3BW67dvfl8jjD1dN5XpW4v9rgYKW96x7f-81VDFlW6Gbyt417q-F3W5HvRDH2HvN1BW6zmKRs8KqkZDV9rXlq993s_5W6vwTZr4mwRQdVmtNby1C_F6bM85-mjbSw7VW6rFXjP2qTxtPW6rPwMp3GpN3BV217LR7mNX2VW2s-H0462nqZJW38KPvZ5RfWvnN7zMHMY3N4pWW7f6q_v3_sxXjW6cZD5C4yxv8RW7rb7Wr9c_HmcW452C0X9d7hTpW6SjkgX2c6ZTgN2y92jFvWkklW1ZpV8f94X1SzW2rg8RH6PBT_6W4vJJ5Z1d5ZM7VnDHFV8f7XTqN68yZ4K5Rl5rN4f3_v_8WXJRW4QZNC73Y8VC1W4kWF4N8qkLnwW7ZQpWF2sHvzsf2WTV7v04&amp;source=gmail&amp;ust=1751072463753000&amp;usg=AOvVaw3GgynNgf4tWFJXF9EEKxl-\">Pour en savoir plus<\/a><\/p>\r\n<p align=\"justify\">Source\u00a0: APM<\/p>","protected":false},"excerpt":{"rendered":"En marge d\u2019une allocution prononc\u00e9e le 16 juin dernier au Cercle canadien de Montr\u00e9al, la pr\u00e9sidente-directrice g\u00e9n\u00e9rale de l\u2019Administration portuaire de Montr\u00e9al (APM), Julie Gascon, d\u00e9voilait le bilan de mi-ann\u00e9e\u00a02025. Dans un contexte \u00e9conomique incertain, l\u2019APM confirme sa capacit\u00e9 d\u2019adaptation et son r\u00f4le strat\u00e9gique au service du commerce du Qu\u00e9bec et du Canada, avec entre [&hellip;]","protected":false},"author":39,"featured_media":18560,"comment_status":"closed","ping_status":"closed","sticky":false,"template":"","format":"standard","meta":{"_acf_changed":false,"footnotes":""},"categories":[20],"tags":[],"class_list":["post-18594","post","type-post","status-publish","format-standard","has-post-thumbnail","hentry","category-services-logistiques"],"acf":[],"yoast_head":"<!-- This site is optimized with the Yoast SEO plugin v27.3 - https:\/\/yoast.com\/product\/yoast-seo-wordpress\/ -->\n<title>Bilan de mi-ann\u00e9e et reconnaissance de l\u2019Alliance verte pour l&#039;APM - CargoM<\/title>\n<meta name=\"robots\" content=\"index, follow, max-snippet:-1, max-image-preview:large, max-video-preview:-1\" \/>\n<link rel=\"canonical\" href=\"https:\/\/www.cargo-montreal.ca\/fr\/bilan-de-mi-annee-et-reconnaissance-de-lalliance-verte-pour-lapm\/\" \/>\n<meta property=\"og:locale\" content=\"fr_FR\" \/>\n<meta property=\"og:type\" content=\"article\" \/>\n<meta property=\"og:title\" content=\"Bilan de mi-ann\u00e9e et reconnaissance de l\u2019Alliance verte pour l&#039;APM - CargoM\" \/>\n<meta property=\"og:description\" content=\"En marge d\u2019une allocution prononc\u00e9e le 16 juin dernier au Cercle canadien de Montr\u00e9al, la pr\u00e9sidente-directrice g\u00e9n\u00e9rale de l\u2019Administration portuaire de Montr\u00e9al (APM), Julie Gascon, d\u00e9voilait le bilan de mi-ann\u00e9e\u00a02025. Dans un contexte \u00e9conomique incertain, l\u2019APM confirme sa capacit\u00e9 d\u2019adaptation et son r\u00f4le strat\u00e9gique au service du commerce du Qu\u00e9bec et du Canada, avec entre [&hellip;]\" \/>\n<meta property=\"og:url\" content=\"https:\/\/www.cargo-montreal.ca\/fr\/bilan-de-mi-annee-et-reconnaissance-de-lalliance-verte-pour-lapm\/\" \/>\n<meta property=\"og:site_name\" content=\"CargoM\" \/>\n<meta property=\"article:published_time\" content=\"2025-06-27T01:08:35+00:00\" \/>\n<meta property=\"og:image\" content=\"https:\/\/www.cargo-montreal.ca\/wp-content\/uploads\/2025\/06\/1750099403900.jpg\" \/>\n\t<meta property=\"og:image:width\" content=\"989\" \/>\n\t<meta property=\"og:image:height\" content=\"839\" \/>\n\t<meta property=\"og:image:type\" content=\"image\/jpeg\" \/>\n<meta name=\"author\" content=\"Karine Dudognon\" \/>\n<meta name=\"twitter:card\" content=\"summary_large_image\" \/>\n<meta name=\"twitter:label1\" content=\"\u00c9crit par\" \/>\n\t<meta name=\"twitter:data1\" content=\"Karine Dudognon\" \/>\n\t<meta name=\"twitter:label2\" content=\"Dur\u00e9e de lecture estim\u00e9e\" \/>\n\t<meta name=\"twitter:data2\" content=\"2 minutes\" \/>\n<script type=\"application\/ld+json\" class=\"yoast-schema-graph\">{\"@context\":\"https:\\\/\\\/schema.org\",\"@graph\":[{\"@type\":\"Article\",\"@id\":\"https:\\\/\\\/www.cargo-montreal.ca\\\/fr\\\/bilan-de-mi-annee-et-reconnaissance-de-lalliance-verte-pour-lapm\\\/#article\",\"isPartOf\":{\"@id\":\"https:\\\/\\\/www.cargo-montreal.ca\\\/fr\\\/bilan-de-mi-annee-et-reconnaissance-de-lalliance-verte-pour-lapm\\\/\"},\"author\":{\"name\":\"Karine Dudognon\",\"@id\":\"https:\\\/\\\/www.cargo-montreal.ca\\\/fr\\\/#\\\/schema\\\/person\\\/80476d173ce654813db9fd1533901365\"},\"headline\":\"Bilan de mi-ann\u00e9e et reconnaissance de l\u2019Alliance verte pour l&rsquo;APM\",\"datePublished\":\"2025-06-27T01:08:35+00:00\",\"mainEntityOfPage\":{\"@id\":\"https:\\\/\\\/www.cargo-montreal.ca\\\/fr\\\/bilan-de-mi-annee-et-reconnaissance-de-lalliance-verte-pour-lapm\\\/\"},\"wordCount\":276,\"image\":{\"@id\":\"https:\\\/\\\/www.cargo-montreal.ca\\\/fr\\\/bilan-de-mi-annee-et-reconnaissance-de-lalliance-verte-pour-lapm\\\/#primaryimage\"},\"thumbnailUrl\":\"https:\\\/\\\/www.cargo-montreal.ca\\\/wp-content\\\/uploads\\\/2025\\\/06\\\/1750099403900.jpg\",\"articleSection\":[\"Services logistiques\"],\"inLanguage\":\"fr-FR\"},{\"@type\":\"WebPage\",\"@id\":\"https:\\\/\\\/www.cargo-montreal.ca\\\/fr\\\/bilan-de-mi-annee-et-reconnaissance-de-lalliance-verte-pour-lapm\\\/\",\"url\":\"https:\\\/\\\/www.cargo-montreal.ca\\\/fr\\\/bilan-de-mi-annee-et-reconnaissance-de-lalliance-verte-pour-lapm\\\/\",\"name\":\"Bilan de mi-ann\u00e9e et reconnaissance de l\u2019Alliance verte pour l'APM - CargoM\",\"isPartOf\":{\"@id\":\"https:\\\/\\\/www.cargo-montreal.ca\\\/fr\\\/#website\"},\"primaryImageOfPage\":{\"@id\":\"https:\\\/\\\/www.cargo-montreal.ca\\\/fr\\\/bilan-de-mi-annee-et-reconnaissance-de-lalliance-verte-pour-lapm\\\/#primaryimage\"},\"image\":{\"@id\":\"https:\\\/\\\/www.cargo-montreal.ca\\\/fr\\\/bilan-de-mi-annee-et-reconnaissance-de-lalliance-verte-pour-lapm\\\/#primaryimage\"},\"thumbnailUrl\":\"https:\\\/\\\/www.cargo-montreal.ca\\\/wp-content\\\/uploads\\\/2025\\\/06\\\/1750099403900.jpg\",\"datePublished\":\"2025-06-27T01:08:35+00:00\",\"author\":{\"@id\":\"https:\\\/\\\/www.cargo-montreal.ca\\\/fr\\\/#\\\/schema\\\/person\\\/80476d173ce654813db9fd1533901365\"},\"breadcrumb\":{\"@id\":\"https:\\\/\\\/www.cargo-montreal.ca\\\/fr\\\/bilan-de-mi-annee-et-reconnaissance-de-lalliance-verte-pour-lapm\\\/#breadcrumb\"},\"inLanguage\":\"fr-FR\",\"potentialAction\":[{\"@type\":\"ReadAction\",\"target\":[\"https:\\\/\\\/www.cargo-montreal.ca\\\/fr\\\/bilan-de-mi-annee-et-reconnaissance-de-lalliance-verte-pour-lapm\\\/\"]}]},{\"@type\":\"ImageObject\",\"inLanguage\":\"fr-FR\",\"@id\":\"https:\\\/\\\/www.cargo-montreal.ca\\\/fr\\\/bilan-de-mi-annee-et-reconnaissance-de-lalliance-verte-pour-lapm\\\/#primaryimage\",\"url\":\"https:\\\/\\\/www.cargo-montreal.ca\\\/wp-content\\\/uploads\\\/2025\\\/06\\\/1750099403900.jpg\",\"contentUrl\":\"https:\\\/\\\/www.cargo-montreal.ca\\\/wp-content\\\/uploads\\\/2025\\\/06\\\/1750099403900.jpg\",\"width\":989,\"height\":839},{\"@type\":\"BreadcrumbList\",\"@id\":\"https:\\\/\\\/www.cargo-montreal.ca\\\/fr\\\/bilan-de-mi-annee-et-reconnaissance-de-lalliance-verte-pour-lapm\\\/#breadcrumb\",\"itemListElement\":[{\"@type\":\"ListItem\",\"position\":1,\"name\":\"Home\",\"item\":\"https:\\\/\\\/www.cargo-montreal.ca\\\/fr\\\/\"},{\"@type\":\"ListItem\",\"position\":2,\"name\":\"Bilan de mi-ann\u00e9e et reconnaissance de l\u2019Alliance verte pour l&#8217;APM\"}]},{\"@type\":\"WebSite\",\"@id\":\"https:\\\/\\\/www.cargo-montreal.ca\\\/fr\\\/#website\",\"url\":\"https:\\\/\\\/www.cargo-montreal.ca\\\/fr\\\/\",\"name\":\"CargoM\",\"description\":\"La mission de CargoM: Rassembler les acteurs de la logistique &amp; du transport de marchandises du Grand Montr\u00e9al autour d&#039;objectifs communs, d&#039;actions concert\u00e9es\",\"potentialAction\":[{\"@type\":\"SearchAction\",\"target\":{\"@type\":\"EntryPoint\",\"urlTemplate\":\"https:\\\/\\\/www.cargo-montreal.ca\\\/fr\\\/?s={search_term_string}\"},\"query-input\":{\"@type\":\"PropertyValueSpecification\",\"valueRequired\":true,\"valueName\":\"search_term_string\"}}],\"inLanguage\":\"fr-FR\"},{\"@type\":\"Person\",\"@id\":\"https:\\\/\\\/www.cargo-montreal.ca\\\/fr\\\/#\\\/schema\\\/person\\\/80476d173ce654813db9fd1533901365\",\"name\":\"Karine Dudognon\",\"image\":{\"@type\":\"ImageObject\",\"inLanguage\":\"fr-FR\",\"@id\":\"https:\\\/\\\/secure.gravatar.com\\\/avatar\\\/673bdfb703a9b6685a88bc7dfb04a9ea2b48b30e9d1663a5e759a4e9bfa3e2c0?s=96&d=mm&r=g\",\"url\":\"https:\\\/\\\/secure.gravatar.com\\\/avatar\\\/673bdfb703a9b6685a88bc7dfb04a9ea2b48b30e9d1663a5e759a4e9bfa3e2c0?s=96&d=mm&r=g\",\"contentUrl\":\"https:\\\/\\\/secure.gravatar.com\\\/avatar\\\/673bdfb703a9b6685a88bc7dfb04a9ea2b48b30e9d1663a5e759a4e9bfa3e2c0?s=96&d=mm&r=g\",\"caption\":\"Karine Dudognon\"},\"url\":\"https:\\\/\\\/www.cargo-montreal.ca\\\/fr\\\/author\\\/karine\\\/\"}]}<\/script>\n<!-- \/ Yoast SEO plugin. -->","yoast_head_json":{"title":"Bilan de mi-ann\u00e9e et reconnaissance de l\u2019Alliance verte pour l'APM - CargoM","robots":{"index":"index","follow":"follow","max-snippet":"max-snippet:-1","max-image-preview":"max-image-preview:large","max-video-preview":"max-video-preview:-1"},"canonical":"https:\/\/www.cargo-montreal.ca\/fr\/bilan-de-mi-annee-et-reconnaissance-de-lalliance-verte-pour-lapm\/","og_locale":"fr_FR","og_type":"article","og_title":"Bilan de mi-ann\u00e9e et reconnaissance de l\u2019Alliance verte pour l'APM - CargoM","og_description":"En marge d\u2019une allocution prononc\u00e9e le 16 juin dernier au Cercle canadien de Montr\u00e9al, la pr\u00e9sidente-directrice g\u00e9n\u00e9rale de l\u2019Administration portuaire de Montr\u00e9al (APM), Julie Gascon, d\u00e9voilait le bilan de mi-ann\u00e9e\u00a02025. Dans un contexte \u00e9conomique incertain, l\u2019APM confirme sa capacit\u00e9 d\u2019adaptation et son r\u00f4le strat\u00e9gique au service du commerce du Qu\u00e9bec et du Canada, avec entre [&hellip;]","og_url":"https:\/\/www.cargo-montreal.ca\/fr\/bilan-de-mi-annee-et-reconnaissance-de-lalliance-verte-pour-lapm\/","og_site_name":"CargoM","article_published_time":"2025-06-27T01:08:35+00:00","og_image":[{"width":989,"height":839,"url":"https:\/\/www.cargo-montreal.ca\/wp-content\/uploads\/2025\/06\/1750099403900.jpg","type":"image\/jpeg"}],"author":"Karine Dudognon","twitter_card":"summary_large_image","twitter_misc":{"\u00c9crit par":"Karine Dudognon","Dur\u00e9e de lecture estim\u00e9e":"2 minutes"},"schema":{"@context":"https:\/\/schema.org","@graph":[{"@type":"Article","@id":"https:\/\/www.cargo-montreal.ca\/fr\/bilan-de-mi-annee-et-reconnaissance-de-lalliance-verte-pour-lapm\/#article","isPartOf":{"@id":"https:\/\/www.cargo-montreal.ca\/fr\/bilan-de-mi-annee-et-reconnaissance-de-lalliance-verte-pour-lapm\/"},"author":{"name":"Karine Dudognon","@id":"https:\/\/www.cargo-montreal.ca\/fr\/#\/schema\/person\/80476d173ce654813db9fd1533901365"},"headline":"Bilan de mi-ann\u00e9e et reconnaissance de l\u2019Alliance verte pour l&rsquo;APM","datePublished":"2025-06-27T01:08:35+00:00","mainEntityOfPage":{"@id":"https:\/\/www.cargo-montreal.ca\/fr\/bilan-de-mi-annee-et-reconnaissance-de-lalliance-verte-pour-lapm\/"},"wordCount":276,"image":{"@id":"https:\/\/www.cargo-montreal.ca\/fr\/bilan-de-mi-annee-et-reconnaissance-de-lalliance-verte-pour-lapm\/#primaryimage"},"thumbnailUrl":"https:\/\/www.cargo-montreal.ca\/wp-content\/uploads\/2025\/06\/1750099403900.jpg","articleSection":["Services logistiques"],"inLanguage":"fr-FR"},{"@type":"WebPage","@id":"https:\/\/www.cargo-montreal.ca\/fr\/bilan-de-mi-annee-et-reconnaissance-de-lalliance-verte-pour-lapm\/","url":"https:\/\/www.cargo-montreal.ca\/fr\/bilan-de-mi-annee-et-reconnaissance-de-lalliance-verte-pour-lapm\/","name":"Bilan de mi-ann\u00e9e et reconnaissance de l\u2019Alliance verte pour l'APM - CargoM","isPartOf":{"@id":"https:\/\/www.cargo-montreal.ca\/fr\/#website"},"primaryImageOfPage":{"@id":"https:\/\/www.cargo-montreal.ca\/fr\/bilan-de-mi-annee-et-reconnaissance-de-lalliance-verte-pour-lapm\/#primaryimage"},"image":{"@id":"https:\/\/www.cargo-montreal.ca\/fr\/bilan-de-mi-annee-et-reconnaissance-de-lalliance-verte-pour-lapm\/#primaryimage"},"thumbnailUrl":"https:\/\/www.cargo-montreal.ca\/wp-content\/uploads\/2025\/06\/1750099403900.jpg","datePublished":"2025-06-27T01:08:35+00:00","author":{"@id":"https:\/\/www.cargo-montreal.ca\/fr\/#\/schema\/person\/80476d173ce654813db9fd1533901365"},"breadcrumb":{"@id":"https:\/\/www.cargo-montreal.ca\/fr\/bilan-de-mi-annee-et-reconnaissance-de-lalliance-verte-pour-lapm\/#breadcrumb"},"inLanguage":"fr-FR","potentialAction":[{"@type":"ReadAction","target":["https:\/\/www.cargo-montreal.ca\/fr\/bilan-de-mi-annee-et-reconnaissance-de-lalliance-verte-pour-lapm\/"]}]},{"@type":"ImageObject","inLanguage":"fr-FR","@id":"https:\/\/www.cargo-montreal.ca\/fr\/bilan-de-mi-annee-et-reconnaissance-de-lalliance-verte-pour-lapm\/#primaryimage","url":"https:\/\/www.cargo-montreal.ca\/wp-content\/uploads\/2025\/06\/1750099403900.jpg","contentUrl":"https:\/\/www.cargo-montreal.ca\/wp-content\/uploads\/2025\/06\/1750099403900.jpg","width":989,"height":839},{"@type":"BreadcrumbList","@id":"https:\/\/www.cargo-montreal.ca\/fr\/bilan-de-mi-annee-et-reconnaissance-de-lalliance-verte-pour-lapm\/#breadcrumb","itemListElement":[{"@type":"ListItem","position":1,"name":"Home","item":"https:\/\/www.cargo-montreal.ca\/fr\/"},{"@type":"ListItem","position":2,"name":"Bilan de mi-ann\u00e9e et reconnaissance de l\u2019Alliance verte pour l&#8217;APM"}]},{"@type":"WebSite","@id":"https:\/\/www.cargo-montreal.ca\/fr\/#website","url":"https:\/\/www.cargo-montreal.ca\/fr\/","name":"CargoM","description":"La mission de CargoM: Rassembler les acteurs de la logistique &amp; du transport de marchandises du Grand Montr\u00e9al autour d&#039;objectifs communs, d&#039;actions concert\u00e9es","potentialAction":[{"@type":"SearchAction","target":{"@type":"EntryPoint","urlTemplate":"https:\/\/www.cargo-montreal.ca\/fr\/?s={search_term_string}"},"query-input":{"@type":"PropertyValueSpecification","valueRequired":true,"valueName":"search_term_string"}}],"inLanguage":"fr-FR"},{"@type":"Person","@id":"https:\/\/www.cargo-montreal.ca\/fr\/#\/schema\/person\/80476d173ce654813db9fd1533901365","name":"Karine Dudognon","image":{"@type":"ImageObject","inLanguage":"fr-FR","@id":"https:\/\/secure.gravatar.com\/avatar\/673bdfb703a9b6685a88bc7dfb04a9ea2b48b30e9d1663a5e759a4e9bfa3e2c0?s=96&d=mm&r=g","url":"https:\/\/secure.gravatar.com\/avatar\/673bdfb703a9b6685a88bc7dfb04a9ea2b48b30e9d1663a5e759a4e9bfa3e2c0?s=96&d=mm&r=g","contentUrl":"https:\/\/secure.gravatar.com\/avatar\/673bdfb703a9b6685a88bc7dfb04a9ea2b48b30e9d1663a5e759a4e9bfa3e2c0?s=96&d=mm&r=g","caption":"Karine Dudognon"},"url":"https:\/\/www.cargo-montreal.ca\/fr\/author\/karine\/"}]}},"_links":{"self":[{"href":"https:\/\/www.cargo-montreal.ca\/fr\/wp-json\/wp\/v2\/posts\/18594","targetHints":{"allow":["GET"]}}],"collection":[{"href":"https:\/\/www.cargo-montreal.ca\/fr\/wp-json\/wp\/v2\/posts"}],"about":[{"href":"https:\/\/www.cargo-montreal.ca\/fr\/wp-json\/wp\/v2\/types\/post"}],"author":[{"embeddable":true,"href":"https:\/\/www.cargo-montreal.ca\/fr\/wp-json\/wp\/v2\/users\/39"}],"replies":[{"embeddable":true,"href":"https:\/\/www.cargo-montreal.ca\/fr\/wp-json\/wp\/v2\/comments?post=18594"}],"version-history":[{"count":1,"href":"https:\/\/www.cargo-montreal.ca\/fr\/wp-json\/wp\/v2\/posts\/18594\/revisions"}],"predecessor-version":[{"id":18595,"href":"https:\/\/www.cargo-montreal.ca\/fr\/wp-json\/wp\/v2\/posts\/18594\/revisions\/18595"}],"wp:featuredmedia":[{"embeddable":true,"href":"https:\/\/www.cargo-montreal.ca\/fr\/wp-json\/wp\/v2\/media\/18560"}],"wp:attachment":[{"href":"https:\/\/www.cargo-montreal.ca\/fr\/wp-json\/wp\/v2\/media?parent=18594"}],"wp:term":[{"taxonomy":"category","embeddable":true,"href":"https:\/\/www.cargo-montreal.ca\/fr\/wp-json\/wp\/v2\/categories?post=18594"},{"taxonomy":"post_tag","embeddable":true,"href":"https:\/\/www.cargo-montreal.ca\/fr\/wp-json\/wp\/v2\/tags?post=18594"}],"curies":[{"name":"wp","href":"https:\/\/api.w.org\/{rel}","templated":true}]}}